{"id":4073,"date":"2023-03-25T13:32:38","date_gmt":"2023-03-25T13:32:38","guid":{"rendered":"https:\/\/realidadturistica.com\/realtur\/?p=4073"},"modified":"2023-03-25T13:32:38","modified_gmt":"2023-03-25T13:32:38","slug":"con-la-visita-del-fascinosa-costa-aumenta-su-oferta-para-la-temporada-2023-2024-en-sudamerica","status":"publish","type":"post","link":"https:\/\/realidadturistica.com\/realtur\/con-la-visita-del-fascinosa-costa-aumenta-su-oferta-para-la-temporada-2023-2024-en-sudamerica\/","title":{"rendered":"Con la visita del Fascinosa, Costa aumenta su oferta para la temporada 2023\/2024 en Sudam\u00e9rica"},"content":{"rendered":"\n<p>La temporada 2023\/2024 de Costa Cruceros en Sudam\u00e9rica re\u00fane una amplia gama de opciones para que los turistas puedan embarcarse y disfrutar de sus vacaciones explorando la costa brasile\u00f1a y el R\u00edo de la Plata. Adem\u00e1s de las salidas programadas desde Buenos Aires entre noviembre de 2023 y mayo de 2024, la Terminal de Cruceros Quinquela Martin recibir\u00e1 tambi\u00e9n al Costa Fascinosa, el cual tendr\u00e1 salidas dedicadas en Brasil desde el puerto de R\u00edo de Janeiro, del 19 de diciembre de 2023 al 19 de marzo de 2024, en cruceros de 8 noches.<\/p>\n\n\n\n<p>El itinerario del Costa Fascinosa incluye visitas a las ciudades de Rio de Janeiro, Montevideo, Cambori\u00fa,Ilhabela o Ilha Grande (alternando entre fechas), regresando a Buenos Aires para el desembarque.<\/p>\n\n\n\n<p>\u201cCada temporada, buscamos ampliar nuestra oferta para que m\u00e1s argentinos tengan la oportunidad de experimentar un crucero con Costa. La presencia del Costa Fascinosa y la extensi\u00f3n de la temporada es fundamental para lograr este objetivo\u201d, afirma Dario Rustico, Presidente Ejecutivo de Costa para Am\u00e9rica del Sur y Central.<\/p>\n\n\n\n<p>El Costa Fascinosa es ideal para toda la familia, con opciones de entretenimiento durante el d\u00eda y la noche. El barco cuenta con 1.508 camarotes, cuatro piscinas, cinco jacuzzis, un tobog\u00e1n acu\u00e1tico, ocho restaurantes y nueve bares, entre ellos: Archipelago, Sushino, PizzeriaPummid\u2019oro, TheAperolSpritz Bar y The Blue VelvetWine Bar.<\/p>\n\n\n\n<p>Con una decoraci\u00f3n inspirada en pel\u00edculas cl\u00e1sicas y sus protagonistas, Costa Fascinosa tambi\u00e9n cuenta con un spa de 6.000 metros cuadrados con piscina de talasoterapia, casino, teatro y el Squok Club con actividades supervisadas para ni\u00f1os, incluso con los personajes de dibujos animados como PJ Masks y PeppaPig.<\/p>\n\n\n\n<p>M\u00e1s informaci\u00f3n sobre los barcos para la temporada 2023\/2024<\/p>\n\n\n\n<p>Con 1.862 camarotes y 133.000 toneladas, el Costa Diadema llegar\u00e1 por segunda temporada a Sudam\u00e9rica. El barco partir\u00e1 de tres puertos brasile\u00f1os -Santos, Salvador y R\u00edo de Janeiro-, realizando itinerarios dedicados de siete noches por Bah\u00eda. Con una decoraci\u00f3n inspirada en la realeza, cuenta con 190 obras de arte e incluye ocho restaurantes, 11 bares, spa, casino, teatro con espect\u00e1culos exclusivos, gimnasio, pista de jogging, espacios dedicados a ni\u00f1os y j\u00f3venes como el Squok Club y la TeenZone y 11 piscinas y jacuzzis.<\/p>\n\n\n\n<p>Costa Favolosa, por su parte, ofrecer\u00e1 cruceros de tres y cuatro noches a las ciudades tur\u00edsticas de Cambori\u00fa, Ilha Grande e Ilhabela desde el puerto de Santos, adem\u00e1s de viajes de siete noches entre Montevideo, Buenos Aires, con&nbsp; Santos eItaja\u00ed. El barco realizar\u00e1 casi 40 d\u00edas m\u00e1s de operaci\u00f3n en la temporada 2023\/2024 respecto a la temporada 2022\/2023. Cuenta con 1.508 camarotes, spa con salas de tratamientos y sauna, gimnasio, nueve piscinas y jacuzzis, seis restaurantes, incluido Archipelago con men\u00fas de tres grandes chefs con estrellas Michelin, 12 bares, teatro, tobog\u00e1n, casino, cancha polideportiva y el Squok Club para los ni\u00f1os.<\/p>\n\n\n\n<p>M\u00e1s informaci\u00f3n en la web de Costa Cruceros y tambi\u00e9n en el portal de Costa Extra, exclusivo para agencias de viajes.<\/p>\n\n\n\n<p>Fuente: El Diario de Turismo.<\/p>\n","protected":false},"excerpt":{"rendered":"<p>La temporada 2023\/2024 de Costa Cruceros en Sudam\u00e9rica re\u00fane una amplia gama de opciones para que los turistas puedan embarcarse y disfrutar de sus vacaciones&hellip;<\/p>\n","protected":false},"author":2,"featured_media":4074,"comment_status":"open","ping_status":"closed","sticky":false,"template":"","format":"standard","meta":{"content-type":"","_lmt_disableupdate":"","_lmt_disable":"","footnotes":""},"categories":[4],"tags":[],"class_list":["post-4073","post","type-post","status-publish","format-standard","has-post-thumbnail","hentry","category-destinos"],"yoast_head":"<!-- This site is optimized with the Yoast SEO Premium plugin v27.4 (Yoast SEO v27.5) - https:\/\/yoast.com\/product\/yoast-seo-premium-wordpress\/ -->\n<title>Con la visita del Fascinosa, Costa aumenta su oferta para la temporada 2023\/2024 en Sudam\u00e9rica - Realidad Tur\u00edstica<\/title>\n<meta name=\"robots\" content=\"index, follow, max-snippet:-1, max-image-preview:large, max-video-preview:-1\" \/>\n<link rel=\"canonical\" href=\"https:\/\/realidadturistica.com\/realtur\/con-la-visita-del-fascinosa-costa-aumenta-su-oferta-para-la-temporada-2023-2024-en-sudamerica\/\" \/>\n<meta property=\"og:locale\" content=\"es_ES\" \/>\n<meta property=\"og:type\" content=\"article\" \/>\n<meta property=\"og:title\" content=\"Con la visita del Fascinosa, Costa aumenta su oferta para la temporada 2023\/2024 en Sudam\u00e9rica\" \/>\n<meta property=\"og:description\" content=\"La temporada 2023\/2024 de Costa Cruceros en Sudam\u00e9rica re\u00fane una amplia gama de opciones para que los turistas puedan embarcarse y disfrutar de sus vacaciones&hellip;\" \/>\n<meta property=\"og:url\" content=\"https:\/\/realidadturistica.com\/realtur\/con-la-visita-del-fascinosa-costa-aumenta-su-oferta-para-la-temporada-2023-2024-en-sudamerica\/\" \/>\n<meta property=\"og:site_name\" content=\"Realidad Tur\u00edstica\" \/>\n<meta property=\"article:publisher\" content=\"https:\/\/www.facebook.com\/realidadturistica\" \/>\n<meta property=\"article:published_time\" content=\"2023-03-25T13:32:38+00:00\" \/>\n<meta property=\"og:image\" content=\"https:\/\/realidadturistica.com\/realtur\/wp-content\/uploads\/2023\/03\/Con-la-visita-del-Fascinosa.jpg\" \/>\n\t<meta property=\"og:image:width\" content=\"500\" \/>\n\t<meta property=\"og:image:height\" content=\"282\" \/>\n\t<meta property=\"og:image:type\" content=\"image\/jpeg\" \/>\n<meta name=\"author\" content=\"Editor\" \/>\n<meta name=\"twitter:card\" content=\"summary_large_image\" \/>\n<meta name=\"twitter:label1\" content=\"Escrito por\" \/>\n\t<meta name=\"twitter:data1\" content=\"Editor\" \/>\n\t<meta name=\"twitter:label2\" content=\"Tiempo de lectura\" \/>\n\t<meta name=\"twitter:data2\" content=\"3 minutos\" \/>\n<script type=\"application\/ld+json\" class=\"yoast-schema-graph\">{\"@context\":\"https:\\\/\\\/schema.org\",\"@graph\":[{\"@type\":\"Article\",\"@id\":\"https:\\\/\\\/realidadturistica.com\\\/realtur\\\/con-la-visita-del-fascinosa-costa-aumenta-su-oferta-para-la-temporada-2023-2024-en-sudamerica\\\/#article\",\"isPartOf\":{\"@id\":\"https:\\\/\\\/realidadturistica.com\\\/realtur\\\/con-la-visita-del-fascinosa-costa-aumenta-su-oferta-para-la-temporada-2023-2024-en-sudamerica\\\/\"},\"author\":{\"name\":\"Editor\",\"@id\":\"https:\\\/\\\/realidadturistica.com\\\/realtur\\\/#\\\/schema\\\/person\\\/ade671191202490fcf08ab21590de73e\"},\"headline\":\"Con la visita del Fascinosa, Costa aumenta su oferta para la temporada 2023\\\/2024 en Sudam\u00e9rica\",\"datePublished\":\"2023-03-25T13:32:38+00:00\",\"mainEntityOfPage\":{\"@id\":\"https:\\\/\\\/realidadturistica.com\\\/realtur\\\/con-la-visita-del-fascinosa-costa-aumenta-su-oferta-para-la-temporada-2023-2024-en-sudamerica\\\/\"},\"wordCount\":523,\"commentCount\":0,\"publisher\":{\"@id\":\"https:\\\/\\\/realidadturistica.com\\\/realtur\\\/#organization\"},\"image\":{\"@id\":\"https:\\\/\\\/realidadturistica.com\\\/realtur\\\/con-la-visita-del-fascinosa-costa-aumenta-su-oferta-para-la-temporada-2023-2024-en-sudamerica\\\/#primaryimage\"},\"thumbnailUrl\":\"https:\\\/\\\/realidadturistica.com\\\/realtur\\\/wp-content\\\/uploads\\\/2023\\\/03\\\/Con-la-visita-del-Fascinosa.jpg\",\"articleSection\":[\"Destinos M\u00e1gicos\"],\"inLanguage\":\"es\",\"potentialAction\":[{\"@type\":\"CommentAction\",\"name\":\"Comment\",\"target\":[\"https:\\\/\\\/realidadturistica.com\\\/realtur\\\/con-la-visita-del-fascinosa-costa-aumenta-su-oferta-para-la-temporada-2023-2024-en-sudamerica\\\/#respond\"]}]},{\"@type\":\"WebPage\",\"@id\":\"https:\\\/\\\/realidadturistica.com\\\/realtur\\\/con-la-visita-del-fascinosa-costa-aumenta-su-oferta-para-la-temporada-2023-2024-en-sudamerica\\\/\",\"url\":\"https:\\\/\\\/realidadturistica.com\\\/realtur\\\/con-la-visita-del-fascinosa-costa-aumenta-su-oferta-para-la-temporada-2023-2024-en-sudamerica\\\/\",\"name\":\"Con la visita del Fascinosa, Costa aumenta su oferta para la temporada 2023\\\/2024 en Sudam\u00e9rica - Realidad Tur\u00edstica\",\"isPartOf\":{\"@id\":\"https:\\\/\\\/realidadturistica.com\\\/realtur\\\/#website\"},\"primaryImageOfPage\":{\"@id\":\"https:\\\/\\\/realidadturistica.com\\\/realtur\\\/con-la-visita-del-fascinosa-costa-aumenta-su-oferta-para-la-temporada-2023-2024-en-sudamerica\\\/#primaryimage\"},\"image\":{\"@id\":\"https:\\\/\\\/realidadturistica.com\\\/realtur\\\/con-la-visita-del-fascinosa-costa-aumenta-su-oferta-para-la-temporada-2023-2024-en-sudamerica\\\/#primaryimage\"},\"thumbnailUrl\":\"https:\\\/\\\/realidadturistica.com\\\/realtur\\\/wp-content\\\/uploads\\\/2023\\\/03\\\/Con-la-visita-del-Fascinosa.jpg\",\"datePublished\":\"2023-03-25T13:32:38+00:00\",\"breadcrumb\":{\"@id\":\"https:\\\/\\\/realidadturistica.com\\\/realtur\\\/con-la-visita-del-fascinosa-costa-aumenta-su-oferta-para-la-temporada-2023-2024-en-sudamerica\\\/#breadcrumb\"},\"inLanguage\":\"es\",\"potentialAction\":[{\"@type\":\"ReadAction\",\"target\":[\"https:\\\/\\\/realidadturistica.com\\\/realtur\\\/con-la-visita-del-fascinosa-costa-aumenta-su-oferta-para-la-temporada-2023-2024-en-sudamerica\\\/\"]}]},{\"@type\":\"ImageObject\",\"inLanguage\":\"es\",\"@id\":\"https:\\\/\\\/realidadturistica.com\\\/realtur\\\/con-la-visita-del-fascinosa-costa-aumenta-su-oferta-para-la-temporada-2023-2024-en-sudamerica\\\/#primaryimage\",\"url\":\"https:\\\/\\\/realidadturistica.com\\\/realtur\\\/wp-content\\\/uploads\\\/2023\\\/03\\\/Con-la-visita-del-Fascinosa.jpg\",\"contentUrl\":\"https:\\\/\\\/realidadturistica.com\\\/realtur\\\/wp-content\\\/uploads\\\/2023\\\/03\\\/Con-la-visita-del-Fascinosa.jpg\",\"width\":500,\"height\":282},{\"@type\":\"BreadcrumbList\",\"@id\":\"https:\\\/\\\/realidadturistica.com\\\/realtur\\\/con-la-visita-del-fascinosa-costa-aumenta-su-oferta-para-la-temporada-2023-2024-en-sudamerica\\\/#breadcrumb\",\"itemListElement\":[{\"@type\":\"ListItem\",\"position\":1,\"name\":\"Portada\",\"item\":\"https:\\\/\\\/realidadturistica.com\\\/realtur\\\/\"},{\"@type\":\"ListItem\",\"position\":2,\"name\":\"Con la visita del Fascinosa, Costa aumenta su oferta para la temporada 2023\\\/2024 en Sudam\u00e9rica\"}]},{\"@type\":\"WebSite\",\"@id\":\"https:\\\/\\\/realidadturistica.com\\\/realtur\\\/#website\",\"url\":\"https:\\\/\\\/realidadturistica.com\\\/realtur\\\/\",\"name\":\"Realidad Tur\u00edstica\",\"description\":\"\",\"publisher\":{\"@id\":\"https:\\\/\\\/realidadturistica.com\\\/realtur\\\/#organization\"},\"potentialAction\":[{\"@type\":\"SearchAction\",\"target\":{\"@type\":\"EntryPoint\",\"urlTemplate\":\"https:\\\/\\\/realidadturistica.com\\\/realtur\\\/?s={search_term_string}\"},\"query-input\":{\"@type\":\"PropertyValueSpecification\",\"valueRequired\":true,\"valueName\":\"search_term_string\"}}],\"inLanguage\":\"es\"},{\"@type\":\"Organization\",\"@id\":\"https:\\\/\\\/realidadturistica.com\\\/realtur\\\/#organization\",\"name\":\"Realidad Tur\u00edstica\",\"url\":\"https:\\\/\\\/realidadturistica.com\\\/realtur\\\/\",\"logo\":{\"@type\":\"ImageObject\",\"inLanguage\":\"es\",\"@id\":\"https:\\\/\\\/realidadturistica.com\\\/realtur\\\/#\\\/schema\\\/logo\\\/image\\\/\",\"url\":\"https:\\\/\\\/realidadturistica.com\\\/realtur\\\/wp-content\\\/uploads\\\/2021\\\/12\\\/logotipo-realidad-turistica.png\",\"contentUrl\":\"https:\\\/\\\/realidadturistica.com\\\/realtur\\\/wp-content\\\/uploads\\\/2021\\\/12\\\/logotipo-realidad-turistica.png\",\"width\":1382,\"height\":629,\"caption\":\"Realidad Tur\u00edstica\"},\"image\":{\"@id\":\"https:\\\/\\\/realidadturistica.com\\\/realtur\\\/#\\\/schema\\\/logo\\\/image\\\/\"},\"sameAs\":[\"https:\\\/\\\/www.facebook.com\\\/realidadturistica\",\"https:\\\/\\\/www.instagram.com\\\/realidad_turistica\\\/\"]},{\"@type\":\"Person\",\"@id\":\"https:\\\/\\\/realidadturistica.com\\\/realtur\\\/#\\\/schema\\\/person\\\/ade671191202490fcf08ab21590de73e\",\"name\":\"Editor\",\"image\":{\"@type\":\"ImageObject\",\"inLanguage\":\"es\",\"@id\":\"https:\\\/\\\/realidadturistica.com\\\/realtur\\\/wp-content\\\/uploads\\\/2023\\\/09\\\/Editor_avatar_1693668634-96x96.png\",\"url\":\"https:\\\/\\\/realidadturistica.com\\\/realtur\\\/wp-content\\\/uploads\\\/2023\\\/09\\\/Editor_avatar_1693668634-96x96.png\",\"contentUrl\":\"https:\\\/\\\/realidadturistica.com\\\/realtur\\\/wp-content\\\/uploads\\\/2023\\\/09\\\/Editor_avatar_1693668634-96x96.png\",\"caption\":\"Editor\"},\"sameAs\":[\"https:\\\/\\\/realidadturistica.com\\\/realtur\"],\"url\":\"https:\\\/\\\/realidadturistica.com\\\/realtur\\\/author\\\/editor2\\\/\"}]}<\/script>\n<!-- \/ Yoast SEO Premium plugin. -->","yoast_head_json":{"title":"Con la visita del Fascinosa, Costa aumenta su oferta para la temporada 2023\/2024 en Sudam\u00e9rica - Realidad Tur\u00edstica","robots":{"index":"index","follow":"follow","max-snippet":"max-snippet:-1","max-image-preview":"max-image-preview:large","max-video-preview":"max-video-preview:-1"},"canonical":"https:\/\/realidadturistica.com\/realtur\/con-la-visita-del-fascinosa-costa-aumenta-su-oferta-para-la-temporada-2023-2024-en-sudamerica\/","og_locale":"es_ES","og_type":"article","og_title":"Con la visita del Fascinosa, Costa aumenta su oferta para la temporada 2023\/2024 en Sudam\u00e9rica","og_description":"La temporada 2023\/2024 de Costa Cruceros en Sudam\u00e9rica re\u00fane una amplia gama de opciones para que los turistas puedan embarcarse y disfrutar de sus vacaciones&hellip;","og_url":"https:\/\/realidadturistica.com\/realtur\/con-la-visita-del-fascinosa-costa-aumenta-su-oferta-para-la-temporada-2023-2024-en-sudamerica\/","og_site_name":"Realidad Tur\u00edstica","article_publisher":"https:\/\/www.facebook.com\/realidadturistica","article_published_time":"2023-03-25T13:32:38+00:00","og_image":[{"width":500,"height":282,"url":"https:\/\/realidadturistica.com\/realtur\/wp-content\/uploads\/2023\/03\/Con-la-visita-del-Fascinosa.jpg","type":"image\/jpeg"}],"author":"Editor","twitter_card":"summary_large_image","twitter_misc":{"Escrito por":"Editor","Tiempo de lectura":"3 minutos"},"schema":{"@context":"https:\/\/schema.org","@graph":[{"@type":"Article","@id":"https:\/\/realidadturistica.com\/realtur\/con-la-visita-del-fascinosa-costa-aumenta-su-oferta-para-la-temporada-2023-2024-en-sudamerica\/#article","isPartOf":{"@id":"https:\/\/realidadturistica.com\/realtur\/con-la-visita-del-fascinosa-costa-aumenta-su-oferta-para-la-temporada-2023-2024-en-sudamerica\/"},"author":{"name":"Editor","@id":"https:\/\/realidadturistica.com\/realtur\/#\/schema\/person\/ade671191202490fcf08ab21590de73e"},"headline":"Con la visita del Fascinosa, Costa aumenta su oferta para la temporada 2023\/2024 en Sudam\u00e9rica","datePublished":"2023-03-25T13:32:38+00:00","mainEntityOfPage":{"@id":"https:\/\/realidadturistica.com\/realtur\/con-la-visita-del-fascinosa-costa-aumenta-su-oferta-para-la-temporada-2023-2024-en-sudamerica\/"},"wordCount":523,"commentCount":0,"publisher":{"@id":"https:\/\/realidadturistica.com\/realtur\/#organization"},"image":{"@id":"https:\/\/realidadturistica.com\/realtur\/con-la-visita-del-fascinosa-costa-aumenta-su-oferta-para-la-temporada-2023-2024-en-sudamerica\/#primaryimage"},"thumbnailUrl":"https:\/\/realidadturistica.com\/realtur\/wp-content\/uploads\/2023\/03\/Con-la-visita-del-Fascinosa.jpg","articleSection":["Destinos M\u00e1gicos"],"inLanguage":"es","potentialAction":[{"@type":"CommentAction","name":"Comment","target":["https:\/\/realidadturistica.com\/realtur\/con-la-visita-del-fascinosa-costa-aumenta-su-oferta-para-la-temporada-2023-2024-en-sudamerica\/#respond"]}]},{"@type":"WebPage","@id":"https:\/\/realidadturistica.com\/realtur\/con-la-visita-del-fascinosa-costa-aumenta-su-oferta-para-la-temporada-2023-2024-en-sudamerica\/","url":"https:\/\/realidadturistica.com\/realtur\/con-la-visita-del-fascinosa-costa-aumenta-su-oferta-para-la-temporada-2023-2024-en-sudamerica\/","name":"Con la visita del Fascinosa, Costa aumenta su oferta para la temporada 2023\/2024 en Sudam\u00e9rica - Realidad Tur\u00edstica","isPartOf":{"@id":"https:\/\/realidadturistica.com\/realtur\/#website"},"primaryImageOfPage":{"@id":"https:\/\/realidadturistica.com\/realtur\/con-la-visita-del-fascinosa-costa-aumenta-su-oferta-para-la-temporada-2023-2024-en-sudamerica\/#primaryimage"},"image":{"@id":"https:\/\/realidadturistica.com\/realtur\/con-la-visita-del-fascinosa-costa-aumenta-su-oferta-para-la-temporada-2023-2024-en-sudamerica\/#primaryimage"},"thumbnailUrl":"https:\/\/realidadturistica.com\/realtur\/wp-content\/uploads\/2023\/03\/Con-la-visita-del-Fascinosa.jpg","datePublished":"2023-03-25T13:32:38+00:00","breadcrumb":{"@id":"https:\/\/realidadturistica.com\/realtur\/con-la-visita-del-fascinosa-costa-aumenta-su-oferta-para-la-temporada-2023-2024-en-sudamerica\/#breadcrumb"},"inLanguage":"es","potentialAction":[{"@type":"ReadAction","target":["https:\/\/realidadturistica.com\/realtur\/con-la-visita-del-fascinosa-costa-aumenta-su-oferta-para-la-temporada-2023-2024-en-sudamerica\/"]}]},{"@type":"ImageObject","inLanguage":"es","@id":"https:\/\/realidadturistica.com\/realtur\/con-la-visita-del-fascinosa-costa-aumenta-su-oferta-para-la-temporada-2023-2024-en-sudamerica\/#primaryimage","url":"https:\/\/realidadturistica.com\/realtur\/wp-content\/uploads\/2023\/03\/Con-la-visita-del-Fascinosa.jpg","contentUrl":"https:\/\/realidadturistica.com\/realtur\/wp-content\/uploads\/2023\/03\/Con-la-visita-del-Fascinosa.jpg","width":500,"height":282},{"@type":"BreadcrumbList","@id":"https:\/\/realidadturistica.com\/realtur\/con-la-visita-del-fascinosa-costa-aumenta-su-oferta-para-la-temporada-2023-2024-en-sudamerica\/#breadcrumb","itemListElement":[{"@type":"ListItem","position":1,"name":"Portada","item":"https:\/\/realidadturistica.com\/realtur\/"},{"@type":"ListItem","position":2,"name":"Con la visita del Fascinosa, Costa aumenta su oferta para la temporada 2023\/2024 en Sudam\u00e9rica"}]},{"@type":"WebSite","@id":"https:\/\/realidadturistica.com\/realtur\/#website","url":"https:\/\/realidadturistica.com\/realtur\/","name":"Realidad Tur\u00edstica","description":"","publisher":{"@id":"https:\/\/realidadturistica.com\/realtur\/#organization"},"potentialAction":[{"@type":"SearchAction","target":{"@type":"EntryPoint","urlTemplate":"https:\/\/realidadturistica.com\/realtur\/?s={search_term_string}"},"query-input":{"@type":"PropertyValueSpecification","valueRequired":true,"valueName":"search_term_string"}}],"inLanguage":"es"},{"@type":"Organization","@id":"https:\/\/realidadturistica.com\/realtur\/#organization","name":"Realidad Tur\u00edstica","url":"https:\/\/realidadturistica.com\/realtur\/","logo":{"@type":"ImageObject","inLanguage":"es","@id":"https:\/\/realidadturistica.com\/realtur\/#\/schema\/logo\/image\/","url":"https:\/\/realidadturistica.com\/realtur\/wp-content\/uploads\/2021\/12\/logotipo-realidad-turistica.png","contentUrl":"https:\/\/realidadturistica.com\/realtur\/wp-content\/uploads\/2021\/12\/logotipo-realidad-turistica.png","width":1382,"height":629,"caption":"Realidad Tur\u00edstica"},"image":{"@id":"https:\/\/realidadturistica.com\/realtur\/#\/schema\/logo\/image\/"},"sameAs":["https:\/\/www.facebook.com\/realidadturistica","https:\/\/www.instagram.com\/realidad_turistica\/"]},{"@type":"Person","@id":"https:\/\/realidadturistica.com\/realtur\/#\/schema\/person\/ade671191202490fcf08ab21590de73e","name":"Editor","image":{"@type":"ImageObject","inLanguage":"es","@id":"https:\/\/realidadturistica.com\/realtur\/wp-content\/uploads\/2023\/09\/Editor_avatar_1693668634-96x96.png","url":"https:\/\/realidadturistica.com\/realtur\/wp-content\/uploads\/2023\/09\/Editor_avatar_1693668634-96x96.png","contentUrl":"https:\/\/realidadturistica.com\/realtur\/wp-content\/uploads\/2023\/09\/Editor_avatar_1693668634-96x96.png","caption":"Editor"},"sameAs":["https:\/\/realidadturistica.com\/realtur"],"url":"https:\/\/realidadturistica.com\/realtur\/author\/editor2\/"}]}},"_links":{"self":[{"href":"https:\/\/realidadturistica.com\/realtur\/wp-json\/wp\/v2\/posts\/4073","targetHints":{"allow":["GET"]}}],"collection":[{"href":"https:\/\/realidadturistica.com\/realtur\/wp-json\/wp\/v2\/posts"}],"about":[{"href":"https:\/\/realidadturistica.com\/realtur\/wp-json\/wp\/v2\/types\/post"}],"author":[{"embeddable":true,"href":"https:\/\/realidadturistica.com\/realtur\/wp-json\/wp\/v2\/users\/2"}],"replies":[{"embeddable":true,"href":"https:\/\/realidadturistica.com\/realtur\/wp-json\/wp\/v2\/comments?post=4073"}],"version-history":[{"count":0,"href":"https:\/\/realidadturistica.com\/realtur\/wp-json\/wp\/v2\/posts\/4073\/revisions"}],"wp:featuredmedia":[{"embeddable":true,"href":"https:\/\/realidadturistica.com\/realtur\/wp-json\/wp\/v2\/media\/4074"}],"wp:attachment":[{"href":"https:\/\/realidadturistica.com\/realtur\/wp-json\/wp\/v2\/media?parent=4073"}],"wp:term":[{"taxonomy":"category","embeddable":true,"href":"https:\/\/realidadturistica.com\/realtur\/wp-json\/wp\/v2\/categories?post=4073"},{"taxonomy":"post_tag","embeddable":true,"href":"https:\/\/realidadturistica.com\/realtur\/wp-json\/wp\/v2\/tags?post=4073"}],"curies":[{"name":"wp","href":"https:\/\/api.w.org\/{rel}","templated":true}]}}