{"id":4089,"date":"2023-03-28T07:59:21","date_gmt":"2023-03-28T07:59:21","guid":{"rendered":"https:\/\/realidadturistica.com\/realtur\/?p=4089"},"modified":"2023-03-28T07:59:21","modified_gmt":"2023-03-28T07:59:21","slug":"el-nuevo-ministro-de-turismo-es-recibido-con-los-brazos-abiertos-por-las-patronales-turisticas","status":"publish","type":"post","link":"https:\/\/realidadturistica.com\/realtur\/el-nuevo-ministro-de-turismo-es-recibido-con-los-brazos-abiertos-por-las-patronales-turisticas\/","title":{"rendered":"El nuevo ministro de Turismo es recibido con los brazos abiertos por las patronales tur\u00edsticas"},"content":{"rendered":"\n<p>Espa\u00f1a. Las principales patronales tur\u00edsticas del pa\u00eds dan su benepl\u00e1cito al nombramiento de H\u00e9ctor G\u00f3mez como ministro de Industria, Comercio y Turismo. Desde la Confederaci\u00f3n Espa\u00f1ola de Hoteles y Alojamientos Tur\u00edsticos (CEHAT), la Confederaci\u00f3n Espa\u00f1ola de Agencias de Viajes (CEAV) y la Alianza para la excelencia tur\u00edstica (Exceltur) coinciden en destacar el conocimiento del turismo del que consta G\u00f3mez, quien dirigi\u00f3 Turespa\u00f1a entre 2018 y 2019.<\/p>\n\n\n\n<p>Jos\u00e9 Luis Zoreda, vicepresidente de Exceltur, ha destacado que es la persona \u00abm\u00e1s adecuada y con el peso pol\u00edtico preciso en el Gobierno para abordar con garant\u00eda los desaf\u00edos y transformaciones competitivas que el sector tiene pendientes en el resto de la legislatura\u00bb. Ha subrayado, adem\u00e1s, el \u201ct\u00e1ndem\u201d que formar\u00e1 con la secretaria de Estado, Rosana Morillo, que otorga \u201cnueva capacidad de gesti\u00f3n y de gobernanza\u201d.<\/p>\n\n\n\n<p>Por su parte, Jorge Marichal, presidente de CEHAT, ha puesto en valor que G\u00f3mez es \u201cun conocedor de la industria tur\u00edstica y de su importancia para la sostenibilidad econ\u00f3mica y social de Espa\u00f1a\u201d. Ha indicado que, si bien el mandato que afronta \u201cpuede que sea breve\u201d (8 meses), se encuadra en \u201cun momento muy importante en el que se est\u00e1n decidiendo y administrando los Fondos Next Generation\u201d.<\/p>\n\n\n\n<p>Asimismo, en CEAV han valorado \u201cmuy positivamente\u201d el nombramiento y han agradecido la labor realizada por la ministra saliente, Reyes Maroto, para quien tambi\u00e9n han tenido palabras positivas las dos entidades mencionadas anteriormente.<\/p>\n\n\n\n<p>Fuente: Tourinews.<\/p>\n","protected":false},"excerpt":{"rendered":"<p>Espa\u00f1a. Las principales patronales tur\u00edsticas del pa\u00eds dan su benepl\u00e1cito al nombramiento de H\u00e9ctor G\u00f3mez como ministro de Industria, Comercio y Turismo. Desde la Confederaci\u00f3n&hellip;<\/p>\n","protected":false},"author":2,"featured_media":4090,"comment_status":"open","ping_status":"closed","sticky":false,"template":"","format":"standard","meta":{"content-type":"","_lmt_disableupdate":"","_lmt_disable":"","footnotes":""},"categories":[6],"tags":[],"class_list":["post-4089","post","type-post","status-publish","format-standard","has-post-thumbnail","hentry","category-turismo"],"yoast_head":"<!-- This site is optimized with the Yoast SEO Premium plugin v27.4 (Yoast SEO v27.4) - https:\/\/yoast.com\/product\/yoast-seo-premium-wordpress\/ -->\n<title>El nuevo ministro de Turismo es recibido con los brazos abiertos por las patronales tur\u00edsticas - Realidad Tur\u00edstica<\/title>\n<meta name=\"robots\" content=\"index, follow, max-snippet:-1, max-image-preview:large, max-video-preview:-1\" \/>\n<link rel=\"canonical\" href=\"https:\/\/realidadturistica.com\/realtur\/el-nuevo-ministro-de-turismo-es-recibido-con-los-brazos-abiertos-por-las-patronales-turisticas\/\" \/>\n<meta property=\"og:locale\" content=\"es_ES\" \/>\n<meta property=\"og:type\" content=\"article\" \/>\n<meta property=\"og:title\" content=\"El nuevo ministro de Turismo es recibido con los brazos abiertos por las patronales tur\u00edsticas\" \/>\n<meta property=\"og:description\" content=\"Espa\u00f1a. Las principales patronales tur\u00edsticas del pa\u00eds dan su benepl\u00e1cito al nombramiento de H\u00e9ctor G\u00f3mez como ministro de Industria, Comercio y Turismo. Desde la Confederaci\u00f3n&hellip;\" \/>\n<meta property=\"og:url\" content=\"https:\/\/realidadturistica.com\/realtur\/el-nuevo-ministro-de-turismo-es-recibido-con-los-brazos-abiertos-por-las-patronales-turisticas\/\" \/>\n<meta property=\"og:site_name\" content=\"Realidad Tur\u00edstica\" \/>\n<meta property=\"article:publisher\" content=\"https:\/\/www.facebook.com\/realidadturistica\" \/>\n<meta property=\"article:published_time\" content=\"2023-03-28T07:59:21+00:00\" \/>\n<meta property=\"og:image\" content=\"https:\/\/realidadturistica.com\/realtur\/wp-content\/uploads\/2023\/03\/El-nuevo.jpeg\" \/>\n\t<meta property=\"og:image:width\" content=\"732\" \/>\n\t<meta property=\"og:image:height\" content=\"400\" \/>\n\t<meta property=\"og:image:type\" content=\"image\/jpeg\" \/>\n<meta name=\"author\" content=\"Editor\" \/>\n<meta name=\"twitter:card\" content=\"summary_large_image\" \/>\n<meta name=\"twitter:label1\" content=\"Escrito por\" \/>\n\t<meta name=\"twitter:data1\" content=\"Editor\" \/>\n\t<meta name=\"twitter:label2\" content=\"Tiempo de lectura\" \/>\n\t<meta name=\"twitter:data2\" content=\"2 minutos\" \/>\n<script type=\"application\/ld+json\" class=\"yoast-schema-graph\">{\"@context\":\"https:\\\/\\\/schema.org\",\"@graph\":[{\"@type\":\"Article\",\"@id\":\"https:\\\/\\\/realidadturistica.com\\\/realtur\\\/el-nuevo-ministro-de-turismo-es-recibido-con-los-brazos-abiertos-por-las-patronales-turisticas\\\/#article\",\"isPartOf\":{\"@id\":\"https:\\\/\\\/realidadturistica.com\\\/realtur\\\/el-nuevo-ministro-de-turismo-es-recibido-con-los-brazos-abiertos-por-las-patronales-turisticas\\\/\"},\"author\":{\"name\":\"Editor\",\"@id\":\"https:\\\/\\\/realidadturistica.com\\\/realtur\\\/#\\\/schema\\\/person\\\/ade671191202490fcf08ab21590de73e\"},\"headline\":\"El nuevo ministro de Turismo es recibido con los brazos abiertos por las patronales tur\u00edsticas\",\"datePublished\":\"2023-03-28T07:59:21+00:00\",\"mainEntityOfPage\":{\"@id\":\"https:\\\/\\\/realidadturistica.com\\\/realtur\\\/el-nuevo-ministro-de-turismo-es-recibido-con-los-brazos-abiertos-por-las-patronales-turisticas\\\/\"},\"wordCount\":274,\"commentCount\":0,\"publisher\":{\"@id\":\"https:\\\/\\\/realidadturistica.com\\\/realtur\\\/#organization\"},\"image\":{\"@id\":\"https:\\\/\\\/realidadturistica.com\\\/realtur\\\/el-nuevo-ministro-de-turismo-es-recibido-con-los-brazos-abiertos-por-las-patronales-turisticas\\\/#primaryimage\"},\"thumbnailUrl\":\"https:\\\/\\\/realidadturistica.com\\\/realtur\\\/wp-content\\\/uploads\\\/2023\\\/03\\\/El-nuevo.jpeg\",\"articleSection\":[\"Turismo\"],\"inLanguage\":\"es\",\"potentialAction\":[{\"@type\":\"CommentAction\",\"name\":\"Comment\",\"target\":[\"https:\\\/\\\/realidadturistica.com\\\/realtur\\\/el-nuevo-ministro-de-turismo-es-recibido-con-los-brazos-abiertos-por-las-patronales-turisticas\\\/#respond\"]}]},{\"@type\":\"WebPage\",\"@id\":\"https:\\\/\\\/realidadturistica.com\\\/realtur\\\/el-nuevo-ministro-de-turismo-es-recibido-con-los-brazos-abiertos-por-las-patronales-turisticas\\\/\",\"url\":\"https:\\\/\\\/realidadturistica.com\\\/realtur\\\/el-nuevo-ministro-de-turismo-es-recibido-con-los-brazos-abiertos-por-las-patronales-turisticas\\\/\",\"name\":\"El nuevo ministro de Turismo es recibido con los brazos abiertos por las patronales tur\u00edsticas - Realidad Tur\u00edstica\",\"isPartOf\":{\"@id\":\"https:\\\/\\\/realidadturistica.com\\\/realtur\\\/#website\"},\"primaryImageOfPage\":{\"@id\":\"https:\\\/\\\/realidadturistica.com\\\/realtur\\\/el-nuevo-ministro-de-turismo-es-recibido-con-los-brazos-abiertos-por-las-patronales-turisticas\\\/#primaryimage\"},\"image\":{\"@id\":\"https:\\\/\\\/realidadturistica.com\\\/realtur\\\/el-nuevo-ministro-de-turismo-es-recibido-con-los-brazos-abiertos-por-las-patronales-turisticas\\\/#primaryimage\"},\"thumbnailUrl\":\"https:\\\/\\\/realidadturistica.com\\\/realtur\\\/wp-content\\\/uploads\\\/2023\\\/03\\\/El-nuevo.jpeg\",\"datePublished\":\"2023-03-28T07:59:21+00:00\",\"breadcrumb\":{\"@id\":\"https:\\\/\\\/realidadturistica.com\\\/realtur\\\/el-nuevo-ministro-de-turismo-es-recibido-con-los-brazos-abiertos-por-las-patronales-turisticas\\\/#breadcrumb\"},\"inLanguage\":\"es\",\"potentialAction\":[{\"@type\":\"ReadAction\",\"target\":[\"https:\\\/\\\/realidadturistica.com\\\/realtur\\\/el-nuevo-ministro-de-turismo-es-recibido-con-los-brazos-abiertos-por-las-patronales-turisticas\\\/\"]}]},{\"@type\":\"ImageObject\",\"inLanguage\":\"es\",\"@id\":\"https:\\\/\\\/realidadturistica.com\\\/realtur\\\/el-nuevo-ministro-de-turismo-es-recibido-con-los-brazos-abiertos-por-las-patronales-turisticas\\\/#primaryimage\",\"url\":\"https:\\\/\\\/realidadturistica.com\\\/realtur\\\/wp-content\\\/uploads\\\/2023\\\/03\\\/El-nuevo.jpeg\",\"contentUrl\":\"https:\\\/\\\/realidadturistica.com\\\/realtur\\\/wp-content\\\/uploads\\\/2023\\\/03\\\/El-nuevo.jpeg\",\"width\":732,\"height\":400},{\"@type\":\"BreadcrumbList\",\"@id\":\"https:\\\/\\\/realidadturistica.com\\\/realtur\\\/el-nuevo-ministro-de-turismo-es-recibido-con-los-brazos-abiertos-por-las-patronales-turisticas\\\/#breadcrumb\",\"itemListElement\":[{\"@type\":\"ListItem\",\"position\":1,\"name\":\"Portada\",\"item\":\"https:\\\/\\\/realidadturistica.com\\\/realtur\\\/\"},{\"@type\":\"ListItem\",\"position\":2,\"name\":\"El nuevo ministro de Turismo es recibido con los brazos abiertos por las patronales tur\u00edsticas\"}]},{\"@type\":\"WebSite\",\"@id\":\"https:\\\/\\\/realidadturistica.com\\\/realtur\\\/#website\",\"url\":\"https:\\\/\\\/realidadturistica.com\\\/realtur\\\/\",\"name\":\"Realidad Tur\u00edstica\",\"description\":\"\",\"publisher\":{\"@id\":\"https:\\\/\\\/realidadturistica.com\\\/realtur\\\/#organization\"},\"potentialAction\":[{\"@type\":\"SearchAction\",\"target\":{\"@type\":\"EntryPoint\",\"urlTemplate\":\"https:\\\/\\\/realidadturistica.com\\\/realtur\\\/?s={search_term_string}\"},\"query-input\":{\"@type\":\"PropertyValueSpecification\",\"valueRequired\":true,\"valueName\":\"search_term_string\"}}],\"inLanguage\":\"es\"},{\"@type\":\"Organization\",\"@id\":\"https:\\\/\\\/realidadturistica.com\\\/realtur\\\/#organization\",\"name\":\"Realidad Tur\u00edstica\",\"url\":\"https:\\\/\\\/realidadturistica.com\\\/realtur\\\/\",\"logo\":{\"@type\":\"ImageObject\",\"inLanguage\":\"es\",\"@id\":\"https:\\\/\\\/realidadturistica.com\\\/realtur\\\/#\\\/schema\\\/logo\\\/image\\\/\",\"url\":\"https:\\\/\\\/realidadturistica.com\\\/realtur\\\/wp-content\\\/uploads\\\/2021\\\/12\\\/logotipo-realidad-turistica.png\",\"contentUrl\":\"https:\\\/\\\/realidadturistica.com\\\/realtur\\\/wp-content\\\/uploads\\\/2021\\\/12\\\/logotipo-realidad-turistica.png\",\"width\":1382,\"height\":629,\"caption\":\"Realidad Tur\u00edstica\"},\"image\":{\"@id\":\"https:\\\/\\\/realidadturistica.com\\\/realtur\\\/#\\\/schema\\\/logo\\\/image\\\/\"},\"sameAs\":[\"https:\\\/\\\/www.facebook.com\\\/realidadturistica\",\"https:\\\/\\\/www.instagram.com\\\/realidad_turistica\\\/\"]},{\"@type\":\"Person\",\"@id\":\"https:\\\/\\\/realidadturistica.com\\\/realtur\\\/#\\\/schema\\\/person\\\/ade671191202490fcf08ab21590de73e\",\"name\":\"Editor\",\"image\":{\"@type\":\"ImageObject\",\"inLanguage\":\"es\",\"@id\":\"https:\\\/\\\/realidadturistica.com\\\/realtur\\\/wp-content\\\/uploads\\\/2023\\\/09\\\/Editor_avatar_1693668634-96x96.png\",\"url\":\"https:\\\/\\\/realidadturistica.com\\\/realtur\\\/wp-content\\\/uploads\\\/2023\\\/09\\\/Editor_avatar_1693668634-96x96.png\",\"contentUrl\":\"https:\\\/\\\/realidadturistica.com\\\/realtur\\\/wp-content\\\/uploads\\\/2023\\\/09\\\/Editor_avatar_1693668634-96x96.png\",\"caption\":\"Editor\"},\"sameAs\":[\"https:\\\/\\\/realidadturistica.com\\\/realtur\"],\"url\":\"https:\\\/\\\/realidadturistica.com\\\/realtur\\\/author\\\/editor2\\\/\"}]}<\/script>\n<!-- \/ Yoast SEO Premium plugin. -->","yoast_head_json":{"title":"El nuevo ministro de Turismo es recibido con los brazos abiertos por las patronales tur\u00edsticas - Realidad Tur\u00edstica","robots":{"index":"index","follow":"follow","max-snippet":"max-snippet:-1","max-image-preview":"max-image-preview:large","max-video-preview":"max-video-preview:-1"},"canonical":"https:\/\/realidadturistica.com\/realtur\/el-nuevo-ministro-de-turismo-es-recibido-con-los-brazos-abiertos-por-las-patronales-turisticas\/","og_locale":"es_ES","og_type":"article","og_title":"El nuevo ministro de Turismo es recibido con los brazos abiertos por las patronales tur\u00edsticas","og_description":"Espa\u00f1a. Las principales patronales tur\u00edsticas del pa\u00eds dan su benepl\u00e1cito al nombramiento de H\u00e9ctor G\u00f3mez como ministro de Industria, Comercio y Turismo. Desde la Confederaci\u00f3n&hellip;","og_url":"https:\/\/realidadturistica.com\/realtur\/el-nuevo-ministro-de-turismo-es-recibido-con-los-brazos-abiertos-por-las-patronales-turisticas\/","og_site_name":"Realidad Tur\u00edstica","article_publisher":"https:\/\/www.facebook.com\/realidadturistica","article_published_time":"2023-03-28T07:59:21+00:00","og_image":[{"width":732,"height":400,"url":"https:\/\/realidadturistica.com\/realtur\/wp-content\/uploads\/2023\/03\/El-nuevo.jpeg","type":"image\/jpeg"}],"author":"Editor","twitter_card":"summary_large_image","twitter_misc":{"Escrito por":"Editor","Tiempo de lectura":"2 minutos"},"schema":{"@context":"https:\/\/schema.org","@graph":[{"@type":"Article","@id":"https:\/\/realidadturistica.com\/realtur\/el-nuevo-ministro-de-turismo-es-recibido-con-los-brazos-abiertos-por-las-patronales-turisticas\/#article","isPartOf":{"@id":"https:\/\/realidadturistica.com\/realtur\/el-nuevo-ministro-de-turismo-es-recibido-con-los-brazos-abiertos-por-las-patronales-turisticas\/"},"author":{"name":"Editor","@id":"https:\/\/realidadturistica.com\/realtur\/#\/schema\/person\/ade671191202490fcf08ab21590de73e"},"headline":"El nuevo ministro de Turismo es recibido con los brazos abiertos por las patronales tur\u00edsticas","datePublished":"2023-03-28T07:59:21+00:00","mainEntityOfPage":{"@id":"https:\/\/realidadturistica.com\/realtur\/el-nuevo-ministro-de-turismo-es-recibido-con-los-brazos-abiertos-por-las-patronales-turisticas\/"},"wordCount":274,"commentCount":0,"publisher":{"@id":"https:\/\/realidadturistica.com\/realtur\/#organization"},"image":{"@id":"https:\/\/realidadturistica.com\/realtur\/el-nuevo-ministro-de-turismo-es-recibido-con-los-brazos-abiertos-por-las-patronales-turisticas\/#primaryimage"},"thumbnailUrl":"https:\/\/realidadturistica.com\/realtur\/wp-content\/uploads\/2023\/03\/El-nuevo.jpeg","articleSection":["Turismo"],"inLanguage":"es","potentialAction":[{"@type":"CommentAction","name":"Comment","target":["https:\/\/realidadturistica.com\/realtur\/el-nuevo-ministro-de-turismo-es-recibido-con-los-brazos-abiertos-por-las-patronales-turisticas\/#respond"]}]},{"@type":"WebPage","@id":"https:\/\/realidadturistica.com\/realtur\/el-nuevo-ministro-de-turismo-es-recibido-con-los-brazos-abiertos-por-las-patronales-turisticas\/","url":"https:\/\/realidadturistica.com\/realtur\/el-nuevo-ministro-de-turismo-es-recibido-con-los-brazos-abiertos-por-las-patronales-turisticas\/","name":"El nuevo ministro de Turismo es recibido con los brazos abiertos por las patronales tur\u00edsticas - Realidad Tur\u00edstica","isPartOf":{"@id":"https:\/\/realidadturistica.com\/realtur\/#website"},"primaryImageOfPage":{"@id":"https:\/\/realidadturistica.com\/realtur\/el-nuevo-ministro-de-turismo-es-recibido-con-los-brazos-abiertos-por-las-patronales-turisticas\/#primaryimage"},"image":{"@id":"https:\/\/realidadturistica.com\/realtur\/el-nuevo-ministro-de-turismo-es-recibido-con-los-brazos-abiertos-por-las-patronales-turisticas\/#primaryimage"},"thumbnailUrl":"https:\/\/realidadturistica.com\/realtur\/wp-content\/uploads\/2023\/03\/El-nuevo.jpeg","datePublished":"2023-03-28T07:59:21+00:00","breadcrumb":{"@id":"https:\/\/realidadturistica.com\/realtur\/el-nuevo-ministro-de-turismo-es-recibido-con-los-brazos-abiertos-por-las-patronales-turisticas\/#breadcrumb"},"inLanguage":"es","potentialAction":[{"@type":"ReadAction","target":["https:\/\/realidadturistica.com\/realtur\/el-nuevo-ministro-de-turismo-es-recibido-con-los-brazos-abiertos-por-las-patronales-turisticas\/"]}]},{"@type":"ImageObject","inLanguage":"es","@id":"https:\/\/realidadturistica.com\/realtur\/el-nuevo-ministro-de-turismo-es-recibido-con-los-brazos-abiertos-por-las-patronales-turisticas\/#primaryimage","url":"https:\/\/realidadturistica.com\/realtur\/wp-content\/uploads\/2023\/03\/El-nuevo.jpeg","contentUrl":"https:\/\/realidadturistica.com\/realtur\/wp-content\/uploads\/2023\/03\/El-nuevo.jpeg","width":732,"height":400},{"@type":"BreadcrumbList","@id":"https:\/\/realidadturistica.com\/realtur\/el-nuevo-ministro-de-turismo-es-recibido-con-los-brazos-abiertos-por-las-patronales-turisticas\/#breadcrumb","itemListElement":[{"@type":"ListItem","position":1,"name":"Portada","item":"https:\/\/realidadturistica.com\/realtur\/"},{"@type":"ListItem","position":2,"name":"El nuevo ministro de Turismo es recibido con los brazos abiertos por las patronales tur\u00edsticas"}]},{"@type":"WebSite","@id":"https:\/\/realidadturistica.com\/realtur\/#website","url":"https:\/\/realidadturistica.com\/realtur\/","name":"Realidad Tur\u00edstica","description":"","publisher":{"@id":"https:\/\/realidadturistica.com\/realtur\/#organization"},"potentialAction":[{"@type":"SearchAction","target":{"@type":"EntryPoint","urlTemplate":"https:\/\/realidadturistica.com\/realtur\/?s={search_term_string}"},"query-input":{"@type":"PropertyValueSpecification","valueRequired":true,"valueName":"search_term_string"}}],"inLanguage":"es"},{"@type":"Organization","@id":"https:\/\/realidadturistica.com\/realtur\/#organization","name":"Realidad Tur\u00edstica","url":"https:\/\/realidadturistica.com\/realtur\/","logo":{"@type":"ImageObject","inLanguage":"es","@id":"https:\/\/realidadturistica.com\/realtur\/#\/schema\/logo\/image\/","url":"https:\/\/realidadturistica.com\/realtur\/wp-content\/uploads\/2021\/12\/logotipo-realidad-turistica.png","contentUrl":"https:\/\/realidadturistica.com\/realtur\/wp-content\/uploads\/2021\/12\/logotipo-realidad-turistica.png","width":1382,"height":629,"caption":"Realidad Tur\u00edstica"},"image":{"@id":"https:\/\/realidadturistica.com\/realtur\/#\/schema\/logo\/image\/"},"sameAs":["https:\/\/www.facebook.com\/realidadturistica","https:\/\/www.instagram.com\/realidad_turistica\/"]},{"@type":"Person","@id":"https:\/\/realidadturistica.com\/realtur\/#\/schema\/person\/ade671191202490fcf08ab21590de73e","name":"Editor","image":{"@type":"ImageObject","inLanguage":"es","@id":"https:\/\/realidadturistica.com\/realtur\/wp-content\/uploads\/2023\/09\/Editor_avatar_1693668634-96x96.png","url":"https:\/\/realidadturistica.com\/realtur\/wp-content\/uploads\/2023\/09\/Editor_avatar_1693668634-96x96.png","contentUrl":"https:\/\/realidadturistica.com\/realtur\/wp-content\/uploads\/2023\/09\/Editor_avatar_1693668634-96x96.png","caption":"Editor"},"sameAs":["https:\/\/realidadturistica.com\/realtur"],"url":"https:\/\/realidadturistica.com\/realtur\/author\/editor2\/"}]}},"_links":{"self":[{"href":"https:\/\/realidadturistica.com\/realtur\/wp-json\/wp\/v2\/posts\/4089","targetHints":{"allow":["GET"]}}],"collection":[{"href":"https:\/\/realidadturistica.com\/realtur\/wp-json\/wp\/v2\/posts"}],"about":[{"href":"https:\/\/realidadturistica.com\/realtur\/wp-json\/wp\/v2\/types\/post"}],"author":[{"embeddable":true,"href":"https:\/\/realidadturistica.com\/realtur\/wp-json\/wp\/v2\/users\/2"}],"replies":[{"embeddable":true,"href":"https:\/\/realidadturistica.com\/realtur\/wp-json\/wp\/v2\/comments?post=4089"}],"version-history":[{"count":0,"href":"https:\/\/realidadturistica.com\/realtur\/wp-json\/wp\/v2\/posts\/4089\/revisions"}],"wp:featuredmedia":[{"embeddable":true,"href":"https:\/\/realidadturistica.com\/realtur\/wp-json\/wp\/v2\/media\/4090"}],"wp:attachment":[{"href":"https:\/\/realidadturistica.com\/realtur\/wp-json\/wp\/v2\/media?parent=4089"}],"wp:term":[{"taxonomy":"category","embeddable":true,"href":"https:\/\/realidadturistica.com\/realtur\/wp-json\/wp\/v2\/categories?post=4089"},{"taxonomy":"post_tag","embeddable":true,"href":"https:\/\/realidadturistica.com\/realtur\/wp-json\/wp\/v2\/tags?post=4089"}],"curies":[{"name":"wp","href":"https:\/\/api.w.org\/{rel}","templated":true}]}}