{"id":4147,"date":"2023-04-14T12:35:11","date_gmt":"2023-04-14T12:35:11","guid":{"rendered":"https:\/\/realidadturistica.com\/realtur\/?p=4147"},"modified":"2023-04-14T12:35:11","modified_gmt":"2023-04-14T12:35:11","slug":"interjet-se-resiste-a-la-bancarrota-y-asegura-que-volara-a-fin-de-ano","status":"publish","type":"post","link":"https:\/\/realidadturistica.com\/realtur\/interjet-se-resiste-a-la-bancarrota-y-asegura-que-volara-a-fin-de-ano\/","title":{"rendered":"Interjet se resiste a la bancarrota y asegura que volar\u00e1 a fin de a\u00f1o"},"content":{"rendered":"\n<p>Luego de que el pasado lunes el juzgado Segundo de Distrito en materia de Concursos Mercantiles con sede en la Ciudad de M\u00e9xico, declarara abierta la etapa de quiebra del concurso mercantil de la aerol\u00ednea Interjet, y ordenara el remate de sus bienes para el pago de las deudas a sus acreedores, el presidente del consejo de administraci\u00f3n de la compa\u00f1\u00eda, Alejandro del Valle, afirm\u00f3 que esto se debi\u00f3 a un error del conciliador Gerardo Sierra Arrazola, quien no pidi\u00f3 una ampliaci\u00f3n del proceso, pese a que estaban a d\u00edas de terminar la reestructuraci\u00f3n de la empresa, confiados en que volver\u00e1n a los cielos.<\/p>\n\n\n\n<p>En un video publicado en redes sociales, el empresario explic\u00f3 que bajo los cuatro puntos que se han trabajado y gracias a la asesor\u00eda de la firma Morgan Stanley, han llegado a acuerdos con los trabajadores, Hacienda y otras autoridades, as\u00ed como con todos sus acreedores y fondos de inversi\u00f3n.<\/p>\n\n\n\n<p>\u201cUna no tan buena noticia es que el conciliador Gerardo Sierra no pide una ampliaci\u00f3n, yo creo que debe ser alg\u00fan error porque ya nos hab\u00eda informado que \u00edbamos a tener de 90 a 120 d\u00edas m\u00e1s\u201d, afirm\u00f3 el directivo, al destacar que ya est\u00e1n con todo listo y fechas muy cercanas. \u201cEn mayo los trabajadores, junio los impuestos y julio en concurso mercantil, para estar saliendo este fin de a\u00f1o\u201d, indic\u00f3 Del Valle.<\/p>\n\n\n\n<p>Agreg\u00f3 el empresario que sus trabajadores ganaron un laudo legalmente, el cual cumplir\u00e1n al 100%, de hecho, esto ya lo hicieron oficial con la presidenta de la junta federal de conciliaci\u00f3n y arbitraje, Mar\u00eda Eugenia Navarrete. \u201cInterjet ofreci\u00f3 en esa mesa pagar el 100% del laudo, es un derecho de los trabajadores, y aparte la contrataci\u00f3n inmediata pag\u00e1ndoles un mes el d\u00eda de la recontrataci\u00f3n, firmando el nuevo contrato con Interjet y obviamente con nuestro mismo sindicato, CTM Secci\u00f3n 15\u201d, precis\u00f3.<\/p>\n\n\n\n<p>Respecto a los adeudos y los problemas con Hacienda, el presidente de la compa\u00f1\u00eda dijo que \u201ca las autoridades hacendarias hay que respetarlas\u201d, por lo que ya est\u00e1n en orden los impuestos y pagos como IMSS, Infonavit, TUAs, migraci\u00f3n y aeropuertos, sumando casi 500 millones de d\u00f3lares. Para este punto presentaron dos propuestas formales ante el procurador fiscal F\u00e9lix Arturo Medina.<\/p>\n\n\n\n<p>Otro punto fue el pago a los acreedores, en donde el procurador, Ricardo Sheffield, les pide pagar el 100% a los pasajeros afectados, por lo cual destaca que, debido a las ganas de salir adelante y ganar la confianza de los clientes, pagar\u00e1n el 100% de los pasajes a los usuarios. \u201cS\u00ed ustedes no est\u00e1n en la lista del procurador, pres\u00e9ntense y nosotros analizamos su boleto, checamos su pago con su tarjeta y si todo est\u00e1 correcto, Interjet cumplir\u00e1 con el 100% del boleto\u201d, asever\u00f3 Alejandro Del Valle.<\/p>\n\n\n\n<p>Fuente: Reportur.mx<\/p>\n","protected":false},"excerpt":{"rendered":"<p>Luego de que el pasado lunes el juzgado Segundo de Distrito en materia de Concursos Mercantiles con sede en la Ciudad de M\u00e9xico, declarara abierta&hellip;<\/p>\n","protected":false},"author":2,"featured_media":4148,"comment_status":"open","ping_status":"closed","sticky":false,"template":"","format":"standard","meta":{"content-type":"","_lmt_disableupdate":"","_lmt_disable":"","footnotes":""},"categories":[2],"tags":[],"class_list":["post-4147","post","type-post","status-publish","format-standard","has-post-thumbnail","hentry","category-aerolineas"],"yoast_head":"<!-- This site is optimized with the Yoast SEO Premium plugin v27.4 (Yoast SEO v27.5) - https:\/\/yoast.com\/product\/yoast-seo-premium-wordpress\/ -->\n<title>Interjet se resiste a la bancarrota y asegura que volar\u00e1 a fin de a\u00f1o - Realidad Tur\u00edstica<\/title>\n<meta name=\"robots\" content=\"index, follow, max-snippet:-1, max-image-preview:large, max-video-preview:-1\" \/>\n<link rel=\"canonical\" href=\"https:\/\/realidadturistica.com\/realtur\/interjet-se-resiste-a-la-bancarrota-y-asegura-que-volara-a-fin-de-ano\/\" \/>\n<meta property=\"og:locale\" content=\"es_ES\" \/>\n<meta property=\"og:type\" content=\"article\" \/>\n<meta property=\"og:title\" content=\"Interjet se resiste a la bancarrota y asegura que volar\u00e1 a fin de a\u00f1o\" \/>\n<meta property=\"og:description\" content=\"Luego de que el pasado lunes el juzgado Segundo de Distrito en materia de Concursos Mercantiles con sede en la Ciudad de M\u00e9xico, declarara abierta&hellip;\" \/>\n<meta property=\"og:url\" content=\"https:\/\/realidadturistica.com\/realtur\/interjet-se-resiste-a-la-bancarrota-y-asegura-que-volara-a-fin-de-ano\/\" \/>\n<meta property=\"og:site_name\" content=\"Realidad Tur\u00edstica\" \/>\n<meta property=\"article:publisher\" content=\"https:\/\/www.facebook.com\/realidadturistica\" \/>\n<meta property=\"article:published_time\" content=\"2023-04-14T12:35:11+00:00\" \/>\n<meta property=\"og:image\" content=\"https:\/\/realidadturistica.com\/realtur\/wp-content\/uploads\/2023\/04\/Interjet-se-resiste.jpg\" \/>\n\t<meta property=\"og:image:width\" content=\"800\" \/>\n\t<meta property=\"og:image:height\" content=\"400\" \/>\n\t<meta property=\"og:image:type\" content=\"image\/jpeg\" \/>\n<meta name=\"author\" content=\"Editor\" \/>\n<meta name=\"twitter:card\" content=\"summary_large_image\" \/>\n<meta name=\"twitter:label1\" content=\"Escrito por\" \/>\n\t<meta name=\"twitter:data1\" content=\"Editor\" \/>\n\t<meta name=\"twitter:label2\" content=\"Tiempo de lectura\" \/>\n\t<meta name=\"twitter:data2\" content=\"3 minutos\" \/>\n<script type=\"application\/ld+json\" class=\"yoast-schema-graph\">{\"@context\":\"https:\\\/\\\/schema.org\",\"@graph\":[{\"@type\":\"Article\",\"@id\":\"https:\\\/\\\/realidadturistica.com\\\/realtur\\\/interjet-se-resiste-a-la-bancarrota-y-asegura-que-volara-a-fin-de-ano\\\/#article\",\"isPartOf\":{\"@id\":\"https:\\\/\\\/realidadturistica.com\\\/realtur\\\/interjet-se-resiste-a-la-bancarrota-y-asegura-que-volara-a-fin-de-ano\\\/\"},\"author\":{\"name\":\"Editor\",\"@id\":\"https:\\\/\\\/realidadturistica.com\\\/realtur\\\/#\\\/schema\\\/person\\\/ade671191202490fcf08ab21590de73e\"},\"headline\":\"Interjet se resiste a la bancarrota y asegura que volar\u00e1 a fin de a\u00f1o\",\"datePublished\":\"2023-04-14T12:35:11+00:00\",\"mainEntityOfPage\":{\"@id\":\"https:\\\/\\\/realidadturistica.com\\\/realtur\\\/interjet-se-resiste-a-la-bancarrota-y-asegura-que-volara-a-fin-de-ano\\\/\"},\"wordCount\":500,\"commentCount\":0,\"publisher\":{\"@id\":\"https:\\\/\\\/realidadturistica.com\\\/realtur\\\/#organization\"},\"image\":{\"@id\":\"https:\\\/\\\/realidadturistica.com\\\/realtur\\\/interjet-se-resiste-a-la-bancarrota-y-asegura-que-volara-a-fin-de-ano\\\/#primaryimage\"},\"thumbnailUrl\":\"https:\\\/\\\/realidadturistica.com\\\/realtur\\\/wp-content\\\/uploads\\\/2023\\\/04\\\/Interjet-se-resiste.jpg\",\"articleSection\":[\"Volar con pasi\u00f3n\"],\"inLanguage\":\"es\",\"potentialAction\":[{\"@type\":\"CommentAction\",\"name\":\"Comment\",\"target\":[\"https:\\\/\\\/realidadturistica.com\\\/realtur\\\/interjet-se-resiste-a-la-bancarrota-y-asegura-que-volara-a-fin-de-ano\\\/#respond\"]}]},{\"@type\":\"WebPage\",\"@id\":\"https:\\\/\\\/realidadturistica.com\\\/realtur\\\/interjet-se-resiste-a-la-bancarrota-y-asegura-que-volara-a-fin-de-ano\\\/\",\"url\":\"https:\\\/\\\/realidadturistica.com\\\/realtur\\\/interjet-se-resiste-a-la-bancarrota-y-asegura-que-volara-a-fin-de-ano\\\/\",\"name\":\"Interjet se resiste a la bancarrota y asegura que volar\u00e1 a fin de a\u00f1o - Realidad Tur\u00edstica\",\"isPartOf\":{\"@id\":\"https:\\\/\\\/realidadturistica.com\\\/realtur\\\/#website\"},\"primaryImageOfPage\":{\"@id\":\"https:\\\/\\\/realidadturistica.com\\\/realtur\\\/interjet-se-resiste-a-la-bancarrota-y-asegura-que-volara-a-fin-de-ano\\\/#primaryimage\"},\"image\":{\"@id\":\"https:\\\/\\\/realidadturistica.com\\\/realtur\\\/interjet-se-resiste-a-la-bancarrota-y-asegura-que-volara-a-fin-de-ano\\\/#primaryimage\"},\"thumbnailUrl\":\"https:\\\/\\\/realidadturistica.com\\\/realtur\\\/wp-content\\\/uploads\\\/2023\\\/04\\\/Interjet-se-resiste.jpg\",\"datePublished\":\"2023-04-14T12:35:11+00:00\",\"breadcrumb\":{\"@id\":\"https:\\\/\\\/realidadturistica.com\\\/realtur\\\/interjet-se-resiste-a-la-bancarrota-y-asegura-que-volara-a-fin-de-ano\\\/#breadcrumb\"},\"inLanguage\":\"es\",\"potentialAction\":[{\"@type\":\"ReadAction\",\"target\":[\"https:\\\/\\\/realidadturistica.com\\\/realtur\\\/interjet-se-resiste-a-la-bancarrota-y-asegura-que-volara-a-fin-de-ano\\\/\"]}]},{\"@type\":\"ImageObject\",\"inLanguage\":\"es\",\"@id\":\"https:\\\/\\\/realidadturistica.com\\\/realtur\\\/interjet-se-resiste-a-la-bancarrota-y-asegura-que-volara-a-fin-de-ano\\\/#primaryimage\",\"url\":\"https:\\\/\\\/realidadturistica.com\\\/realtur\\\/wp-content\\\/uploads\\\/2023\\\/04\\\/Interjet-se-resiste.jpg\",\"contentUrl\":\"https:\\\/\\\/realidadturistica.com\\\/realtur\\\/wp-content\\\/uploads\\\/2023\\\/04\\\/Interjet-se-resiste.jpg\",\"width\":800,\"height\":400},{\"@type\":\"BreadcrumbList\",\"@id\":\"https:\\\/\\\/realidadturistica.com\\\/realtur\\\/interjet-se-resiste-a-la-bancarrota-y-asegura-que-volara-a-fin-de-ano\\\/#breadcrumb\",\"itemListElement\":[{\"@type\":\"ListItem\",\"position\":1,\"name\":\"Portada\",\"item\":\"https:\\\/\\\/realidadturistica.com\\\/realtur\\\/\"},{\"@type\":\"ListItem\",\"position\":2,\"name\":\"Interjet se resiste a la bancarrota y asegura que volar\u00e1 a fin de a\u00f1o\"}]},{\"@type\":\"WebSite\",\"@id\":\"https:\\\/\\\/realidadturistica.com\\\/realtur\\\/#website\",\"url\":\"https:\\\/\\\/realidadturistica.com\\\/realtur\\\/\",\"name\":\"Realidad Tur\u00edstica\",\"description\":\"\",\"publisher\":{\"@id\":\"https:\\\/\\\/realidadturistica.com\\\/realtur\\\/#organization\"},\"potentialAction\":[{\"@type\":\"SearchAction\",\"target\":{\"@type\":\"EntryPoint\",\"urlTemplate\":\"https:\\\/\\\/realidadturistica.com\\\/realtur\\\/?s={search_term_string}\"},\"query-input\":{\"@type\":\"PropertyValueSpecification\",\"valueRequired\":true,\"valueName\":\"search_term_string\"}}],\"inLanguage\":\"es\"},{\"@type\":\"Organization\",\"@id\":\"https:\\\/\\\/realidadturistica.com\\\/realtur\\\/#organization\",\"name\":\"Realidad Tur\u00edstica\",\"url\":\"https:\\\/\\\/realidadturistica.com\\\/realtur\\\/\",\"logo\":{\"@type\":\"ImageObject\",\"inLanguage\":\"es\",\"@id\":\"https:\\\/\\\/realidadturistica.com\\\/realtur\\\/#\\\/schema\\\/logo\\\/image\\\/\",\"url\":\"https:\\\/\\\/realidadturistica.com\\\/realtur\\\/wp-content\\\/uploads\\\/2021\\\/12\\\/logotipo-realidad-turistica.png\",\"contentUrl\":\"https:\\\/\\\/realidadturistica.com\\\/realtur\\\/wp-content\\\/uploads\\\/2021\\\/12\\\/logotipo-realidad-turistica.png\",\"width\":1382,\"height\":629,\"caption\":\"Realidad Tur\u00edstica\"},\"image\":{\"@id\":\"https:\\\/\\\/realidadturistica.com\\\/realtur\\\/#\\\/schema\\\/logo\\\/image\\\/\"},\"sameAs\":[\"https:\\\/\\\/www.facebook.com\\\/realidadturistica\",\"https:\\\/\\\/www.instagram.com\\\/realidad_turistica\\\/\"]},{\"@type\":\"Person\",\"@id\":\"https:\\\/\\\/realidadturistica.com\\\/realtur\\\/#\\\/schema\\\/person\\\/ade671191202490fcf08ab21590de73e\",\"name\":\"Editor\",\"image\":{\"@type\":\"ImageObject\",\"inLanguage\":\"es\",\"@id\":\"https:\\\/\\\/realidadturistica.com\\\/realtur\\\/wp-content\\\/uploads\\\/2023\\\/09\\\/Editor_avatar_1693668634-96x96.png\",\"url\":\"https:\\\/\\\/realidadturistica.com\\\/realtur\\\/wp-content\\\/uploads\\\/2023\\\/09\\\/Editor_avatar_1693668634-96x96.png\",\"contentUrl\":\"https:\\\/\\\/realidadturistica.com\\\/realtur\\\/wp-content\\\/uploads\\\/2023\\\/09\\\/Editor_avatar_1693668634-96x96.png\",\"caption\":\"Editor\"},\"sameAs\":[\"https:\\\/\\\/realidadturistica.com\\\/realtur\"],\"url\":\"https:\\\/\\\/realidadturistica.com\\\/realtur\\\/author\\\/editor2\\\/\"}]}<\/script>\n<!-- \/ Yoast SEO Premium plugin. -->","yoast_head_json":{"title":"Interjet se resiste a la bancarrota y asegura que volar\u00e1 a fin de a\u00f1o - Realidad Tur\u00edstica","robots":{"index":"index","follow":"follow","max-snippet":"max-snippet:-1","max-image-preview":"max-image-preview:large","max-video-preview":"max-video-preview:-1"},"canonical":"https:\/\/realidadturistica.com\/realtur\/interjet-se-resiste-a-la-bancarrota-y-asegura-que-volara-a-fin-de-ano\/","og_locale":"es_ES","og_type":"article","og_title":"Interjet se resiste a la bancarrota y asegura que volar\u00e1 a fin de a\u00f1o","og_description":"Luego de que el pasado lunes el juzgado Segundo de Distrito en materia de Concursos Mercantiles con sede en la Ciudad de M\u00e9xico, declarara abierta&hellip;","og_url":"https:\/\/realidadturistica.com\/realtur\/interjet-se-resiste-a-la-bancarrota-y-asegura-que-volara-a-fin-de-ano\/","og_site_name":"Realidad Tur\u00edstica","article_publisher":"https:\/\/www.facebook.com\/realidadturistica","article_published_time":"2023-04-14T12:35:11+00:00","og_image":[{"width":800,"height":400,"url":"https:\/\/realidadturistica.com\/realtur\/wp-content\/uploads\/2023\/04\/Interjet-se-resiste.jpg","type":"image\/jpeg"}],"author":"Editor","twitter_card":"summary_large_image","twitter_misc":{"Escrito por":"Editor","Tiempo de lectura":"3 minutos"},"schema":{"@context":"https:\/\/schema.org","@graph":[{"@type":"Article","@id":"https:\/\/realidadturistica.com\/realtur\/interjet-se-resiste-a-la-bancarrota-y-asegura-que-volara-a-fin-de-ano\/#article","isPartOf":{"@id":"https:\/\/realidadturistica.com\/realtur\/interjet-se-resiste-a-la-bancarrota-y-asegura-que-volara-a-fin-de-ano\/"},"author":{"name":"Editor","@id":"https:\/\/realidadturistica.com\/realtur\/#\/schema\/person\/ade671191202490fcf08ab21590de73e"},"headline":"Interjet se resiste a la bancarrota y asegura que volar\u00e1 a fin de a\u00f1o","datePublished":"2023-04-14T12:35:11+00:00","mainEntityOfPage":{"@id":"https:\/\/realidadturistica.com\/realtur\/interjet-se-resiste-a-la-bancarrota-y-asegura-que-volara-a-fin-de-ano\/"},"wordCount":500,"commentCount":0,"publisher":{"@id":"https:\/\/realidadturistica.com\/realtur\/#organization"},"image":{"@id":"https:\/\/realidadturistica.com\/realtur\/interjet-se-resiste-a-la-bancarrota-y-asegura-que-volara-a-fin-de-ano\/#primaryimage"},"thumbnailUrl":"https:\/\/realidadturistica.com\/realtur\/wp-content\/uploads\/2023\/04\/Interjet-se-resiste.jpg","articleSection":["Volar con pasi\u00f3n"],"inLanguage":"es","potentialAction":[{"@type":"CommentAction","name":"Comment","target":["https:\/\/realidadturistica.com\/realtur\/interjet-se-resiste-a-la-bancarrota-y-asegura-que-volara-a-fin-de-ano\/#respond"]}]},{"@type":"WebPage","@id":"https:\/\/realidadturistica.com\/realtur\/interjet-se-resiste-a-la-bancarrota-y-asegura-que-volara-a-fin-de-ano\/","url":"https:\/\/realidadturistica.com\/realtur\/interjet-se-resiste-a-la-bancarrota-y-asegura-que-volara-a-fin-de-ano\/","name":"Interjet se resiste a la bancarrota y asegura que volar\u00e1 a fin de a\u00f1o - Realidad Tur\u00edstica","isPartOf":{"@id":"https:\/\/realidadturistica.com\/realtur\/#website"},"primaryImageOfPage":{"@id":"https:\/\/realidadturistica.com\/realtur\/interjet-se-resiste-a-la-bancarrota-y-asegura-que-volara-a-fin-de-ano\/#primaryimage"},"image":{"@id":"https:\/\/realidadturistica.com\/realtur\/interjet-se-resiste-a-la-bancarrota-y-asegura-que-volara-a-fin-de-ano\/#primaryimage"},"thumbnailUrl":"https:\/\/realidadturistica.com\/realtur\/wp-content\/uploads\/2023\/04\/Interjet-se-resiste.jpg","datePublished":"2023-04-14T12:35:11+00:00","breadcrumb":{"@id":"https:\/\/realidadturistica.com\/realtur\/interjet-se-resiste-a-la-bancarrota-y-asegura-que-volara-a-fin-de-ano\/#breadcrumb"},"inLanguage":"es","potentialAction":[{"@type":"ReadAction","target":["https:\/\/realidadturistica.com\/realtur\/interjet-se-resiste-a-la-bancarrota-y-asegura-que-volara-a-fin-de-ano\/"]}]},{"@type":"ImageObject","inLanguage":"es","@id":"https:\/\/realidadturistica.com\/realtur\/interjet-se-resiste-a-la-bancarrota-y-asegura-que-volara-a-fin-de-ano\/#primaryimage","url":"https:\/\/realidadturistica.com\/realtur\/wp-content\/uploads\/2023\/04\/Interjet-se-resiste.jpg","contentUrl":"https:\/\/realidadturistica.com\/realtur\/wp-content\/uploads\/2023\/04\/Interjet-se-resiste.jpg","width":800,"height":400},{"@type":"BreadcrumbList","@id":"https:\/\/realidadturistica.com\/realtur\/interjet-se-resiste-a-la-bancarrota-y-asegura-que-volara-a-fin-de-ano\/#breadcrumb","itemListElement":[{"@type":"ListItem","position":1,"name":"Portada","item":"https:\/\/realidadturistica.com\/realtur\/"},{"@type":"ListItem","position":2,"name":"Interjet se resiste a la bancarrota y asegura que volar\u00e1 a fin de a\u00f1o"}]},{"@type":"WebSite","@id":"https:\/\/realidadturistica.com\/realtur\/#website","url":"https:\/\/realidadturistica.com\/realtur\/","name":"Realidad Tur\u00edstica","description":"","publisher":{"@id":"https:\/\/realidadturistica.com\/realtur\/#organization"},"potentialAction":[{"@type":"SearchAction","target":{"@type":"EntryPoint","urlTemplate":"https:\/\/realidadturistica.com\/realtur\/?s={search_term_string}"},"query-input":{"@type":"PropertyValueSpecification","valueRequired":true,"valueName":"search_term_string"}}],"inLanguage":"es"},{"@type":"Organization","@id":"https:\/\/realidadturistica.com\/realtur\/#organization","name":"Realidad Tur\u00edstica","url":"https:\/\/realidadturistica.com\/realtur\/","logo":{"@type":"ImageObject","inLanguage":"es","@id":"https:\/\/realidadturistica.com\/realtur\/#\/schema\/logo\/image\/","url":"https:\/\/realidadturistica.com\/realtur\/wp-content\/uploads\/2021\/12\/logotipo-realidad-turistica.png","contentUrl":"https:\/\/realidadturistica.com\/realtur\/wp-content\/uploads\/2021\/12\/logotipo-realidad-turistica.png","width":1382,"height":629,"caption":"Realidad Tur\u00edstica"},"image":{"@id":"https:\/\/realidadturistica.com\/realtur\/#\/schema\/logo\/image\/"},"sameAs":["https:\/\/www.facebook.com\/realidadturistica","https:\/\/www.instagram.com\/realidad_turistica\/"]},{"@type":"Person","@id":"https:\/\/realidadturistica.com\/realtur\/#\/schema\/person\/ade671191202490fcf08ab21590de73e","name":"Editor","image":{"@type":"ImageObject","inLanguage":"es","@id":"https:\/\/realidadturistica.com\/realtur\/wp-content\/uploads\/2023\/09\/Editor_avatar_1693668634-96x96.png","url":"https:\/\/realidadturistica.com\/realtur\/wp-content\/uploads\/2023\/09\/Editor_avatar_1693668634-96x96.png","contentUrl":"https:\/\/realidadturistica.com\/realtur\/wp-content\/uploads\/2023\/09\/Editor_avatar_1693668634-96x96.png","caption":"Editor"},"sameAs":["https:\/\/realidadturistica.com\/realtur"],"url":"https:\/\/realidadturistica.com\/realtur\/author\/editor2\/"}]}},"_links":{"self":[{"href":"https:\/\/realidadturistica.com\/realtur\/wp-json\/wp\/v2\/posts\/4147","targetHints":{"allow":["GET"]}}],"collection":[{"href":"https:\/\/realidadturistica.com\/realtur\/wp-json\/wp\/v2\/posts"}],"about":[{"href":"https:\/\/realidadturistica.com\/realtur\/wp-json\/wp\/v2\/types\/post"}],"author":[{"embeddable":true,"href":"https:\/\/realidadturistica.com\/realtur\/wp-json\/wp\/v2\/users\/2"}],"replies":[{"embeddable":true,"href":"https:\/\/realidadturistica.com\/realtur\/wp-json\/wp\/v2\/comments?post=4147"}],"version-history":[{"count":0,"href":"https:\/\/realidadturistica.com\/realtur\/wp-json\/wp\/v2\/posts\/4147\/revisions"}],"wp:featuredmedia":[{"embeddable":true,"href":"https:\/\/realidadturistica.com\/realtur\/wp-json\/wp\/v2\/media\/4148"}],"wp:attachment":[{"href":"https:\/\/realidadturistica.com\/realtur\/wp-json\/wp\/v2\/media?parent=4147"}],"wp:term":[{"taxonomy":"category","embeddable":true,"href":"https:\/\/realidadturistica.com\/realtur\/wp-json\/wp\/v2\/categories?post=4147"},{"taxonomy":"post_tag","embeddable":true,"href":"https:\/\/realidadturistica.com\/realtur\/wp-json\/wp\/v2\/tags?post=4147"}],"curies":[{"name":"wp","href":"https:\/\/api.w.org\/{rel}","templated":true}]}}