{"id":4315,"date":"2023-05-09T12:04:07","date_gmt":"2023-05-09T12:04:07","guid":{"rendered":"https:\/\/realidadturistica.com\/realtur\/?p=4315"},"modified":"2023-05-09T12:04:07","modified_gmt":"2023-05-09T12:04:07","slug":"enjoy-travel-group-enjoy-cuba-desde-ya-dice-presente-en-fitcuba-2024","status":"publish","type":"post","link":"https:\/\/realidadturistica.com\/realtur\/enjoy-travel-group-enjoy-cuba-desde-ya-dice-presente-en-fitcuba-2024\/","title":{"rendered":"Enjoy Travel Group &#8211; Enjoy Cuba, desde ya dice presente en FITCUBA 2024"},"content":{"rendered":"\n<p>Ha terminado la m\u00e1s importante Feria Internacional de turismo de Cuba; sin dudas ha sido una Feria muy potente a nivel de colaboraciones, acuerdos y estrategias conjuntas.<\/p>\n\n\n\n<p>La 41 edici\u00f3n de FITCUBA 2023, se caracteriz\u00f3 por intensas jornadas consagradas a promover los valores de la cultura cubana y la riqueza de su patrimonio a m\u00e1s de 1600 extranjeros procedentes de 41 pa\u00edses; turoperadores, agentes de viajes, l\u00edneas a\u00e9reas, personalidades, invitados e importantes medios de prensa.<\/p>\n\n\n\n<figure class=\"wp-block-image size-full is-resized\"><img fetchpriority=\"high\" decoding=\"async\" src=\"https:\/\/realidadturistica.com\/realtur\/wp-content\/uploads\/2023\/05\/IMG_20230505_155647_051-2.webp\" alt=\"\" class=\"wp-image-4317\" width=\"687\" height=\"687\" srcset=\"https:\/\/realidadturistica.com\/realtur\/wp-content\/uploads\/2023\/05\/IMG_20230505_155647_051-2.webp 450w, https:\/\/realidadturistica.com\/realtur\/wp-content\/uploads\/2023\/05\/IMG_20230505_155647_051-2-300x300.webp 300w, https:\/\/realidadturistica.com\/realtur\/wp-content\/uploads\/2023\/05\/IMG_20230505_155647_051-2-150x150.webp 150w\" sizes=\"(max-width: 687px) 100vw, 687px\" \/><\/figure>\n\n\n\n<p>En entrevista con principales directivos de Enjoy Travel Group nos comparten: \u201cAgradecemos a Cuba;&nbsp; al Ministerio de Turismo por lograr un evento con tan alto nivel que demuestra claramente nuestra visi\u00f3n de que todos \u201cSomos el Equipo Cuba\u201d, donde cada Compa\u00f1\u00eda aporta su granito de arena para hacer crecer el turismo desde los diferentes mercados hacia la isla; regresamos muy motivados, cada vez m\u00e1s comprometidos y estamos seguros que seguir\u00e1 creciendo el turismo hacia Cuba y como siempre decimos, Vamos a tope.<\/p>\n\n\n\n<p>\u201c Valoramos el gran trabajo y profesionalidad de los equipos de las cadenas hoteleras nacionales y extranjeras radicadas en la isla ( Cubanac\u00e1n, Gaviota, Gran Caribe, Islazul, Meli\u00e1, IBEROSTAR, ACCOR,&nbsp; Blue Diamond, Muthu, ROC, Kempinski,&nbsp; Hoteles Aston ; las agencias receptivas ( Ecotur, Havanatur, Cubatur, Viajes Cubanacan) que reciben y apoyan a nuestros clientes en el destino, queremos agradecer a todo el equipo del recinto ferial Morro Caba\u00f1a, a todos, han sido jornadas intensas&nbsp; pero llenas de optimismo\u201d .<\/p>\n\n\n\n<p>Enjoy Travel Group continuar\u00e1 apostando por la bella isla caribe\u00f1a, trabajando duro por hacer crecer el n\u00famero de asientos y aumentar los visitantes al destino, alineados con los objetivos del Mintur.<\/p>\n\n\n\n<figure class=\"wp-block-image size-full\"><img decoding=\"async\" width=\"768\" height=\"768\" src=\"https:\/\/realidadturistica.com\/realtur\/wp-content\/uploads\/2023\/05\/IMG_20230505_155647_116-1.webp\" alt=\"\" class=\"wp-image-4318\" srcset=\"https:\/\/realidadturistica.com\/realtur\/wp-content\/uploads\/2023\/05\/IMG_20230505_155647_116-1.webp 768w, https:\/\/realidadturistica.com\/realtur\/wp-content\/uploads\/2023\/05\/IMG_20230505_155647_116-1-300x300.webp 300w, https:\/\/realidadturistica.com\/realtur\/wp-content\/uploads\/2023\/05\/IMG_20230505_155647_116-1-150x150.webp 150w\" sizes=\"(max-width: 768px) 100vw, 768px\" \/><\/figure>\n\n\n\n<p>Desde ya diremos presente a FITCUBA 2024, que tendr\u00e1 como sede el hermoso destino \u201c Jardines del Rey\u201d&nbsp; y que estar\u00e1 dedicada a Am\u00e9rica Latina y el Caribe.<\/p>\n\n\n\n<p>www.enjoytravelgroup.com<\/p>\n\n\n\n<p>#viajarnosune<\/p>\n","protected":false},"excerpt":{"rendered":"<p>Ha terminado la m\u00e1s importante Feria Internacional de turismo de Cuba; sin dudas ha sido una Feria muy potente a nivel de colaboraciones, acuerdos y&hellip;<\/p>\n","protected":false},"author":2,"featured_media":4316,"comment_status":"open","ping_status":"closed","sticky":false,"template":"","format":"standard","meta":{"content-type":"","_lmt_disableupdate":"","_lmt_disable":"","footnotes":""},"categories":[4],"tags":[],"class_list":["post-4315","post","type-post","status-publish","format-standard","has-post-thumbnail","hentry","category-destinos"],"yoast_head":"<!-- This site is optimized with the Yoast SEO Premium plugin v27.4 (Yoast SEO v27.5) - https:\/\/yoast.com\/product\/yoast-seo-premium-wordpress\/ -->\n<title>Enjoy Travel Group - Enjoy Cuba, desde ya dice presente en FITCUBA 2024 - Realidad Tur\u00edstica<\/title>\n<meta name=\"robots\" content=\"index, follow, max-snippet:-1, max-image-preview:large, max-video-preview:-1\" \/>\n<link rel=\"canonical\" href=\"https:\/\/realidadturistica.com\/realtur\/enjoy-travel-group-enjoy-cuba-desde-ya-dice-presente-en-fitcuba-2024\/\" \/>\n<meta property=\"og:locale\" content=\"es_ES\" \/>\n<meta property=\"og:type\" content=\"article\" \/>\n<meta property=\"og:title\" content=\"Enjoy Travel Group - Enjoy Cuba, desde ya dice presente en FITCUBA 2024\" \/>\n<meta property=\"og:description\" content=\"Ha terminado la m\u00e1s importante Feria Internacional de turismo de Cuba; sin dudas ha sido una Feria muy potente a nivel de colaboraciones, acuerdos y&hellip;\" \/>\n<meta property=\"og:url\" content=\"https:\/\/realidadturistica.com\/realtur\/enjoy-travel-group-enjoy-cuba-desde-ya-dice-presente-en-fitcuba-2024\/\" \/>\n<meta property=\"og:site_name\" content=\"Realidad Tur\u00edstica\" \/>\n<meta property=\"article:publisher\" content=\"https:\/\/www.facebook.com\/realidadturistica\" \/>\n<meta property=\"article:published_time\" content=\"2023-05-09T12:04:07+00:00\" \/>\n<meta property=\"og:image\" content=\"https:\/\/realidadturistica.com\/realtur\/wp-content\/uploads\/2023\/05\/IMG-20230505-WA0036-2.jpg\" \/>\n\t<meta property=\"og:image:width\" content=\"1080\" \/>\n\t<meta property=\"og:image:height\" content=\"486\" \/>\n\t<meta property=\"og:image:type\" content=\"image\/jpeg\" \/>\n<meta name=\"author\" content=\"Editor\" \/>\n<meta name=\"twitter:card\" content=\"summary_large_image\" \/>\n<meta name=\"twitter:label1\" content=\"Escrito por\" \/>\n\t<meta name=\"twitter:data1\" content=\"Editor\" \/>\n\t<meta name=\"twitter:label2\" content=\"Tiempo de lectura\" \/>\n\t<meta name=\"twitter:data2\" content=\"2 minutos\" \/>\n<script type=\"application\/ld+json\" class=\"yoast-schema-graph\">{\"@context\":\"https:\\\/\\\/schema.org\",\"@graph\":[{\"@type\":\"Article\",\"@id\":\"https:\\\/\\\/realidadturistica.com\\\/realtur\\\/enjoy-travel-group-enjoy-cuba-desde-ya-dice-presente-en-fitcuba-2024\\\/#article\",\"isPartOf\":{\"@id\":\"https:\\\/\\\/realidadturistica.com\\\/realtur\\\/enjoy-travel-group-enjoy-cuba-desde-ya-dice-presente-en-fitcuba-2024\\\/\"},\"author\":{\"name\":\"Editor\",\"@id\":\"https:\\\/\\\/realidadturistica.com\\\/realtur\\\/#\\\/schema\\\/person\\\/ade671191202490fcf08ab21590de73e\"},\"headline\":\"Enjoy Travel Group &#8211; Enjoy Cuba, desde ya dice presente en FITCUBA 2024\",\"datePublished\":\"2023-05-09T12:04:07+00:00\",\"mainEntityOfPage\":{\"@id\":\"https:\\\/\\\/realidadturistica.com\\\/realtur\\\/enjoy-travel-group-enjoy-cuba-desde-ya-dice-presente-en-fitcuba-2024\\\/\"},\"wordCount\":319,\"commentCount\":0,\"publisher\":{\"@id\":\"https:\\\/\\\/realidadturistica.com\\\/realtur\\\/#organization\"},\"image\":{\"@id\":\"https:\\\/\\\/realidadturistica.com\\\/realtur\\\/enjoy-travel-group-enjoy-cuba-desde-ya-dice-presente-en-fitcuba-2024\\\/#primaryimage\"},\"thumbnailUrl\":\"https:\\\/\\\/realidadturistica.com\\\/realtur\\\/wp-content\\\/uploads\\\/2023\\\/05\\\/IMG-20230505-WA0036-2.jpg\",\"articleSection\":[\"Destinos M\u00e1gicos\"],\"inLanguage\":\"es\",\"potentialAction\":[{\"@type\":\"CommentAction\",\"name\":\"Comment\",\"target\":[\"https:\\\/\\\/realidadturistica.com\\\/realtur\\\/enjoy-travel-group-enjoy-cuba-desde-ya-dice-presente-en-fitcuba-2024\\\/#respond\"]}]},{\"@type\":\"WebPage\",\"@id\":\"https:\\\/\\\/realidadturistica.com\\\/realtur\\\/enjoy-travel-group-enjoy-cuba-desde-ya-dice-presente-en-fitcuba-2024\\\/\",\"url\":\"https:\\\/\\\/realidadturistica.com\\\/realtur\\\/enjoy-travel-group-enjoy-cuba-desde-ya-dice-presente-en-fitcuba-2024\\\/\",\"name\":\"Enjoy Travel Group - Enjoy Cuba, desde ya dice presente en FITCUBA 2024 - Realidad Tur\u00edstica\",\"isPartOf\":{\"@id\":\"https:\\\/\\\/realidadturistica.com\\\/realtur\\\/#website\"},\"primaryImageOfPage\":{\"@id\":\"https:\\\/\\\/realidadturistica.com\\\/realtur\\\/enjoy-travel-group-enjoy-cuba-desde-ya-dice-presente-en-fitcuba-2024\\\/#primaryimage\"},\"image\":{\"@id\":\"https:\\\/\\\/realidadturistica.com\\\/realtur\\\/enjoy-travel-group-enjoy-cuba-desde-ya-dice-presente-en-fitcuba-2024\\\/#primaryimage\"},\"thumbnailUrl\":\"https:\\\/\\\/realidadturistica.com\\\/realtur\\\/wp-content\\\/uploads\\\/2023\\\/05\\\/IMG-20230505-WA0036-2.jpg\",\"datePublished\":\"2023-05-09T12:04:07+00:00\",\"breadcrumb\":{\"@id\":\"https:\\\/\\\/realidadturistica.com\\\/realtur\\\/enjoy-travel-group-enjoy-cuba-desde-ya-dice-presente-en-fitcuba-2024\\\/#breadcrumb\"},\"inLanguage\":\"es\",\"potentialAction\":[{\"@type\":\"ReadAction\",\"target\":[\"https:\\\/\\\/realidadturistica.com\\\/realtur\\\/enjoy-travel-group-enjoy-cuba-desde-ya-dice-presente-en-fitcuba-2024\\\/\"]}]},{\"@type\":\"ImageObject\",\"inLanguage\":\"es\",\"@id\":\"https:\\\/\\\/realidadturistica.com\\\/realtur\\\/enjoy-travel-group-enjoy-cuba-desde-ya-dice-presente-en-fitcuba-2024\\\/#primaryimage\",\"url\":\"https:\\\/\\\/realidadturistica.com\\\/realtur\\\/wp-content\\\/uploads\\\/2023\\\/05\\\/IMG-20230505-WA0036-2.jpg\",\"contentUrl\":\"https:\\\/\\\/realidadturistica.com\\\/realtur\\\/wp-content\\\/uploads\\\/2023\\\/05\\\/IMG-20230505-WA0036-2.jpg\",\"width\":1080,\"height\":486},{\"@type\":\"BreadcrumbList\",\"@id\":\"https:\\\/\\\/realidadturistica.com\\\/realtur\\\/enjoy-travel-group-enjoy-cuba-desde-ya-dice-presente-en-fitcuba-2024\\\/#breadcrumb\",\"itemListElement\":[{\"@type\":\"ListItem\",\"position\":1,\"name\":\"Portada\",\"item\":\"https:\\\/\\\/realidadturistica.com\\\/realtur\\\/\"},{\"@type\":\"ListItem\",\"position\":2,\"name\":\"Enjoy Travel Group &#8211; Enjoy Cuba, desde ya dice presente en FITCUBA 2024\"}]},{\"@type\":\"WebSite\",\"@id\":\"https:\\\/\\\/realidadturistica.com\\\/realtur\\\/#website\",\"url\":\"https:\\\/\\\/realidadturistica.com\\\/realtur\\\/\",\"name\":\"Realidad Tur\u00edstica\",\"description\":\"\",\"publisher\":{\"@id\":\"https:\\\/\\\/realidadturistica.com\\\/realtur\\\/#organization\"},\"potentialAction\":[{\"@type\":\"SearchAction\",\"target\":{\"@type\":\"EntryPoint\",\"urlTemplate\":\"https:\\\/\\\/realidadturistica.com\\\/realtur\\\/?s={search_term_string}\"},\"query-input\":{\"@type\":\"PropertyValueSpecification\",\"valueRequired\":true,\"valueName\":\"search_term_string\"}}],\"inLanguage\":\"es\"},{\"@type\":\"Organization\",\"@id\":\"https:\\\/\\\/realidadturistica.com\\\/realtur\\\/#organization\",\"name\":\"Realidad Tur\u00edstica\",\"url\":\"https:\\\/\\\/realidadturistica.com\\\/realtur\\\/\",\"logo\":{\"@type\":\"ImageObject\",\"inLanguage\":\"es\",\"@id\":\"https:\\\/\\\/realidadturistica.com\\\/realtur\\\/#\\\/schema\\\/logo\\\/image\\\/\",\"url\":\"https:\\\/\\\/realidadturistica.com\\\/realtur\\\/wp-content\\\/uploads\\\/2021\\\/12\\\/logotipo-realidad-turistica.png\",\"contentUrl\":\"https:\\\/\\\/realidadturistica.com\\\/realtur\\\/wp-content\\\/uploads\\\/2021\\\/12\\\/logotipo-realidad-turistica.png\",\"width\":1382,\"height\":629,\"caption\":\"Realidad Tur\u00edstica\"},\"image\":{\"@id\":\"https:\\\/\\\/realidadturistica.com\\\/realtur\\\/#\\\/schema\\\/logo\\\/image\\\/\"},\"sameAs\":[\"https:\\\/\\\/www.facebook.com\\\/realidadturistica\",\"https:\\\/\\\/www.instagram.com\\\/realidad_turistica\\\/\"]},{\"@type\":\"Person\",\"@id\":\"https:\\\/\\\/realidadturistica.com\\\/realtur\\\/#\\\/schema\\\/person\\\/ade671191202490fcf08ab21590de73e\",\"name\":\"Editor\",\"image\":{\"@type\":\"ImageObject\",\"inLanguage\":\"es\",\"@id\":\"https:\\\/\\\/realidadturistica.com\\\/realtur\\\/wp-content\\\/uploads\\\/2023\\\/09\\\/Editor_avatar_1693668634-96x96.png\",\"url\":\"https:\\\/\\\/realidadturistica.com\\\/realtur\\\/wp-content\\\/uploads\\\/2023\\\/09\\\/Editor_avatar_1693668634-96x96.png\",\"contentUrl\":\"https:\\\/\\\/realidadturistica.com\\\/realtur\\\/wp-content\\\/uploads\\\/2023\\\/09\\\/Editor_avatar_1693668634-96x96.png\",\"caption\":\"Editor\"},\"sameAs\":[\"https:\\\/\\\/realidadturistica.com\\\/realtur\"],\"url\":\"https:\\\/\\\/realidadturistica.com\\\/realtur\\\/author\\\/editor2\\\/\"}]}<\/script>\n<!-- \/ Yoast SEO Premium plugin. -->","yoast_head_json":{"title":"Enjoy Travel Group - Enjoy Cuba, desde ya dice presente en FITCUBA 2024 - Realidad Tur\u00edstica","robots":{"index":"index","follow":"follow","max-snippet":"max-snippet:-1","max-image-preview":"max-image-preview:large","max-video-preview":"max-video-preview:-1"},"canonical":"https:\/\/realidadturistica.com\/realtur\/enjoy-travel-group-enjoy-cuba-desde-ya-dice-presente-en-fitcuba-2024\/","og_locale":"es_ES","og_type":"article","og_title":"Enjoy Travel Group - Enjoy Cuba, desde ya dice presente en FITCUBA 2024","og_description":"Ha terminado la m\u00e1s importante Feria Internacional de turismo de Cuba; sin dudas ha sido una Feria muy potente a nivel de colaboraciones, acuerdos y&hellip;","og_url":"https:\/\/realidadturistica.com\/realtur\/enjoy-travel-group-enjoy-cuba-desde-ya-dice-presente-en-fitcuba-2024\/","og_site_name":"Realidad Tur\u00edstica","article_publisher":"https:\/\/www.facebook.com\/realidadturistica","article_published_time":"2023-05-09T12:04:07+00:00","og_image":[{"width":1080,"height":486,"url":"https:\/\/realidadturistica.com\/realtur\/wp-content\/uploads\/2023\/05\/IMG-20230505-WA0036-2.jpg","type":"image\/jpeg"}],"author":"Editor","twitter_card":"summary_large_image","twitter_misc":{"Escrito por":"Editor","Tiempo de lectura":"2 minutos"},"schema":{"@context":"https:\/\/schema.org","@graph":[{"@type":"Article","@id":"https:\/\/realidadturistica.com\/realtur\/enjoy-travel-group-enjoy-cuba-desde-ya-dice-presente-en-fitcuba-2024\/#article","isPartOf":{"@id":"https:\/\/realidadturistica.com\/realtur\/enjoy-travel-group-enjoy-cuba-desde-ya-dice-presente-en-fitcuba-2024\/"},"author":{"name":"Editor","@id":"https:\/\/realidadturistica.com\/realtur\/#\/schema\/person\/ade671191202490fcf08ab21590de73e"},"headline":"Enjoy Travel Group &#8211; Enjoy Cuba, desde ya dice presente en FITCUBA 2024","datePublished":"2023-05-09T12:04:07+00:00","mainEntityOfPage":{"@id":"https:\/\/realidadturistica.com\/realtur\/enjoy-travel-group-enjoy-cuba-desde-ya-dice-presente-en-fitcuba-2024\/"},"wordCount":319,"commentCount":0,"publisher":{"@id":"https:\/\/realidadturistica.com\/realtur\/#organization"},"image":{"@id":"https:\/\/realidadturistica.com\/realtur\/enjoy-travel-group-enjoy-cuba-desde-ya-dice-presente-en-fitcuba-2024\/#primaryimage"},"thumbnailUrl":"https:\/\/realidadturistica.com\/realtur\/wp-content\/uploads\/2023\/05\/IMG-20230505-WA0036-2.jpg","articleSection":["Destinos M\u00e1gicos"],"inLanguage":"es","potentialAction":[{"@type":"CommentAction","name":"Comment","target":["https:\/\/realidadturistica.com\/realtur\/enjoy-travel-group-enjoy-cuba-desde-ya-dice-presente-en-fitcuba-2024\/#respond"]}]},{"@type":"WebPage","@id":"https:\/\/realidadturistica.com\/realtur\/enjoy-travel-group-enjoy-cuba-desde-ya-dice-presente-en-fitcuba-2024\/","url":"https:\/\/realidadturistica.com\/realtur\/enjoy-travel-group-enjoy-cuba-desde-ya-dice-presente-en-fitcuba-2024\/","name":"Enjoy Travel Group - Enjoy Cuba, desde ya dice presente en FITCUBA 2024 - Realidad Tur\u00edstica","isPartOf":{"@id":"https:\/\/realidadturistica.com\/realtur\/#website"},"primaryImageOfPage":{"@id":"https:\/\/realidadturistica.com\/realtur\/enjoy-travel-group-enjoy-cuba-desde-ya-dice-presente-en-fitcuba-2024\/#primaryimage"},"image":{"@id":"https:\/\/realidadturistica.com\/realtur\/enjoy-travel-group-enjoy-cuba-desde-ya-dice-presente-en-fitcuba-2024\/#primaryimage"},"thumbnailUrl":"https:\/\/realidadturistica.com\/realtur\/wp-content\/uploads\/2023\/05\/IMG-20230505-WA0036-2.jpg","datePublished":"2023-05-09T12:04:07+00:00","breadcrumb":{"@id":"https:\/\/realidadturistica.com\/realtur\/enjoy-travel-group-enjoy-cuba-desde-ya-dice-presente-en-fitcuba-2024\/#breadcrumb"},"inLanguage":"es","potentialAction":[{"@type":"ReadAction","target":["https:\/\/realidadturistica.com\/realtur\/enjoy-travel-group-enjoy-cuba-desde-ya-dice-presente-en-fitcuba-2024\/"]}]},{"@type":"ImageObject","inLanguage":"es","@id":"https:\/\/realidadturistica.com\/realtur\/enjoy-travel-group-enjoy-cuba-desde-ya-dice-presente-en-fitcuba-2024\/#primaryimage","url":"https:\/\/realidadturistica.com\/realtur\/wp-content\/uploads\/2023\/05\/IMG-20230505-WA0036-2.jpg","contentUrl":"https:\/\/realidadturistica.com\/realtur\/wp-content\/uploads\/2023\/05\/IMG-20230505-WA0036-2.jpg","width":1080,"height":486},{"@type":"BreadcrumbList","@id":"https:\/\/realidadturistica.com\/realtur\/enjoy-travel-group-enjoy-cuba-desde-ya-dice-presente-en-fitcuba-2024\/#breadcrumb","itemListElement":[{"@type":"ListItem","position":1,"name":"Portada","item":"https:\/\/realidadturistica.com\/realtur\/"},{"@type":"ListItem","position":2,"name":"Enjoy Travel Group &#8211; Enjoy Cuba, desde ya dice presente en FITCUBA 2024"}]},{"@type":"WebSite","@id":"https:\/\/realidadturistica.com\/realtur\/#website","url":"https:\/\/realidadturistica.com\/realtur\/","name":"Realidad Tur\u00edstica","description":"","publisher":{"@id":"https:\/\/realidadturistica.com\/realtur\/#organization"},"potentialAction":[{"@type":"SearchAction","target":{"@type":"EntryPoint","urlTemplate":"https:\/\/realidadturistica.com\/realtur\/?s={search_term_string}"},"query-input":{"@type":"PropertyValueSpecification","valueRequired":true,"valueName":"search_term_string"}}],"inLanguage":"es"},{"@type":"Organization","@id":"https:\/\/realidadturistica.com\/realtur\/#organization","name":"Realidad Tur\u00edstica","url":"https:\/\/realidadturistica.com\/realtur\/","logo":{"@type":"ImageObject","inLanguage":"es","@id":"https:\/\/realidadturistica.com\/realtur\/#\/schema\/logo\/image\/","url":"https:\/\/realidadturistica.com\/realtur\/wp-content\/uploads\/2021\/12\/logotipo-realidad-turistica.png","contentUrl":"https:\/\/realidadturistica.com\/realtur\/wp-content\/uploads\/2021\/12\/logotipo-realidad-turistica.png","width":1382,"height":629,"caption":"Realidad Tur\u00edstica"},"image":{"@id":"https:\/\/realidadturistica.com\/realtur\/#\/schema\/logo\/image\/"},"sameAs":["https:\/\/www.facebook.com\/realidadturistica","https:\/\/www.instagram.com\/realidad_turistica\/"]},{"@type":"Person","@id":"https:\/\/realidadturistica.com\/realtur\/#\/schema\/person\/ade671191202490fcf08ab21590de73e","name":"Editor","image":{"@type":"ImageObject","inLanguage":"es","@id":"https:\/\/realidadturistica.com\/realtur\/wp-content\/uploads\/2023\/09\/Editor_avatar_1693668634-96x96.png","url":"https:\/\/realidadturistica.com\/realtur\/wp-content\/uploads\/2023\/09\/Editor_avatar_1693668634-96x96.png","contentUrl":"https:\/\/realidadturistica.com\/realtur\/wp-content\/uploads\/2023\/09\/Editor_avatar_1693668634-96x96.png","caption":"Editor"},"sameAs":["https:\/\/realidadturistica.com\/realtur"],"url":"https:\/\/realidadturistica.com\/realtur\/author\/editor2\/"}]}},"_links":{"self":[{"href":"https:\/\/realidadturistica.com\/realtur\/wp-json\/wp\/v2\/posts\/4315","targetHints":{"allow":["GET"]}}],"collection":[{"href":"https:\/\/realidadturistica.com\/realtur\/wp-json\/wp\/v2\/posts"}],"about":[{"href":"https:\/\/realidadturistica.com\/realtur\/wp-json\/wp\/v2\/types\/post"}],"author":[{"embeddable":true,"href":"https:\/\/realidadturistica.com\/realtur\/wp-json\/wp\/v2\/users\/2"}],"replies":[{"embeddable":true,"href":"https:\/\/realidadturistica.com\/realtur\/wp-json\/wp\/v2\/comments?post=4315"}],"version-history":[{"count":0,"href":"https:\/\/realidadturistica.com\/realtur\/wp-json\/wp\/v2\/posts\/4315\/revisions"}],"wp:featuredmedia":[{"embeddable":true,"href":"https:\/\/realidadturistica.com\/realtur\/wp-json\/wp\/v2\/media\/4316"}],"wp:attachment":[{"href":"https:\/\/realidadturistica.com\/realtur\/wp-json\/wp\/v2\/media?parent=4315"}],"wp:term":[{"taxonomy":"category","embeddable":true,"href":"https:\/\/realidadturistica.com\/realtur\/wp-json\/wp\/v2\/categories?post=4315"},{"taxonomy":"post_tag","embeddable":true,"href":"https:\/\/realidadturistica.com\/realtur\/wp-json\/wp\/v2\/tags?post=4315"}],"curies":[{"name":"wp","href":"https:\/\/api.w.org\/{rel}","templated":true}]}}