{"id":4341,"date":"2023-05-12T11:04:17","date_gmt":"2023-05-12T11:04:17","guid":{"rendered":"https:\/\/realidadturistica.com\/realtur\/?p=4341"},"modified":"2023-05-12T11:04:17","modified_gmt":"2023-05-12T11:04:17","slug":"destino-termas-presento-su-temporada-otono-invierno-con-propuestas-y-promociones","status":"publish","type":"post","link":"https:\/\/realidadturistica.com\/realtur\/destino-termas-presento-su-temporada-otono-invierno-con-propuestas-y-promociones\/","title":{"rendered":"Destino Termas present\u00f3 su temporada oto\u00f1o &#8211; invierno con propuestas y promociones"},"content":{"rendered":"\n<p>Uruguay. El Ministerio de Turismo, en colaboraci\u00f3n con las Intendencias de Salto y Paysand\u00fa, efectu\u00f3 el lanzamiento de la Campa\u00f1a Promocional de la Temporada Oto\u00f1o &#8211; Invierno 2023 de Destino Termas, este martes 9, en la Sala Arredondo del Ministerio de Turismo. Este evento cont\u00f3 con la participaci\u00f3n del Ministro de Turismo, Tabar\u00e9 Viera; el Subsecretario de Turismo, Remo Monzeglio; el Director Nacional de Turismo, Roque Baudean; el Coordinador de Turismo de la Intendencia de Salto, Carlos Beasley; y el Director de Turismo de la Intendencia Paysand\u00fa, Jos\u00e9 Manuel Galv\u00e1n.<\/p>\n\n\n\n<p>Los participantes destacaron la amplia diversidad de propuestas y atractivos que Salto y Paysand\u00fa ofrecen para complementar la oferta termal en esta temporada, incluyendo turismo hist\u00f3rico, cultural, actividades al aire libre y turismo rural, entre otras alternativas. La temporada oto\u00f1o\/invierno 2023 promete ser memorable en ambos destinos, respaldada por promociones en alojamiento, gastronom\u00eda y combustible.<\/p>\n\n\n\n<p>Termatalia, un hito termal en Uruguay<\/p>\n\n\n\n<p>Durante el acto, el ministro Tabar\u00e9 Viera resalt\u00f3 la importancia de la feria internacional Termatalia, que se celebrar\u00e1 en Uruguay del 4 al 6 de octubre, como un encuentro crucial para el sector termal.<\/p>\n\n\n\n<p>Viera subray\u00f3 la desestacionalizaci\u00f3n del turismo termal en Uruguay, permitiendo a los visitantes disfrutar de estas opciones durante todo el a\u00f1o, y destac\u00f3 la diversidad de propuestas econ\u00f3micas y la alta calidad en servicios e infraestructura.<\/p>\n\n\n\n<p>Por su parte, el Subsecretario Remo Monzeglio indic\u00f3 que Termatalia ser\u00e1 una \u00aboportunidad hist\u00f3rica\u00bb, ya que \u00ablos ojos del mundo del termalismo estar\u00e1n puestos en Paysand\u00fa y Salto\u00bb. Tras la conferencia de prensa, el Mercado Agr\u00edcola se convirti\u00f3 en escenario para promocionar el turismo de Salto y Paysand\u00fa, presentando las Termas de Almir\u00f3n, Arapey, Daym\u00e1n, Guaviy\u00fa y Salto Grande.<\/p>\n\n\n\n<p>Algunos recomendados para el oto\u00f1o:<\/p>\n\n\n\n<p>En Salto, las experiencias sugeridas para el pr\u00f3ximo oto\u00f1o, abarcan vuelos en parapente, buceo, cabalgatas, pesca deportiva y actividades n\u00e1uticas en el r\u00edo Uruguay; el disfrute de espacios naturales como la rambla costanera y el Parque del Lago; as\u00ed como distintas opciones de turismo termal y rural, as\u00ed como la visita a establecimientos productivos como olivares, vi\u00f1edos y bodegas para conocer el origen de los productos regionales. Otro imperdible es la visita a la Represa de Salto Grande, un cl\u00e1sico que no pierde vigencia.<\/p>\n\n\n\n<p>Por su parte, en Paysand\u00fa, adem\u00e1s del disfrute de las termas de Guaviy\u00fa y Almir\u00f3n, el destino invita a visitar la Meseta de Artigas, como el Castillo Morat\u00f3 que forman parte del legado cultural e hist\u00f3rico de la zona o sumarse a las propuestas culturales como el Teatro Florencio S\u00e1nchez, y el Espacio Cultural Gobbi. .<\/p>\n\n\n\n<p>Para quienes busquen naturaleza, una gran alternativa es la visita a Montes del Queguay, que ofrece ofrece canotaje , camping y pesca en una zona de incre\u00edble belleza natural.<\/p>\n\n\n\n<p>En s\u00edntesis, la temporada oto\u00f1o-invierno 2023 de Destino Termas en Salto y Paysand\u00fa, promete experiencias \u00fanicas en ambos departamentos a precios m\u00e1s convenientes.<\/p>\n\n\n\n<p>\u00a1No te la pierdas!<\/p>\n\n\n\n<p>Fuente: Ministerio de Turismo de Uruguay.<\/p>\n","protected":false},"excerpt":{"rendered":"<p>Uruguay. El Ministerio de Turismo, en colaboraci\u00f3n con las Intendencias de Salto y Paysand\u00fa, efectu\u00f3 el lanzamiento de la Campa\u00f1a Promocional de la Temporada Oto\u00f1o&hellip;<\/p>\n","protected":false},"author":2,"featured_media":4342,"comment_status":"open","ping_status":"closed","sticky":false,"template":"","format":"standard","meta":{"content-type":"","_lmt_disableupdate":"","_lmt_disable":"","footnotes":""},"categories":[4],"tags":[],"class_list":["post-4341","post","type-post","status-publish","format-standard","has-post-thumbnail","hentry","category-destinos"],"yoast_head":"<!-- This site is optimized with the Yoast SEO Premium plugin v27.4 (Yoast SEO v27.4) - https:\/\/yoast.com\/product\/yoast-seo-premium-wordpress\/ -->\n<title>Destino Termas present\u00f3 su temporada oto\u00f1o - invierno con propuestas y promociones - Realidad Tur\u00edstica<\/title>\n<meta name=\"robots\" content=\"index, follow, max-snippet:-1, max-image-preview:large, max-video-preview:-1\" \/>\n<link rel=\"canonical\" href=\"https:\/\/realidadturistica.com\/realtur\/destino-termas-presento-su-temporada-otono-invierno-con-propuestas-y-promociones\/\" \/>\n<meta property=\"og:locale\" content=\"es_ES\" \/>\n<meta property=\"og:type\" content=\"article\" \/>\n<meta property=\"og:title\" content=\"Destino Termas present\u00f3 su temporada oto\u00f1o - invierno con propuestas y promociones\" \/>\n<meta property=\"og:description\" content=\"Uruguay. El Ministerio de Turismo, en colaboraci\u00f3n con las Intendencias de Salto y Paysand\u00fa, efectu\u00f3 el lanzamiento de la Campa\u00f1a Promocional de la Temporada Oto\u00f1o&hellip;\" \/>\n<meta property=\"og:url\" content=\"https:\/\/realidadturistica.com\/realtur\/destino-termas-presento-su-temporada-otono-invierno-con-propuestas-y-promociones\/\" \/>\n<meta property=\"og:site_name\" content=\"Realidad Tur\u00edstica\" \/>\n<meta property=\"article:publisher\" content=\"https:\/\/www.facebook.com\/realidadturistica\" \/>\n<meta property=\"article:published_time\" content=\"2023-05-12T11:04:17+00:00\" \/>\n<meta property=\"og:image\" content=\"https:\/\/realidadturistica.com\/realtur\/wp-content\/uploads\/2023\/05\/Destino-Termas-presento-su-temporada-otono.jpg\" \/>\n\t<meta property=\"og:image:width\" content=\"945\" \/>\n\t<meta property=\"og:image:height\" content=\"628\" \/>\n\t<meta property=\"og:image:type\" content=\"image\/jpeg\" \/>\n<meta name=\"author\" content=\"Editor\" \/>\n<meta name=\"twitter:card\" content=\"summary_large_image\" \/>\n<meta name=\"twitter:label1\" content=\"Escrito por\" \/>\n\t<meta name=\"twitter:data1\" content=\"Editor\" \/>\n\t<meta name=\"twitter:label2\" content=\"Tiempo de lectura\" \/>\n\t<meta name=\"twitter:data2\" content=\"3 minutos\" \/>\n<script type=\"application\/ld+json\" class=\"yoast-schema-graph\">{\"@context\":\"https:\\\/\\\/schema.org\",\"@graph\":[{\"@type\":\"Article\",\"@id\":\"https:\\\/\\\/realidadturistica.com\\\/realtur\\\/destino-termas-presento-su-temporada-otono-invierno-con-propuestas-y-promociones\\\/#article\",\"isPartOf\":{\"@id\":\"https:\\\/\\\/realidadturistica.com\\\/realtur\\\/destino-termas-presento-su-temporada-otono-invierno-con-propuestas-y-promociones\\\/\"},\"author\":{\"name\":\"Editor\",\"@id\":\"https:\\\/\\\/realidadturistica.com\\\/realtur\\\/#\\\/schema\\\/person\\\/ade671191202490fcf08ab21590de73e\"},\"headline\":\"Destino Termas present\u00f3 su temporada oto\u00f1o &#8211; invierno con propuestas y promociones\",\"datePublished\":\"2023-05-12T11:04:17+00:00\",\"mainEntityOfPage\":{\"@id\":\"https:\\\/\\\/realidadturistica.com\\\/realtur\\\/destino-termas-presento-su-temporada-otono-invierno-con-propuestas-y-promociones\\\/\"},\"wordCount\":524,\"commentCount\":0,\"publisher\":{\"@id\":\"https:\\\/\\\/realidadturistica.com\\\/realtur\\\/#organization\"},\"image\":{\"@id\":\"https:\\\/\\\/realidadturistica.com\\\/realtur\\\/destino-termas-presento-su-temporada-otono-invierno-con-propuestas-y-promociones\\\/#primaryimage\"},\"thumbnailUrl\":\"https:\\\/\\\/realidadturistica.com\\\/realtur\\\/wp-content\\\/uploads\\\/2023\\\/05\\\/Destino-Termas-presento-su-temporada-otono.jpg\",\"articleSection\":[\"Destinos M\u00e1gicos\"],\"inLanguage\":\"es\",\"potentialAction\":[{\"@type\":\"CommentAction\",\"name\":\"Comment\",\"target\":[\"https:\\\/\\\/realidadturistica.com\\\/realtur\\\/destino-termas-presento-su-temporada-otono-invierno-con-propuestas-y-promociones\\\/#respond\"]}]},{\"@type\":\"WebPage\",\"@id\":\"https:\\\/\\\/realidadturistica.com\\\/realtur\\\/destino-termas-presento-su-temporada-otono-invierno-con-propuestas-y-promociones\\\/\",\"url\":\"https:\\\/\\\/realidadturistica.com\\\/realtur\\\/destino-termas-presento-su-temporada-otono-invierno-con-propuestas-y-promociones\\\/\",\"name\":\"Destino Termas present\u00f3 su temporada oto\u00f1o - invierno con propuestas y promociones - Realidad Tur\u00edstica\",\"isPartOf\":{\"@id\":\"https:\\\/\\\/realidadturistica.com\\\/realtur\\\/#website\"},\"primaryImageOfPage\":{\"@id\":\"https:\\\/\\\/realidadturistica.com\\\/realtur\\\/destino-termas-presento-su-temporada-otono-invierno-con-propuestas-y-promociones\\\/#primaryimage\"},\"image\":{\"@id\":\"https:\\\/\\\/realidadturistica.com\\\/realtur\\\/destino-termas-presento-su-temporada-otono-invierno-con-propuestas-y-promociones\\\/#primaryimage\"},\"thumbnailUrl\":\"https:\\\/\\\/realidadturistica.com\\\/realtur\\\/wp-content\\\/uploads\\\/2023\\\/05\\\/Destino-Termas-presento-su-temporada-otono.jpg\",\"datePublished\":\"2023-05-12T11:04:17+00:00\",\"breadcrumb\":{\"@id\":\"https:\\\/\\\/realidadturistica.com\\\/realtur\\\/destino-termas-presento-su-temporada-otono-invierno-con-propuestas-y-promociones\\\/#breadcrumb\"},\"inLanguage\":\"es\",\"potentialAction\":[{\"@type\":\"ReadAction\",\"target\":[\"https:\\\/\\\/realidadturistica.com\\\/realtur\\\/destino-termas-presento-su-temporada-otono-invierno-con-propuestas-y-promociones\\\/\"]}]},{\"@type\":\"ImageObject\",\"inLanguage\":\"es\",\"@id\":\"https:\\\/\\\/realidadturistica.com\\\/realtur\\\/destino-termas-presento-su-temporada-otono-invierno-con-propuestas-y-promociones\\\/#primaryimage\",\"url\":\"https:\\\/\\\/realidadturistica.com\\\/realtur\\\/wp-content\\\/uploads\\\/2023\\\/05\\\/Destino-Termas-presento-su-temporada-otono.jpg\",\"contentUrl\":\"https:\\\/\\\/realidadturistica.com\\\/realtur\\\/wp-content\\\/uploads\\\/2023\\\/05\\\/Destino-Termas-presento-su-temporada-otono.jpg\",\"width\":945,\"height\":628},{\"@type\":\"BreadcrumbList\",\"@id\":\"https:\\\/\\\/realidadturistica.com\\\/realtur\\\/destino-termas-presento-su-temporada-otono-invierno-con-propuestas-y-promociones\\\/#breadcrumb\",\"itemListElement\":[{\"@type\":\"ListItem\",\"position\":1,\"name\":\"Portada\",\"item\":\"https:\\\/\\\/realidadturistica.com\\\/realtur\\\/\"},{\"@type\":\"ListItem\",\"position\":2,\"name\":\"Destino Termas present\u00f3 su temporada oto\u00f1o &#8211; invierno con propuestas y promociones\"}]},{\"@type\":\"WebSite\",\"@id\":\"https:\\\/\\\/realidadturistica.com\\\/realtur\\\/#website\",\"url\":\"https:\\\/\\\/realidadturistica.com\\\/realtur\\\/\",\"name\":\"Realidad Tur\u00edstica\",\"description\":\"\",\"publisher\":{\"@id\":\"https:\\\/\\\/realidadturistica.com\\\/realtur\\\/#organization\"},\"potentialAction\":[{\"@type\":\"SearchAction\",\"target\":{\"@type\":\"EntryPoint\",\"urlTemplate\":\"https:\\\/\\\/realidadturistica.com\\\/realtur\\\/?s={search_term_string}\"},\"query-input\":{\"@type\":\"PropertyValueSpecification\",\"valueRequired\":true,\"valueName\":\"search_term_string\"}}],\"inLanguage\":\"es\"},{\"@type\":\"Organization\",\"@id\":\"https:\\\/\\\/realidadturistica.com\\\/realtur\\\/#organization\",\"name\":\"Realidad Tur\u00edstica\",\"url\":\"https:\\\/\\\/realidadturistica.com\\\/realtur\\\/\",\"logo\":{\"@type\":\"ImageObject\",\"inLanguage\":\"es\",\"@id\":\"https:\\\/\\\/realidadturistica.com\\\/realtur\\\/#\\\/schema\\\/logo\\\/image\\\/\",\"url\":\"https:\\\/\\\/realidadturistica.com\\\/realtur\\\/wp-content\\\/uploads\\\/2021\\\/12\\\/logotipo-realidad-turistica.png\",\"contentUrl\":\"https:\\\/\\\/realidadturistica.com\\\/realtur\\\/wp-content\\\/uploads\\\/2021\\\/12\\\/logotipo-realidad-turistica.png\",\"width\":1382,\"height\":629,\"caption\":\"Realidad Tur\u00edstica\"},\"image\":{\"@id\":\"https:\\\/\\\/realidadturistica.com\\\/realtur\\\/#\\\/schema\\\/logo\\\/image\\\/\"},\"sameAs\":[\"https:\\\/\\\/www.facebook.com\\\/realidadturistica\",\"https:\\\/\\\/www.instagram.com\\\/realidad_turistica\\\/\"]},{\"@type\":\"Person\",\"@id\":\"https:\\\/\\\/realidadturistica.com\\\/realtur\\\/#\\\/schema\\\/person\\\/ade671191202490fcf08ab21590de73e\",\"name\":\"Editor\",\"image\":{\"@type\":\"ImageObject\",\"inLanguage\":\"es\",\"@id\":\"https:\\\/\\\/realidadturistica.com\\\/realtur\\\/wp-content\\\/uploads\\\/2023\\\/09\\\/Editor_avatar_1693668634-96x96.png\",\"url\":\"https:\\\/\\\/realidadturistica.com\\\/realtur\\\/wp-content\\\/uploads\\\/2023\\\/09\\\/Editor_avatar_1693668634-96x96.png\",\"contentUrl\":\"https:\\\/\\\/realidadturistica.com\\\/realtur\\\/wp-content\\\/uploads\\\/2023\\\/09\\\/Editor_avatar_1693668634-96x96.png\",\"caption\":\"Editor\"},\"sameAs\":[\"https:\\\/\\\/realidadturistica.com\\\/realtur\"],\"url\":\"https:\\\/\\\/realidadturistica.com\\\/realtur\\\/author\\\/editor2\\\/\"}]}<\/script>\n<!-- \/ Yoast SEO Premium plugin. -->","yoast_head_json":{"title":"Destino Termas present\u00f3 su temporada oto\u00f1o - invierno con propuestas y promociones - Realidad Tur\u00edstica","robots":{"index":"index","follow":"follow","max-snippet":"max-snippet:-1","max-image-preview":"max-image-preview:large","max-video-preview":"max-video-preview:-1"},"canonical":"https:\/\/realidadturistica.com\/realtur\/destino-termas-presento-su-temporada-otono-invierno-con-propuestas-y-promociones\/","og_locale":"es_ES","og_type":"article","og_title":"Destino Termas present\u00f3 su temporada oto\u00f1o - invierno con propuestas y promociones","og_description":"Uruguay. El Ministerio de Turismo, en colaboraci\u00f3n con las Intendencias de Salto y Paysand\u00fa, efectu\u00f3 el lanzamiento de la Campa\u00f1a Promocional de la Temporada Oto\u00f1o&hellip;","og_url":"https:\/\/realidadturistica.com\/realtur\/destino-termas-presento-su-temporada-otono-invierno-con-propuestas-y-promociones\/","og_site_name":"Realidad Tur\u00edstica","article_publisher":"https:\/\/www.facebook.com\/realidadturistica","article_published_time":"2023-05-12T11:04:17+00:00","og_image":[{"width":945,"height":628,"url":"https:\/\/realidadturistica.com\/realtur\/wp-content\/uploads\/2023\/05\/Destino-Termas-presento-su-temporada-otono.jpg","type":"image\/jpeg"}],"author":"Editor","twitter_card":"summary_large_image","twitter_misc":{"Escrito por":"Editor","Tiempo de lectura":"3 minutos"},"schema":{"@context":"https:\/\/schema.org","@graph":[{"@type":"Article","@id":"https:\/\/realidadturistica.com\/realtur\/destino-termas-presento-su-temporada-otono-invierno-con-propuestas-y-promociones\/#article","isPartOf":{"@id":"https:\/\/realidadturistica.com\/realtur\/destino-termas-presento-su-temporada-otono-invierno-con-propuestas-y-promociones\/"},"author":{"name":"Editor","@id":"https:\/\/realidadturistica.com\/realtur\/#\/schema\/person\/ade671191202490fcf08ab21590de73e"},"headline":"Destino Termas present\u00f3 su temporada oto\u00f1o &#8211; invierno con propuestas y promociones","datePublished":"2023-05-12T11:04:17+00:00","mainEntityOfPage":{"@id":"https:\/\/realidadturistica.com\/realtur\/destino-termas-presento-su-temporada-otono-invierno-con-propuestas-y-promociones\/"},"wordCount":524,"commentCount":0,"publisher":{"@id":"https:\/\/realidadturistica.com\/realtur\/#organization"},"image":{"@id":"https:\/\/realidadturistica.com\/realtur\/destino-termas-presento-su-temporada-otono-invierno-con-propuestas-y-promociones\/#primaryimage"},"thumbnailUrl":"https:\/\/realidadturistica.com\/realtur\/wp-content\/uploads\/2023\/05\/Destino-Termas-presento-su-temporada-otono.jpg","articleSection":["Destinos M\u00e1gicos"],"inLanguage":"es","potentialAction":[{"@type":"CommentAction","name":"Comment","target":["https:\/\/realidadturistica.com\/realtur\/destino-termas-presento-su-temporada-otono-invierno-con-propuestas-y-promociones\/#respond"]}]},{"@type":"WebPage","@id":"https:\/\/realidadturistica.com\/realtur\/destino-termas-presento-su-temporada-otono-invierno-con-propuestas-y-promociones\/","url":"https:\/\/realidadturistica.com\/realtur\/destino-termas-presento-su-temporada-otono-invierno-con-propuestas-y-promociones\/","name":"Destino Termas present\u00f3 su temporada oto\u00f1o - invierno con propuestas y promociones - Realidad Tur\u00edstica","isPartOf":{"@id":"https:\/\/realidadturistica.com\/realtur\/#website"},"primaryImageOfPage":{"@id":"https:\/\/realidadturistica.com\/realtur\/destino-termas-presento-su-temporada-otono-invierno-con-propuestas-y-promociones\/#primaryimage"},"image":{"@id":"https:\/\/realidadturistica.com\/realtur\/destino-termas-presento-su-temporada-otono-invierno-con-propuestas-y-promociones\/#primaryimage"},"thumbnailUrl":"https:\/\/realidadturistica.com\/realtur\/wp-content\/uploads\/2023\/05\/Destino-Termas-presento-su-temporada-otono.jpg","datePublished":"2023-05-12T11:04:17+00:00","breadcrumb":{"@id":"https:\/\/realidadturistica.com\/realtur\/destino-termas-presento-su-temporada-otono-invierno-con-propuestas-y-promociones\/#breadcrumb"},"inLanguage":"es","potentialAction":[{"@type":"ReadAction","target":["https:\/\/realidadturistica.com\/realtur\/destino-termas-presento-su-temporada-otono-invierno-con-propuestas-y-promociones\/"]}]},{"@type":"ImageObject","inLanguage":"es","@id":"https:\/\/realidadturistica.com\/realtur\/destino-termas-presento-su-temporada-otono-invierno-con-propuestas-y-promociones\/#primaryimage","url":"https:\/\/realidadturistica.com\/realtur\/wp-content\/uploads\/2023\/05\/Destino-Termas-presento-su-temporada-otono.jpg","contentUrl":"https:\/\/realidadturistica.com\/realtur\/wp-content\/uploads\/2023\/05\/Destino-Termas-presento-su-temporada-otono.jpg","width":945,"height":628},{"@type":"BreadcrumbList","@id":"https:\/\/realidadturistica.com\/realtur\/destino-termas-presento-su-temporada-otono-invierno-con-propuestas-y-promociones\/#breadcrumb","itemListElement":[{"@type":"ListItem","position":1,"name":"Portada","item":"https:\/\/realidadturistica.com\/realtur\/"},{"@type":"ListItem","position":2,"name":"Destino Termas present\u00f3 su temporada oto\u00f1o &#8211; invierno con propuestas y promociones"}]},{"@type":"WebSite","@id":"https:\/\/realidadturistica.com\/realtur\/#website","url":"https:\/\/realidadturistica.com\/realtur\/","name":"Realidad Tur\u00edstica","description":"","publisher":{"@id":"https:\/\/realidadturistica.com\/realtur\/#organization"},"potentialAction":[{"@type":"SearchAction","target":{"@type":"EntryPoint","urlTemplate":"https:\/\/realidadturistica.com\/realtur\/?s={search_term_string}"},"query-input":{"@type":"PropertyValueSpecification","valueRequired":true,"valueName":"search_term_string"}}],"inLanguage":"es"},{"@type":"Organization","@id":"https:\/\/realidadturistica.com\/realtur\/#organization","name":"Realidad Tur\u00edstica","url":"https:\/\/realidadturistica.com\/realtur\/","logo":{"@type":"ImageObject","inLanguage":"es","@id":"https:\/\/realidadturistica.com\/realtur\/#\/schema\/logo\/image\/","url":"https:\/\/realidadturistica.com\/realtur\/wp-content\/uploads\/2021\/12\/logotipo-realidad-turistica.png","contentUrl":"https:\/\/realidadturistica.com\/realtur\/wp-content\/uploads\/2021\/12\/logotipo-realidad-turistica.png","width":1382,"height":629,"caption":"Realidad Tur\u00edstica"},"image":{"@id":"https:\/\/realidadturistica.com\/realtur\/#\/schema\/logo\/image\/"},"sameAs":["https:\/\/www.facebook.com\/realidadturistica","https:\/\/www.instagram.com\/realidad_turistica\/"]},{"@type":"Person","@id":"https:\/\/realidadturistica.com\/realtur\/#\/schema\/person\/ade671191202490fcf08ab21590de73e","name":"Editor","image":{"@type":"ImageObject","inLanguage":"es","@id":"https:\/\/realidadturistica.com\/realtur\/wp-content\/uploads\/2023\/09\/Editor_avatar_1693668634-96x96.png","url":"https:\/\/realidadturistica.com\/realtur\/wp-content\/uploads\/2023\/09\/Editor_avatar_1693668634-96x96.png","contentUrl":"https:\/\/realidadturistica.com\/realtur\/wp-content\/uploads\/2023\/09\/Editor_avatar_1693668634-96x96.png","caption":"Editor"},"sameAs":["https:\/\/realidadturistica.com\/realtur"],"url":"https:\/\/realidadturistica.com\/realtur\/author\/editor2\/"}]}},"_links":{"self":[{"href":"https:\/\/realidadturistica.com\/realtur\/wp-json\/wp\/v2\/posts\/4341","targetHints":{"allow":["GET"]}}],"collection":[{"href":"https:\/\/realidadturistica.com\/realtur\/wp-json\/wp\/v2\/posts"}],"about":[{"href":"https:\/\/realidadturistica.com\/realtur\/wp-json\/wp\/v2\/types\/post"}],"author":[{"embeddable":true,"href":"https:\/\/realidadturistica.com\/realtur\/wp-json\/wp\/v2\/users\/2"}],"replies":[{"embeddable":true,"href":"https:\/\/realidadturistica.com\/realtur\/wp-json\/wp\/v2\/comments?post=4341"}],"version-history":[{"count":0,"href":"https:\/\/realidadturistica.com\/realtur\/wp-json\/wp\/v2\/posts\/4341\/revisions"}],"wp:featuredmedia":[{"embeddable":true,"href":"https:\/\/realidadturistica.com\/realtur\/wp-json\/wp\/v2\/media\/4342"}],"wp:attachment":[{"href":"https:\/\/realidadturistica.com\/realtur\/wp-json\/wp\/v2\/media?parent=4341"}],"wp:term":[{"taxonomy":"category","embeddable":true,"href":"https:\/\/realidadturistica.com\/realtur\/wp-json\/wp\/v2\/categories?post=4341"},{"taxonomy":"post_tag","embeddable":true,"href":"https:\/\/realidadturistica.com\/realtur\/wp-json\/wp\/v2\/tags?post=4341"}],"curies":[{"name":"wp","href":"https:\/\/api.w.org\/{rel}","templated":true}]}}