{"id":4364,"date":"2023-05-17T02:35:32","date_gmt":"2023-05-17T02:35:32","guid":{"rendered":"https:\/\/realidadturistica.com\/realtur\/?p=4364"},"modified":"2023-05-17T02:35:32","modified_gmt":"2023-05-17T02:35:32","slug":"el-sector-mice-vigues-estalla-contra-la-especulacion-hotelera","status":"publish","type":"post","link":"https:\/\/realidadturistica.com\/realtur\/el-sector-mice-vigues-estalla-contra-la-especulacion-hotelera\/","title":{"rendered":"El sector MICE vigu\u00e9s estalla contra la \u201cespeculaci\u00f3n hotelera\u201d"},"content":{"rendered":"\n<p>Espa\u00f1a. Las entidades que organizan las principales ferias profesionales en Vigo (Pontevedra) han expresado su malestar con el sector hotelero de la provincia, acus\u00e1ndoles de elevar los precios \u201cuna barbaridad\u201d.<\/p>\n\n\n\n<p>La primera en levantar la voz ha sido la Asociaci\u00f3n Espa\u00f1ola de Mayoristas, Importadores, Transformadores y Exportadores de Productos de la Pesca y Acuicultura, encargada de organizar Conxemar, feria que se celebrar\u00e1 entre el 3 y el 5 de octubre, fechas para las que las tarifas hoteleras se han multiplicado por diez, alcanzando hasta los 600 euros la noche.<\/p>\n\n\n\n<p>Seg\u00fan informa Faro de Vigo, a estas protestas se han sumado los organizadores de otros eventos como Mindtech, Navalia y O Marisqui\u00f1o. Creen que, tras la subida de precios generalizada que se puede apreciar a trav\u00e9s de portales como Booking puede estar respondiendo a un posible pacto de precios.<\/p>\n\n\n\n<p>Carlos Dom\u00ednguez, fundador y director de O Marisqui\u00f1o, apunta que la \u201cespeculaci\u00f3n hotelera\u201d fue la causa de que dejase de celebrarse en 2018 la feria de moda contempor\u00e1nea Bread&amp;Butter. Lamenta que estas actitudes da\u00f1an la Marca Vigo y pide \u201ccuidar especialmente a este tipo de turismo\u201d del que destaca que genera un gran retorno econ\u00f3mico.<\/p>\n\n\n\n<p>Piden acci\u00f3n a Ifevi<\/p>\n\n\n\n<p>Las cr\u00edticas tambi\u00e9n se extienden al Instituto ferial de Vigo, IFEVI, al que acusan de \u201cdesidia y dejadez\u201d, ante la falta de respuestas a algunas de las solicitudes del sector MICE. Entre ellas, destacan la petici\u00f3n de que mantengan la p\u00e1gina web al d\u00eda, se mejoren los accesos y las lanzaderas desde los hoteles o que se realicen inversiones en la modernizaci\u00f3n de algunos de los pabellones del recinto ferial. Creen que para ello una herramienta clave es la creaci\u00f3n de un Plan Director.<\/p>\n\n\n\n<p>Fuente: Tourinews.<\/p>\n","protected":false},"excerpt":{"rendered":"<p>Espa\u00f1a. Las entidades que organizan las principales ferias profesionales en Vigo (Pontevedra) han expresado su malestar con el sector hotelero de la provincia, acus\u00e1ndoles de&hellip;<\/p>\n","protected":false},"author":2,"featured_media":4365,"comment_status":"open","ping_status":"closed","sticky":false,"template":"","format":"standard","meta":{"content-type":"","_lmt_disableupdate":"","_lmt_disable":"","footnotes":""},"categories":[5],"tags":[],"class_list":["post-4364","post","type-post","status-publish","format-standard","has-post-thumbnail","hentry","category-mice"],"yoast_head":"<!-- This site is optimized with the Yoast SEO Premium plugin v27.4 (Yoast SEO v27.4) - https:\/\/yoast.com\/product\/yoast-seo-premium-wordpress\/ -->\n<title>El sector MICE vigu\u00e9s estalla contra la \u201cespeculaci\u00f3n hotelera\u201d - Realidad Tur\u00edstica<\/title>\n<meta name=\"robots\" content=\"index, follow, max-snippet:-1, max-image-preview:large, max-video-preview:-1\" \/>\n<link rel=\"canonical\" href=\"https:\/\/realidadturistica.com\/realtur\/el-sector-mice-vigues-estalla-contra-la-especulacion-hotelera\/\" \/>\n<meta property=\"og:locale\" content=\"es_ES\" \/>\n<meta property=\"og:type\" content=\"article\" \/>\n<meta property=\"og:title\" content=\"El sector MICE vigu\u00e9s estalla contra la \u201cespeculaci\u00f3n hotelera\u201d\" \/>\n<meta property=\"og:description\" content=\"Espa\u00f1a. Las entidades que organizan las principales ferias profesionales en Vigo (Pontevedra) han expresado su malestar con el sector hotelero de la provincia, acus\u00e1ndoles de&hellip;\" \/>\n<meta property=\"og:url\" content=\"https:\/\/realidadturistica.com\/realtur\/el-sector-mice-vigues-estalla-contra-la-especulacion-hotelera\/\" \/>\n<meta property=\"og:site_name\" content=\"Realidad Tur\u00edstica\" \/>\n<meta property=\"article:publisher\" content=\"https:\/\/www.facebook.com\/realidadturistica\" \/>\n<meta property=\"article:published_time\" content=\"2023-05-17T02:35:32+00:00\" \/>\n<meta property=\"og:image\" content=\"https:\/\/realidadturistica.com\/realtur\/wp-content\/uploads\/2023\/05\/El-sector-MICE-vigues-estalla-contra-la.webp\" \/>\n\t<meta property=\"og:image:width\" content=\"732\" \/>\n\t<meta property=\"og:image:height\" content=\"400\" \/>\n\t<meta property=\"og:image:type\" content=\"image\/webp\" \/>\n<meta name=\"author\" content=\"Editor\" \/>\n<meta name=\"twitter:card\" content=\"summary_large_image\" \/>\n<meta name=\"twitter:label1\" content=\"Escrito por\" \/>\n\t<meta name=\"twitter:data1\" content=\"Editor\" \/>\n\t<meta name=\"twitter:label2\" content=\"Tiempo de lectura\" \/>\n\t<meta name=\"twitter:data2\" content=\"2 minutos\" \/>\n<script type=\"application\/ld+json\" class=\"yoast-schema-graph\">{\"@context\":\"https:\\\/\\\/schema.org\",\"@graph\":[{\"@type\":\"Article\",\"@id\":\"https:\\\/\\\/realidadturistica.com\\\/realtur\\\/el-sector-mice-vigues-estalla-contra-la-especulacion-hotelera\\\/#article\",\"isPartOf\":{\"@id\":\"https:\\\/\\\/realidadturistica.com\\\/realtur\\\/el-sector-mice-vigues-estalla-contra-la-especulacion-hotelera\\\/\"},\"author\":{\"name\":\"Editor\",\"@id\":\"https:\\\/\\\/realidadturistica.com\\\/realtur\\\/#\\\/schema\\\/person\\\/ade671191202490fcf08ab21590de73e\"},\"headline\":\"El sector MICE vigu\u00e9s estalla contra la \u201cespeculaci\u00f3n hotelera\u201d\",\"datePublished\":\"2023-05-17T02:35:32+00:00\",\"mainEntityOfPage\":{\"@id\":\"https:\\\/\\\/realidadturistica.com\\\/realtur\\\/el-sector-mice-vigues-estalla-contra-la-especulacion-hotelera\\\/\"},\"wordCount\":313,\"commentCount\":0,\"publisher\":{\"@id\":\"https:\\\/\\\/realidadturistica.com\\\/realtur\\\/#organization\"},\"image\":{\"@id\":\"https:\\\/\\\/realidadturistica.com\\\/realtur\\\/el-sector-mice-vigues-estalla-contra-la-especulacion-hotelera\\\/#primaryimage\"},\"thumbnailUrl\":\"https:\\\/\\\/realidadturistica.com\\\/realtur\\\/wp-content\\\/uploads\\\/2023\\\/05\\\/El-sector-MICE-vigues-estalla-contra-la.webp\",\"articleSection\":[\"MICE\"],\"inLanguage\":\"es\",\"potentialAction\":[{\"@type\":\"CommentAction\",\"name\":\"Comment\",\"target\":[\"https:\\\/\\\/realidadturistica.com\\\/realtur\\\/el-sector-mice-vigues-estalla-contra-la-especulacion-hotelera\\\/#respond\"]}]},{\"@type\":\"WebPage\",\"@id\":\"https:\\\/\\\/realidadturistica.com\\\/realtur\\\/el-sector-mice-vigues-estalla-contra-la-especulacion-hotelera\\\/\",\"url\":\"https:\\\/\\\/realidadturistica.com\\\/realtur\\\/el-sector-mice-vigues-estalla-contra-la-especulacion-hotelera\\\/\",\"name\":\"El sector MICE vigu\u00e9s estalla contra la \u201cespeculaci\u00f3n hotelera\u201d - Realidad Tur\u00edstica\",\"isPartOf\":{\"@id\":\"https:\\\/\\\/realidadturistica.com\\\/realtur\\\/#website\"},\"primaryImageOfPage\":{\"@id\":\"https:\\\/\\\/realidadturistica.com\\\/realtur\\\/el-sector-mice-vigues-estalla-contra-la-especulacion-hotelera\\\/#primaryimage\"},\"image\":{\"@id\":\"https:\\\/\\\/realidadturistica.com\\\/realtur\\\/el-sector-mice-vigues-estalla-contra-la-especulacion-hotelera\\\/#primaryimage\"},\"thumbnailUrl\":\"https:\\\/\\\/realidadturistica.com\\\/realtur\\\/wp-content\\\/uploads\\\/2023\\\/05\\\/El-sector-MICE-vigues-estalla-contra-la.webp\",\"datePublished\":\"2023-05-17T02:35:32+00:00\",\"breadcrumb\":{\"@id\":\"https:\\\/\\\/realidadturistica.com\\\/realtur\\\/el-sector-mice-vigues-estalla-contra-la-especulacion-hotelera\\\/#breadcrumb\"},\"inLanguage\":\"es\",\"potentialAction\":[{\"@type\":\"ReadAction\",\"target\":[\"https:\\\/\\\/realidadturistica.com\\\/realtur\\\/el-sector-mice-vigues-estalla-contra-la-especulacion-hotelera\\\/\"]}]},{\"@type\":\"ImageObject\",\"inLanguage\":\"es\",\"@id\":\"https:\\\/\\\/realidadturistica.com\\\/realtur\\\/el-sector-mice-vigues-estalla-contra-la-especulacion-hotelera\\\/#primaryimage\",\"url\":\"https:\\\/\\\/realidadturistica.com\\\/realtur\\\/wp-content\\\/uploads\\\/2023\\\/05\\\/El-sector-MICE-vigues-estalla-contra-la.webp\",\"contentUrl\":\"https:\\\/\\\/realidadturistica.com\\\/realtur\\\/wp-content\\\/uploads\\\/2023\\\/05\\\/El-sector-MICE-vigues-estalla-contra-la.webp\",\"width\":732,\"height\":400},{\"@type\":\"BreadcrumbList\",\"@id\":\"https:\\\/\\\/realidadturistica.com\\\/realtur\\\/el-sector-mice-vigues-estalla-contra-la-especulacion-hotelera\\\/#breadcrumb\",\"itemListElement\":[{\"@type\":\"ListItem\",\"position\":1,\"name\":\"Portada\",\"item\":\"https:\\\/\\\/realidadturistica.com\\\/realtur\\\/\"},{\"@type\":\"ListItem\",\"position\":2,\"name\":\"El sector MICE vigu\u00e9s estalla contra la \u201cespeculaci\u00f3n hotelera\u201d\"}]},{\"@type\":\"WebSite\",\"@id\":\"https:\\\/\\\/realidadturistica.com\\\/realtur\\\/#website\",\"url\":\"https:\\\/\\\/realidadturistica.com\\\/realtur\\\/\",\"name\":\"Realidad Tur\u00edstica\",\"description\":\"\",\"publisher\":{\"@id\":\"https:\\\/\\\/realidadturistica.com\\\/realtur\\\/#organization\"},\"potentialAction\":[{\"@type\":\"SearchAction\",\"target\":{\"@type\":\"EntryPoint\",\"urlTemplate\":\"https:\\\/\\\/realidadturistica.com\\\/realtur\\\/?s={search_term_string}\"},\"query-input\":{\"@type\":\"PropertyValueSpecification\",\"valueRequired\":true,\"valueName\":\"search_term_string\"}}],\"inLanguage\":\"es\"},{\"@type\":\"Organization\",\"@id\":\"https:\\\/\\\/realidadturistica.com\\\/realtur\\\/#organization\",\"name\":\"Realidad Tur\u00edstica\",\"url\":\"https:\\\/\\\/realidadturistica.com\\\/realtur\\\/\",\"logo\":{\"@type\":\"ImageObject\",\"inLanguage\":\"es\",\"@id\":\"https:\\\/\\\/realidadturistica.com\\\/realtur\\\/#\\\/schema\\\/logo\\\/image\\\/\",\"url\":\"https:\\\/\\\/realidadturistica.com\\\/realtur\\\/wp-content\\\/uploads\\\/2021\\\/12\\\/logotipo-realidad-turistica.png\",\"contentUrl\":\"https:\\\/\\\/realidadturistica.com\\\/realtur\\\/wp-content\\\/uploads\\\/2021\\\/12\\\/logotipo-realidad-turistica.png\",\"width\":1382,\"height\":629,\"caption\":\"Realidad Tur\u00edstica\"},\"image\":{\"@id\":\"https:\\\/\\\/realidadturistica.com\\\/realtur\\\/#\\\/schema\\\/logo\\\/image\\\/\"},\"sameAs\":[\"https:\\\/\\\/www.facebook.com\\\/realidadturistica\",\"https:\\\/\\\/www.instagram.com\\\/realidad_turistica\\\/\"]},{\"@type\":\"Person\",\"@id\":\"https:\\\/\\\/realidadturistica.com\\\/realtur\\\/#\\\/schema\\\/person\\\/ade671191202490fcf08ab21590de73e\",\"name\":\"Editor\",\"image\":{\"@type\":\"ImageObject\",\"inLanguage\":\"es\",\"@id\":\"https:\\\/\\\/realidadturistica.com\\\/realtur\\\/wp-content\\\/uploads\\\/2023\\\/09\\\/Editor_avatar_1693668634-96x96.png\",\"url\":\"https:\\\/\\\/realidadturistica.com\\\/realtur\\\/wp-content\\\/uploads\\\/2023\\\/09\\\/Editor_avatar_1693668634-96x96.png\",\"contentUrl\":\"https:\\\/\\\/realidadturistica.com\\\/realtur\\\/wp-content\\\/uploads\\\/2023\\\/09\\\/Editor_avatar_1693668634-96x96.png\",\"caption\":\"Editor\"},\"sameAs\":[\"https:\\\/\\\/realidadturistica.com\\\/realtur\"],\"url\":\"https:\\\/\\\/realidadturistica.com\\\/realtur\\\/author\\\/editor2\\\/\"}]}<\/script>\n<!-- \/ Yoast SEO Premium plugin. -->","yoast_head_json":{"title":"El sector MICE vigu\u00e9s estalla contra la \u201cespeculaci\u00f3n hotelera\u201d - Realidad Tur\u00edstica","robots":{"index":"index","follow":"follow","max-snippet":"max-snippet:-1","max-image-preview":"max-image-preview:large","max-video-preview":"max-video-preview:-1"},"canonical":"https:\/\/realidadturistica.com\/realtur\/el-sector-mice-vigues-estalla-contra-la-especulacion-hotelera\/","og_locale":"es_ES","og_type":"article","og_title":"El sector MICE vigu\u00e9s estalla contra la \u201cespeculaci\u00f3n hotelera\u201d","og_description":"Espa\u00f1a. Las entidades que organizan las principales ferias profesionales en Vigo (Pontevedra) han expresado su malestar con el sector hotelero de la provincia, acus\u00e1ndoles de&hellip;","og_url":"https:\/\/realidadturistica.com\/realtur\/el-sector-mice-vigues-estalla-contra-la-especulacion-hotelera\/","og_site_name":"Realidad Tur\u00edstica","article_publisher":"https:\/\/www.facebook.com\/realidadturistica","article_published_time":"2023-05-17T02:35:32+00:00","og_image":[{"width":732,"height":400,"url":"https:\/\/realidadturistica.com\/realtur\/wp-content\/uploads\/2023\/05\/El-sector-MICE-vigues-estalla-contra-la.webp","type":"image\/webp"}],"author":"Editor","twitter_card":"summary_large_image","twitter_misc":{"Escrito por":"Editor","Tiempo de lectura":"2 minutos"},"schema":{"@context":"https:\/\/schema.org","@graph":[{"@type":"Article","@id":"https:\/\/realidadturistica.com\/realtur\/el-sector-mice-vigues-estalla-contra-la-especulacion-hotelera\/#article","isPartOf":{"@id":"https:\/\/realidadturistica.com\/realtur\/el-sector-mice-vigues-estalla-contra-la-especulacion-hotelera\/"},"author":{"name":"Editor","@id":"https:\/\/realidadturistica.com\/realtur\/#\/schema\/person\/ade671191202490fcf08ab21590de73e"},"headline":"El sector MICE vigu\u00e9s estalla contra la \u201cespeculaci\u00f3n hotelera\u201d","datePublished":"2023-05-17T02:35:32+00:00","mainEntityOfPage":{"@id":"https:\/\/realidadturistica.com\/realtur\/el-sector-mice-vigues-estalla-contra-la-especulacion-hotelera\/"},"wordCount":313,"commentCount":0,"publisher":{"@id":"https:\/\/realidadturistica.com\/realtur\/#organization"},"image":{"@id":"https:\/\/realidadturistica.com\/realtur\/el-sector-mice-vigues-estalla-contra-la-especulacion-hotelera\/#primaryimage"},"thumbnailUrl":"https:\/\/realidadturistica.com\/realtur\/wp-content\/uploads\/2023\/05\/El-sector-MICE-vigues-estalla-contra-la.webp","articleSection":["MICE"],"inLanguage":"es","potentialAction":[{"@type":"CommentAction","name":"Comment","target":["https:\/\/realidadturistica.com\/realtur\/el-sector-mice-vigues-estalla-contra-la-especulacion-hotelera\/#respond"]}]},{"@type":"WebPage","@id":"https:\/\/realidadturistica.com\/realtur\/el-sector-mice-vigues-estalla-contra-la-especulacion-hotelera\/","url":"https:\/\/realidadturistica.com\/realtur\/el-sector-mice-vigues-estalla-contra-la-especulacion-hotelera\/","name":"El sector MICE vigu\u00e9s estalla contra la \u201cespeculaci\u00f3n hotelera\u201d - Realidad Tur\u00edstica","isPartOf":{"@id":"https:\/\/realidadturistica.com\/realtur\/#website"},"primaryImageOfPage":{"@id":"https:\/\/realidadturistica.com\/realtur\/el-sector-mice-vigues-estalla-contra-la-especulacion-hotelera\/#primaryimage"},"image":{"@id":"https:\/\/realidadturistica.com\/realtur\/el-sector-mice-vigues-estalla-contra-la-especulacion-hotelera\/#primaryimage"},"thumbnailUrl":"https:\/\/realidadturistica.com\/realtur\/wp-content\/uploads\/2023\/05\/El-sector-MICE-vigues-estalla-contra-la.webp","datePublished":"2023-05-17T02:35:32+00:00","breadcrumb":{"@id":"https:\/\/realidadturistica.com\/realtur\/el-sector-mice-vigues-estalla-contra-la-especulacion-hotelera\/#breadcrumb"},"inLanguage":"es","potentialAction":[{"@type":"ReadAction","target":["https:\/\/realidadturistica.com\/realtur\/el-sector-mice-vigues-estalla-contra-la-especulacion-hotelera\/"]}]},{"@type":"ImageObject","inLanguage":"es","@id":"https:\/\/realidadturistica.com\/realtur\/el-sector-mice-vigues-estalla-contra-la-especulacion-hotelera\/#primaryimage","url":"https:\/\/realidadturistica.com\/realtur\/wp-content\/uploads\/2023\/05\/El-sector-MICE-vigues-estalla-contra-la.webp","contentUrl":"https:\/\/realidadturistica.com\/realtur\/wp-content\/uploads\/2023\/05\/El-sector-MICE-vigues-estalla-contra-la.webp","width":732,"height":400},{"@type":"BreadcrumbList","@id":"https:\/\/realidadturistica.com\/realtur\/el-sector-mice-vigues-estalla-contra-la-especulacion-hotelera\/#breadcrumb","itemListElement":[{"@type":"ListItem","position":1,"name":"Portada","item":"https:\/\/realidadturistica.com\/realtur\/"},{"@type":"ListItem","position":2,"name":"El sector MICE vigu\u00e9s estalla contra la \u201cespeculaci\u00f3n hotelera\u201d"}]},{"@type":"WebSite","@id":"https:\/\/realidadturistica.com\/realtur\/#website","url":"https:\/\/realidadturistica.com\/realtur\/","name":"Realidad Tur\u00edstica","description":"","publisher":{"@id":"https:\/\/realidadturistica.com\/realtur\/#organization"},"potentialAction":[{"@type":"SearchAction","target":{"@type":"EntryPoint","urlTemplate":"https:\/\/realidadturistica.com\/realtur\/?s={search_term_string}"},"query-input":{"@type":"PropertyValueSpecification","valueRequired":true,"valueName":"search_term_string"}}],"inLanguage":"es"},{"@type":"Organization","@id":"https:\/\/realidadturistica.com\/realtur\/#organization","name":"Realidad Tur\u00edstica","url":"https:\/\/realidadturistica.com\/realtur\/","logo":{"@type":"ImageObject","inLanguage":"es","@id":"https:\/\/realidadturistica.com\/realtur\/#\/schema\/logo\/image\/","url":"https:\/\/realidadturistica.com\/realtur\/wp-content\/uploads\/2021\/12\/logotipo-realidad-turistica.png","contentUrl":"https:\/\/realidadturistica.com\/realtur\/wp-content\/uploads\/2021\/12\/logotipo-realidad-turistica.png","width":1382,"height":629,"caption":"Realidad Tur\u00edstica"},"image":{"@id":"https:\/\/realidadturistica.com\/realtur\/#\/schema\/logo\/image\/"},"sameAs":["https:\/\/www.facebook.com\/realidadturistica","https:\/\/www.instagram.com\/realidad_turistica\/"]},{"@type":"Person","@id":"https:\/\/realidadturistica.com\/realtur\/#\/schema\/person\/ade671191202490fcf08ab21590de73e","name":"Editor","image":{"@type":"ImageObject","inLanguage":"es","@id":"https:\/\/realidadturistica.com\/realtur\/wp-content\/uploads\/2023\/09\/Editor_avatar_1693668634-96x96.png","url":"https:\/\/realidadturistica.com\/realtur\/wp-content\/uploads\/2023\/09\/Editor_avatar_1693668634-96x96.png","contentUrl":"https:\/\/realidadturistica.com\/realtur\/wp-content\/uploads\/2023\/09\/Editor_avatar_1693668634-96x96.png","caption":"Editor"},"sameAs":["https:\/\/realidadturistica.com\/realtur"],"url":"https:\/\/realidadturistica.com\/realtur\/author\/editor2\/"}]}},"_links":{"self":[{"href":"https:\/\/realidadturistica.com\/realtur\/wp-json\/wp\/v2\/posts\/4364","targetHints":{"allow":["GET"]}}],"collection":[{"href":"https:\/\/realidadturistica.com\/realtur\/wp-json\/wp\/v2\/posts"}],"about":[{"href":"https:\/\/realidadturistica.com\/realtur\/wp-json\/wp\/v2\/types\/post"}],"author":[{"embeddable":true,"href":"https:\/\/realidadturistica.com\/realtur\/wp-json\/wp\/v2\/users\/2"}],"replies":[{"embeddable":true,"href":"https:\/\/realidadturistica.com\/realtur\/wp-json\/wp\/v2\/comments?post=4364"}],"version-history":[{"count":0,"href":"https:\/\/realidadturistica.com\/realtur\/wp-json\/wp\/v2\/posts\/4364\/revisions"}],"wp:featuredmedia":[{"embeddable":true,"href":"https:\/\/realidadturistica.com\/realtur\/wp-json\/wp\/v2\/media\/4365"}],"wp:attachment":[{"href":"https:\/\/realidadturistica.com\/realtur\/wp-json\/wp\/v2\/media?parent=4364"}],"wp:term":[{"taxonomy":"category","embeddable":true,"href":"https:\/\/realidadturistica.com\/realtur\/wp-json\/wp\/v2\/categories?post=4364"},{"taxonomy":"post_tag","embeddable":true,"href":"https:\/\/realidadturistica.com\/realtur\/wp-json\/wp\/v2\/tags?post=4364"}],"curies":[{"name":"wp","href":"https:\/\/api.w.org\/{rel}","templated":true}]}}