{"id":4556,"date":"2023-06-19T11:49:25","date_gmt":"2023-06-19T11:49:25","guid":{"rendered":"https:\/\/realidadturistica.com\/realtur\/?p=4556"},"modified":"2023-06-19T11:49:25","modified_gmt":"2023-06-19T11:49:25","slug":"la-union-europea-ayudara-al-caribe-en-la-lucha-contra-el-sargazo","status":"publish","type":"post","link":"https:\/\/realidadturistica.com\/realtur\/la-union-europea-ayudara-al-caribe-en-la-lucha-contra-el-sargazo\/","title":{"rendered":"La Uni\u00f3n Europea ayudar\u00e1 al Caribe en la lucha contra el sargazo"},"content":{"rendered":"\n<p>Caribe. As\u00ed lo ha se\u00f1alado Katja Afheldt, embajadora de la UE en R. Dominicana, durante la \u2018Conferencia Regional Gran Caribe-UE: Convertir el sargazo en una oportunidad\u2019<\/p>\n\n\n\n<p>La Uni\u00f3n Europea se ha comprometido a apoyar a los pa\u00edses del Caribe en la lucha contra el sargazo. As\u00ed lo ha se\u00f1alado Katja Afheldt, embajadora de la Uni\u00f3n Europea en Rep\u00fablica Dominicana, durante la \u2018Conferencia Regional Gran Caribe-UE sobre Sargazo: Convertir el sargazo en una oportunidad\u2019, celebrada en Santo Domingo el pasado jueves.<\/p>\n\n\n\n<p>Por su parte, el director de Comisi\u00f3n Europea para Am\u00e9rica Latina y el Caribe, F\u00e9lix Fern\u00e1ndez, ha afirmado que se necesita un enfoque estructurado, pol\u00edtico y pr\u00e1ctico como el proporcionado por la Agenda de Inversi\u00f3n Global Gateway de la Uni\u00f3n Europea. Fern\u00e1ndez ha insistido en la importancia de incluir el sargazo en la hoja de ruta de la Uni\u00f3n Europea.<\/p>\n\n\n\n<p>En primer lugar, Fern\u00e1ndez aboga por empezar con invertir en investigaci\u00f3n para saber qu\u00e9 se puede hacer para mitigar sus efectos y aprovechar las oportunidades que ofrece el sargazo. Tambi\u00e9n ha invitado a la colaboraci\u00f3n p\u00fablico-privada para que el sargazo no llegue a las playas.<\/p>\n\n\n\n<p>&nbsp;&nbsp;&nbsp; En el marco de la \u00abConferencia regional Gran Caribe -Uni\u00f3n Europea sobre sargazo\u00bb el canciller @RobalsdqAlvarez \ud83c\udde9\ud83c\uddf4 realiz\u00f3 un recorrido por la exposici\u00f3n donde empresas, colegios y la academia promovieron sus proyectos innovadores sobre el uso del #sargazo. pic.twitter.com\/CA2rHz6gVe<\/p>\n\n\n\n<p>&nbsp;&nbsp;&nbsp; \u2014 Ministerio de Relaciones Exteriores R.Dominicana (@MIREXRD) June 15, 2023<\/p>\n\n\n\n<p>Desde Rep\u00fablica Dominicana han incidido en que el sargazo es un problema que tambi\u00e9n afecta a la Uni\u00f3n Europea porque la Uni\u00f3n Europea forma parte del Caribe a trav\u00e9s de sus islas y territorios (Guadalupe, Guayana Francesa, Martinica, San Mart\u00edn\u2026).<\/p>\n\n\n\n<p>Por su parte, el ministro de Relaciones Exteriores dominicano, Roberto \u00c1lvarez, ha destacado que Rep\u00fablica Dominicana fue el pa\u00eds que m\u00e1s insisti\u00f3 durante la IX Cumbre de la Asociaci\u00f3n de Estados del Caribe para declarar el sargazo como emergencia. En este sentido, \u00c1lvarez ha asegurado que el pa\u00eds seguir\u00e1 dispuesto a encabezar la iniciativa para la creaci\u00f3n de un fondo com\u00fan o la formaci\u00f3n de un Grupo de Trabajo Regional para retomar los compromisos de 2019 y adoptar una resoluci\u00f3n sobre el sargazo en las Naciones Unidas.<\/p>\n\n\n\n<p>Fuente: Tourinews.<\/p>\n","protected":false},"excerpt":{"rendered":"<p>Caribe. As\u00ed lo ha se\u00f1alado Katja Afheldt, embajadora de la UE en R. Dominicana, durante la \u2018Conferencia Regional Gran Caribe-UE: Convertir el sargazo en una&hellip;<\/p>\n","protected":false},"author":2,"featured_media":4557,"comment_status":"open","ping_status":"closed","sticky":false,"template":"","format":"standard","meta":{"content-type":"","_lmt_disableupdate":"","_lmt_disable":"","footnotes":""},"categories":[6],"tags":[],"class_list":["post-4556","post","type-post","status-publish","format-standard","has-post-thumbnail","hentry","category-turismo"],"yoast_head":"<!-- This site is optimized with the Yoast SEO Premium plugin v27.4 (Yoast SEO v27.5) - https:\/\/yoast.com\/product\/yoast-seo-premium-wordpress\/ -->\n<title>La Uni\u00f3n Europea ayudar\u00e1 al Caribe en la lucha contra el sargazo - Realidad Tur\u00edstica<\/title>\n<meta name=\"robots\" content=\"index, follow, max-snippet:-1, max-image-preview:large, max-video-preview:-1\" \/>\n<link rel=\"canonical\" href=\"https:\/\/realidadturistica.com\/realtur\/la-union-europea-ayudara-al-caribe-en-la-lucha-contra-el-sargazo\/\" \/>\n<meta property=\"og:locale\" content=\"es_ES\" \/>\n<meta property=\"og:type\" content=\"article\" \/>\n<meta property=\"og:title\" content=\"La Uni\u00f3n Europea ayudar\u00e1 al Caribe en la lucha contra el sargazo\" \/>\n<meta property=\"og:description\" content=\"Caribe. As\u00ed lo ha se\u00f1alado Katja Afheldt, embajadora de la UE en R. Dominicana, durante la \u2018Conferencia Regional Gran Caribe-UE: Convertir el sargazo en una&hellip;\" \/>\n<meta property=\"og:url\" content=\"https:\/\/realidadturistica.com\/realtur\/la-union-europea-ayudara-al-caribe-en-la-lucha-contra-el-sargazo\/\" \/>\n<meta property=\"og:site_name\" content=\"Realidad Tur\u00edstica\" \/>\n<meta property=\"article:publisher\" content=\"https:\/\/www.facebook.com\/realidadturistica\" \/>\n<meta property=\"article:published_time\" content=\"2023-06-19T11:49:25+00:00\" \/>\n<meta property=\"og:image\" content=\"https:\/\/realidadturistica.com\/realtur\/wp-content\/uploads\/2023\/06\/La-Union-Europea.webp\" \/>\n\t<meta property=\"og:image:width\" content=\"732\" \/>\n\t<meta property=\"og:image:height\" content=\"400\" \/>\n\t<meta property=\"og:image:type\" content=\"image\/webp\" \/>\n<meta name=\"author\" content=\"Editor\" \/>\n<meta name=\"twitter:card\" content=\"summary_large_image\" \/>\n<meta name=\"twitter:label1\" content=\"Escrito por\" \/>\n\t<meta name=\"twitter:data1\" content=\"Editor\" \/>\n\t<meta name=\"twitter:label2\" content=\"Tiempo de lectura\" \/>\n\t<meta name=\"twitter:data2\" content=\"2 minutos\" \/>\n<script type=\"application\/ld+json\" class=\"yoast-schema-graph\">{\"@context\":\"https:\\\/\\\/schema.org\",\"@graph\":[{\"@type\":\"Article\",\"@id\":\"https:\\\/\\\/realidadturistica.com\\\/realtur\\\/la-union-europea-ayudara-al-caribe-en-la-lucha-contra-el-sargazo\\\/#article\",\"isPartOf\":{\"@id\":\"https:\\\/\\\/realidadturistica.com\\\/realtur\\\/la-union-europea-ayudara-al-caribe-en-la-lucha-contra-el-sargazo\\\/\"},\"author\":{\"name\":\"Editor\",\"@id\":\"https:\\\/\\\/realidadturistica.com\\\/realtur\\\/#\\\/schema\\\/person\\\/ade671191202490fcf08ab21590de73e\"},\"headline\":\"La Uni\u00f3n Europea ayudar\u00e1 al Caribe en la lucha contra el sargazo\",\"datePublished\":\"2023-06-19T11:49:25+00:00\",\"mainEntityOfPage\":{\"@id\":\"https:\\\/\\\/realidadturistica.com\\\/realtur\\\/la-union-europea-ayudara-al-caribe-en-la-lucha-contra-el-sargazo\\\/\"},\"wordCount\":421,\"commentCount\":0,\"publisher\":{\"@id\":\"https:\\\/\\\/realidadturistica.com\\\/realtur\\\/#organization\"},\"image\":{\"@id\":\"https:\\\/\\\/realidadturistica.com\\\/realtur\\\/la-union-europea-ayudara-al-caribe-en-la-lucha-contra-el-sargazo\\\/#primaryimage\"},\"thumbnailUrl\":\"https:\\\/\\\/realidadturistica.com\\\/realtur\\\/wp-content\\\/uploads\\\/2023\\\/06\\\/La-Union-Europea.webp\",\"articleSection\":[\"Turismo\"],\"inLanguage\":\"es\",\"potentialAction\":[{\"@type\":\"CommentAction\",\"name\":\"Comment\",\"target\":[\"https:\\\/\\\/realidadturistica.com\\\/realtur\\\/la-union-europea-ayudara-al-caribe-en-la-lucha-contra-el-sargazo\\\/#respond\"]}]},{\"@type\":\"WebPage\",\"@id\":\"https:\\\/\\\/realidadturistica.com\\\/realtur\\\/la-union-europea-ayudara-al-caribe-en-la-lucha-contra-el-sargazo\\\/\",\"url\":\"https:\\\/\\\/realidadturistica.com\\\/realtur\\\/la-union-europea-ayudara-al-caribe-en-la-lucha-contra-el-sargazo\\\/\",\"name\":\"La Uni\u00f3n Europea ayudar\u00e1 al Caribe en la lucha contra el sargazo - Realidad Tur\u00edstica\",\"isPartOf\":{\"@id\":\"https:\\\/\\\/realidadturistica.com\\\/realtur\\\/#website\"},\"primaryImageOfPage\":{\"@id\":\"https:\\\/\\\/realidadturistica.com\\\/realtur\\\/la-union-europea-ayudara-al-caribe-en-la-lucha-contra-el-sargazo\\\/#primaryimage\"},\"image\":{\"@id\":\"https:\\\/\\\/realidadturistica.com\\\/realtur\\\/la-union-europea-ayudara-al-caribe-en-la-lucha-contra-el-sargazo\\\/#primaryimage\"},\"thumbnailUrl\":\"https:\\\/\\\/realidadturistica.com\\\/realtur\\\/wp-content\\\/uploads\\\/2023\\\/06\\\/La-Union-Europea.webp\",\"datePublished\":\"2023-06-19T11:49:25+00:00\",\"breadcrumb\":{\"@id\":\"https:\\\/\\\/realidadturistica.com\\\/realtur\\\/la-union-europea-ayudara-al-caribe-en-la-lucha-contra-el-sargazo\\\/#breadcrumb\"},\"inLanguage\":\"es\",\"potentialAction\":[{\"@type\":\"ReadAction\",\"target\":[\"https:\\\/\\\/realidadturistica.com\\\/realtur\\\/la-union-europea-ayudara-al-caribe-en-la-lucha-contra-el-sargazo\\\/\"]}]},{\"@type\":\"ImageObject\",\"inLanguage\":\"es\",\"@id\":\"https:\\\/\\\/realidadturistica.com\\\/realtur\\\/la-union-europea-ayudara-al-caribe-en-la-lucha-contra-el-sargazo\\\/#primaryimage\",\"url\":\"https:\\\/\\\/realidadturistica.com\\\/realtur\\\/wp-content\\\/uploads\\\/2023\\\/06\\\/La-Union-Europea.webp\",\"contentUrl\":\"https:\\\/\\\/realidadturistica.com\\\/realtur\\\/wp-content\\\/uploads\\\/2023\\\/06\\\/La-Union-Europea.webp\",\"width\":732,\"height\":400},{\"@type\":\"BreadcrumbList\",\"@id\":\"https:\\\/\\\/realidadturistica.com\\\/realtur\\\/la-union-europea-ayudara-al-caribe-en-la-lucha-contra-el-sargazo\\\/#breadcrumb\",\"itemListElement\":[{\"@type\":\"ListItem\",\"position\":1,\"name\":\"Portada\",\"item\":\"https:\\\/\\\/realidadturistica.com\\\/realtur\\\/\"},{\"@type\":\"ListItem\",\"position\":2,\"name\":\"La Uni\u00f3n Europea ayudar\u00e1 al Caribe en la lucha contra el sargazo\"}]},{\"@type\":\"WebSite\",\"@id\":\"https:\\\/\\\/realidadturistica.com\\\/realtur\\\/#website\",\"url\":\"https:\\\/\\\/realidadturistica.com\\\/realtur\\\/\",\"name\":\"Realidad Tur\u00edstica\",\"description\":\"\",\"publisher\":{\"@id\":\"https:\\\/\\\/realidadturistica.com\\\/realtur\\\/#organization\"},\"potentialAction\":[{\"@type\":\"SearchAction\",\"target\":{\"@type\":\"EntryPoint\",\"urlTemplate\":\"https:\\\/\\\/realidadturistica.com\\\/realtur\\\/?s={search_term_string}\"},\"query-input\":{\"@type\":\"PropertyValueSpecification\",\"valueRequired\":true,\"valueName\":\"search_term_string\"}}],\"inLanguage\":\"es\"},{\"@type\":\"Organization\",\"@id\":\"https:\\\/\\\/realidadturistica.com\\\/realtur\\\/#organization\",\"name\":\"Realidad Tur\u00edstica\",\"url\":\"https:\\\/\\\/realidadturistica.com\\\/realtur\\\/\",\"logo\":{\"@type\":\"ImageObject\",\"inLanguage\":\"es\",\"@id\":\"https:\\\/\\\/realidadturistica.com\\\/realtur\\\/#\\\/schema\\\/logo\\\/image\\\/\",\"url\":\"https:\\\/\\\/realidadturistica.com\\\/realtur\\\/wp-content\\\/uploads\\\/2021\\\/12\\\/logotipo-realidad-turistica.png\",\"contentUrl\":\"https:\\\/\\\/realidadturistica.com\\\/realtur\\\/wp-content\\\/uploads\\\/2021\\\/12\\\/logotipo-realidad-turistica.png\",\"width\":1382,\"height\":629,\"caption\":\"Realidad Tur\u00edstica\"},\"image\":{\"@id\":\"https:\\\/\\\/realidadturistica.com\\\/realtur\\\/#\\\/schema\\\/logo\\\/image\\\/\"},\"sameAs\":[\"https:\\\/\\\/www.facebook.com\\\/realidadturistica\",\"https:\\\/\\\/www.instagram.com\\\/realidad_turistica\\\/\"]},{\"@type\":\"Person\",\"@id\":\"https:\\\/\\\/realidadturistica.com\\\/realtur\\\/#\\\/schema\\\/person\\\/ade671191202490fcf08ab21590de73e\",\"name\":\"Editor\",\"image\":{\"@type\":\"ImageObject\",\"inLanguage\":\"es\",\"@id\":\"https:\\\/\\\/realidadturistica.com\\\/realtur\\\/wp-content\\\/uploads\\\/2023\\\/09\\\/Editor_avatar_1693668634-96x96.png\",\"url\":\"https:\\\/\\\/realidadturistica.com\\\/realtur\\\/wp-content\\\/uploads\\\/2023\\\/09\\\/Editor_avatar_1693668634-96x96.png\",\"contentUrl\":\"https:\\\/\\\/realidadturistica.com\\\/realtur\\\/wp-content\\\/uploads\\\/2023\\\/09\\\/Editor_avatar_1693668634-96x96.png\",\"caption\":\"Editor\"},\"sameAs\":[\"https:\\\/\\\/realidadturistica.com\\\/realtur\"],\"url\":\"https:\\\/\\\/realidadturistica.com\\\/realtur\\\/author\\\/editor2\\\/\"}]}<\/script>\n<!-- \/ Yoast SEO Premium plugin. -->","yoast_head_json":{"title":"La Uni\u00f3n Europea ayudar\u00e1 al Caribe en la lucha contra el sargazo - Realidad Tur\u00edstica","robots":{"index":"index","follow":"follow","max-snippet":"max-snippet:-1","max-image-preview":"max-image-preview:large","max-video-preview":"max-video-preview:-1"},"canonical":"https:\/\/realidadturistica.com\/realtur\/la-union-europea-ayudara-al-caribe-en-la-lucha-contra-el-sargazo\/","og_locale":"es_ES","og_type":"article","og_title":"La Uni\u00f3n Europea ayudar\u00e1 al Caribe en la lucha contra el sargazo","og_description":"Caribe. As\u00ed lo ha se\u00f1alado Katja Afheldt, embajadora de la UE en R. Dominicana, durante la \u2018Conferencia Regional Gran Caribe-UE: Convertir el sargazo en una&hellip;","og_url":"https:\/\/realidadturistica.com\/realtur\/la-union-europea-ayudara-al-caribe-en-la-lucha-contra-el-sargazo\/","og_site_name":"Realidad Tur\u00edstica","article_publisher":"https:\/\/www.facebook.com\/realidadturistica","article_published_time":"2023-06-19T11:49:25+00:00","og_image":[{"width":732,"height":400,"url":"https:\/\/realidadturistica.com\/realtur\/wp-content\/uploads\/2023\/06\/La-Union-Europea.webp","type":"image\/webp"}],"author":"Editor","twitter_card":"summary_large_image","twitter_misc":{"Escrito por":"Editor","Tiempo de lectura":"2 minutos"},"schema":{"@context":"https:\/\/schema.org","@graph":[{"@type":"Article","@id":"https:\/\/realidadturistica.com\/realtur\/la-union-europea-ayudara-al-caribe-en-la-lucha-contra-el-sargazo\/#article","isPartOf":{"@id":"https:\/\/realidadturistica.com\/realtur\/la-union-europea-ayudara-al-caribe-en-la-lucha-contra-el-sargazo\/"},"author":{"name":"Editor","@id":"https:\/\/realidadturistica.com\/realtur\/#\/schema\/person\/ade671191202490fcf08ab21590de73e"},"headline":"La Uni\u00f3n Europea ayudar\u00e1 al Caribe en la lucha contra el sargazo","datePublished":"2023-06-19T11:49:25+00:00","mainEntityOfPage":{"@id":"https:\/\/realidadturistica.com\/realtur\/la-union-europea-ayudara-al-caribe-en-la-lucha-contra-el-sargazo\/"},"wordCount":421,"commentCount":0,"publisher":{"@id":"https:\/\/realidadturistica.com\/realtur\/#organization"},"image":{"@id":"https:\/\/realidadturistica.com\/realtur\/la-union-europea-ayudara-al-caribe-en-la-lucha-contra-el-sargazo\/#primaryimage"},"thumbnailUrl":"https:\/\/realidadturistica.com\/realtur\/wp-content\/uploads\/2023\/06\/La-Union-Europea.webp","articleSection":["Turismo"],"inLanguage":"es","potentialAction":[{"@type":"CommentAction","name":"Comment","target":["https:\/\/realidadturistica.com\/realtur\/la-union-europea-ayudara-al-caribe-en-la-lucha-contra-el-sargazo\/#respond"]}]},{"@type":"WebPage","@id":"https:\/\/realidadturistica.com\/realtur\/la-union-europea-ayudara-al-caribe-en-la-lucha-contra-el-sargazo\/","url":"https:\/\/realidadturistica.com\/realtur\/la-union-europea-ayudara-al-caribe-en-la-lucha-contra-el-sargazo\/","name":"La Uni\u00f3n Europea ayudar\u00e1 al Caribe en la lucha contra el sargazo - Realidad Tur\u00edstica","isPartOf":{"@id":"https:\/\/realidadturistica.com\/realtur\/#website"},"primaryImageOfPage":{"@id":"https:\/\/realidadturistica.com\/realtur\/la-union-europea-ayudara-al-caribe-en-la-lucha-contra-el-sargazo\/#primaryimage"},"image":{"@id":"https:\/\/realidadturistica.com\/realtur\/la-union-europea-ayudara-al-caribe-en-la-lucha-contra-el-sargazo\/#primaryimage"},"thumbnailUrl":"https:\/\/realidadturistica.com\/realtur\/wp-content\/uploads\/2023\/06\/La-Union-Europea.webp","datePublished":"2023-06-19T11:49:25+00:00","breadcrumb":{"@id":"https:\/\/realidadturistica.com\/realtur\/la-union-europea-ayudara-al-caribe-en-la-lucha-contra-el-sargazo\/#breadcrumb"},"inLanguage":"es","potentialAction":[{"@type":"ReadAction","target":["https:\/\/realidadturistica.com\/realtur\/la-union-europea-ayudara-al-caribe-en-la-lucha-contra-el-sargazo\/"]}]},{"@type":"ImageObject","inLanguage":"es","@id":"https:\/\/realidadturistica.com\/realtur\/la-union-europea-ayudara-al-caribe-en-la-lucha-contra-el-sargazo\/#primaryimage","url":"https:\/\/realidadturistica.com\/realtur\/wp-content\/uploads\/2023\/06\/La-Union-Europea.webp","contentUrl":"https:\/\/realidadturistica.com\/realtur\/wp-content\/uploads\/2023\/06\/La-Union-Europea.webp","width":732,"height":400},{"@type":"BreadcrumbList","@id":"https:\/\/realidadturistica.com\/realtur\/la-union-europea-ayudara-al-caribe-en-la-lucha-contra-el-sargazo\/#breadcrumb","itemListElement":[{"@type":"ListItem","position":1,"name":"Portada","item":"https:\/\/realidadturistica.com\/realtur\/"},{"@type":"ListItem","position":2,"name":"La Uni\u00f3n Europea ayudar\u00e1 al Caribe en la lucha contra el sargazo"}]},{"@type":"WebSite","@id":"https:\/\/realidadturistica.com\/realtur\/#website","url":"https:\/\/realidadturistica.com\/realtur\/","name":"Realidad Tur\u00edstica","description":"","publisher":{"@id":"https:\/\/realidadturistica.com\/realtur\/#organization"},"potentialAction":[{"@type":"SearchAction","target":{"@type":"EntryPoint","urlTemplate":"https:\/\/realidadturistica.com\/realtur\/?s={search_term_string}"},"query-input":{"@type":"PropertyValueSpecification","valueRequired":true,"valueName":"search_term_string"}}],"inLanguage":"es"},{"@type":"Organization","@id":"https:\/\/realidadturistica.com\/realtur\/#organization","name":"Realidad Tur\u00edstica","url":"https:\/\/realidadturistica.com\/realtur\/","logo":{"@type":"ImageObject","inLanguage":"es","@id":"https:\/\/realidadturistica.com\/realtur\/#\/schema\/logo\/image\/","url":"https:\/\/realidadturistica.com\/realtur\/wp-content\/uploads\/2021\/12\/logotipo-realidad-turistica.png","contentUrl":"https:\/\/realidadturistica.com\/realtur\/wp-content\/uploads\/2021\/12\/logotipo-realidad-turistica.png","width":1382,"height":629,"caption":"Realidad Tur\u00edstica"},"image":{"@id":"https:\/\/realidadturistica.com\/realtur\/#\/schema\/logo\/image\/"},"sameAs":["https:\/\/www.facebook.com\/realidadturistica","https:\/\/www.instagram.com\/realidad_turistica\/"]},{"@type":"Person","@id":"https:\/\/realidadturistica.com\/realtur\/#\/schema\/person\/ade671191202490fcf08ab21590de73e","name":"Editor","image":{"@type":"ImageObject","inLanguage":"es","@id":"https:\/\/realidadturistica.com\/realtur\/wp-content\/uploads\/2023\/09\/Editor_avatar_1693668634-96x96.png","url":"https:\/\/realidadturistica.com\/realtur\/wp-content\/uploads\/2023\/09\/Editor_avatar_1693668634-96x96.png","contentUrl":"https:\/\/realidadturistica.com\/realtur\/wp-content\/uploads\/2023\/09\/Editor_avatar_1693668634-96x96.png","caption":"Editor"},"sameAs":["https:\/\/realidadturistica.com\/realtur"],"url":"https:\/\/realidadturistica.com\/realtur\/author\/editor2\/"}]}},"_links":{"self":[{"href":"https:\/\/realidadturistica.com\/realtur\/wp-json\/wp\/v2\/posts\/4556","targetHints":{"allow":["GET"]}}],"collection":[{"href":"https:\/\/realidadturistica.com\/realtur\/wp-json\/wp\/v2\/posts"}],"about":[{"href":"https:\/\/realidadturistica.com\/realtur\/wp-json\/wp\/v2\/types\/post"}],"author":[{"embeddable":true,"href":"https:\/\/realidadturistica.com\/realtur\/wp-json\/wp\/v2\/users\/2"}],"replies":[{"embeddable":true,"href":"https:\/\/realidadturistica.com\/realtur\/wp-json\/wp\/v2\/comments?post=4556"}],"version-history":[{"count":0,"href":"https:\/\/realidadturistica.com\/realtur\/wp-json\/wp\/v2\/posts\/4556\/revisions"}],"wp:featuredmedia":[{"embeddable":true,"href":"https:\/\/realidadturistica.com\/realtur\/wp-json\/wp\/v2\/media\/4557"}],"wp:attachment":[{"href":"https:\/\/realidadturistica.com\/realtur\/wp-json\/wp\/v2\/media?parent=4556"}],"wp:term":[{"taxonomy":"category","embeddable":true,"href":"https:\/\/realidadturistica.com\/realtur\/wp-json\/wp\/v2\/categories?post=4556"},{"taxonomy":"post_tag","embeddable":true,"href":"https:\/\/realidadturistica.com\/realtur\/wp-json\/wp\/v2\/tags?post=4556"}],"curies":[{"name":"wp","href":"https:\/\/api.w.org\/{rel}","templated":true}]}}