{"id":4610,"date":"2023-07-02T13:00:41","date_gmt":"2023-07-02T13:00:41","guid":{"rendered":"https:\/\/realidadturistica.com\/realtur\/?p=4610"},"modified":"2023-07-02T13:00:41","modified_gmt":"2023-07-02T13:00:41","slug":"la-omt-pone-el-foco-en-la-inversion-en-turismo-en-las-americas","status":"publish","type":"post","link":"https:\/\/realidadturistica.com\/realtur\/la-omt-pone-el-foco-en-la-inversion-en-turismo-en-las-americas\/","title":{"rendered":"La OMT pone el foco en la inversi\u00f3n en turismo en las Am\u00e9ricas"},"content":{"rendered":"\n<p>La OMT refuerza a\u00fan m\u00e1s su cooperaci\u00f3n con el Banco de Desarrollo de Am\u00e9rica Latina y el Caribe, reuniendo a l\u00edderes de los \u00e1mbitos p\u00fablico y privado para promover las inversiones en el sector tur\u00edstico.<\/p>\n\n\n\n<p>En el contexto de la reuni\u00f3n de su 68\u00aa Comisi\u00f3n Regional para las Am\u00e9ricas en&nbsp; Quito (Ecuador), la OMT organiz\u00f3 el Seminario sobre Inversiones Sostenibles para explorar los principales retos y oportunidades en la regi\u00f3n.<\/p>\n\n\n\n<p>Inversiones en turismo: una prioridad determinante<\/p>\n\n\n\n<p>Los \u00faltimos datos de la OMT muestran que el turismo en las Am\u00e9ricas se est\u00e1 recuperando a un ritmo constante, en el primer trimestre de este a\u00f1o, las llegadas internacionales alcanzaron el 86% de los niveles de 2019. Adem\u00e1s, la inversi\u00f3n extranjera directa (IED) en el sector tur\u00edstico, que hab\u00eda experimentado un declive, ahora muestra signos de revitalizaci\u00f3n:<\/p>\n\n\n\n<p>-Los proyectos de inversi\u00f3n registrados aumentaron un 185% entre 2022 y 2021, con un valor total de 192,6 mil millones de d\u00f3lares. Esta tendencia refleja la creciente confianza de los inversores en el potencial de la regi\u00f3n.<\/p>\n\n\n\n<p>-Adem\u00e1s, en 2021, la Inversi\u00f3n Extranjera Directa (IED) se increment\u00f3 hasta alcanzar los 134 mil millones de d\u00f3lares -un aumento interanual del 56%-, recuperando una parte sustancial de lo perdido en 2020.<\/p>\n\n\n\n<p>Para alcanzar los Objetivos de Desarrollo Sostenible (ODS) en las Am\u00e9ricas, es de suma importancia atraer inversiones que apoyen activamente su consecuci\u00f3n. Entre otras acciones, resulta crucial establecer un marco regulatorio multilateral s\u00f3lido que fomente las inversiones sostenibles.<\/p>\n\n\n\n<p>El seminario de Quito proporciona una plataforma de alto nivel<\/p>\n\n\n\n<p>En el Seminario sobre inversiones sostenibles: una estrategia hacia la competitividad ministros de turismo, inversores tradicionales y no tradicionales, fondos multilaterales, comunidades econ\u00f3micas regionales, startups de tecnolog\u00eda tur\u00edstica y medios de comunicaci\u00f3n compartieron sus buenas pr\u00e1cticas y conocimientos en este tema. Como muestra del apoyo pol\u00edtico de alto nivel a la labor de la OMT en este \u00e1mbito, el Seminario cont\u00f3 con la presencia de los ministros de turismo de Ecuador, Paraguay, Per\u00fa, Puerto Rico y del viceministro de la Rep\u00fablica Dominicana. Los principales objetivos del evento se centraron en:<\/p>\n\n\n\n<p>-Fomentar marcos estrat\u00e9gicos que faciliten el emprendimiento en la regi\u00f3n, incluidas medidas para salvaguardar, atraer y promover proyectos de inversi\u00f3n en turismo con el fin de acelerar la recuperaci\u00f3n econ\u00f3mica y favorecer la resiliencia.<\/p>\n\n\n\n<p>-Impulsar la cooperaci\u00f3n sobre marcos de inversi\u00f3n sostenible para promover las inversiones en turismo y la creaci\u00f3n de empleo, incluso mediante el desarrollo de incentivos centrados en instrumentos de financiaci\u00f3n innovadores.<\/p>\n\n\n\n<p>-Promover la cooperaci\u00f3n regional para racionalizar los mecanismos de inversi\u00f3n en turismo sostenible, a trav\u00e9s de medidas de recuperaci\u00f3n econ\u00f3mica y diversificaci\u00f3n con efectos multiplicadores.<\/p>\n\n\n\n<p>Contribuyeron a las discusiones representantes de alto nivel del Banco de Desarrollo de Am\u00e9rica Latina y el Caribe (CAF), fDi Intelligence del Financial Times, BID &#8211; Banco Interamericano de Desarrollo y, en representaci\u00f3n de los inversores y el sector privado, Hotel Jama Campay, WAYRA (Telef\u00f3nica), IMPAQTO, UnTours, Maraey, Metropolitan Touring, GHL Hoteles y la Confederaci\u00f3n Panamericana de Escuelas de Hoteler\u00eda, Gastronom\u00eda y Turismo,&nbsp; entre otros.<\/p>\n\n\n\n<p>OMT y CAF<\/p>\n\n\n\n<p>En enero de 2023, la OMT y el Banco de Desarrollo de Am\u00e9rica Latina (CAF) anunciaron una nueva asociaci\u00f3n para promover y retener la inversi\u00f3n en turismo en toda la regi\u00f3n de Am\u00e9rica Latina y el Caribe. En Quito:<\/p>\n\n\n\n<p>-La OMT y CAF publicaron la primera edici\u00f3n de las gu\u00edas \u00abTurismo y Negocio\u00bb. Bajo el t\u00edtulo \u00abInvertir en Ecuador\u00bb, el primer n\u00famero tiene como objetivo atraer inversi\u00f3n extranjera directa al sector tur\u00edstico de este pa\u00eds, mostrando las condiciones favorables existentes en su territorio y la s\u00f3lida recuperaci\u00f3n econ\u00f3mica que ha demostrado tras la pandemia, con un crecimiento del 2,9% en 2022, a lo que se suma un incremento del 21,7% en la IED entre 2021 y 2022.<\/p>\n\n\n\n<p>-El acuerdo entre OMT y CAF prev\u00e9 el desarrollo de gu\u00edas de inversi\u00f3n tur\u00edstica para otros cinco pa\u00edses: Barbados, Ecuador, El Salvador, Panam\u00e1 y Uruguay.<\/p>\n\n\n\n<p>Fuente: OMT.<\/p>\n","protected":false},"excerpt":{"rendered":"<p>La OMT refuerza a\u00fan m\u00e1s su cooperaci\u00f3n con el Banco de Desarrollo de Am\u00e9rica Latina y el Caribe, reuniendo a l\u00edderes de los \u00e1mbitos p\u00fablico&hellip;<\/p>\n","protected":false},"author":2,"featured_media":4611,"comment_status":"open","ping_status":"closed","sticky":false,"template":"","format":"standard","meta":{"content-type":"","_lmt_disableupdate":"","_lmt_disable":"","footnotes":""},"categories":[6],"tags":[],"class_list":["post-4610","post","type-post","status-publish","format-standard","has-post-thumbnail","hentry","category-turismo"],"yoast_head":"<!-- This site is optimized with the Yoast SEO Premium plugin v27.4 (Yoast SEO v27.4) - https:\/\/yoast.com\/product\/yoast-seo-premium-wordpress\/ -->\n<title>La OMT pone el foco en la inversi\u00f3n en turismo en las Am\u00e9ricas - Realidad Tur\u00edstica<\/title>\n<meta name=\"robots\" content=\"index, follow, max-snippet:-1, max-image-preview:large, max-video-preview:-1\" \/>\n<link rel=\"canonical\" href=\"https:\/\/realidadturistica.com\/realtur\/la-omt-pone-el-foco-en-la-inversion-en-turismo-en-las-americas\/\" \/>\n<meta property=\"og:locale\" content=\"es_ES\" \/>\n<meta property=\"og:type\" content=\"article\" \/>\n<meta property=\"og:title\" content=\"La OMT pone el foco en la inversi\u00f3n en turismo en las Am\u00e9ricas\" \/>\n<meta property=\"og:description\" content=\"La OMT refuerza a\u00fan m\u00e1s su cooperaci\u00f3n con el Banco de Desarrollo de Am\u00e9rica Latina y el Caribe, reuniendo a l\u00edderes de los \u00e1mbitos p\u00fablico&hellip;\" \/>\n<meta property=\"og:url\" content=\"https:\/\/realidadturistica.com\/realtur\/la-omt-pone-el-foco-en-la-inversion-en-turismo-en-las-americas\/\" \/>\n<meta property=\"og:site_name\" content=\"Realidad Tur\u00edstica\" \/>\n<meta property=\"article:publisher\" content=\"https:\/\/www.facebook.com\/realidadturistica\" \/>\n<meta property=\"article:published_time\" content=\"2023-07-02T13:00:41+00:00\" \/>\n<meta property=\"og:image\" content=\"https:\/\/realidadturistica.com\/realtur\/wp-content\/uploads\/2023\/07\/La-OMT-pone.jpg\" \/>\n\t<meta property=\"og:image:width\" content=\"2100\" \/>\n\t<meta property=\"og:image:height\" content=\"1181\" \/>\n\t<meta property=\"og:image:type\" content=\"image\/jpeg\" \/>\n<meta name=\"author\" content=\"Editor\" \/>\n<meta name=\"twitter:card\" content=\"summary_large_image\" \/>\n<meta name=\"twitter:label1\" content=\"Escrito por\" \/>\n\t<meta name=\"twitter:data1\" content=\"Editor\" \/>\n\t<meta name=\"twitter:label2\" content=\"Tiempo de lectura\" \/>\n\t<meta name=\"twitter:data2\" content=\"3 minutos\" \/>\n<script type=\"application\/ld+json\" class=\"yoast-schema-graph\">{\"@context\":\"https:\\\/\\\/schema.org\",\"@graph\":[{\"@type\":\"Article\",\"@id\":\"https:\\\/\\\/realidadturistica.com\\\/realtur\\\/la-omt-pone-el-foco-en-la-inversion-en-turismo-en-las-americas\\\/#article\",\"isPartOf\":{\"@id\":\"https:\\\/\\\/realidadturistica.com\\\/realtur\\\/la-omt-pone-el-foco-en-la-inversion-en-turismo-en-las-americas\\\/\"},\"author\":{\"name\":\"Editor\",\"@id\":\"https:\\\/\\\/realidadturistica.com\\\/realtur\\\/#\\\/schema\\\/person\\\/ade671191202490fcf08ab21590de73e\"},\"headline\":\"La OMT pone el foco en la inversi\u00f3n en turismo en las Am\u00e9ricas\",\"datePublished\":\"2023-07-02T13:00:41+00:00\",\"mainEntityOfPage\":{\"@id\":\"https:\\\/\\\/realidadturistica.com\\\/realtur\\\/la-omt-pone-el-foco-en-la-inversion-en-turismo-en-las-americas\\\/\"},\"wordCount\":718,\"commentCount\":0,\"publisher\":{\"@id\":\"https:\\\/\\\/realidadturistica.com\\\/realtur\\\/#organization\"},\"image\":{\"@id\":\"https:\\\/\\\/realidadturistica.com\\\/realtur\\\/la-omt-pone-el-foco-en-la-inversion-en-turismo-en-las-americas\\\/#primaryimage\"},\"thumbnailUrl\":\"https:\\\/\\\/realidadturistica.com\\\/realtur\\\/wp-content\\\/uploads\\\/2023\\\/07\\\/La-OMT-pone.jpg\",\"articleSection\":[\"Turismo\"],\"inLanguage\":\"es\",\"potentialAction\":[{\"@type\":\"CommentAction\",\"name\":\"Comment\",\"target\":[\"https:\\\/\\\/realidadturistica.com\\\/realtur\\\/la-omt-pone-el-foco-en-la-inversion-en-turismo-en-las-americas\\\/#respond\"]}]},{\"@type\":\"WebPage\",\"@id\":\"https:\\\/\\\/realidadturistica.com\\\/realtur\\\/la-omt-pone-el-foco-en-la-inversion-en-turismo-en-las-americas\\\/\",\"url\":\"https:\\\/\\\/realidadturistica.com\\\/realtur\\\/la-omt-pone-el-foco-en-la-inversion-en-turismo-en-las-americas\\\/\",\"name\":\"La OMT pone el foco en la inversi\u00f3n en turismo en las Am\u00e9ricas - Realidad Tur\u00edstica\",\"isPartOf\":{\"@id\":\"https:\\\/\\\/realidadturistica.com\\\/realtur\\\/#website\"},\"primaryImageOfPage\":{\"@id\":\"https:\\\/\\\/realidadturistica.com\\\/realtur\\\/la-omt-pone-el-foco-en-la-inversion-en-turismo-en-las-americas\\\/#primaryimage\"},\"image\":{\"@id\":\"https:\\\/\\\/realidadturistica.com\\\/realtur\\\/la-omt-pone-el-foco-en-la-inversion-en-turismo-en-las-americas\\\/#primaryimage\"},\"thumbnailUrl\":\"https:\\\/\\\/realidadturistica.com\\\/realtur\\\/wp-content\\\/uploads\\\/2023\\\/07\\\/La-OMT-pone.jpg\",\"datePublished\":\"2023-07-02T13:00:41+00:00\",\"breadcrumb\":{\"@id\":\"https:\\\/\\\/realidadturistica.com\\\/realtur\\\/la-omt-pone-el-foco-en-la-inversion-en-turismo-en-las-americas\\\/#breadcrumb\"},\"inLanguage\":\"es\",\"potentialAction\":[{\"@type\":\"ReadAction\",\"target\":[\"https:\\\/\\\/realidadturistica.com\\\/realtur\\\/la-omt-pone-el-foco-en-la-inversion-en-turismo-en-las-americas\\\/\"]}]},{\"@type\":\"ImageObject\",\"inLanguage\":\"es\",\"@id\":\"https:\\\/\\\/realidadturistica.com\\\/realtur\\\/la-omt-pone-el-foco-en-la-inversion-en-turismo-en-las-americas\\\/#primaryimage\",\"url\":\"https:\\\/\\\/realidadturistica.com\\\/realtur\\\/wp-content\\\/uploads\\\/2023\\\/07\\\/La-OMT-pone.jpg\",\"contentUrl\":\"https:\\\/\\\/realidadturistica.com\\\/realtur\\\/wp-content\\\/uploads\\\/2023\\\/07\\\/La-OMT-pone.jpg\",\"width\":2100,\"height\":1181},{\"@type\":\"BreadcrumbList\",\"@id\":\"https:\\\/\\\/realidadturistica.com\\\/realtur\\\/la-omt-pone-el-foco-en-la-inversion-en-turismo-en-las-americas\\\/#breadcrumb\",\"itemListElement\":[{\"@type\":\"ListItem\",\"position\":1,\"name\":\"Portada\",\"item\":\"https:\\\/\\\/realidadturistica.com\\\/realtur\\\/\"},{\"@type\":\"ListItem\",\"position\":2,\"name\":\"La OMT pone el foco en la inversi\u00f3n en turismo en las Am\u00e9ricas\"}]},{\"@type\":\"WebSite\",\"@id\":\"https:\\\/\\\/realidadturistica.com\\\/realtur\\\/#website\",\"url\":\"https:\\\/\\\/realidadturistica.com\\\/realtur\\\/\",\"name\":\"Realidad Tur\u00edstica\",\"description\":\"\",\"publisher\":{\"@id\":\"https:\\\/\\\/realidadturistica.com\\\/realtur\\\/#organization\"},\"potentialAction\":[{\"@type\":\"SearchAction\",\"target\":{\"@type\":\"EntryPoint\",\"urlTemplate\":\"https:\\\/\\\/realidadturistica.com\\\/realtur\\\/?s={search_term_string}\"},\"query-input\":{\"@type\":\"PropertyValueSpecification\",\"valueRequired\":true,\"valueName\":\"search_term_string\"}}],\"inLanguage\":\"es\"},{\"@type\":\"Organization\",\"@id\":\"https:\\\/\\\/realidadturistica.com\\\/realtur\\\/#organization\",\"name\":\"Realidad Tur\u00edstica\",\"url\":\"https:\\\/\\\/realidadturistica.com\\\/realtur\\\/\",\"logo\":{\"@type\":\"ImageObject\",\"inLanguage\":\"es\",\"@id\":\"https:\\\/\\\/realidadturistica.com\\\/realtur\\\/#\\\/schema\\\/logo\\\/image\\\/\",\"url\":\"https:\\\/\\\/realidadturistica.com\\\/realtur\\\/wp-content\\\/uploads\\\/2021\\\/12\\\/logotipo-realidad-turistica.png\",\"contentUrl\":\"https:\\\/\\\/realidadturistica.com\\\/realtur\\\/wp-content\\\/uploads\\\/2021\\\/12\\\/logotipo-realidad-turistica.png\",\"width\":1382,\"height\":629,\"caption\":\"Realidad Tur\u00edstica\"},\"image\":{\"@id\":\"https:\\\/\\\/realidadturistica.com\\\/realtur\\\/#\\\/schema\\\/logo\\\/image\\\/\"},\"sameAs\":[\"https:\\\/\\\/www.facebook.com\\\/realidadturistica\",\"https:\\\/\\\/www.instagram.com\\\/realidad_turistica\\\/\"]},{\"@type\":\"Person\",\"@id\":\"https:\\\/\\\/realidadturistica.com\\\/realtur\\\/#\\\/schema\\\/person\\\/ade671191202490fcf08ab21590de73e\",\"name\":\"Editor\",\"image\":{\"@type\":\"ImageObject\",\"inLanguage\":\"es\",\"@id\":\"https:\\\/\\\/realidadturistica.com\\\/realtur\\\/wp-content\\\/uploads\\\/2023\\\/09\\\/Editor_avatar_1693668634-96x96.png\",\"url\":\"https:\\\/\\\/realidadturistica.com\\\/realtur\\\/wp-content\\\/uploads\\\/2023\\\/09\\\/Editor_avatar_1693668634-96x96.png\",\"contentUrl\":\"https:\\\/\\\/realidadturistica.com\\\/realtur\\\/wp-content\\\/uploads\\\/2023\\\/09\\\/Editor_avatar_1693668634-96x96.png\",\"caption\":\"Editor\"},\"sameAs\":[\"https:\\\/\\\/realidadturistica.com\\\/realtur\"],\"url\":\"https:\\\/\\\/realidadturistica.com\\\/realtur\\\/author\\\/editor2\\\/\"}]}<\/script>\n<!-- \/ Yoast SEO Premium plugin. -->","yoast_head_json":{"title":"La OMT pone el foco en la inversi\u00f3n en turismo en las Am\u00e9ricas - Realidad Tur\u00edstica","robots":{"index":"index","follow":"follow","max-snippet":"max-snippet:-1","max-image-preview":"max-image-preview:large","max-video-preview":"max-video-preview:-1"},"canonical":"https:\/\/realidadturistica.com\/realtur\/la-omt-pone-el-foco-en-la-inversion-en-turismo-en-las-americas\/","og_locale":"es_ES","og_type":"article","og_title":"La OMT pone el foco en la inversi\u00f3n en turismo en las Am\u00e9ricas","og_description":"La OMT refuerza a\u00fan m\u00e1s su cooperaci\u00f3n con el Banco de Desarrollo de Am\u00e9rica Latina y el Caribe, reuniendo a l\u00edderes de los \u00e1mbitos p\u00fablico&hellip;","og_url":"https:\/\/realidadturistica.com\/realtur\/la-omt-pone-el-foco-en-la-inversion-en-turismo-en-las-americas\/","og_site_name":"Realidad Tur\u00edstica","article_publisher":"https:\/\/www.facebook.com\/realidadturistica","article_published_time":"2023-07-02T13:00:41+00:00","og_image":[{"width":2100,"height":1181,"url":"https:\/\/realidadturistica.com\/realtur\/wp-content\/uploads\/2023\/07\/La-OMT-pone.jpg","type":"image\/jpeg"}],"author":"Editor","twitter_card":"summary_large_image","twitter_misc":{"Escrito por":"Editor","Tiempo de lectura":"3 minutos"},"schema":{"@context":"https:\/\/schema.org","@graph":[{"@type":"Article","@id":"https:\/\/realidadturistica.com\/realtur\/la-omt-pone-el-foco-en-la-inversion-en-turismo-en-las-americas\/#article","isPartOf":{"@id":"https:\/\/realidadturistica.com\/realtur\/la-omt-pone-el-foco-en-la-inversion-en-turismo-en-las-americas\/"},"author":{"name":"Editor","@id":"https:\/\/realidadturistica.com\/realtur\/#\/schema\/person\/ade671191202490fcf08ab21590de73e"},"headline":"La OMT pone el foco en la inversi\u00f3n en turismo en las Am\u00e9ricas","datePublished":"2023-07-02T13:00:41+00:00","mainEntityOfPage":{"@id":"https:\/\/realidadturistica.com\/realtur\/la-omt-pone-el-foco-en-la-inversion-en-turismo-en-las-americas\/"},"wordCount":718,"commentCount":0,"publisher":{"@id":"https:\/\/realidadturistica.com\/realtur\/#organization"},"image":{"@id":"https:\/\/realidadturistica.com\/realtur\/la-omt-pone-el-foco-en-la-inversion-en-turismo-en-las-americas\/#primaryimage"},"thumbnailUrl":"https:\/\/realidadturistica.com\/realtur\/wp-content\/uploads\/2023\/07\/La-OMT-pone.jpg","articleSection":["Turismo"],"inLanguage":"es","potentialAction":[{"@type":"CommentAction","name":"Comment","target":["https:\/\/realidadturistica.com\/realtur\/la-omt-pone-el-foco-en-la-inversion-en-turismo-en-las-americas\/#respond"]}]},{"@type":"WebPage","@id":"https:\/\/realidadturistica.com\/realtur\/la-omt-pone-el-foco-en-la-inversion-en-turismo-en-las-americas\/","url":"https:\/\/realidadturistica.com\/realtur\/la-omt-pone-el-foco-en-la-inversion-en-turismo-en-las-americas\/","name":"La OMT pone el foco en la inversi\u00f3n en turismo en las Am\u00e9ricas - Realidad Tur\u00edstica","isPartOf":{"@id":"https:\/\/realidadturistica.com\/realtur\/#website"},"primaryImageOfPage":{"@id":"https:\/\/realidadturistica.com\/realtur\/la-omt-pone-el-foco-en-la-inversion-en-turismo-en-las-americas\/#primaryimage"},"image":{"@id":"https:\/\/realidadturistica.com\/realtur\/la-omt-pone-el-foco-en-la-inversion-en-turismo-en-las-americas\/#primaryimage"},"thumbnailUrl":"https:\/\/realidadturistica.com\/realtur\/wp-content\/uploads\/2023\/07\/La-OMT-pone.jpg","datePublished":"2023-07-02T13:00:41+00:00","breadcrumb":{"@id":"https:\/\/realidadturistica.com\/realtur\/la-omt-pone-el-foco-en-la-inversion-en-turismo-en-las-americas\/#breadcrumb"},"inLanguage":"es","potentialAction":[{"@type":"ReadAction","target":["https:\/\/realidadturistica.com\/realtur\/la-omt-pone-el-foco-en-la-inversion-en-turismo-en-las-americas\/"]}]},{"@type":"ImageObject","inLanguage":"es","@id":"https:\/\/realidadturistica.com\/realtur\/la-omt-pone-el-foco-en-la-inversion-en-turismo-en-las-americas\/#primaryimage","url":"https:\/\/realidadturistica.com\/realtur\/wp-content\/uploads\/2023\/07\/La-OMT-pone.jpg","contentUrl":"https:\/\/realidadturistica.com\/realtur\/wp-content\/uploads\/2023\/07\/La-OMT-pone.jpg","width":2100,"height":1181},{"@type":"BreadcrumbList","@id":"https:\/\/realidadturistica.com\/realtur\/la-omt-pone-el-foco-en-la-inversion-en-turismo-en-las-americas\/#breadcrumb","itemListElement":[{"@type":"ListItem","position":1,"name":"Portada","item":"https:\/\/realidadturistica.com\/realtur\/"},{"@type":"ListItem","position":2,"name":"La OMT pone el foco en la inversi\u00f3n en turismo en las Am\u00e9ricas"}]},{"@type":"WebSite","@id":"https:\/\/realidadturistica.com\/realtur\/#website","url":"https:\/\/realidadturistica.com\/realtur\/","name":"Realidad Tur\u00edstica","description":"","publisher":{"@id":"https:\/\/realidadturistica.com\/realtur\/#organization"},"potentialAction":[{"@type":"SearchAction","target":{"@type":"EntryPoint","urlTemplate":"https:\/\/realidadturistica.com\/realtur\/?s={search_term_string}"},"query-input":{"@type":"PropertyValueSpecification","valueRequired":true,"valueName":"search_term_string"}}],"inLanguage":"es"},{"@type":"Organization","@id":"https:\/\/realidadturistica.com\/realtur\/#organization","name":"Realidad Tur\u00edstica","url":"https:\/\/realidadturistica.com\/realtur\/","logo":{"@type":"ImageObject","inLanguage":"es","@id":"https:\/\/realidadturistica.com\/realtur\/#\/schema\/logo\/image\/","url":"https:\/\/realidadturistica.com\/realtur\/wp-content\/uploads\/2021\/12\/logotipo-realidad-turistica.png","contentUrl":"https:\/\/realidadturistica.com\/realtur\/wp-content\/uploads\/2021\/12\/logotipo-realidad-turistica.png","width":1382,"height":629,"caption":"Realidad Tur\u00edstica"},"image":{"@id":"https:\/\/realidadturistica.com\/realtur\/#\/schema\/logo\/image\/"},"sameAs":["https:\/\/www.facebook.com\/realidadturistica","https:\/\/www.instagram.com\/realidad_turistica\/"]},{"@type":"Person","@id":"https:\/\/realidadturistica.com\/realtur\/#\/schema\/person\/ade671191202490fcf08ab21590de73e","name":"Editor","image":{"@type":"ImageObject","inLanguage":"es","@id":"https:\/\/realidadturistica.com\/realtur\/wp-content\/uploads\/2023\/09\/Editor_avatar_1693668634-96x96.png","url":"https:\/\/realidadturistica.com\/realtur\/wp-content\/uploads\/2023\/09\/Editor_avatar_1693668634-96x96.png","contentUrl":"https:\/\/realidadturistica.com\/realtur\/wp-content\/uploads\/2023\/09\/Editor_avatar_1693668634-96x96.png","caption":"Editor"},"sameAs":["https:\/\/realidadturistica.com\/realtur"],"url":"https:\/\/realidadturistica.com\/realtur\/author\/editor2\/"}]}},"_links":{"self":[{"href":"https:\/\/realidadturistica.com\/realtur\/wp-json\/wp\/v2\/posts\/4610","targetHints":{"allow":["GET"]}}],"collection":[{"href":"https:\/\/realidadturistica.com\/realtur\/wp-json\/wp\/v2\/posts"}],"about":[{"href":"https:\/\/realidadturistica.com\/realtur\/wp-json\/wp\/v2\/types\/post"}],"author":[{"embeddable":true,"href":"https:\/\/realidadturistica.com\/realtur\/wp-json\/wp\/v2\/users\/2"}],"replies":[{"embeddable":true,"href":"https:\/\/realidadturistica.com\/realtur\/wp-json\/wp\/v2\/comments?post=4610"}],"version-history":[{"count":0,"href":"https:\/\/realidadturistica.com\/realtur\/wp-json\/wp\/v2\/posts\/4610\/revisions"}],"wp:featuredmedia":[{"embeddable":true,"href":"https:\/\/realidadturistica.com\/realtur\/wp-json\/wp\/v2\/media\/4611"}],"wp:attachment":[{"href":"https:\/\/realidadturistica.com\/realtur\/wp-json\/wp\/v2\/media?parent=4610"}],"wp:term":[{"taxonomy":"category","embeddable":true,"href":"https:\/\/realidadturistica.com\/realtur\/wp-json\/wp\/v2\/categories?post=4610"},{"taxonomy":"post_tag","embeddable":true,"href":"https:\/\/realidadturistica.com\/realtur\/wp-json\/wp\/v2\/tags?post=4610"}],"curies":[{"name":"wp","href":"https:\/\/api.w.org\/{rel}","templated":true}]}}