{"id":4641,"date":"2023-07-08T20:36:22","date_gmt":"2023-07-08T20:36:22","guid":{"rendered":"https:\/\/realidadturistica.com\/realtur\/?p=4641"},"modified":"2023-07-08T20:36:22","modified_gmt":"2023-07-08T20:36:22","slug":"festival-del-tannat-y-cordero-en-san-pablo-2023","status":"publish","type":"post","link":"https:\/\/realidadturistica.com\/realtur\/festival-del-tannat-y-cordero-en-san-pablo-2023\/","title":{"rendered":"Festival del Tannat y Cordero en San Pablo 2023"},"content":{"rendered":"\n<p>Uruguay. Organizado por segundo a\u00f1o consecutivo por Uruguay Wine se realiz\u00f3 el festival del Tannat y el Cordero en Casa das Caldeiras, patrimonio hist\u00f3rico &#8211; industrial de San Pablo, lugar que hoy es centro de eventos, convenciones y dem\u00e1s y recibi\u00f3 a m\u00e1s de 600 personas este s\u00e1bado 1 de julio.<\/p>\n\n\n\n<p>El festival que presentaba parte de nuestra cultura gastron\u00f3mica comenz\u00f3 a las 12 hrs. El p\u00fablico al ingresar recib\u00eda una copa de vino, el men\u00fa de platos a base de cordero y la carta de bodegas con los vinos a ser degustados, as\u00ed como tambi\u00e9n una presentaci\u00f3n de Uruguay representando las diferentes \u00e1reas vit\u00edcolas, producci\u00f3n, cepas, etc.<\/p>\n\n\n\n<p>Este a\u00f1o adem\u00e1s se increment\u00f3 la promoci\u00f3n pa\u00eds junto con el trabajo del Ministerio de Turismo, promocionando el Enoturismo, las diversas ofertas que Uruguay tiene para ofrecer al turista tanto en materia gastron\u00f3mica, como de paseos y atracciones.<\/p>\n\n\n\n<p>La convocatorio fue todo un \u00e9xito, el p\u00fablico degusto cordero y vino uruguayo; quien deseaba comprar pod\u00eda hacerlo directamente a cada bodega en el lugar.<\/p>\n\n\n\n<p>A las promociones y degustaciones se sumaron premios durante toda la jornada, destacando dos estad\u00edas con tres noches para dos personas por parte del Hotel ENJOY de Punta del Este y 4 pasajes a\u00e9reos de Azul L\u00edneas A\u00e9reas de forma directa San Pablo \u2013 Punta del Este.<\/p>\n\n\n\n<p>El festival fue todo un suceso en San Pablo, el p\u00fablico expres\u00f3 que espera la pr\u00f3xima edici\u00f3n el a\u00f1o entrante.<\/p>\n\n\n\n<p>Fuente: Ministerio de Turismo Uruguay.<\/p>\n","protected":false},"excerpt":{"rendered":"<p>Uruguay. Organizado por segundo a\u00f1o consecutivo por Uruguay Wine se realiz\u00f3 el festival del Tannat y el Cordero en Casa das Caldeiras, patrimonio hist\u00f3rico &#8211;&hellip;<\/p>\n","protected":false},"author":2,"featured_media":4642,"comment_status":"open","ping_status":"closed","sticky":false,"template":"","format":"standard","meta":{"content-type":"","_lmt_disableupdate":"","_lmt_disable":"","footnotes":""},"categories":[4],"tags":[],"class_list":["post-4641","post","type-post","status-publish","format-standard","has-post-thumbnail","hentry","category-destinos"],"yoast_head":"<!-- This site is optimized with the Yoast SEO Premium plugin v27.4 (Yoast SEO v27.4) - https:\/\/yoast.com\/product\/yoast-seo-premium-wordpress\/ -->\n<title>Festival del Tannat y Cordero en San Pablo 2023 - Realidad Tur\u00edstica<\/title>\n<meta name=\"robots\" content=\"index, follow, max-snippet:-1, max-image-preview:large, max-video-preview:-1\" \/>\n<link rel=\"canonical\" href=\"https:\/\/realidadturistica.com\/realtur\/festival-del-tannat-y-cordero-en-san-pablo-2023\/\" \/>\n<meta property=\"og:locale\" content=\"es_ES\" \/>\n<meta property=\"og:type\" content=\"article\" \/>\n<meta property=\"og:title\" content=\"Festival del Tannat y Cordero en San Pablo 2023\" \/>\n<meta property=\"og:description\" content=\"Uruguay. Organizado por segundo a\u00f1o consecutivo por Uruguay Wine se realiz\u00f3 el festival del Tannat y el Cordero en Casa das Caldeiras, patrimonio hist\u00f3rico &#8211;&hellip;\" \/>\n<meta property=\"og:url\" content=\"https:\/\/realidadturistica.com\/realtur\/festival-del-tannat-y-cordero-en-san-pablo-2023\/\" \/>\n<meta property=\"og:site_name\" content=\"Realidad Tur\u00edstica\" \/>\n<meta property=\"article:publisher\" content=\"https:\/\/www.facebook.com\/realidadturistica\" \/>\n<meta property=\"article:published_time\" content=\"2023-07-08T20:36:22+00:00\" \/>\n<meta property=\"og:image\" content=\"https:\/\/realidadturistica.com\/realtur\/wp-content\/uploads\/2023\/07\/V1.jpeg\" \/>\n\t<meta property=\"og:image:width\" content=\"945\" \/>\n\t<meta property=\"og:image:height\" content=\"717\" \/>\n\t<meta property=\"og:image:type\" content=\"image\/jpeg\" \/>\n<meta name=\"author\" content=\"Editor\" \/>\n<meta name=\"twitter:card\" content=\"summary_large_image\" \/>\n<meta name=\"twitter:label1\" content=\"Escrito por\" \/>\n\t<meta name=\"twitter:data1\" content=\"Editor\" \/>\n\t<meta name=\"twitter:label2\" content=\"Tiempo de lectura\" \/>\n\t<meta name=\"twitter:data2\" content=\"2 minutos\" \/>\n<script type=\"application\/ld+json\" class=\"yoast-schema-graph\">{\"@context\":\"https:\\\/\\\/schema.org\",\"@graph\":[{\"@type\":\"Article\",\"@id\":\"https:\\\/\\\/realidadturistica.com\\\/realtur\\\/festival-del-tannat-y-cordero-en-san-pablo-2023\\\/#article\",\"isPartOf\":{\"@id\":\"https:\\\/\\\/realidadturistica.com\\\/realtur\\\/festival-del-tannat-y-cordero-en-san-pablo-2023\\\/\"},\"author\":{\"name\":\"Editor\",\"@id\":\"https:\\\/\\\/realidadturistica.com\\\/realtur\\\/#\\\/schema\\\/person\\\/ade671191202490fcf08ab21590de73e\"},\"headline\":\"Festival del Tannat y Cordero en San Pablo 2023\",\"datePublished\":\"2023-07-08T20:36:22+00:00\",\"mainEntityOfPage\":{\"@id\":\"https:\\\/\\\/realidadturistica.com\\\/realtur\\\/festival-del-tannat-y-cordero-en-san-pablo-2023\\\/\"},\"wordCount\":273,\"commentCount\":0,\"publisher\":{\"@id\":\"https:\\\/\\\/realidadturistica.com\\\/realtur\\\/#organization\"},\"image\":{\"@id\":\"https:\\\/\\\/realidadturistica.com\\\/realtur\\\/festival-del-tannat-y-cordero-en-san-pablo-2023\\\/#primaryimage\"},\"thumbnailUrl\":\"https:\\\/\\\/realidadturistica.com\\\/realtur\\\/wp-content\\\/uploads\\\/2023\\\/07\\\/V1.jpeg\",\"articleSection\":[\"Destinos M\u00e1gicos\"],\"inLanguage\":\"es\",\"potentialAction\":[{\"@type\":\"CommentAction\",\"name\":\"Comment\",\"target\":[\"https:\\\/\\\/realidadturistica.com\\\/realtur\\\/festival-del-tannat-y-cordero-en-san-pablo-2023\\\/#respond\"]}]},{\"@type\":\"WebPage\",\"@id\":\"https:\\\/\\\/realidadturistica.com\\\/realtur\\\/festival-del-tannat-y-cordero-en-san-pablo-2023\\\/\",\"url\":\"https:\\\/\\\/realidadturistica.com\\\/realtur\\\/festival-del-tannat-y-cordero-en-san-pablo-2023\\\/\",\"name\":\"Festival del Tannat y Cordero en San Pablo 2023 - Realidad Tur\u00edstica\",\"isPartOf\":{\"@id\":\"https:\\\/\\\/realidadturistica.com\\\/realtur\\\/#website\"},\"primaryImageOfPage\":{\"@id\":\"https:\\\/\\\/realidadturistica.com\\\/realtur\\\/festival-del-tannat-y-cordero-en-san-pablo-2023\\\/#primaryimage\"},\"image\":{\"@id\":\"https:\\\/\\\/realidadturistica.com\\\/realtur\\\/festival-del-tannat-y-cordero-en-san-pablo-2023\\\/#primaryimage\"},\"thumbnailUrl\":\"https:\\\/\\\/realidadturistica.com\\\/realtur\\\/wp-content\\\/uploads\\\/2023\\\/07\\\/V1.jpeg\",\"datePublished\":\"2023-07-08T20:36:22+00:00\",\"breadcrumb\":{\"@id\":\"https:\\\/\\\/realidadturistica.com\\\/realtur\\\/festival-del-tannat-y-cordero-en-san-pablo-2023\\\/#breadcrumb\"},\"inLanguage\":\"es\",\"potentialAction\":[{\"@type\":\"ReadAction\",\"target\":[\"https:\\\/\\\/realidadturistica.com\\\/realtur\\\/festival-del-tannat-y-cordero-en-san-pablo-2023\\\/\"]}]},{\"@type\":\"ImageObject\",\"inLanguage\":\"es\",\"@id\":\"https:\\\/\\\/realidadturistica.com\\\/realtur\\\/festival-del-tannat-y-cordero-en-san-pablo-2023\\\/#primaryimage\",\"url\":\"https:\\\/\\\/realidadturistica.com\\\/realtur\\\/wp-content\\\/uploads\\\/2023\\\/07\\\/V1.jpeg\",\"contentUrl\":\"https:\\\/\\\/realidadturistica.com\\\/realtur\\\/wp-content\\\/uploads\\\/2023\\\/07\\\/V1.jpeg\",\"width\":945,\"height\":717},{\"@type\":\"BreadcrumbList\",\"@id\":\"https:\\\/\\\/realidadturistica.com\\\/realtur\\\/festival-del-tannat-y-cordero-en-san-pablo-2023\\\/#breadcrumb\",\"itemListElement\":[{\"@type\":\"ListItem\",\"position\":1,\"name\":\"Portada\",\"item\":\"https:\\\/\\\/realidadturistica.com\\\/realtur\\\/\"},{\"@type\":\"ListItem\",\"position\":2,\"name\":\"Festival del Tannat y Cordero en San Pablo 2023\"}]},{\"@type\":\"WebSite\",\"@id\":\"https:\\\/\\\/realidadturistica.com\\\/realtur\\\/#website\",\"url\":\"https:\\\/\\\/realidadturistica.com\\\/realtur\\\/\",\"name\":\"Realidad Tur\u00edstica\",\"description\":\"\",\"publisher\":{\"@id\":\"https:\\\/\\\/realidadturistica.com\\\/realtur\\\/#organization\"},\"potentialAction\":[{\"@type\":\"SearchAction\",\"target\":{\"@type\":\"EntryPoint\",\"urlTemplate\":\"https:\\\/\\\/realidadturistica.com\\\/realtur\\\/?s={search_term_string}\"},\"query-input\":{\"@type\":\"PropertyValueSpecification\",\"valueRequired\":true,\"valueName\":\"search_term_string\"}}],\"inLanguage\":\"es\"},{\"@type\":\"Organization\",\"@id\":\"https:\\\/\\\/realidadturistica.com\\\/realtur\\\/#organization\",\"name\":\"Realidad Tur\u00edstica\",\"url\":\"https:\\\/\\\/realidadturistica.com\\\/realtur\\\/\",\"logo\":{\"@type\":\"ImageObject\",\"inLanguage\":\"es\",\"@id\":\"https:\\\/\\\/realidadturistica.com\\\/realtur\\\/#\\\/schema\\\/logo\\\/image\\\/\",\"url\":\"https:\\\/\\\/realidadturistica.com\\\/realtur\\\/wp-content\\\/uploads\\\/2021\\\/12\\\/logotipo-realidad-turistica.png\",\"contentUrl\":\"https:\\\/\\\/realidadturistica.com\\\/realtur\\\/wp-content\\\/uploads\\\/2021\\\/12\\\/logotipo-realidad-turistica.png\",\"width\":1382,\"height\":629,\"caption\":\"Realidad Tur\u00edstica\"},\"image\":{\"@id\":\"https:\\\/\\\/realidadturistica.com\\\/realtur\\\/#\\\/schema\\\/logo\\\/image\\\/\"},\"sameAs\":[\"https:\\\/\\\/www.facebook.com\\\/realidadturistica\",\"https:\\\/\\\/www.instagram.com\\\/realidad_turistica\\\/\"]},{\"@type\":\"Person\",\"@id\":\"https:\\\/\\\/realidadturistica.com\\\/realtur\\\/#\\\/schema\\\/person\\\/ade671191202490fcf08ab21590de73e\",\"name\":\"Editor\",\"image\":{\"@type\":\"ImageObject\",\"inLanguage\":\"es\",\"@id\":\"https:\\\/\\\/realidadturistica.com\\\/realtur\\\/wp-content\\\/uploads\\\/2023\\\/09\\\/Editor_avatar_1693668634-96x96.png\",\"url\":\"https:\\\/\\\/realidadturistica.com\\\/realtur\\\/wp-content\\\/uploads\\\/2023\\\/09\\\/Editor_avatar_1693668634-96x96.png\",\"contentUrl\":\"https:\\\/\\\/realidadturistica.com\\\/realtur\\\/wp-content\\\/uploads\\\/2023\\\/09\\\/Editor_avatar_1693668634-96x96.png\",\"caption\":\"Editor\"},\"sameAs\":[\"https:\\\/\\\/realidadturistica.com\\\/realtur\"],\"url\":\"https:\\\/\\\/realidadturistica.com\\\/realtur\\\/author\\\/editor2\\\/\"}]}<\/script>\n<!-- \/ Yoast SEO Premium plugin. -->","yoast_head_json":{"title":"Festival del Tannat y Cordero en San Pablo 2023 - Realidad Tur\u00edstica","robots":{"index":"index","follow":"follow","max-snippet":"max-snippet:-1","max-image-preview":"max-image-preview:large","max-video-preview":"max-video-preview:-1"},"canonical":"https:\/\/realidadturistica.com\/realtur\/festival-del-tannat-y-cordero-en-san-pablo-2023\/","og_locale":"es_ES","og_type":"article","og_title":"Festival del Tannat y Cordero en San Pablo 2023","og_description":"Uruguay. Organizado por segundo a\u00f1o consecutivo por Uruguay Wine se realiz\u00f3 el festival del Tannat y el Cordero en Casa das Caldeiras, patrimonio hist\u00f3rico &#8211;&hellip;","og_url":"https:\/\/realidadturistica.com\/realtur\/festival-del-tannat-y-cordero-en-san-pablo-2023\/","og_site_name":"Realidad Tur\u00edstica","article_publisher":"https:\/\/www.facebook.com\/realidadturistica","article_published_time":"2023-07-08T20:36:22+00:00","og_image":[{"width":945,"height":717,"url":"https:\/\/realidadturistica.com\/realtur\/wp-content\/uploads\/2023\/07\/V1.jpeg","type":"image\/jpeg"}],"author":"Editor","twitter_card":"summary_large_image","twitter_misc":{"Escrito por":"Editor","Tiempo de lectura":"2 minutos"},"schema":{"@context":"https:\/\/schema.org","@graph":[{"@type":"Article","@id":"https:\/\/realidadturistica.com\/realtur\/festival-del-tannat-y-cordero-en-san-pablo-2023\/#article","isPartOf":{"@id":"https:\/\/realidadturistica.com\/realtur\/festival-del-tannat-y-cordero-en-san-pablo-2023\/"},"author":{"name":"Editor","@id":"https:\/\/realidadturistica.com\/realtur\/#\/schema\/person\/ade671191202490fcf08ab21590de73e"},"headline":"Festival del Tannat y Cordero en San Pablo 2023","datePublished":"2023-07-08T20:36:22+00:00","mainEntityOfPage":{"@id":"https:\/\/realidadturistica.com\/realtur\/festival-del-tannat-y-cordero-en-san-pablo-2023\/"},"wordCount":273,"commentCount":0,"publisher":{"@id":"https:\/\/realidadturistica.com\/realtur\/#organization"},"image":{"@id":"https:\/\/realidadturistica.com\/realtur\/festival-del-tannat-y-cordero-en-san-pablo-2023\/#primaryimage"},"thumbnailUrl":"https:\/\/realidadturistica.com\/realtur\/wp-content\/uploads\/2023\/07\/V1.jpeg","articleSection":["Destinos M\u00e1gicos"],"inLanguage":"es","potentialAction":[{"@type":"CommentAction","name":"Comment","target":["https:\/\/realidadturistica.com\/realtur\/festival-del-tannat-y-cordero-en-san-pablo-2023\/#respond"]}]},{"@type":"WebPage","@id":"https:\/\/realidadturistica.com\/realtur\/festival-del-tannat-y-cordero-en-san-pablo-2023\/","url":"https:\/\/realidadturistica.com\/realtur\/festival-del-tannat-y-cordero-en-san-pablo-2023\/","name":"Festival del Tannat y Cordero en San Pablo 2023 - Realidad Tur\u00edstica","isPartOf":{"@id":"https:\/\/realidadturistica.com\/realtur\/#website"},"primaryImageOfPage":{"@id":"https:\/\/realidadturistica.com\/realtur\/festival-del-tannat-y-cordero-en-san-pablo-2023\/#primaryimage"},"image":{"@id":"https:\/\/realidadturistica.com\/realtur\/festival-del-tannat-y-cordero-en-san-pablo-2023\/#primaryimage"},"thumbnailUrl":"https:\/\/realidadturistica.com\/realtur\/wp-content\/uploads\/2023\/07\/V1.jpeg","datePublished":"2023-07-08T20:36:22+00:00","breadcrumb":{"@id":"https:\/\/realidadturistica.com\/realtur\/festival-del-tannat-y-cordero-en-san-pablo-2023\/#breadcrumb"},"inLanguage":"es","potentialAction":[{"@type":"ReadAction","target":["https:\/\/realidadturistica.com\/realtur\/festival-del-tannat-y-cordero-en-san-pablo-2023\/"]}]},{"@type":"ImageObject","inLanguage":"es","@id":"https:\/\/realidadturistica.com\/realtur\/festival-del-tannat-y-cordero-en-san-pablo-2023\/#primaryimage","url":"https:\/\/realidadturistica.com\/realtur\/wp-content\/uploads\/2023\/07\/V1.jpeg","contentUrl":"https:\/\/realidadturistica.com\/realtur\/wp-content\/uploads\/2023\/07\/V1.jpeg","width":945,"height":717},{"@type":"BreadcrumbList","@id":"https:\/\/realidadturistica.com\/realtur\/festival-del-tannat-y-cordero-en-san-pablo-2023\/#breadcrumb","itemListElement":[{"@type":"ListItem","position":1,"name":"Portada","item":"https:\/\/realidadturistica.com\/realtur\/"},{"@type":"ListItem","position":2,"name":"Festival del Tannat y Cordero en San Pablo 2023"}]},{"@type":"WebSite","@id":"https:\/\/realidadturistica.com\/realtur\/#website","url":"https:\/\/realidadturistica.com\/realtur\/","name":"Realidad Tur\u00edstica","description":"","publisher":{"@id":"https:\/\/realidadturistica.com\/realtur\/#organization"},"potentialAction":[{"@type":"SearchAction","target":{"@type":"EntryPoint","urlTemplate":"https:\/\/realidadturistica.com\/realtur\/?s={search_term_string}"},"query-input":{"@type":"PropertyValueSpecification","valueRequired":true,"valueName":"search_term_string"}}],"inLanguage":"es"},{"@type":"Organization","@id":"https:\/\/realidadturistica.com\/realtur\/#organization","name":"Realidad Tur\u00edstica","url":"https:\/\/realidadturistica.com\/realtur\/","logo":{"@type":"ImageObject","inLanguage":"es","@id":"https:\/\/realidadturistica.com\/realtur\/#\/schema\/logo\/image\/","url":"https:\/\/realidadturistica.com\/realtur\/wp-content\/uploads\/2021\/12\/logotipo-realidad-turistica.png","contentUrl":"https:\/\/realidadturistica.com\/realtur\/wp-content\/uploads\/2021\/12\/logotipo-realidad-turistica.png","width":1382,"height":629,"caption":"Realidad Tur\u00edstica"},"image":{"@id":"https:\/\/realidadturistica.com\/realtur\/#\/schema\/logo\/image\/"},"sameAs":["https:\/\/www.facebook.com\/realidadturistica","https:\/\/www.instagram.com\/realidad_turistica\/"]},{"@type":"Person","@id":"https:\/\/realidadturistica.com\/realtur\/#\/schema\/person\/ade671191202490fcf08ab21590de73e","name":"Editor","image":{"@type":"ImageObject","inLanguage":"es","@id":"https:\/\/realidadturistica.com\/realtur\/wp-content\/uploads\/2023\/09\/Editor_avatar_1693668634-96x96.png","url":"https:\/\/realidadturistica.com\/realtur\/wp-content\/uploads\/2023\/09\/Editor_avatar_1693668634-96x96.png","contentUrl":"https:\/\/realidadturistica.com\/realtur\/wp-content\/uploads\/2023\/09\/Editor_avatar_1693668634-96x96.png","caption":"Editor"},"sameAs":["https:\/\/realidadturistica.com\/realtur"],"url":"https:\/\/realidadturistica.com\/realtur\/author\/editor2\/"}]}},"_links":{"self":[{"href":"https:\/\/realidadturistica.com\/realtur\/wp-json\/wp\/v2\/posts\/4641","targetHints":{"allow":["GET"]}}],"collection":[{"href":"https:\/\/realidadturistica.com\/realtur\/wp-json\/wp\/v2\/posts"}],"about":[{"href":"https:\/\/realidadturistica.com\/realtur\/wp-json\/wp\/v2\/types\/post"}],"author":[{"embeddable":true,"href":"https:\/\/realidadturistica.com\/realtur\/wp-json\/wp\/v2\/users\/2"}],"replies":[{"embeddable":true,"href":"https:\/\/realidadturistica.com\/realtur\/wp-json\/wp\/v2\/comments?post=4641"}],"version-history":[{"count":0,"href":"https:\/\/realidadturistica.com\/realtur\/wp-json\/wp\/v2\/posts\/4641\/revisions"}],"wp:featuredmedia":[{"embeddable":true,"href":"https:\/\/realidadturistica.com\/realtur\/wp-json\/wp\/v2\/media\/4642"}],"wp:attachment":[{"href":"https:\/\/realidadturistica.com\/realtur\/wp-json\/wp\/v2\/media?parent=4641"}],"wp:term":[{"taxonomy":"category","embeddable":true,"href":"https:\/\/realidadturistica.com\/realtur\/wp-json\/wp\/v2\/categories?post=4641"},{"taxonomy":"post_tag","embeddable":true,"href":"https:\/\/realidadturistica.com\/realtur\/wp-json\/wp\/v2\/tags?post=4641"}],"curies":[{"name":"wp","href":"https:\/\/api.w.org\/{rel}","templated":true}]}}