{"id":4678,"date":"2023-07-13T12:30:34","date_gmt":"2023-07-13T12:30:34","guid":{"rendered":"https:\/\/realidadturistica.com\/realtur\/?p=4678"},"modified":"2023-07-13T12:30:34","modified_gmt":"2023-07-13T12:30:34","slug":"debuta-una-nueva-hotelera-en-mallorca-zero-hotels","status":"publish","type":"post","link":"https:\/\/realidadturistica.com\/realtur\/debuta-una-nueva-hotelera-en-mallorca-zero-hotels\/","title":{"rendered":"Debuta una nueva hotelera en Mallorca: Zero Hotels"},"content":{"rendered":"\n<p>Espa\u00f1a. Una nueva hotelera ha debutado en Mallorca y lo ha hecho en un destino at\u00edpico: en un pintoresco pueblo pesquero, Porto Cristo. Se trata de Zero Hotels y este 4 estrellas es la primera apertura de un ambicioso proyecto, ya que la compa\u00f1\u00eda quiere abrir cinco establecimientos m\u00e1s hasta 2025.<\/p>\n\n\n\n<p>El hotel Zero Drach del Mar \u2014se encuentra a pocos metros de las cuevas del Drach\u2014 es el antiguamente conocido como Monteverde, que ha sido completamente reformado y modernizado.<\/p>\n\n\n\n<p>&nbsp;&nbsp;&nbsp; Despierta tus sentidos con opciones dulces y saladas en nuestro exquisito buffet. En Zero Drach del Mar, el placer est\u00e1 garantizado desde el primer momento. \ud83c\udf1e\ud83c\udf74<\/p>\n\n\n\n<p>&nbsp;&nbsp;&nbsp; \u00a1Aprovecha y reserva ahora con un 50% de descuento!https:\/\/t.co\/fEjwqdd1GM<\/p>\n\n\n\n<p>&nbsp;&nbsp;&nbsp; \ud83c\udfa5 @mallorcadvisor pic.twitter.com\/X30QP4zJ5p<\/p>\n\n\n\n<p>&nbsp;&nbsp;&nbsp; \u2014 ZeroHotels (@ZeroHotels) July 7, 2023<\/p>\n\n\n\n<p>Concretamente, el establecimiento cuenta con 127 habitaciones, spa con piscina climatizada, as\u00ed como una nueva piscina rodeada de arena natural, pasarelas de maderas y camas balinesas.<\/p>\n\n\n\n<p>En cuanto sus planes de expansi\u00f3n, Zero Hotels indica en su web que otro de los destinos en los que la compa\u00f1\u00eda est\u00e1 interesada en abrir nuevos hoteles pr\u00f3ximamente es el Algarve portugu\u00e9s.<\/p>\n\n\n\n<p>Fuente: Tourinews.<\/p>\n","protected":false},"excerpt":{"rendered":"<p>Espa\u00f1a. Una nueva hotelera ha debutado en Mallorca y lo ha hecho en un destino at\u00edpico: en un pintoresco pueblo pesquero, Porto Cristo. Se trata&hellip;<\/p>\n","protected":false},"author":2,"featured_media":4679,"comment_status":"open","ping_status":"closed","sticky":false,"template":"","format":"standard","meta":{"content-type":"","_lmt_disableupdate":"","_lmt_disable":"","footnotes":""},"categories":[6],"tags":[],"class_list":["post-4678","post","type-post","status-publish","format-standard","has-post-thumbnail","hentry","category-turismo"],"yoast_head":"<!-- This site is optimized with the Yoast SEO Premium plugin v27.4 (Yoast SEO v27.4) - https:\/\/yoast.com\/product\/yoast-seo-premium-wordpress\/ -->\n<title>Debuta una nueva hotelera en Mallorca: Zero Hotels - Realidad Tur\u00edstica<\/title>\n<meta name=\"robots\" content=\"index, follow, max-snippet:-1, max-image-preview:large, max-video-preview:-1\" \/>\n<link rel=\"canonical\" href=\"https:\/\/realidadturistica.com\/realtur\/debuta-una-nueva-hotelera-en-mallorca-zero-hotels\/\" \/>\n<meta property=\"og:locale\" content=\"es_ES\" \/>\n<meta property=\"og:type\" content=\"article\" \/>\n<meta property=\"og:title\" content=\"Debuta una nueva hotelera en Mallorca: Zero Hotels\" \/>\n<meta property=\"og:description\" content=\"Espa\u00f1a. Una nueva hotelera ha debutado en Mallorca y lo ha hecho en un destino at\u00edpico: en un pintoresco pueblo pesquero, Porto Cristo. Se trata&hellip;\" \/>\n<meta property=\"og:url\" content=\"https:\/\/realidadturistica.com\/realtur\/debuta-una-nueva-hotelera-en-mallorca-zero-hotels\/\" \/>\n<meta property=\"og:site_name\" content=\"Realidad Tur\u00edstica\" \/>\n<meta property=\"article:publisher\" content=\"https:\/\/www.facebook.com\/realidadturistica\" \/>\n<meta property=\"article:published_time\" content=\"2023-07-13T12:30:34+00:00\" \/>\n<meta property=\"og:image\" content=\"https:\/\/realidadturistica.com\/realtur\/wp-content\/uploads\/2023\/07\/Debuta-una-nueva.webp\" \/>\n\t<meta property=\"og:image:width\" content=\"732\" \/>\n\t<meta property=\"og:image:height\" content=\"400\" \/>\n\t<meta property=\"og:image:type\" content=\"image\/webp\" \/>\n<meta name=\"author\" content=\"Editor\" \/>\n<meta name=\"twitter:card\" content=\"summary_large_image\" \/>\n<meta name=\"twitter:label1\" content=\"Escrito por\" \/>\n\t<meta name=\"twitter:data1\" content=\"Editor\" \/>\n\t<meta name=\"twitter:label2\" content=\"Tiempo de lectura\" \/>\n\t<meta name=\"twitter:data2\" content=\"1 minuto\" \/>\n<script type=\"application\/ld+json\" class=\"yoast-schema-graph\">{\"@context\":\"https:\\\/\\\/schema.org\",\"@graph\":[{\"@type\":\"Article\",\"@id\":\"https:\\\/\\\/realidadturistica.com\\\/realtur\\\/debuta-una-nueva-hotelera-en-mallorca-zero-hotels\\\/#article\",\"isPartOf\":{\"@id\":\"https:\\\/\\\/realidadturistica.com\\\/realtur\\\/debuta-una-nueva-hotelera-en-mallorca-zero-hotels\\\/\"},\"author\":{\"name\":\"Editor\",\"@id\":\"https:\\\/\\\/realidadturistica.com\\\/realtur\\\/#\\\/schema\\\/person\\\/ade671191202490fcf08ab21590de73e\"},\"headline\":\"Debuta una nueva hotelera en Mallorca: Zero Hotels\",\"datePublished\":\"2023-07-13T12:30:34+00:00\",\"mainEntityOfPage\":{\"@id\":\"https:\\\/\\\/realidadturistica.com\\\/realtur\\\/debuta-una-nueva-hotelera-en-mallorca-zero-hotels\\\/\"},\"wordCount\":215,\"commentCount\":0,\"publisher\":{\"@id\":\"https:\\\/\\\/realidadturistica.com\\\/realtur\\\/#organization\"},\"image\":{\"@id\":\"https:\\\/\\\/realidadturistica.com\\\/realtur\\\/debuta-una-nueva-hotelera-en-mallorca-zero-hotels\\\/#primaryimage\"},\"thumbnailUrl\":\"https:\\\/\\\/realidadturistica.com\\\/realtur\\\/wp-content\\\/uploads\\\/2023\\\/07\\\/Debuta-una-nueva.webp\",\"articleSection\":[\"Turismo\"],\"inLanguage\":\"es\",\"potentialAction\":[{\"@type\":\"CommentAction\",\"name\":\"Comment\",\"target\":[\"https:\\\/\\\/realidadturistica.com\\\/realtur\\\/debuta-una-nueva-hotelera-en-mallorca-zero-hotels\\\/#respond\"]}]},{\"@type\":\"WebPage\",\"@id\":\"https:\\\/\\\/realidadturistica.com\\\/realtur\\\/debuta-una-nueva-hotelera-en-mallorca-zero-hotels\\\/\",\"url\":\"https:\\\/\\\/realidadturistica.com\\\/realtur\\\/debuta-una-nueva-hotelera-en-mallorca-zero-hotels\\\/\",\"name\":\"Debuta una nueva hotelera en Mallorca: Zero Hotels - Realidad Tur\u00edstica\",\"isPartOf\":{\"@id\":\"https:\\\/\\\/realidadturistica.com\\\/realtur\\\/#website\"},\"primaryImageOfPage\":{\"@id\":\"https:\\\/\\\/realidadturistica.com\\\/realtur\\\/debuta-una-nueva-hotelera-en-mallorca-zero-hotels\\\/#primaryimage\"},\"image\":{\"@id\":\"https:\\\/\\\/realidadturistica.com\\\/realtur\\\/debuta-una-nueva-hotelera-en-mallorca-zero-hotels\\\/#primaryimage\"},\"thumbnailUrl\":\"https:\\\/\\\/realidadturistica.com\\\/realtur\\\/wp-content\\\/uploads\\\/2023\\\/07\\\/Debuta-una-nueva.webp\",\"datePublished\":\"2023-07-13T12:30:34+00:00\",\"breadcrumb\":{\"@id\":\"https:\\\/\\\/realidadturistica.com\\\/realtur\\\/debuta-una-nueva-hotelera-en-mallorca-zero-hotels\\\/#breadcrumb\"},\"inLanguage\":\"es\",\"potentialAction\":[{\"@type\":\"ReadAction\",\"target\":[\"https:\\\/\\\/realidadturistica.com\\\/realtur\\\/debuta-una-nueva-hotelera-en-mallorca-zero-hotels\\\/\"]}]},{\"@type\":\"ImageObject\",\"inLanguage\":\"es\",\"@id\":\"https:\\\/\\\/realidadturistica.com\\\/realtur\\\/debuta-una-nueva-hotelera-en-mallorca-zero-hotels\\\/#primaryimage\",\"url\":\"https:\\\/\\\/realidadturistica.com\\\/realtur\\\/wp-content\\\/uploads\\\/2023\\\/07\\\/Debuta-una-nueva.webp\",\"contentUrl\":\"https:\\\/\\\/realidadturistica.com\\\/realtur\\\/wp-content\\\/uploads\\\/2023\\\/07\\\/Debuta-una-nueva.webp\",\"width\":732,\"height\":400},{\"@type\":\"BreadcrumbList\",\"@id\":\"https:\\\/\\\/realidadturistica.com\\\/realtur\\\/debuta-una-nueva-hotelera-en-mallorca-zero-hotels\\\/#breadcrumb\",\"itemListElement\":[{\"@type\":\"ListItem\",\"position\":1,\"name\":\"Portada\",\"item\":\"https:\\\/\\\/realidadturistica.com\\\/realtur\\\/\"},{\"@type\":\"ListItem\",\"position\":2,\"name\":\"Debuta una nueva hotelera en Mallorca: Zero Hotels\"}]},{\"@type\":\"WebSite\",\"@id\":\"https:\\\/\\\/realidadturistica.com\\\/realtur\\\/#website\",\"url\":\"https:\\\/\\\/realidadturistica.com\\\/realtur\\\/\",\"name\":\"Realidad Tur\u00edstica\",\"description\":\"\",\"publisher\":{\"@id\":\"https:\\\/\\\/realidadturistica.com\\\/realtur\\\/#organization\"},\"potentialAction\":[{\"@type\":\"SearchAction\",\"target\":{\"@type\":\"EntryPoint\",\"urlTemplate\":\"https:\\\/\\\/realidadturistica.com\\\/realtur\\\/?s={search_term_string}\"},\"query-input\":{\"@type\":\"PropertyValueSpecification\",\"valueRequired\":true,\"valueName\":\"search_term_string\"}}],\"inLanguage\":\"es\"},{\"@type\":\"Organization\",\"@id\":\"https:\\\/\\\/realidadturistica.com\\\/realtur\\\/#organization\",\"name\":\"Realidad Tur\u00edstica\",\"url\":\"https:\\\/\\\/realidadturistica.com\\\/realtur\\\/\",\"logo\":{\"@type\":\"ImageObject\",\"inLanguage\":\"es\",\"@id\":\"https:\\\/\\\/realidadturistica.com\\\/realtur\\\/#\\\/schema\\\/logo\\\/image\\\/\",\"url\":\"https:\\\/\\\/realidadturistica.com\\\/realtur\\\/wp-content\\\/uploads\\\/2021\\\/12\\\/logotipo-realidad-turistica.png\",\"contentUrl\":\"https:\\\/\\\/realidadturistica.com\\\/realtur\\\/wp-content\\\/uploads\\\/2021\\\/12\\\/logotipo-realidad-turistica.png\",\"width\":1382,\"height\":629,\"caption\":\"Realidad Tur\u00edstica\"},\"image\":{\"@id\":\"https:\\\/\\\/realidadturistica.com\\\/realtur\\\/#\\\/schema\\\/logo\\\/image\\\/\"},\"sameAs\":[\"https:\\\/\\\/www.facebook.com\\\/realidadturistica\",\"https:\\\/\\\/www.instagram.com\\\/realidad_turistica\\\/\"]},{\"@type\":\"Person\",\"@id\":\"https:\\\/\\\/realidadturistica.com\\\/realtur\\\/#\\\/schema\\\/person\\\/ade671191202490fcf08ab21590de73e\",\"name\":\"Editor\",\"image\":{\"@type\":\"ImageObject\",\"inLanguage\":\"es\",\"@id\":\"https:\\\/\\\/realidadturistica.com\\\/realtur\\\/wp-content\\\/uploads\\\/2023\\\/09\\\/Editor_avatar_1693668634-96x96.png\",\"url\":\"https:\\\/\\\/realidadturistica.com\\\/realtur\\\/wp-content\\\/uploads\\\/2023\\\/09\\\/Editor_avatar_1693668634-96x96.png\",\"contentUrl\":\"https:\\\/\\\/realidadturistica.com\\\/realtur\\\/wp-content\\\/uploads\\\/2023\\\/09\\\/Editor_avatar_1693668634-96x96.png\",\"caption\":\"Editor\"},\"sameAs\":[\"https:\\\/\\\/realidadturistica.com\\\/realtur\"],\"url\":\"https:\\\/\\\/realidadturistica.com\\\/realtur\\\/author\\\/editor2\\\/\"}]}<\/script>\n<!-- \/ Yoast SEO Premium plugin. -->","yoast_head_json":{"title":"Debuta una nueva hotelera en Mallorca: Zero Hotels - Realidad Tur\u00edstica","robots":{"index":"index","follow":"follow","max-snippet":"max-snippet:-1","max-image-preview":"max-image-preview:large","max-video-preview":"max-video-preview:-1"},"canonical":"https:\/\/realidadturistica.com\/realtur\/debuta-una-nueva-hotelera-en-mallorca-zero-hotels\/","og_locale":"es_ES","og_type":"article","og_title":"Debuta una nueva hotelera en Mallorca: Zero Hotels","og_description":"Espa\u00f1a. Una nueva hotelera ha debutado en Mallorca y lo ha hecho en un destino at\u00edpico: en un pintoresco pueblo pesquero, Porto Cristo. Se trata&hellip;","og_url":"https:\/\/realidadturistica.com\/realtur\/debuta-una-nueva-hotelera-en-mallorca-zero-hotels\/","og_site_name":"Realidad Tur\u00edstica","article_publisher":"https:\/\/www.facebook.com\/realidadturistica","article_published_time":"2023-07-13T12:30:34+00:00","og_image":[{"width":732,"height":400,"url":"https:\/\/realidadturistica.com\/realtur\/wp-content\/uploads\/2023\/07\/Debuta-una-nueva.webp","type":"image\/webp"}],"author":"Editor","twitter_card":"summary_large_image","twitter_misc":{"Escrito por":"Editor","Tiempo de lectura":"1 minuto"},"schema":{"@context":"https:\/\/schema.org","@graph":[{"@type":"Article","@id":"https:\/\/realidadturistica.com\/realtur\/debuta-una-nueva-hotelera-en-mallorca-zero-hotels\/#article","isPartOf":{"@id":"https:\/\/realidadturistica.com\/realtur\/debuta-una-nueva-hotelera-en-mallorca-zero-hotels\/"},"author":{"name":"Editor","@id":"https:\/\/realidadturistica.com\/realtur\/#\/schema\/person\/ade671191202490fcf08ab21590de73e"},"headline":"Debuta una nueva hotelera en Mallorca: Zero Hotels","datePublished":"2023-07-13T12:30:34+00:00","mainEntityOfPage":{"@id":"https:\/\/realidadturistica.com\/realtur\/debuta-una-nueva-hotelera-en-mallorca-zero-hotels\/"},"wordCount":215,"commentCount":0,"publisher":{"@id":"https:\/\/realidadturistica.com\/realtur\/#organization"},"image":{"@id":"https:\/\/realidadturistica.com\/realtur\/debuta-una-nueva-hotelera-en-mallorca-zero-hotels\/#primaryimage"},"thumbnailUrl":"https:\/\/realidadturistica.com\/realtur\/wp-content\/uploads\/2023\/07\/Debuta-una-nueva.webp","articleSection":["Turismo"],"inLanguage":"es","potentialAction":[{"@type":"CommentAction","name":"Comment","target":["https:\/\/realidadturistica.com\/realtur\/debuta-una-nueva-hotelera-en-mallorca-zero-hotels\/#respond"]}]},{"@type":"WebPage","@id":"https:\/\/realidadturistica.com\/realtur\/debuta-una-nueva-hotelera-en-mallorca-zero-hotels\/","url":"https:\/\/realidadturistica.com\/realtur\/debuta-una-nueva-hotelera-en-mallorca-zero-hotels\/","name":"Debuta una nueva hotelera en Mallorca: Zero Hotels - Realidad Tur\u00edstica","isPartOf":{"@id":"https:\/\/realidadturistica.com\/realtur\/#website"},"primaryImageOfPage":{"@id":"https:\/\/realidadturistica.com\/realtur\/debuta-una-nueva-hotelera-en-mallorca-zero-hotels\/#primaryimage"},"image":{"@id":"https:\/\/realidadturistica.com\/realtur\/debuta-una-nueva-hotelera-en-mallorca-zero-hotels\/#primaryimage"},"thumbnailUrl":"https:\/\/realidadturistica.com\/realtur\/wp-content\/uploads\/2023\/07\/Debuta-una-nueva.webp","datePublished":"2023-07-13T12:30:34+00:00","breadcrumb":{"@id":"https:\/\/realidadturistica.com\/realtur\/debuta-una-nueva-hotelera-en-mallorca-zero-hotels\/#breadcrumb"},"inLanguage":"es","potentialAction":[{"@type":"ReadAction","target":["https:\/\/realidadturistica.com\/realtur\/debuta-una-nueva-hotelera-en-mallorca-zero-hotels\/"]}]},{"@type":"ImageObject","inLanguage":"es","@id":"https:\/\/realidadturistica.com\/realtur\/debuta-una-nueva-hotelera-en-mallorca-zero-hotels\/#primaryimage","url":"https:\/\/realidadturistica.com\/realtur\/wp-content\/uploads\/2023\/07\/Debuta-una-nueva.webp","contentUrl":"https:\/\/realidadturistica.com\/realtur\/wp-content\/uploads\/2023\/07\/Debuta-una-nueva.webp","width":732,"height":400},{"@type":"BreadcrumbList","@id":"https:\/\/realidadturistica.com\/realtur\/debuta-una-nueva-hotelera-en-mallorca-zero-hotels\/#breadcrumb","itemListElement":[{"@type":"ListItem","position":1,"name":"Portada","item":"https:\/\/realidadturistica.com\/realtur\/"},{"@type":"ListItem","position":2,"name":"Debuta una nueva hotelera en Mallorca: Zero Hotels"}]},{"@type":"WebSite","@id":"https:\/\/realidadturistica.com\/realtur\/#website","url":"https:\/\/realidadturistica.com\/realtur\/","name":"Realidad Tur\u00edstica","description":"","publisher":{"@id":"https:\/\/realidadturistica.com\/realtur\/#organization"},"potentialAction":[{"@type":"SearchAction","target":{"@type":"EntryPoint","urlTemplate":"https:\/\/realidadturistica.com\/realtur\/?s={search_term_string}"},"query-input":{"@type":"PropertyValueSpecification","valueRequired":true,"valueName":"search_term_string"}}],"inLanguage":"es"},{"@type":"Organization","@id":"https:\/\/realidadturistica.com\/realtur\/#organization","name":"Realidad Tur\u00edstica","url":"https:\/\/realidadturistica.com\/realtur\/","logo":{"@type":"ImageObject","inLanguage":"es","@id":"https:\/\/realidadturistica.com\/realtur\/#\/schema\/logo\/image\/","url":"https:\/\/realidadturistica.com\/realtur\/wp-content\/uploads\/2021\/12\/logotipo-realidad-turistica.png","contentUrl":"https:\/\/realidadturistica.com\/realtur\/wp-content\/uploads\/2021\/12\/logotipo-realidad-turistica.png","width":1382,"height":629,"caption":"Realidad Tur\u00edstica"},"image":{"@id":"https:\/\/realidadturistica.com\/realtur\/#\/schema\/logo\/image\/"},"sameAs":["https:\/\/www.facebook.com\/realidadturistica","https:\/\/www.instagram.com\/realidad_turistica\/"]},{"@type":"Person","@id":"https:\/\/realidadturistica.com\/realtur\/#\/schema\/person\/ade671191202490fcf08ab21590de73e","name":"Editor","image":{"@type":"ImageObject","inLanguage":"es","@id":"https:\/\/realidadturistica.com\/realtur\/wp-content\/uploads\/2023\/09\/Editor_avatar_1693668634-96x96.png","url":"https:\/\/realidadturistica.com\/realtur\/wp-content\/uploads\/2023\/09\/Editor_avatar_1693668634-96x96.png","contentUrl":"https:\/\/realidadturistica.com\/realtur\/wp-content\/uploads\/2023\/09\/Editor_avatar_1693668634-96x96.png","caption":"Editor"},"sameAs":["https:\/\/realidadturistica.com\/realtur"],"url":"https:\/\/realidadturistica.com\/realtur\/author\/editor2\/"}]}},"_links":{"self":[{"href":"https:\/\/realidadturistica.com\/realtur\/wp-json\/wp\/v2\/posts\/4678","targetHints":{"allow":["GET"]}}],"collection":[{"href":"https:\/\/realidadturistica.com\/realtur\/wp-json\/wp\/v2\/posts"}],"about":[{"href":"https:\/\/realidadturistica.com\/realtur\/wp-json\/wp\/v2\/types\/post"}],"author":[{"embeddable":true,"href":"https:\/\/realidadturistica.com\/realtur\/wp-json\/wp\/v2\/users\/2"}],"replies":[{"embeddable":true,"href":"https:\/\/realidadturistica.com\/realtur\/wp-json\/wp\/v2\/comments?post=4678"}],"version-history":[{"count":0,"href":"https:\/\/realidadturistica.com\/realtur\/wp-json\/wp\/v2\/posts\/4678\/revisions"}],"wp:featuredmedia":[{"embeddable":true,"href":"https:\/\/realidadturistica.com\/realtur\/wp-json\/wp\/v2\/media\/4679"}],"wp:attachment":[{"href":"https:\/\/realidadturistica.com\/realtur\/wp-json\/wp\/v2\/media?parent=4678"}],"wp:term":[{"taxonomy":"category","embeddable":true,"href":"https:\/\/realidadturistica.com\/realtur\/wp-json\/wp\/v2\/categories?post=4678"},{"taxonomy":"post_tag","embeddable":true,"href":"https:\/\/realidadturistica.com\/realtur\/wp-json\/wp\/v2\/tags?post=4678"}],"curies":[{"name":"wp","href":"https:\/\/api.w.org\/{rel}","templated":true}]}}