{"id":4737,"date":"2023-07-24T03:34:24","date_gmt":"2023-07-24T03:34:24","guid":{"rendered":"https:\/\/realidadturistica.com\/realtur\/?p=4737"},"modified":"2023-07-24T03:34:24","modified_gmt":"2023-07-24T03:34:24","slug":"guadalajara-sera-sede-del-primer-foro-mundial-de-relaciones-publicas-protocolo-y-eventos","status":"publish","type":"post","link":"https:\/\/realidadturistica.com\/realtur\/guadalajara-sera-sede-del-primer-foro-mundial-de-relaciones-publicas-protocolo-y-eventos\/","title":{"rendered":"Guadalajara ser\u00e1 sede del primer Foro Mundial de Relaciones P\u00fablicas, Protocolo y Eventos"},"content":{"rendered":"\n<p>M\u00e9xico. La Universidad de Guadalajara ser\u00e1 sede los d\u00edas 28 y 29 de septiembre del 2023, de primer Foro Mundial de Relaciones P\u00fablicas, Protocolo y Eventos, marco en el que se analizar\u00e1n los nuevos retos y desaf\u00edos que enfrenta el segmento MICE en los tiempos actuales.<\/p>\n\n\n\n<p>Seg\u00fan el programa, entre los temas que se abordar\u00e1n est\u00e1n el relacionado con la \u201cInteligencia Artificial\u201d, impartido por Andr\u00e9s Silva Arencibia, \u201cProtocolos, nuevos tiempos. Las reglas cambian\u201d, por Diana Rubio, \u201cRetos y Desaf\u00edos en las Relaciones P\u00fablicas\u201d, por Fernando Hern\u00e1ndez Santib\u00e1\u00f1ez, \u201cEventos, ni te imaginas lo que viene\u201d, por F\u00e1tima Franco, \u201cComunicaci\u00f3n Estrat\u00e9gica e Inteligencia Artificial\u201d, por Daniel Scheinsohn, \u201cProtocolo y Artesan\u00eda del Mensaje. Oficio y Emoci\u00f3n\u201d, por Javier Carnicer, entre otros destacados panelistas.<\/p>\n\n\n\n<p>El Foro Mundial, que se desarrolla en el mes de las Relaciones P\u00fablicas, incluye tambi\u00e9n una visita a las instalaciones donde se lleva a cabo el evento, citas de negocios, debates y paneles de intercambio, adem\u00e1s de un recorrido por Guadalajara en una fabulosa tarde mexicana.<\/p>\n\n\n\n<p>Los participantes podr\u00e1n disfrutar el s\u00e1bado 30 de septiembre del Turismo Tequila, y el domingo 1 del Turismo Tlaquepaque, que incluye un recorrido por la Universidad de Guadalajara, culminando con una tarde noche-mexicana con todo el colorido de su cultura y tradiciones.<\/p>\n\n\n\n<p>El evento ser\u00e1 h\u00edbrido, On Line o de forma presencial, los interesados podr\u00e1n contactar con la agencia de viajes CTA Carmen Travel Agency al +1 8097071813, con la agencia Rosefy Turismo al +52 66 7174 0568 o con Infinity Travel al +52 55 1150 9569. El hotel sede ser\u00e1 el Wyndham Garden, con una tarifa que incluye hospedaje, internet, desayuno americano tipo buffet, con precios incre\u00edbles.<\/p>\n\n\n\n<p>El primer Foro Mundial de Relaciones P\u00fablicas, Protocolo y Eventos, es patrocinado por un importante grupo de prestigiosas empresas, entre las que destacan Seminario Internacional, Universidad de Guadalajara, Cucea, IGA Comunicaci\u00f3n Total, Red Latinoamericana de Organizadores de Ventos, entre otras.<\/p>\n\n\n\n<p>Para mayor informaci\u00f3n puede contactar a : +52 667 389 0109, email: <a href=\"mailto:eventosnuevanormalidad@gmail.com\">eventosnuevanormalidad@gmail.com<\/a> \/ <a href=\"mailto:foromundialrp@gmail.com\">foromundialrp@gmail.com<\/a><\/p>\n\n\n\n<p>Fuente: Realidad Tur\u00edstica.<\/p>\n","protected":false},"excerpt":{"rendered":"<p>M\u00e9xico. La Universidad de Guadalajara ser\u00e1 sede los d\u00edas 28 y 29 de septiembre del 2023, de primer Foro Mundial de Relaciones P\u00fablicas, Protocolo y&hellip;<\/p>\n","protected":false},"author":2,"featured_media":4738,"comment_status":"open","ping_status":"closed","sticky":false,"template":"","format":"standard","meta":{"content-type":"","_lmt_disableupdate":"","_lmt_disable":"","footnotes":""},"categories":[5],"tags":[],"class_list":["post-4737","post","type-post","status-publish","format-standard","has-post-thumbnail","hentry","category-mice"],"yoast_head":"<!-- This site is optimized with the Yoast SEO Premium plugin v27.4 (Yoast SEO v27.4) - https:\/\/yoast.com\/product\/yoast-seo-premium-wordpress\/ -->\n<title>Guadalajara ser\u00e1 sede del primer Foro Mundial de Relaciones P\u00fablicas, Protocolo y Eventos - Realidad Tur\u00edstica<\/title>\n<meta name=\"robots\" content=\"index, follow, max-snippet:-1, max-image-preview:large, max-video-preview:-1\" \/>\n<link rel=\"canonical\" href=\"https:\/\/realidadturistica.com\/realtur\/guadalajara-sera-sede-del-primer-foro-mundial-de-relaciones-publicas-protocolo-y-eventos\/\" \/>\n<meta property=\"og:locale\" content=\"es_ES\" \/>\n<meta property=\"og:type\" content=\"article\" \/>\n<meta property=\"og:title\" content=\"Guadalajara ser\u00e1 sede del primer Foro Mundial de Relaciones P\u00fablicas, Protocolo y Eventos\" \/>\n<meta property=\"og:description\" content=\"M\u00e9xico. La Universidad de Guadalajara ser\u00e1 sede los d\u00edas 28 y 29 de septiembre del 2023, de primer Foro Mundial de Relaciones P\u00fablicas, Protocolo y&hellip;\" \/>\n<meta property=\"og:url\" content=\"https:\/\/realidadturistica.com\/realtur\/guadalajara-sera-sede-del-primer-foro-mundial-de-relaciones-publicas-protocolo-y-eventos\/\" \/>\n<meta property=\"og:site_name\" content=\"Realidad Tur\u00edstica\" \/>\n<meta property=\"article:publisher\" content=\"https:\/\/www.facebook.com\/realidadturistica\" \/>\n<meta property=\"article:published_time\" content=\"2023-07-24T03:34:24+00:00\" \/>\n<meta property=\"og:image\" content=\"https:\/\/realidadturistica.com\/realtur\/wp-content\/uploads\/2023\/07\/Captura-de-pantalla-2023-07-23-a-las-11.31.47-p.m-scaled-1.jpg\" \/>\n\t<meta property=\"og:image:width\" content=\"2560\" \/>\n\t<meta property=\"og:image:height\" content=\"1209\" \/>\n\t<meta property=\"og:image:type\" content=\"image\/jpeg\" \/>\n<meta name=\"author\" content=\"Editor\" \/>\n<meta name=\"twitter:card\" content=\"summary_large_image\" \/>\n<meta name=\"twitter:label1\" content=\"Escrito por\" \/>\n\t<meta name=\"twitter:data1\" content=\"Editor\" \/>\n\t<meta name=\"twitter:label2\" content=\"Tiempo de lectura\" \/>\n\t<meta name=\"twitter:data2\" content=\"2 minutos\" \/>\n<script type=\"application\/ld+json\" class=\"yoast-schema-graph\">{\"@context\":\"https:\\\/\\\/schema.org\",\"@graph\":[{\"@type\":\"Article\",\"@id\":\"https:\\\/\\\/realidadturistica.com\\\/realtur\\\/guadalajara-sera-sede-del-primer-foro-mundial-de-relaciones-publicas-protocolo-y-eventos\\\/#article\",\"isPartOf\":{\"@id\":\"https:\\\/\\\/realidadturistica.com\\\/realtur\\\/guadalajara-sera-sede-del-primer-foro-mundial-de-relaciones-publicas-protocolo-y-eventos\\\/\"},\"author\":{\"name\":\"Editor\",\"@id\":\"https:\\\/\\\/realidadturistica.com\\\/realtur\\\/#\\\/schema\\\/person\\\/ade671191202490fcf08ab21590de73e\"},\"headline\":\"Guadalajara ser\u00e1 sede del primer Foro Mundial de Relaciones P\u00fablicas, Protocolo y Eventos\",\"datePublished\":\"2023-07-24T03:34:24+00:00\",\"mainEntityOfPage\":{\"@id\":\"https:\\\/\\\/realidadturistica.com\\\/realtur\\\/guadalajara-sera-sede-del-primer-foro-mundial-de-relaciones-publicas-protocolo-y-eventos\\\/\"},\"wordCount\":359,\"commentCount\":0,\"publisher\":{\"@id\":\"https:\\\/\\\/realidadturistica.com\\\/realtur\\\/#organization\"},\"image\":{\"@id\":\"https:\\\/\\\/realidadturistica.com\\\/realtur\\\/guadalajara-sera-sede-del-primer-foro-mundial-de-relaciones-publicas-protocolo-y-eventos\\\/#primaryimage\"},\"thumbnailUrl\":\"https:\\\/\\\/realidadturistica.com\\\/realtur\\\/wp-content\\\/uploads\\\/2023\\\/07\\\/Captura-de-pantalla-2023-07-23-a-las-11.31.47-p.m-scaled-1.jpg\",\"articleSection\":[\"MICE\"],\"inLanguage\":\"es\",\"potentialAction\":[{\"@type\":\"CommentAction\",\"name\":\"Comment\",\"target\":[\"https:\\\/\\\/realidadturistica.com\\\/realtur\\\/guadalajara-sera-sede-del-primer-foro-mundial-de-relaciones-publicas-protocolo-y-eventos\\\/#respond\"]}]},{\"@type\":\"WebPage\",\"@id\":\"https:\\\/\\\/realidadturistica.com\\\/realtur\\\/guadalajara-sera-sede-del-primer-foro-mundial-de-relaciones-publicas-protocolo-y-eventos\\\/\",\"url\":\"https:\\\/\\\/realidadturistica.com\\\/realtur\\\/guadalajara-sera-sede-del-primer-foro-mundial-de-relaciones-publicas-protocolo-y-eventos\\\/\",\"name\":\"Guadalajara ser\u00e1 sede del primer Foro Mundial de Relaciones P\u00fablicas, Protocolo y Eventos - Realidad Tur\u00edstica\",\"isPartOf\":{\"@id\":\"https:\\\/\\\/realidadturistica.com\\\/realtur\\\/#website\"},\"primaryImageOfPage\":{\"@id\":\"https:\\\/\\\/realidadturistica.com\\\/realtur\\\/guadalajara-sera-sede-del-primer-foro-mundial-de-relaciones-publicas-protocolo-y-eventos\\\/#primaryimage\"},\"image\":{\"@id\":\"https:\\\/\\\/realidadturistica.com\\\/realtur\\\/guadalajara-sera-sede-del-primer-foro-mundial-de-relaciones-publicas-protocolo-y-eventos\\\/#primaryimage\"},\"thumbnailUrl\":\"https:\\\/\\\/realidadturistica.com\\\/realtur\\\/wp-content\\\/uploads\\\/2023\\\/07\\\/Captura-de-pantalla-2023-07-23-a-las-11.31.47-p.m-scaled-1.jpg\",\"datePublished\":\"2023-07-24T03:34:24+00:00\",\"breadcrumb\":{\"@id\":\"https:\\\/\\\/realidadturistica.com\\\/realtur\\\/guadalajara-sera-sede-del-primer-foro-mundial-de-relaciones-publicas-protocolo-y-eventos\\\/#breadcrumb\"},\"inLanguage\":\"es\",\"potentialAction\":[{\"@type\":\"ReadAction\",\"target\":[\"https:\\\/\\\/realidadturistica.com\\\/realtur\\\/guadalajara-sera-sede-del-primer-foro-mundial-de-relaciones-publicas-protocolo-y-eventos\\\/\"]}]},{\"@type\":\"ImageObject\",\"inLanguage\":\"es\",\"@id\":\"https:\\\/\\\/realidadturistica.com\\\/realtur\\\/guadalajara-sera-sede-del-primer-foro-mundial-de-relaciones-publicas-protocolo-y-eventos\\\/#primaryimage\",\"url\":\"https:\\\/\\\/realidadturistica.com\\\/realtur\\\/wp-content\\\/uploads\\\/2023\\\/07\\\/Captura-de-pantalla-2023-07-23-a-las-11.31.47-p.m-scaled-1.jpg\",\"contentUrl\":\"https:\\\/\\\/realidadturistica.com\\\/realtur\\\/wp-content\\\/uploads\\\/2023\\\/07\\\/Captura-de-pantalla-2023-07-23-a-las-11.31.47-p.m-scaled-1.jpg\",\"width\":2560,\"height\":1209},{\"@type\":\"BreadcrumbList\",\"@id\":\"https:\\\/\\\/realidadturistica.com\\\/realtur\\\/guadalajara-sera-sede-del-primer-foro-mundial-de-relaciones-publicas-protocolo-y-eventos\\\/#breadcrumb\",\"itemListElement\":[{\"@type\":\"ListItem\",\"position\":1,\"name\":\"Portada\",\"item\":\"https:\\\/\\\/realidadturistica.com\\\/realtur\\\/\"},{\"@type\":\"ListItem\",\"position\":2,\"name\":\"Guadalajara ser\u00e1 sede del primer Foro Mundial de Relaciones P\u00fablicas, Protocolo y Eventos\"}]},{\"@type\":\"WebSite\",\"@id\":\"https:\\\/\\\/realidadturistica.com\\\/realtur\\\/#website\",\"url\":\"https:\\\/\\\/realidadturistica.com\\\/realtur\\\/\",\"name\":\"Realidad Tur\u00edstica\",\"description\":\"\",\"publisher\":{\"@id\":\"https:\\\/\\\/realidadturistica.com\\\/realtur\\\/#organization\"},\"potentialAction\":[{\"@type\":\"SearchAction\",\"target\":{\"@type\":\"EntryPoint\",\"urlTemplate\":\"https:\\\/\\\/realidadturistica.com\\\/realtur\\\/?s={search_term_string}\"},\"query-input\":{\"@type\":\"PropertyValueSpecification\",\"valueRequired\":true,\"valueName\":\"search_term_string\"}}],\"inLanguage\":\"es\"},{\"@type\":\"Organization\",\"@id\":\"https:\\\/\\\/realidadturistica.com\\\/realtur\\\/#organization\",\"name\":\"Realidad Tur\u00edstica\",\"url\":\"https:\\\/\\\/realidadturistica.com\\\/realtur\\\/\",\"logo\":{\"@type\":\"ImageObject\",\"inLanguage\":\"es\",\"@id\":\"https:\\\/\\\/realidadturistica.com\\\/realtur\\\/#\\\/schema\\\/logo\\\/image\\\/\",\"url\":\"https:\\\/\\\/realidadturistica.com\\\/realtur\\\/wp-content\\\/uploads\\\/2021\\\/12\\\/logotipo-realidad-turistica.png\",\"contentUrl\":\"https:\\\/\\\/realidadturistica.com\\\/realtur\\\/wp-content\\\/uploads\\\/2021\\\/12\\\/logotipo-realidad-turistica.png\",\"width\":1382,\"height\":629,\"caption\":\"Realidad Tur\u00edstica\"},\"image\":{\"@id\":\"https:\\\/\\\/realidadturistica.com\\\/realtur\\\/#\\\/schema\\\/logo\\\/image\\\/\"},\"sameAs\":[\"https:\\\/\\\/www.facebook.com\\\/realidadturistica\",\"https:\\\/\\\/www.instagram.com\\\/realidad_turistica\\\/\"]},{\"@type\":\"Person\",\"@id\":\"https:\\\/\\\/realidadturistica.com\\\/realtur\\\/#\\\/schema\\\/person\\\/ade671191202490fcf08ab21590de73e\",\"name\":\"Editor\",\"image\":{\"@type\":\"ImageObject\",\"inLanguage\":\"es\",\"@id\":\"https:\\\/\\\/realidadturistica.com\\\/realtur\\\/wp-content\\\/uploads\\\/2023\\\/09\\\/Editor_avatar_1693668634-96x96.png\",\"url\":\"https:\\\/\\\/realidadturistica.com\\\/realtur\\\/wp-content\\\/uploads\\\/2023\\\/09\\\/Editor_avatar_1693668634-96x96.png\",\"contentUrl\":\"https:\\\/\\\/realidadturistica.com\\\/realtur\\\/wp-content\\\/uploads\\\/2023\\\/09\\\/Editor_avatar_1693668634-96x96.png\",\"caption\":\"Editor\"},\"sameAs\":[\"https:\\\/\\\/realidadturistica.com\\\/realtur\"],\"url\":\"https:\\\/\\\/realidadturistica.com\\\/realtur\\\/author\\\/editor2\\\/\"}]}<\/script>\n<!-- \/ Yoast SEO Premium plugin. -->","yoast_head_json":{"title":"Guadalajara ser\u00e1 sede del primer Foro Mundial de Relaciones P\u00fablicas, Protocolo y Eventos - Realidad Tur\u00edstica","robots":{"index":"index","follow":"follow","max-snippet":"max-snippet:-1","max-image-preview":"max-image-preview:large","max-video-preview":"max-video-preview:-1"},"canonical":"https:\/\/realidadturistica.com\/realtur\/guadalajara-sera-sede-del-primer-foro-mundial-de-relaciones-publicas-protocolo-y-eventos\/","og_locale":"es_ES","og_type":"article","og_title":"Guadalajara ser\u00e1 sede del primer Foro Mundial de Relaciones P\u00fablicas, Protocolo y Eventos","og_description":"M\u00e9xico. La Universidad de Guadalajara ser\u00e1 sede los d\u00edas 28 y 29 de septiembre del 2023, de primer Foro Mundial de Relaciones P\u00fablicas, Protocolo y&hellip;","og_url":"https:\/\/realidadturistica.com\/realtur\/guadalajara-sera-sede-del-primer-foro-mundial-de-relaciones-publicas-protocolo-y-eventos\/","og_site_name":"Realidad Tur\u00edstica","article_publisher":"https:\/\/www.facebook.com\/realidadturistica","article_published_time":"2023-07-24T03:34:24+00:00","og_image":[{"width":2560,"height":1209,"url":"https:\/\/realidadturistica.com\/realtur\/wp-content\/uploads\/2023\/07\/Captura-de-pantalla-2023-07-23-a-las-11.31.47-p.m-scaled-1.jpg","type":"image\/jpeg"}],"author":"Editor","twitter_card":"summary_large_image","twitter_misc":{"Escrito por":"Editor","Tiempo de lectura":"2 minutos"},"schema":{"@context":"https:\/\/schema.org","@graph":[{"@type":"Article","@id":"https:\/\/realidadturistica.com\/realtur\/guadalajara-sera-sede-del-primer-foro-mundial-de-relaciones-publicas-protocolo-y-eventos\/#article","isPartOf":{"@id":"https:\/\/realidadturistica.com\/realtur\/guadalajara-sera-sede-del-primer-foro-mundial-de-relaciones-publicas-protocolo-y-eventos\/"},"author":{"name":"Editor","@id":"https:\/\/realidadturistica.com\/realtur\/#\/schema\/person\/ade671191202490fcf08ab21590de73e"},"headline":"Guadalajara ser\u00e1 sede del primer Foro Mundial de Relaciones P\u00fablicas, Protocolo y Eventos","datePublished":"2023-07-24T03:34:24+00:00","mainEntityOfPage":{"@id":"https:\/\/realidadturistica.com\/realtur\/guadalajara-sera-sede-del-primer-foro-mundial-de-relaciones-publicas-protocolo-y-eventos\/"},"wordCount":359,"commentCount":0,"publisher":{"@id":"https:\/\/realidadturistica.com\/realtur\/#organization"},"image":{"@id":"https:\/\/realidadturistica.com\/realtur\/guadalajara-sera-sede-del-primer-foro-mundial-de-relaciones-publicas-protocolo-y-eventos\/#primaryimage"},"thumbnailUrl":"https:\/\/realidadturistica.com\/realtur\/wp-content\/uploads\/2023\/07\/Captura-de-pantalla-2023-07-23-a-las-11.31.47-p.m-scaled-1.jpg","articleSection":["MICE"],"inLanguage":"es","potentialAction":[{"@type":"CommentAction","name":"Comment","target":["https:\/\/realidadturistica.com\/realtur\/guadalajara-sera-sede-del-primer-foro-mundial-de-relaciones-publicas-protocolo-y-eventos\/#respond"]}]},{"@type":"WebPage","@id":"https:\/\/realidadturistica.com\/realtur\/guadalajara-sera-sede-del-primer-foro-mundial-de-relaciones-publicas-protocolo-y-eventos\/","url":"https:\/\/realidadturistica.com\/realtur\/guadalajara-sera-sede-del-primer-foro-mundial-de-relaciones-publicas-protocolo-y-eventos\/","name":"Guadalajara ser\u00e1 sede del primer Foro Mundial de Relaciones P\u00fablicas, Protocolo y Eventos - Realidad Tur\u00edstica","isPartOf":{"@id":"https:\/\/realidadturistica.com\/realtur\/#website"},"primaryImageOfPage":{"@id":"https:\/\/realidadturistica.com\/realtur\/guadalajara-sera-sede-del-primer-foro-mundial-de-relaciones-publicas-protocolo-y-eventos\/#primaryimage"},"image":{"@id":"https:\/\/realidadturistica.com\/realtur\/guadalajara-sera-sede-del-primer-foro-mundial-de-relaciones-publicas-protocolo-y-eventos\/#primaryimage"},"thumbnailUrl":"https:\/\/realidadturistica.com\/realtur\/wp-content\/uploads\/2023\/07\/Captura-de-pantalla-2023-07-23-a-las-11.31.47-p.m-scaled-1.jpg","datePublished":"2023-07-24T03:34:24+00:00","breadcrumb":{"@id":"https:\/\/realidadturistica.com\/realtur\/guadalajara-sera-sede-del-primer-foro-mundial-de-relaciones-publicas-protocolo-y-eventos\/#breadcrumb"},"inLanguage":"es","potentialAction":[{"@type":"ReadAction","target":["https:\/\/realidadturistica.com\/realtur\/guadalajara-sera-sede-del-primer-foro-mundial-de-relaciones-publicas-protocolo-y-eventos\/"]}]},{"@type":"ImageObject","inLanguage":"es","@id":"https:\/\/realidadturistica.com\/realtur\/guadalajara-sera-sede-del-primer-foro-mundial-de-relaciones-publicas-protocolo-y-eventos\/#primaryimage","url":"https:\/\/realidadturistica.com\/realtur\/wp-content\/uploads\/2023\/07\/Captura-de-pantalla-2023-07-23-a-las-11.31.47-p.m-scaled-1.jpg","contentUrl":"https:\/\/realidadturistica.com\/realtur\/wp-content\/uploads\/2023\/07\/Captura-de-pantalla-2023-07-23-a-las-11.31.47-p.m-scaled-1.jpg","width":2560,"height":1209},{"@type":"BreadcrumbList","@id":"https:\/\/realidadturistica.com\/realtur\/guadalajara-sera-sede-del-primer-foro-mundial-de-relaciones-publicas-protocolo-y-eventos\/#breadcrumb","itemListElement":[{"@type":"ListItem","position":1,"name":"Portada","item":"https:\/\/realidadturistica.com\/realtur\/"},{"@type":"ListItem","position":2,"name":"Guadalajara ser\u00e1 sede del primer Foro Mundial de Relaciones P\u00fablicas, Protocolo y Eventos"}]},{"@type":"WebSite","@id":"https:\/\/realidadturistica.com\/realtur\/#website","url":"https:\/\/realidadturistica.com\/realtur\/","name":"Realidad Tur\u00edstica","description":"","publisher":{"@id":"https:\/\/realidadturistica.com\/realtur\/#organization"},"potentialAction":[{"@type":"SearchAction","target":{"@type":"EntryPoint","urlTemplate":"https:\/\/realidadturistica.com\/realtur\/?s={search_term_string}"},"query-input":{"@type":"PropertyValueSpecification","valueRequired":true,"valueName":"search_term_string"}}],"inLanguage":"es"},{"@type":"Organization","@id":"https:\/\/realidadturistica.com\/realtur\/#organization","name":"Realidad Tur\u00edstica","url":"https:\/\/realidadturistica.com\/realtur\/","logo":{"@type":"ImageObject","inLanguage":"es","@id":"https:\/\/realidadturistica.com\/realtur\/#\/schema\/logo\/image\/","url":"https:\/\/realidadturistica.com\/realtur\/wp-content\/uploads\/2021\/12\/logotipo-realidad-turistica.png","contentUrl":"https:\/\/realidadturistica.com\/realtur\/wp-content\/uploads\/2021\/12\/logotipo-realidad-turistica.png","width":1382,"height":629,"caption":"Realidad Tur\u00edstica"},"image":{"@id":"https:\/\/realidadturistica.com\/realtur\/#\/schema\/logo\/image\/"},"sameAs":["https:\/\/www.facebook.com\/realidadturistica","https:\/\/www.instagram.com\/realidad_turistica\/"]},{"@type":"Person","@id":"https:\/\/realidadturistica.com\/realtur\/#\/schema\/person\/ade671191202490fcf08ab21590de73e","name":"Editor","image":{"@type":"ImageObject","inLanguage":"es","@id":"https:\/\/realidadturistica.com\/realtur\/wp-content\/uploads\/2023\/09\/Editor_avatar_1693668634-96x96.png","url":"https:\/\/realidadturistica.com\/realtur\/wp-content\/uploads\/2023\/09\/Editor_avatar_1693668634-96x96.png","contentUrl":"https:\/\/realidadturistica.com\/realtur\/wp-content\/uploads\/2023\/09\/Editor_avatar_1693668634-96x96.png","caption":"Editor"},"sameAs":["https:\/\/realidadturistica.com\/realtur"],"url":"https:\/\/realidadturistica.com\/realtur\/author\/editor2\/"}]}},"_links":{"self":[{"href":"https:\/\/realidadturistica.com\/realtur\/wp-json\/wp\/v2\/posts\/4737","targetHints":{"allow":["GET"]}}],"collection":[{"href":"https:\/\/realidadturistica.com\/realtur\/wp-json\/wp\/v2\/posts"}],"about":[{"href":"https:\/\/realidadturistica.com\/realtur\/wp-json\/wp\/v2\/types\/post"}],"author":[{"embeddable":true,"href":"https:\/\/realidadturistica.com\/realtur\/wp-json\/wp\/v2\/users\/2"}],"replies":[{"embeddable":true,"href":"https:\/\/realidadturistica.com\/realtur\/wp-json\/wp\/v2\/comments?post=4737"}],"version-history":[{"count":0,"href":"https:\/\/realidadturistica.com\/realtur\/wp-json\/wp\/v2\/posts\/4737\/revisions"}],"wp:featuredmedia":[{"embeddable":true,"href":"https:\/\/realidadturistica.com\/realtur\/wp-json\/wp\/v2\/media\/4738"}],"wp:attachment":[{"href":"https:\/\/realidadturistica.com\/realtur\/wp-json\/wp\/v2\/media?parent=4737"}],"wp:term":[{"taxonomy":"category","embeddable":true,"href":"https:\/\/realidadturistica.com\/realtur\/wp-json\/wp\/v2\/categories?post=4737"},{"taxonomy":"post_tag","embeddable":true,"href":"https:\/\/realidadturistica.com\/realtur\/wp-json\/wp\/v2\/tags?post=4737"}],"curies":[{"name":"wp","href":"https:\/\/api.w.org\/{rel}","templated":true}]}}