{"id":4756,"date":"2023-07-29T12:39:48","date_gmt":"2023-07-29T12:39:48","guid":{"rendered":"https:\/\/realidadturistica.com\/realtur\/?p=4756"},"modified":"2023-07-29T12:39:48","modified_gmt":"2023-07-29T12:39:48","slug":"medios-de-comunicacion-e-influenciadores-del-mundo-conocen-chile","status":"publish","type":"post","link":"https:\/\/realidadturistica.com\/realtur\/medios-de-comunicacion-e-influenciadores-del-mundo-conocen-chile\/","title":{"rendered":"Medios de comunicaci\u00f3n e influenciadores del mundo conocen Chile"},"content":{"rendered":"\n<p>Chile. Periodistas e influenciadores nacionales e internacionales conocieron las bondades de Chile, gracias a una iniciativa que organiz\u00f3 Sernatur \u2014a trav\u00e9s de las marcas Chile es TUYO y Chile Travel\u2014 y que es parte de su plan de promoci\u00f3n tur\u00edstica que proyecta atraer a m\u00e1s turistas a nuestro territorio. Los comunicadores de Chile, Brasil, Espa\u00f1a y Francia compartieron a trav\u00e9s de sus medios los atractivos tur\u00edsticos que ofrece el pa\u00eds.<\/p>\n\n\n\n<p>Las regiones que visitaron fueron las de Coquimbo, Metropolitana, O\u2019Higgins, \u00d1uble y La Araucan\u00eda, que se lucieron ense\u00f1ando actividades asociadas a cultura, naturaleza, gastronom\u00eda, aventura, bienestar y astroturismo, experiencias con las que se resalt\u00f3 la diversidad de atracciones con que cuenta Chile.<\/p>\n\n\n\n<p>&nbsp;&nbsp;&nbsp; La subsecretaria de Turismo, Ver\u00f3nica Pardo, rescat\u00f3 que \u201cpotenciar el turismo nacional entre los chilenos y, adem\u00e1s, la llegada de visitantes extranjeros es una de nuestras prioridades como administraci\u00f3n, lo que se impulsa a trav\u00e9s de la promoci\u00f3n tur\u00edstica. Por eso estos viajes son tan importantes, debido a que nos ayudan a mostrar las maravillas que tenemos y, sobre todo, con ojos de turista a trav\u00e9s de los comunicadores de Chile, Brasil, Espa\u00f1a y Francia, quienes finalmente entregan la experiencia a su p\u00fablico invitando a recorrer el territorio nacional y, por ende, a impulsar las econom\u00edas locales\u201d.<\/p>\n\n\n\n<p>La visita de estos medios tuvo como grandes anfitriones a servicios de turismo, restaurantes, operadores y agencias de viajes regionales, quienes mostraron lo mejor de sus destinos a los veintid\u00f3s periodistas e influenciadores de viajes que visitaron Chile el mes pasado.<\/p>\n\n\n\n<p>&nbsp;&nbsp;&nbsp; Para el director nacional de Sernatur, Crist\u00f3bal Ben\u00edtez, \u201ccon estos viajes apuntamos directamente a los mercados de origen de los medios e influencers que nos visitaron, focaliz\u00e1ndonos en las experiencias que sus turistas demandan. Adem\u00e1s, de este modo ofrecemos al p\u00fablico una mirada fresca de Chile como destino, que est\u00e1 fuera de la estacionalidad habitual, puesto que conocieron el pa\u00eds durante oto\u00f1o e invierno\u201d.<\/p>\n\n\n\n<p>Detalles de los viajes<\/p>\n\n\n\n<p>Con el prop\u00f3sito de difundir a Chile en los mercados internacionales, Sernatur organiza viajes por el pa\u00eds con prensa e influenciadores extranjeros, quienes son escogidos por la gran cercan\u00eda y la fuerte identificaci\u00f3n que generan en su p\u00fablico. La cobertura medi\u00e1tica que se logra permite visibilizar los atractivos tur\u00edsticos de nuestro territorio en los mercados definidos como prioritarios.<\/p>\n\n\n\n<p>Fue as\u00ed que, durante junio, la Regi\u00f3n de Coquimbo recibi\u00f3 a dos delegaciones de medios. Por una parte, entre el 11 y el 16, visitaron sus destinos los influencers que est\u00e1n tras la cuenta @welove en Instagram (Manoela Denardin y Matheus Guarconi) y los medios UOL y Qual Viagem, todos de Brasil.<\/p>\n\n\n\n<p>El viaje se desarroll\u00f3 en conjunto entre Sernatur Coquimbo, el programa Transforma de Corfo y la Municipalidad de Vicu\u00f1a. Asimismo, entre el 27 de junio y el 1 de julio, el youtuber gastron\u00f3mico Herv\u00e9 Palmieri, m\u00e1s conocido como Herv\u00e9 Cuisine visit\u00f3 la Regi\u00f3n de Coquimbo. Ambos grupos, vivieron principalmente actividades de gastronom\u00eda, astroturismo y enoturismo, tanto en su estad\u00eda en la regi\u00f3n como en su paso por Santiago, donde pudieron disfrutar de los atractivos de la capital y recorrer los tradicionales barrios Yungay, Italia y Franklin, lugar en que sostuvieron encuentros con los emprendedores de Factor\u00eda Franklin.<\/p>\n\n\n\n<p>&nbsp;&nbsp;&nbsp; \u201c\u00a1Una mirada retrospectiva a los buenos tiempos de cocina en Chile! Mariscos ultrafrescos de La Serena y Tongoy (Coquimbo), la famosa salsa de pebre con at\u00fan chamuscado, cocina serrana (pan cocinado a la le\u00f1a y t\u00e9 de hierbas del Elqui), la famosa cazuela (\u00a1sopa completa!), \u00a1la uva moscatel para hacer pisco!\u201d, fue lo que public\u00f3 en su perfil de Instagram luego de su viaje el influenciador franc\u00e9s.<\/p>\n\n\n\n<p>La Regi\u00f3n de O\u2019Higgins, en tanto, vivi\u00f3 la reapertura al turismo de uno de sus atractivos m\u00e1s emblem\u00e1ticos. El 13 de junio, el excampamento minero de Sewell abri\u00f3 sus puertas en una actividad organizada por Fundaci\u00f3n Sewell y Codelco Divisi\u00f3n El Teniente, junto al apoyo de Sernatur O\u2019Higgins. En la oportunidad, comunicadores digitales chilenos dieron a conocer mediante sus plataformas el potencial y la belleza de este hist\u00f3rico lugar, declarado Patrimonio de la Humanidad por la Unesco.<\/p>\n\n\n\n<p>En junio tambi\u00e9n, periodistas de Espa\u00f1a compartieron a trav\u00e9s de sus medios las bondades que ofrece La Araucan\u00eda. Seg\u00fan datos de la Subsecretar\u00eda de Turismo, en 2022 llegaron 41.832 viajeros extranjeros provenientes de aquel pa\u00eds, que adem\u00e1s registran una estad\u00eda promedio de 20,8 noches por viaje y un promedio de gasto diario individual de US$71,4.<\/p>\n\n\n\n<p>Por eso, profesionales de los medios La Vanguardia, El Peri\u00f3dico y Onda Cero Radio completaron un itinerario de siete d\u00edas con foco en las ra\u00edces ind\u00edgenas, su cultura y la importancia de un turismo conectado con la naturaleza.<\/p>\n\n\n\n<p>Finalmente, del 19 al 22 de junio, \u00d1uble present\u00f3 a influenciadores y medios especializados el Valle Las Trancas, para potenciar el turismo interno en uno de los principales destinos invernales del pa\u00eds. Uno de los focos especiales que tuvo este viaje fue ayudar a revertir los efectos negativos que tuvieron los incendios de principios de a\u00f1o. En la acci\u00f3n que lider\u00f3 la direcci\u00f3n regional de Sernatur en \u00d1uble, se realizaron actividades con operadores, servicios y atractivos tur\u00edsticos de las comunas de Pinto, Chill\u00e1n y Coihueco.<\/p>\n\n\n\n<p>Durante julio y agosto, la Subsecretar\u00eda de Turismo, Sernatur y sus direcciones regionales, siempre en alianza con prestadores de servicios tur\u00edsticos, planean concretar nuevas acciones de promoci\u00f3n como estas, con el fin de acercar m\u00e1s turistas hacia nuestro pa\u00eds.<\/p>\n\n\n\n<p>Fuente: Sernatur.<\/p>\n","protected":false},"excerpt":{"rendered":"<p>Chile. Periodistas e influenciadores nacionales e internacionales conocieron las bondades de Chile, gracias a una iniciativa que organiz\u00f3 Sernatur \u2014a trav\u00e9s de las marcas Chile&hellip;<\/p>\n","protected":false},"author":2,"featured_media":4757,"comment_status":"open","ping_status":"closed","sticky":false,"template":"","format":"standard","meta":{"content-type":"","_lmt_disableupdate":"","_lmt_disable":"","footnotes":""},"categories":[6],"tags":[],"class_list":["post-4756","post","type-post","status-publish","format-standard","has-post-thumbnail","hentry","category-turismo"],"yoast_head":"<!-- This site is optimized with the Yoast SEO Premium plugin v27.4 (Yoast SEO v27.4) - https:\/\/yoast.com\/product\/yoast-seo-premium-wordpress\/ -->\n<title>Medios de comunicaci\u00f3n e influenciadores del mundo conocen Chile - Realidad Tur\u00edstica<\/title>\n<meta name=\"robots\" content=\"index, follow, max-snippet:-1, max-image-preview:large, max-video-preview:-1\" \/>\n<link rel=\"canonical\" href=\"https:\/\/realidadturistica.com\/realtur\/medios-de-comunicacion-e-influenciadores-del-mundo-conocen-chile\/\" \/>\n<meta property=\"og:locale\" content=\"es_ES\" \/>\n<meta property=\"og:type\" content=\"article\" \/>\n<meta property=\"og:title\" content=\"Medios de comunicaci\u00f3n e influenciadores del mundo conocen Chile\" \/>\n<meta property=\"og:description\" content=\"Chile. Periodistas e influenciadores nacionales e internacionales conocieron las bondades de Chile, gracias a una iniciativa que organiz\u00f3 Sernatur \u2014a trav\u00e9s de las marcas Chile&hellip;\" \/>\n<meta property=\"og:url\" content=\"https:\/\/realidadturistica.com\/realtur\/medios-de-comunicacion-e-influenciadores-del-mundo-conocen-chile\/\" \/>\n<meta property=\"og:site_name\" content=\"Realidad Tur\u00edstica\" \/>\n<meta property=\"article:publisher\" content=\"https:\/\/www.facebook.com\/realidadturistica\" \/>\n<meta property=\"article:published_time\" content=\"2023-07-29T12:39:48+00:00\" \/>\n<meta property=\"og:image\" content=\"https:\/\/realidadturistica.com\/realtur\/wp-content\/uploads\/2023\/07\/Captura-de-pantalla-2023-07-29-a-las-8.29.07-a.m.jpg\" \/>\n\t<meta property=\"og:image:width\" content=\"1996\" \/>\n\t<meta property=\"og:image:height\" content=\"990\" \/>\n\t<meta property=\"og:image:type\" content=\"image\/jpeg\" \/>\n<meta name=\"author\" content=\"Editor\" \/>\n<meta name=\"twitter:card\" content=\"summary_large_image\" \/>\n<meta name=\"twitter:label1\" content=\"Escrito por\" \/>\n\t<meta name=\"twitter:data1\" content=\"Editor\" \/>\n\t<meta name=\"twitter:label2\" content=\"Tiempo de lectura\" \/>\n\t<meta name=\"twitter:data2\" content=\"5 minutos\" \/>\n<script type=\"application\/ld+json\" class=\"yoast-schema-graph\">{\"@context\":\"https:\\\/\\\/schema.org\",\"@graph\":[{\"@type\":\"Article\",\"@id\":\"https:\\\/\\\/realidadturistica.com\\\/realtur\\\/medios-de-comunicacion-e-influenciadores-del-mundo-conocen-chile\\\/#article\",\"isPartOf\":{\"@id\":\"https:\\\/\\\/realidadturistica.com\\\/realtur\\\/medios-de-comunicacion-e-influenciadores-del-mundo-conocen-chile\\\/\"},\"author\":{\"name\":\"Editor\",\"@id\":\"https:\\\/\\\/realidadturistica.com\\\/realtur\\\/#\\\/schema\\\/person\\\/ade671191202490fcf08ab21590de73e\"},\"headline\":\"Medios de comunicaci\u00f3n e influenciadores del mundo conocen Chile\",\"datePublished\":\"2023-07-29T12:39:48+00:00\",\"mainEntityOfPage\":{\"@id\":\"https:\\\/\\\/realidadturistica.com\\\/realtur\\\/medios-de-comunicacion-e-influenciadores-del-mundo-conocen-chile\\\/\"},\"wordCount\":979,\"commentCount\":0,\"publisher\":{\"@id\":\"https:\\\/\\\/realidadturistica.com\\\/realtur\\\/#organization\"},\"image\":{\"@id\":\"https:\\\/\\\/realidadturistica.com\\\/realtur\\\/medios-de-comunicacion-e-influenciadores-del-mundo-conocen-chile\\\/#primaryimage\"},\"thumbnailUrl\":\"https:\\\/\\\/realidadturistica.com\\\/realtur\\\/wp-content\\\/uploads\\\/2023\\\/07\\\/Captura-de-pantalla-2023-07-29-a-las-8.29.07-a.m.jpg\",\"articleSection\":[\"Turismo\"],\"inLanguage\":\"es\",\"potentialAction\":[{\"@type\":\"CommentAction\",\"name\":\"Comment\",\"target\":[\"https:\\\/\\\/realidadturistica.com\\\/realtur\\\/medios-de-comunicacion-e-influenciadores-del-mundo-conocen-chile\\\/#respond\"]}]},{\"@type\":\"WebPage\",\"@id\":\"https:\\\/\\\/realidadturistica.com\\\/realtur\\\/medios-de-comunicacion-e-influenciadores-del-mundo-conocen-chile\\\/\",\"url\":\"https:\\\/\\\/realidadturistica.com\\\/realtur\\\/medios-de-comunicacion-e-influenciadores-del-mundo-conocen-chile\\\/\",\"name\":\"Medios de comunicaci\u00f3n e influenciadores del mundo conocen Chile - Realidad Tur\u00edstica\",\"isPartOf\":{\"@id\":\"https:\\\/\\\/realidadturistica.com\\\/realtur\\\/#website\"},\"primaryImageOfPage\":{\"@id\":\"https:\\\/\\\/realidadturistica.com\\\/realtur\\\/medios-de-comunicacion-e-influenciadores-del-mundo-conocen-chile\\\/#primaryimage\"},\"image\":{\"@id\":\"https:\\\/\\\/realidadturistica.com\\\/realtur\\\/medios-de-comunicacion-e-influenciadores-del-mundo-conocen-chile\\\/#primaryimage\"},\"thumbnailUrl\":\"https:\\\/\\\/realidadturistica.com\\\/realtur\\\/wp-content\\\/uploads\\\/2023\\\/07\\\/Captura-de-pantalla-2023-07-29-a-las-8.29.07-a.m.jpg\",\"datePublished\":\"2023-07-29T12:39:48+00:00\",\"breadcrumb\":{\"@id\":\"https:\\\/\\\/realidadturistica.com\\\/realtur\\\/medios-de-comunicacion-e-influenciadores-del-mundo-conocen-chile\\\/#breadcrumb\"},\"inLanguage\":\"es\",\"potentialAction\":[{\"@type\":\"ReadAction\",\"target\":[\"https:\\\/\\\/realidadturistica.com\\\/realtur\\\/medios-de-comunicacion-e-influenciadores-del-mundo-conocen-chile\\\/\"]}]},{\"@type\":\"ImageObject\",\"inLanguage\":\"es\",\"@id\":\"https:\\\/\\\/realidadturistica.com\\\/realtur\\\/medios-de-comunicacion-e-influenciadores-del-mundo-conocen-chile\\\/#primaryimage\",\"url\":\"https:\\\/\\\/realidadturistica.com\\\/realtur\\\/wp-content\\\/uploads\\\/2023\\\/07\\\/Captura-de-pantalla-2023-07-29-a-las-8.29.07-a.m.jpg\",\"contentUrl\":\"https:\\\/\\\/realidadturistica.com\\\/realtur\\\/wp-content\\\/uploads\\\/2023\\\/07\\\/Captura-de-pantalla-2023-07-29-a-las-8.29.07-a.m.jpg\",\"width\":1996,\"height\":990},{\"@type\":\"BreadcrumbList\",\"@id\":\"https:\\\/\\\/realidadturistica.com\\\/realtur\\\/medios-de-comunicacion-e-influenciadores-del-mundo-conocen-chile\\\/#breadcrumb\",\"itemListElement\":[{\"@type\":\"ListItem\",\"position\":1,\"name\":\"Portada\",\"item\":\"https:\\\/\\\/realidadturistica.com\\\/realtur\\\/\"},{\"@type\":\"ListItem\",\"position\":2,\"name\":\"Medios de comunicaci\u00f3n e influenciadores del mundo conocen Chile\"}]},{\"@type\":\"WebSite\",\"@id\":\"https:\\\/\\\/realidadturistica.com\\\/realtur\\\/#website\",\"url\":\"https:\\\/\\\/realidadturistica.com\\\/realtur\\\/\",\"name\":\"Realidad Tur\u00edstica\",\"description\":\"\",\"publisher\":{\"@id\":\"https:\\\/\\\/realidadturistica.com\\\/realtur\\\/#organization\"},\"potentialAction\":[{\"@type\":\"SearchAction\",\"target\":{\"@type\":\"EntryPoint\",\"urlTemplate\":\"https:\\\/\\\/realidadturistica.com\\\/realtur\\\/?s={search_term_string}\"},\"query-input\":{\"@type\":\"PropertyValueSpecification\",\"valueRequired\":true,\"valueName\":\"search_term_string\"}}],\"inLanguage\":\"es\"},{\"@type\":\"Organization\",\"@id\":\"https:\\\/\\\/realidadturistica.com\\\/realtur\\\/#organization\",\"name\":\"Realidad Tur\u00edstica\",\"url\":\"https:\\\/\\\/realidadturistica.com\\\/realtur\\\/\",\"logo\":{\"@type\":\"ImageObject\",\"inLanguage\":\"es\",\"@id\":\"https:\\\/\\\/realidadturistica.com\\\/realtur\\\/#\\\/schema\\\/logo\\\/image\\\/\",\"url\":\"https:\\\/\\\/realidadturistica.com\\\/realtur\\\/wp-content\\\/uploads\\\/2021\\\/12\\\/logotipo-realidad-turistica.png\",\"contentUrl\":\"https:\\\/\\\/realidadturistica.com\\\/realtur\\\/wp-content\\\/uploads\\\/2021\\\/12\\\/logotipo-realidad-turistica.png\",\"width\":1382,\"height\":629,\"caption\":\"Realidad Tur\u00edstica\"},\"image\":{\"@id\":\"https:\\\/\\\/realidadturistica.com\\\/realtur\\\/#\\\/schema\\\/logo\\\/image\\\/\"},\"sameAs\":[\"https:\\\/\\\/www.facebook.com\\\/realidadturistica\",\"https:\\\/\\\/www.instagram.com\\\/realidad_turistica\\\/\"]},{\"@type\":\"Person\",\"@id\":\"https:\\\/\\\/realidadturistica.com\\\/realtur\\\/#\\\/schema\\\/person\\\/ade671191202490fcf08ab21590de73e\",\"name\":\"Editor\",\"image\":{\"@type\":\"ImageObject\",\"inLanguage\":\"es\",\"@id\":\"https:\\\/\\\/realidadturistica.com\\\/realtur\\\/wp-content\\\/uploads\\\/2023\\\/09\\\/Editor_avatar_1693668634-96x96.png\",\"url\":\"https:\\\/\\\/realidadturistica.com\\\/realtur\\\/wp-content\\\/uploads\\\/2023\\\/09\\\/Editor_avatar_1693668634-96x96.png\",\"contentUrl\":\"https:\\\/\\\/realidadturistica.com\\\/realtur\\\/wp-content\\\/uploads\\\/2023\\\/09\\\/Editor_avatar_1693668634-96x96.png\",\"caption\":\"Editor\"},\"sameAs\":[\"https:\\\/\\\/realidadturistica.com\\\/realtur\"],\"url\":\"https:\\\/\\\/realidadturistica.com\\\/realtur\\\/author\\\/editor2\\\/\"}]}<\/script>\n<!-- \/ Yoast SEO Premium plugin. -->","yoast_head_json":{"title":"Medios de comunicaci\u00f3n e influenciadores del mundo conocen Chile - Realidad Tur\u00edstica","robots":{"index":"index","follow":"follow","max-snippet":"max-snippet:-1","max-image-preview":"max-image-preview:large","max-video-preview":"max-video-preview:-1"},"canonical":"https:\/\/realidadturistica.com\/realtur\/medios-de-comunicacion-e-influenciadores-del-mundo-conocen-chile\/","og_locale":"es_ES","og_type":"article","og_title":"Medios de comunicaci\u00f3n e influenciadores del mundo conocen Chile","og_description":"Chile. Periodistas e influenciadores nacionales e internacionales conocieron las bondades de Chile, gracias a una iniciativa que organiz\u00f3 Sernatur \u2014a trav\u00e9s de las marcas Chile&hellip;","og_url":"https:\/\/realidadturistica.com\/realtur\/medios-de-comunicacion-e-influenciadores-del-mundo-conocen-chile\/","og_site_name":"Realidad Tur\u00edstica","article_publisher":"https:\/\/www.facebook.com\/realidadturistica","article_published_time":"2023-07-29T12:39:48+00:00","og_image":[{"width":1996,"height":990,"url":"https:\/\/realidadturistica.com\/realtur\/wp-content\/uploads\/2023\/07\/Captura-de-pantalla-2023-07-29-a-las-8.29.07-a.m.jpg","type":"image\/jpeg"}],"author":"Editor","twitter_card":"summary_large_image","twitter_misc":{"Escrito por":"Editor","Tiempo de lectura":"5 minutos"},"schema":{"@context":"https:\/\/schema.org","@graph":[{"@type":"Article","@id":"https:\/\/realidadturistica.com\/realtur\/medios-de-comunicacion-e-influenciadores-del-mundo-conocen-chile\/#article","isPartOf":{"@id":"https:\/\/realidadturistica.com\/realtur\/medios-de-comunicacion-e-influenciadores-del-mundo-conocen-chile\/"},"author":{"name":"Editor","@id":"https:\/\/realidadturistica.com\/realtur\/#\/schema\/person\/ade671191202490fcf08ab21590de73e"},"headline":"Medios de comunicaci\u00f3n e influenciadores del mundo conocen Chile","datePublished":"2023-07-29T12:39:48+00:00","mainEntityOfPage":{"@id":"https:\/\/realidadturistica.com\/realtur\/medios-de-comunicacion-e-influenciadores-del-mundo-conocen-chile\/"},"wordCount":979,"commentCount":0,"publisher":{"@id":"https:\/\/realidadturistica.com\/realtur\/#organization"},"image":{"@id":"https:\/\/realidadturistica.com\/realtur\/medios-de-comunicacion-e-influenciadores-del-mundo-conocen-chile\/#primaryimage"},"thumbnailUrl":"https:\/\/realidadturistica.com\/realtur\/wp-content\/uploads\/2023\/07\/Captura-de-pantalla-2023-07-29-a-las-8.29.07-a.m.jpg","articleSection":["Turismo"],"inLanguage":"es","potentialAction":[{"@type":"CommentAction","name":"Comment","target":["https:\/\/realidadturistica.com\/realtur\/medios-de-comunicacion-e-influenciadores-del-mundo-conocen-chile\/#respond"]}]},{"@type":"WebPage","@id":"https:\/\/realidadturistica.com\/realtur\/medios-de-comunicacion-e-influenciadores-del-mundo-conocen-chile\/","url":"https:\/\/realidadturistica.com\/realtur\/medios-de-comunicacion-e-influenciadores-del-mundo-conocen-chile\/","name":"Medios de comunicaci\u00f3n e influenciadores del mundo conocen Chile - Realidad Tur\u00edstica","isPartOf":{"@id":"https:\/\/realidadturistica.com\/realtur\/#website"},"primaryImageOfPage":{"@id":"https:\/\/realidadturistica.com\/realtur\/medios-de-comunicacion-e-influenciadores-del-mundo-conocen-chile\/#primaryimage"},"image":{"@id":"https:\/\/realidadturistica.com\/realtur\/medios-de-comunicacion-e-influenciadores-del-mundo-conocen-chile\/#primaryimage"},"thumbnailUrl":"https:\/\/realidadturistica.com\/realtur\/wp-content\/uploads\/2023\/07\/Captura-de-pantalla-2023-07-29-a-las-8.29.07-a.m.jpg","datePublished":"2023-07-29T12:39:48+00:00","breadcrumb":{"@id":"https:\/\/realidadturistica.com\/realtur\/medios-de-comunicacion-e-influenciadores-del-mundo-conocen-chile\/#breadcrumb"},"inLanguage":"es","potentialAction":[{"@type":"ReadAction","target":["https:\/\/realidadturistica.com\/realtur\/medios-de-comunicacion-e-influenciadores-del-mundo-conocen-chile\/"]}]},{"@type":"ImageObject","inLanguage":"es","@id":"https:\/\/realidadturistica.com\/realtur\/medios-de-comunicacion-e-influenciadores-del-mundo-conocen-chile\/#primaryimage","url":"https:\/\/realidadturistica.com\/realtur\/wp-content\/uploads\/2023\/07\/Captura-de-pantalla-2023-07-29-a-las-8.29.07-a.m.jpg","contentUrl":"https:\/\/realidadturistica.com\/realtur\/wp-content\/uploads\/2023\/07\/Captura-de-pantalla-2023-07-29-a-las-8.29.07-a.m.jpg","width":1996,"height":990},{"@type":"BreadcrumbList","@id":"https:\/\/realidadturistica.com\/realtur\/medios-de-comunicacion-e-influenciadores-del-mundo-conocen-chile\/#breadcrumb","itemListElement":[{"@type":"ListItem","position":1,"name":"Portada","item":"https:\/\/realidadturistica.com\/realtur\/"},{"@type":"ListItem","position":2,"name":"Medios de comunicaci\u00f3n e influenciadores del mundo conocen Chile"}]},{"@type":"WebSite","@id":"https:\/\/realidadturistica.com\/realtur\/#website","url":"https:\/\/realidadturistica.com\/realtur\/","name":"Realidad Tur\u00edstica","description":"","publisher":{"@id":"https:\/\/realidadturistica.com\/realtur\/#organization"},"potentialAction":[{"@type":"SearchAction","target":{"@type":"EntryPoint","urlTemplate":"https:\/\/realidadturistica.com\/realtur\/?s={search_term_string}"},"query-input":{"@type":"PropertyValueSpecification","valueRequired":true,"valueName":"search_term_string"}}],"inLanguage":"es"},{"@type":"Organization","@id":"https:\/\/realidadturistica.com\/realtur\/#organization","name":"Realidad Tur\u00edstica","url":"https:\/\/realidadturistica.com\/realtur\/","logo":{"@type":"ImageObject","inLanguage":"es","@id":"https:\/\/realidadturistica.com\/realtur\/#\/schema\/logo\/image\/","url":"https:\/\/realidadturistica.com\/realtur\/wp-content\/uploads\/2021\/12\/logotipo-realidad-turistica.png","contentUrl":"https:\/\/realidadturistica.com\/realtur\/wp-content\/uploads\/2021\/12\/logotipo-realidad-turistica.png","width":1382,"height":629,"caption":"Realidad Tur\u00edstica"},"image":{"@id":"https:\/\/realidadturistica.com\/realtur\/#\/schema\/logo\/image\/"},"sameAs":["https:\/\/www.facebook.com\/realidadturistica","https:\/\/www.instagram.com\/realidad_turistica\/"]},{"@type":"Person","@id":"https:\/\/realidadturistica.com\/realtur\/#\/schema\/person\/ade671191202490fcf08ab21590de73e","name":"Editor","image":{"@type":"ImageObject","inLanguage":"es","@id":"https:\/\/realidadturistica.com\/realtur\/wp-content\/uploads\/2023\/09\/Editor_avatar_1693668634-96x96.png","url":"https:\/\/realidadturistica.com\/realtur\/wp-content\/uploads\/2023\/09\/Editor_avatar_1693668634-96x96.png","contentUrl":"https:\/\/realidadturistica.com\/realtur\/wp-content\/uploads\/2023\/09\/Editor_avatar_1693668634-96x96.png","caption":"Editor"},"sameAs":["https:\/\/realidadturistica.com\/realtur"],"url":"https:\/\/realidadturistica.com\/realtur\/author\/editor2\/"}]}},"_links":{"self":[{"href":"https:\/\/realidadturistica.com\/realtur\/wp-json\/wp\/v2\/posts\/4756","targetHints":{"allow":["GET"]}}],"collection":[{"href":"https:\/\/realidadturistica.com\/realtur\/wp-json\/wp\/v2\/posts"}],"about":[{"href":"https:\/\/realidadturistica.com\/realtur\/wp-json\/wp\/v2\/types\/post"}],"author":[{"embeddable":true,"href":"https:\/\/realidadturistica.com\/realtur\/wp-json\/wp\/v2\/users\/2"}],"replies":[{"embeddable":true,"href":"https:\/\/realidadturistica.com\/realtur\/wp-json\/wp\/v2\/comments?post=4756"}],"version-history":[{"count":0,"href":"https:\/\/realidadturistica.com\/realtur\/wp-json\/wp\/v2\/posts\/4756\/revisions"}],"wp:featuredmedia":[{"embeddable":true,"href":"https:\/\/realidadturistica.com\/realtur\/wp-json\/wp\/v2\/media\/4757"}],"wp:attachment":[{"href":"https:\/\/realidadturistica.com\/realtur\/wp-json\/wp\/v2\/media?parent=4756"}],"wp:term":[{"taxonomy":"category","embeddable":true,"href":"https:\/\/realidadturistica.com\/realtur\/wp-json\/wp\/v2\/categories?post=4756"},{"taxonomy":"post_tag","embeddable":true,"href":"https:\/\/realidadturistica.com\/realtur\/wp-json\/wp\/v2\/tags?post=4756"}],"curies":[{"name":"wp","href":"https:\/\/api.w.org\/{rel}","templated":true}]}}