{"id":4780,"date":"2023-08-04T12:53:01","date_gmt":"2023-08-04T12:53:01","guid":{"rendered":"https:\/\/realidadturistica.com\/realtur\/?p=4780"},"modified":"2023-08-04T12:53:01","modified_gmt":"2023-08-04T12:53:01","slug":"hyatt-contrapone-el-alza-de-dominicana-con-la-bajada-de-cancun","status":"publish","type":"post","link":"https:\/\/realidadturistica.com\/realtur\/hyatt-contrapone-el-alza-de-dominicana-con-la-bajada-de-cancun\/","title":{"rendered":"Hyatt contrapone el alza de Dominicana con la bajada de Canc\u00fan"},"content":{"rendered":"\n<p>En la presentaci\u00f3n de resultados del segundo trimestre del a\u00f1o, Hyatt ha planteado que la llegada del mercado estadounidense ha aumentado 16% en Rep\u00fablica Dominicana, mientras que en Canc\u00fan ha ido disminuyendo a\u00f1o tras a\u00f1o.<\/p>\n\n\n\n<p>\u201cLas visitas de Estados Unidos a Canc\u00fan y la Riviera Maya est\u00e1n disminuyendo. En realidad, son negativos a\u00f1o tras a\u00f1o. Eso se ha recogido de otras tres maneras. Hemos visto un aumento del 16% en las visitas a la Rep\u00fablica Dominicana y un aumento del 11% a Jamaica, explic\u00f3 el CEO de Hyatt, Mark Hoplamazian.<\/p>\n\n\n\n<p>Hoplamazian tambi\u00e9n ha se\u00f1alado que tambi\u00e9n esperan una mejora en el mercado de Canc\u00fan, gracias a la disminuci\u00f3n de las tarifas a\u00e9reas, lo que le permite a los hoteles ofrecer mejores precios. Resalt\u00f3 los m\u00e1rgenes de ganancias que les deja el negocio de Apple Leisure Group sigue siendo \u201cestratosf\u00e9rico\u201d y prev\u00e9n que para final de a\u00f1o obtengan ganancias promedio de 18%.<\/p>\n\n\n\n<p>As\u00ed mismo, advirti\u00f3 que las ganancias se pueden ver afectadas por los gastos de integraci\u00f3n de negocios como la plataforma de viajes Mr. &amp; Mrs. Smith por US$72 millones en el segundo trimestre, la cual le sumar\u00e1 a su plataforma de lealtad World of Hyatt, m\u00e1s de 1.500 propiedades boutique y de lujo en 20 pa\u00edses.<\/p>\n\n\n\n<p>La hotelera ha decidido mantener estables las expectativas de su operaci\u00f3n por cuanto considera que los factores como el tipo de cambio, la debilidad del peso mexicano afecta las ganancias de los resorts en el pa\u00eds azteca. \u201cEsa es un \u00e1rea que nos impacta en relaci\u00f3n con las expectativas que nos pone en l\u00ednea con lo que hemos dicho anteriormente\u201d, dijo la directora financiera, Joan Bottarini.<\/p>\n\n\n\n<p>Como lo inform\u00f3 <em>REPORTUR.us<\/em>, Javier Coll, Group President, Global Business Development &amp; Innovation de Inclusive Collection \u2013part of World of Hyatt\u2013, destac\u00f3 en entrevista con <em>REPORTUR<\/em> que en el Caribe mexicano \u00aba\u00fan quedan destinos que no est\u00e1n en el radar de los viajeros\u00bb, mientras considera que las grandes amenazas para el turismo de Quintana Roo se ubican en la competencia de otros destinos regionales y tambi\u00e9n de los de la larga distancia.<\/p>\n\n\n\n<p>Fuente: Reportur.mx<\/p>\n","protected":false},"excerpt":{"rendered":"<p>En la presentaci\u00f3n de resultados del segundo trimestre del a\u00f1o, Hyatt ha planteado que la llegada del mercado estadounidense ha aumentado 16% en Rep\u00fablica Dominicana,&hellip;<\/p>\n","protected":false},"author":2,"featured_media":4781,"comment_status":"open","ping_status":"closed","sticky":false,"template":"","format":"standard","meta":{"content-type":"","_lmt_disableupdate":"","_lmt_disable":"","footnotes":""},"categories":[6],"tags":[],"class_list":["post-4780","post","type-post","status-publish","format-standard","has-post-thumbnail","hentry","category-turismo"],"yoast_head":"<!-- This site is optimized with the Yoast SEO Premium plugin v27.4 (Yoast SEO v27.4) - https:\/\/yoast.com\/product\/yoast-seo-premium-wordpress\/ -->\n<title>Hyatt contrapone el alza de Dominicana con la bajada de Canc\u00fan - Realidad Tur\u00edstica<\/title>\n<meta name=\"robots\" content=\"index, follow, max-snippet:-1, max-image-preview:large, max-video-preview:-1\" \/>\n<link rel=\"canonical\" href=\"https:\/\/realidadturistica.com\/realtur\/hyatt-contrapone-el-alza-de-dominicana-con-la-bajada-de-cancun\/\" \/>\n<meta property=\"og:locale\" content=\"es_ES\" \/>\n<meta property=\"og:type\" content=\"article\" \/>\n<meta property=\"og:title\" content=\"Hyatt contrapone el alza de Dominicana con la bajada de Canc\u00fan\" \/>\n<meta property=\"og:description\" content=\"En la presentaci\u00f3n de resultados del segundo trimestre del a\u00f1o, Hyatt ha planteado que la llegada del mercado estadounidense ha aumentado 16% en Rep\u00fablica Dominicana,&hellip;\" \/>\n<meta property=\"og:url\" content=\"https:\/\/realidadturistica.com\/realtur\/hyatt-contrapone-el-alza-de-dominicana-con-la-bajada-de-cancun\/\" \/>\n<meta property=\"og:site_name\" content=\"Realidad Tur\u00edstica\" \/>\n<meta property=\"article:publisher\" content=\"https:\/\/www.facebook.com\/realidadturistica\" \/>\n<meta property=\"article:published_time\" content=\"2023-08-04T12:53:01+00:00\" \/>\n<meta property=\"og:image\" content=\"https:\/\/realidadturistica.com\/realtur\/wp-content\/uploads\/2023\/08\/Hyatt-Zilara-Rose-Hall-10-scaled-e1652139403353.jpg\" \/>\n\t<meta property=\"og:image:width\" content=\"640\" \/>\n\t<meta property=\"og:image:height\" content=\"360\" \/>\n\t<meta property=\"og:image:type\" content=\"image\/jpeg\" \/>\n<meta name=\"author\" content=\"Editor\" \/>\n<meta name=\"twitter:card\" content=\"summary_large_image\" \/>\n<meta name=\"twitter:label1\" content=\"Escrito por\" \/>\n\t<meta name=\"twitter:data1\" content=\"Editor\" \/>\n\t<meta name=\"twitter:label2\" content=\"Tiempo de lectura\" \/>\n\t<meta name=\"twitter:data2\" content=\"2 minutos\" \/>\n<script type=\"application\/ld+json\" class=\"yoast-schema-graph\">{\"@context\":\"https:\\\/\\\/schema.org\",\"@graph\":[{\"@type\":\"Article\",\"@id\":\"https:\\\/\\\/realidadturistica.com\\\/realtur\\\/hyatt-contrapone-el-alza-de-dominicana-con-la-bajada-de-cancun\\\/#article\",\"isPartOf\":{\"@id\":\"https:\\\/\\\/realidadturistica.com\\\/realtur\\\/hyatt-contrapone-el-alza-de-dominicana-con-la-bajada-de-cancun\\\/\"},\"author\":{\"name\":\"Editor\",\"@id\":\"https:\\\/\\\/realidadturistica.com\\\/realtur\\\/#\\\/schema\\\/person\\\/ade671191202490fcf08ab21590de73e\"},\"headline\":\"Hyatt contrapone el alza de Dominicana con la bajada de Canc\u00fan\",\"datePublished\":\"2023-08-04T12:53:01+00:00\",\"mainEntityOfPage\":{\"@id\":\"https:\\\/\\\/realidadturistica.com\\\/realtur\\\/hyatt-contrapone-el-alza-de-dominicana-con-la-bajada-de-cancun\\\/\"},\"wordCount\":386,\"commentCount\":0,\"publisher\":{\"@id\":\"https:\\\/\\\/realidadturistica.com\\\/realtur\\\/#organization\"},\"image\":{\"@id\":\"https:\\\/\\\/realidadturistica.com\\\/realtur\\\/hyatt-contrapone-el-alza-de-dominicana-con-la-bajada-de-cancun\\\/#primaryimage\"},\"thumbnailUrl\":\"https:\\\/\\\/realidadturistica.com\\\/realtur\\\/wp-content\\\/uploads\\\/2023\\\/08\\\/Hyatt-Zilara-Rose-Hall-10-scaled-e1652139403353.jpg\",\"articleSection\":[\"Turismo\"],\"inLanguage\":\"es\",\"potentialAction\":[{\"@type\":\"CommentAction\",\"name\":\"Comment\",\"target\":[\"https:\\\/\\\/realidadturistica.com\\\/realtur\\\/hyatt-contrapone-el-alza-de-dominicana-con-la-bajada-de-cancun\\\/#respond\"]}]},{\"@type\":\"WebPage\",\"@id\":\"https:\\\/\\\/realidadturistica.com\\\/realtur\\\/hyatt-contrapone-el-alza-de-dominicana-con-la-bajada-de-cancun\\\/\",\"url\":\"https:\\\/\\\/realidadturistica.com\\\/realtur\\\/hyatt-contrapone-el-alza-de-dominicana-con-la-bajada-de-cancun\\\/\",\"name\":\"Hyatt contrapone el alza de Dominicana con la bajada de Canc\u00fan - Realidad Tur\u00edstica\",\"isPartOf\":{\"@id\":\"https:\\\/\\\/realidadturistica.com\\\/realtur\\\/#website\"},\"primaryImageOfPage\":{\"@id\":\"https:\\\/\\\/realidadturistica.com\\\/realtur\\\/hyatt-contrapone-el-alza-de-dominicana-con-la-bajada-de-cancun\\\/#primaryimage\"},\"image\":{\"@id\":\"https:\\\/\\\/realidadturistica.com\\\/realtur\\\/hyatt-contrapone-el-alza-de-dominicana-con-la-bajada-de-cancun\\\/#primaryimage\"},\"thumbnailUrl\":\"https:\\\/\\\/realidadturistica.com\\\/realtur\\\/wp-content\\\/uploads\\\/2023\\\/08\\\/Hyatt-Zilara-Rose-Hall-10-scaled-e1652139403353.jpg\",\"datePublished\":\"2023-08-04T12:53:01+00:00\",\"breadcrumb\":{\"@id\":\"https:\\\/\\\/realidadturistica.com\\\/realtur\\\/hyatt-contrapone-el-alza-de-dominicana-con-la-bajada-de-cancun\\\/#breadcrumb\"},\"inLanguage\":\"es\",\"potentialAction\":[{\"@type\":\"ReadAction\",\"target\":[\"https:\\\/\\\/realidadturistica.com\\\/realtur\\\/hyatt-contrapone-el-alza-de-dominicana-con-la-bajada-de-cancun\\\/\"]}]},{\"@type\":\"ImageObject\",\"inLanguage\":\"es\",\"@id\":\"https:\\\/\\\/realidadturistica.com\\\/realtur\\\/hyatt-contrapone-el-alza-de-dominicana-con-la-bajada-de-cancun\\\/#primaryimage\",\"url\":\"https:\\\/\\\/realidadturistica.com\\\/realtur\\\/wp-content\\\/uploads\\\/2023\\\/08\\\/Hyatt-Zilara-Rose-Hall-10-scaled-e1652139403353.jpg\",\"contentUrl\":\"https:\\\/\\\/realidadturistica.com\\\/realtur\\\/wp-content\\\/uploads\\\/2023\\\/08\\\/Hyatt-Zilara-Rose-Hall-10-scaled-e1652139403353.jpg\",\"width\":640,\"height\":360,\"caption\":\"MBJIF-Playa-Resorts-060815\"},{\"@type\":\"BreadcrumbList\",\"@id\":\"https:\\\/\\\/realidadturistica.com\\\/realtur\\\/hyatt-contrapone-el-alza-de-dominicana-con-la-bajada-de-cancun\\\/#breadcrumb\",\"itemListElement\":[{\"@type\":\"ListItem\",\"position\":1,\"name\":\"Portada\",\"item\":\"https:\\\/\\\/realidadturistica.com\\\/realtur\\\/\"},{\"@type\":\"ListItem\",\"position\":2,\"name\":\"Hyatt contrapone el alza de Dominicana con la bajada de Canc\u00fan\"}]},{\"@type\":\"WebSite\",\"@id\":\"https:\\\/\\\/realidadturistica.com\\\/realtur\\\/#website\",\"url\":\"https:\\\/\\\/realidadturistica.com\\\/realtur\\\/\",\"name\":\"Realidad Tur\u00edstica\",\"description\":\"\",\"publisher\":{\"@id\":\"https:\\\/\\\/realidadturistica.com\\\/realtur\\\/#organization\"},\"potentialAction\":[{\"@type\":\"SearchAction\",\"target\":{\"@type\":\"EntryPoint\",\"urlTemplate\":\"https:\\\/\\\/realidadturistica.com\\\/realtur\\\/?s={search_term_string}\"},\"query-input\":{\"@type\":\"PropertyValueSpecification\",\"valueRequired\":true,\"valueName\":\"search_term_string\"}}],\"inLanguage\":\"es\"},{\"@type\":\"Organization\",\"@id\":\"https:\\\/\\\/realidadturistica.com\\\/realtur\\\/#organization\",\"name\":\"Realidad Tur\u00edstica\",\"url\":\"https:\\\/\\\/realidadturistica.com\\\/realtur\\\/\",\"logo\":{\"@type\":\"ImageObject\",\"inLanguage\":\"es\",\"@id\":\"https:\\\/\\\/realidadturistica.com\\\/realtur\\\/#\\\/schema\\\/logo\\\/image\\\/\",\"url\":\"https:\\\/\\\/realidadturistica.com\\\/realtur\\\/wp-content\\\/uploads\\\/2021\\\/12\\\/logotipo-realidad-turistica.png\",\"contentUrl\":\"https:\\\/\\\/realidadturistica.com\\\/realtur\\\/wp-content\\\/uploads\\\/2021\\\/12\\\/logotipo-realidad-turistica.png\",\"width\":1382,\"height\":629,\"caption\":\"Realidad Tur\u00edstica\"},\"image\":{\"@id\":\"https:\\\/\\\/realidadturistica.com\\\/realtur\\\/#\\\/schema\\\/logo\\\/image\\\/\"},\"sameAs\":[\"https:\\\/\\\/www.facebook.com\\\/realidadturistica\",\"https:\\\/\\\/www.instagram.com\\\/realidad_turistica\\\/\"]},{\"@type\":\"Person\",\"@id\":\"https:\\\/\\\/realidadturistica.com\\\/realtur\\\/#\\\/schema\\\/person\\\/ade671191202490fcf08ab21590de73e\",\"name\":\"Editor\",\"image\":{\"@type\":\"ImageObject\",\"inLanguage\":\"es\",\"@id\":\"https:\\\/\\\/realidadturistica.com\\\/realtur\\\/wp-content\\\/uploads\\\/2023\\\/09\\\/Editor_avatar_1693668634-96x96.png\",\"url\":\"https:\\\/\\\/realidadturistica.com\\\/realtur\\\/wp-content\\\/uploads\\\/2023\\\/09\\\/Editor_avatar_1693668634-96x96.png\",\"contentUrl\":\"https:\\\/\\\/realidadturistica.com\\\/realtur\\\/wp-content\\\/uploads\\\/2023\\\/09\\\/Editor_avatar_1693668634-96x96.png\",\"caption\":\"Editor\"},\"sameAs\":[\"https:\\\/\\\/realidadturistica.com\\\/realtur\"],\"url\":\"https:\\\/\\\/realidadturistica.com\\\/realtur\\\/author\\\/editor2\\\/\"}]}<\/script>\n<!-- \/ Yoast SEO Premium plugin. -->","yoast_head_json":{"title":"Hyatt contrapone el alza de Dominicana con la bajada de Canc\u00fan - Realidad Tur\u00edstica","robots":{"index":"index","follow":"follow","max-snippet":"max-snippet:-1","max-image-preview":"max-image-preview:large","max-video-preview":"max-video-preview:-1"},"canonical":"https:\/\/realidadturistica.com\/realtur\/hyatt-contrapone-el-alza-de-dominicana-con-la-bajada-de-cancun\/","og_locale":"es_ES","og_type":"article","og_title":"Hyatt contrapone el alza de Dominicana con la bajada de Canc\u00fan","og_description":"En la presentaci\u00f3n de resultados del segundo trimestre del a\u00f1o, Hyatt ha planteado que la llegada del mercado estadounidense ha aumentado 16% en Rep\u00fablica Dominicana,&hellip;","og_url":"https:\/\/realidadturistica.com\/realtur\/hyatt-contrapone-el-alza-de-dominicana-con-la-bajada-de-cancun\/","og_site_name":"Realidad Tur\u00edstica","article_publisher":"https:\/\/www.facebook.com\/realidadturistica","article_published_time":"2023-08-04T12:53:01+00:00","og_image":[{"width":640,"height":360,"url":"https:\/\/realidadturistica.com\/realtur\/wp-content\/uploads\/2023\/08\/Hyatt-Zilara-Rose-Hall-10-scaled-e1652139403353.jpg","type":"image\/jpeg"}],"author":"Editor","twitter_card":"summary_large_image","twitter_misc":{"Escrito por":"Editor","Tiempo de lectura":"2 minutos"},"schema":{"@context":"https:\/\/schema.org","@graph":[{"@type":"Article","@id":"https:\/\/realidadturistica.com\/realtur\/hyatt-contrapone-el-alza-de-dominicana-con-la-bajada-de-cancun\/#article","isPartOf":{"@id":"https:\/\/realidadturistica.com\/realtur\/hyatt-contrapone-el-alza-de-dominicana-con-la-bajada-de-cancun\/"},"author":{"name":"Editor","@id":"https:\/\/realidadturistica.com\/realtur\/#\/schema\/person\/ade671191202490fcf08ab21590de73e"},"headline":"Hyatt contrapone el alza de Dominicana con la bajada de Canc\u00fan","datePublished":"2023-08-04T12:53:01+00:00","mainEntityOfPage":{"@id":"https:\/\/realidadturistica.com\/realtur\/hyatt-contrapone-el-alza-de-dominicana-con-la-bajada-de-cancun\/"},"wordCount":386,"commentCount":0,"publisher":{"@id":"https:\/\/realidadturistica.com\/realtur\/#organization"},"image":{"@id":"https:\/\/realidadturistica.com\/realtur\/hyatt-contrapone-el-alza-de-dominicana-con-la-bajada-de-cancun\/#primaryimage"},"thumbnailUrl":"https:\/\/realidadturistica.com\/realtur\/wp-content\/uploads\/2023\/08\/Hyatt-Zilara-Rose-Hall-10-scaled-e1652139403353.jpg","articleSection":["Turismo"],"inLanguage":"es","potentialAction":[{"@type":"CommentAction","name":"Comment","target":["https:\/\/realidadturistica.com\/realtur\/hyatt-contrapone-el-alza-de-dominicana-con-la-bajada-de-cancun\/#respond"]}]},{"@type":"WebPage","@id":"https:\/\/realidadturistica.com\/realtur\/hyatt-contrapone-el-alza-de-dominicana-con-la-bajada-de-cancun\/","url":"https:\/\/realidadturistica.com\/realtur\/hyatt-contrapone-el-alza-de-dominicana-con-la-bajada-de-cancun\/","name":"Hyatt contrapone el alza de Dominicana con la bajada de Canc\u00fan - Realidad Tur\u00edstica","isPartOf":{"@id":"https:\/\/realidadturistica.com\/realtur\/#website"},"primaryImageOfPage":{"@id":"https:\/\/realidadturistica.com\/realtur\/hyatt-contrapone-el-alza-de-dominicana-con-la-bajada-de-cancun\/#primaryimage"},"image":{"@id":"https:\/\/realidadturistica.com\/realtur\/hyatt-contrapone-el-alza-de-dominicana-con-la-bajada-de-cancun\/#primaryimage"},"thumbnailUrl":"https:\/\/realidadturistica.com\/realtur\/wp-content\/uploads\/2023\/08\/Hyatt-Zilara-Rose-Hall-10-scaled-e1652139403353.jpg","datePublished":"2023-08-04T12:53:01+00:00","breadcrumb":{"@id":"https:\/\/realidadturistica.com\/realtur\/hyatt-contrapone-el-alza-de-dominicana-con-la-bajada-de-cancun\/#breadcrumb"},"inLanguage":"es","potentialAction":[{"@type":"ReadAction","target":["https:\/\/realidadturistica.com\/realtur\/hyatt-contrapone-el-alza-de-dominicana-con-la-bajada-de-cancun\/"]}]},{"@type":"ImageObject","inLanguage":"es","@id":"https:\/\/realidadturistica.com\/realtur\/hyatt-contrapone-el-alza-de-dominicana-con-la-bajada-de-cancun\/#primaryimage","url":"https:\/\/realidadturistica.com\/realtur\/wp-content\/uploads\/2023\/08\/Hyatt-Zilara-Rose-Hall-10-scaled-e1652139403353.jpg","contentUrl":"https:\/\/realidadturistica.com\/realtur\/wp-content\/uploads\/2023\/08\/Hyatt-Zilara-Rose-Hall-10-scaled-e1652139403353.jpg","width":640,"height":360,"caption":"MBJIF-Playa-Resorts-060815"},{"@type":"BreadcrumbList","@id":"https:\/\/realidadturistica.com\/realtur\/hyatt-contrapone-el-alza-de-dominicana-con-la-bajada-de-cancun\/#breadcrumb","itemListElement":[{"@type":"ListItem","position":1,"name":"Portada","item":"https:\/\/realidadturistica.com\/realtur\/"},{"@type":"ListItem","position":2,"name":"Hyatt contrapone el alza de Dominicana con la bajada de Canc\u00fan"}]},{"@type":"WebSite","@id":"https:\/\/realidadturistica.com\/realtur\/#website","url":"https:\/\/realidadturistica.com\/realtur\/","name":"Realidad Tur\u00edstica","description":"","publisher":{"@id":"https:\/\/realidadturistica.com\/realtur\/#organization"},"potentialAction":[{"@type":"SearchAction","target":{"@type":"EntryPoint","urlTemplate":"https:\/\/realidadturistica.com\/realtur\/?s={search_term_string}"},"query-input":{"@type":"PropertyValueSpecification","valueRequired":true,"valueName":"search_term_string"}}],"inLanguage":"es"},{"@type":"Organization","@id":"https:\/\/realidadturistica.com\/realtur\/#organization","name":"Realidad Tur\u00edstica","url":"https:\/\/realidadturistica.com\/realtur\/","logo":{"@type":"ImageObject","inLanguage":"es","@id":"https:\/\/realidadturistica.com\/realtur\/#\/schema\/logo\/image\/","url":"https:\/\/realidadturistica.com\/realtur\/wp-content\/uploads\/2021\/12\/logotipo-realidad-turistica.png","contentUrl":"https:\/\/realidadturistica.com\/realtur\/wp-content\/uploads\/2021\/12\/logotipo-realidad-turistica.png","width":1382,"height":629,"caption":"Realidad Tur\u00edstica"},"image":{"@id":"https:\/\/realidadturistica.com\/realtur\/#\/schema\/logo\/image\/"},"sameAs":["https:\/\/www.facebook.com\/realidadturistica","https:\/\/www.instagram.com\/realidad_turistica\/"]},{"@type":"Person","@id":"https:\/\/realidadturistica.com\/realtur\/#\/schema\/person\/ade671191202490fcf08ab21590de73e","name":"Editor","image":{"@type":"ImageObject","inLanguage":"es","@id":"https:\/\/realidadturistica.com\/realtur\/wp-content\/uploads\/2023\/09\/Editor_avatar_1693668634-96x96.png","url":"https:\/\/realidadturistica.com\/realtur\/wp-content\/uploads\/2023\/09\/Editor_avatar_1693668634-96x96.png","contentUrl":"https:\/\/realidadturistica.com\/realtur\/wp-content\/uploads\/2023\/09\/Editor_avatar_1693668634-96x96.png","caption":"Editor"},"sameAs":["https:\/\/realidadturistica.com\/realtur"],"url":"https:\/\/realidadturistica.com\/realtur\/author\/editor2\/"}]}},"_links":{"self":[{"href":"https:\/\/realidadturistica.com\/realtur\/wp-json\/wp\/v2\/posts\/4780","targetHints":{"allow":["GET"]}}],"collection":[{"href":"https:\/\/realidadturistica.com\/realtur\/wp-json\/wp\/v2\/posts"}],"about":[{"href":"https:\/\/realidadturistica.com\/realtur\/wp-json\/wp\/v2\/types\/post"}],"author":[{"embeddable":true,"href":"https:\/\/realidadturistica.com\/realtur\/wp-json\/wp\/v2\/users\/2"}],"replies":[{"embeddable":true,"href":"https:\/\/realidadturistica.com\/realtur\/wp-json\/wp\/v2\/comments?post=4780"}],"version-history":[{"count":0,"href":"https:\/\/realidadturistica.com\/realtur\/wp-json\/wp\/v2\/posts\/4780\/revisions"}],"wp:featuredmedia":[{"embeddable":true,"href":"https:\/\/realidadturistica.com\/realtur\/wp-json\/wp\/v2\/media\/4781"}],"wp:attachment":[{"href":"https:\/\/realidadturistica.com\/realtur\/wp-json\/wp\/v2\/media?parent=4780"}],"wp:term":[{"taxonomy":"category","embeddable":true,"href":"https:\/\/realidadturistica.com\/realtur\/wp-json\/wp\/v2\/categories?post=4780"},{"taxonomy":"post_tag","embeddable":true,"href":"https:\/\/realidadturistica.com\/realtur\/wp-json\/wp\/v2\/tags?post=4780"}],"curies":[{"name":"wp","href":"https:\/\/api.w.org\/{rel}","templated":true}]}}