{"id":4802,"date":"2023-08-05T12:47:34","date_gmt":"2023-08-05T12:47:34","guid":{"rendered":"https:\/\/realidadturistica.com\/realtur\/?p=4802"},"modified":"2023-08-05T12:47:34","modified_gmt":"2023-08-05T12:47:34","slug":"exito-de-las-negociaciones-en-air-europa-se-alcanza-un-acuerdo-con-los-pilotos","status":"publish","type":"post","link":"https:\/\/realidadturistica.com\/realtur\/exito-de-las-negociaciones-en-air-europa-se-alcanza-un-acuerdo-con-los-pilotos\/","title":{"rendered":"\u00c9xito de las negociaciones en Air Europa: se alcanza un acuerdo con los pilotos"},"content":{"rendered":"\n<p>Despu\u00e9s de haber firmado el convenio colectivo para los tripulantes de cabina y tras un \u201clargo y complejo proceso de negociaci\u00f3n\u201d, la aerol\u00ednea ha firmado el convenio con SEPLA<\/p>\n\n\n\n<p>Air Europa ha alcanzado la paz laboral entre empleados y la propia compa\u00f1\u00eda. Despu\u00e9s de haber firmado el convenio colectivo para los tripulantes de cabina (TCP) y tras un \u201clargo y complejo proceso de negociaci\u00f3n\u201d con los pilotos, la empresa tambi\u00e9n ha conseguido un acuerdo con el Sindicato Espa\u00f1ol de Pilotos de L\u00edneas A\u00e9reas (SEPLA).<\/p>\n\n\n\n<p>No obstante, el acuerdo se ha aprobado de una forma muy ajustada, ya que han votado a favor el 51,76% de los pilotos de Air Europa. De esta forma, las nuevas condiciones acordadas estar\u00e1n vigentes desde este a\u00f1o hasta el 31 de diciembre de 2025.<\/p>\n\n\n\n<p>&nbsp;&nbsp;&nbsp; El quinto convenio de los pilotos en #AirEuropa es ratificado por el 51,76 por ciento del colectivo.<\/p>\n\n\n\n<p>&nbsp;&nbsp;&nbsp; Los pilotos han votado a favor en un refer\u00e9ndum vinculante.<\/p>\n\n\n\n<p>&nbsp;&nbsp;&nbsp; El V convenio colectivo estar\u00e1 vigente hasta el 31 de diciembre de 2025.<\/p>\n\n\n\n<p>&nbsp;&nbsp;&nbsp; Toda la info https:\/\/t.co\/VeqwrPaJ9N<\/p>\n\n\n\n<p>&nbsp;&nbsp;&nbsp; \u2014 Sepla (@sepla_pilotos) August 4, 2023<\/p>\n\n\n\n<p>Asimismo, desde el sindicato han tratado de explicar la motivaci\u00f3n del 46,79% de los pilotos que ha votado en contra del acuerdo: \u201cReflejan el descontento de parte del colectivo con la aerol\u00ednea, que no ha entendido que, en pleno proceso de votaci\u00f3n, Air Europa haya publicado la previsi\u00f3n de beneficios r\u00e9cord de 200 millones de euros antes de impuestos en 2023. Estas cifras contrastan con el futuro econ\u00f3mico apocal\u00edptico transmitido por la empresa a los empleados\u201d.<\/p>\n\n\n\n<p>Por su parte, desde la aerol\u00ednea han destacado que \u201cuna vez aprobados los \u00faltimos acuerdos [TCP y pilotos], Air Europa finaliza los procesos de negociaci\u00f3n social con todos los colectivos de la compa\u00f1\u00eda\u201d.<\/p>\n\n\n\n<p>Fuente: Tourinews.<\/p>\n","protected":false},"excerpt":{"rendered":"<p>Despu\u00e9s de haber firmado el convenio colectivo para los tripulantes de cabina y tras un \u201clargo y complejo proceso de negociaci\u00f3n\u201d, la aerol\u00ednea ha firmado&hellip;<\/p>\n","protected":false},"author":2,"featured_media":4803,"comment_status":"open","ping_status":"closed","sticky":false,"template":"","format":"standard","meta":{"content-type":"","_lmt_disableupdate":"","_lmt_disable":"","footnotes":""},"categories":[2],"tags":[],"class_list":["post-4802","post","type-post","status-publish","format-standard","has-post-thumbnail","hentry","category-aerolineas"],"yoast_head":"<!-- This site is optimized with the Yoast SEO Premium plugin v27.4 (Yoast SEO v27.5) - https:\/\/yoast.com\/product\/yoast-seo-premium-wordpress\/ -->\n<title>\u00c9xito de las negociaciones en Air Europa: se alcanza un acuerdo con los pilotos - Realidad Tur\u00edstica<\/title>\n<meta name=\"robots\" content=\"index, follow, max-snippet:-1, max-image-preview:large, max-video-preview:-1\" \/>\n<link rel=\"canonical\" href=\"https:\/\/realidadturistica.com\/realtur\/exito-de-las-negociaciones-en-air-europa-se-alcanza-un-acuerdo-con-los-pilotos\/\" \/>\n<meta property=\"og:locale\" content=\"es_ES\" \/>\n<meta property=\"og:type\" content=\"article\" \/>\n<meta property=\"og:title\" content=\"\u00c9xito de las negociaciones en Air Europa: se alcanza un acuerdo con los pilotos\" \/>\n<meta property=\"og:description\" content=\"Despu\u00e9s de haber firmado el convenio colectivo para los tripulantes de cabina y tras un \u201clargo y complejo proceso de negociaci\u00f3n\u201d, la aerol\u00ednea ha firmado&hellip;\" \/>\n<meta property=\"og:url\" content=\"https:\/\/realidadturistica.com\/realtur\/exito-de-las-negociaciones-en-air-europa-se-alcanza-un-acuerdo-con-los-pilotos\/\" \/>\n<meta property=\"og:site_name\" content=\"Realidad Tur\u00edstica\" \/>\n<meta property=\"article:publisher\" content=\"https:\/\/www.facebook.com\/realidadturistica\" \/>\n<meta property=\"article:published_time\" content=\"2023-08-05T12:47:34+00:00\" \/>\n<meta property=\"og:image\" content=\"https:\/\/realidadturistica.com\/realtur\/wp-content\/uploads\/2023\/08\/airbus-a340-211-air-europa-jp5820421_4_732x400.webp\" \/>\n\t<meta property=\"og:image:width\" content=\"732\" \/>\n\t<meta property=\"og:image:height\" content=\"400\" \/>\n\t<meta property=\"og:image:type\" content=\"image\/webp\" \/>\n<meta name=\"author\" content=\"Editor\" \/>\n<meta name=\"twitter:card\" content=\"summary_large_image\" \/>\n<meta name=\"twitter:label1\" content=\"Escrito por\" \/>\n\t<meta name=\"twitter:data1\" content=\"Editor\" \/>\n\t<meta name=\"twitter:label2\" content=\"Tiempo de lectura\" \/>\n\t<meta name=\"twitter:data2\" content=\"2 minutos\" \/>\n<script type=\"application\/ld+json\" class=\"yoast-schema-graph\">{\"@context\":\"https:\\\/\\\/schema.org\",\"@graph\":[{\"@type\":\"Article\",\"@id\":\"https:\\\/\\\/realidadturistica.com\\\/realtur\\\/exito-de-las-negociaciones-en-air-europa-se-alcanza-un-acuerdo-con-los-pilotos\\\/#article\",\"isPartOf\":{\"@id\":\"https:\\\/\\\/realidadturistica.com\\\/realtur\\\/exito-de-las-negociaciones-en-air-europa-se-alcanza-un-acuerdo-con-los-pilotos\\\/\"},\"author\":{\"name\":\"Editor\",\"@id\":\"https:\\\/\\\/realidadturistica.com\\\/realtur\\\/#\\\/schema\\\/person\\\/ade671191202490fcf08ab21590de73e\"},\"headline\":\"\u00c9xito de las negociaciones en Air Europa: se alcanza un acuerdo con los pilotos\",\"datePublished\":\"2023-08-05T12:47:34+00:00\",\"mainEntityOfPage\":{\"@id\":\"https:\\\/\\\/realidadturistica.com\\\/realtur\\\/exito-de-las-negociaciones-en-air-europa-se-alcanza-un-acuerdo-con-los-pilotos\\\/\"},\"wordCount\":335,\"commentCount\":0,\"publisher\":{\"@id\":\"https:\\\/\\\/realidadturistica.com\\\/realtur\\\/#organization\"},\"image\":{\"@id\":\"https:\\\/\\\/realidadturistica.com\\\/realtur\\\/exito-de-las-negociaciones-en-air-europa-se-alcanza-un-acuerdo-con-los-pilotos\\\/#primaryimage\"},\"thumbnailUrl\":\"https:\\\/\\\/realidadturistica.com\\\/realtur\\\/wp-content\\\/uploads\\\/2023\\\/08\\\/airbus-a340-211-air-europa-jp5820421_4_732x400.webp\",\"articleSection\":[\"Volar con pasi\u00f3n\"],\"inLanguage\":\"es\",\"potentialAction\":[{\"@type\":\"CommentAction\",\"name\":\"Comment\",\"target\":[\"https:\\\/\\\/realidadturistica.com\\\/realtur\\\/exito-de-las-negociaciones-en-air-europa-se-alcanza-un-acuerdo-con-los-pilotos\\\/#respond\"]}]},{\"@type\":\"WebPage\",\"@id\":\"https:\\\/\\\/realidadturistica.com\\\/realtur\\\/exito-de-las-negociaciones-en-air-europa-se-alcanza-un-acuerdo-con-los-pilotos\\\/\",\"url\":\"https:\\\/\\\/realidadturistica.com\\\/realtur\\\/exito-de-las-negociaciones-en-air-europa-se-alcanza-un-acuerdo-con-los-pilotos\\\/\",\"name\":\"\u00c9xito de las negociaciones en Air Europa: se alcanza un acuerdo con los pilotos - Realidad Tur\u00edstica\",\"isPartOf\":{\"@id\":\"https:\\\/\\\/realidadturistica.com\\\/realtur\\\/#website\"},\"primaryImageOfPage\":{\"@id\":\"https:\\\/\\\/realidadturistica.com\\\/realtur\\\/exito-de-las-negociaciones-en-air-europa-se-alcanza-un-acuerdo-con-los-pilotos\\\/#primaryimage\"},\"image\":{\"@id\":\"https:\\\/\\\/realidadturistica.com\\\/realtur\\\/exito-de-las-negociaciones-en-air-europa-se-alcanza-un-acuerdo-con-los-pilotos\\\/#primaryimage\"},\"thumbnailUrl\":\"https:\\\/\\\/realidadturistica.com\\\/realtur\\\/wp-content\\\/uploads\\\/2023\\\/08\\\/airbus-a340-211-air-europa-jp5820421_4_732x400.webp\",\"datePublished\":\"2023-08-05T12:47:34+00:00\",\"breadcrumb\":{\"@id\":\"https:\\\/\\\/realidadturistica.com\\\/realtur\\\/exito-de-las-negociaciones-en-air-europa-se-alcanza-un-acuerdo-con-los-pilotos\\\/#breadcrumb\"},\"inLanguage\":\"es\",\"potentialAction\":[{\"@type\":\"ReadAction\",\"target\":[\"https:\\\/\\\/realidadturistica.com\\\/realtur\\\/exito-de-las-negociaciones-en-air-europa-se-alcanza-un-acuerdo-con-los-pilotos\\\/\"]}]},{\"@type\":\"ImageObject\",\"inLanguage\":\"es\",\"@id\":\"https:\\\/\\\/realidadturistica.com\\\/realtur\\\/exito-de-las-negociaciones-en-air-europa-se-alcanza-un-acuerdo-con-los-pilotos\\\/#primaryimage\",\"url\":\"https:\\\/\\\/realidadturistica.com\\\/realtur\\\/wp-content\\\/uploads\\\/2023\\\/08\\\/airbus-a340-211-air-europa-jp5820421_4_732x400.webp\",\"contentUrl\":\"https:\\\/\\\/realidadturistica.com\\\/realtur\\\/wp-content\\\/uploads\\\/2023\\\/08\\\/airbus-a340-211-air-europa-jp5820421_4_732x400.webp\",\"width\":732,\"height\":400},{\"@type\":\"BreadcrumbList\",\"@id\":\"https:\\\/\\\/realidadturistica.com\\\/realtur\\\/exito-de-las-negociaciones-en-air-europa-se-alcanza-un-acuerdo-con-los-pilotos\\\/#breadcrumb\",\"itemListElement\":[{\"@type\":\"ListItem\",\"position\":1,\"name\":\"Portada\",\"item\":\"https:\\\/\\\/realidadturistica.com\\\/realtur\\\/\"},{\"@type\":\"ListItem\",\"position\":2,\"name\":\"\u00c9xito de las negociaciones en Air Europa: se alcanza un acuerdo con los pilotos\"}]},{\"@type\":\"WebSite\",\"@id\":\"https:\\\/\\\/realidadturistica.com\\\/realtur\\\/#website\",\"url\":\"https:\\\/\\\/realidadturistica.com\\\/realtur\\\/\",\"name\":\"Realidad Tur\u00edstica\",\"description\":\"\",\"publisher\":{\"@id\":\"https:\\\/\\\/realidadturistica.com\\\/realtur\\\/#organization\"},\"potentialAction\":[{\"@type\":\"SearchAction\",\"target\":{\"@type\":\"EntryPoint\",\"urlTemplate\":\"https:\\\/\\\/realidadturistica.com\\\/realtur\\\/?s={search_term_string}\"},\"query-input\":{\"@type\":\"PropertyValueSpecification\",\"valueRequired\":true,\"valueName\":\"search_term_string\"}}],\"inLanguage\":\"es\"},{\"@type\":\"Organization\",\"@id\":\"https:\\\/\\\/realidadturistica.com\\\/realtur\\\/#organization\",\"name\":\"Realidad Tur\u00edstica\",\"url\":\"https:\\\/\\\/realidadturistica.com\\\/realtur\\\/\",\"logo\":{\"@type\":\"ImageObject\",\"inLanguage\":\"es\",\"@id\":\"https:\\\/\\\/realidadturistica.com\\\/realtur\\\/#\\\/schema\\\/logo\\\/image\\\/\",\"url\":\"https:\\\/\\\/realidadturistica.com\\\/realtur\\\/wp-content\\\/uploads\\\/2021\\\/12\\\/logotipo-realidad-turistica.png\",\"contentUrl\":\"https:\\\/\\\/realidadturistica.com\\\/realtur\\\/wp-content\\\/uploads\\\/2021\\\/12\\\/logotipo-realidad-turistica.png\",\"width\":1382,\"height\":629,\"caption\":\"Realidad Tur\u00edstica\"},\"image\":{\"@id\":\"https:\\\/\\\/realidadturistica.com\\\/realtur\\\/#\\\/schema\\\/logo\\\/image\\\/\"},\"sameAs\":[\"https:\\\/\\\/www.facebook.com\\\/realidadturistica\",\"https:\\\/\\\/www.instagram.com\\\/realidad_turistica\\\/\"]},{\"@type\":\"Person\",\"@id\":\"https:\\\/\\\/realidadturistica.com\\\/realtur\\\/#\\\/schema\\\/person\\\/ade671191202490fcf08ab21590de73e\",\"name\":\"Editor\",\"image\":{\"@type\":\"ImageObject\",\"inLanguage\":\"es\",\"@id\":\"https:\\\/\\\/realidadturistica.com\\\/realtur\\\/wp-content\\\/uploads\\\/2023\\\/09\\\/Editor_avatar_1693668634-96x96.png\",\"url\":\"https:\\\/\\\/realidadturistica.com\\\/realtur\\\/wp-content\\\/uploads\\\/2023\\\/09\\\/Editor_avatar_1693668634-96x96.png\",\"contentUrl\":\"https:\\\/\\\/realidadturistica.com\\\/realtur\\\/wp-content\\\/uploads\\\/2023\\\/09\\\/Editor_avatar_1693668634-96x96.png\",\"caption\":\"Editor\"},\"sameAs\":[\"https:\\\/\\\/realidadturistica.com\\\/realtur\"],\"url\":\"https:\\\/\\\/realidadturistica.com\\\/realtur\\\/author\\\/editor2\\\/\"}]}<\/script>\n<!-- \/ Yoast SEO Premium plugin. -->","yoast_head_json":{"title":"\u00c9xito de las negociaciones en Air Europa: se alcanza un acuerdo con los pilotos - Realidad Tur\u00edstica","robots":{"index":"index","follow":"follow","max-snippet":"max-snippet:-1","max-image-preview":"max-image-preview:large","max-video-preview":"max-video-preview:-1"},"canonical":"https:\/\/realidadturistica.com\/realtur\/exito-de-las-negociaciones-en-air-europa-se-alcanza-un-acuerdo-con-los-pilotos\/","og_locale":"es_ES","og_type":"article","og_title":"\u00c9xito de las negociaciones en Air Europa: se alcanza un acuerdo con los pilotos","og_description":"Despu\u00e9s de haber firmado el convenio colectivo para los tripulantes de cabina y tras un \u201clargo y complejo proceso de negociaci\u00f3n\u201d, la aerol\u00ednea ha firmado&hellip;","og_url":"https:\/\/realidadturistica.com\/realtur\/exito-de-las-negociaciones-en-air-europa-se-alcanza-un-acuerdo-con-los-pilotos\/","og_site_name":"Realidad Tur\u00edstica","article_publisher":"https:\/\/www.facebook.com\/realidadturistica","article_published_time":"2023-08-05T12:47:34+00:00","og_image":[{"width":732,"height":400,"url":"https:\/\/realidadturistica.com\/realtur\/wp-content\/uploads\/2023\/08\/airbus-a340-211-air-europa-jp5820421_4_732x400.webp","type":"image\/webp"}],"author":"Editor","twitter_card":"summary_large_image","twitter_misc":{"Escrito por":"Editor","Tiempo de lectura":"2 minutos"},"schema":{"@context":"https:\/\/schema.org","@graph":[{"@type":"Article","@id":"https:\/\/realidadturistica.com\/realtur\/exito-de-las-negociaciones-en-air-europa-se-alcanza-un-acuerdo-con-los-pilotos\/#article","isPartOf":{"@id":"https:\/\/realidadturistica.com\/realtur\/exito-de-las-negociaciones-en-air-europa-se-alcanza-un-acuerdo-con-los-pilotos\/"},"author":{"name":"Editor","@id":"https:\/\/realidadturistica.com\/realtur\/#\/schema\/person\/ade671191202490fcf08ab21590de73e"},"headline":"\u00c9xito de las negociaciones en Air Europa: se alcanza un acuerdo con los pilotos","datePublished":"2023-08-05T12:47:34+00:00","mainEntityOfPage":{"@id":"https:\/\/realidadturistica.com\/realtur\/exito-de-las-negociaciones-en-air-europa-se-alcanza-un-acuerdo-con-los-pilotos\/"},"wordCount":335,"commentCount":0,"publisher":{"@id":"https:\/\/realidadturistica.com\/realtur\/#organization"},"image":{"@id":"https:\/\/realidadturistica.com\/realtur\/exito-de-las-negociaciones-en-air-europa-se-alcanza-un-acuerdo-con-los-pilotos\/#primaryimage"},"thumbnailUrl":"https:\/\/realidadturistica.com\/realtur\/wp-content\/uploads\/2023\/08\/airbus-a340-211-air-europa-jp5820421_4_732x400.webp","articleSection":["Volar con pasi\u00f3n"],"inLanguage":"es","potentialAction":[{"@type":"CommentAction","name":"Comment","target":["https:\/\/realidadturistica.com\/realtur\/exito-de-las-negociaciones-en-air-europa-se-alcanza-un-acuerdo-con-los-pilotos\/#respond"]}]},{"@type":"WebPage","@id":"https:\/\/realidadturistica.com\/realtur\/exito-de-las-negociaciones-en-air-europa-se-alcanza-un-acuerdo-con-los-pilotos\/","url":"https:\/\/realidadturistica.com\/realtur\/exito-de-las-negociaciones-en-air-europa-se-alcanza-un-acuerdo-con-los-pilotos\/","name":"\u00c9xito de las negociaciones en Air Europa: se alcanza un acuerdo con los pilotos - Realidad Tur\u00edstica","isPartOf":{"@id":"https:\/\/realidadturistica.com\/realtur\/#website"},"primaryImageOfPage":{"@id":"https:\/\/realidadturistica.com\/realtur\/exito-de-las-negociaciones-en-air-europa-se-alcanza-un-acuerdo-con-los-pilotos\/#primaryimage"},"image":{"@id":"https:\/\/realidadturistica.com\/realtur\/exito-de-las-negociaciones-en-air-europa-se-alcanza-un-acuerdo-con-los-pilotos\/#primaryimage"},"thumbnailUrl":"https:\/\/realidadturistica.com\/realtur\/wp-content\/uploads\/2023\/08\/airbus-a340-211-air-europa-jp5820421_4_732x400.webp","datePublished":"2023-08-05T12:47:34+00:00","breadcrumb":{"@id":"https:\/\/realidadturistica.com\/realtur\/exito-de-las-negociaciones-en-air-europa-se-alcanza-un-acuerdo-con-los-pilotos\/#breadcrumb"},"inLanguage":"es","potentialAction":[{"@type":"ReadAction","target":["https:\/\/realidadturistica.com\/realtur\/exito-de-las-negociaciones-en-air-europa-se-alcanza-un-acuerdo-con-los-pilotos\/"]}]},{"@type":"ImageObject","inLanguage":"es","@id":"https:\/\/realidadturistica.com\/realtur\/exito-de-las-negociaciones-en-air-europa-se-alcanza-un-acuerdo-con-los-pilotos\/#primaryimage","url":"https:\/\/realidadturistica.com\/realtur\/wp-content\/uploads\/2023\/08\/airbus-a340-211-air-europa-jp5820421_4_732x400.webp","contentUrl":"https:\/\/realidadturistica.com\/realtur\/wp-content\/uploads\/2023\/08\/airbus-a340-211-air-europa-jp5820421_4_732x400.webp","width":732,"height":400},{"@type":"BreadcrumbList","@id":"https:\/\/realidadturistica.com\/realtur\/exito-de-las-negociaciones-en-air-europa-se-alcanza-un-acuerdo-con-los-pilotos\/#breadcrumb","itemListElement":[{"@type":"ListItem","position":1,"name":"Portada","item":"https:\/\/realidadturistica.com\/realtur\/"},{"@type":"ListItem","position":2,"name":"\u00c9xito de las negociaciones en Air Europa: se alcanza un acuerdo con los pilotos"}]},{"@type":"WebSite","@id":"https:\/\/realidadturistica.com\/realtur\/#website","url":"https:\/\/realidadturistica.com\/realtur\/","name":"Realidad Tur\u00edstica","description":"","publisher":{"@id":"https:\/\/realidadturistica.com\/realtur\/#organization"},"potentialAction":[{"@type":"SearchAction","target":{"@type":"EntryPoint","urlTemplate":"https:\/\/realidadturistica.com\/realtur\/?s={search_term_string}"},"query-input":{"@type":"PropertyValueSpecification","valueRequired":true,"valueName":"search_term_string"}}],"inLanguage":"es"},{"@type":"Organization","@id":"https:\/\/realidadturistica.com\/realtur\/#organization","name":"Realidad Tur\u00edstica","url":"https:\/\/realidadturistica.com\/realtur\/","logo":{"@type":"ImageObject","inLanguage":"es","@id":"https:\/\/realidadturistica.com\/realtur\/#\/schema\/logo\/image\/","url":"https:\/\/realidadturistica.com\/realtur\/wp-content\/uploads\/2021\/12\/logotipo-realidad-turistica.png","contentUrl":"https:\/\/realidadturistica.com\/realtur\/wp-content\/uploads\/2021\/12\/logotipo-realidad-turistica.png","width":1382,"height":629,"caption":"Realidad Tur\u00edstica"},"image":{"@id":"https:\/\/realidadturistica.com\/realtur\/#\/schema\/logo\/image\/"},"sameAs":["https:\/\/www.facebook.com\/realidadturistica","https:\/\/www.instagram.com\/realidad_turistica\/"]},{"@type":"Person","@id":"https:\/\/realidadturistica.com\/realtur\/#\/schema\/person\/ade671191202490fcf08ab21590de73e","name":"Editor","image":{"@type":"ImageObject","inLanguage":"es","@id":"https:\/\/realidadturistica.com\/realtur\/wp-content\/uploads\/2023\/09\/Editor_avatar_1693668634-96x96.png","url":"https:\/\/realidadturistica.com\/realtur\/wp-content\/uploads\/2023\/09\/Editor_avatar_1693668634-96x96.png","contentUrl":"https:\/\/realidadturistica.com\/realtur\/wp-content\/uploads\/2023\/09\/Editor_avatar_1693668634-96x96.png","caption":"Editor"},"sameAs":["https:\/\/realidadturistica.com\/realtur"],"url":"https:\/\/realidadturistica.com\/realtur\/author\/editor2\/"}]}},"_links":{"self":[{"href":"https:\/\/realidadturistica.com\/realtur\/wp-json\/wp\/v2\/posts\/4802","targetHints":{"allow":["GET"]}}],"collection":[{"href":"https:\/\/realidadturistica.com\/realtur\/wp-json\/wp\/v2\/posts"}],"about":[{"href":"https:\/\/realidadturistica.com\/realtur\/wp-json\/wp\/v2\/types\/post"}],"author":[{"embeddable":true,"href":"https:\/\/realidadturistica.com\/realtur\/wp-json\/wp\/v2\/users\/2"}],"replies":[{"embeddable":true,"href":"https:\/\/realidadturistica.com\/realtur\/wp-json\/wp\/v2\/comments?post=4802"}],"version-history":[{"count":0,"href":"https:\/\/realidadturistica.com\/realtur\/wp-json\/wp\/v2\/posts\/4802\/revisions"}],"wp:featuredmedia":[{"embeddable":true,"href":"https:\/\/realidadturistica.com\/realtur\/wp-json\/wp\/v2\/media\/4803"}],"wp:attachment":[{"href":"https:\/\/realidadturistica.com\/realtur\/wp-json\/wp\/v2\/media?parent=4802"}],"wp:term":[{"taxonomy":"category","embeddable":true,"href":"https:\/\/realidadturistica.com\/realtur\/wp-json\/wp\/v2\/categories?post=4802"},{"taxonomy":"post_tag","embeddable":true,"href":"https:\/\/realidadturistica.com\/realtur\/wp-json\/wp\/v2\/tags?post=4802"}],"curies":[{"name":"wp","href":"https:\/\/api.w.org\/{rel}","templated":true}]}}