{"id":4922,"date":"2023-08-24T15:51:07","date_gmt":"2023-08-24T15:51:07","guid":{"rendered":"https:\/\/realidadturistica.com\/realtur\/?p=4922"},"modified":"2023-08-24T15:51:07","modified_gmt":"2023-08-24T15:51:07","slug":"air-europa-vuela-a-praga-en-codigo-compartido-con-czech-airlines","status":"publish","type":"post","link":"https:\/\/realidadturistica.com\/realtur\/air-europa-vuela-a-praga-en-codigo-compartido-con-czech-airlines\/","title":{"rendered":"Air Europa vuela a Praga en c\u00f3digo compartido con Czech Airlines"},"content":{"rendered":"\n<p>\u2022 Aumenta en m\u00e1s del 34% el n\u00famero de pasajeros de la aerol\u00ednea que han volado bajo esta modalidad en el primer semestre<\/p>\n\n\n\n<p>Air Europa ampl\u00eda su alcance en Europa e incorpora Praga, una de las ciudades m\u00e1s tur\u00edsticas del continente, a su extensa red de destinos. Para ello, ha activado de nuevo el acuerdo de c\u00f3digo compartido con Czech Airlines, la principal aerol\u00ednea de la Republica Checa, por el que aumenta su oferta y aporta m\u00e1s y mejores opciones a sus clientes. Gracias a esta alianza, Air Europa ha puesto su c\u00f3digo en dos vuelos directos a la semana entre Madrid y Praga.<\/p>\n\n\n\n<p>La disponibilidad de esta nueva ruta se traduce en importantes beneficios para los pasajeros ya que dispondr\u00e1n de mayores posibilidades de conectividad con otros destinos nacionales y de Am\u00e9rica . Gracias al c\u00f3digo compartido, los usuarios disfrutan de importantes ventajas, como la adquisici\u00f3n de un \u00fanico billete, una \u00fanica facturaci\u00f3n y conexiones con tiempos m\u00ednimos de espera, entre otros beneficios.<\/p>\n\n\n\n<p>En el primer semestre de este a\u00f1o, el n\u00famero de pasajeros de Air Europa que ha volado bajo esta modalidad creci\u00f3 en m\u00e1s de un 34% con respecto al mismo periodo del pasado a\u00f1o. Air Europa mantiene acuerdos de c\u00f3digo compartido con m\u00e1s de veinte aerol\u00edneas y ofrece m\u00e1s de 200 vuelos al d\u00eda que permite llegar a m\u00e1s de 110 destinos en 35 pa\u00edses.<\/p>\n\n\n\n<p>Este paso refleja el fortalecimiento de la estrategia de acuerdos de c\u00f3digo compartido, cuyo volumen se recuper\u00f3, en buena medida, en 2022, y por la que Air Europa mantiene una firme apuesta. Con Praga, la aerol\u00ednea refuerza su presencia en Centroeuropa donde vuela tambi\u00e9n en c\u00f3digo compartido a otros destinos como Belgrado, con Air Serbia; Bucarest con Tarom; o a Cracovia y Varsovia, v\u00eda Amsterdam, con KLM.<\/p>\n\n\n\n<p>Air Europa sigue apostando por el crecimiento de esta v\u00eda para ampliar las opciones de sus usuarios, incluso combinando distintos medios de transporte. Prueba de ello es el acuerdo intermodal al que se ha llegado con iryo, el nuevo operador de trenes de alta velocidad en Espa\u00f1a, y que inicialmente estar\u00e1 operativo a partir del pr\u00f3ximo mes de septiembre.<\/p>\n\n\n\n<p>Asimismo, la aerol\u00ednea contin\u00faa trabajando para ofrecer m\u00e1s destinos a trav\u00e9s de los acuerdos ya existentes y firmar otros con nuevas aerol\u00edneas para ampliar la red actual, esencialmente en Am\u00e9rica Latina, pero tambi\u00e9n en Europa, Am\u00e9rica del Norte o Asia.<\/p>\n\n\n\n<p>Acerca de Air Europa<br>En el aire desde 1986, Air Europa es una aerol\u00ednea espa\u00f1ola miembro de la alianza SkyTeam. La flota de la compa\u00f1\u00eda, constituida por 50 aeronaves, es una de las m\u00e1s modernas y sostenibles del sector, integrada por modelos Boeing 787 Dreamliner y Boeing 737 que garantizan la m\u00e1xima eficiencia y comodidad para sus pasajeros. Air Europa vuela a m\u00e1s de 55 destinos en todo el mundo y cuenta con una posici\u00f3n estrat\u00e9gica en el hub del aeropuerto Adolfo Su\u00e1rez Madrid-Barajas, conectando Europa y Am\u00e9rica. La compa\u00f1\u00eda destaca por su firme compromiso con la sostenibilidad y la descarbonizaci\u00f3n, as\u00ed como por su apuesta por la innovaci\u00f3n a trav\u00e9s de la incorporaci\u00f3n de las tecnolog\u00edas m\u00e1s avanzadas para la digitalizaci\u00f3n y optimizaci\u00f3n de sus procesos. Adem\u00e1s, Air Europa brinda un elevado nivel de excelencia a sus pasajeros y figura habitualmente entre las aerol\u00edneas m\u00e1s puntuales del continente europeo.<\/p>\n\n\n\n<p>Departamento de Comunicaci\u00f3n<\/p>\n\n\n\n<pre class=\"wp-block-code\"><code><\/code><\/pre>\n","protected":false},"excerpt":{"rendered":"<p>\u2022 Aumenta en m\u00e1s del 34% el n\u00famero de pasajeros de la aerol\u00ednea que han volado bajo esta modalidad en el primer semestre Air Europa&hellip;<\/p>\n","protected":false},"author":2,"featured_media":4923,"comment_status":"open","ping_status":"closed","sticky":false,"template":"","format":"standard","meta":{"content-type":"","_lmt_disableupdate":"","_lmt_disable":"","footnotes":""},"categories":[2],"tags":[],"class_list":["post-4922","post","type-post","status-publish","format-standard","has-post-thumbnail","hentry","category-aerolineas"],"yoast_head":"<!-- This site is optimized with the Yoast SEO Premium plugin v27.4 (Yoast SEO v27.5) - https:\/\/yoast.com\/product\/yoast-seo-premium-wordpress\/ -->\n<title>Air Europa vuela a Praga en c\u00f3digo compartido con Czech Airlines - Realidad Tur\u00edstica<\/title>\n<meta name=\"robots\" content=\"index, follow, max-snippet:-1, max-image-preview:large, max-video-preview:-1\" \/>\n<link rel=\"canonical\" href=\"https:\/\/realidadturistica.com\/realtur\/air-europa-vuela-a-praga-en-codigo-compartido-con-czech-airlines\/\" \/>\n<meta property=\"og:locale\" content=\"es_ES\" \/>\n<meta property=\"og:type\" content=\"article\" \/>\n<meta property=\"og:title\" content=\"Air Europa vuela a Praga en c\u00f3digo compartido con Czech Airlines\" \/>\n<meta property=\"og:description\" content=\"\u2022 Aumenta en m\u00e1s del 34% el n\u00famero de pasajeros de la aerol\u00ednea que han volado bajo esta modalidad en el primer semestre Air Europa&hellip;\" \/>\n<meta property=\"og:url\" content=\"https:\/\/realidadturistica.com\/realtur\/air-europa-vuela-a-praga-en-codigo-compartido-con-czech-airlines\/\" \/>\n<meta property=\"og:site_name\" content=\"Realidad Tur\u00edstica\" \/>\n<meta property=\"article:publisher\" content=\"https:\/\/www.facebook.com\/realidadturistica\" \/>\n<meta property=\"article:published_time\" content=\"2023-08-24T15:51:07+00:00\" \/>\n<meta property=\"og:image\" content=\"https:\/\/realidadturistica.com\/realtur\/wp-content\/uploads\/2023\/08\/air-europa.jpg\" \/>\n\t<meta property=\"og:image:width\" content=\"600\" \/>\n\t<meta property=\"og:image:height\" content=\"343\" \/>\n\t<meta property=\"og:image:type\" content=\"image\/jpeg\" \/>\n<meta name=\"author\" content=\"Editor\" \/>\n<meta name=\"twitter:card\" content=\"summary_large_image\" \/>\n<meta name=\"twitter:label1\" content=\"Escrito por\" \/>\n\t<meta name=\"twitter:data1\" content=\"Editor\" \/>\n\t<meta name=\"twitter:label2\" content=\"Tiempo de lectura\" \/>\n\t<meta name=\"twitter:data2\" content=\"3 minutos\" \/>\n<script type=\"application\/ld+json\" class=\"yoast-schema-graph\">{\"@context\":\"https:\\\/\\\/schema.org\",\"@graph\":[{\"@type\":\"Article\",\"@id\":\"https:\\\/\\\/realidadturistica.com\\\/realtur\\\/air-europa-vuela-a-praga-en-codigo-compartido-con-czech-airlines\\\/#article\",\"isPartOf\":{\"@id\":\"https:\\\/\\\/realidadturistica.com\\\/realtur\\\/air-europa-vuela-a-praga-en-codigo-compartido-con-czech-airlines\\\/\"},\"author\":{\"name\":\"Editor\",\"@id\":\"https:\\\/\\\/realidadturistica.com\\\/realtur\\\/#\\\/schema\\\/person\\\/ade671191202490fcf08ab21590de73e\"},\"headline\":\"Air Europa vuela a Praga en c\u00f3digo compartido con Czech Airlines\",\"datePublished\":\"2023-08-24T15:51:07+00:00\",\"mainEntityOfPage\":{\"@id\":\"https:\\\/\\\/realidadturistica.com\\\/realtur\\\/air-europa-vuela-a-praga-en-codigo-compartido-con-czech-airlines\\\/\"},\"wordCount\":612,\"commentCount\":0,\"publisher\":{\"@id\":\"https:\\\/\\\/realidadturistica.com\\\/realtur\\\/#organization\"},\"image\":{\"@id\":\"https:\\\/\\\/realidadturistica.com\\\/realtur\\\/air-europa-vuela-a-praga-en-codigo-compartido-con-czech-airlines\\\/#primaryimage\"},\"thumbnailUrl\":\"https:\\\/\\\/realidadturistica.com\\\/realtur\\\/wp-content\\\/uploads\\\/2023\\\/08\\\/air-europa.jpg\",\"articleSection\":[\"Volar con pasi\u00f3n\"],\"inLanguage\":\"es\",\"potentialAction\":[{\"@type\":\"CommentAction\",\"name\":\"Comment\",\"target\":[\"https:\\\/\\\/realidadturistica.com\\\/realtur\\\/air-europa-vuela-a-praga-en-codigo-compartido-con-czech-airlines\\\/#respond\"]}]},{\"@type\":\"WebPage\",\"@id\":\"https:\\\/\\\/realidadturistica.com\\\/realtur\\\/air-europa-vuela-a-praga-en-codigo-compartido-con-czech-airlines\\\/\",\"url\":\"https:\\\/\\\/realidadturistica.com\\\/realtur\\\/air-europa-vuela-a-praga-en-codigo-compartido-con-czech-airlines\\\/\",\"name\":\"Air Europa vuela a Praga en c\u00f3digo compartido con Czech Airlines - Realidad Tur\u00edstica\",\"isPartOf\":{\"@id\":\"https:\\\/\\\/realidadturistica.com\\\/realtur\\\/#website\"},\"primaryImageOfPage\":{\"@id\":\"https:\\\/\\\/realidadturistica.com\\\/realtur\\\/air-europa-vuela-a-praga-en-codigo-compartido-con-czech-airlines\\\/#primaryimage\"},\"image\":{\"@id\":\"https:\\\/\\\/realidadturistica.com\\\/realtur\\\/air-europa-vuela-a-praga-en-codigo-compartido-con-czech-airlines\\\/#primaryimage\"},\"thumbnailUrl\":\"https:\\\/\\\/realidadturistica.com\\\/realtur\\\/wp-content\\\/uploads\\\/2023\\\/08\\\/air-europa.jpg\",\"datePublished\":\"2023-08-24T15:51:07+00:00\",\"breadcrumb\":{\"@id\":\"https:\\\/\\\/realidadturistica.com\\\/realtur\\\/air-europa-vuela-a-praga-en-codigo-compartido-con-czech-airlines\\\/#breadcrumb\"},\"inLanguage\":\"es\",\"potentialAction\":[{\"@type\":\"ReadAction\",\"target\":[\"https:\\\/\\\/realidadturistica.com\\\/realtur\\\/air-europa-vuela-a-praga-en-codigo-compartido-con-czech-airlines\\\/\"]}]},{\"@type\":\"ImageObject\",\"inLanguage\":\"es\",\"@id\":\"https:\\\/\\\/realidadturistica.com\\\/realtur\\\/air-europa-vuela-a-praga-en-codigo-compartido-con-czech-airlines\\\/#primaryimage\",\"url\":\"https:\\\/\\\/realidadturistica.com\\\/realtur\\\/wp-content\\\/uploads\\\/2023\\\/08\\\/air-europa.jpg\",\"contentUrl\":\"https:\\\/\\\/realidadturistica.com\\\/realtur\\\/wp-content\\\/uploads\\\/2023\\\/08\\\/air-europa.jpg\",\"width\":600,\"height\":343},{\"@type\":\"BreadcrumbList\",\"@id\":\"https:\\\/\\\/realidadturistica.com\\\/realtur\\\/air-europa-vuela-a-praga-en-codigo-compartido-con-czech-airlines\\\/#breadcrumb\",\"itemListElement\":[{\"@type\":\"ListItem\",\"position\":1,\"name\":\"Portada\",\"item\":\"https:\\\/\\\/realidadturistica.com\\\/realtur\\\/\"},{\"@type\":\"ListItem\",\"position\":2,\"name\":\"Air Europa vuela a Praga en c\u00f3digo compartido con Czech Airlines\"}]},{\"@type\":\"WebSite\",\"@id\":\"https:\\\/\\\/realidadturistica.com\\\/realtur\\\/#website\",\"url\":\"https:\\\/\\\/realidadturistica.com\\\/realtur\\\/\",\"name\":\"Realidad Tur\u00edstica\",\"description\":\"\",\"publisher\":{\"@id\":\"https:\\\/\\\/realidadturistica.com\\\/realtur\\\/#organization\"},\"potentialAction\":[{\"@type\":\"SearchAction\",\"target\":{\"@type\":\"EntryPoint\",\"urlTemplate\":\"https:\\\/\\\/realidadturistica.com\\\/realtur\\\/?s={search_term_string}\"},\"query-input\":{\"@type\":\"PropertyValueSpecification\",\"valueRequired\":true,\"valueName\":\"search_term_string\"}}],\"inLanguage\":\"es\"},{\"@type\":\"Organization\",\"@id\":\"https:\\\/\\\/realidadturistica.com\\\/realtur\\\/#organization\",\"name\":\"Realidad Tur\u00edstica\",\"url\":\"https:\\\/\\\/realidadturistica.com\\\/realtur\\\/\",\"logo\":{\"@type\":\"ImageObject\",\"inLanguage\":\"es\",\"@id\":\"https:\\\/\\\/realidadturistica.com\\\/realtur\\\/#\\\/schema\\\/logo\\\/image\\\/\",\"url\":\"https:\\\/\\\/realidadturistica.com\\\/realtur\\\/wp-content\\\/uploads\\\/2021\\\/12\\\/logotipo-realidad-turistica.png\",\"contentUrl\":\"https:\\\/\\\/realidadturistica.com\\\/realtur\\\/wp-content\\\/uploads\\\/2021\\\/12\\\/logotipo-realidad-turistica.png\",\"width\":1382,\"height\":629,\"caption\":\"Realidad Tur\u00edstica\"},\"image\":{\"@id\":\"https:\\\/\\\/realidadturistica.com\\\/realtur\\\/#\\\/schema\\\/logo\\\/image\\\/\"},\"sameAs\":[\"https:\\\/\\\/www.facebook.com\\\/realidadturistica\",\"https:\\\/\\\/www.instagram.com\\\/realidad_turistica\\\/\"]},{\"@type\":\"Person\",\"@id\":\"https:\\\/\\\/realidadturistica.com\\\/realtur\\\/#\\\/schema\\\/person\\\/ade671191202490fcf08ab21590de73e\",\"name\":\"Editor\",\"image\":{\"@type\":\"ImageObject\",\"inLanguage\":\"es\",\"@id\":\"https:\\\/\\\/realidadturistica.com\\\/realtur\\\/wp-content\\\/uploads\\\/2023\\\/09\\\/Editor_avatar_1693668634-96x96.png\",\"url\":\"https:\\\/\\\/realidadturistica.com\\\/realtur\\\/wp-content\\\/uploads\\\/2023\\\/09\\\/Editor_avatar_1693668634-96x96.png\",\"contentUrl\":\"https:\\\/\\\/realidadturistica.com\\\/realtur\\\/wp-content\\\/uploads\\\/2023\\\/09\\\/Editor_avatar_1693668634-96x96.png\",\"caption\":\"Editor\"},\"sameAs\":[\"https:\\\/\\\/realidadturistica.com\\\/realtur\"],\"url\":\"https:\\\/\\\/realidadturistica.com\\\/realtur\\\/author\\\/editor2\\\/\"}]}<\/script>\n<!-- \/ Yoast SEO Premium plugin. -->","yoast_head_json":{"title":"Air Europa vuela a Praga en c\u00f3digo compartido con Czech Airlines - Realidad Tur\u00edstica","robots":{"index":"index","follow":"follow","max-snippet":"max-snippet:-1","max-image-preview":"max-image-preview:large","max-video-preview":"max-video-preview:-1"},"canonical":"https:\/\/realidadturistica.com\/realtur\/air-europa-vuela-a-praga-en-codigo-compartido-con-czech-airlines\/","og_locale":"es_ES","og_type":"article","og_title":"Air Europa vuela a Praga en c\u00f3digo compartido con Czech Airlines","og_description":"\u2022 Aumenta en m\u00e1s del 34% el n\u00famero de pasajeros de la aerol\u00ednea que han volado bajo esta modalidad en el primer semestre Air Europa&hellip;","og_url":"https:\/\/realidadturistica.com\/realtur\/air-europa-vuela-a-praga-en-codigo-compartido-con-czech-airlines\/","og_site_name":"Realidad Tur\u00edstica","article_publisher":"https:\/\/www.facebook.com\/realidadturistica","article_published_time":"2023-08-24T15:51:07+00:00","og_image":[{"width":600,"height":343,"url":"https:\/\/realidadturistica.com\/realtur\/wp-content\/uploads\/2023\/08\/air-europa.jpg","type":"image\/jpeg"}],"author":"Editor","twitter_card":"summary_large_image","twitter_misc":{"Escrito por":"Editor","Tiempo de lectura":"3 minutos"},"schema":{"@context":"https:\/\/schema.org","@graph":[{"@type":"Article","@id":"https:\/\/realidadturistica.com\/realtur\/air-europa-vuela-a-praga-en-codigo-compartido-con-czech-airlines\/#article","isPartOf":{"@id":"https:\/\/realidadturistica.com\/realtur\/air-europa-vuela-a-praga-en-codigo-compartido-con-czech-airlines\/"},"author":{"name":"Editor","@id":"https:\/\/realidadturistica.com\/realtur\/#\/schema\/person\/ade671191202490fcf08ab21590de73e"},"headline":"Air Europa vuela a Praga en c\u00f3digo compartido con Czech Airlines","datePublished":"2023-08-24T15:51:07+00:00","mainEntityOfPage":{"@id":"https:\/\/realidadturistica.com\/realtur\/air-europa-vuela-a-praga-en-codigo-compartido-con-czech-airlines\/"},"wordCount":612,"commentCount":0,"publisher":{"@id":"https:\/\/realidadturistica.com\/realtur\/#organization"},"image":{"@id":"https:\/\/realidadturistica.com\/realtur\/air-europa-vuela-a-praga-en-codigo-compartido-con-czech-airlines\/#primaryimage"},"thumbnailUrl":"https:\/\/realidadturistica.com\/realtur\/wp-content\/uploads\/2023\/08\/air-europa.jpg","articleSection":["Volar con pasi\u00f3n"],"inLanguage":"es","potentialAction":[{"@type":"CommentAction","name":"Comment","target":["https:\/\/realidadturistica.com\/realtur\/air-europa-vuela-a-praga-en-codigo-compartido-con-czech-airlines\/#respond"]}]},{"@type":"WebPage","@id":"https:\/\/realidadturistica.com\/realtur\/air-europa-vuela-a-praga-en-codigo-compartido-con-czech-airlines\/","url":"https:\/\/realidadturistica.com\/realtur\/air-europa-vuela-a-praga-en-codigo-compartido-con-czech-airlines\/","name":"Air Europa vuela a Praga en c\u00f3digo compartido con Czech Airlines - Realidad Tur\u00edstica","isPartOf":{"@id":"https:\/\/realidadturistica.com\/realtur\/#website"},"primaryImageOfPage":{"@id":"https:\/\/realidadturistica.com\/realtur\/air-europa-vuela-a-praga-en-codigo-compartido-con-czech-airlines\/#primaryimage"},"image":{"@id":"https:\/\/realidadturistica.com\/realtur\/air-europa-vuela-a-praga-en-codigo-compartido-con-czech-airlines\/#primaryimage"},"thumbnailUrl":"https:\/\/realidadturistica.com\/realtur\/wp-content\/uploads\/2023\/08\/air-europa.jpg","datePublished":"2023-08-24T15:51:07+00:00","breadcrumb":{"@id":"https:\/\/realidadturistica.com\/realtur\/air-europa-vuela-a-praga-en-codigo-compartido-con-czech-airlines\/#breadcrumb"},"inLanguage":"es","potentialAction":[{"@type":"ReadAction","target":["https:\/\/realidadturistica.com\/realtur\/air-europa-vuela-a-praga-en-codigo-compartido-con-czech-airlines\/"]}]},{"@type":"ImageObject","inLanguage":"es","@id":"https:\/\/realidadturistica.com\/realtur\/air-europa-vuela-a-praga-en-codigo-compartido-con-czech-airlines\/#primaryimage","url":"https:\/\/realidadturistica.com\/realtur\/wp-content\/uploads\/2023\/08\/air-europa.jpg","contentUrl":"https:\/\/realidadturistica.com\/realtur\/wp-content\/uploads\/2023\/08\/air-europa.jpg","width":600,"height":343},{"@type":"BreadcrumbList","@id":"https:\/\/realidadturistica.com\/realtur\/air-europa-vuela-a-praga-en-codigo-compartido-con-czech-airlines\/#breadcrumb","itemListElement":[{"@type":"ListItem","position":1,"name":"Portada","item":"https:\/\/realidadturistica.com\/realtur\/"},{"@type":"ListItem","position":2,"name":"Air Europa vuela a Praga en c\u00f3digo compartido con Czech Airlines"}]},{"@type":"WebSite","@id":"https:\/\/realidadturistica.com\/realtur\/#website","url":"https:\/\/realidadturistica.com\/realtur\/","name":"Realidad Tur\u00edstica","description":"","publisher":{"@id":"https:\/\/realidadturistica.com\/realtur\/#organization"},"potentialAction":[{"@type":"SearchAction","target":{"@type":"EntryPoint","urlTemplate":"https:\/\/realidadturistica.com\/realtur\/?s={search_term_string}"},"query-input":{"@type":"PropertyValueSpecification","valueRequired":true,"valueName":"search_term_string"}}],"inLanguage":"es"},{"@type":"Organization","@id":"https:\/\/realidadturistica.com\/realtur\/#organization","name":"Realidad Tur\u00edstica","url":"https:\/\/realidadturistica.com\/realtur\/","logo":{"@type":"ImageObject","inLanguage":"es","@id":"https:\/\/realidadturistica.com\/realtur\/#\/schema\/logo\/image\/","url":"https:\/\/realidadturistica.com\/realtur\/wp-content\/uploads\/2021\/12\/logotipo-realidad-turistica.png","contentUrl":"https:\/\/realidadturistica.com\/realtur\/wp-content\/uploads\/2021\/12\/logotipo-realidad-turistica.png","width":1382,"height":629,"caption":"Realidad Tur\u00edstica"},"image":{"@id":"https:\/\/realidadturistica.com\/realtur\/#\/schema\/logo\/image\/"},"sameAs":["https:\/\/www.facebook.com\/realidadturistica","https:\/\/www.instagram.com\/realidad_turistica\/"]},{"@type":"Person","@id":"https:\/\/realidadturistica.com\/realtur\/#\/schema\/person\/ade671191202490fcf08ab21590de73e","name":"Editor","image":{"@type":"ImageObject","inLanguage":"es","@id":"https:\/\/realidadturistica.com\/realtur\/wp-content\/uploads\/2023\/09\/Editor_avatar_1693668634-96x96.png","url":"https:\/\/realidadturistica.com\/realtur\/wp-content\/uploads\/2023\/09\/Editor_avatar_1693668634-96x96.png","contentUrl":"https:\/\/realidadturistica.com\/realtur\/wp-content\/uploads\/2023\/09\/Editor_avatar_1693668634-96x96.png","caption":"Editor"},"sameAs":["https:\/\/realidadturistica.com\/realtur"],"url":"https:\/\/realidadturistica.com\/realtur\/author\/editor2\/"}]}},"_links":{"self":[{"href":"https:\/\/realidadturistica.com\/realtur\/wp-json\/wp\/v2\/posts\/4922","targetHints":{"allow":["GET"]}}],"collection":[{"href":"https:\/\/realidadturistica.com\/realtur\/wp-json\/wp\/v2\/posts"}],"about":[{"href":"https:\/\/realidadturistica.com\/realtur\/wp-json\/wp\/v2\/types\/post"}],"author":[{"embeddable":true,"href":"https:\/\/realidadturistica.com\/realtur\/wp-json\/wp\/v2\/users\/2"}],"replies":[{"embeddable":true,"href":"https:\/\/realidadturistica.com\/realtur\/wp-json\/wp\/v2\/comments?post=4922"}],"version-history":[{"count":0,"href":"https:\/\/realidadturistica.com\/realtur\/wp-json\/wp\/v2\/posts\/4922\/revisions"}],"wp:featuredmedia":[{"embeddable":true,"href":"https:\/\/realidadturistica.com\/realtur\/wp-json\/wp\/v2\/media\/4923"}],"wp:attachment":[{"href":"https:\/\/realidadturistica.com\/realtur\/wp-json\/wp\/v2\/media?parent=4922"}],"wp:term":[{"taxonomy":"category","embeddable":true,"href":"https:\/\/realidadturistica.com\/realtur\/wp-json\/wp\/v2\/categories?post=4922"},{"taxonomy":"post_tag","embeddable":true,"href":"https:\/\/realidadturistica.com\/realtur\/wp-json\/wp\/v2\/tags?post=4922"}],"curies":[{"name":"wp","href":"https:\/\/api.w.org\/{rel}","templated":true}]}}