{"id":5241,"date":"2023-09-11T11:53:08","date_gmt":"2023-09-11T11:53:08","guid":{"rendered":"https:\/\/realidadturistica.com\/realtur\/?p=5241"},"modified":"2023-09-11T11:53:12","modified_gmt":"2023-09-11T11:53:12","slug":"la-ue-impulsa-una-tarjeta-europea-para-facilitar-los-viajes-a-las-personas-con-discapacidad","status":"publish","type":"post","link":"https:\/\/realidadturistica.com\/realtur\/la-ue-impulsa-una-tarjeta-europea-para-facilitar-los-viajes-a-las-personas-con-discapacidad\/","title":{"rendered":"La UE impulsa una tarjeta europea para facilitar los viajes a las personas con discapacidad"},"content":{"rendered":"\n<p class=\"yoast-reading-time__wrapper\"><span class=\"yoast-reading-time__icon\"><svg aria-hidden=\"true\" focusable=\"false\" data-icon=\"clock\" width=\"20\" height=\"20\" fill=\"none\" stroke=\"currentColor\" style=\"display:inline-block;vertical-align:-0.1em\" role=\"img\" xmlns=\"http:\/\/www.w3.org\/2000\/svg\" viewbox=\"0 0 24 24\"><path stroke-linecap=\"round\" stroke-linejoin=\"round\" stroke-width=\"2\" d=\"M12 8v4l3 3m6-3a9 9 0 11-18 0 9 9 0 0118 0z\"><\/path><\/svg><\/span><span class=\"yoast-reading-time__spacer\" style=\"display:inline-block;width:1em\"><\/span><span class=\"yoast-reading-time__descriptive-text\">Tiempo de lectura estimado:  <\/span><span class=\"yoast-reading-time__reading-time\">1<\/span><span class=\"yoast-reading-time__time-unit\"> minuto<\/span><\/p>\n\n\n\n<p>La Comisi\u00f3n Europea est\u00e1 impulsando una propuesta legislativa para facilitar el derecho a la libre circulaci\u00f3n de las personas con discapacidad. Una de las medidas estrella es la creaci\u00f3n de una tarjeta europea de discapacidad que garantice sus derechos cuando viajen dentro de la UE.<\/p>\n\n\n\n<p>Seg\u00fan detalla El Peri\u00f3dico, se contemplan que dicha tarjeta les otorgue trato preferente en servicios p\u00fablicos y privados, transporte, eventos culturales, museos, centros deportivos, parques de atracciones, etc.<\/p>\n\n\n\n<p>\u00abLos derechos de las personas con discapacidad no deben detenerse en las fronteras nacionales. Queremos que estas personas viajen m\u00e1s f\u00e1cilmente y que algunos de los obst\u00e1culos desaparezcan gracias a la Tarjeta Europea de Discapacidad y la mejora de la Tarjeta Europea de Estacionamiento\u00bb, ha recalcado Vera Jourova, Comisaria europea de Justicia, Consumidores e Igualdad de G\u00e9nero.<\/p>\n\n\n\n<p>Esto podr\u00eda ser un aliciente para activar a un importante mercado tur\u00edstico latente. Y es que, seg\u00fan la Red Europea de Turismo Accesible (ENAT), el mercado potencial del turismo accesible se estima en 58,11 millones de viajeros europeos. Estas cifras incluyen a personas con discapacidad, de la tercera edad, embarazadas, familias con ni\u00f1os peque\u00f1os y personas con enfermedades cr\u00f3nicas o con otros trastornos temporales.<\/p>\n\n\n\n<p>Fuente: Tourinews.<\/p>\n","protected":false},"excerpt":{"rendered":"<p>La Comisi\u00f3n Europea est\u00e1 impulsando una propuesta legislativa para facilitar el derecho a la libre circulaci\u00f3n de las personas con discapacidad. Una de las medidas&hellip;<\/p>\n","protected":false},"author":2,"featured_media":5243,"comment_status":"open","ping_status":"closed","sticky":false,"template":"","format":"standard","meta":{"content-type":"","_lmt_disableupdate":"","_lmt_disable":"","footnotes":""},"categories":[6],"tags":[],"class_list":["post-5241","post","type-post","status-publish","format-standard","has-post-thumbnail","hentry","category-turismo"],"yoast_head":"<!-- This site is optimized with the Yoast SEO Premium plugin v27.4 (Yoast SEO v27.4) - https:\/\/yoast.com\/product\/yoast-seo-premium-wordpress\/ -->\n<title>La UE impulsa una tarjeta europea para facilitar los viajes a las personas con discapacidad - Realidad Tur\u00edstica<\/title>\n<meta name=\"robots\" content=\"index, follow, max-snippet:-1, max-image-preview:large, max-video-preview:-1\" \/>\n<link rel=\"canonical\" href=\"https:\/\/realidadturistica.com\/realtur\/la-ue-impulsa-una-tarjeta-europea-para-facilitar-los-viajes-a-las-personas-con-discapacidad\/\" \/>\n<meta property=\"og:locale\" content=\"es_ES\" \/>\n<meta property=\"og:type\" content=\"article\" \/>\n<meta property=\"og:title\" content=\"La UE impulsa una tarjeta europea para facilitar los viajes a las personas con discapacidad\" \/>\n<meta property=\"og:description\" content=\"La Comisi\u00f3n Europea est\u00e1 impulsando una propuesta legislativa para facilitar el derecho a la libre circulaci\u00f3n de las personas con discapacidad. Una de las medidas&hellip;\" \/>\n<meta property=\"og:url\" content=\"https:\/\/realidadturistica.com\/realtur\/la-ue-impulsa-una-tarjeta-europea-para-facilitar-los-viajes-a-las-personas-con-discapacidad\/\" \/>\n<meta property=\"og:site_name\" content=\"Realidad Tur\u00edstica\" \/>\n<meta property=\"article:publisher\" content=\"https:\/\/www.facebook.com\/realidadturistica\" \/>\n<meta property=\"article:published_time\" content=\"2023-09-11T11:53:08+00:00\" \/>\n<meta property=\"article:modified_time\" content=\"2023-09-11T11:53:12+00:00\" \/>\n<meta property=\"og:image\" content=\"https:\/\/realidadturistica.com\/realtur\/wp-content\/uploads\/2023\/09\/la-ue-impulsa-una-tarjeta-europea-para-facilitar-los-viajes-a-las-personas-con-discapacidad_4_732x400.webp\" \/>\n\t<meta property=\"og:image:width\" content=\"732\" \/>\n\t<meta property=\"og:image:height\" content=\"400\" \/>\n\t<meta property=\"og:image:type\" content=\"image\/webp\" \/>\n<meta name=\"author\" content=\"Editor\" \/>\n<meta name=\"twitter:card\" content=\"summary_large_image\" \/>\n<meta name=\"twitter:label1\" content=\"Escrito por\" \/>\n\t<meta name=\"twitter:data1\" content=\"Editor\" \/>\n\t<meta name=\"twitter:label2\" content=\"Tiempo de lectura\" \/>\n\t<meta name=\"twitter:data2\" content=\"1 minuto\" \/>\n<script type=\"application\/ld+json\" class=\"yoast-schema-graph\">{\"@context\":\"https:\\\/\\\/schema.org\",\"@graph\":[{\"@type\":\"Article\",\"@id\":\"https:\\\/\\\/realidadturistica.com\\\/realtur\\\/la-ue-impulsa-una-tarjeta-europea-para-facilitar-los-viajes-a-las-personas-con-discapacidad\\\/#article\",\"isPartOf\":{\"@id\":\"https:\\\/\\\/realidadturistica.com\\\/realtur\\\/la-ue-impulsa-una-tarjeta-europea-para-facilitar-los-viajes-a-las-personas-con-discapacidad\\\/\"},\"author\":{\"name\":\"Editor\",\"@id\":\"https:\\\/\\\/realidadturistica.com\\\/realtur\\\/#\\\/schema\\\/person\\\/ade671191202490fcf08ab21590de73e\"},\"headline\":\"La UE impulsa una tarjeta europea para facilitar los viajes a las personas con discapacidad\",\"datePublished\":\"2023-09-11T11:53:08+00:00\",\"dateModified\":\"2023-09-11T11:53:12+00:00\",\"mainEntityOfPage\":{\"@id\":\"https:\\\/\\\/realidadturistica.com\\\/realtur\\\/la-ue-impulsa-una-tarjeta-europea-para-facilitar-los-viajes-a-las-personas-con-discapacidad\\\/\"},\"wordCount\":231,\"commentCount\":0,\"publisher\":{\"@id\":\"https:\\\/\\\/realidadturistica.com\\\/realtur\\\/#organization\"},\"image\":{\"@id\":\"https:\\\/\\\/realidadturistica.com\\\/realtur\\\/la-ue-impulsa-una-tarjeta-europea-para-facilitar-los-viajes-a-las-personas-con-discapacidad\\\/#primaryimage\"},\"thumbnailUrl\":\"https:\\\/\\\/realidadturistica.com\\\/realtur\\\/wp-content\\\/uploads\\\/2023\\\/09\\\/la-ue-impulsa-una-tarjeta-europea-para-facilitar-los-viajes-a-las-personas-con-discapacidad_4_732x400.webp\",\"articleSection\":[\"Turismo\"],\"inLanguage\":\"es\",\"potentialAction\":[{\"@type\":\"CommentAction\",\"name\":\"Comment\",\"target\":[\"https:\\\/\\\/realidadturistica.com\\\/realtur\\\/la-ue-impulsa-una-tarjeta-europea-para-facilitar-los-viajes-a-las-personas-con-discapacidad\\\/#respond\"]}]},{\"@type\":\"WebPage\",\"@id\":\"https:\\\/\\\/realidadturistica.com\\\/realtur\\\/la-ue-impulsa-una-tarjeta-europea-para-facilitar-los-viajes-a-las-personas-con-discapacidad\\\/\",\"url\":\"https:\\\/\\\/realidadturistica.com\\\/realtur\\\/la-ue-impulsa-una-tarjeta-europea-para-facilitar-los-viajes-a-las-personas-con-discapacidad\\\/\",\"name\":\"La UE impulsa una tarjeta europea para facilitar los viajes a las personas con discapacidad - Realidad Tur\u00edstica\",\"isPartOf\":{\"@id\":\"https:\\\/\\\/realidadturistica.com\\\/realtur\\\/#website\"},\"primaryImageOfPage\":{\"@id\":\"https:\\\/\\\/realidadturistica.com\\\/realtur\\\/la-ue-impulsa-una-tarjeta-europea-para-facilitar-los-viajes-a-las-personas-con-discapacidad\\\/#primaryimage\"},\"image\":{\"@id\":\"https:\\\/\\\/realidadturistica.com\\\/realtur\\\/la-ue-impulsa-una-tarjeta-europea-para-facilitar-los-viajes-a-las-personas-con-discapacidad\\\/#primaryimage\"},\"thumbnailUrl\":\"https:\\\/\\\/realidadturistica.com\\\/realtur\\\/wp-content\\\/uploads\\\/2023\\\/09\\\/la-ue-impulsa-una-tarjeta-europea-para-facilitar-los-viajes-a-las-personas-con-discapacidad_4_732x400.webp\",\"datePublished\":\"2023-09-11T11:53:08+00:00\",\"dateModified\":\"2023-09-11T11:53:12+00:00\",\"breadcrumb\":{\"@id\":\"https:\\\/\\\/realidadturistica.com\\\/realtur\\\/la-ue-impulsa-una-tarjeta-europea-para-facilitar-los-viajes-a-las-personas-con-discapacidad\\\/#breadcrumb\"},\"inLanguage\":\"es\",\"potentialAction\":[{\"@type\":\"ReadAction\",\"target\":[\"https:\\\/\\\/realidadturistica.com\\\/realtur\\\/la-ue-impulsa-una-tarjeta-europea-para-facilitar-los-viajes-a-las-personas-con-discapacidad\\\/\"]}]},{\"@type\":\"ImageObject\",\"inLanguage\":\"es\",\"@id\":\"https:\\\/\\\/realidadturistica.com\\\/realtur\\\/la-ue-impulsa-una-tarjeta-europea-para-facilitar-los-viajes-a-las-personas-con-discapacidad\\\/#primaryimage\",\"url\":\"https:\\\/\\\/realidadturistica.com\\\/realtur\\\/wp-content\\\/uploads\\\/2023\\\/09\\\/la-ue-impulsa-una-tarjeta-europea-para-facilitar-los-viajes-a-las-personas-con-discapacidad_4_732x400.webp\",\"contentUrl\":\"https:\\\/\\\/realidadturistica.com\\\/realtur\\\/wp-content\\\/uploads\\\/2023\\\/09\\\/la-ue-impulsa-una-tarjeta-europea-para-facilitar-los-viajes-a-las-personas-con-discapacidad_4_732x400.webp\",\"width\":732,\"height\":400},{\"@type\":\"BreadcrumbList\",\"@id\":\"https:\\\/\\\/realidadturistica.com\\\/realtur\\\/la-ue-impulsa-una-tarjeta-europea-para-facilitar-los-viajes-a-las-personas-con-discapacidad\\\/#breadcrumb\",\"itemListElement\":[{\"@type\":\"ListItem\",\"position\":1,\"name\":\"Portada\",\"item\":\"https:\\\/\\\/realidadturistica.com\\\/realtur\\\/\"},{\"@type\":\"ListItem\",\"position\":2,\"name\":\"La UE impulsa una tarjeta europea para facilitar los viajes a las personas con discapacidad\"}]},{\"@type\":\"WebSite\",\"@id\":\"https:\\\/\\\/realidadturistica.com\\\/realtur\\\/#website\",\"url\":\"https:\\\/\\\/realidadturistica.com\\\/realtur\\\/\",\"name\":\"Realidad Tur\u00edstica\",\"description\":\"\",\"publisher\":{\"@id\":\"https:\\\/\\\/realidadturistica.com\\\/realtur\\\/#organization\"},\"potentialAction\":[{\"@type\":\"SearchAction\",\"target\":{\"@type\":\"EntryPoint\",\"urlTemplate\":\"https:\\\/\\\/realidadturistica.com\\\/realtur\\\/?s={search_term_string}\"},\"query-input\":{\"@type\":\"PropertyValueSpecification\",\"valueRequired\":true,\"valueName\":\"search_term_string\"}}],\"inLanguage\":\"es\"},{\"@type\":\"Organization\",\"@id\":\"https:\\\/\\\/realidadturistica.com\\\/realtur\\\/#organization\",\"name\":\"Realidad Tur\u00edstica\",\"url\":\"https:\\\/\\\/realidadturistica.com\\\/realtur\\\/\",\"logo\":{\"@type\":\"ImageObject\",\"inLanguage\":\"es\",\"@id\":\"https:\\\/\\\/realidadturistica.com\\\/realtur\\\/#\\\/schema\\\/logo\\\/image\\\/\",\"url\":\"https:\\\/\\\/realidadturistica.com\\\/realtur\\\/wp-content\\\/uploads\\\/2021\\\/12\\\/logotipo-realidad-turistica.png\",\"contentUrl\":\"https:\\\/\\\/realidadturistica.com\\\/realtur\\\/wp-content\\\/uploads\\\/2021\\\/12\\\/logotipo-realidad-turistica.png\",\"width\":1382,\"height\":629,\"caption\":\"Realidad Tur\u00edstica\"},\"image\":{\"@id\":\"https:\\\/\\\/realidadturistica.com\\\/realtur\\\/#\\\/schema\\\/logo\\\/image\\\/\"},\"sameAs\":[\"https:\\\/\\\/www.facebook.com\\\/realidadturistica\",\"https:\\\/\\\/www.instagram.com\\\/realidad_turistica\\\/\"]},{\"@type\":\"Person\",\"@id\":\"https:\\\/\\\/realidadturistica.com\\\/realtur\\\/#\\\/schema\\\/person\\\/ade671191202490fcf08ab21590de73e\",\"name\":\"Editor\",\"image\":{\"@type\":\"ImageObject\",\"inLanguage\":\"es\",\"@id\":\"https:\\\/\\\/realidadturistica.com\\\/realtur\\\/wp-content\\\/uploads\\\/2023\\\/09\\\/Editor_avatar_1693668634-96x96.png\",\"url\":\"https:\\\/\\\/realidadturistica.com\\\/realtur\\\/wp-content\\\/uploads\\\/2023\\\/09\\\/Editor_avatar_1693668634-96x96.png\",\"contentUrl\":\"https:\\\/\\\/realidadturistica.com\\\/realtur\\\/wp-content\\\/uploads\\\/2023\\\/09\\\/Editor_avatar_1693668634-96x96.png\",\"caption\":\"Editor\"},\"sameAs\":[\"https:\\\/\\\/realidadturistica.com\\\/realtur\"],\"url\":\"https:\\\/\\\/realidadturistica.com\\\/realtur\\\/author\\\/editor2\\\/\"}]}<\/script>\n<!-- \/ Yoast SEO Premium plugin. -->","yoast_head_json":{"title":"La UE impulsa una tarjeta europea para facilitar los viajes a las personas con discapacidad - Realidad Tur\u00edstica","robots":{"index":"index","follow":"follow","max-snippet":"max-snippet:-1","max-image-preview":"max-image-preview:large","max-video-preview":"max-video-preview:-1"},"canonical":"https:\/\/realidadturistica.com\/realtur\/la-ue-impulsa-una-tarjeta-europea-para-facilitar-los-viajes-a-las-personas-con-discapacidad\/","og_locale":"es_ES","og_type":"article","og_title":"La UE impulsa una tarjeta europea para facilitar los viajes a las personas con discapacidad","og_description":"La Comisi\u00f3n Europea est\u00e1 impulsando una propuesta legislativa para facilitar el derecho a la libre circulaci\u00f3n de las personas con discapacidad. Una de las medidas&hellip;","og_url":"https:\/\/realidadturistica.com\/realtur\/la-ue-impulsa-una-tarjeta-europea-para-facilitar-los-viajes-a-las-personas-con-discapacidad\/","og_site_name":"Realidad Tur\u00edstica","article_publisher":"https:\/\/www.facebook.com\/realidadturistica","article_published_time":"2023-09-11T11:53:08+00:00","article_modified_time":"2023-09-11T11:53:12+00:00","og_image":[{"width":732,"height":400,"url":"https:\/\/realidadturistica.com\/realtur\/wp-content\/uploads\/2023\/09\/la-ue-impulsa-una-tarjeta-europea-para-facilitar-los-viajes-a-las-personas-con-discapacidad_4_732x400.webp","type":"image\/webp"}],"author":"Editor","twitter_card":"summary_large_image","twitter_misc":{"Escrito por":"Editor","Tiempo de lectura":"1 minuto"},"schema":{"@context":"https:\/\/schema.org","@graph":[{"@type":"Article","@id":"https:\/\/realidadturistica.com\/realtur\/la-ue-impulsa-una-tarjeta-europea-para-facilitar-los-viajes-a-las-personas-con-discapacidad\/#article","isPartOf":{"@id":"https:\/\/realidadturistica.com\/realtur\/la-ue-impulsa-una-tarjeta-europea-para-facilitar-los-viajes-a-las-personas-con-discapacidad\/"},"author":{"name":"Editor","@id":"https:\/\/realidadturistica.com\/realtur\/#\/schema\/person\/ade671191202490fcf08ab21590de73e"},"headline":"La UE impulsa una tarjeta europea para facilitar los viajes a las personas con discapacidad","datePublished":"2023-09-11T11:53:08+00:00","dateModified":"2023-09-11T11:53:12+00:00","mainEntityOfPage":{"@id":"https:\/\/realidadturistica.com\/realtur\/la-ue-impulsa-una-tarjeta-europea-para-facilitar-los-viajes-a-las-personas-con-discapacidad\/"},"wordCount":231,"commentCount":0,"publisher":{"@id":"https:\/\/realidadturistica.com\/realtur\/#organization"},"image":{"@id":"https:\/\/realidadturistica.com\/realtur\/la-ue-impulsa-una-tarjeta-europea-para-facilitar-los-viajes-a-las-personas-con-discapacidad\/#primaryimage"},"thumbnailUrl":"https:\/\/realidadturistica.com\/realtur\/wp-content\/uploads\/2023\/09\/la-ue-impulsa-una-tarjeta-europea-para-facilitar-los-viajes-a-las-personas-con-discapacidad_4_732x400.webp","articleSection":["Turismo"],"inLanguage":"es","potentialAction":[{"@type":"CommentAction","name":"Comment","target":["https:\/\/realidadturistica.com\/realtur\/la-ue-impulsa-una-tarjeta-europea-para-facilitar-los-viajes-a-las-personas-con-discapacidad\/#respond"]}]},{"@type":"WebPage","@id":"https:\/\/realidadturistica.com\/realtur\/la-ue-impulsa-una-tarjeta-europea-para-facilitar-los-viajes-a-las-personas-con-discapacidad\/","url":"https:\/\/realidadturistica.com\/realtur\/la-ue-impulsa-una-tarjeta-europea-para-facilitar-los-viajes-a-las-personas-con-discapacidad\/","name":"La UE impulsa una tarjeta europea para facilitar los viajes a las personas con discapacidad - Realidad Tur\u00edstica","isPartOf":{"@id":"https:\/\/realidadturistica.com\/realtur\/#website"},"primaryImageOfPage":{"@id":"https:\/\/realidadturistica.com\/realtur\/la-ue-impulsa-una-tarjeta-europea-para-facilitar-los-viajes-a-las-personas-con-discapacidad\/#primaryimage"},"image":{"@id":"https:\/\/realidadturistica.com\/realtur\/la-ue-impulsa-una-tarjeta-europea-para-facilitar-los-viajes-a-las-personas-con-discapacidad\/#primaryimage"},"thumbnailUrl":"https:\/\/realidadturistica.com\/realtur\/wp-content\/uploads\/2023\/09\/la-ue-impulsa-una-tarjeta-europea-para-facilitar-los-viajes-a-las-personas-con-discapacidad_4_732x400.webp","datePublished":"2023-09-11T11:53:08+00:00","dateModified":"2023-09-11T11:53:12+00:00","breadcrumb":{"@id":"https:\/\/realidadturistica.com\/realtur\/la-ue-impulsa-una-tarjeta-europea-para-facilitar-los-viajes-a-las-personas-con-discapacidad\/#breadcrumb"},"inLanguage":"es","potentialAction":[{"@type":"ReadAction","target":["https:\/\/realidadturistica.com\/realtur\/la-ue-impulsa-una-tarjeta-europea-para-facilitar-los-viajes-a-las-personas-con-discapacidad\/"]}]},{"@type":"ImageObject","inLanguage":"es","@id":"https:\/\/realidadturistica.com\/realtur\/la-ue-impulsa-una-tarjeta-europea-para-facilitar-los-viajes-a-las-personas-con-discapacidad\/#primaryimage","url":"https:\/\/realidadturistica.com\/realtur\/wp-content\/uploads\/2023\/09\/la-ue-impulsa-una-tarjeta-europea-para-facilitar-los-viajes-a-las-personas-con-discapacidad_4_732x400.webp","contentUrl":"https:\/\/realidadturistica.com\/realtur\/wp-content\/uploads\/2023\/09\/la-ue-impulsa-una-tarjeta-europea-para-facilitar-los-viajes-a-las-personas-con-discapacidad_4_732x400.webp","width":732,"height":400},{"@type":"BreadcrumbList","@id":"https:\/\/realidadturistica.com\/realtur\/la-ue-impulsa-una-tarjeta-europea-para-facilitar-los-viajes-a-las-personas-con-discapacidad\/#breadcrumb","itemListElement":[{"@type":"ListItem","position":1,"name":"Portada","item":"https:\/\/realidadturistica.com\/realtur\/"},{"@type":"ListItem","position":2,"name":"La UE impulsa una tarjeta europea para facilitar los viajes a las personas con discapacidad"}]},{"@type":"WebSite","@id":"https:\/\/realidadturistica.com\/realtur\/#website","url":"https:\/\/realidadturistica.com\/realtur\/","name":"Realidad Tur\u00edstica","description":"","publisher":{"@id":"https:\/\/realidadturistica.com\/realtur\/#organization"},"potentialAction":[{"@type":"SearchAction","target":{"@type":"EntryPoint","urlTemplate":"https:\/\/realidadturistica.com\/realtur\/?s={search_term_string}"},"query-input":{"@type":"PropertyValueSpecification","valueRequired":true,"valueName":"search_term_string"}}],"inLanguage":"es"},{"@type":"Organization","@id":"https:\/\/realidadturistica.com\/realtur\/#organization","name":"Realidad Tur\u00edstica","url":"https:\/\/realidadturistica.com\/realtur\/","logo":{"@type":"ImageObject","inLanguage":"es","@id":"https:\/\/realidadturistica.com\/realtur\/#\/schema\/logo\/image\/","url":"https:\/\/realidadturistica.com\/realtur\/wp-content\/uploads\/2021\/12\/logotipo-realidad-turistica.png","contentUrl":"https:\/\/realidadturistica.com\/realtur\/wp-content\/uploads\/2021\/12\/logotipo-realidad-turistica.png","width":1382,"height":629,"caption":"Realidad Tur\u00edstica"},"image":{"@id":"https:\/\/realidadturistica.com\/realtur\/#\/schema\/logo\/image\/"},"sameAs":["https:\/\/www.facebook.com\/realidadturistica","https:\/\/www.instagram.com\/realidad_turistica\/"]},{"@type":"Person","@id":"https:\/\/realidadturistica.com\/realtur\/#\/schema\/person\/ade671191202490fcf08ab21590de73e","name":"Editor","image":{"@type":"ImageObject","inLanguage":"es","@id":"https:\/\/realidadturistica.com\/realtur\/wp-content\/uploads\/2023\/09\/Editor_avatar_1693668634-96x96.png","url":"https:\/\/realidadturistica.com\/realtur\/wp-content\/uploads\/2023\/09\/Editor_avatar_1693668634-96x96.png","contentUrl":"https:\/\/realidadturistica.com\/realtur\/wp-content\/uploads\/2023\/09\/Editor_avatar_1693668634-96x96.png","caption":"Editor"},"sameAs":["https:\/\/realidadturistica.com\/realtur"],"url":"https:\/\/realidadturistica.com\/realtur\/author\/editor2\/"}]}},"_links":{"self":[{"href":"https:\/\/realidadturistica.com\/realtur\/wp-json\/wp\/v2\/posts\/5241","targetHints":{"allow":["GET"]}}],"collection":[{"href":"https:\/\/realidadturistica.com\/realtur\/wp-json\/wp\/v2\/posts"}],"about":[{"href":"https:\/\/realidadturistica.com\/realtur\/wp-json\/wp\/v2\/types\/post"}],"author":[{"embeddable":true,"href":"https:\/\/realidadturistica.com\/realtur\/wp-json\/wp\/v2\/users\/2"}],"replies":[{"embeddable":true,"href":"https:\/\/realidadturistica.com\/realtur\/wp-json\/wp\/v2\/comments?post=5241"}],"version-history":[{"count":1,"href":"https:\/\/realidadturistica.com\/realtur\/wp-json\/wp\/v2\/posts\/5241\/revisions"}],"predecessor-version":[{"id":5242,"href":"https:\/\/realidadturistica.com\/realtur\/wp-json\/wp\/v2\/posts\/5241\/revisions\/5242"}],"wp:featuredmedia":[{"embeddable":true,"href":"https:\/\/realidadturistica.com\/realtur\/wp-json\/wp\/v2\/media\/5243"}],"wp:attachment":[{"href":"https:\/\/realidadturistica.com\/realtur\/wp-json\/wp\/v2\/media?parent=5241"}],"wp:term":[{"taxonomy":"category","embeddable":true,"href":"https:\/\/realidadturistica.com\/realtur\/wp-json\/wp\/v2\/categories?post=5241"},{"taxonomy":"post_tag","embeddable":true,"href":"https:\/\/realidadturistica.com\/realtur\/wp-json\/wp\/v2\/tags?post=5241"}],"curies":[{"name":"wp","href":"https:\/\/api.w.org\/{rel}","templated":true}]}}