{"id":5420,"date":"2023-10-04T11:04:18","date_gmt":"2023-10-04T11:04:18","guid":{"rendered":"https:\/\/realidadturistica.com\/realtur\/?p=5420"},"modified":"2023-10-04T11:04:22","modified_gmt":"2023-10-04T11:04:22","slug":"uruguay-sigue-creciendo-en-conectividad","status":"publish","type":"post","link":"https:\/\/realidadturistica.com\/realtur\/uruguay-sigue-creciendo-en-conectividad\/","title":{"rendered":"Uruguay sigue creciendo en conectividad"},"content":{"rendered":"\n<p class=\"yoast-reading-time__wrapper\"><span class=\"yoast-reading-time__icon\"><svg aria-hidden=\"true\" focusable=\"false\" data-icon=\"clock\" width=\"20\" height=\"20\" fill=\"none\" stroke=\"currentColor\" style=\"display:inline-block;vertical-align:-0.1em\" role=\"img\" xmlns=\"http:\/\/www.w3.org\/2000\/svg\" viewbox=\"0 0 24 24\"><path stroke-linecap=\"round\" stroke-linejoin=\"round\" stroke-width=\"2\" d=\"M12 8v4l3 3m6-3a9 9 0 11-18 0 9 9 0 0118 0z\"><\/path><\/svg><\/span><span class=\"yoast-reading-time__spacer\" style=\"display:inline-block;width:1em\"><\/span><span class=\"yoast-reading-time__descriptive-text\">Tiempo de lectura estimado:  <\/span><span class=\"yoast-reading-time__reading-time\">2<\/span><span class=\"yoast-reading-time__time-unit\"> minutos<\/span><\/p>\n\n\n\n<p>Uruguay. El Ministerio de Turismo particip\u00f3 en la 50 edici\u00f3n de la Feria ABAV, organizada por la Asociaci\u00f3n Brasile\u00f1a de Agencias de Viaje, que tuvo lugar en R\u00edo de Janeiro entre el 27 y el 29 de setiembre.<\/p>\n\n\n\n<p>La delegaci\u00f3n oficial estuvo encabezada por el ministro de Turismo, Tabar\u00e9 Viera y el director Nacional de Turismo, Roque Baudean junto a la encargada de difusi\u00f3n, Mariella Volppe y la integrante del equipo de marketing, Natalia Andreoni. A ellos se sumaron representantes de la Intendencia de Maldonado y del sector privado lo hicieron Daniel Reyes Operador, Personal Operadora, Solanas Resort, The Grand Hotel, Abtour Viajes, Master Turismo.<\/p>\n\n\n\n<p>Uruguay se present\u00f3 con el objetivo de mostrar la diversificaci\u00f3n de ofertas tur\u00edsticas que tiene el pa\u00eds y desestacionalizar los diferentes destinos. El objetivo de est\u00e1 gesti\u00f3n sigue siendo incrementar el n\u00famero de turistas brasileros que llegan al pa\u00eds, algo que ya se viene logrando desde la pasada temporada de verano y se ha mantenido en lo que va del 2023.<\/p>\n\n\n\n<p>Entre varias reuniones de trabajo y entrevistas mantenidas se lograron dos anuncios muy importantes para el pa\u00eds como lo es en materia de conectividad. El primer d\u00eda de feria junto a los representantes de Azul se anunci\u00f3 el retorno de la conexi\u00f3n Montevideo \u2013 Curitiba que comenzar\u00e1 el 31 de octubre. Y luego fue Aerol\u00edneas Argentinas quien comunic\u00f3 al Ministro y Director Nacional los nuevos vuelos y el aumento de frecuencias para la pr\u00f3xima temporada.<\/p>\n\n\n\n<p>La primera semana de octubre en Montevideo ser\u00e1n los anuncios oficiales con mayores detalles pero se trata de aumentos en las frecuencias Buenos Aires \u2013 Punta del Este y nuevas frecuencias para Montevideo \u2013 Mar del Plata y Montevideo \u2013 Bariloche.<\/p>\n\n\n\n<p>La presentaci\u00f3n en ABAV tambi\u00e9n tuvo espacio para las degustaciones y los espect\u00e1culos art\u00edsticos; el Instituto Nacional de Vitivinicultura se hizo presente con varias bodegas y concentr\u00f3 la atenci\u00f3n del p\u00fablico conociendo vinos de bodegas uruguayas que pueden ser recorridas con visitas guiadas o reservas previas.<\/p>\n\n\n\n<p>Y por otro lado quien atrap\u00f3 al p\u00fablico visitante de la feria, fue el arach\u00e1n Diego Coronel, ganador del primer Got Talent Uruguay quien se hizo presente con sus temas l\u00edricos, tangos y baladas. Sus presentaciones fueron acompa\u00f1adas en algunos momentos por una pareja de tango que vino junto a la delegaci\u00f3n argentina de Madero Tango. El objetivo era presentar un espect\u00e1culo que es muy representativo en ambos margenes del R\u00edo de la Plata.<\/p>\n\n\n\n<p>Fuente: Ministerio de Turismo de Uruguay.<\/p>\n","protected":false},"excerpt":{"rendered":"<p>Uruguay. El Ministerio de Turismo particip\u00f3 en la 50 edici\u00f3n de la Feria ABAV, organizada por la Asociaci\u00f3n Brasile\u00f1a de Agencias de Viaje, que tuvo&hellip;<\/p>\n","protected":false},"author":2,"featured_media":5421,"comment_status":"open","ping_status":"closed","sticky":false,"template":"","format":"standard","meta":{"content-type":"","_lmt_disableupdate":"","_lmt_disable":"","footnotes":""},"categories":[4],"tags":[],"class_list":["post-5420","post","type-post","status-publish","format-standard","has-post-thumbnail","hentry","category-destinos"],"yoast_head":"<!-- This site is optimized with the Yoast SEO Premium plugin v27.4 (Yoast SEO v27.5) - https:\/\/yoast.com\/product\/yoast-seo-premium-wordpress\/ -->\n<title>Uruguay sigue creciendo en conectividad - Realidad Tur\u00edstica<\/title>\n<meta name=\"robots\" content=\"index, follow, max-snippet:-1, max-image-preview:large, max-video-preview:-1\" \/>\n<link rel=\"canonical\" href=\"https:\/\/realidadturistica.com\/realtur\/uruguay-sigue-creciendo-en-conectividad\/\" \/>\n<meta property=\"og:locale\" content=\"es_ES\" \/>\n<meta property=\"og:type\" content=\"article\" \/>\n<meta property=\"og:title\" content=\"Uruguay sigue creciendo en conectividad\" \/>\n<meta property=\"og:description\" content=\"Uruguay. El Ministerio de Turismo particip\u00f3 en la 50 edici\u00f3n de la Feria ABAV, organizada por la Asociaci\u00f3n Brasile\u00f1a de Agencias de Viaje, que tuvo&hellip;\" \/>\n<meta property=\"og:url\" content=\"https:\/\/realidadturistica.com\/realtur\/uruguay-sigue-creciendo-en-conectividad\/\" \/>\n<meta property=\"og:site_name\" content=\"Realidad Tur\u00edstica\" \/>\n<meta property=\"article:publisher\" content=\"https:\/\/www.facebook.com\/realidadturistica\" \/>\n<meta property=\"article:published_time\" content=\"2023-10-04T11:04:18+00:00\" \/>\n<meta property=\"article:modified_time\" content=\"2023-10-04T11:04:22+00:00\" \/>\n<meta property=\"og:image\" content=\"https:\/\/realidadturistica.com\/realtur\/wp-content\/uploads\/2023\/10\/Uruguay-sigue.jpg\" \/>\n\t<meta property=\"og:image:width\" content=\"945\" \/>\n\t<meta property=\"og:image:height\" content=\"709\" \/>\n\t<meta property=\"og:image:type\" content=\"image\/jpeg\" \/>\n<meta name=\"author\" content=\"Editor\" \/>\n<meta name=\"twitter:card\" content=\"summary_large_image\" \/>\n<meta name=\"twitter:label1\" content=\"Escrito por\" \/>\n\t<meta name=\"twitter:data1\" content=\"Editor\" \/>\n\t<meta name=\"twitter:label2\" content=\"Tiempo de lectura\" \/>\n\t<meta name=\"twitter:data2\" content=\"2 minutos\" \/>\n<script type=\"application\/ld+json\" class=\"yoast-schema-graph\">{\"@context\":\"https:\\\/\\\/schema.org\",\"@graph\":[{\"@type\":\"Article\",\"@id\":\"https:\\\/\\\/realidadturistica.com\\\/realtur\\\/uruguay-sigue-creciendo-en-conectividad\\\/#article\",\"isPartOf\":{\"@id\":\"https:\\\/\\\/realidadturistica.com\\\/realtur\\\/uruguay-sigue-creciendo-en-conectividad\\\/\"},\"author\":{\"name\":\"Editor\",\"@id\":\"https:\\\/\\\/realidadturistica.com\\\/realtur\\\/#\\\/schema\\\/person\\\/ade671191202490fcf08ab21590de73e\"},\"headline\":\"Uruguay sigue creciendo en conectividad\",\"datePublished\":\"2023-10-04T11:04:18+00:00\",\"dateModified\":\"2023-10-04T11:04:22+00:00\",\"mainEntityOfPage\":{\"@id\":\"https:\\\/\\\/realidadturistica.com\\\/realtur\\\/uruguay-sigue-creciendo-en-conectividad\\\/\"},\"wordCount\":440,\"commentCount\":0,\"publisher\":{\"@id\":\"https:\\\/\\\/realidadturistica.com\\\/realtur\\\/#organization\"},\"image\":{\"@id\":\"https:\\\/\\\/realidadturistica.com\\\/realtur\\\/uruguay-sigue-creciendo-en-conectividad\\\/#primaryimage\"},\"thumbnailUrl\":\"https:\\\/\\\/realidadturistica.com\\\/realtur\\\/wp-content\\\/uploads\\\/2023\\\/10\\\/Uruguay-sigue.jpg\",\"articleSection\":[\"Destinos M\u00e1gicos\"],\"inLanguage\":\"es\",\"potentialAction\":[{\"@type\":\"CommentAction\",\"name\":\"Comment\",\"target\":[\"https:\\\/\\\/realidadturistica.com\\\/realtur\\\/uruguay-sigue-creciendo-en-conectividad\\\/#respond\"]}]},{\"@type\":\"WebPage\",\"@id\":\"https:\\\/\\\/realidadturistica.com\\\/realtur\\\/uruguay-sigue-creciendo-en-conectividad\\\/\",\"url\":\"https:\\\/\\\/realidadturistica.com\\\/realtur\\\/uruguay-sigue-creciendo-en-conectividad\\\/\",\"name\":\"Uruguay sigue creciendo en conectividad - Realidad Tur\u00edstica\",\"isPartOf\":{\"@id\":\"https:\\\/\\\/realidadturistica.com\\\/realtur\\\/#website\"},\"primaryImageOfPage\":{\"@id\":\"https:\\\/\\\/realidadturistica.com\\\/realtur\\\/uruguay-sigue-creciendo-en-conectividad\\\/#primaryimage\"},\"image\":{\"@id\":\"https:\\\/\\\/realidadturistica.com\\\/realtur\\\/uruguay-sigue-creciendo-en-conectividad\\\/#primaryimage\"},\"thumbnailUrl\":\"https:\\\/\\\/realidadturistica.com\\\/realtur\\\/wp-content\\\/uploads\\\/2023\\\/10\\\/Uruguay-sigue.jpg\",\"datePublished\":\"2023-10-04T11:04:18+00:00\",\"dateModified\":\"2023-10-04T11:04:22+00:00\",\"breadcrumb\":{\"@id\":\"https:\\\/\\\/realidadturistica.com\\\/realtur\\\/uruguay-sigue-creciendo-en-conectividad\\\/#breadcrumb\"},\"inLanguage\":\"es\",\"potentialAction\":[{\"@type\":\"ReadAction\",\"target\":[\"https:\\\/\\\/realidadturistica.com\\\/realtur\\\/uruguay-sigue-creciendo-en-conectividad\\\/\"]}]},{\"@type\":\"ImageObject\",\"inLanguage\":\"es\",\"@id\":\"https:\\\/\\\/realidadturistica.com\\\/realtur\\\/uruguay-sigue-creciendo-en-conectividad\\\/#primaryimage\",\"url\":\"https:\\\/\\\/realidadturistica.com\\\/realtur\\\/wp-content\\\/uploads\\\/2023\\\/10\\\/Uruguay-sigue.jpg\",\"contentUrl\":\"https:\\\/\\\/realidadturistica.com\\\/realtur\\\/wp-content\\\/uploads\\\/2023\\\/10\\\/Uruguay-sigue.jpg\",\"width\":945,\"height\":709},{\"@type\":\"BreadcrumbList\",\"@id\":\"https:\\\/\\\/realidadturistica.com\\\/realtur\\\/uruguay-sigue-creciendo-en-conectividad\\\/#breadcrumb\",\"itemListElement\":[{\"@type\":\"ListItem\",\"position\":1,\"name\":\"Portada\",\"item\":\"https:\\\/\\\/realidadturistica.com\\\/realtur\\\/\"},{\"@type\":\"ListItem\",\"position\":2,\"name\":\"Uruguay sigue creciendo en conectividad\"}]},{\"@type\":\"WebSite\",\"@id\":\"https:\\\/\\\/realidadturistica.com\\\/realtur\\\/#website\",\"url\":\"https:\\\/\\\/realidadturistica.com\\\/realtur\\\/\",\"name\":\"Realidad Tur\u00edstica\",\"description\":\"\",\"publisher\":{\"@id\":\"https:\\\/\\\/realidadturistica.com\\\/realtur\\\/#organization\"},\"potentialAction\":[{\"@type\":\"SearchAction\",\"target\":{\"@type\":\"EntryPoint\",\"urlTemplate\":\"https:\\\/\\\/realidadturistica.com\\\/realtur\\\/?s={search_term_string}\"},\"query-input\":{\"@type\":\"PropertyValueSpecification\",\"valueRequired\":true,\"valueName\":\"search_term_string\"}}],\"inLanguage\":\"es\"},{\"@type\":\"Organization\",\"@id\":\"https:\\\/\\\/realidadturistica.com\\\/realtur\\\/#organization\",\"name\":\"Realidad Tur\u00edstica\",\"url\":\"https:\\\/\\\/realidadturistica.com\\\/realtur\\\/\",\"logo\":{\"@type\":\"ImageObject\",\"inLanguage\":\"es\",\"@id\":\"https:\\\/\\\/realidadturistica.com\\\/realtur\\\/#\\\/schema\\\/logo\\\/image\\\/\",\"url\":\"https:\\\/\\\/realidadturistica.com\\\/realtur\\\/wp-content\\\/uploads\\\/2021\\\/12\\\/logotipo-realidad-turistica.png\",\"contentUrl\":\"https:\\\/\\\/realidadturistica.com\\\/realtur\\\/wp-content\\\/uploads\\\/2021\\\/12\\\/logotipo-realidad-turistica.png\",\"width\":1382,\"height\":629,\"caption\":\"Realidad Tur\u00edstica\"},\"image\":{\"@id\":\"https:\\\/\\\/realidadturistica.com\\\/realtur\\\/#\\\/schema\\\/logo\\\/image\\\/\"},\"sameAs\":[\"https:\\\/\\\/www.facebook.com\\\/realidadturistica\",\"https:\\\/\\\/www.instagram.com\\\/realidad_turistica\\\/\"]},{\"@type\":\"Person\",\"@id\":\"https:\\\/\\\/realidadturistica.com\\\/realtur\\\/#\\\/schema\\\/person\\\/ade671191202490fcf08ab21590de73e\",\"name\":\"Editor\",\"image\":{\"@type\":\"ImageObject\",\"inLanguage\":\"es\",\"@id\":\"https:\\\/\\\/realidadturistica.com\\\/realtur\\\/wp-content\\\/uploads\\\/2023\\\/09\\\/Editor_avatar_1693668634-96x96.png\",\"url\":\"https:\\\/\\\/realidadturistica.com\\\/realtur\\\/wp-content\\\/uploads\\\/2023\\\/09\\\/Editor_avatar_1693668634-96x96.png\",\"contentUrl\":\"https:\\\/\\\/realidadturistica.com\\\/realtur\\\/wp-content\\\/uploads\\\/2023\\\/09\\\/Editor_avatar_1693668634-96x96.png\",\"caption\":\"Editor\"},\"sameAs\":[\"https:\\\/\\\/realidadturistica.com\\\/realtur\"],\"url\":\"https:\\\/\\\/realidadturistica.com\\\/realtur\\\/author\\\/editor2\\\/\"}]}<\/script>\n<!-- \/ Yoast SEO Premium plugin. -->","yoast_head_json":{"title":"Uruguay sigue creciendo en conectividad - Realidad Tur\u00edstica","robots":{"index":"index","follow":"follow","max-snippet":"max-snippet:-1","max-image-preview":"max-image-preview:large","max-video-preview":"max-video-preview:-1"},"canonical":"https:\/\/realidadturistica.com\/realtur\/uruguay-sigue-creciendo-en-conectividad\/","og_locale":"es_ES","og_type":"article","og_title":"Uruguay sigue creciendo en conectividad","og_description":"Uruguay. El Ministerio de Turismo particip\u00f3 en la 50 edici\u00f3n de la Feria ABAV, organizada por la Asociaci\u00f3n Brasile\u00f1a de Agencias de Viaje, que tuvo&hellip;","og_url":"https:\/\/realidadturistica.com\/realtur\/uruguay-sigue-creciendo-en-conectividad\/","og_site_name":"Realidad Tur\u00edstica","article_publisher":"https:\/\/www.facebook.com\/realidadturistica","article_published_time":"2023-10-04T11:04:18+00:00","article_modified_time":"2023-10-04T11:04:22+00:00","og_image":[{"width":945,"height":709,"url":"https:\/\/realidadturistica.com\/realtur\/wp-content\/uploads\/2023\/10\/Uruguay-sigue.jpg","type":"image\/jpeg"}],"author":"Editor","twitter_card":"summary_large_image","twitter_misc":{"Escrito por":"Editor","Tiempo de lectura":"2 minutos"},"schema":{"@context":"https:\/\/schema.org","@graph":[{"@type":"Article","@id":"https:\/\/realidadturistica.com\/realtur\/uruguay-sigue-creciendo-en-conectividad\/#article","isPartOf":{"@id":"https:\/\/realidadturistica.com\/realtur\/uruguay-sigue-creciendo-en-conectividad\/"},"author":{"name":"Editor","@id":"https:\/\/realidadturistica.com\/realtur\/#\/schema\/person\/ade671191202490fcf08ab21590de73e"},"headline":"Uruguay sigue creciendo en conectividad","datePublished":"2023-10-04T11:04:18+00:00","dateModified":"2023-10-04T11:04:22+00:00","mainEntityOfPage":{"@id":"https:\/\/realidadturistica.com\/realtur\/uruguay-sigue-creciendo-en-conectividad\/"},"wordCount":440,"commentCount":0,"publisher":{"@id":"https:\/\/realidadturistica.com\/realtur\/#organization"},"image":{"@id":"https:\/\/realidadturistica.com\/realtur\/uruguay-sigue-creciendo-en-conectividad\/#primaryimage"},"thumbnailUrl":"https:\/\/realidadturistica.com\/realtur\/wp-content\/uploads\/2023\/10\/Uruguay-sigue.jpg","articleSection":["Destinos M\u00e1gicos"],"inLanguage":"es","potentialAction":[{"@type":"CommentAction","name":"Comment","target":["https:\/\/realidadturistica.com\/realtur\/uruguay-sigue-creciendo-en-conectividad\/#respond"]}]},{"@type":"WebPage","@id":"https:\/\/realidadturistica.com\/realtur\/uruguay-sigue-creciendo-en-conectividad\/","url":"https:\/\/realidadturistica.com\/realtur\/uruguay-sigue-creciendo-en-conectividad\/","name":"Uruguay sigue creciendo en conectividad - Realidad Tur\u00edstica","isPartOf":{"@id":"https:\/\/realidadturistica.com\/realtur\/#website"},"primaryImageOfPage":{"@id":"https:\/\/realidadturistica.com\/realtur\/uruguay-sigue-creciendo-en-conectividad\/#primaryimage"},"image":{"@id":"https:\/\/realidadturistica.com\/realtur\/uruguay-sigue-creciendo-en-conectividad\/#primaryimage"},"thumbnailUrl":"https:\/\/realidadturistica.com\/realtur\/wp-content\/uploads\/2023\/10\/Uruguay-sigue.jpg","datePublished":"2023-10-04T11:04:18+00:00","dateModified":"2023-10-04T11:04:22+00:00","breadcrumb":{"@id":"https:\/\/realidadturistica.com\/realtur\/uruguay-sigue-creciendo-en-conectividad\/#breadcrumb"},"inLanguage":"es","potentialAction":[{"@type":"ReadAction","target":["https:\/\/realidadturistica.com\/realtur\/uruguay-sigue-creciendo-en-conectividad\/"]}]},{"@type":"ImageObject","inLanguage":"es","@id":"https:\/\/realidadturistica.com\/realtur\/uruguay-sigue-creciendo-en-conectividad\/#primaryimage","url":"https:\/\/realidadturistica.com\/realtur\/wp-content\/uploads\/2023\/10\/Uruguay-sigue.jpg","contentUrl":"https:\/\/realidadturistica.com\/realtur\/wp-content\/uploads\/2023\/10\/Uruguay-sigue.jpg","width":945,"height":709},{"@type":"BreadcrumbList","@id":"https:\/\/realidadturistica.com\/realtur\/uruguay-sigue-creciendo-en-conectividad\/#breadcrumb","itemListElement":[{"@type":"ListItem","position":1,"name":"Portada","item":"https:\/\/realidadturistica.com\/realtur\/"},{"@type":"ListItem","position":2,"name":"Uruguay sigue creciendo en conectividad"}]},{"@type":"WebSite","@id":"https:\/\/realidadturistica.com\/realtur\/#website","url":"https:\/\/realidadturistica.com\/realtur\/","name":"Realidad Tur\u00edstica","description":"","publisher":{"@id":"https:\/\/realidadturistica.com\/realtur\/#organization"},"potentialAction":[{"@type":"SearchAction","target":{"@type":"EntryPoint","urlTemplate":"https:\/\/realidadturistica.com\/realtur\/?s={search_term_string}"},"query-input":{"@type":"PropertyValueSpecification","valueRequired":true,"valueName":"search_term_string"}}],"inLanguage":"es"},{"@type":"Organization","@id":"https:\/\/realidadturistica.com\/realtur\/#organization","name":"Realidad Tur\u00edstica","url":"https:\/\/realidadturistica.com\/realtur\/","logo":{"@type":"ImageObject","inLanguage":"es","@id":"https:\/\/realidadturistica.com\/realtur\/#\/schema\/logo\/image\/","url":"https:\/\/realidadturistica.com\/realtur\/wp-content\/uploads\/2021\/12\/logotipo-realidad-turistica.png","contentUrl":"https:\/\/realidadturistica.com\/realtur\/wp-content\/uploads\/2021\/12\/logotipo-realidad-turistica.png","width":1382,"height":629,"caption":"Realidad Tur\u00edstica"},"image":{"@id":"https:\/\/realidadturistica.com\/realtur\/#\/schema\/logo\/image\/"},"sameAs":["https:\/\/www.facebook.com\/realidadturistica","https:\/\/www.instagram.com\/realidad_turistica\/"]},{"@type":"Person","@id":"https:\/\/realidadturistica.com\/realtur\/#\/schema\/person\/ade671191202490fcf08ab21590de73e","name":"Editor","image":{"@type":"ImageObject","inLanguage":"es","@id":"https:\/\/realidadturistica.com\/realtur\/wp-content\/uploads\/2023\/09\/Editor_avatar_1693668634-96x96.png","url":"https:\/\/realidadturistica.com\/realtur\/wp-content\/uploads\/2023\/09\/Editor_avatar_1693668634-96x96.png","contentUrl":"https:\/\/realidadturistica.com\/realtur\/wp-content\/uploads\/2023\/09\/Editor_avatar_1693668634-96x96.png","caption":"Editor"},"sameAs":["https:\/\/realidadturistica.com\/realtur"],"url":"https:\/\/realidadturistica.com\/realtur\/author\/editor2\/"}]}},"_links":{"self":[{"href":"https:\/\/realidadturistica.com\/realtur\/wp-json\/wp\/v2\/posts\/5420","targetHints":{"allow":["GET"]}}],"collection":[{"href":"https:\/\/realidadturistica.com\/realtur\/wp-json\/wp\/v2\/posts"}],"about":[{"href":"https:\/\/realidadturistica.com\/realtur\/wp-json\/wp\/v2\/types\/post"}],"author":[{"embeddable":true,"href":"https:\/\/realidadturistica.com\/realtur\/wp-json\/wp\/v2\/users\/2"}],"replies":[{"embeddable":true,"href":"https:\/\/realidadturistica.com\/realtur\/wp-json\/wp\/v2\/comments?post=5420"}],"version-history":[{"count":1,"href":"https:\/\/realidadturistica.com\/realtur\/wp-json\/wp\/v2\/posts\/5420\/revisions"}],"predecessor-version":[{"id":5422,"href":"https:\/\/realidadturistica.com\/realtur\/wp-json\/wp\/v2\/posts\/5420\/revisions\/5422"}],"wp:featuredmedia":[{"embeddable":true,"href":"https:\/\/realidadturistica.com\/realtur\/wp-json\/wp\/v2\/media\/5421"}],"wp:attachment":[{"href":"https:\/\/realidadturistica.com\/realtur\/wp-json\/wp\/v2\/media?parent=5420"}],"wp:term":[{"taxonomy":"category","embeddable":true,"href":"https:\/\/realidadturistica.com\/realtur\/wp-json\/wp\/v2\/categories?post=5420"},{"taxonomy":"post_tag","embeddable":true,"href":"https:\/\/realidadturistica.com\/realtur\/wp-json\/wp\/v2\/tags?post=5420"}],"curies":[{"name":"wp","href":"https:\/\/api.w.org\/{rel}","templated":true}]}}