{"id":5480,"date":"2023-10-10T14:17:31","date_gmt":"2023-10-10T14:17:31","guid":{"rendered":"https:\/\/realidadturistica.com\/realtur\/?p=5480"},"modified":"2023-10-10T14:17:34","modified_gmt":"2023-10-10T14:17:34","slug":"elton-john-arranque-de-lujo-para-la-oferta-de-turismo-cultural-de-la-ciudad-destino-cap-cana-r-dominicana","status":"publish","type":"post","link":"https:\/\/realidadturistica.com\/realtur\/elton-john-arranque-de-lujo-para-la-oferta-de-turismo-cultural-de-la-ciudad-destino-cap-cana-r-dominicana\/","title":{"rendered":"Elton John, arranque de lujo para la oferta de turismo cultural de la \u2018ciudad-destino\u2019 Cap Cana (R. Dominicana)"},"content":{"rendered":"\n<p class=\"yoast-reading-time__wrapper\"><span class=\"yoast-reading-time__icon\"><svg aria-hidden=\"true\" focusable=\"false\" data-icon=\"clock\" width=\"20\" height=\"20\" fill=\"none\" stroke=\"currentColor\" style=\"display:inline-block;vertical-align:-0.1em\" role=\"img\" xmlns=\"http:\/\/www.w3.org\/2000\/svg\" viewbox=\"0 0 24 24\"><path stroke-linecap=\"round\" stroke-linejoin=\"round\" stroke-width=\"2\" d=\"M12 8v4l3 3m6-3a9 9 0 11-18 0 9 9 0 0118 0z\"><\/path><\/svg><\/span><span class=\"yoast-reading-time__spacer\" style=\"display:inline-block;width:1em\"><\/span><span class=\"yoast-reading-time__descriptive-text\">Tiempo de lectura estimado:  <\/span><span class=\"yoast-reading-time__reading-time\">1<\/span><span class=\"yoast-reading-time__time-unit\"> minuto<\/span><\/p>\n\n\n\n<p>RD. Este fin de semana, la ciudad-destino de Cap Cana (Punta Cana, Rep\u00fablica Dominicana) ha inaugurado el emplazamiento que complementar\u00e1 su oferta tur\u00edstica, incluyendo al segmento cultural y de eventos. Se trata del anfiteatro \u2018The Legend Arena\u2019, con una capacidad para 3.000 personas en conciertos y 9.000 en festivales, y para su debut ha contado con la que est\u00e1 llamada a ser la \u00faltima actuaci\u00f3n internacional del reconocido artista brit\u00e1nico Elton John.<\/p>\n\n\n\n<p>Este concierto en Rep\u00fablica Dominicana, al que han asistido m\u00e1s de 2.600 personas, ha tenido lugar tres meses despu\u00e9s de que haya finalizado la que ha sido su gira de despedida de los escenarios, \u2018The Farewell Yellow Brick Road Tour\u2019 \u2014el cantante hab\u00eda anunciado su retirada para poder dedicar m\u00e1s tiempo \u201cal siguiente cap\u00edtulo importante de su vida\u201d\u2014.<\/p>\n\n\n\n<p>En cuanto al anfiteatro, es de inspiraci\u00f3n romana y dise\u00f1o contempor\u00e1neo y se ha destinado a \u00e9l una inversi\u00f3n de unos 30 millones de d\u00f3lares, tal y como recoge B\u00e1varo Digital.<\/p>\n\n\n\n<p>Fuente: Tourinews.<\/p>\n","protected":false},"excerpt":{"rendered":"<p>RD. Este fin de semana, la ciudad-destino de Cap Cana (Punta Cana, Rep\u00fablica Dominicana) ha inaugurado el emplazamiento que complementar\u00e1 su oferta tur\u00edstica, incluyendo al&hellip;<\/p>\n","protected":false},"author":2,"featured_media":5482,"comment_status":"open","ping_status":"closed","sticky":false,"template":"","format":"standard","meta":{"content-type":"","_lmt_disableupdate":"","_lmt_disable":"","footnotes":""},"categories":[4],"tags":[],"class_list":["post-5480","post","type-post","status-publish","format-standard","has-post-thumbnail","hentry","category-destinos"],"yoast_head":"<!-- This site is optimized with the Yoast SEO Premium plugin v27.4 (Yoast SEO v27.4) - https:\/\/yoast.com\/product\/yoast-seo-premium-wordpress\/ -->\n<title>Elton John, arranque de lujo para la oferta de turismo cultural de la \u2018ciudad-destino\u2019 Cap Cana (R. Dominicana) - Realidad Tur\u00edstica<\/title>\n<meta name=\"robots\" content=\"index, follow, max-snippet:-1, max-image-preview:large, max-video-preview:-1\" \/>\n<link rel=\"canonical\" href=\"https:\/\/realidadturistica.com\/realtur\/elton-john-arranque-de-lujo-para-la-oferta-de-turismo-cultural-de-la-ciudad-destino-cap-cana-r-dominicana\/\" \/>\n<meta property=\"og:locale\" content=\"es_ES\" \/>\n<meta property=\"og:type\" content=\"article\" \/>\n<meta property=\"og:title\" content=\"Elton John, arranque de lujo para la oferta de turismo cultural de la \u2018ciudad-destino\u2019 Cap Cana (R. Dominicana)\" \/>\n<meta property=\"og:description\" content=\"RD. Este fin de semana, la ciudad-destino de Cap Cana (Punta Cana, Rep\u00fablica Dominicana) ha inaugurado el emplazamiento que complementar\u00e1 su oferta tur\u00edstica, incluyendo al&hellip;\" \/>\n<meta property=\"og:url\" content=\"https:\/\/realidadturistica.com\/realtur\/elton-john-arranque-de-lujo-para-la-oferta-de-turismo-cultural-de-la-ciudad-destino-cap-cana-r-dominicana\/\" \/>\n<meta property=\"og:site_name\" content=\"Realidad Tur\u00edstica\" \/>\n<meta property=\"article:publisher\" content=\"https:\/\/www.facebook.com\/realidadturistica\" \/>\n<meta property=\"article:published_time\" content=\"2023-10-10T14:17:31+00:00\" \/>\n<meta property=\"article:modified_time\" content=\"2023-10-10T14:17:34+00:00\" \/>\n<meta property=\"og:image\" content=\"https:\/\/realidadturistica.com\/realtur\/wp-content\/uploads\/2023\/10\/Elton-John.webp\" \/>\n\t<meta property=\"og:image:width\" content=\"732\" \/>\n\t<meta property=\"og:image:height\" content=\"400\" \/>\n\t<meta property=\"og:image:type\" content=\"image\/webp\" \/>\n<meta name=\"author\" content=\"Editor\" \/>\n<meta name=\"twitter:card\" content=\"summary_large_image\" \/>\n<meta name=\"twitter:label1\" content=\"Escrito por\" \/>\n\t<meta name=\"twitter:data1\" content=\"Editor\" \/>\n\t<meta name=\"twitter:label2\" content=\"Tiempo de lectura\" \/>\n\t<meta name=\"twitter:data2\" content=\"1 minuto\" \/>\n<script type=\"application\/ld+json\" class=\"yoast-schema-graph\">{\"@context\":\"https:\\\/\\\/schema.org\",\"@graph\":[{\"@type\":\"Article\",\"@id\":\"https:\\\/\\\/realidadturistica.com\\\/realtur\\\/elton-john-arranque-de-lujo-para-la-oferta-de-turismo-cultural-de-la-ciudad-destino-cap-cana-r-dominicana\\\/#article\",\"isPartOf\":{\"@id\":\"https:\\\/\\\/realidadturistica.com\\\/realtur\\\/elton-john-arranque-de-lujo-para-la-oferta-de-turismo-cultural-de-la-ciudad-destino-cap-cana-r-dominicana\\\/\"},\"author\":{\"name\":\"Editor\",\"@id\":\"https:\\\/\\\/realidadturistica.com\\\/realtur\\\/#\\\/schema\\\/person\\\/ade671191202490fcf08ab21590de73e\"},\"headline\":\"Elton John, arranque de lujo para la oferta de turismo cultural de la \u2018ciudad-destino\u2019 Cap Cana (R. Dominicana)\",\"datePublished\":\"2023-10-10T14:17:31+00:00\",\"dateModified\":\"2023-10-10T14:17:34+00:00\",\"mainEntityOfPage\":{\"@id\":\"https:\\\/\\\/realidadturistica.com\\\/realtur\\\/elton-john-arranque-de-lujo-para-la-oferta-de-turismo-cultural-de-la-ciudad-destino-cap-cana-r-dominicana\\\/\"},\"wordCount\":198,\"commentCount\":0,\"publisher\":{\"@id\":\"https:\\\/\\\/realidadturistica.com\\\/realtur\\\/#organization\"},\"image\":{\"@id\":\"https:\\\/\\\/realidadturistica.com\\\/realtur\\\/elton-john-arranque-de-lujo-para-la-oferta-de-turismo-cultural-de-la-ciudad-destino-cap-cana-r-dominicana\\\/#primaryimage\"},\"thumbnailUrl\":\"https:\\\/\\\/realidadturistica.com\\\/realtur\\\/wp-content\\\/uploads\\\/2023\\\/10\\\/Elton-John.webp\",\"articleSection\":[\"Destinos M\u00e1gicos\"],\"inLanguage\":\"es\",\"potentialAction\":[{\"@type\":\"CommentAction\",\"name\":\"Comment\",\"target\":[\"https:\\\/\\\/realidadturistica.com\\\/realtur\\\/elton-john-arranque-de-lujo-para-la-oferta-de-turismo-cultural-de-la-ciudad-destino-cap-cana-r-dominicana\\\/#respond\"]}]},{\"@type\":\"WebPage\",\"@id\":\"https:\\\/\\\/realidadturistica.com\\\/realtur\\\/elton-john-arranque-de-lujo-para-la-oferta-de-turismo-cultural-de-la-ciudad-destino-cap-cana-r-dominicana\\\/\",\"url\":\"https:\\\/\\\/realidadturistica.com\\\/realtur\\\/elton-john-arranque-de-lujo-para-la-oferta-de-turismo-cultural-de-la-ciudad-destino-cap-cana-r-dominicana\\\/\",\"name\":\"Elton John, arranque de lujo para la oferta de turismo cultural de la \u2018ciudad-destino\u2019 Cap Cana (R. Dominicana) - Realidad Tur\u00edstica\",\"isPartOf\":{\"@id\":\"https:\\\/\\\/realidadturistica.com\\\/realtur\\\/#website\"},\"primaryImageOfPage\":{\"@id\":\"https:\\\/\\\/realidadturistica.com\\\/realtur\\\/elton-john-arranque-de-lujo-para-la-oferta-de-turismo-cultural-de-la-ciudad-destino-cap-cana-r-dominicana\\\/#primaryimage\"},\"image\":{\"@id\":\"https:\\\/\\\/realidadturistica.com\\\/realtur\\\/elton-john-arranque-de-lujo-para-la-oferta-de-turismo-cultural-de-la-ciudad-destino-cap-cana-r-dominicana\\\/#primaryimage\"},\"thumbnailUrl\":\"https:\\\/\\\/realidadturistica.com\\\/realtur\\\/wp-content\\\/uploads\\\/2023\\\/10\\\/Elton-John.webp\",\"datePublished\":\"2023-10-10T14:17:31+00:00\",\"dateModified\":\"2023-10-10T14:17:34+00:00\",\"breadcrumb\":{\"@id\":\"https:\\\/\\\/realidadturistica.com\\\/realtur\\\/elton-john-arranque-de-lujo-para-la-oferta-de-turismo-cultural-de-la-ciudad-destino-cap-cana-r-dominicana\\\/#breadcrumb\"},\"inLanguage\":\"es\",\"potentialAction\":[{\"@type\":\"ReadAction\",\"target\":[\"https:\\\/\\\/realidadturistica.com\\\/realtur\\\/elton-john-arranque-de-lujo-para-la-oferta-de-turismo-cultural-de-la-ciudad-destino-cap-cana-r-dominicana\\\/\"]}]},{\"@type\":\"ImageObject\",\"inLanguage\":\"es\",\"@id\":\"https:\\\/\\\/realidadturistica.com\\\/realtur\\\/elton-john-arranque-de-lujo-para-la-oferta-de-turismo-cultural-de-la-ciudad-destino-cap-cana-r-dominicana\\\/#primaryimage\",\"url\":\"https:\\\/\\\/realidadturistica.com\\\/realtur\\\/wp-content\\\/uploads\\\/2023\\\/10\\\/Elton-John.webp\",\"contentUrl\":\"https:\\\/\\\/realidadturistica.com\\\/realtur\\\/wp-content\\\/uploads\\\/2023\\\/10\\\/Elton-John.webp\",\"width\":732,\"height\":400},{\"@type\":\"BreadcrumbList\",\"@id\":\"https:\\\/\\\/realidadturistica.com\\\/realtur\\\/elton-john-arranque-de-lujo-para-la-oferta-de-turismo-cultural-de-la-ciudad-destino-cap-cana-r-dominicana\\\/#breadcrumb\",\"itemListElement\":[{\"@type\":\"ListItem\",\"position\":1,\"name\":\"Portada\",\"item\":\"https:\\\/\\\/realidadturistica.com\\\/realtur\\\/\"},{\"@type\":\"ListItem\",\"position\":2,\"name\":\"Elton John, arranque de lujo para la oferta de turismo cultural de la \u2018ciudad-destino\u2019 Cap Cana (R. Dominicana)\"}]},{\"@type\":\"WebSite\",\"@id\":\"https:\\\/\\\/realidadturistica.com\\\/realtur\\\/#website\",\"url\":\"https:\\\/\\\/realidadturistica.com\\\/realtur\\\/\",\"name\":\"Realidad Tur\u00edstica\",\"description\":\"\",\"publisher\":{\"@id\":\"https:\\\/\\\/realidadturistica.com\\\/realtur\\\/#organization\"},\"potentialAction\":[{\"@type\":\"SearchAction\",\"target\":{\"@type\":\"EntryPoint\",\"urlTemplate\":\"https:\\\/\\\/realidadturistica.com\\\/realtur\\\/?s={search_term_string}\"},\"query-input\":{\"@type\":\"PropertyValueSpecification\",\"valueRequired\":true,\"valueName\":\"search_term_string\"}}],\"inLanguage\":\"es\"},{\"@type\":\"Organization\",\"@id\":\"https:\\\/\\\/realidadturistica.com\\\/realtur\\\/#organization\",\"name\":\"Realidad Tur\u00edstica\",\"url\":\"https:\\\/\\\/realidadturistica.com\\\/realtur\\\/\",\"logo\":{\"@type\":\"ImageObject\",\"inLanguage\":\"es\",\"@id\":\"https:\\\/\\\/realidadturistica.com\\\/realtur\\\/#\\\/schema\\\/logo\\\/image\\\/\",\"url\":\"https:\\\/\\\/realidadturistica.com\\\/realtur\\\/wp-content\\\/uploads\\\/2021\\\/12\\\/logotipo-realidad-turistica.png\",\"contentUrl\":\"https:\\\/\\\/realidadturistica.com\\\/realtur\\\/wp-content\\\/uploads\\\/2021\\\/12\\\/logotipo-realidad-turistica.png\",\"width\":1382,\"height\":629,\"caption\":\"Realidad Tur\u00edstica\"},\"image\":{\"@id\":\"https:\\\/\\\/realidadturistica.com\\\/realtur\\\/#\\\/schema\\\/logo\\\/image\\\/\"},\"sameAs\":[\"https:\\\/\\\/www.facebook.com\\\/realidadturistica\",\"https:\\\/\\\/www.instagram.com\\\/realidad_turistica\\\/\"]},{\"@type\":\"Person\",\"@id\":\"https:\\\/\\\/realidadturistica.com\\\/realtur\\\/#\\\/schema\\\/person\\\/ade671191202490fcf08ab21590de73e\",\"name\":\"Editor\",\"image\":{\"@type\":\"ImageObject\",\"inLanguage\":\"es\",\"@id\":\"https:\\\/\\\/realidadturistica.com\\\/realtur\\\/wp-content\\\/uploads\\\/2023\\\/09\\\/Editor_avatar_1693668634-96x96.png\",\"url\":\"https:\\\/\\\/realidadturistica.com\\\/realtur\\\/wp-content\\\/uploads\\\/2023\\\/09\\\/Editor_avatar_1693668634-96x96.png\",\"contentUrl\":\"https:\\\/\\\/realidadturistica.com\\\/realtur\\\/wp-content\\\/uploads\\\/2023\\\/09\\\/Editor_avatar_1693668634-96x96.png\",\"caption\":\"Editor\"},\"sameAs\":[\"https:\\\/\\\/realidadturistica.com\\\/realtur\"],\"url\":\"https:\\\/\\\/realidadturistica.com\\\/realtur\\\/author\\\/editor2\\\/\"}]}<\/script>\n<!-- \/ Yoast SEO Premium plugin. -->","yoast_head_json":{"title":"Elton John, arranque de lujo para la oferta de turismo cultural de la \u2018ciudad-destino\u2019 Cap Cana (R. Dominicana) - Realidad Tur\u00edstica","robots":{"index":"index","follow":"follow","max-snippet":"max-snippet:-1","max-image-preview":"max-image-preview:large","max-video-preview":"max-video-preview:-1"},"canonical":"https:\/\/realidadturistica.com\/realtur\/elton-john-arranque-de-lujo-para-la-oferta-de-turismo-cultural-de-la-ciudad-destino-cap-cana-r-dominicana\/","og_locale":"es_ES","og_type":"article","og_title":"Elton John, arranque de lujo para la oferta de turismo cultural de la \u2018ciudad-destino\u2019 Cap Cana (R. Dominicana)","og_description":"RD. Este fin de semana, la ciudad-destino de Cap Cana (Punta Cana, Rep\u00fablica Dominicana) ha inaugurado el emplazamiento que complementar\u00e1 su oferta tur\u00edstica, incluyendo al&hellip;","og_url":"https:\/\/realidadturistica.com\/realtur\/elton-john-arranque-de-lujo-para-la-oferta-de-turismo-cultural-de-la-ciudad-destino-cap-cana-r-dominicana\/","og_site_name":"Realidad Tur\u00edstica","article_publisher":"https:\/\/www.facebook.com\/realidadturistica","article_published_time":"2023-10-10T14:17:31+00:00","article_modified_time":"2023-10-10T14:17:34+00:00","og_image":[{"width":732,"height":400,"url":"https:\/\/realidadturistica.com\/realtur\/wp-content\/uploads\/2023\/10\/Elton-John.webp","type":"image\/webp"}],"author":"Editor","twitter_card":"summary_large_image","twitter_misc":{"Escrito por":"Editor","Tiempo de lectura":"1 minuto"},"schema":{"@context":"https:\/\/schema.org","@graph":[{"@type":"Article","@id":"https:\/\/realidadturistica.com\/realtur\/elton-john-arranque-de-lujo-para-la-oferta-de-turismo-cultural-de-la-ciudad-destino-cap-cana-r-dominicana\/#article","isPartOf":{"@id":"https:\/\/realidadturistica.com\/realtur\/elton-john-arranque-de-lujo-para-la-oferta-de-turismo-cultural-de-la-ciudad-destino-cap-cana-r-dominicana\/"},"author":{"name":"Editor","@id":"https:\/\/realidadturistica.com\/realtur\/#\/schema\/person\/ade671191202490fcf08ab21590de73e"},"headline":"Elton John, arranque de lujo para la oferta de turismo cultural de la \u2018ciudad-destino\u2019 Cap Cana (R. Dominicana)","datePublished":"2023-10-10T14:17:31+00:00","dateModified":"2023-10-10T14:17:34+00:00","mainEntityOfPage":{"@id":"https:\/\/realidadturistica.com\/realtur\/elton-john-arranque-de-lujo-para-la-oferta-de-turismo-cultural-de-la-ciudad-destino-cap-cana-r-dominicana\/"},"wordCount":198,"commentCount":0,"publisher":{"@id":"https:\/\/realidadturistica.com\/realtur\/#organization"},"image":{"@id":"https:\/\/realidadturistica.com\/realtur\/elton-john-arranque-de-lujo-para-la-oferta-de-turismo-cultural-de-la-ciudad-destino-cap-cana-r-dominicana\/#primaryimage"},"thumbnailUrl":"https:\/\/realidadturistica.com\/realtur\/wp-content\/uploads\/2023\/10\/Elton-John.webp","articleSection":["Destinos M\u00e1gicos"],"inLanguage":"es","potentialAction":[{"@type":"CommentAction","name":"Comment","target":["https:\/\/realidadturistica.com\/realtur\/elton-john-arranque-de-lujo-para-la-oferta-de-turismo-cultural-de-la-ciudad-destino-cap-cana-r-dominicana\/#respond"]}]},{"@type":"WebPage","@id":"https:\/\/realidadturistica.com\/realtur\/elton-john-arranque-de-lujo-para-la-oferta-de-turismo-cultural-de-la-ciudad-destino-cap-cana-r-dominicana\/","url":"https:\/\/realidadturistica.com\/realtur\/elton-john-arranque-de-lujo-para-la-oferta-de-turismo-cultural-de-la-ciudad-destino-cap-cana-r-dominicana\/","name":"Elton John, arranque de lujo para la oferta de turismo cultural de la \u2018ciudad-destino\u2019 Cap Cana (R. Dominicana) - Realidad Tur\u00edstica","isPartOf":{"@id":"https:\/\/realidadturistica.com\/realtur\/#website"},"primaryImageOfPage":{"@id":"https:\/\/realidadturistica.com\/realtur\/elton-john-arranque-de-lujo-para-la-oferta-de-turismo-cultural-de-la-ciudad-destino-cap-cana-r-dominicana\/#primaryimage"},"image":{"@id":"https:\/\/realidadturistica.com\/realtur\/elton-john-arranque-de-lujo-para-la-oferta-de-turismo-cultural-de-la-ciudad-destino-cap-cana-r-dominicana\/#primaryimage"},"thumbnailUrl":"https:\/\/realidadturistica.com\/realtur\/wp-content\/uploads\/2023\/10\/Elton-John.webp","datePublished":"2023-10-10T14:17:31+00:00","dateModified":"2023-10-10T14:17:34+00:00","breadcrumb":{"@id":"https:\/\/realidadturistica.com\/realtur\/elton-john-arranque-de-lujo-para-la-oferta-de-turismo-cultural-de-la-ciudad-destino-cap-cana-r-dominicana\/#breadcrumb"},"inLanguage":"es","potentialAction":[{"@type":"ReadAction","target":["https:\/\/realidadturistica.com\/realtur\/elton-john-arranque-de-lujo-para-la-oferta-de-turismo-cultural-de-la-ciudad-destino-cap-cana-r-dominicana\/"]}]},{"@type":"ImageObject","inLanguage":"es","@id":"https:\/\/realidadturistica.com\/realtur\/elton-john-arranque-de-lujo-para-la-oferta-de-turismo-cultural-de-la-ciudad-destino-cap-cana-r-dominicana\/#primaryimage","url":"https:\/\/realidadturistica.com\/realtur\/wp-content\/uploads\/2023\/10\/Elton-John.webp","contentUrl":"https:\/\/realidadturistica.com\/realtur\/wp-content\/uploads\/2023\/10\/Elton-John.webp","width":732,"height":400},{"@type":"BreadcrumbList","@id":"https:\/\/realidadturistica.com\/realtur\/elton-john-arranque-de-lujo-para-la-oferta-de-turismo-cultural-de-la-ciudad-destino-cap-cana-r-dominicana\/#breadcrumb","itemListElement":[{"@type":"ListItem","position":1,"name":"Portada","item":"https:\/\/realidadturistica.com\/realtur\/"},{"@type":"ListItem","position":2,"name":"Elton John, arranque de lujo para la oferta de turismo cultural de la \u2018ciudad-destino\u2019 Cap Cana (R. Dominicana)"}]},{"@type":"WebSite","@id":"https:\/\/realidadturistica.com\/realtur\/#website","url":"https:\/\/realidadturistica.com\/realtur\/","name":"Realidad Tur\u00edstica","description":"","publisher":{"@id":"https:\/\/realidadturistica.com\/realtur\/#organization"},"potentialAction":[{"@type":"SearchAction","target":{"@type":"EntryPoint","urlTemplate":"https:\/\/realidadturistica.com\/realtur\/?s={search_term_string}"},"query-input":{"@type":"PropertyValueSpecification","valueRequired":true,"valueName":"search_term_string"}}],"inLanguage":"es"},{"@type":"Organization","@id":"https:\/\/realidadturistica.com\/realtur\/#organization","name":"Realidad Tur\u00edstica","url":"https:\/\/realidadturistica.com\/realtur\/","logo":{"@type":"ImageObject","inLanguage":"es","@id":"https:\/\/realidadturistica.com\/realtur\/#\/schema\/logo\/image\/","url":"https:\/\/realidadturistica.com\/realtur\/wp-content\/uploads\/2021\/12\/logotipo-realidad-turistica.png","contentUrl":"https:\/\/realidadturistica.com\/realtur\/wp-content\/uploads\/2021\/12\/logotipo-realidad-turistica.png","width":1382,"height":629,"caption":"Realidad Tur\u00edstica"},"image":{"@id":"https:\/\/realidadturistica.com\/realtur\/#\/schema\/logo\/image\/"},"sameAs":["https:\/\/www.facebook.com\/realidadturistica","https:\/\/www.instagram.com\/realidad_turistica\/"]},{"@type":"Person","@id":"https:\/\/realidadturistica.com\/realtur\/#\/schema\/person\/ade671191202490fcf08ab21590de73e","name":"Editor","image":{"@type":"ImageObject","inLanguage":"es","@id":"https:\/\/realidadturistica.com\/realtur\/wp-content\/uploads\/2023\/09\/Editor_avatar_1693668634-96x96.png","url":"https:\/\/realidadturistica.com\/realtur\/wp-content\/uploads\/2023\/09\/Editor_avatar_1693668634-96x96.png","contentUrl":"https:\/\/realidadturistica.com\/realtur\/wp-content\/uploads\/2023\/09\/Editor_avatar_1693668634-96x96.png","caption":"Editor"},"sameAs":["https:\/\/realidadturistica.com\/realtur"],"url":"https:\/\/realidadturistica.com\/realtur\/author\/editor2\/"}]}},"_links":{"self":[{"href":"https:\/\/realidadturistica.com\/realtur\/wp-json\/wp\/v2\/posts\/5480","targetHints":{"allow":["GET"]}}],"collection":[{"href":"https:\/\/realidadturistica.com\/realtur\/wp-json\/wp\/v2\/posts"}],"about":[{"href":"https:\/\/realidadturistica.com\/realtur\/wp-json\/wp\/v2\/types\/post"}],"author":[{"embeddable":true,"href":"https:\/\/realidadturistica.com\/realtur\/wp-json\/wp\/v2\/users\/2"}],"replies":[{"embeddable":true,"href":"https:\/\/realidadturistica.com\/realtur\/wp-json\/wp\/v2\/comments?post=5480"}],"version-history":[{"count":2,"href":"https:\/\/realidadturistica.com\/realtur\/wp-json\/wp\/v2\/posts\/5480\/revisions"}],"predecessor-version":[{"id":5483,"href":"https:\/\/realidadturistica.com\/realtur\/wp-json\/wp\/v2\/posts\/5480\/revisions\/5483"}],"wp:featuredmedia":[{"embeddable":true,"href":"https:\/\/realidadturistica.com\/realtur\/wp-json\/wp\/v2\/media\/5482"}],"wp:attachment":[{"href":"https:\/\/realidadturistica.com\/realtur\/wp-json\/wp\/v2\/media?parent=5480"}],"wp:term":[{"taxonomy":"category","embeddable":true,"href":"https:\/\/realidadturistica.com\/realtur\/wp-json\/wp\/v2\/categories?post=5480"},{"taxonomy":"post_tag","embeddable":true,"href":"https:\/\/realidadturistica.com\/realtur\/wp-json\/wp\/v2\/tags?post=5480"}],"curies":[{"name":"wp","href":"https:\/\/api.w.org\/{rel}","templated":true}]}}