{"id":5786,"date":"2023-11-07T14:18:11","date_gmt":"2023-11-07T14:18:11","guid":{"rendered":"https:\/\/realidadturistica.com\/realtur\/?p=5786"},"modified":"2023-11-07T14:20:23","modified_gmt":"2023-11-07T14:20:23","slug":"llevan-a-nueva-york-la-magia-de-san-miguel-de-allende-expondran-bondades-de-la-ciudad","status":"publish","type":"post","link":"https:\/\/realidadturistica.com\/realtur\/llevan-a-nueva-york-la-magia-de-san-miguel-de-allende-expondran-bondades-de-la-ciudad\/","title":{"rendered":"Llevan a Nueva York la magia de San Miguel de Allende; expondr\u00e1n bondades de la ciudad"},"content":{"rendered":"\n<p class=\"yoast-reading-time__wrapper\"><span class=\"yoast-reading-time__icon\"><svg aria-hidden=\"true\" focusable=\"false\" data-icon=\"clock\" width=\"20\" height=\"20\" fill=\"none\" stroke=\"currentColor\" style=\"display:inline-block;vertical-align:-0.1em\" role=\"img\" xmlns=\"http:\/\/www.w3.org\/2000\/svg\" viewbox=\"0 0 24 24\"><path stroke-linecap=\"round\" stroke-linejoin=\"round\" stroke-width=\"2\" d=\"M12 8v4l3 3m6-3a9 9 0 11-18 0 9 9 0 0118 0z\"><\/path><\/svg><\/span><span class=\"yoast-reading-time__spacer\" style=\"display:inline-block;width:1em\"><\/span><span class=\"yoast-reading-time__descriptive-text\">Tiempo de lectura estimado:  <\/span><span class=\"yoast-reading-time__reading-time\">3<\/span><span class=\"yoast-reading-time__time-unit\"> minutos<\/span><\/p>\n\n\n\n<p>En la convenci\u00f3n 2023 de Cond\u00e9 Nast Traveler, la ciudad expondr\u00e1 las bondades tur\u00edsticas con las que cuenta que la han posicionado como una de las mejores del mundo.<\/p>\n\n\n\n<p>Los d\u00edas 8 y 9 de noviembre en la convenci\u00f3n 2023 de Cond\u00e9 Nast Traveler, San Miguel de Allende en Nueva York, expondr\u00e1 las bondades tur\u00edsticas con las que cuenta que la han posicionado como una de las Mejores Ciudades Peque\u00f1as del mundo.<\/p>\n\n\n\n<p>Para este evento internacional el alcalde Mauricio Trejo liderar\u00e1 la comitiva sanmiguelense que visitar\u00e1 tierras neoyorquinas, donde se presentar\u00e1 ante el mundo lo que esta ciudad Patrimonio de la Humanidad tiene para ofrecer y vivir experiencias inigualables, que van desde: hospedaje, gastronom\u00eda y actividades culturales.<\/p>\n\n\n\n<p>Durante esta exposici\u00f3n de talla mundial, Mauricio Trejo recibir\u00e1 el reconocimiento para San Miguel de Allende como ganador del premio \u00abBest Small City of the World\u00bb, marcando as\u00ed la posici\u00f3n privilegiada de esta ciudad en el mapa tur\u00edstico de M\u00e9xico y la satisfacci\u00f3n que brinda a aquellos que lo eligen como destino para visitar e inclusive para radicar.<\/p>\n\n\n\n<p>D\u00e1ndole un toque sanmiguelense a la uni\u00f3n del gremio empresarial con el esfuerzo del Gobierno Municipal, los hoteles: Rosewood, San Jos\u00e9 Lavista, Casa Hoyos, Grupo M\u00e9xico Real y Campera, pondr\u00e1n a la vista parte de la oferta hotelera que tiene la Ciudad<\/p>\n\n\n\n<p>Patrimonio de la Humanidad; mientras que, tequila Casa Dragones y Panio, deleitar\u00e1n a los presentes con la saz\u00f3n local. Finalmente, las Wedding Planners: Lucero \u00c1lvarez, Gardenia Meza del recinto, Luna Escondida y Beatriz Succar, se encargar\u00e1 de presentar lo magn\u00edfica que es la ciudad de San Miguel de Allende, para organizar una boda con perfil internacional y un toque de la esencia sanmiguelense que hacen \u00fanicos estos eventos sociales tan importantes.<\/p>\n\n\n\n<figure class=\"wp-block-pullquote\"><blockquote><p> \u201cEditores, publicistas, toda la gente que trabaja en el grupo (de la editorial Cond\u00e9 Nast Traveler) para que conozcan San Miguel con el objetivo, claramente de hacer una alianza, de que escriban de San Miguel, que vengan a San Miguel y durante este evento una de las editoras le va a entregar el premio al Alcalde (Mauricio Trejo) por haber obtenido o estar dentro de las 3 primeras mejores ciudades peque\u00f1as del mundo\u201d, asegur\u00f3 Tania Castillo, directora de Desarrollo Econ\u00f3mico y Turismo.<\/p><\/blockquote><\/figure>\n\n\n\n<p>&nbsp;&nbsp;\u201cAl final es que toda esta cadena de valor con el impacto que se ve beneficiada con el impacto que nosotros a nivel internacional tenemos y siempre es con el objetivo que cuando ellos vengan la derrama (econ\u00f3mica) se quede en el municipio. Mucha gente no conoc\u00eda o conoc\u00eda tanto del destino y cuando se le presenta toda la oferta que hay: se enamora cada vez m\u00e1s y eso es lo que queremos\u201d, expres\u00f3 la funcionaria.<\/p>\n\n\n\n<p>Agreg\u00f3 que la gente a la que se les presentar\u00e1 esperan que se hospeden en los hoteles de San Miguel, coman en los restaurantes de San Miguel, compren artesan\u00edas y que la derrama econ\u00f3mica se quede en el municipio.<\/p>\n\n\n\n<p>&nbsp;&nbsp;&nbsp; Entre las actividades pautadas para el d\u00eda de apertura, mi\u00e9rcoles 8 de noviembre, destaca la experiencia \u00abA day in San Miguel\u00bb, que tendr\u00e1 lugar en las oficinas de Cond\u00e9 Nast Traveler, donde se albergar\u00e1 una mezcla de tradiciones, cultura y estilos de vida que todos pueden experimentar en la Mejor Ciudad Patrimonio de M\u00e9xico.<\/p>\n\n\n\n<p>Fuente: Milenio.<\/p>\n","protected":false},"excerpt":{"rendered":"<p>En la convenci\u00f3n 2023 de Cond\u00e9 Nast Traveler, la ciudad expondr\u00e1 las bondades tur\u00edsticas con las que cuenta que la han posicionado como una de&hellip;<\/p>\n","protected":false},"author":2,"featured_media":5788,"comment_status":"open","ping_status":"closed","sticky":false,"template":"","format":"standard","meta":{"content-type":"","_lmt_disableupdate":"","_lmt_disable":"","footnotes":""},"categories":[6],"tags":[],"class_list":["post-5786","post","type-post","status-publish","format-standard","has-post-thumbnail","hentry","category-turismo"],"yoast_head":"<!-- This site is optimized with the Yoast SEO Premium plugin v27.4 (Yoast SEO v27.5) - https:\/\/yoast.com\/product\/yoast-seo-premium-wordpress\/ -->\n<title>Llevan a Nueva York la magia de San Miguel de Allende; expondr\u00e1n bondades de la ciudad - Realidad Tur\u00edstica<\/title>\n<meta name=\"robots\" content=\"index, follow, max-snippet:-1, max-image-preview:large, max-video-preview:-1\" \/>\n<link rel=\"canonical\" href=\"https:\/\/realidadturistica.com\/realtur\/llevan-a-nueva-york-la-magia-de-san-miguel-de-allende-expondran-bondades-de-la-ciudad\/\" \/>\n<meta property=\"og:locale\" content=\"es_ES\" \/>\n<meta property=\"og:type\" content=\"article\" \/>\n<meta property=\"og:title\" content=\"Llevan a Nueva York la magia de San Miguel de Allende; expondr\u00e1n bondades de la ciudad\" \/>\n<meta property=\"og:description\" content=\"En la convenci\u00f3n 2023 de Cond\u00e9 Nast Traveler, la ciudad expondr\u00e1 las bondades tur\u00edsticas con las que cuenta que la han posicionado como una de&hellip;\" \/>\n<meta property=\"og:url\" content=\"https:\/\/realidadturistica.com\/realtur\/llevan-a-nueva-york-la-magia-de-san-miguel-de-allende-expondran-bondades-de-la-ciudad\/\" \/>\n<meta property=\"og:site_name\" content=\"Realidad Tur\u00edstica\" \/>\n<meta property=\"article:publisher\" content=\"https:\/\/www.facebook.com\/realidadturistica\" \/>\n<meta property=\"article:published_time\" content=\"2023-11-07T14:18:11+00:00\" \/>\n<meta property=\"article:modified_time\" content=\"2023-11-07T14:20:23+00:00\" \/>\n<meta property=\"og:image\" content=\"https:\/\/realidadturistica.com\/realtur\/wp-content\/uploads\/2023\/11\/Llevan-a-Nueva.webp\" \/>\n\t<meta property=\"og:image:width\" content=\"942\" \/>\n\t<meta property=\"og:image:height\" content=\"532\" \/>\n\t<meta property=\"og:image:type\" content=\"image\/webp\" \/>\n<meta name=\"author\" content=\"Editor\" \/>\n<meta name=\"twitter:card\" content=\"summary_large_image\" \/>\n<meta name=\"twitter:label1\" content=\"Escrito por\" \/>\n\t<meta name=\"twitter:data1\" content=\"Editor\" \/>\n\t<meta name=\"twitter:label2\" content=\"Tiempo de lectura\" \/>\n\t<meta name=\"twitter:data2\" content=\"3 minutos\" \/>\n<script type=\"application\/ld+json\" class=\"yoast-schema-graph\">{\"@context\":\"https:\\\/\\\/schema.org\",\"@graph\":[{\"@type\":\"Article\",\"@id\":\"https:\\\/\\\/realidadturistica.com\\\/realtur\\\/llevan-a-nueva-york-la-magia-de-san-miguel-de-allende-expondran-bondades-de-la-ciudad\\\/#article\",\"isPartOf\":{\"@id\":\"https:\\\/\\\/realidadturistica.com\\\/realtur\\\/llevan-a-nueva-york-la-magia-de-san-miguel-de-allende-expondran-bondades-de-la-ciudad\\\/\"},\"author\":{\"name\":\"Editor\",\"@id\":\"https:\\\/\\\/realidadturistica.com\\\/realtur\\\/#\\\/schema\\\/person\\\/ade671191202490fcf08ab21590de73e\"},\"headline\":\"Llevan a Nueva York la magia de San Miguel de Allende; expondr\u00e1n bondades de la ciudad\",\"datePublished\":\"2023-11-07T14:18:11+00:00\",\"dateModified\":\"2023-11-07T14:20:23+00:00\",\"mainEntityOfPage\":{\"@id\":\"https:\\\/\\\/realidadturistica.com\\\/realtur\\\/llevan-a-nueva-york-la-magia-de-san-miguel-de-allende-expondran-bondades-de-la-ciudad\\\/\"},\"wordCount\":592,\"commentCount\":0,\"publisher\":{\"@id\":\"https:\\\/\\\/realidadturistica.com\\\/realtur\\\/#organization\"},\"image\":{\"@id\":\"https:\\\/\\\/realidadturistica.com\\\/realtur\\\/llevan-a-nueva-york-la-magia-de-san-miguel-de-allende-expondran-bondades-de-la-ciudad\\\/#primaryimage\"},\"thumbnailUrl\":\"https:\\\/\\\/realidadturistica.com\\\/realtur\\\/wp-content\\\/uploads\\\/2023\\\/11\\\/Llevan-a-Nueva.webp\",\"articleSection\":[\"Turismo\"],\"inLanguage\":\"es\",\"potentialAction\":[{\"@type\":\"CommentAction\",\"name\":\"Comment\",\"target\":[\"https:\\\/\\\/realidadturistica.com\\\/realtur\\\/llevan-a-nueva-york-la-magia-de-san-miguel-de-allende-expondran-bondades-de-la-ciudad\\\/#respond\"]}]},{\"@type\":\"WebPage\",\"@id\":\"https:\\\/\\\/realidadturistica.com\\\/realtur\\\/llevan-a-nueva-york-la-magia-de-san-miguel-de-allende-expondran-bondades-de-la-ciudad\\\/\",\"url\":\"https:\\\/\\\/realidadturistica.com\\\/realtur\\\/llevan-a-nueva-york-la-magia-de-san-miguel-de-allende-expondran-bondades-de-la-ciudad\\\/\",\"name\":\"Llevan a Nueva York la magia de San Miguel de Allende; expondr\u00e1n bondades de la ciudad - Realidad Tur\u00edstica\",\"isPartOf\":{\"@id\":\"https:\\\/\\\/realidadturistica.com\\\/realtur\\\/#website\"},\"primaryImageOfPage\":{\"@id\":\"https:\\\/\\\/realidadturistica.com\\\/realtur\\\/llevan-a-nueva-york-la-magia-de-san-miguel-de-allende-expondran-bondades-de-la-ciudad\\\/#primaryimage\"},\"image\":{\"@id\":\"https:\\\/\\\/realidadturistica.com\\\/realtur\\\/llevan-a-nueva-york-la-magia-de-san-miguel-de-allende-expondran-bondades-de-la-ciudad\\\/#primaryimage\"},\"thumbnailUrl\":\"https:\\\/\\\/realidadturistica.com\\\/realtur\\\/wp-content\\\/uploads\\\/2023\\\/11\\\/Llevan-a-Nueva.webp\",\"datePublished\":\"2023-11-07T14:18:11+00:00\",\"dateModified\":\"2023-11-07T14:20:23+00:00\",\"breadcrumb\":{\"@id\":\"https:\\\/\\\/realidadturistica.com\\\/realtur\\\/llevan-a-nueva-york-la-magia-de-san-miguel-de-allende-expondran-bondades-de-la-ciudad\\\/#breadcrumb\"},\"inLanguage\":\"es\",\"potentialAction\":[{\"@type\":\"ReadAction\",\"target\":[\"https:\\\/\\\/realidadturistica.com\\\/realtur\\\/llevan-a-nueva-york-la-magia-de-san-miguel-de-allende-expondran-bondades-de-la-ciudad\\\/\"]}]},{\"@type\":\"ImageObject\",\"inLanguage\":\"es\",\"@id\":\"https:\\\/\\\/realidadturistica.com\\\/realtur\\\/llevan-a-nueva-york-la-magia-de-san-miguel-de-allende-expondran-bondades-de-la-ciudad\\\/#primaryimage\",\"url\":\"https:\\\/\\\/realidadturistica.com\\\/realtur\\\/wp-content\\\/uploads\\\/2023\\\/11\\\/Llevan-a-Nueva.webp\",\"contentUrl\":\"https:\\\/\\\/realidadturistica.com\\\/realtur\\\/wp-content\\\/uploads\\\/2023\\\/11\\\/Llevan-a-Nueva.webp\",\"width\":942,\"height\":532},{\"@type\":\"BreadcrumbList\",\"@id\":\"https:\\\/\\\/realidadturistica.com\\\/realtur\\\/llevan-a-nueva-york-la-magia-de-san-miguel-de-allende-expondran-bondades-de-la-ciudad\\\/#breadcrumb\",\"itemListElement\":[{\"@type\":\"ListItem\",\"position\":1,\"name\":\"Portada\",\"item\":\"https:\\\/\\\/realidadturistica.com\\\/realtur\\\/\"},{\"@type\":\"ListItem\",\"position\":2,\"name\":\"Llevan a Nueva York la magia de San Miguel de Allende; expondr\u00e1n bondades de la ciudad\"}]},{\"@type\":\"WebSite\",\"@id\":\"https:\\\/\\\/realidadturistica.com\\\/realtur\\\/#website\",\"url\":\"https:\\\/\\\/realidadturistica.com\\\/realtur\\\/\",\"name\":\"Realidad Tur\u00edstica\",\"description\":\"\",\"publisher\":{\"@id\":\"https:\\\/\\\/realidadturistica.com\\\/realtur\\\/#organization\"},\"potentialAction\":[{\"@type\":\"SearchAction\",\"target\":{\"@type\":\"EntryPoint\",\"urlTemplate\":\"https:\\\/\\\/realidadturistica.com\\\/realtur\\\/?s={search_term_string}\"},\"query-input\":{\"@type\":\"PropertyValueSpecification\",\"valueRequired\":true,\"valueName\":\"search_term_string\"}}],\"inLanguage\":\"es\"},{\"@type\":\"Organization\",\"@id\":\"https:\\\/\\\/realidadturistica.com\\\/realtur\\\/#organization\",\"name\":\"Realidad Tur\u00edstica\",\"url\":\"https:\\\/\\\/realidadturistica.com\\\/realtur\\\/\",\"logo\":{\"@type\":\"ImageObject\",\"inLanguage\":\"es\",\"@id\":\"https:\\\/\\\/realidadturistica.com\\\/realtur\\\/#\\\/schema\\\/logo\\\/image\\\/\",\"url\":\"https:\\\/\\\/realidadturistica.com\\\/realtur\\\/wp-content\\\/uploads\\\/2021\\\/12\\\/logotipo-realidad-turistica.png\",\"contentUrl\":\"https:\\\/\\\/realidadturistica.com\\\/realtur\\\/wp-content\\\/uploads\\\/2021\\\/12\\\/logotipo-realidad-turistica.png\",\"width\":1382,\"height\":629,\"caption\":\"Realidad Tur\u00edstica\"},\"image\":{\"@id\":\"https:\\\/\\\/realidadturistica.com\\\/realtur\\\/#\\\/schema\\\/logo\\\/image\\\/\"},\"sameAs\":[\"https:\\\/\\\/www.facebook.com\\\/realidadturistica\",\"https:\\\/\\\/www.instagram.com\\\/realidad_turistica\\\/\"]},{\"@type\":\"Person\",\"@id\":\"https:\\\/\\\/realidadturistica.com\\\/realtur\\\/#\\\/schema\\\/person\\\/ade671191202490fcf08ab21590de73e\",\"name\":\"Editor\",\"image\":{\"@type\":\"ImageObject\",\"inLanguage\":\"es\",\"@id\":\"https:\\\/\\\/realidadturistica.com\\\/realtur\\\/wp-content\\\/uploads\\\/2023\\\/09\\\/Editor_avatar_1693668634-96x96.png\",\"url\":\"https:\\\/\\\/realidadturistica.com\\\/realtur\\\/wp-content\\\/uploads\\\/2023\\\/09\\\/Editor_avatar_1693668634-96x96.png\",\"contentUrl\":\"https:\\\/\\\/realidadturistica.com\\\/realtur\\\/wp-content\\\/uploads\\\/2023\\\/09\\\/Editor_avatar_1693668634-96x96.png\",\"caption\":\"Editor\"},\"sameAs\":[\"https:\\\/\\\/realidadturistica.com\\\/realtur\"],\"url\":\"https:\\\/\\\/realidadturistica.com\\\/realtur\\\/author\\\/editor2\\\/\"}]}<\/script>\n<!-- \/ Yoast SEO Premium plugin. -->","yoast_head_json":{"title":"Llevan a Nueva York la magia de San Miguel de Allende; expondr\u00e1n bondades de la ciudad - Realidad Tur\u00edstica","robots":{"index":"index","follow":"follow","max-snippet":"max-snippet:-1","max-image-preview":"max-image-preview:large","max-video-preview":"max-video-preview:-1"},"canonical":"https:\/\/realidadturistica.com\/realtur\/llevan-a-nueva-york-la-magia-de-san-miguel-de-allende-expondran-bondades-de-la-ciudad\/","og_locale":"es_ES","og_type":"article","og_title":"Llevan a Nueva York la magia de San Miguel de Allende; expondr\u00e1n bondades de la ciudad","og_description":"En la convenci\u00f3n 2023 de Cond\u00e9 Nast Traveler, la ciudad expondr\u00e1 las bondades tur\u00edsticas con las que cuenta que la han posicionado como una de&hellip;","og_url":"https:\/\/realidadturistica.com\/realtur\/llevan-a-nueva-york-la-magia-de-san-miguel-de-allende-expondran-bondades-de-la-ciudad\/","og_site_name":"Realidad Tur\u00edstica","article_publisher":"https:\/\/www.facebook.com\/realidadturistica","article_published_time":"2023-11-07T14:18:11+00:00","article_modified_time":"2023-11-07T14:20:23+00:00","og_image":[{"width":942,"height":532,"url":"https:\/\/realidadturistica.com\/realtur\/wp-content\/uploads\/2023\/11\/Llevan-a-Nueva.webp","type":"image\/webp"}],"author":"Editor","twitter_card":"summary_large_image","twitter_misc":{"Escrito por":"Editor","Tiempo de lectura":"3 minutos"},"schema":{"@context":"https:\/\/schema.org","@graph":[{"@type":"Article","@id":"https:\/\/realidadturistica.com\/realtur\/llevan-a-nueva-york-la-magia-de-san-miguel-de-allende-expondran-bondades-de-la-ciudad\/#article","isPartOf":{"@id":"https:\/\/realidadturistica.com\/realtur\/llevan-a-nueva-york-la-magia-de-san-miguel-de-allende-expondran-bondades-de-la-ciudad\/"},"author":{"name":"Editor","@id":"https:\/\/realidadturistica.com\/realtur\/#\/schema\/person\/ade671191202490fcf08ab21590de73e"},"headline":"Llevan a Nueva York la magia de San Miguel de Allende; expondr\u00e1n bondades de la ciudad","datePublished":"2023-11-07T14:18:11+00:00","dateModified":"2023-11-07T14:20:23+00:00","mainEntityOfPage":{"@id":"https:\/\/realidadturistica.com\/realtur\/llevan-a-nueva-york-la-magia-de-san-miguel-de-allende-expondran-bondades-de-la-ciudad\/"},"wordCount":592,"commentCount":0,"publisher":{"@id":"https:\/\/realidadturistica.com\/realtur\/#organization"},"image":{"@id":"https:\/\/realidadturistica.com\/realtur\/llevan-a-nueva-york-la-magia-de-san-miguel-de-allende-expondran-bondades-de-la-ciudad\/#primaryimage"},"thumbnailUrl":"https:\/\/realidadturistica.com\/realtur\/wp-content\/uploads\/2023\/11\/Llevan-a-Nueva.webp","articleSection":["Turismo"],"inLanguage":"es","potentialAction":[{"@type":"CommentAction","name":"Comment","target":["https:\/\/realidadturistica.com\/realtur\/llevan-a-nueva-york-la-magia-de-san-miguel-de-allende-expondran-bondades-de-la-ciudad\/#respond"]}]},{"@type":"WebPage","@id":"https:\/\/realidadturistica.com\/realtur\/llevan-a-nueva-york-la-magia-de-san-miguel-de-allende-expondran-bondades-de-la-ciudad\/","url":"https:\/\/realidadturistica.com\/realtur\/llevan-a-nueva-york-la-magia-de-san-miguel-de-allende-expondran-bondades-de-la-ciudad\/","name":"Llevan a Nueva York la magia de San Miguel de Allende; expondr\u00e1n bondades de la ciudad - Realidad Tur\u00edstica","isPartOf":{"@id":"https:\/\/realidadturistica.com\/realtur\/#website"},"primaryImageOfPage":{"@id":"https:\/\/realidadturistica.com\/realtur\/llevan-a-nueva-york-la-magia-de-san-miguel-de-allende-expondran-bondades-de-la-ciudad\/#primaryimage"},"image":{"@id":"https:\/\/realidadturistica.com\/realtur\/llevan-a-nueva-york-la-magia-de-san-miguel-de-allende-expondran-bondades-de-la-ciudad\/#primaryimage"},"thumbnailUrl":"https:\/\/realidadturistica.com\/realtur\/wp-content\/uploads\/2023\/11\/Llevan-a-Nueva.webp","datePublished":"2023-11-07T14:18:11+00:00","dateModified":"2023-11-07T14:20:23+00:00","breadcrumb":{"@id":"https:\/\/realidadturistica.com\/realtur\/llevan-a-nueva-york-la-magia-de-san-miguel-de-allende-expondran-bondades-de-la-ciudad\/#breadcrumb"},"inLanguage":"es","potentialAction":[{"@type":"ReadAction","target":["https:\/\/realidadturistica.com\/realtur\/llevan-a-nueva-york-la-magia-de-san-miguel-de-allende-expondran-bondades-de-la-ciudad\/"]}]},{"@type":"ImageObject","inLanguage":"es","@id":"https:\/\/realidadturistica.com\/realtur\/llevan-a-nueva-york-la-magia-de-san-miguel-de-allende-expondran-bondades-de-la-ciudad\/#primaryimage","url":"https:\/\/realidadturistica.com\/realtur\/wp-content\/uploads\/2023\/11\/Llevan-a-Nueva.webp","contentUrl":"https:\/\/realidadturistica.com\/realtur\/wp-content\/uploads\/2023\/11\/Llevan-a-Nueva.webp","width":942,"height":532},{"@type":"BreadcrumbList","@id":"https:\/\/realidadturistica.com\/realtur\/llevan-a-nueva-york-la-magia-de-san-miguel-de-allende-expondran-bondades-de-la-ciudad\/#breadcrumb","itemListElement":[{"@type":"ListItem","position":1,"name":"Portada","item":"https:\/\/realidadturistica.com\/realtur\/"},{"@type":"ListItem","position":2,"name":"Llevan a Nueva York la magia de San Miguel de Allende; expondr\u00e1n bondades de la ciudad"}]},{"@type":"WebSite","@id":"https:\/\/realidadturistica.com\/realtur\/#website","url":"https:\/\/realidadturistica.com\/realtur\/","name":"Realidad Tur\u00edstica","description":"","publisher":{"@id":"https:\/\/realidadturistica.com\/realtur\/#organization"},"potentialAction":[{"@type":"SearchAction","target":{"@type":"EntryPoint","urlTemplate":"https:\/\/realidadturistica.com\/realtur\/?s={search_term_string}"},"query-input":{"@type":"PropertyValueSpecification","valueRequired":true,"valueName":"search_term_string"}}],"inLanguage":"es"},{"@type":"Organization","@id":"https:\/\/realidadturistica.com\/realtur\/#organization","name":"Realidad Tur\u00edstica","url":"https:\/\/realidadturistica.com\/realtur\/","logo":{"@type":"ImageObject","inLanguage":"es","@id":"https:\/\/realidadturistica.com\/realtur\/#\/schema\/logo\/image\/","url":"https:\/\/realidadturistica.com\/realtur\/wp-content\/uploads\/2021\/12\/logotipo-realidad-turistica.png","contentUrl":"https:\/\/realidadturistica.com\/realtur\/wp-content\/uploads\/2021\/12\/logotipo-realidad-turistica.png","width":1382,"height":629,"caption":"Realidad Tur\u00edstica"},"image":{"@id":"https:\/\/realidadturistica.com\/realtur\/#\/schema\/logo\/image\/"},"sameAs":["https:\/\/www.facebook.com\/realidadturistica","https:\/\/www.instagram.com\/realidad_turistica\/"]},{"@type":"Person","@id":"https:\/\/realidadturistica.com\/realtur\/#\/schema\/person\/ade671191202490fcf08ab21590de73e","name":"Editor","image":{"@type":"ImageObject","inLanguage":"es","@id":"https:\/\/realidadturistica.com\/realtur\/wp-content\/uploads\/2023\/09\/Editor_avatar_1693668634-96x96.png","url":"https:\/\/realidadturistica.com\/realtur\/wp-content\/uploads\/2023\/09\/Editor_avatar_1693668634-96x96.png","contentUrl":"https:\/\/realidadturistica.com\/realtur\/wp-content\/uploads\/2023\/09\/Editor_avatar_1693668634-96x96.png","caption":"Editor"},"sameAs":["https:\/\/realidadturistica.com\/realtur"],"url":"https:\/\/realidadturistica.com\/realtur\/author\/editor2\/"}]}},"_links":{"self":[{"href":"https:\/\/realidadturistica.com\/realtur\/wp-json\/wp\/v2\/posts\/5786","targetHints":{"allow":["GET"]}}],"collection":[{"href":"https:\/\/realidadturistica.com\/realtur\/wp-json\/wp\/v2\/posts"}],"about":[{"href":"https:\/\/realidadturistica.com\/realtur\/wp-json\/wp\/v2\/types\/post"}],"author":[{"embeddable":true,"href":"https:\/\/realidadturistica.com\/realtur\/wp-json\/wp\/v2\/users\/2"}],"replies":[{"embeddable":true,"href":"https:\/\/realidadturistica.com\/realtur\/wp-json\/wp\/v2\/comments?post=5786"}],"version-history":[{"count":5,"href":"https:\/\/realidadturistica.com\/realtur\/wp-json\/wp\/v2\/posts\/5786\/revisions"}],"predecessor-version":[{"id":5792,"href":"https:\/\/realidadturistica.com\/realtur\/wp-json\/wp\/v2\/posts\/5786\/revisions\/5792"}],"wp:featuredmedia":[{"embeddable":true,"href":"https:\/\/realidadturistica.com\/realtur\/wp-json\/wp\/v2\/media\/5788"}],"wp:attachment":[{"href":"https:\/\/realidadturistica.com\/realtur\/wp-json\/wp\/v2\/media?parent=5786"}],"wp:term":[{"taxonomy":"category","embeddable":true,"href":"https:\/\/realidadturistica.com\/realtur\/wp-json\/wp\/v2\/categories?post=5786"},{"taxonomy":"post_tag","embeddable":true,"href":"https:\/\/realidadturistica.com\/realtur\/wp-json\/wp\/v2\/tags?post=5786"}],"curies":[{"name":"wp","href":"https:\/\/api.w.org\/{rel}","templated":true}]}}