{"id":5903,"date":"2023-11-21T12:31:44","date_gmt":"2023-11-21T12:31:44","guid":{"rendered":"https:\/\/realidadturistica.com\/realtur\/?p=5903"},"modified":"2023-11-21T12:31:47","modified_gmt":"2023-11-21T12:31:47","slug":"el-futuro-gran-melia-de-barcelona-llevara-el-nombre-de-torre-melina-como-tributo-a-la-historia-y-raices-del-hotel","status":"publish","type":"post","link":"https:\/\/realidadturistica.com\/realtur\/el-futuro-gran-melia-de-barcelona-llevara-el-nombre-de-torre-melina-como-tributo-a-la-historia-y-raices-del-hotel\/","title":{"rendered":"El futuro Gran Meli\u00e1 de Barcelona llevar\u00e1 el nombre de Torre Melina como tributo a la historia y ra\u00edces del hotel"},"content":{"rendered":"\n<p class=\"yoast-reading-time__wrapper\"><span class=\"yoast-reading-time__icon\"><svg aria-hidden=\"true\" focusable=\"false\" data-icon=\"clock\" width=\"20\" height=\"20\" fill=\"none\" stroke=\"currentColor\" style=\"display:inline-block;vertical-align:-0.1em\" role=\"img\" xmlns=\"http:\/\/www.w3.org\/2000\/svg\" viewbox=\"0 0 24 24\"><path stroke-linecap=\"round\" stroke-linejoin=\"round\" stroke-width=\"2\" d=\"M12 8v4l3 3m6-3a9 9 0 11-18 0 9 9 0 0118 0z\"><\/path><\/svg><\/span><span class=\"yoast-reading-time__spacer\" style=\"display:inline-block;width:1em\"><\/span><span class=\"yoast-reading-time__descriptive-text\">Tiempo de lectura estimado:  <\/span><span class=\"yoast-reading-time__reading-time\">4<\/span><span class=\"yoast-reading-time__time-unit\"> minutos<\/span><\/p>\n\n\n\n<p>Gran Meli\u00e1, la marca de lujo de Meli\u00e1 Hotels International, ultima todos los detalles de su pr\u00f3xima apertura en Barcelona, donde a comienzos de 2024 ver\u00e1 la luz su \u00faltimo proyecto: Torre Melina, a Gran Meli\u00e1 Hotel. La compa\u00f1\u00eda, que anunci\u00f3 a principios de a\u00f1o la incorporaci\u00f3n de este emblem\u00e1tico establecimiento (antiguo Hotel Rey Juan Carlos I), junto al Palau de Congressos de Catalunya, ha decidido rendir tributo a la herencia hist\u00f3rica y patrimonial del complejo, bautizando al hotel como Torre Melina, en honor a la antigua mas\u00eda del mismo nombre, que data del siglo XII, y en cuyos terrenos se encuentra enclavado el hotel.<\/p>\n\n\n\n<p>La denominaci\u00f3n de este emblem\u00e1tico establecimiento de la ciudad refleja el compromiso de la compa\u00f1\u00eda para ser un miembro activo y responsable con la comunidad local, as\u00ed como su vocaci\u00f3n de preservar y celebrar la herencia de los ic\u00f3nicos jardines que rodean la propiedad. De hecho, el hotel conserva con orgullo fragmentos de los jardines modernistas, que ahora son testimonio de su belleza atemporal.<\/p>\n\n\n\n<p>En esta nueva etapa, Meli\u00e1 busca recuperar el esplendor del hotel y sus jardines centenarios, y convertirlo en un oasis de tranquilidad y lujo urbano en la zona alta de la Diagonal; la opci\u00f3n ideal para los viajeros exigentes que buscan la desconexi\u00f3n del fren\u00e9tico ritmo de la Ciudad Condal. As\u00ed, tras una profunda renovaci\u00f3n, el hotel volver\u00e1 a abrir sus puertas en enero de 2024 ofreciendo una experiencia de alojamiento de lujo en su 391 habitaciones y suites, adem\u00e1s de una extraordinaria oferta de servicios e instalaciones, que incluyen 18 salas para eventos interiores y exteriores, varias piscinas y las mejores experiencias de bienestar, entre otros.<\/p>\n\n\n\n<p>Torre Melina desvela una propuesta gastron\u00f3mica de primer nivel<\/p>\n\n\n\n<p>Una de las principales aportaciones de valor a la ciudad del renovado hotel ser\u00e1, sin duda, su extraordinaria propuesta gastron\u00f3mica. As\u00ed, la compa\u00f1\u00eda acaba de relevar sus dos primeros acuerdos, que se complementar\u00e1n con otros proyectos anunciados pr\u00f3ximamente. Se trata de dos socios de alto nivel que aportar\u00e1n su creatividad e innovaci\u00f3n para definir una experiencia culinaria \u00fanica, como son ERRE de Errechu y un jazz club de la mano de Erik Lorincz.<\/p>\n\n\n\n<p>Dirigido por \u00cd\u00f1igo Urrechu, ERRE es un asador que cuida al m\u00e1ximo la elecci\u00f3n de las materias primas, dando prioridad a las verduras ecol\u00f3gicas de temporada, los pescados salvajes y las carnes nacionales e internacionales m\u00e1s destacadas. El restaurante estar\u00e1 ubicado en el lobby del hotel y disfrutar\u00e1, adem\u00e1s, de una amplia carta con m\u00e1s de 200 vinos.<\/p>\n\n\n\n<p>Por \u00faltimo, Erik Lorincz, uno de los mix\u00f3logos con m\u00e1s talento y reconocimiento del sector &#8211; ganador del Premio al Mejor Bartender del A\u00f1o y creador del Kw\u00e4nt Restaurant de Londres &#8211; ser\u00e1 el encargado de poner la nota de creatividad en la cocteler\u00eda del hotel. Con m\u00e1s de 20 a\u00f1os de experiencia, ahora trae sus sabores y creaciones a Barcelona, sin perder ni un \u00e1pice del savoir-faire brit\u00e1nico.<\/p>\n\n\n\n<p>Palau de Congressos de Catalunya: un activo indispensable del proyecto<\/p>\n\n\n\n<p>Junto al futuro hotel Torre Melina de Gran Meli\u00e1, se encuentra ya plenamente operativo el Palau de Congressos de Catalunya, que Meli\u00e1 puso en marcha hace apenas unas semanas. Este espacio tiene un papel esencial en el reposicionamiento de todo el complejo, ya que supone un complemento fundamental del hotel como infraestructura clave para atraer la creciente demanda del segmento MICE que experimenta la ciudad.<\/p>\n\n\n\n<p>Con mejoras en sus instalaciones y nuevo equipamiento tecnol\u00f3gico, el Palau cuenta con 39 salones de diversos tama\u00f1os y modulables, un auditorio con capacidad para m\u00e1s de 2.000 personas, m\u00faltiples espacios multiuso interiores y exteriores, as\u00ed como un \u00e1rea de exposiciones de m\u00e1s de 4.000 m2.&nbsp;<\/p>\n\n\n\n<p>Acerca de Meli\u00e1 Hotels International: Fundada en 1956 en Palma de Mallorca (Espa\u00f1a), Meli\u00e1 Hotels International cuenta con m\u00e1s de 400 hoteles abiertos o en proceso de apertura, en m\u00e1s de 40 pa\u00edses, y un portfolio de diez marcas: Gran Meli\u00e1 Hotels &amp; Resorts, ME by Meli\u00e1, The Meli\u00e1 Collection, Paradisus by Meli\u00e1, Meli\u00e1 Hotels &amp; Resorts, ZEL, INNSiDE by Meli\u00e1, Falcon\u2019s Resorts by Meli\u00e1, Sol by Meli\u00e1, y Affiliated by Meli\u00e1. La Compa\u00f1\u00eda es una de las hoteleras l\u00edderes mundiales en el segmento de hoteles vacacionales y su experiencia en este \u00e1mbito le ha permitido consolidarse en el creciente mercado de hoteles urbanos inspirados en el ocio. Su compromiso con el turismo responsable le ha hecho ser reconocida como la hotelera m\u00e1s sostenible del mundo en 2022 seg\u00fan el Corporate Sustainability Assesment de S&amp;P Global, adem\u00e1s de ser marca \u201cTop Employer 2023\u201d en Espa\u00f1a, Rep\u00fablica Dominicana, M\u00e9xico, Italia y Alemania. Meli\u00e1 Hotels International tambi\u00e9n forma parte del IBEX 35.&nbsp; Para m\u00e1s informaci\u00f3n, visite www.meliahotelsinternational.com<\/p>\n","protected":false},"excerpt":{"rendered":"<p>Gran Meli\u00e1, la marca de lujo de Meli\u00e1 Hotels International, ultima todos los detalles de su pr\u00f3xima apertura en Barcelona, donde a comienzos de 2024&hellip;<\/p>\n","protected":false},"author":2,"featured_media":5904,"comment_status":"open","ping_status":"closed","sticky":false,"template":"","format":"standard","meta":{"content-type":"","_lmt_disableupdate":"","_lmt_disable":"","footnotes":""},"categories":[6],"tags":[],"class_list":["post-5903","post","type-post","status-publish","format-standard","has-post-thumbnail","hentry","category-turismo"],"yoast_head":"<!-- This site is optimized with the Yoast SEO Premium plugin v27.4 (Yoast SEO v27.4) - https:\/\/yoast.com\/product\/yoast-seo-premium-wordpress\/ -->\n<title>El futuro Gran Meli\u00e1 de Barcelona llevar\u00e1 el nombre de Torre Melina como tributo a la historia y ra\u00edces del hotel - Realidad Tur\u00edstica<\/title>\n<meta name=\"robots\" content=\"index, follow, max-snippet:-1, max-image-preview:large, max-video-preview:-1\" \/>\n<link rel=\"canonical\" href=\"https:\/\/realidadturistica.com\/realtur\/el-futuro-gran-melia-de-barcelona-llevara-el-nombre-de-torre-melina-como-tributo-a-la-historia-y-raices-del-hotel\/\" \/>\n<meta property=\"og:locale\" content=\"es_ES\" \/>\n<meta property=\"og:type\" content=\"article\" \/>\n<meta property=\"og:title\" content=\"El futuro Gran Meli\u00e1 de Barcelona llevar\u00e1 el nombre de Torre Melina como tributo a la historia y ra\u00edces del hotel\" \/>\n<meta property=\"og:description\" content=\"Gran Meli\u00e1, la marca de lujo de Meli\u00e1 Hotels International, ultima todos los detalles de su pr\u00f3xima apertura en Barcelona, donde a comienzos de 2024&hellip;\" \/>\n<meta property=\"og:url\" content=\"https:\/\/realidadturistica.com\/realtur\/el-futuro-gran-melia-de-barcelona-llevara-el-nombre-de-torre-melina-como-tributo-a-la-historia-y-raices-del-hotel\/\" \/>\n<meta property=\"og:site_name\" content=\"Realidad Tur\u00edstica\" \/>\n<meta property=\"article:publisher\" content=\"https:\/\/www.facebook.com\/realidadturistica\" \/>\n<meta property=\"article:published_time\" content=\"2023-11-21T12:31:44+00:00\" \/>\n<meta property=\"article:modified_time\" content=\"2023-11-21T12:31:47+00:00\" \/>\n<meta property=\"og:image\" content=\"https:\/\/realidadturistica.com\/realtur\/wp-content\/uploads\/2023\/11\/El-futuro-Gran-1.jpg\" \/>\n\t<meta property=\"og:image:width\" content=\"1270\" \/>\n\t<meta property=\"og:image:height\" content=\"846\" \/>\n\t<meta property=\"og:image:type\" content=\"image\/jpeg\" \/>\n<meta name=\"author\" content=\"Editor\" \/>\n<meta name=\"twitter:card\" content=\"summary_large_image\" \/>\n<meta name=\"twitter:label1\" content=\"Escrito por\" \/>\n\t<meta name=\"twitter:data1\" content=\"Editor\" \/>\n\t<meta name=\"twitter:label2\" content=\"Tiempo de lectura\" \/>\n\t<meta name=\"twitter:data2\" content=\"4 minutos\" \/>\n<script type=\"application\/ld+json\" class=\"yoast-schema-graph\">{\"@context\":\"https:\\\/\\\/schema.org\",\"@graph\":[{\"@type\":\"Article\",\"@id\":\"https:\\\/\\\/realidadturistica.com\\\/realtur\\\/el-futuro-gran-melia-de-barcelona-llevara-el-nombre-de-torre-melina-como-tributo-a-la-historia-y-raices-del-hotel\\\/#article\",\"isPartOf\":{\"@id\":\"https:\\\/\\\/realidadturistica.com\\\/realtur\\\/el-futuro-gran-melia-de-barcelona-llevara-el-nombre-de-torre-melina-como-tributo-a-la-historia-y-raices-del-hotel\\\/\"},\"author\":{\"name\":\"Editor\",\"@id\":\"https:\\\/\\\/realidadturistica.com\\\/realtur\\\/#\\\/schema\\\/person\\\/ade671191202490fcf08ab21590de73e\"},\"headline\":\"El futuro Gran Meli\u00e1 de Barcelona llevar\u00e1 el nombre de Torre Melina como tributo a la historia y ra\u00edces del hotel\",\"datePublished\":\"2023-11-21T12:31:44+00:00\",\"dateModified\":\"2023-11-21T12:31:47+00:00\",\"mainEntityOfPage\":{\"@id\":\"https:\\\/\\\/realidadturistica.com\\\/realtur\\\/el-futuro-gran-melia-de-barcelona-llevara-el-nombre-de-torre-melina-como-tributo-a-la-historia-y-raices-del-hotel\\\/\"},\"wordCount\":848,\"commentCount\":0,\"publisher\":{\"@id\":\"https:\\\/\\\/realidadturistica.com\\\/realtur\\\/#organization\"},\"image\":{\"@id\":\"https:\\\/\\\/realidadturistica.com\\\/realtur\\\/el-futuro-gran-melia-de-barcelona-llevara-el-nombre-de-torre-melina-como-tributo-a-la-historia-y-raices-del-hotel\\\/#primaryimage\"},\"thumbnailUrl\":\"https:\\\/\\\/realidadturistica.com\\\/realtur\\\/wp-content\\\/uploads\\\/2023\\\/11\\\/El-futuro-Gran-1.jpg\",\"articleSection\":[\"Turismo\"],\"inLanguage\":\"es\",\"potentialAction\":[{\"@type\":\"CommentAction\",\"name\":\"Comment\",\"target\":[\"https:\\\/\\\/realidadturistica.com\\\/realtur\\\/el-futuro-gran-melia-de-barcelona-llevara-el-nombre-de-torre-melina-como-tributo-a-la-historia-y-raices-del-hotel\\\/#respond\"]}]},{\"@type\":\"WebPage\",\"@id\":\"https:\\\/\\\/realidadturistica.com\\\/realtur\\\/el-futuro-gran-melia-de-barcelona-llevara-el-nombre-de-torre-melina-como-tributo-a-la-historia-y-raices-del-hotel\\\/\",\"url\":\"https:\\\/\\\/realidadturistica.com\\\/realtur\\\/el-futuro-gran-melia-de-barcelona-llevara-el-nombre-de-torre-melina-como-tributo-a-la-historia-y-raices-del-hotel\\\/\",\"name\":\"El futuro Gran Meli\u00e1 de Barcelona llevar\u00e1 el nombre de Torre Melina como tributo a la historia y ra\u00edces del hotel - Realidad Tur\u00edstica\",\"isPartOf\":{\"@id\":\"https:\\\/\\\/realidadturistica.com\\\/realtur\\\/#website\"},\"primaryImageOfPage\":{\"@id\":\"https:\\\/\\\/realidadturistica.com\\\/realtur\\\/el-futuro-gran-melia-de-barcelona-llevara-el-nombre-de-torre-melina-como-tributo-a-la-historia-y-raices-del-hotel\\\/#primaryimage\"},\"image\":{\"@id\":\"https:\\\/\\\/realidadturistica.com\\\/realtur\\\/el-futuro-gran-melia-de-barcelona-llevara-el-nombre-de-torre-melina-como-tributo-a-la-historia-y-raices-del-hotel\\\/#primaryimage\"},\"thumbnailUrl\":\"https:\\\/\\\/realidadturistica.com\\\/realtur\\\/wp-content\\\/uploads\\\/2023\\\/11\\\/El-futuro-Gran-1.jpg\",\"datePublished\":\"2023-11-21T12:31:44+00:00\",\"dateModified\":\"2023-11-21T12:31:47+00:00\",\"breadcrumb\":{\"@id\":\"https:\\\/\\\/realidadturistica.com\\\/realtur\\\/el-futuro-gran-melia-de-barcelona-llevara-el-nombre-de-torre-melina-como-tributo-a-la-historia-y-raices-del-hotel\\\/#breadcrumb\"},\"inLanguage\":\"es\",\"potentialAction\":[{\"@type\":\"ReadAction\",\"target\":[\"https:\\\/\\\/realidadturistica.com\\\/realtur\\\/el-futuro-gran-melia-de-barcelona-llevara-el-nombre-de-torre-melina-como-tributo-a-la-historia-y-raices-del-hotel\\\/\"]}]},{\"@type\":\"ImageObject\",\"inLanguage\":\"es\",\"@id\":\"https:\\\/\\\/realidadturistica.com\\\/realtur\\\/el-futuro-gran-melia-de-barcelona-llevara-el-nombre-de-torre-melina-como-tributo-a-la-historia-y-raices-del-hotel\\\/#primaryimage\",\"url\":\"https:\\\/\\\/realidadturistica.com\\\/realtur\\\/wp-content\\\/uploads\\\/2023\\\/11\\\/El-futuro-Gran-1.jpg\",\"contentUrl\":\"https:\\\/\\\/realidadturistica.com\\\/realtur\\\/wp-content\\\/uploads\\\/2023\\\/11\\\/El-futuro-Gran-1.jpg\",\"width\":1270,\"height\":846},{\"@type\":\"BreadcrumbList\",\"@id\":\"https:\\\/\\\/realidadturistica.com\\\/realtur\\\/el-futuro-gran-melia-de-barcelona-llevara-el-nombre-de-torre-melina-como-tributo-a-la-historia-y-raices-del-hotel\\\/#breadcrumb\",\"itemListElement\":[{\"@type\":\"ListItem\",\"position\":1,\"name\":\"Portada\",\"item\":\"https:\\\/\\\/realidadturistica.com\\\/realtur\\\/\"},{\"@type\":\"ListItem\",\"position\":2,\"name\":\"El futuro Gran Meli\u00e1 de Barcelona llevar\u00e1 el nombre de Torre Melina como tributo a la historia y ra\u00edces del hotel\"}]},{\"@type\":\"WebSite\",\"@id\":\"https:\\\/\\\/realidadturistica.com\\\/realtur\\\/#website\",\"url\":\"https:\\\/\\\/realidadturistica.com\\\/realtur\\\/\",\"name\":\"Realidad Tur\u00edstica\",\"description\":\"\",\"publisher\":{\"@id\":\"https:\\\/\\\/realidadturistica.com\\\/realtur\\\/#organization\"},\"potentialAction\":[{\"@type\":\"SearchAction\",\"target\":{\"@type\":\"EntryPoint\",\"urlTemplate\":\"https:\\\/\\\/realidadturistica.com\\\/realtur\\\/?s={search_term_string}\"},\"query-input\":{\"@type\":\"PropertyValueSpecification\",\"valueRequired\":true,\"valueName\":\"search_term_string\"}}],\"inLanguage\":\"es\"},{\"@type\":\"Organization\",\"@id\":\"https:\\\/\\\/realidadturistica.com\\\/realtur\\\/#organization\",\"name\":\"Realidad Tur\u00edstica\",\"url\":\"https:\\\/\\\/realidadturistica.com\\\/realtur\\\/\",\"logo\":{\"@type\":\"ImageObject\",\"inLanguage\":\"es\",\"@id\":\"https:\\\/\\\/realidadturistica.com\\\/realtur\\\/#\\\/schema\\\/logo\\\/image\\\/\",\"url\":\"https:\\\/\\\/realidadturistica.com\\\/realtur\\\/wp-content\\\/uploads\\\/2021\\\/12\\\/logotipo-realidad-turistica.png\",\"contentUrl\":\"https:\\\/\\\/realidadturistica.com\\\/realtur\\\/wp-content\\\/uploads\\\/2021\\\/12\\\/logotipo-realidad-turistica.png\",\"width\":1382,\"height\":629,\"caption\":\"Realidad Tur\u00edstica\"},\"image\":{\"@id\":\"https:\\\/\\\/realidadturistica.com\\\/realtur\\\/#\\\/schema\\\/logo\\\/image\\\/\"},\"sameAs\":[\"https:\\\/\\\/www.facebook.com\\\/realidadturistica\",\"https:\\\/\\\/www.instagram.com\\\/realidad_turistica\\\/\"]},{\"@type\":\"Person\",\"@id\":\"https:\\\/\\\/realidadturistica.com\\\/realtur\\\/#\\\/schema\\\/person\\\/ade671191202490fcf08ab21590de73e\",\"name\":\"Editor\",\"image\":{\"@type\":\"ImageObject\",\"inLanguage\":\"es\",\"@id\":\"https:\\\/\\\/realidadturistica.com\\\/realtur\\\/wp-content\\\/uploads\\\/2023\\\/09\\\/Editor_avatar_1693668634-96x96.png\",\"url\":\"https:\\\/\\\/realidadturistica.com\\\/realtur\\\/wp-content\\\/uploads\\\/2023\\\/09\\\/Editor_avatar_1693668634-96x96.png\",\"contentUrl\":\"https:\\\/\\\/realidadturistica.com\\\/realtur\\\/wp-content\\\/uploads\\\/2023\\\/09\\\/Editor_avatar_1693668634-96x96.png\",\"caption\":\"Editor\"},\"sameAs\":[\"https:\\\/\\\/realidadturistica.com\\\/realtur\"],\"url\":\"https:\\\/\\\/realidadturistica.com\\\/realtur\\\/author\\\/editor2\\\/\"}]}<\/script>\n<!-- \/ Yoast SEO Premium plugin. -->","yoast_head_json":{"title":"El futuro Gran Meli\u00e1 de Barcelona llevar\u00e1 el nombre de Torre Melina como tributo a la historia y ra\u00edces del hotel - Realidad Tur\u00edstica","robots":{"index":"index","follow":"follow","max-snippet":"max-snippet:-1","max-image-preview":"max-image-preview:large","max-video-preview":"max-video-preview:-1"},"canonical":"https:\/\/realidadturistica.com\/realtur\/el-futuro-gran-melia-de-barcelona-llevara-el-nombre-de-torre-melina-como-tributo-a-la-historia-y-raices-del-hotel\/","og_locale":"es_ES","og_type":"article","og_title":"El futuro Gran Meli\u00e1 de Barcelona llevar\u00e1 el nombre de Torre Melina como tributo a la historia y ra\u00edces del hotel","og_description":"Gran Meli\u00e1, la marca de lujo de Meli\u00e1 Hotels International, ultima todos los detalles de su pr\u00f3xima apertura en Barcelona, donde a comienzos de 2024&hellip;","og_url":"https:\/\/realidadturistica.com\/realtur\/el-futuro-gran-melia-de-barcelona-llevara-el-nombre-de-torre-melina-como-tributo-a-la-historia-y-raices-del-hotel\/","og_site_name":"Realidad Tur\u00edstica","article_publisher":"https:\/\/www.facebook.com\/realidadturistica","article_published_time":"2023-11-21T12:31:44+00:00","article_modified_time":"2023-11-21T12:31:47+00:00","og_image":[{"width":1270,"height":846,"url":"https:\/\/realidadturistica.com\/realtur\/wp-content\/uploads\/2023\/11\/El-futuro-Gran-1.jpg","type":"image\/jpeg"}],"author":"Editor","twitter_card":"summary_large_image","twitter_misc":{"Escrito por":"Editor","Tiempo de lectura":"4 minutos"},"schema":{"@context":"https:\/\/schema.org","@graph":[{"@type":"Article","@id":"https:\/\/realidadturistica.com\/realtur\/el-futuro-gran-melia-de-barcelona-llevara-el-nombre-de-torre-melina-como-tributo-a-la-historia-y-raices-del-hotel\/#article","isPartOf":{"@id":"https:\/\/realidadturistica.com\/realtur\/el-futuro-gran-melia-de-barcelona-llevara-el-nombre-de-torre-melina-como-tributo-a-la-historia-y-raices-del-hotel\/"},"author":{"name":"Editor","@id":"https:\/\/realidadturistica.com\/realtur\/#\/schema\/person\/ade671191202490fcf08ab21590de73e"},"headline":"El futuro Gran Meli\u00e1 de Barcelona llevar\u00e1 el nombre de Torre Melina como tributo a la historia y ra\u00edces del hotel","datePublished":"2023-11-21T12:31:44+00:00","dateModified":"2023-11-21T12:31:47+00:00","mainEntityOfPage":{"@id":"https:\/\/realidadturistica.com\/realtur\/el-futuro-gran-melia-de-barcelona-llevara-el-nombre-de-torre-melina-como-tributo-a-la-historia-y-raices-del-hotel\/"},"wordCount":848,"commentCount":0,"publisher":{"@id":"https:\/\/realidadturistica.com\/realtur\/#organization"},"image":{"@id":"https:\/\/realidadturistica.com\/realtur\/el-futuro-gran-melia-de-barcelona-llevara-el-nombre-de-torre-melina-como-tributo-a-la-historia-y-raices-del-hotel\/#primaryimage"},"thumbnailUrl":"https:\/\/realidadturistica.com\/realtur\/wp-content\/uploads\/2023\/11\/El-futuro-Gran-1.jpg","articleSection":["Turismo"],"inLanguage":"es","potentialAction":[{"@type":"CommentAction","name":"Comment","target":["https:\/\/realidadturistica.com\/realtur\/el-futuro-gran-melia-de-barcelona-llevara-el-nombre-de-torre-melina-como-tributo-a-la-historia-y-raices-del-hotel\/#respond"]}]},{"@type":"WebPage","@id":"https:\/\/realidadturistica.com\/realtur\/el-futuro-gran-melia-de-barcelona-llevara-el-nombre-de-torre-melina-como-tributo-a-la-historia-y-raices-del-hotel\/","url":"https:\/\/realidadturistica.com\/realtur\/el-futuro-gran-melia-de-barcelona-llevara-el-nombre-de-torre-melina-como-tributo-a-la-historia-y-raices-del-hotel\/","name":"El futuro Gran Meli\u00e1 de Barcelona llevar\u00e1 el nombre de Torre Melina como tributo a la historia y ra\u00edces del hotel - Realidad Tur\u00edstica","isPartOf":{"@id":"https:\/\/realidadturistica.com\/realtur\/#website"},"primaryImageOfPage":{"@id":"https:\/\/realidadturistica.com\/realtur\/el-futuro-gran-melia-de-barcelona-llevara-el-nombre-de-torre-melina-como-tributo-a-la-historia-y-raices-del-hotel\/#primaryimage"},"image":{"@id":"https:\/\/realidadturistica.com\/realtur\/el-futuro-gran-melia-de-barcelona-llevara-el-nombre-de-torre-melina-como-tributo-a-la-historia-y-raices-del-hotel\/#primaryimage"},"thumbnailUrl":"https:\/\/realidadturistica.com\/realtur\/wp-content\/uploads\/2023\/11\/El-futuro-Gran-1.jpg","datePublished":"2023-11-21T12:31:44+00:00","dateModified":"2023-11-21T12:31:47+00:00","breadcrumb":{"@id":"https:\/\/realidadturistica.com\/realtur\/el-futuro-gran-melia-de-barcelona-llevara-el-nombre-de-torre-melina-como-tributo-a-la-historia-y-raices-del-hotel\/#breadcrumb"},"inLanguage":"es","potentialAction":[{"@type":"ReadAction","target":["https:\/\/realidadturistica.com\/realtur\/el-futuro-gran-melia-de-barcelona-llevara-el-nombre-de-torre-melina-como-tributo-a-la-historia-y-raices-del-hotel\/"]}]},{"@type":"ImageObject","inLanguage":"es","@id":"https:\/\/realidadturistica.com\/realtur\/el-futuro-gran-melia-de-barcelona-llevara-el-nombre-de-torre-melina-como-tributo-a-la-historia-y-raices-del-hotel\/#primaryimage","url":"https:\/\/realidadturistica.com\/realtur\/wp-content\/uploads\/2023\/11\/El-futuro-Gran-1.jpg","contentUrl":"https:\/\/realidadturistica.com\/realtur\/wp-content\/uploads\/2023\/11\/El-futuro-Gran-1.jpg","width":1270,"height":846},{"@type":"BreadcrumbList","@id":"https:\/\/realidadturistica.com\/realtur\/el-futuro-gran-melia-de-barcelona-llevara-el-nombre-de-torre-melina-como-tributo-a-la-historia-y-raices-del-hotel\/#breadcrumb","itemListElement":[{"@type":"ListItem","position":1,"name":"Portada","item":"https:\/\/realidadturistica.com\/realtur\/"},{"@type":"ListItem","position":2,"name":"El futuro Gran Meli\u00e1 de Barcelona llevar\u00e1 el nombre de Torre Melina como tributo a la historia y ra\u00edces del hotel"}]},{"@type":"WebSite","@id":"https:\/\/realidadturistica.com\/realtur\/#website","url":"https:\/\/realidadturistica.com\/realtur\/","name":"Realidad Tur\u00edstica","description":"","publisher":{"@id":"https:\/\/realidadturistica.com\/realtur\/#organization"},"potentialAction":[{"@type":"SearchAction","target":{"@type":"EntryPoint","urlTemplate":"https:\/\/realidadturistica.com\/realtur\/?s={search_term_string}"},"query-input":{"@type":"PropertyValueSpecification","valueRequired":true,"valueName":"search_term_string"}}],"inLanguage":"es"},{"@type":"Organization","@id":"https:\/\/realidadturistica.com\/realtur\/#organization","name":"Realidad Tur\u00edstica","url":"https:\/\/realidadturistica.com\/realtur\/","logo":{"@type":"ImageObject","inLanguage":"es","@id":"https:\/\/realidadturistica.com\/realtur\/#\/schema\/logo\/image\/","url":"https:\/\/realidadturistica.com\/realtur\/wp-content\/uploads\/2021\/12\/logotipo-realidad-turistica.png","contentUrl":"https:\/\/realidadturistica.com\/realtur\/wp-content\/uploads\/2021\/12\/logotipo-realidad-turistica.png","width":1382,"height":629,"caption":"Realidad Tur\u00edstica"},"image":{"@id":"https:\/\/realidadturistica.com\/realtur\/#\/schema\/logo\/image\/"},"sameAs":["https:\/\/www.facebook.com\/realidadturistica","https:\/\/www.instagram.com\/realidad_turistica\/"]},{"@type":"Person","@id":"https:\/\/realidadturistica.com\/realtur\/#\/schema\/person\/ade671191202490fcf08ab21590de73e","name":"Editor","image":{"@type":"ImageObject","inLanguage":"es","@id":"https:\/\/realidadturistica.com\/realtur\/wp-content\/uploads\/2023\/09\/Editor_avatar_1693668634-96x96.png","url":"https:\/\/realidadturistica.com\/realtur\/wp-content\/uploads\/2023\/09\/Editor_avatar_1693668634-96x96.png","contentUrl":"https:\/\/realidadturistica.com\/realtur\/wp-content\/uploads\/2023\/09\/Editor_avatar_1693668634-96x96.png","caption":"Editor"},"sameAs":["https:\/\/realidadturistica.com\/realtur"],"url":"https:\/\/realidadturistica.com\/realtur\/author\/editor2\/"}]}},"_links":{"self":[{"href":"https:\/\/realidadturistica.com\/realtur\/wp-json\/wp\/v2\/posts\/5903","targetHints":{"allow":["GET"]}}],"collection":[{"href":"https:\/\/realidadturistica.com\/realtur\/wp-json\/wp\/v2\/posts"}],"about":[{"href":"https:\/\/realidadturistica.com\/realtur\/wp-json\/wp\/v2\/types\/post"}],"author":[{"embeddable":true,"href":"https:\/\/realidadturistica.com\/realtur\/wp-json\/wp\/v2\/users\/2"}],"replies":[{"embeddable":true,"href":"https:\/\/realidadturistica.com\/realtur\/wp-json\/wp\/v2\/comments?post=5903"}],"version-history":[{"count":1,"href":"https:\/\/realidadturistica.com\/realtur\/wp-json\/wp\/v2\/posts\/5903\/revisions"}],"predecessor-version":[{"id":5905,"href":"https:\/\/realidadturistica.com\/realtur\/wp-json\/wp\/v2\/posts\/5903\/revisions\/5905"}],"wp:featuredmedia":[{"embeddable":true,"href":"https:\/\/realidadturistica.com\/realtur\/wp-json\/wp\/v2\/media\/5904"}],"wp:attachment":[{"href":"https:\/\/realidadturistica.com\/realtur\/wp-json\/wp\/v2\/media?parent=5903"}],"wp:term":[{"taxonomy":"category","embeddable":true,"href":"https:\/\/realidadturistica.com\/realtur\/wp-json\/wp\/v2\/categories?post=5903"},{"taxonomy":"post_tag","embeddable":true,"href":"https:\/\/realidadturistica.com\/realtur\/wp-json\/wp\/v2\/tags?post=5903"}],"curies":[{"name":"wp","href":"https:\/\/api.w.org\/{rel}","templated":true}]}}