{"id":5945,"date":"2023-11-26T13:11:04","date_gmt":"2023-11-26T13:11:04","guid":{"rendered":"https:\/\/realidadturistica.com\/realtur\/?p=5945"},"modified":"2023-11-26T13:12:28","modified_gmt":"2023-11-26T13:12:28","slug":"melia-y-rafa-nadal-abren-en-punta-cana-el-primer-zel-de-america","status":"publish","type":"post","link":"https:\/\/realidadturistica.com\/realtur\/melia-y-rafa-nadal-abren-en-punta-cana-el-primer-zel-de-america\/","title":{"rendered":"Meli\u00e1 y Rafa Nadal abren en Punta Cana el primer Zel de Am\u00e9rica"},"content":{"rendered":"\n<p class=\"yoast-reading-time__wrapper\"><span class=\"yoast-reading-time__icon\"><svg aria-hidden=\"true\" focusable=\"false\" data-icon=\"clock\" width=\"20\" height=\"20\" fill=\"none\" stroke=\"currentColor\" style=\"display:inline-block;vertical-align:-0.1em\" role=\"img\" xmlns=\"http:\/\/www.w3.org\/2000\/svg\" viewbox=\"0 0 24 24\"><path stroke-linecap=\"round\" stroke-linejoin=\"round\" stroke-width=\"2\" d=\"M12 8v4l3 3m6-3a9 9 0 11-18 0 9 9 0 0118 0z\"><\/path><\/svg><\/span><span class=\"yoast-reading-time__spacer\" style=\"display:inline-block;width:1em\"><\/span><span class=\"yoast-reading-time__descriptive-text\">Tiempo de lectura estimado:  <\/span><span class=\"yoast-reading-time__reading-time\">2<\/span><span class=\"yoast-reading-time__time-unit\"> minutos<\/span><\/p>\n\n\n\n<p>RD. El presidente de Meli\u00e1 Hotels Internacional, Gabriel Escarrer, inform\u00f3 que construir\u00e1 en Punta Cana un hotel de la marca \u2018Zel\u2019 que se convertir\u00e1 en el primero de Am\u00e9rica.<\/p>\n\n\n\n<p>Indic\u00f3 que el proyecto se levantar\u00e1 en colaboraci\u00f3n con el tenista Rafael Nadal, y ser\u00e1 de \u00faltima generaci\u00f3n, con una mod\u00e9lica academia de tenis, la \u2018Rafa Nadal Tenis Academy\u2018.<\/p>\n\n\n\n<p>\u00abLes quiero hacer participes de la experiencia de traer por primera vez a Am\u00e9rica la marca Zel, que es la marca que hemos creado recientemente junto con el gran tenista Rafael Nadal. Va a ser un Zel de \u00faltima generaci\u00f3n justamente en Punta Cana y lo vamos a acompa\u00f1ar de una academia de tenis que tambi\u00e9n va a ser mod\u00e9lica la \u2018Rafa Nadal Tenis Academy\u2019, que igual ser\u00e1 la primera en Am\u00e9rica\u00bb, agreg\u00f3 en un v\u00eddeo junto al ministro de Turismo, David Collado.<\/p>\n\n\n\n<p>Escarrer expres\u00f3 estar orgulloso de la colaboraci\u00f3n que existe entre los sectores p\u00fablico y privado de Rep\u00fablica Dominicana, dando paso a que se realicen proyectos como el hotel Zel que es una apuesta a la diversificaci\u00f3n de la oferta tur\u00edstica, de hospedaje y deportiva.<\/p>\n\n\n\n<p>\u00abEstamos muy orgullosos de esa colaboraci\u00f3n p\u00fablico-privada y gracias al respaldo del presidente Abinader y el ministro Collado por todo lo que estamos haciendo conjuntamente. Es una apuesta de calidad; la diversificaci\u00f3n es una vez m\u00e1s una realidad aqu\u00ed en B\u00e1varo\u00bb, enfatiz\u00f3 el directivo espa\u00f1ol.<\/p>\n\n\n\n<p>De su lado, collado escribi\u00f3 junto al v\u00eddeo que \u00ab\u00a1Grandes noticias para la Rep\u00fablica Dominicana y los amantes del tenis! Gracias a Gabriel Escarrer y a la cadena Meli\u00e1 Hotels por seguir apost\u00e1ndole al turismo innovador, sostenible y 100% dominicano. Anunciamos con mucha alegr\u00eda la implementaci\u00f3n de un nuevo espacio tur\u00edstico con la creaci\u00f3n de la primera Rafa Nadal Tenis Academy en B\u00e1varo, Punta Cana. \u00bfAdivinen qui\u00e9n nos visitar\u00e1 la Rep\u00fablica Dominicana el a\u00f1o que viene?\u00bb.<\/p>\n\n\n\n<p>Fuente: Arecoa.<\/p>\n","protected":false},"excerpt":{"rendered":"<p>RD. El presidente de Meli\u00e1 Hotels Internacional, Gabriel Escarrer, inform\u00f3 que construir\u00e1 en Punta Cana un hotel de la marca \u2018Zel\u2019 que se convertir\u00e1 en&hellip;<\/p>\n","protected":false},"author":2,"featured_media":5949,"comment_status":"open","ping_status":"closed","sticky":false,"template":"","format":"standard","meta":{"content-type":"","_lmt_disableupdate":"","_lmt_disable":"","footnotes":""},"categories":[6],"tags":[],"class_list":["post-5945","post","type-post","status-publish","format-standard","has-post-thumbnail","hentry","category-turismo"],"yoast_head":"<!-- This site is optimized with the Yoast SEO Premium plugin v27.4 (Yoast SEO v27.4) - https:\/\/yoast.com\/product\/yoast-seo-premium-wordpress\/ -->\n<title>Meli\u00e1 y Rafa Nadal abren en Punta Cana el primer Zel de Am\u00e9rica - Realidad Tur\u00edstica<\/title>\n<meta name=\"robots\" content=\"index, follow, max-snippet:-1, max-image-preview:large, max-video-preview:-1\" \/>\n<link rel=\"canonical\" href=\"https:\/\/realidadturistica.com\/realtur\/melia-y-rafa-nadal-abren-en-punta-cana-el-primer-zel-de-america\/\" \/>\n<meta property=\"og:locale\" content=\"es_ES\" \/>\n<meta property=\"og:type\" content=\"article\" \/>\n<meta property=\"og:title\" content=\"Meli\u00e1 y Rafa Nadal abren en Punta Cana el primer Zel de Am\u00e9rica\" \/>\n<meta property=\"og:description\" content=\"RD. El presidente de Meli\u00e1 Hotels Internacional, Gabriel Escarrer, inform\u00f3 que construir\u00e1 en Punta Cana un hotel de la marca \u2018Zel\u2019 que se convertir\u00e1 en&hellip;\" \/>\n<meta property=\"og:url\" content=\"https:\/\/realidadturistica.com\/realtur\/melia-y-rafa-nadal-abren-en-punta-cana-el-primer-zel-de-america\/\" \/>\n<meta property=\"og:site_name\" content=\"Realidad Tur\u00edstica\" \/>\n<meta property=\"article:publisher\" content=\"https:\/\/www.facebook.com\/realidadturistica\" \/>\n<meta property=\"article:published_time\" content=\"2023-11-26T13:11:04+00:00\" \/>\n<meta property=\"article:modified_time\" content=\"2023-11-26T13:12:28+00:00\" \/>\n<meta property=\"og:image\" content=\"https:\/\/realidadturistica.com\/realtur\/wp-content\/uploads\/2023\/11\/zel.jpg\" \/>\n\t<meta property=\"og:image:width\" content=\"1960\" \/>\n\t<meta property=\"og:image:height\" content=\"987\" \/>\n\t<meta property=\"og:image:type\" content=\"image\/jpeg\" \/>\n<meta name=\"author\" content=\"Editor\" \/>\n<meta name=\"twitter:card\" content=\"summary_large_image\" \/>\n<meta name=\"twitter:label1\" content=\"Escrito por\" \/>\n\t<meta name=\"twitter:data1\" content=\"Editor\" \/>\n\t<meta name=\"twitter:label2\" content=\"Tiempo de lectura\" \/>\n\t<meta name=\"twitter:data2\" content=\"2 minutos\" \/>\n<script type=\"application\/ld+json\" class=\"yoast-schema-graph\">{\"@context\":\"https:\\\/\\\/schema.org\",\"@graph\":[{\"@type\":\"Article\",\"@id\":\"https:\\\/\\\/realidadturistica.com\\\/realtur\\\/melia-y-rafa-nadal-abren-en-punta-cana-el-primer-zel-de-america\\\/#article\",\"isPartOf\":{\"@id\":\"https:\\\/\\\/realidadturistica.com\\\/realtur\\\/melia-y-rafa-nadal-abren-en-punta-cana-el-primer-zel-de-america\\\/\"},\"author\":{\"name\":\"Editor\",\"@id\":\"https:\\\/\\\/realidadturistica.com\\\/realtur\\\/#\\\/schema\\\/person\\\/ade671191202490fcf08ab21590de73e\"},\"headline\":\"Meli\u00e1 y Rafa Nadal abren en Punta Cana el primer Zel de Am\u00e9rica\",\"datePublished\":\"2023-11-26T13:11:04+00:00\",\"dateModified\":\"2023-11-26T13:12:28+00:00\",\"mainEntityOfPage\":{\"@id\":\"https:\\\/\\\/realidadturistica.com\\\/realtur\\\/melia-y-rafa-nadal-abren-en-punta-cana-el-primer-zel-de-america\\\/\"},\"wordCount\":359,\"commentCount\":0,\"publisher\":{\"@id\":\"https:\\\/\\\/realidadturistica.com\\\/realtur\\\/#organization\"},\"image\":{\"@id\":\"https:\\\/\\\/realidadturistica.com\\\/realtur\\\/melia-y-rafa-nadal-abren-en-punta-cana-el-primer-zel-de-america\\\/#primaryimage\"},\"thumbnailUrl\":\"https:\\\/\\\/realidadturistica.com\\\/realtur\\\/wp-content\\\/uploads\\\/2023\\\/11\\\/zel.jpg\",\"articleSection\":[\"Turismo\"],\"inLanguage\":\"es\",\"potentialAction\":[{\"@type\":\"CommentAction\",\"name\":\"Comment\",\"target\":[\"https:\\\/\\\/realidadturistica.com\\\/realtur\\\/melia-y-rafa-nadal-abren-en-punta-cana-el-primer-zel-de-america\\\/#respond\"]}]},{\"@type\":\"WebPage\",\"@id\":\"https:\\\/\\\/realidadturistica.com\\\/realtur\\\/melia-y-rafa-nadal-abren-en-punta-cana-el-primer-zel-de-america\\\/\",\"url\":\"https:\\\/\\\/realidadturistica.com\\\/realtur\\\/melia-y-rafa-nadal-abren-en-punta-cana-el-primer-zel-de-america\\\/\",\"name\":\"Meli\u00e1 y Rafa Nadal abren en Punta Cana el primer Zel de Am\u00e9rica - Realidad Tur\u00edstica\",\"isPartOf\":{\"@id\":\"https:\\\/\\\/realidadturistica.com\\\/realtur\\\/#website\"},\"primaryImageOfPage\":{\"@id\":\"https:\\\/\\\/realidadturistica.com\\\/realtur\\\/melia-y-rafa-nadal-abren-en-punta-cana-el-primer-zel-de-america\\\/#primaryimage\"},\"image\":{\"@id\":\"https:\\\/\\\/realidadturistica.com\\\/realtur\\\/melia-y-rafa-nadal-abren-en-punta-cana-el-primer-zel-de-america\\\/#primaryimage\"},\"thumbnailUrl\":\"https:\\\/\\\/realidadturistica.com\\\/realtur\\\/wp-content\\\/uploads\\\/2023\\\/11\\\/zel.jpg\",\"datePublished\":\"2023-11-26T13:11:04+00:00\",\"dateModified\":\"2023-11-26T13:12:28+00:00\",\"breadcrumb\":{\"@id\":\"https:\\\/\\\/realidadturistica.com\\\/realtur\\\/melia-y-rafa-nadal-abren-en-punta-cana-el-primer-zel-de-america\\\/#breadcrumb\"},\"inLanguage\":\"es\",\"potentialAction\":[{\"@type\":\"ReadAction\",\"target\":[\"https:\\\/\\\/realidadturistica.com\\\/realtur\\\/melia-y-rafa-nadal-abren-en-punta-cana-el-primer-zel-de-america\\\/\"]}]},{\"@type\":\"ImageObject\",\"inLanguage\":\"es\",\"@id\":\"https:\\\/\\\/realidadturistica.com\\\/realtur\\\/melia-y-rafa-nadal-abren-en-punta-cana-el-primer-zel-de-america\\\/#primaryimage\",\"url\":\"https:\\\/\\\/realidadturistica.com\\\/realtur\\\/wp-content\\\/uploads\\\/2023\\\/11\\\/zel.jpg\",\"contentUrl\":\"https:\\\/\\\/realidadturistica.com\\\/realtur\\\/wp-content\\\/uploads\\\/2023\\\/11\\\/zel.jpg\",\"width\":1960,\"height\":987},{\"@type\":\"BreadcrumbList\",\"@id\":\"https:\\\/\\\/realidadturistica.com\\\/realtur\\\/melia-y-rafa-nadal-abren-en-punta-cana-el-primer-zel-de-america\\\/#breadcrumb\",\"itemListElement\":[{\"@type\":\"ListItem\",\"position\":1,\"name\":\"Portada\",\"item\":\"https:\\\/\\\/realidadturistica.com\\\/realtur\\\/\"},{\"@type\":\"ListItem\",\"position\":2,\"name\":\"Meli\u00e1 y Rafa Nadal abren en Punta Cana el primer Zel de Am\u00e9rica\"}]},{\"@type\":\"WebSite\",\"@id\":\"https:\\\/\\\/realidadturistica.com\\\/realtur\\\/#website\",\"url\":\"https:\\\/\\\/realidadturistica.com\\\/realtur\\\/\",\"name\":\"Realidad Tur\u00edstica\",\"description\":\"\",\"publisher\":{\"@id\":\"https:\\\/\\\/realidadturistica.com\\\/realtur\\\/#organization\"},\"potentialAction\":[{\"@type\":\"SearchAction\",\"target\":{\"@type\":\"EntryPoint\",\"urlTemplate\":\"https:\\\/\\\/realidadturistica.com\\\/realtur\\\/?s={search_term_string}\"},\"query-input\":{\"@type\":\"PropertyValueSpecification\",\"valueRequired\":true,\"valueName\":\"search_term_string\"}}],\"inLanguage\":\"es\"},{\"@type\":\"Organization\",\"@id\":\"https:\\\/\\\/realidadturistica.com\\\/realtur\\\/#organization\",\"name\":\"Realidad Tur\u00edstica\",\"url\":\"https:\\\/\\\/realidadturistica.com\\\/realtur\\\/\",\"logo\":{\"@type\":\"ImageObject\",\"inLanguage\":\"es\",\"@id\":\"https:\\\/\\\/realidadturistica.com\\\/realtur\\\/#\\\/schema\\\/logo\\\/image\\\/\",\"url\":\"https:\\\/\\\/realidadturistica.com\\\/realtur\\\/wp-content\\\/uploads\\\/2021\\\/12\\\/logotipo-realidad-turistica.png\",\"contentUrl\":\"https:\\\/\\\/realidadturistica.com\\\/realtur\\\/wp-content\\\/uploads\\\/2021\\\/12\\\/logotipo-realidad-turistica.png\",\"width\":1382,\"height\":629,\"caption\":\"Realidad Tur\u00edstica\"},\"image\":{\"@id\":\"https:\\\/\\\/realidadturistica.com\\\/realtur\\\/#\\\/schema\\\/logo\\\/image\\\/\"},\"sameAs\":[\"https:\\\/\\\/www.facebook.com\\\/realidadturistica\",\"https:\\\/\\\/www.instagram.com\\\/realidad_turistica\\\/\"]},{\"@type\":\"Person\",\"@id\":\"https:\\\/\\\/realidadturistica.com\\\/realtur\\\/#\\\/schema\\\/person\\\/ade671191202490fcf08ab21590de73e\",\"name\":\"Editor\",\"image\":{\"@type\":\"ImageObject\",\"inLanguage\":\"es\",\"@id\":\"https:\\\/\\\/realidadturistica.com\\\/realtur\\\/wp-content\\\/uploads\\\/2023\\\/09\\\/Editor_avatar_1693668634-96x96.png\",\"url\":\"https:\\\/\\\/realidadturistica.com\\\/realtur\\\/wp-content\\\/uploads\\\/2023\\\/09\\\/Editor_avatar_1693668634-96x96.png\",\"contentUrl\":\"https:\\\/\\\/realidadturistica.com\\\/realtur\\\/wp-content\\\/uploads\\\/2023\\\/09\\\/Editor_avatar_1693668634-96x96.png\",\"caption\":\"Editor\"},\"sameAs\":[\"https:\\\/\\\/realidadturistica.com\\\/realtur\"],\"url\":\"https:\\\/\\\/realidadturistica.com\\\/realtur\\\/author\\\/editor2\\\/\"}]}<\/script>\n<!-- \/ Yoast SEO Premium plugin. -->","yoast_head_json":{"title":"Meli\u00e1 y Rafa Nadal abren en Punta Cana el primer Zel de Am\u00e9rica - Realidad Tur\u00edstica","robots":{"index":"index","follow":"follow","max-snippet":"max-snippet:-1","max-image-preview":"max-image-preview:large","max-video-preview":"max-video-preview:-1"},"canonical":"https:\/\/realidadturistica.com\/realtur\/melia-y-rafa-nadal-abren-en-punta-cana-el-primer-zel-de-america\/","og_locale":"es_ES","og_type":"article","og_title":"Meli\u00e1 y Rafa Nadal abren en Punta Cana el primer Zel de Am\u00e9rica","og_description":"RD. El presidente de Meli\u00e1 Hotels Internacional, Gabriel Escarrer, inform\u00f3 que construir\u00e1 en Punta Cana un hotel de la marca \u2018Zel\u2019 que se convertir\u00e1 en&hellip;","og_url":"https:\/\/realidadturistica.com\/realtur\/melia-y-rafa-nadal-abren-en-punta-cana-el-primer-zel-de-america\/","og_site_name":"Realidad Tur\u00edstica","article_publisher":"https:\/\/www.facebook.com\/realidadturistica","article_published_time":"2023-11-26T13:11:04+00:00","article_modified_time":"2023-11-26T13:12:28+00:00","og_image":[{"width":1960,"height":987,"url":"https:\/\/realidadturistica.com\/realtur\/wp-content\/uploads\/2023\/11\/zel.jpg","type":"image\/jpeg"}],"author":"Editor","twitter_card":"summary_large_image","twitter_misc":{"Escrito por":"Editor","Tiempo de lectura":"2 minutos"},"schema":{"@context":"https:\/\/schema.org","@graph":[{"@type":"Article","@id":"https:\/\/realidadturistica.com\/realtur\/melia-y-rafa-nadal-abren-en-punta-cana-el-primer-zel-de-america\/#article","isPartOf":{"@id":"https:\/\/realidadturistica.com\/realtur\/melia-y-rafa-nadal-abren-en-punta-cana-el-primer-zel-de-america\/"},"author":{"name":"Editor","@id":"https:\/\/realidadturistica.com\/realtur\/#\/schema\/person\/ade671191202490fcf08ab21590de73e"},"headline":"Meli\u00e1 y Rafa Nadal abren en Punta Cana el primer Zel de Am\u00e9rica","datePublished":"2023-11-26T13:11:04+00:00","dateModified":"2023-11-26T13:12:28+00:00","mainEntityOfPage":{"@id":"https:\/\/realidadturistica.com\/realtur\/melia-y-rafa-nadal-abren-en-punta-cana-el-primer-zel-de-america\/"},"wordCount":359,"commentCount":0,"publisher":{"@id":"https:\/\/realidadturistica.com\/realtur\/#organization"},"image":{"@id":"https:\/\/realidadturistica.com\/realtur\/melia-y-rafa-nadal-abren-en-punta-cana-el-primer-zel-de-america\/#primaryimage"},"thumbnailUrl":"https:\/\/realidadturistica.com\/realtur\/wp-content\/uploads\/2023\/11\/zel.jpg","articleSection":["Turismo"],"inLanguage":"es","potentialAction":[{"@type":"CommentAction","name":"Comment","target":["https:\/\/realidadturistica.com\/realtur\/melia-y-rafa-nadal-abren-en-punta-cana-el-primer-zel-de-america\/#respond"]}]},{"@type":"WebPage","@id":"https:\/\/realidadturistica.com\/realtur\/melia-y-rafa-nadal-abren-en-punta-cana-el-primer-zel-de-america\/","url":"https:\/\/realidadturistica.com\/realtur\/melia-y-rafa-nadal-abren-en-punta-cana-el-primer-zel-de-america\/","name":"Meli\u00e1 y Rafa Nadal abren en Punta Cana el primer Zel de Am\u00e9rica - Realidad Tur\u00edstica","isPartOf":{"@id":"https:\/\/realidadturistica.com\/realtur\/#website"},"primaryImageOfPage":{"@id":"https:\/\/realidadturistica.com\/realtur\/melia-y-rafa-nadal-abren-en-punta-cana-el-primer-zel-de-america\/#primaryimage"},"image":{"@id":"https:\/\/realidadturistica.com\/realtur\/melia-y-rafa-nadal-abren-en-punta-cana-el-primer-zel-de-america\/#primaryimage"},"thumbnailUrl":"https:\/\/realidadturistica.com\/realtur\/wp-content\/uploads\/2023\/11\/zel.jpg","datePublished":"2023-11-26T13:11:04+00:00","dateModified":"2023-11-26T13:12:28+00:00","breadcrumb":{"@id":"https:\/\/realidadturistica.com\/realtur\/melia-y-rafa-nadal-abren-en-punta-cana-el-primer-zel-de-america\/#breadcrumb"},"inLanguage":"es","potentialAction":[{"@type":"ReadAction","target":["https:\/\/realidadturistica.com\/realtur\/melia-y-rafa-nadal-abren-en-punta-cana-el-primer-zel-de-america\/"]}]},{"@type":"ImageObject","inLanguage":"es","@id":"https:\/\/realidadturistica.com\/realtur\/melia-y-rafa-nadal-abren-en-punta-cana-el-primer-zel-de-america\/#primaryimage","url":"https:\/\/realidadturistica.com\/realtur\/wp-content\/uploads\/2023\/11\/zel.jpg","contentUrl":"https:\/\/realidadturistica.com\/realtur\/wp-content\/uploads\/2023\/11\/zel.jpg","width":1960,"height":987},{"@type":"BreadcrumbList","@id":"https:\/\/realidadturistica.com\/realtur\/melia-y-rafa-nadal-abren-en-punta-cana-el-primer-zel-de-america\/#breadcrumb","itemListElement":[{"@type":"ListItem","position":1,"name":"Portada","item":"https:\/\/realidadturistica.com\/realtur\/"},{"@type":"ListItem","position":2,"name":"Meli\u00e1 y Rafa Nadal abren en Punta Cana el primer Zel de Am\u00e9rica"}]},{"@type":"WebSite","@id":"https:\/\/realidadturistica.com\/realtur\/#website","url":"https:\/\/realidadturistica.com\/realtur\/","name":"Realidad Tur\u00edstica","description":"","publisher":{"@id":"https:\/\/realidadturistica.com\/realtur\/#organization"},"potentialAction":[{"@type":"SearchAction","target":{"@type":"EntryPoint","urlTemplate":"https:\/\/realidadturistica.com\/realtur\/?s={search_term_string}"},"query-input":{"@type":"PropertyValueSpecification","valueRequired":true,"valueName":"search_term_string"}}],"inLanguage":"es"},{"@type":"Organization","@id":"https:\/\/realidadturistica.com\/realtur\/#organization","name":"Realidad Tur\u00edstica","url":"https:\/\/realidadturistica.com\/realtur\/","logo":{"@type":"ImageObject","inLanguage":"es","@id":"https:\/\/realidadturistica.com\/realtur\/#\/schema\/logo\/image\/","url":"https:\/\/realidadturistica.com\/realtur\/wp-content\/uploads\/2021\/12\/logotipo-realidad-turistica.png","contentUrl":"https:\/\/realidadturistica.com\/realtur\/wp-content\/uploads\/2021\/12\/logotipo-realidad-turistica.png","width":1382,"height":629,"caption":"Realidad Tur\u00edstica"},"image":{"@id":"https:\/\/realidadturistica.com\/realtur\/#\/schema\/logo\/image\/"},"sameAs":["https:\/\/www.facebook.com\/realidadturistica","https:\/\/www.instagram.com\/realidad_turistica\/"]},{"@type":"Person","@id":"https:\/\/realidadturistica.com\/realtur\/#\/schema\/person\/ade671191202490fcf08ab21590de73e","name":"Editor","image":{"@type":"ImageObject","inLanguage":"es","@id":"https:\/\/realidadturistica.com\/realtur\/wp-content\/uploads\/2023\/09\/Editor_avatar_1693668634-96x96.png","url":"https:\/\/realidadturistica.com\/realtur\/wp-content\/uploads\/2023\/09\/Editor_avatar_1693668634-96x96.png","contentUrl":"https:\/\/realidadturistica.com\/realtur\/wp-content\/uploads\/2023\/09\/Editor_avatar_1693668634-96x96.png","caption":"Editor"},"sameAs":["https:\/\/realidadturistica.com\/realtur"],"url":"https:\/\/realidadturistica.com\/realtur\/author\/editor2\/"}]}},"_links":{"self":[{"href":"https:\/\/realidadturistica.com\/realtur\/wp-json\/wp\/v2\/posts\/5945","targetHints":{"allow":["GET"]}}],"collection":[{"href":"https:\/\/realidadturistica.com\/realtur\/wp-json\/wp\/v2\/posts"}],"about":[{"href":"https:\/\/realidadturistica.com\/realtur\/wp-json\/wp\/v2\/types\/post"}],"author":[{"embeddable":true,"href":"https:\/\/realidadturistica.com\/realtur\/wp-json\/wp\/v2\/users\/2"}],"replies":[{"embeddable":true,"href":"https:\/\/realidadturistica.com\/realtur\/wp-json\/wp\/v2\/comments?post=5945"}],"version-history":[{"count":2,"href":"https:\/\/realidadturistica.com\/realtur\/wp-json\/wp\/v2\/posts\/5945\/revisions"}],"predecessor-version":[{"id":5948,"href":"https:\/\/realidadturistica.com\/realtur\/wp-json\/wp\/v2\/posts\/5945\/revisions\/5948"}],"wp:featuredmedia":[{"embeddable":true,"href":"https:\/\/realidadturistica.com\/realtur\/wp-json\/wp\/v2\/media\/5949"}],"wp:attachment":[{"href":"https:\/\/realidadturistica.com\/realtur\/wp-json\/wp\/v2\/media?parent=5945"}],"wp:term":[{"taxonomy":"category","embeddable":true,"href":"https:\/\/realidadturistica.com\/realtur\/wp-json\/wp\/v2\/categories?post=5945"},{"taxonomy":"post_tag","embeddable":true,"href":"https:\/\/realidadturistica.com\/realtur\/wp-json\/wp\/v2\/tags?post=5945"}],"curies":[{"name":"wp","href":"https:\/\/api.w.org\/{rel}","templated":true}]}}