{"id":6027,"date":"2023-12-19T13:30:14","date_gmt":"2023-12-19T13:30:14","guid":{"rendered":"https:\/\/realidadturistica.com\/realtur\/?p=6027"},"modified":"2023-12-19T13:30:16","modified_gmt":"2023-12-19T13:30:16","slug":"milei-quiere-entregar-aerolineas-argentinas-a-sus-empleados-y-estos-se-niegan-nos-va-a-tener-que-matar","status":"publish","type":"post","link":"https:\/\/realidadturistica.com\/realtur\/milei-quiere-entregar-aerolineas-argentinas-a-sus-empleados-y-estos-se-niegan-nos-va-a-tener-que-matar\/","title":{"rendered":"Milei quiere entregar Aerol\u00edneas Argentinas a sus empleados y estos se niegan: \u201cNos va a tener que matar\u00bb"},"content":{"rendered":"\n<p class=\"yoast-reading-time__wrapper\"><span class=\"yoast-reading-time__icon\"><svg aria-hidden=\"true\" focusable=\"false\" data-icon=\"clock\" width=\"20\" height=\"20\" fill=\"none\" stroke=\"currentColor\" style=\"display:inline-block;vertical-align:-0.1em\" role=\"img\" xmlns=\"http:\/\/www.w3.org\/2000\/svg\" viewbox=\"0 0 24 24\"><path stroke-linecap=\"round\" stroke-linejoin=\"round\" stroke-width=\"2\" d=\"M12 8v4l3 3m6-3a9 9 0 11-18 0 9 9 0 0118 0z\"><\/path><\/svg><\/span><span class=\"yoast-reading-time__spacer\" style=\"display:inline-block;width:1em\"><\/span><span class=\"yoast-reading-time__descriptive-text\">Tiempo de lectura estimado:  <\/span><span class=\"yoast-reading-time__reading-time\">2<\/span><span class=\"yoast-reading-time__time-unit\"> minutos<\/span><\/p>\n\n\n\n<p>El nuevo presidente de Argentina, Javier Milei, ya ha tomado posesi\u00f3n de su nuevo cargo y ya comienzan a conocerse algunas de las claves de su gesti\u00f3n. Algunas de las medidas anunciadas durante su campa\u00f1a parece que finalmente no se van a llevar a cabo, como la dolarizaci\u00f3n de la econom\u00eda. Sin embargo, parece que el mandatario seguir\u00e1 adelante con las privatizaciones de empresas esenciales, incluidas algunas que forman parte del turismo, como Aerol\u00edneas Argentinas.<\/p>\n\n\n\n<p>&nbsp;&nbsp;&nbsp; Aerol\u00edneas es de todos los argentinos, no de los trabajadores\u201d<\/p>\n\n\n\n<p>Durante las semanas previas a los comicios en Argentina, Milei anunci\u00f3 que privatizar\u00eda Aerol\u00edneas Argentinas. Posteriormente, daba m\u00e1s detalles: entregar\u00eda la compa\u00f1\u00eda a los trabajadores, que pasar\u00eda a funcionar como una cooperativa. Uno de los pretextos argumentados por Milei para la privatizaci\u00f3n de la l\u00ednea a\u00e9rea es que el Estado se encuentra muy endeudado y hasta el balance de este a\u00f1o la aerol\u00ednea estaba operando a p\u00e9rdidas, siendo los presupuestos p\u00fablicos los que afrontan el gasto.<\/p>\n\n\n\n<p>No obstante, seg\u00fan recoge el diario P\u00e1gina 12, el sindicato de pilotos ya ha parado los pies a Milei. \u201cSi se quiere cargar Aerol\u00edneas Argentinas, nos va a tener que matar literalmente\u201d, as\u00ed de tajante se ha mostrado Pablo Bir\u00f3, presidente de Asociaci\u00f3n de Pilotos de L\u00edneas A\u00e9reas (APLA). En este sentido, Bir\u00f3 ha aclarado que ambas partes deber\u00edan reunirse para discutir y llegar a un consenso.<\/p>\n\n\n\n<p>Por su parte, Bir\u00f3 se opone al modelo de cooperativa y aclara: \u201cAerol\u00edneas es de todos los argentinos, no de los trabajadores\u201d.<\/p>\n\n\n\n<p>Fuente: Tourinews.<\/p>\n","protected":false},"excerpt":{"rendered":"<p>El nuevo presidente de Argentina, Javier Milei, ya ha tomado posesi\u00f3n de su nuevo cargo y ya comienzan a conocerse algunas de las claves de&hellip;<\/p>\n","protected":false},"author":2,"featured_media":6028,"comment_status":"open","ping_status":"closed","sticky":false,"template":"","format":"standard","meta":{"content-type":"","_lmt_disableupdate":"","_lmt_disable":"","footnotes":""},"categories":[2],"tags":[],"class_list":["post-6027","post","type-post","status-publish","format-standard","has-post-thumbnail","hentry","category-aerolineas"],"yoast_head":"<!-- This site is optimized with the Yoast SEO Premium plugin v27.4 (Yoast SEO v27.5) - https:\/\/yoast.com\/product\/yoast-seo-premium-wordpress\/ -->\n<title>Milei quiere entregar Aerol\u00edneas Argentinas a sus empleados y estos se niegan: \u201cNos va a tener que matar&quot; - Realidad Tur\u00edstica<\/title>\n<meta name=\"robots\" content=\"index, follow, max-snippet:-1, max-image-preview:large, max-video-preview:-1\" \/>\n<link rel=\"canonical\" href=\"https:\/\/realidadturistica.com\/realtur\/milei-quiere-entregar-aerolineas-argentinas-a-sus-empleados-y-estos-se-niegan-nos-va-a-tener-que-matar\/\" \/>\n<meta property=\"og:locale\" content=\"es_ES\" \/>\n<meta property=\"og:type\" content=\"article\" \/>\n<meta property=\"og:title\" content=\"Milei quiere entregar Aerol\u00edneas Argentinas a sus empleados y estos se niegan: \u201cNos va a tener que matar&quot;\" \/>\n<meta property=\"og:description\" content=\"El nuevo presidente de Argentina, Javier Milei, ya ha tomado posesi\u00f3n de su nuevo cargo y ya comienzan a conocerse algunas de las claves de&hellip;\" \/>\n<meta property=\"og:url\" content=\"https:\/\/realidadturistica.com\/realtur\/milei-quiere-entregar-aerolineas-argentinas-a-sus-empleados-y-estos-se-niegan-nos-va-a-tener-que-matar\/\" \/>\n<meta property=\"og:site_name\" content=\"Realidad Tur\u00edstica\" \/>\n<meta property=\"article:publisher\" content=\"https:\/\/www.facebook.com\/realidadturistica\" \/>\n<meta property=\"article:published_time\" content=\"2023-12-19T13:30:14+00:00\" \/>\n<meta property=\"article:modified_time\" content=\"2023-12-19T13:30:16+00:00\" \/>\n<meta property=\"og:image\" content=\"https:\/\/realidadturistica.com\/realtur\/wp-content\/uploads\/2023\/12\/Milei-quiere.png\" \/>\n\t<meta property=\"og:image:width\" content=\"732\" \/>\n\t<meta property=\"og:image:height\" content=\"400\" \/>\n\t<meta property=\"og:image:type\" content=\"image\/png\" \/>\n<meta name=\"author\" content=\"Editor\" \/>\n<meta name=\"twitter:card\" content=\"summary_large_image\" \/>\n<meta name=\"twitter:label1\" content=\"Escrito por\" \/>\n\t<meta name=\"twitter:data1\" content=\"Editor\" \/>\n\t<meta name=\"twitter:label2\" content=\"Tiempo de lectura\" \/>\n\t<meta name=\"twitter:data2\" content=\"2 minutos\" \/>\n<script type=\"application\/ld+json\" class=\"yoast-schema-graph\">{\"@context\":\"https:\\\/\\\/schema.org\",\"@graph\":[{\"@type\":\"Article\",\"@id\":\"https:\\\/\\\/realidadturistica.com\\\/realtur\\\/milei-quiere-entregar-aerolineas-argentinas-a-sus-empleados-y-estos-se-niegan-nos-va-a-tener-que-matar\\\/#article\",\"isPartOf\":{\"@id\":\"https:\\\/\\\/realidadturistica.com\\\/realtur\\\/milei-quiere-entregar-aerolineas-argentinas-a-sus-empleados-y-estos-se-niegan-nos-va-a-tener-que-matar\\\/\"},\"author\":{\"name\":\"Editor\",\"@id\":\"https:\\\/\\\/realidadturistica.com\\\/realtur\\\/#\\\/schema\\\/person\\\/ade671191202490fcf08ab21590de73e\"},\"headline\":\"Milei quiere entregar Aerol\u00edneas Argentinas a sus empleados y estos se niegan: \u201cNos va a tener que matar\u00bb\",\"datePublished\":\"2023-12-19T13:30:14+00:00\",\"dateModified\":\"2023-12-19T13:30:16+00:00\",\"mainEntityOfPage\":{\"@id\":\"https:\\\/\\\/realidadturistica.com\\\/realtur\\\/milei-quiere-entregar-aerolineas-argentinas-a-sus-empleados-y-estos-se-niegan-nos-va-a-tener-que-matar\\\/\"},\"wordCount\":306,\"commentCount\":0,\"publisher\":{\"@id\":\"https:\\\/\\\/realidadturistica.com\\\/realtur\\\/#organization\"},\"image\":{\"@id\":\"https:\\\/\\\/realidadturistica.com\\\/realtur\\\/milei-quiere-entregar-aerolineas-argentinas-a-sus-empleados-y-estos-se-niegan-nos-va-a-tener-que-matar\\\/#primaryimage\"},\"thumbnailUrl\":\"https:\\\/\\\/realidadturistica.com\\\/realtur\\\/wp-content\\\/uploads\\\/2023\\\/12\\\/Milei-quiere.png\",\"articleSection\":[\"Volar con pasi\u00f3n\"],\"inLanguage\":\"es\",\"potentialAction\":[{\"@type\":\"CommentAction\",\"name\":\"Comment\",\"target\":[\"https:\\\/\\\/realidadturistica.com\\\/realtur\\\/milei-quiere-entregar-aerolineas-argentinas-a-sus-empleados-y-estos-se-niegan-nos-va-a-tener-que-matar\\\/#respond\"]}]},{\"@type\":\"WebPage\",\"@id\":\"https:\\\/\\\/realidadturistica.com\\\/realtur\\\/milei-quiere-entregar-aerolineas-argentinas-a-sus-empleados-y-estos-se-niegan-nos-va-a-tener-que-matar\\\/\",\"url\":\"https:\\\/\\\/realidadturistica.com\\\/realtur\\\/milei-quiere-entregar-aerolineas-argentinas-a-sus-empleados-y-estos-se-niegan-nos-va-a-tener-que-matar\\\/\",\"name\":\"Milei quiere entregar Aerol\u00edneas Argentinas a sus empleados y estos se niegan: \u201cNos va a tener que matar\\\" - Realidad Tur\u00edstica\",\"isPartOf\":{\"@id\":\"https:\\\/\\\/realidadturistica.com\\\/realtur\\\/#website\"},\"primaryImageOfPage\":{\"@id\":\"https:\\\/\\\/realidadturistica.com\\\/realtur\\\/milei-quiere-entregar-aerolineas-argentinas-a-sus-empleados-y-estos-se-niegan-nos-va-a-tener-que-matar\\\/#primaryimage\"},\"image\":{\"@id\":\"https:\\\/\\\/realidadturistica.com\\\/realtur\\\/milei-quiere-entregar-aerolineas-argentinas-a-sus-empleados-y-estos-se-niegan-nos-va-a-tener-que-matar\\\/#primaryimage\"},\"thumbnailUrl\":\"https:\\\/\\\/realidadturistica.com\\\/realtur\\\/wp-content\\\/uploads\\\/2023\\\/12\\\/Milei-quiere.png\",\"datePublished\":\"2023-12-19T13:30:14+00:00\",\"dateModified\":\"2023-12-19T13:30:16+00:00\",\"breadcrumb\":{\"@id\":\"https:\\\/\\\/realidadturistica.com\\\/realtur\\\/milei-quiere-entregar-aerolineas-argentinas-a-sus-empleados-y-estos-se-niegan-nos-va-a-tener-que-matar\\\/#breadcrumb\"},\"inLanguage\":\"es\",\"potentialAction\":[{\"@type\":\"ReadAction\",\"target\":[\"https:\\\/\\\/realidadturistica.com\\\/realtur\\\/milei-quiere-entregar-aerolineas-argentinas-a-sus-empleados-y-estos-se-niegan-nos-va-a-tener-que-matar\\\/\"]}]},{\"@type\":\"ImageObject\",\"inLanguage\":\"es\",\"@id\":\"https:\\\/\\\/realidadturistica.com\\\/realtur\\\/milei-quiere-entregar-aerolineas-argentinas-a-sus-empleados-y-estos-se-niegan-nos-va-a-tener-que-matar\\\/#primaryimage\",\"url\":\"https:\\\/\\\/realidadturistica.com\\\/realtur\\\/wp-content\\\/uploads\\\/2023\\\/12\\\/Milei-quiere.png\",\"contentUrl\":\"https:\\\/\\\/realidadturistica.com\\\/realtur\\\/wp-content\\\/uploads\\\/2023\\\/12\\\/Milei-quiere.png\",\"width\":732,\"height\":400},{\"@type\":\"BreadcrumbList\",\"@id\":\"https:\\\/\\\/realidadturistica.com\\\/realtur\\\/milei-quiere-entregar-aerolineas-argentinas-a-sus-empleados-y-estos-se-niegan-nos-va-a-tener-que-matar\\\/#breadcrumb\",\"itemListElement\":[{\"@type\":\"ListItem\",\"position\":1,\"name\":\"Portada\",\"item\":\"https:\\\/\\\/realidadturistica.com\\\/realtur\\\/\"},{\"@type\":\"ListItem\",\"position\":2,\"name\":\"Milei quiere entregar Aerol\u00edneas Argentinas a sus empleados y estos se niegan: \u201cNos va a tener que matar&#8221;\"}]},{\"@type\":\"WebSite\",\"@id\":\"https:\\\/\\\/realidadturistica.com\\\/realtur\\\/#website\",\"url\":\"https:\\\/\\\/realidadturistica.com\\\/realtur\\\/\",\"name\":\"Realidad Tur\u00edstica\",\"description\":\"\",\"publisher\":{\"@id\":\"https:\\\/\\\/realidadturistica.com\\\/realtur\\\/#organization\"},\"potentialAction\":[{\"@type\":\"SearchAction\",\"target\":{\"@type\":\"EntryPoint\",\"urlTemplate\":\"https:\\\/\\\/realidadturistica.com\\\/realtur\\\/?s={search_term_string}\"},\"query-input\":{\"@type\":\"PropertyValueSpecification\",\"valueRequired\":true,\"valueName\":\"search_term_string\"}}],\"inLanguage\":\"es\"},{\"@type\":\"Organization\",\"@id\":\"https:\\\/\\\/realidadturistica.com\\\/realtur\\\/#organization\",\"name\":\"Realidad Tur\u00edstica\",\"url\":\"https:\\\/\\\/realidadturistica.com\\\/realtur\\\/\",\"logo\":{\"@type\":\"ImageObject\",\"inLanguage\":\"es\",\"@id\":\"https:\\\/\\\/realidadturistica.com\\\/realtur\\\/#\\\/schema\\\/logo\\\/image\\\/\",\"url\":\"https:\\\/\\\/realidadturistica.com\\\/realtur\\\/wp-content\\\/uploads\\\/2021\\\/12\\\/logotipo-realidad-turistica.png\",\"contentUrl\":\"https:\\\/\\\/realidadturistica.com\\\/realtur\\\/wp-content\\\/uploads\\\/2021\\\/12\\\/logotipo-realidad-turistica.png\",\"width\":1382,\"height\":629,\"caption\":\"Realidad Tur\u00edstica\"},\"image\":{\"@id\":\"https:\\\/\\\/realidadturistica.com\\\/realtur\\\/#\\\/schema\\\/logo\\\/image\\\/\"},\"sameAs\":[\"https:\\\/\\\/www.facebook.com\\\/realidadturistica\",\"https:\\\/\\\/www.instagram.com\\\/realidad_turistica\\\/\"]},{\"@type\":\"Person\",\"@id\":\"https:\\\/\\\/realidadturistica.com\\\/realtur\\\/#\\\/schema\\\/person\\\/ade671191202490fcf08ab21590de73e\",\"name\":\"Editor\",\"image\":{\"@type\":\"ImageObject\",\"inLanguage\":\"es\",\"@id\":\"https:\\\/\\\/realidadturistica.com\\\/realtur\\\/wp-content\\\/uploads\\\/2023\\\/09\\\/Editor_avatar_1693668634-96x96.png\",\"url\":\"https:\\\/\\\/realidadturistica.com\\\/realtur\\\/wp-content\\\/uploads\\\/2023\\\/09\\\/Editor_avatar_1693668634-96x96.png\",\"contentUrl\":\"https:\\\/\\\/realidadturistica.com\\\/realtur\\\/wp-content\\\/uploads\\\/2023\\\/09\\\/Editor_avatar_1693668634-96x96.png\",\"caption\":\"Editor\"},\"sameAs\":[\"https:\\\/\\\/realidadturistica.com\\\/realtur\"],\"url\":\"https:\\\/\\\/realidadturistica.com\\\/realtur\\\/author\\\/editor2\\\/\"}]}<\/script>\n<!-- \/ Yoast SEO Premium plugin. -->","yoast_head_json":{"title":"Milei quiere entregar Aerol\u00edneas Argentinas a sus empleados y estos se niegan: \u201cNos va a tener que matar\" - Realidad Tur\u00edstica","robots":{"index":"index","follow":"follow","max-snippet":"max-snippet:-1","max-image-preview":"max-image-preview:large","max-video-preview":"max-video-preview:-1"},"canonical":"https:\/\/realidadturistica.com\/realtur\/milei-quiere-entregar-aerolineas-argentinas-a-sus-empleados-y-estos-se-niegan-nos-va-a-tener-que-matar\/","og_locale":"es_ES","og_type":"article","og_title":"Milei quiere entregar Aerol\u00edneas Argentinas a sus empleados y estos se niegan: \u201cNos va a tener que matar\"","og_description":"El nuevo presidente de Argentina, Javier Milei, ya ha tomado posesi\u00f3n de su nuevo cargo y ya comienzan a conocerse algunas de las claves de&hellip;","og_url":"https:\/\/realidadturistica.com\/realtur\/milei-quiere-entregar-aerolineas-argentinas-a-sus-empleados-y-estos-se-niegan-nos-va-a-tener-que-matar\/","og_site_name":"Realidad Tur\u00edstica","article_publisher":"https:\/\/www.facebook.com\/realidadturistica","article_published_time":"2023-12-19T13:30:14+00:00","article_modified_time":"2023-12-19T13:30:16+00:00","og_image":[{"width":732,"height":400,"url":"https:\/\/realidadturistica.com\/realtur\/wp-content\/uploads\/2023\/12\/Milei-quiere.png","type":"image\/png"}],"author":"Editor","twitter_card":"summary_large_image","twitter_misc":{"Escrito por":"Editor","Tiempo de lectura":"2 minutos"},"schema":{"@context":"https:\/\/schema.org","@graph":[{"@type":"Article","@id":"https:\/\/realidadturistica.com\/realtur\/milei-quiere-entregar-aerolineas-argentinas-a-sus-empleados-y-estos-se-niegan-nos-va-a-tener-que-matar\/#article","isPartOf":{"@id":"https:\/\/realidadturistica.com\/realtur\/milei-quiere-entregar-aerolineas-argentinas-a-sus-empleados-y-estos-se-niegan-nos-va-a-tener-que-matar\/"},"author":{"name":"Editor","@id":"https:\/\/realidadturistica.com\/realtur\/#\/schema\/person\/ade671191202490fcf08ab21590de73e"},"headline":"Milei quiere entregar Aerol\u00edneas Argentinas a sus empleados y estos se niegan: \u201cNos va a tener que matar\u00bb","datePublished":"2023-12-19T13:30:14+00:00","dateModified":"2023-12-19T13:30:16+00:00","mainEntityOfPage":{"@id":"https:\/\/realidadturistica.com\/realtur\/milei-quiere-entregar-aerolineas-argentinas-a-sus-empleados-y-estos-se-niegan-nos-va-a-tener-que-matar\/"},"wordCount":306,"commentCount":0,"publisher":{"@id":"https:\/\/realidadturistica.com\/realtur\/#organization"},"image":{"@id":"https:\/\/realidadturistica.com\/realtur\/milei-quiere-entregar-aerolineas-argentinas-a-sus-empleados-y-estos-se-niegan-nos-va-a-tener-que-matar\/#primaryimage"},"thumbnailUrl":"https:\/\/realidadturistica.com\/realtur\/wp-content\/uploads\/2023\/12\/Milei-quiere.png","articleSection":["Volar con pasi\u00f3n"],"inLanguage":"es","potentialAction":[{"@type":"CommentAction","name":"Comment","target":["https:\/\/realidadturistica.com\/realtur\/milei-quiere-entregar-aerolineas-argentinas-a-sus-empleados-y-estos-se-niegan-nos-va-a-tener-que-matar\/#respond"]}]},{"@type":"WebPage","@id":"https:\/\/realidadturistica.com\/realtur\/milei-quiere-entregar-aerolineas-argentinas-a-sus-empleados-y-estos-se-niegan-nos-va-a-tener-que-matar\/","url":"https:\/\/realidadturistica.com\/realtur\/milei-quiere-entregar-aerolineas-argentinas-a-sus-empleados-y-estos-se-niegan-nos-va-a-tener-que-matar\/","name":"Milei quiere entregar Aerol\u00edneas Argentinas a sus empleados y estos se niegan: \u201cNos va a tener que matar\" - Realidad Tur\u00edstica","isPartOf":{"@id":"https:\/\/realidadturistica.com\/realtur\/#website"},"primaryImageOfPage":{"@id":"https:\/\/realidadturistica.com\/realtur\/milei-quiere-entregar-aerolineas-argentinas-a-sus-empleados-y-estos-se-niegan-nos-va-a-tener-que-matar\/#primaryimage"},"image":{"@id":"https:\/\/realidadturistica.com\/realtur\/milei-quiere-entregar-aerolineas-argentinas-a-sus-empleados-y-estos-se-niegan-nos-va-a-tener-que-matar\/#primaryimage"},"thumbnailUrl":"https:\/\/realidadturistica.com\/realtur\/wp-content\/uploads\/2023\/12\/Milei-quiere.png","datePublished":"2023-12-19T13:30:14+00:00","dateModified":"2023-12-19T13:30:16+00:00","breadcrumb":{"@id":"https:\/\/realidadturistica.com\/realtur\/milei-quiere-entregar-aerolineas-argentinas-a-sus-empleados-y-estos-se-niegan-nos-va-a-tener-que-matar\/#breadcrumb"},"inLanguage":"es","potentialAction":[{"@type":"ReadAction","target":["https:\/\/realidadturistica.com\/realtur\/milei-quiere-entregar-aerolineas-argentinas-a-sus-empleados-y-estos-se-niegan-nos-va-a-tener-que-matar\/"]}]},{"@type":"ImageObject","inLanguage":"es","@id":"https:\/\/realidadturistica.com\/realtur\/milei-quiere-entregar-aerolineas-argentinas-a-sus-empleados-y-estos-se-niegan-nos-va-a-tener-que-matar\/#primaryimage","url":"https:\/\/realidadturistica.com\/realtur\/wp-content\/uploads\/2023\/12\/Milei-quiere.png","contentUrl":"https:\/\/realidadturistica.com\/realtur\/wp-content\/uploads\/2023\/12\/Milei-quiere.png","width":732,"height":400},{"@type":"BreadcrumbList","@id":"https:\/\/realidadturistica.com\/realtur\/milei-quiere-entregar-aerolineas-argentinas-a-sus-empleados-y-estos-se-niegan-nos-va-a-tener-que-matar\/#breadcrumb","itemListElement":[{"@type":"ListItem","position":1,"name":"Portada","item":"https:\/\/realidadturistica.com\/realtur\/"},{"@type":"ListItem","position":2,"name":"Milei quiere entregar Aerol\u00edneas Argentinas a sus empleados y estos se niegan: \u201cNos va a tener que matar&#8221;"}]},{"@type":"WebSite","@id":"https:\/\/realidadturistica.com\/realtur\/#website","url":"https:\/\/realidadturistica.com\/realtur\/","name":"Realidad Tur\u00edstica","description":"","publisher":{"@id":"https:\/\/realidadturistica.com\/realtur\/#organization"},"potentialAction":[{"@type":"SearchAction","target":{"@type":"EntryPoint","urlTemplate":"https:\/\/realidadturistica.com\/realtur\/?s={search_term_string}"},"query-input":{"@type":"PropertyValueSpecification","valueRequired":true,"valueName":"search_term_string"}}],"inLanguage":"es"},{"@type":"Organization","@id":"https:\/\/realidadturistica.com\/realtur\/#organization","name":"Realidad Tur\u00edstica","url":"https:\/\/realidadturistica.com\/realtur\/","logo":{"@type":"ImageObject","inLanguage":"es","@id":"https:\/\/realidadturistica.com\/realtur\/#\/schema\/logo\/image\/","url":"https:\/\/realidadturistica.com\/realtur\/wp-content\/uploads\/2021\/12\/logotipo-realidad-turistica.png","contentUrl":"https:\/\/realidadturistica.com\/realtur\/wp-content\/uploads\/2021\/12\/logotipo-realidad-turistica.png","width":1382,"height":629,"caption":"Realidad Tur\u00edstica"},"image":{"@id":"https:\/\/realidadturistica.com\/realtur\/#\/schema\/logo\/image\/"},"sameAs":["https:\/\/www.facebook.com\/realidadturistica","https:\/\/www.instagram.com\/realidad_turistica\/"]},{"@type":"Person","@id":"https:\/\/realidadturistica.com\/realtur\/#\/schema\/person\/ade671191202490fcf08ab21590de73e","name":"Editor","image":{"@type":"ImageObject","inLanguage":"es","@id":"https:\/\/realidadturistica.com\/realtur\/wp-content\/uploads\/2023\/09\/Editor_avatar_1693668634-96x96.png","url":"https:\/\/realidadturistica.com\/realtur\/wp-content\/uploads\/2023\/09\/Editor_avatar_1693668634-96x96.png","contentUrl":"https:\/\/realidadturistica.com\/realtur\/wp-content\/uploads\/2023\/09\/Editor_avatar_1693668634-96x96.png","caption":"Editor"},"sameAs":["https:\/\/realidadturistica.com\/realtur"],"url":"https:\/\/realidadturistica.com\/realtur\/author\/editor2\/"}]}},"_links":{"self":[{"href":"https:\/\/realidadturistica.com\/realtur\/wp-json\/wp\/v2\/posts\/6027","targetHints":{"allow":["GET"]}}],"collection":[{"href":"https:\/\/realidadturistica.com\/realtur\/wp-json\/wp\/v2\/posts"}],"about":[{"href":"https:\/\/realidadturistica.com\/realtur\/wp-json\/wp\/v2\/types\/post"}],"author":[{"embeddable":true,"href":"https:\/\/realidadturistica.com\/realtur\/wp-json\/wp\/v2\/users\/2"}],"replies":[{"embeddable":true,"href":"https:\/\/realidadturistica.com\/realtur\/wp-json\/wp\/v2\/comments?post=6027"}],"version-history":[{"count":1,"href":"https:\/\/realidadturistica.com\/realtur\/wp-json\/wp\/v2\/posts\/6027\/revisions"}],"predecessor-version":[{"id":6029,"href":"https:\/\/realidadturistica.com\/realtur\/wp-json\/wp\/v2\/posts\/6027\/revisions\/6029"}],"wp:featuredmedia":[{"embeddable":true,"href":"https:\/\/realidadturistica.com\/realtur\/wp-json\/wp\/v2\/media\/6028"}],"wp:attachment":[{"href":"https:\/\/realidadturistica.com\/realtur\/wp-json\/wp\/v2\/media?parent=6027"}],"wp:term":[{"taxonomy":"category","embeddable":true,"href":"https:\/\/realidadturistica.com\/realtur\/wp-json\/wp\/v2\/categories?post=6027"},{"taxonomy":"post_tag","embeddable":true,"href":"https:\/\/realidadturistica.com\/realtur\/wp-json\/wp\/v2\/tags?post=6027"}],"curies":[{"name":"wp","href":"https:\/\/api.w.org\/{rel}","templated":true}]}}