{"id":6049,"date":"2023-12-21T12:03:58","date_gmt":"2023-12-21T12:03:58","guid":{"rendered":"https:\/\/realidadturistica.com\/realtur\/?p=6049"},"modified":"2023-12-21T12:04:01","modified_gmt":"2023-12-21T12:04:01","slug":"iberojet-celebra-exito-de-su-primer-ano-en-palmerola-donde-movilizo-66000-pasajeros","status":"publish","type":"post","link":"https:\/\/realidadturistica.com\/realtur\/iberojet-celebra-exito-de-su-primer-ano-en-palmerola-donde-movilizo-66000-pasajeros\/","title":{"rendered":"Iberojet celebra \u00e9xito de su primer a\u00f1o en Palmerola, donde moviliz\u00f3 66,000 pasajeros"},"content":{"rendered":"\n<p class=\"yoast-reading-time__wrapper\"><span class=\"yoast-reading-time__icon\"><svg aria-hidden=\"true\" focusable=\"false\" data-icon=\"clock\" width=\"20\" height=\"20\" fill=\"none\" stroke=\"currentColor\" style=\"display:inline-block;vertical-align:-0.1em\" role=\"img\" xmlns=\"http:\/\/www.w3.org\/2000\/svg\" viewbox=\"0 0 24 24\"><path stroke-linecap=\"round\" stroke-linejoin=\"round\" stroke-width=\"2\" d=\"M12 8v4l3 3m6-3a9 9 0 11-18 0 9 9 0 0118 0z\"><\/path><\/svg><\/span><span class=\"yoast-reading-time__spacer\" style=\"display:inline-block;width:1em\"><\/span><span class=\"yoast-reading-time__descriptive-text\">Tiempo de lectura estimado:  <\/span><span class=\"yoast-reading-time__reading-time\">4<\/span><span class=\"yoast-reading-time__time-unit\"> minutos<\/span><\/p>\n\n\n\n<p>Con un rotundo \u00e9xito y con un movimiento de m\u00e1s de 66,000 pasajeros en un total de 208 trayectos, la aerol\u00ednea espa\u00f1ola Iberojet celebr\u00f3 su primer a\u00f1o de operaci\u00f3n en el Aeropuerto Internacional de Palmerola.&nbsp;<\/p>\n\n\n\n<p>Iberojet inici\u00f3 su operaci\u00f3n el 14 de diciembre de 2022 en Palmerola, con la gran expectativa de Honduras que vio aterrizar, por primera vez, en la zona Central el hist\u00f3rico vuelo comercial transatl\u00e1ntico que conecta a Honduras con Madrid, Espa\u00f1a. &nbsp;<\/p>\n\n\n\n<p>El vuelo que parti\u00f3 del Aeropuerto Adolfo Su\u00e1rez Madrid-Barajas ven\u00eda repleto de hondure\u00f1os y pasajeros de otras nacionalidades como: Espa\u00f1a, Nicaragua y El Salvador, que destacaron los bajos precios que la nueva ruta directa ofrece, los cuales van desde los 850 d\u00f3lares, ida y vuelta, permitiendo que muchas familias puedan hacer realidad su sue\u00f1o de reencontrarse. &nbsp;<\/p>\n\n\n\n<p>Mientras, en el Aeropuerto Internacional de Palmerola, cientos de pasajeros esperaban emocionados poder abordar el vuelo que retorno de Honduras a Madrid y otra multitud se aglomer\u00f3 en el \u00e1rea de llegadas para recibir a sus familiares.&nbsp; &nbsp;<\/p>\n\n\n\n<p>Jos\u00e9 Ignacio Lugo, director general adjunto de Iberojet, destac\u00f3 la alta ocupaci\u00f3n que ha registrado la l\u00ednea a\u00e9rea en su conexi\u00f3n Madrid-Palmerola, lo que permite que la ruta se consolide. &nbsp;<\/p>\n\n\n\n<figure class=\"wp-block-image size-large\"><img fetchpriority=\"high\" decoding=\"async\" width=\"1024\" height=\"768\" src=\"https:\/\/realidadturistica.com\/realtur\/wp-content\/uploads\/2023\/12\/WhatsApp-Image-2023-12-15-at-11.07.31-AM-3-scaled-1-1024x768.jpeg\" alt=\"\" class=\"wp-image-6052\" srcset=\"https:\/\/realidadturistica.com\/realtur\/wp-content\/uploads\/2023\/12\/WhatsApp-Image-2023-12-15-at-11.07.31-AM-3-scaled-1-1024x768.jpeg 1024w, https:\/\/realidadturistica.com\/realtur\/wp-content\/uploads\/2023\/12\/WhatsApp-Image-2023-12-15-at-11.07.31-AM-3-scaled-1-300x225.jpeg 300w, https:\/\/realidadturistica.com\/realtur\/wp-content\/uploads\/2023\/12\/WhatsApp-Image-2023-12-15-at-11.07.31-AM-3-scaled-1-768x576.jpeg 768w, https:\/\/realidadturistica.com\/realtur\/wp-content\/uploads\/2023\/12\/WhatsApp-Image-2023-12-15-at-11.07.31-AM-3-scaled-1-1536x1152.jpeg 1536w, https:\/\/realidadturistica.com\/realtur\/wp-content\/uploads\/2023\/12\/WhatsApp-Image-2023-12-15-at-11.07.31-AM-3-scaled-1-2048x1536.jpeg 2048w, https:\/\/realidadturistica.com\/realtur\/wp-content\/uploads\/2023\/12\/WhatsApp-Image-2023-12-15-at-11.07.31-AM-3-scaled-1-1200x900.jpeg 1200w, https:\/\/realidadturistica.com\/realtur\/wp-content\/uploads\/2023\/12\/WhatsApp-Image-2023-12-15-at-11.07.31-AM-3-scaled-1-1920x1440.jpeg 1920w, https:\/\/realidadturistica.com\/realtur\/wp-content\/uploads\/2023\/12\/WhatsApp-Image-2023-12-15-at-11.07.31-AM-3-scaled-1-1170x878.jpeg 1170w, https:\/\/realidadturistica.com\/realtur\/wp-content\/uploads\/2023\/12\/WhatsApp-Image-2023-12-15-at-11.07.31-AM-3-scaled-1-585x439.jpeg 585w\" sizes=\"(max-width: 1024px) 100vw, 1024px\" \/><\/figure>\n\n\n\n<p>\u201cEl primer a\u00f1o de operaci\u00f3n y la extraordinaria acogida que est\u00e1 teniendo en el mercado supone de cara al futuro la consolidaci\u00f3n de la ruta. Ha sido muy satisfactorio, desde el primer momento con una excelente respuesta del mercado y con altos factores de ocupaci\u00f3n\u201d, manifest\u00f3 el ejecutivo de Iberojet. &nbsp;<\/p>\n\n\n\n<p>Peter Fleming, asesor de conectividad a\u00e9rea de Palmerola International Airport, parte del conglomerado de empresas de Grupo Emco Holding, explic\u00f3 que el \u00e9xito de la nueva ruta ha sido el gran trabajo que han realizado tanto la aerol\u00ednea como el equipo del aeropuerto en la promoci\u00f3n de la misma. &nbsp;<\/p>\n\n\n\n<p>\u201cEstamos muy contentos por este exitoso a\u00f1o de operaci\u00f3n de Iberojet en Palmerola. Logramos hacer historia al abrir por primera vez en la zona Central de Honduras un vuelo transatl\u00e1ntico con boletos a bajo precio y con todas las comodidades. Con esto demostramos lo que hemos dicho siempre: el Aeropuerto Internacional de Palmerola permite traer desarrollo al pa\u00eds, ya que es una puerta importante al mundo\u201d, manifest\u00f3 Fleming. &nbsp;<\/p>\n\n\n\n<p>El mi\u00e9rcoles reci\u00e9n pasado, ejecutivos de Iberojet y de Palmerola International Airport celebraron en el aeropuerto junto a los pasajeros el primer aniversario de la aerol\u00ednea. &nbsp;<\/p>\n\n\n\n<p><strong>Operaci\u00f3n exitosa <\/strong>&nbsp;<\/p>\n\n\n\n<p>Iberojet opera dos veces por semana, los d\u00edas: mi\u00e9rcoles y s\u00e1bado con un Airbus A350-900XWB, uno de los aviones m\u00e1s eficientes y modernos del mundo. &nbsp;<\/p>\n\n\n\n<p>La aeronave que opera la l\u00ednea a\u00e9rea tiene capacidad para transportar m\u00e1s de 432 pasajeros por trayecto y el nivel de ocupaci\u00f3n super\u00f3 el 85 por ciento durante este 2023. &nbsp;<\/p>\n\n\n\n<p>La aerol\u00ednea anunci\u00f3 que debido a la gran demanda de pasajeros que han registrado en el aeropuerto internacional de Palmerola habilit\u00f3 dos vuelos m\u00e1s para la temporada navide\u00f1a.&nbsp;<\/p>\n\n\n\n<p>Los dos vuelos directos que se sumar\u00e1n a la ruta Madrid-Palmerola ser\u00e1n habilitados en las siguientes fechas: lunes 18 de diciembre del 2023 y el lunes 8 de enero del 2024.<\/p>\n\n\n\n<figure class=\"wp-block-image size-large\"><img decoding=\"async\" width=\"1024\" height=\"683\" src=\"https:\/\/realidadturistica.com\/realtur\/wp-content\/uploads\/2023\/12\/WhatsApp-Image-2023-12-15-at-11.07.31-AM-scaled-1-1024x683.jpeg\" alt=\"\" class=\"wp-image-6054\" srcset=\"https:\/\/realidadturistica.com\/realtur\/wp-content\/uploads\/2023\/12\/WhatsApp-Image-2023-12-15-at-11.07.31-AM-scaled-1-1024x683.jpeg 1024w, https:\/\/realidadturistica.com\/realtur\/wp-content\/uploads\/2023\/12\/WhatsApp-Image-2023-12-15-at-11.07.31-AM-scaled-1-300x200.jpeg 300w, https:\/\/realidadturistica.com\/realtur\/wp-content\/uploads\/2023\/12\/WhatsApp-Image-2023-12-15-at-11.07.31-AM-scaled-1-768x512.jpeg 768w, https:\/\/realidadturistica.com\/realtur\/wp-content\/uploads\/2023\/12\/WhatsApp-Image-2023-12-15-at-11.07.31-AM-scaled-1-1536x1024.jpeg 1536w, https:\/\/realidadturistica.com\/realtur\/wp-content\/uploads\/2023\/12\/WhatsApp-Image-2023-12-15-at-11.07.31-AM-scaled-1-2048x1366.jpeg 2048w, https:\/\/realidadturistica.com\/realtur\/wp-content\/uploads\/2023\/12\/WhatsApp-Image-2023-12-15-at-11.07.31-AM-scaled-1-1920x1280.jpeg 1920w, https:\/\/realidadturistica.com\/realtur\/wp-content\/uploads\/2023\/12\/WhatsApp-Image-2023-12-15-at-11.07.31-AM-scaled-1-1170x780.jpeg 1170w, https:\/\/realidadturistica.com\/realtur\/wp-content\/uploads\/2023\/12\/WhatsApp-Image-2023-12-15-at-11.07.31-AM-scaled-1-585x390.jpeg 585w, https:\/\/realidadturistica.com\/realtur\/wp-content\/uploads\/2023\/12\/WhatsApp-Image-2023-12-15-at-11.07.31-AM-scaled-1-263x175.jpeg 263w\" sizes=\"(max-width: 1024px) 100vw, 1024px\" \/><\/figure>\n\n\n\n<p>\u201cCon el fin de brindarles mayores oportunidades de viaje de manera directa y sin escalas, ponemos a su disposici\u00f3n dos frecuencias adicionales, con m\u00e1s de 1,500 sillas para poder cumplir los sue\u00f1os y formar parte de las vacaciones so\u00f1adas de nuestros clientes\u201d, dijo en un comunicado la l\u00ednea a\u00e9rea.<\/p>\n\n\n\n<p>Los boletos est\u00e1n a la venta a trav\u00e9s de la p\u00e1gina oficial www.iberojet.com y agencias de viajes. Tambi\u00e9n se puede pedir informaci\u00f3n o comprar tickets llamando al tel\u00e9fono de atenci\u00f3n 2217-0486 o escribiendo al WhatsApp +506 6414-118.<\/p>\n\n\n\n<p>Cifras altas de pasajeros en Palmerola&nbsp;<\/p>\n\n\n\n<p>Fleming explic\u00f3 que este 2023 el tr\u00e1fico de pasajeros en Palmerola ha registrado un fuerte incremento, por lo que proyectan cerrar el a\u00f1o con cifras superiores a los 800,000 pasajeros, entrando y saliendo.&nbsp;<\/p>\n\n\n\n<p>\u201cEsperamos poder alcanzar cifras hist\u00f3ricas de movimiento de pasajeros en la zona Central, ya que se tuvo grandes cifras en meses de alta demanda como julio y agosto. Lo que prometimos lo estamos cumpliendo, ahora contamos con un aeropuerto que brinda todas las facilidades a las aerol\u00edneas y a los pasajeros y eso se refleja en el crecimiento acelerado que en tan solo en un a\u00f1o y medio registra la Palmerola\u201d, enfatiz\u00f3 el ejecutivo.<\/p>\n\n\n\n<p>Fuente: Hondudiario&nbsp;<\/p>\n","protected":false},"excerpt":{"rendered":"<p>Con un rotundo \u00e9xito y con un movimiento de m\u00e1s de 66,000 pasajeros en un total de 208 trayectos, la aerol\u00ednea espa\u00f1ola Iberojet celebr\u00f3 su&hellip;<\/p>\n","protected":false},"author":2,"featured_media":6050,"comment_status":"open","ping_status":"closed","sticky":false,"template":"","format":"standard","meta":{"content-type":"","_lmt_disableupdate":"","_lmt_disable":"","footnotes":""},"categories":[2],"tags":[],"class_list":["post-6049","post","type-post","status-publish","format-standard","has-post-thumbnail","hentry","category-aerolineas"],"yoast_head":"<!-- This site is optimized with the Yoast SEO Premium plugin v27.4 (Yoast SEO v27.5) - https:\/\/yoast.com\/product\/yoast-seo-premium-wordpress\/ -->\n<title>Iberojet celebra \u00e9xito de su primer a\u00f1o en Palmerola, donde moviliz\u00f3 66,000 pasajeros - Realidad Tur\u00edstica<\/title>\n<meta name=\"robots\" content=\"index, follow, max-snippet:-1, max-image-preview:large, max-video-preview:-1\" \/>\n<link rel=\"canonical\" href=\"https:\/\/realidadturistica.com\/realtur\/iberojet-celebra-exito-de-su-primer-ano-en-palmerola-donde-movilizo-66000-pasajeros\/\" \/>\n<meta property=\"og:locale\" content=\"es_ES\" \/>\n<meta property=\"og:type\" content=\"article\" \/>\n<meta property=\"og:title\" content=\"Iberojet celebra \u00e9xito de su primer a\u00f1o en Palmerola, donde moviliz\u00f3 66,000 pasajeros\" \/>\n<meta property=\"og:description\" content=\"Con un rotundo \u00e9xito y con un movimiento de m\u00e1s de 66,000 pasajeros en un total de 208 trayectos, la aerol\u00ednea espa\u00f1ola Iberojet celebr\u00f3 su&hellip;\" \/>\n<meta property=\"og:url\" content=\"https:\/\/realidadturistica.com\/realtur\/iberojet-celebra-exito-de-su-primer-ano-en-palmerola-donde-movilizo-66000-pasajeros\/\" \/>\n<meta property=\"og:site_name\" content=\"Realidad Tur\u00edstica\" \/>\n<meta property=\"article:publisher\" content=\"https:\/\/www.facebook.com\/realidadturistica\" \/>\n<meta property=\"article:published_time\" content=\"2023-12-21T12:03:58+00:00\" \/>\n<meta property=\"article:modified_time\" content=\"2023-12-21T12:04:01+00:00\" \/>\n<meta property=\"og:image\" content=\"https:\/\/realidadturistica.com\/realtur\/wp-content\/uploads\/2023\/12\/WhatsApp-Image-2023-12-15-at-11.07.31-AM-2-scaled-1.jpeg\" \/>\n\t<meta property=\"og:image:width\" content=\"2560\" \/>\n\t<meta property=\"og:image:height\" content=\"1707\" \/>\n\t<meta property=\"og:image:type\" content=\"image\/jpeg\" \/>\n<meta name=\"author\" content=\"Editor\" \/>\n<meta name=\"twitter:card\" content=\"summary_large_image\" \/>\n<meta name=\"twitter:label1\" content=\"Escrito por\" \/>\n\t<meta name=\"twitter:data1\" content=\"Editor\" \/>\n\t<meta name=\"twitter:label2\" content=\"Tiempo de lectura\" \/>\n\t<meta name=\"twitter:data2\" content=\"4 minutos\" \/>\n<script type=\"application\/ld+json\" class=\"yoast-schema-graph\">{\"@context\":\"https:\\\/\\\/schema.org\",\"@graph\":[{\"@type\":\"Article\",\"@id\":\"https:\\\/\\\/realidadturistica.com\\\/realtur\\\/iberojet-celebra-exito-de-su-primer-ano-en-palmerola-donde-movilizo-66000-pasajeros\\\/#article\",\"isPartOf\":{\"@id\":\"https:\\\/\\\/realidadturistica.com\\\/realtur\\\/iberojet-celebra-exito-de-su-primer-ano-en-palmerola-donde-movilizo-66000-pasajeros\\\/\"},\"author\":{\"name\":\"Editor\",\"@id\":\"https:\\\/\\\/realidadturistica.com\\\/realtur\\\/#\\\/schema\\\/person\\\/ade671191202490fcf08ab21590de73e\"},\"headline\":\"Iberojet celebra \u00e9xito de su primer a\u00f1o en Palmerola, donde moviliz\u00f3 66,000 pasajeros\",\"datePublished\":\"2023-12-21T12:03:58+00:00\",\"dateModified\":\"2023-12-21T12:04:01+00:00\",\"mainEntityOfPage\":{\"@id\":\"https:\\\/\\\/realidadturistica.com\\\/realtur\\\/iberojet-celebra-exito-de-su-primer-ano-en-palmerola-donde-movilizo-66000-pasajeros\\\/\"},\"wordCount\":796,\"commentCount\":0,\"publisher\":{\"@id\":\"https:\\\/\\\/realidadturistica.com\\\/realtur\\\/#organization\"},\"image\":{\"@id\":\"https:\\\/\\\/realidadturistica.com\\\/realtur\\\/iberojet-celebra-exito-de-su-primer-ano-en-palmerola-donde-movilizo-66000-pasajeros\\\/#primaryimage\"},\"thumbnailUrl\":\"https:\\\/\\\/realidadturistica.com\\\/realtur\\\/wp-content\\\/uploads\\\/2023\\\/12\\\/WhatsApp-Image-2023-12-15-at-11.07.31-AM-2-scaled-1.jpeg\",\"articleSection\":[\"Volar con pasi\u00f3n\"],\"inLanguage\":\"es\",\"potentialAction\":[{\"@type\":\"CommentAction\",\"name\":\"Comment\",\"target\":[\"https:\\\/\\\/realidadturistica.com\\\/realtur\\\/iberojet-celebra-exito-de-su-primer-ano-en-palmerola-donde-movilizo-66000-pasajeros\\\/#respond\"]}]},{\"@type\":\"WebPage\",\"@id\":\"https:\\\/\\\/realidadturistica.com\\\/realtur\\\/iberojet-celebra-exito-de-su-primer-ano-en-palmerola-donde-movilizo-66000-pasajeros\\\/\",\"url\":\"https:\\\/\\\/realidadturistica.com\\\/realtur\\\/iberojet-celebra-exito-de-su-primer-ano-en-palmerola-donde-movilizo-66000-pasajeros\\\/\",\"name\":\"Iberojet celebra \u00e9xito de su primer a\u00f1o en Palmerola, donde moviliz\u00f3 66,000 pasajeros - Realidad Tur\u00edstica\",\"isPartOf\":{\"@id\":\"https:\\\/\\\/realidadturistica.com\\\/realtur\\\/#website\"},\"primaryImageOfPage\":{\"@id\":\"https:\\\/\\\/realidadturistica.com\\\/realtur\\\/iberojet-celebra-exito-de-su-primer-ano-en-palmerola-donde-movilizo-66000-pasajeros\\\/#primaryimage\"},\"image\":{\"@id\":\"https:\\\/\\\/realidadturistica.com\\\/realtur\\\/iberojet-celebra-exito-de-su-primer-ano-en-palmerola-donde-movilizo-66000-pasajeros\\\/#primaryimage\"},\"thumbnailUrl\":\"https:\\\/\\\/realidadturistica.com\\\/realtur\\\/wp-content\\\/uploads\\\/2023\\\/12\\\/WhatsApp-Image-2023-12-15-at-11.07.31-AM-2-scaled-1.jpeg\",\"datePublished\":\"2023-12-21T12:03:58+00:00\",\"dateModified\":\"2023-12-21T12:04:01+00:00\",\"breadcrumb\":{\"@id\":\"https:\\\/\\\/realidadturistica.com\\\/realtur\\\/iberojet-celebra-exito-de-su-primer-ano-en-palmerola-donde-movilizo-66000-pasajeros\\\/#breadcrumb\"},\"inLanguage\":\"es\",\"potentialAction\":[{\"@type\":\"ReadAction\",\"target\":[\"https:\\\/\\\/realidadturistica.com\\\/realtur\\\/iberojet-celebra-exito-de-su-primer-ano-en-palmerola-donde-movilizo-66000-pasajeros\\\/\"]}]},{\"@type\":\"ImageObject\",\"inLanguage\":\"es\",\"@id\":\"https:\\\/\\\/realidadturistica.com\\\/realtur\\\/iberojet-celebra-exito-de-su-primer-ano-en-palmerola-donde-movilizo-66000-pasajeros\\\/#primaryimage\",\"url\":\"https:\\\/\\\/realidadturistica.com\\\/realtur\\\/wp-content\\\/uploads\\\/2023\\\/12\\\/WhatsApp-Image-2023-12-15-at-11.07.31-AM-2-scaled-1.jpeg\",\"contentUrl\":\"https:\\\/\\\/realidadturistica.com\\\/realtur\\\/wp-content\\\/uploads\\\/2023\\\/12\\\/WhatsApp-Image-2023-12-15-at-11.07.31-AM-2-scaled-1.jpeg\",\"width\":2560,\"height\":1707},{\"@type\":\"BreadcrumbList\",\"@id\":\"https:\\\/\\\/realidadturistica.com\\\/realtur\\\/iberojet-celebra-exito-de-su-primer-ano-en-palmerola-donde-movilizo-66000-pasajeros\\\/#breadcrumb\",\"itemListElement\":[{\"@type\":\"ListItem\",\"position\":1,\"name\":\"Portada\",\"item\":\"https:\\\/\\\/realidadturistica.com\\\/realtur\\\/\"},{\"@type\":\"ListItem\",\"position\":2,\"name\":\"Iberojet celebra \u00e9xito de su primer a\u00f1o en Palmerola, donde moviliz\u00f3 66,000 pasajeros\"}]},{\"@type\":\"WebSite\",\"@id\":\"https:\\\/\\\/realidadturistica.com\\\/realtur\\\/#website\",\"url\":\"https:\\\/\\\/realidadturistica.com\\\/realtur\\\/\",\"name\":\"Realidad Tur\u00edstica\",\"description\":\"\",\"publisher\":{\"@id\":\"https:\\\/\\\/realidadturistica.com\\\/realtur\\\/#organization\"},\"potentialAction\":[{\"@type\":\"SearchAction\",\"target\":{\"@type\":\"EntryPoint\",\"urlTemplate\":\"https:\\\/\\\/realidadturistica.com\\\/realtur\\\/?s={search_term_string}\"},\"query-input\":{\"@type\":\"PropertyValueSpecification\",\"valueRequired\":true,\"valueName\":\"search_term_string\"}}],\"inLanguage\":\"es\"},{\"@type\":\"Organization\",\"@id\":\"https:\\\/\\\/realidadturistica.com\\\/realtur\\\/#organization\",\"name\":\"Realidad Tur\u00edstica\",\"url\":\"https:\\\/\\\/realidadturistica.com\\\/realtur\\\/\",\"logo\":{\"@type\":\"ImageObject\",\"inLanguage\":\"es\",\"@id\":\"https:\\\/\\\/realidadturistica.com\\\/realtur\\\/#\\\/schema\\\/logo\\\/image\\\/\",\"url\":\"https:\\\/\\\/realidadturistica.com\\\/realtur\\\/wp-content\\\/uploads\\\/2021\\\/12\\\/logotipo-realidad-turistica.png\",\"contentUrl\":\"https:\\\/\\\/realidadturistica.com\\\/realtur\\\/wp-content\\\/uploads\\\/2021\\\/12\\\/logotipo-realidad-turistica.png\",\"width\":1382,\"height\":629,\"caption\":\"Realidad Tur\u00edstica\"},\"image\":{\"@id\":\"https:\\\/\\\/realidadturistica.com\\\/realtur\\\/#\\\/schema\\\/logo\\\/image\\\/\"},\"sameAs\":[\"https:\\\/\\\/www.facebook.com\\\/realidadturistica\",\"https:\\\/\\\/www.instagram.com\\\/realidad_turistica\\\/\"]},{\"@type\":\"Person\",\"@id\":\"https:\\\/\\\/realidadturistica.com\\\/realtur\\\/#\\\/schema\\\/person\\\/ade671191202490fcf08ab21590de73e\",\"name\":\"Editor\",\"image\":{\"@type\":\"ImageObject\",\"inLanguage\":\"es\",\"@id\":\"https:\\\/\\\/realidadturistica.com\\\/realtur\\\/wp-content\\\/uploads\\\/2023\\\/09\\\/Editor_avatar_1693668634-96x96.png\",\"url\":\"https:\\\/\\\/realidadturistica.com\\\/realtur\\\/wp-content\\\/uploads\\\/2023\\\/09\\\/Editor_avatar_1693668634-96x96.png\",\"contentUrl\":\"https:\\\/\\\/realidadturistica.com\\\/realtur\\\/wp-content\\\/uploads\\\/2023\\\/09\\\/Editor_avatar_1693668634-96x96.png\",\"caption\":\"Editor\"},\"sameAs\":[\"https:\\\/\\\/realidadturistica.com\\\/realtur\"],\"url\":\"https:\\\/\\\/realidadturistica.com\\\/realtur\\\/author\\\/editor2\\\/\"}]}<\/script>\n<!-- \/ Yoast SEO Premium plugin. -->","yoast_head_json":{"title":"Iberojet celebra \u00e9xito de su primer a\u00f1o en Palmerola, donde moviliz\u00f3 66,000 pasajeros - Realidad Tur\u00edstica","robots":{"index":"index","follow":"follow","max-snippet":"max-snippet:-1","max-image-preview":"max-image-preview:large","max-video-preview":"max-video-preview:-1"},"canonical":"https:\/\/realidadturistica.com\/realtur\/iberojet-celebra-exito-de-su-primer-ano-en-palmerola-donde-movilizo-66000-pasajeros\/","og_locale":"es_ES","og_type":"article","og_title":"Iberojet celebra \u00e9xito de su primer a\u00f1o en Palmerola, donde moviliz\u00f3 66,000 pasajeros","og_description":"Con un rotundo \u00e9xito y con un movimiento de m\u00e1s de 66,000 pasajeros en un total de 208 trayectos, la aerol\u00ednea espa\u00f1ola Iberojet celebr\u00f3 su&hellip;","og_url":"https:\/\/realidadturistica.com\/realtur\/iberojet-celebra-exito-de-su-primer-ano-en-palmerola-donde-movilizo-66000-pasajeros\/","og_site_name":"Realidad Tur\u00edstica","article_publisher":"https:\/\/www.facebook.com\/realidadturistica","article_published_time":"2023-12-21T12:03:58+00:00","article_modified_time":"2023-12-21T12:04:01+00:00","og_image":[{"width":2560,"height":1707,"url":"https:\/\/realidadturistica.com\/realtur\/wp-content\/uploads\/2023\/12\/WhatsApp-Image-2023-12-15-at-11.07.31-AM-2-scaled-1.jpeg","type":"image\/jpeg"}],"author":"Editor","twitter_card":"summary_large_image","twitter_misc":{"Escrito por":"Editor","Tiempo de lectura":"4 minutos"},"schema":{"@context":"https:\/\/schema.org","@graph":[{"@type":"Article","@id":"https:\/\/realidadturistica.com\/realtur\/iberojet-celebra-exito-de-su-primer-ano-en-palmerola-donde-movilizo-66000-pasajeros\/#article","isPartOf":{"@id":"https:\/\/realidadturistica.com\/realtur\/iberojet-celebra-exito-de-su-primer-ano-en-palmerola-donde-movilizo-66000-pasajeros\/"},"author":{"name":"Editor","@id":"https:\/\/realidadturistica.com\/realtur\/#\/schema\/person\/ade671191202490fcf08ab21590de73e"},"headline":"Iberojet celebra \u00e9xito de su primer a\u00f1o en Palmerola, donde moviliz\u00f3 66,000 pasajeros","datePublished":"2023-12-21T12:03:58+00:00","dateModified":"2023-12-21T12:04:01+00:00","mainEntityOfPage":{"@id":"https:\/\/realidadturistica.com\/realtur\/iberojet-celebra-exito-de-su-primer-ano-en-palmerola-donde-movilizo-66000-pasajeros\/"},"wordCount":796,"commentCount":0,"publisher":{"@id":"https:\/\/realidadturistica.com\/realtur\/#organization"},"image":{"@id":"https:\/\/realidadturistica.com\/realtur\/iberojet-celebra-exito-de-su-primer-ano-en-palmerola-donde-movilizo-66000-pasajeros\/#primaryimage"},"thumbnailUrl":"https:\/\/realidadturistica.com\/realtur\/wp-content\/uploads\/2023\/12\/WhatsApp-Image-2023-12-15-at-11.07.31-AM-2-scaled-1.jpeg","articleSection":["Volar con pasi\u00f3n"],"inLanguage":"es","potentialAction":[{"@type":"CommentAction","name":"Comment","target":["https:\/\/realidadturistica.com\/realtur\/iberojet-celebra-exito-de-su-primer-ano-en-palmerola-donde-movilizo-66000-pasajeros\/#respond"]}]},{"@type":"WebPage","@id":"https:\/\/realidadturistica.com\/realtur\/iberojet-celebra-exito-de-su-primer-ano-en-palmerola-donde-movilizo-66000-pasajeros\/","url":"https:\/\/realidadturistica.com\/realtur\/iberojet-celebra-exito-de-su-primer-ano-en-palmerola-donde-movilizo-66000-pasajeros\/","name":"Iberojet celebra \u00e9xito de su primer a\u00f1o en Palmerola, donde moviliz\u00f3 66,000 pasajeros - Realidad Tur\u00edstica","isPartOf":{"@id":"https:\/\/realidadturistica.com\/realtur\/#website"},"primaryImageOfPage":{"@id":"https:\/\/realidadturistica.com\/realtur\/iberojet-celebra-exito-de-su-primer-ano-en-palmerola-donde-movilizo-66000-pasajeros\/#primaryimage"},"image":{"@id":"https:\/\/realidadturistica.com\/realtur\/iberojet-celebra-exito-de-su-primer-ano-en-palmerola-donde-movilizo-66000-pasajeros\/#primaryimage"},"thumbnailUrl":"https:\/\/realidadturistica.com\/realtur\/wp-content\/uploads\/2023\/12\/WhatsApp-Image-2023-12-15-at-11.07.31-AM-2-scaled-1.jpeg","datePublished":"2023-12-21T12:03:58+00:00","dateModified":"2023-12-21T12:04:01+00:00","breadcrumb":{"@id":"https:\/\/realidadturistica.com\/realtur\/iberojet-celebra-exito-de-su-primer-ano-en-palmerola-donde-movilizo-66000-pasajeros\/#breadcrumb"},"inLanguage":"es","potentialAction":[{"@type":"ReadAction","target":["https:\/\/realidadturistica.com\/realtur\/iberojet-celebra-exito-de-su-primer-ano-en-palmerola-donde-movilizo-66000-pasajeros\/"]}]},{"@type":"ImageObject","inLanguage":"es","@id":"https:\/\/realidadturistica.com\/realtur\/iberojet-celebra-exito-de-su-primer-ano-en-palmerola-donde-movilizo-66000-pasajeros\/#primaryimage","url":"https:\/\/realidadturistica.com\/realtur\/wp-content\/uploads\/2023\/12\/WhatsApp-Image-2023-12-15-at-11.07.31-AM-2-scaled-1.jpeg","contentUrl":"https:\/\/realidadturistica.com\/realtur\/wp-content\/uploads\/2023\/12\/WhatsApp-Image-2023-12-15-at-11.07.31-AM-2-scaled-1.jpeg","width":2560,"height":1707},{"@type":"BreadcrumbList","@id":"https:\/\/realidadturistica.com\/realtur\/iberojet-celebra-exito-de-su-primer-ano-en-palmerola-donde-movilizo-66000-pasajeros\/#breadcrumb","itemListElement":[{"@type":"ListItem","position":1,"name":"Portada","item":"https:\/\/realidadturistica.com\/realtur\/"},{"@type":"ListItem","position":2,"name":"Iberojet celebra \u00e9xito de su primer a\u00f1o en Palmerola, donde moviliz\u00f3 66,000 pasajeros"}]},{"@type":"WebSite","@id":"https:\/\/realidadturistica.com\/realtur\/#website","url":"https:\/\/realidadturistica.com\/realtur\/","name":"Realidad Tur\u00edstica","description":"","publisher":{"@id":"https:\/\/realidadturistica.com\/realtur\/#organization"},"potentialAction":[{"@type":"SearchAction","target":{"@type":"EntryPoint","urlTemplate":"https:\/\/realidadturistica.com\/realtur\/?s={search_term_string}"},"query-input":{"@type":"PropertyValueSpecification","valueRequired":true,"valueName":"search_term_string"}}],"inLanguage":"es"},{"@type":"Organization","@id":"https:\/\/realidadturistica.com\/realtur\/#organization","name":"Realidad Tur\u00edstica","url":"https:\/\/realidadturistica.com\/realtur\/","logo":{"@type":"ImageObject","inLanguage":"es","@id":"https:\/\/realidadturistica.com\/realtur\/#\/schema\/logo\/image\/","url":"https:\/\/realidadturistica.com\/realtur\/wp-content\/uploads\/2021\/12\/logotipo-realidad-turistica.png","contentUrl":"https:\/\/realidadturistica.com\/realtur\/wp-content\/uploads\/2021\/12\/logotipo-realidad-turistica.png","width":1382,"height":629,"caption":"Realidad Tur\u00edstica"},"image":{"@id":"https:\/\/realidadturistica.com\/realtur\/#\/schema\/logo\/image\/"},"sameAs":["https:\/\/www.facebook.com\/realidadturistica","https:\/\/www.instagram.com\/realidad_turistica\/"]},{"@type":"Person","@id":"https:\/\/realidadturistica.com\/realtur\/#\/schema\/person\/ade671191202490fcf08ab21590de73e","name":"Editor","image":{"@type":"ImageObject","inLanguage":"es","@id":"https:\/\/realidadturistica.com\/realtur\/wp-content\/uploads\/2023\/09\/Editor_avatar_1693668634-96x96.png","url":"https:\/\/realidadturistica.com\/realtur\/wp-content\/uploads\/2023\/09\/Editor_avatar_1693668634-96x96.png","contentUrl":"https:\/\/realidadturistica.com\/realtur\/wp-content\/uploads\/2023\/09\/Editor_avatar_1693668634-96x96.png","caption":"Editor"},"sameAs":["https:\/\/realidadturistica.com\/realtur"],"url":"https:\/\/realidadturistica.com\/realtur\/author\/editor2\/"}]}},"_links":{"self":[{"href":"https:\/\/realidadturistica.com\/realtur\/wp-json\/wp\/v2\/posts\/6049","targetHints":{"allow":["GET"]}}],"collection":[{"href":"https:\/\/realidadturistica.com\/realtur\/wp-json\/wp\/v2\/posts"}],"about":[{"href":"https:\/\/realidadturistica.com\/realtur\/wp-json\/wp\/v2\/types\/post"}],"author":[{"embeddable":true,"href":"https:\/\/realidadturistica.com\/realtur\/wp-json\/wp\/v2\/users\/2"}],"replies":[{"embeddable":true,"href":"https:\/\/realidadturistica.com\/realtur\/wp-json\/wp\/v2\/comments?post=6049"}],"version-history":[{"count":3,"href":"https:\/\/realidadturistica.com\/realtur\/wp-json\/wp\/v2\/posts\/6049\/revisions"}],"predecessor-version":[{"id":6055,"href":"https:\/\/realidadturistica.com\/realtur\/wp-json\/wp\/v2\/posts\/6049\/revisions\/6055"}],"wp:featuredmedia":[{"embeddable":true,"href":"https:\/\/realidadturistica.com\/realtur\/wp-json\/wp\/v2\/media\/6050"}],"wp:attachment":[{"href":"https:\/\/realidadturistica.com\/realtur\/wp-json\/wp\/v2\/media?parent=6049"}],"wp:term":[{"taxonomy":"category","embeddable":true,"href":"https:\/\/realidadturistica.com\/realtur\/wp-json\/wp\/v2\/categories?post=6049"},{"taxonomy":"post_tag","embeddable":true,"href":"https:\/\/realidadturistica.com\/realtur\/wp-json\/wp\/v2\/tags?post=6049"}],"curies":[{"name":"wp","href":"https:\/\/api.w.org\/{rel}","templated":true}]}}