{"id":6151,"date":"2024-01-18T18:38:36","date_gmt":"2024-01-18T18:38:36","guid":{"rendered":"https:\/\/realidadturistica.com\/realtur\/?p=6151"},"modified":"2024-01-18T20:51:25","modified_gmt":"2024-01-18T20:51:25","slug":"grupo-hotelero-islazul-presentara-novedades-en-fitur-2024","status":"publish","type":"post","link":"https:\/\/realidadturistica.com\/realtur\/grupo-hotelero-islazul-presentara-novedades-en-fitur-2024\/","title":{"rendered":"Grupo Hotelero Islazul presentar\u00e1 novedades en Fitur 2024"},"content":{"rendered":"\n<p class=\"yoast-reading-time__wrapper\"><span class=\"yoast-reading-time__icon\"><svg aria-hidden=\"true\" focusable=\"false\" data-icon=\"clock\" width=\"20\" height=\"20\" fill=\"none\" stroke=\"currentColor\" style=\"display:inline-block;vertical-align:-0.1em\" role=\"img\" xmlns=\"http:\/\/www.w3.org\/2000\/svg\" viewbox=\"0 0 24 24\"><path stroke-linecap=\"round\" stroke-linejoin=\"round\" stroke-width=\"2\" d=\"M12 8v4l3 3m6-3a9 9 0 11-18 0 9 9 0 0118 0z\"><\/path><\/svg><\/span><span class=\"yoast-reading-time__spacer\" style=\"display:inline-block;width:1em\"><\/span><span class=\"yoast-reading-time__descriptive-text\">Tiempo de lectura estimado:  <\/span><span class=\"yoast-reading-time__reading-time\">5<\/span><span class=\"yoast-reading-time__time-unit\"> minutos<\/span><\/p>\n\n\n\n<p>Cuba. El Grupo Hotelero Islazul estar\u00e1 presente en la pr\u00f3xima Feria Internacional del Turismo, FITUR 2024, que se llevar\u00e1 a cabo en Espa\u00f1a del 24 al 28 de enero, y donde se dan cita las empresas hoteleras y de viajes m\u00e1s importantes a nivel mundial.<\/p>\n\n\n\n<p>En esta ocasi\u00f3n el Grupo Hotelero Islazul presentar\u00e1 entre sus novedades los hoteles de ciudad Colina y Vueltabajo, y del destino playa la Villa Bacuranao.<\/p>\n\n\n\n<p>Seg\u00fan manifest\u00f3 Yuliet Pino Batista, vicepresidenta de Islazul, el hotel Colina y la Villa Bacuranao, son dos instalaciones habaneras del grupo que comenzar\u00e1n a comercializarse a partir del mes de marzo del presente a\u00f1o, luego de un proceso inversionista al que fueron sometidos ambas instalaciones. <\/p>\n\n\n\n<figure class=\"wp-block-gallery has-nested-images columns-default is-cropped wp-block-gallery-1 is-layout-flex wp-block-gallery-is-layout-flex\">\n<figure class=\"wp-block-image size-large\"><img fetchpriority=\"high\" decoding=\"async\" width=\"840\" height=\"560\" data-id=\"6162\" src=\"https:\/\/realidadturistica.com\/realtur\/wp-content\/uploads\/2024\/01\/Hoteles-Pinar-del-Rio-habitacion.jpg\" alt=\"\" class=\"wp-image-6162\" srcset=\"https:\/\/realidadturistica.com\/realtur\/wp-content\/uploads\/2024\/01\/Hoteles-Pinar-del-Rio-habitacion.jpg 840w, https:\/\/realidadturistica.com\/realtur\/wp-content\/uploads\/2024\/01\/Hoteles-Pinar-del-Rio-habitacion-300x200.jpg 300w, https:\/\/realidadturistica.com\/realtur\/wp-content\/uploads\/2024\/01\/Hoteles-Pinar-del-Rio-habitacion-768x512.jpg 768w, https:\/\/realidadturistica.com\/realtur\/wp-content\/uploads\/2024\/01\/Hoteles-Pinar-del-Rio-habitacion-585x390.jpg 585w, https:\/\/realidadturistica.com\/realtur\/wp-content\/uploads\/2024\/01\/Hoteles-Pinar-del-Rio-habitacion-263x175.jpg 263w\" sizes=\"(max-width: 840px) 100vw, 840px\" \/><figcaption class=\"wp-element-caption\">Habitaci\u00f3n Hotel Vueltabajo<\/figcaption><\/figure>\n\n\n\n<figure class=\"wp-block-image size-large\"><img decoding=\"async\" width=\"840\" height=\"560\" data-id=\"6164\" src=\"https:\/\/realidadturistica.com\/realtur\/wp-content\/uploads\/2024\/01\/Villa-Bacuranao-habitacion.jpg\" alt=\"\" class=\"wp-image-6164\" srcset=\"https:\/\/realidadturistica.com\/realtur\/wp-content\/uploads\/2024\/01\/Villa-Bacuranao-habitacion.jpg 840w, https:\/\/realidadturistica.com\/realtur\/wp-content\/uploads\/2024\/01\/Villa-Bacuranao-habitacion-300x200.jpg 300w, https:\/\/realidadturistica.com\/realtur\/wp-content\/uploads\/2024\/01\/Villa-Bacuranao-habitacion-768x512.jpg 768w, https:\/\/realidadturistica.com\/realtur\/wp-content\/uploads\/2024\/01\/Villa-Bacuranao-habitacion-585x390.jpg 585w, https:\/\/realidadturistica.com\/realtur\/wp-content\/uploads\/2024\/01\/Villa-Bacuranao-habitacion-263x175.jpg 263w\" sizes=\"(max-width: 840px) 100vw, 840px\" \/><figcaption class=\"wp-element-caption\">Habitaci\u00f3n Villa Bacuranao<\/figcaption><\/figure>\n<\/figure>\n\n\n\n<p>En el caso del hotel Vueltabajo, ubicado en la provincia de Pinar del R\u00edo y que se encuentra en plena operaci\u00f3n,  la directiva se\u00f1al\u00f3 que esta instalaci\u00f3n fue recientemente categorizada 4 estrellas, con una ubicaci\u00f3n privilegiada en el centro de la ciudad, lo que la hace asequible a los principales atractivos tur\u00edsticos de la localidad. En Pinar del R\u00edo existe una gran oferta para el turismo de naturaleza, destac\u00e1ndose sus cuevas, plantaciones de tabaco y parques nacionales, con una exquisita vegetaci\u00f3n y r\u00edos, cuya m\u00e1xima expresi\u00f3n se encuentra en el Valle de Vi\u00f1ales, con un impresionante mural, tambi\u00e9n declarado Patrimonio de la Humanidad por la UNESCO en 1999.<\/p>\n\n\n\n<p>La presentaci\u00f3n de estos productos en FITUR responde al inter\u00e9s de la cadena de ofertar el destino de La Habana, el cual destaca por su arquitectura, su cultura gastron\u00f3mica y su diversidad patrimonial. Recordemos que La Habana Vieja, junto a su sistema de fortificaciones fue declarado por la UNESCO patrimonio de la Humanidad en 1982. El Hotel Colina en este caso destaca por la posibilidad que tienen nuestros hu\u00e9spedes de visitar estos maravillosos sitios en cortas distancias.<\/p>\n\n\n\n<figure class=\"wp-block-gallery has-nested-images columns-default is-cropped wp-block-gallery-2 is-layout-flex wp-block-gallery-is-layout-flex\">\n<figure class=\"wp-block-image size-large\"><img decoding=\"async\" width=\"840\" height=\"603\" data-id=\"6154\" src=\"https:\/\/realidadturistica.com\/realtur\/wp-content\/uploads\/2024\/01\/Hoteles-Pinar-del-Rio.jpg\" alt=\"\" class=\"wp-image-6154\" srcset=\"https:\/\/realidadturistica.com\/realtur\/wp-content\/uploads\/2024\/01\/Hoteles-Pinar-del-Rio.jpg 840w, https:\/\/realidadturistica.com\/realtur\/wp-content\/uploads\/2024\/01\/Hoteles-Pinar-del-Rio-300x215.jpg 300w, https:\/\/realidadturistica.com\/realtur\/wp-content\/uploads\/2024\/01\/Hoteles-Pinar-del-Rio-768x551.jpg 768w, https:\/\/realidadturistica.com\/realtur\/wp-content\/uploads\/2024\/01\/Hoteles-Pinar-del-Rio-585x420.jpg 585w\" sizes=\"(max-width: 840px) 100vw, 840px\" \/><figcaption class=\"wp-element-caption\">Hotel Vueltabajo<\/figcaption><\/figure>\n\n\n\n<figure class=\"wp-block-image size-large\"><img loading=\"lazy\" decoding=\"async\" width=\"840\" height=\"560\" data-id=\"6155\" src=\"https:\/\/realidadturistica.com\/realtur\/wp-content\/uploads\/2024\/01\/Villa-Bacuranao-cabanas2.jpg\" alt=\"\" class=\"wp-image-6155\" srcset=\"https:\/\/realidadturistica.com\/realtur\/wp-content\/uploads\/2024\/01\/Villa-Bacuranao-cabanas2.jpg 840w, https:\/\/realidadturistica.com\/realtur\/wp-content\/uploads\/2024\/01\/Villa-Bacuranao-cabanas2-300x200.jpg 300w, https:\/\/realidadturistica.com\/realtur\/wp-content\/uploads\/2024\/01\/Villa-Bacuranao-cabanas2-768x512.jpg 768w, https:\/\/realidadturistica.com\/realtur\/wp-content\/uploads\/2024\/01\/Villa-Bacuranao-cabanas2-585x390.jpg 585w, https:\/\/realidadturistica.com\/realtur\/wp-content\/uploads\/2024\/01\/Villa-Bacuranao-cabanas2-263x175.jpg 263w\" sizes=\"(max-width: 840px) 100vw, 840px\" \/><figcaption class=\"wp-element-caption\">Villa Bacuranao<\/figcaption><\/figure>\n<\/figure>\n\n\n\n<p>Igualmente, siempre la opci\u00f3n de playa en nuestro pa\u00eds, es uno de los mayores atractivos que buscan quienes nos visitan, por el azul de sus playas y blancas arenas que se extienden m\u00e1s all\u00e1 de la ultra conocida playa de Varadero. Es por ello que presentaremos Villa Bacuranao como una opci\u00f3n en esta modalidad, la que igualmente se puede combinar con la visita patrimonial a La Habana por su cercan\u00eda.<\/p>\n\n\n\n<p>El Grupo Hotelero Islazul presentar\u00e1 en FITUR 2024 estas tres instalaciones, que enriquecen la oferta del pa\u00eds en el marco de la campa\u00f1a promocional CUBA UNICA, donde adem\u00e1s de destacar la belleza natural y arquitect\u00f3nica de la isla, se estar\u00e1 promocionando el principal valor: la experiencia de interactuar con la gente de Cuba.<\/p>\n\n\n\n<p><strong>Informaci\u00f3n sobre el Hotel Colina.<\/strong><\/p>\n\n\n\n<p>El Hotel Colina fue construido en 1954 y est\u00e1 ubicado en el epicentro de la vida social y cultural de la ciudad de La Habana, en un lugar privilegiado para conocer la diversidad cultural de esta ciudad Maravilla. Cercano a la hist\u00f3rica y prestigiosa Universidad de La Habana, a la afamada esquina de la Avenida 23 y la Calle L, al Malec\u00f3n, a los reconocidos cines Yara y La Rampa, se erige como un hotel c\u00e9ntrico, pero \u00edntimo, donde cada detalle es atendido con el esmero de quienes poseen el don de la creatividad. Luego de este proceso inversionista, el hotel, categorizado con tress estrellas, cuenta con 75 habitaciones, distribuidas en seis plantas.<\/p>\n\n\n\n<p>Direcci\u00f3n: Calle L entre calle 27 y calle Jovellar, Vedado, Plaza de la Revoluci\u00f3n, La Habana, Cuba<\/p>\n\n\n\n<p>Tel\u00e9fono: +53 7 8375975<\/p>\n\n\n\n<p>Reservas: <a href=\"mailto:director@colina.islazul.tur.cu\">director@colina.islazul.tur.cu<\/a><\/p>\n\n\n\n<p><a href=\"http:\/\/www.islazulhoteles.com\">www.islazulhoteles.com<\/a><\/p>\n\n\n\n<p><strong>Informaci\u00f3n sobre Villa Bacuranao.<\/strong><\/p>\n\n\n\n<p>Con categor\u00eda de tres estrellas, este hotel est\u00e1 situado en la zona c\u00e9ntrica del poblado de Bacuranao en La Habana. Su localizaci\u00f3n permite acceder a diferentes puntos de inter\u00e9s cultural, recreativos y de ocio. Las 51 habitaciones distribuidas en caba\u00f1as ofrecen amenidades, que incluyen espacio para trabajar con laptop y aire acondicionado.<\/p>\n\n\n\n<p>Direcci\u00f3n: Carretera V\u00eda Blanca Km 15 1\/2, Celimar, Habana del Este, La Habana<\/p>\n\n\n\n<p>Tel\u00e9fono: +53 9 2447765<\/p>\n\n\n\n<p>Reservas: <a href=\"mailto:reservas@bacuranao.islazul.tur.cu\">reservas@bacuranao.islazul.tur.cu<\/a><\/p>\n\n\n\n<p><a href=\"http:\/\/www.islazulhoteles.com\">www.islazulhoteles.com<\/a><\/p>\n\n\n\n<p>Informaci\u00f3n sobre hotel Vueltabajo.<\/p>\n\n\n\n<p>Instalaci\u00f3n de corte colonial, construida en 1929. El hotel est\u00e1 ubicado en el centro de la ciudad de Pinar del R\u00edo, y recientemente ha sido categorizado a 4 estrellas. Cuenta con 39 habitaciones, distribuidas en 2 pisos.<\/p>\n\n\n\n<p>Direcci\u00f3n: Calle Mart\u00ed No. 103, esq. Rafael Morales, Pinar del R\u00edo, Pinar del R\u00edo<\/p>\n\n\n\n<p>Tel\u00e9fono: +53 48 759381<\/p>\n\n\n\n<p>Reservas: <a href=\"mailto:operaciones@vueltapr.tur.cu\">operaciones@vueltapr.tur.cu<\/a><\/p>\n\n\n\n<p><a href=\"http:\/\/www.islazulhoteles.com\">www.islazulhoteles.com<\/a><\/p>\n\n\n\n<p>Fuente: Grupo Hotelero Islazul \/Peri\u00f3dico Digital Centroamericano y del Caribe.<\/p>\n","protected":false},"excerpt":{"rendered":"<p>Cuba. El Grupo Hotelero Islazul estar\u00e1 presente en la pr\u00f3xima Feria Internacional del Turismo, FITUR 2024, que se llevar\u00e1 a cabo en Espa\u00f1a del 24&hellip;<\/p>\n","protected":false},"author":2,"featured_media":6152,"comment_status":"open","ping_status":"closed","sticky":false,"template":"","format":"standard","meta":{"content-type":"","_lmt_disableupdate":"","_lmt_disable":"","footnotes":""},"categories":[6],"tags":[],"class_list":["post-6151","post","type-post","status-publish","format-standard","has-post-thumbnail","hentry","category-turismo"],"yoast_head":"<!-- This site is optimized with the Yoast SEO Premium plugin v27.4 (Yoast SEO v27.5) - https:\/\/yoast.com\/product\/yoast-seo-premium-wordpress\/ -->\n<title>Grupo Hotelero Islazul presentar\u00e1 novedades en Fitur 2024 - Realidad Tur\u00edstica<\/title>\n<meta name=\"robots\" content=\"index, follow, max-snippet:-1, max-image-preview:large, max-video-preview:-1\" \/>\n<link rel=\"canonical\" href=\"https:\/\/realidadturistica.com\/realtur\/grupo-hotelero-islazul-presentara-novedades-en-fitur-2024\/\" \/>\n<meta property=\"og:locale\" content=\"es_ES\" \/>\n<meta property=\"og:type\" content=\"article\" \/>\n<meta property=\"og:title\" content=\"Grupo Hotelero Islazul presentar\u00e1 novedades en Fitur 2024\" \/>\n<meta property=\"og:description\" content=\"Cuba. El Grupo Hotelero Islazul estar\u00e1 presente en la pr\u00f3xima Feria Internacional del Turismo, FITUR 2024, que se llevar\u00e1 a cabo en Espa\u00f1a del 24&hellip;\" \/>\n<meta property=\"og:url\" content=\"https:\/\/realidadturistica.com\/realtur\/grupo-hotelero-islazul-presentara-novedades-en-fitur-2024\/\" \/>\n<meta property=\"og:site_name\" content=\"Realidad Tur\u00edstica\" \/>\n<meta property=\"article:publisher\" content=\"https:\/\/www.facebook.com\/realidadturistica\" \/>\n<meta property=\"article:published_time\" content=\"2024-01-18T18:38:36+00:00\" \/>\n<meta property=\"article:modified_time\" content=\"2024-01-18T20:51:25+00:00\" \/>\n<meta property=\"og:image\" content=\"https:\/\/realidadturistica.com\/realtur\/wp-content\/uploads\/2024\/01\/HotelesPinar-del-Rio-lobby.jpg\" \/>\n\t<meta property=\"og:image:width\" content=\"840\" \/>\n\t<meta property=\"og:image:height\" content=\"560\" \/>\n\t<meta property=\"og:image:type\" content=\"image\/jpeg\" \/>\n<meta name=\"author\" content=\"Editor\" \/>\n<meta name=\"twitter:card\" content=\"summary_large_image\" \/>\n<meta name=\"twitter:label1\" content=\"Escrito por\" \/>\n\t<meta name=\"twitter:data1\" content=\"Editor\" \/>\n\t<meta name=\"twitter:label2\" content=\"Tiempo de lectura\" \/>\n\t<meta name=\"twitter:data2\" content=\"5 minutos\" \/>\n<script type=\"application\/ld+json\" class=\"yoast-schema-graph\">{\"@context\":\"https:\\\/\\\/schema.org\",\"@graph\":[{\"@type\":\"Article\",\"@id\":\"https:\\\/\\\/realidadturistica.com\\\/realtur\\\/grupo-hotelero-islazul-presentara-novedades-en-fitur-2024\\\/#article\",\"isPartOf\":{\"@id\":\"https:\\\/\\\/realidadturistica.com\\\/realtur\\\/grupo-hotelero-islazul-presentara-novedades-en-fitur-2024\\\/\"},\"author\":{\"name\":\"Editor\",\"@id\":\"https:\\\/\\\/realidadturistica.com\\\/realtur\\\/#\\\/schema\\\/person\\\/ade671191202490fcf08ab21590de73e\"},\"headline\":\"Grupo Hotelero Islazul presentar\u00e1 novedades en Fitur 2024\",\"datePublished\":\"2024-01-18T18:38:36+00:00\",\"dateModified\":\"2024-01-18T20:51:25+00:00\",\"mainEntityOfPage\":{\"@id\":\"https:\\\/\\\/realidadturistica.com\\\/realtur\\\/grupo-hotelero-islazul-presentara-novedades-en-fitur-2024\\\/\"},\"wordCount\":784,\"commentCount\":0,\"publisher\":{\"@id\":\"https:\\\/\\\/realidadturistica.com\\\/realtur\\\/#organization\"},\"image\":{\"@id\":\"https:\\\/\\\/realidadturistica.com\\\/realtur\\\/grupo-hotelero-islazul-presentara-novedades-en-fitur-2024\\\/#primaryimage\"},\"thumbnailUrl\":\"https:\\\/\\\/realidadturistica.com\\\/realtur\\\/wp-content\\\/uploads\\\/2024\\\/01\\\/HotelesPinar-del-Rio-lobby.jpg\",\"articleSection\":[\"Turismo\"],\"inLanguage\":\"es\",\"potentialAction\":[{\"@type\":\"CommentAction\",\"name\":\"Comment\",\"target\":[\"https:\\\/\\\/realidadturistica.com\\\/realtur\\\/grupo-hotelero-islazul-presentara-novedades-en-fitur-2024\\\/#respond\"]}]},{\"@type\":\"WebPage\",\"@id\":\"https:\\\/\\\/realidadturistica.com\\\/realtur\\\/grupo-hotelero-islazul-presentara-novedades-en-fitur-2024\\\/\",\"url\":\"https:\\\/\\\/realidadturistica.com\\\/realtur\\\/grupo-hotelero-islazul-presentara-novedades-en-fitur-2024\\\/\",\"name\":\"Grupo Hotelero Islazul presentar\u00e1 novedades en Fitur 2024 - Realidad Tur\u00edstica\",\"isPartOf\":{\"@id\":\"https:\\\/\\\/realidadturistica.com\\\/realtur\\\/#website\"},\"primaryImageOfPage\":{\"@id\":\"https:\\\/\\\/realidadturistica.com\\\/realtur\\\/grupo-hotelero-islazul-presentara-novedades-en-fitur-2024\\\/#primaryimage\"},\"image\":{\"@id\":\"https:\\\/\\\/realidadturistica.com\\\/realtur\\\/grupo-hotelero-islazul-presentara-novedades-en-fitur-2024\\\/#primaryimage\"},\"thumbnailUrl\":\"https:\\\/\\\/realidadturistica.com\\\/realtur\\\/wp-content\\\/uploads\\\/2024\\\/01\\\/HotelesPinar-del-Rio-lobby.jpg\",\"datePublished\":\"2024-01-18T18:38:36+00:00\",\"dateModified\":\"2024-01-18T20:51:25+00:00\",\"breadcrumb\":{\"@id\":\"https:\\\/\\\/realidadturistica.com\\\/realtur\\\/grupo-hotelero-islazul-presentara-novedades-en-fitur-2024\\\/#breadcrumb\"},\"inLanguage\":\"es\",\"potentialAction\":[{\"@type\":\"ReadAction\",\"target\":[\"https:\\\/\\\/realidadturistica.com\\\/realtur\\\/grupo-hotelero-islazul-presentara-novedades-en-fitur-2024\\\/\"]}]},{\"@type\":\"ImageObject\",\"inLanguage\":\"es\",\"@id\":\"https:\\\/\\\/realidadturistica.com\\\/realtur\\\/grupo-hotelero-islazul-presentara-novedades-en-fitur-2024\\\/#primaryimage\",\"url\":\"https:\\\/\\\/realidadturistica.com\\\/realtur\\\/wp-content\\\/uploads\\\/2024\\\/01\\\/HotelesPinar-del-Rio-lobby.jpg\",\"contentUrl\":\"https:\\\/\\\/realidadturistica.com\\\/realtur\\\/wp-content\\\/uploads\\\/2024\\\/01\\\/HotelesPinar-del-Rio-lobby.jpg\",\"width\":840,\"height\":560},{\"@type\":\"BreadcrumbList\",\"@id\":\"https:\\\/\\\/realidadturistica.com\\\/realtur\\\/grupo-hotelero-islazul-presentara-novedades-en-fitur-2024\\\/#breadcrumb\",\"itemListElement\":[{\"@type\":\"ListItem\",\"position\":1,\"name\":\"Portada\",\"item\":\"https:\\\/\\\/realidadturistica.com\\\/realtur\\\/\"},{\"@type\":\"ListItem\",\"position\":2,\"name\":\"Grupo Hotelero Islazul presentar\u00e1 novedades en Fitur 2024\"}]},{\"@type\":\"WebSite\",\"@id\":\"https:\\\/\\\/realidadturistica.com\\\/realtur\\\/#website\",\"url\":\"https:\\\/\\\/realidadturistica.com\\\/realtur\\\/\",\"name\":\"Realidad Tur\u00edstica\",\"description\":\"\",\"publisher\":{\"@id\":\"https:\\\/\\\/realidadturistica.com\\\/realtur\\\/#organization\"},\"potentialAction\":[{\"@type\":\"SearchAction\",\"target\":{\"@type\":\"EntryPoint\",\"urlTemplate\":\"https:\\\/\\\/realidadturistica.com\\\/realtur\\\/?s={search_term_string}\"},\"query-input\":{\"@type\":\"PropertyValueSpecification\",\"valueRequired\":true,\"valueName\":\"search_term_string\"}}],\"inLanguage\":\"es\"},{\"@type\":\"Organization\",\"@id\":\"https:\\\/\\\/realidadturistica.com\\\/realtur\\\/#organization\",\"name\":\"Realidad Tur\u00edstica\",\"url\":\"https:\\\/\\\/realidadturistica.com\\\/realtur\\\/\",\"logo\":{\"@type\":\"ImageObject\",\"inLanguage\":\"es\",\"@id\":\"https:\\\/\\\/realidadturistica.com\\\/realtur\\\/#\\\/schema\\\/logo\\\/image\\\/\",\"url\":\"https:\\\/\\\/realidadturistica.com\\\/realtur\\\/wp-content\\\/uploads\\\/2021\\\/12\\\/logotipo-realidad-turistica.png\",\"contentUrl\":\"https:\\\/\\\/realidadturistica.com\\\/realtur\\\/wp-content\\\/uploads\\\/2021\\\/12\\\/logotipo-realidad-turistica.png\",\"width\":1382,\"height\":629,\"caption\":\"Realidad Tur\u00edstica\"},\"image\":{\"@id\":\"https:\\\/\\\/realidadturistica.com\\\/realtur\\\/#\\\/schema\\\/logo\\\/image\\\/\"},\"sameAs\":[\"https:\\\/\\\/www.facebook.com\\\/realidadturistica\",\"https:\\\/\\\/www.instagram.com\\\/realidad_turistica\\\/\"]},{\"@type\":\"Person\",\"@id\":\"https:\\\/\\\/realidadturistica.com\\\/realtur\\\/#\\\/schema\\\/person\\\/ade671191202490fcf08ab21590de73e\",\"name\":\"Editor\",\"image\":{\"@type\":\"ImageObject\",\"inLanguage\":\"es\",\"@id\":\"https:\\\/\\\/realidadturistica.com\\\/realtur\\\/wp-content\\\/uploads\\\/2023\\\/09\\\/Editor_avatar_1693668634-96x96.png\",\"url\":\"https:\\\/\\\/realidadturistica.com\\\/realtur\\\/wp-content\\\/uploads\\\/2023\\\/09\\\/Editor_avatar_1693668634-96x96.png\",\"contentUrl\":\"https:\\\/\\\/realidadturistica.com\\\/realtur\\\/wp-content\\\/uploads\\\/2023\\\/09\\\/Editor_avatar_1693668634-96x96.png\",\"caption\":\"Editor\"},\"sameAs\":[\"https:\\\/\\\/realidadturistica.com\\\/realtur\"],\"url\":\"https:\\\/\\\/realidadturistica.com\\\/realtur\\\/author\\\/editor2\\\/\"}]}<\/script>\n<!-- \/ Yoast SEO Premium plugin. -->","yoast_head_json":{"title":"Grupo Hotelero Islazul presentar\u00e1 novedades en Fitur 2024 - Realidad Tur\u00edstica","robots":{"index":"index","follow":"follow","max-snippet":"max-snippet:-1","max-image-preview":"max-image-preview:large","max-video-preview":"max-video-preview:-1"},"canonical":"https:\/\/realidadturistica.com\/realtur\/grupo-hotelero-islazul-presentara-novedades-en-fitur-2024\/","og_locale":"es_ES","og_type":"article","og_title":"Grupo Hotelero Islazul presentar\u00e1 novedades en Fitur 2024","og_description":"Cuba. El Grupo Hotelero Islazul estar\u00e1 presente en la pr\u00f3xima Feria Internacional del Turismo, FITUR 2024, que se llevar\u00e1 a cabo en Espa\u00f1a del 24&hellip;","og_url":"https:\/\/realidadturistica.com\/realtur\/grupo-hotelero-islazul-presentara-novedades-en-fitur-2024\/","og_site_name":"Realidad Tur\u00edstica","article_publisher":"https:\/\/www.facebook.com\/realidadturistica","article_published_time":"2024-01-18T18:38:36+00:00","article_modified_time":"2024-01-18T20:51:25+00:00","og_image":[{"width":840,"height":560,"url":"https:\/\/realidadturistica.com\/realtur\/wp-content\/uploads\/2024\/01\/HotelesPinar-del-Rio-lobby.jpg","type":"image\/jpeg"}],"author":"Editor","twitter_card":"summary_large_image","twitter_misc":{"Escrito por":"Editor","Tiempo de lectura":"5 minutos"},"schema":{"@context":"https:\/\/schema.org","@graph":[{"@type":"Article","@id":"https:\/\/realidadturistica.com\/realtur\/grupo-hotelero-islazul-presentara-novedades-en-fitur-2024\/#article","isPartOf":{"@id":"https:\/\/realidadturistica.com\/realtur\/grupo-hotelero-islazul-presentara-novedades-en-fitur-2024\/"},"author":{"name":"Editor","@id":"https:\/\/realidadturistica.com\/realtur\/#\/schema\/person\/ade671191202490fcf08ab21590de73e"},"headline":"Grupo Hotelero Islazul presentar\u00e1 novedades en Fitur 2024","datePublished":"2024-01-18T18:38:36+00:00","dateModified":"2024-01-18T20:51:25+00:00","mainEntityOfPage":{"@id":"https:\/\/realidadturistica.com\/realtur\/grupo-hotelero-islazul-presentara-novedades-en-fitur-2024\/"},"wordCount":784,"commentCount":0,"publisher":{"@id":"https:\/\/realidadturistica.com\/realtur\/#organization"},"image":{"@id":"https:\/\/realidadturistica.com\/realtur\/grupo-hotelero-islazul-presentara-novedades-en-fitur-2024\/#primaryimage"},"thumbnailUrl":"https:\/\/realidadturistica.com\/realtur\/wp-content\/uploads\/2024\/01\/HotelesPinar-del-Rio-lobby.jpg","articleSection":["Turismo"],"inLanguage":"es","potentialAction":[{"@type":"CommentAction","name":"Comment","target":["https:\/\/realidadturistica.com\/realtur\/grupo-hotelero-islazul-presentara-novedades-en-fitur-2024\/#respond"]}]},{"@type":"WebPage","@id":"https:\/\/realidadturistica.com\/realtur\/grupo-hotelero-islazul-presentara-novedades-en-fitur-2024\/","url":"https:\/\/realidadturistica.com\/realtur\/grupo-hotelero-islazul-presentara-novedades-en-fitur-2024\/","name":"Grupo Hotelero Islazul presentar\u00e1 novedades en Fitur 2024 - Realidad Tur\u00edstica","isPartOf":{"@id":"https:\/\/realidadturistica.com\/realtur\/#website"},"primaryImageOfPage":{"@id":"https:\/\/realidadturistica.com\/realtur\/grupo-hotelero-islazul-presentara-novedades-en-fitur-2024\/#primaryimage"},"image":{"@id":"https:\/\/realidadturistica.com\/realtur\/grupo-hotelero-islazul-presentara-novedades-en-fitur-2024\/#primaryimage"},"thumbnailUrl":"https:\/\/realidadturistica.com\/realtur\/wp-content\/uploads\/2024\/01\/HotelesPinar-del-Rio-lobby.jpg","datePublished":"2024-01-18T18:38:36+00:00","dateModified":"2024-01-18T20:51:25+00:00","breadcrumb":{"@id":"https:\/\/realidadturistica.com\/realtur\/grupo-hotelero-islazul-presentara-novedades-en-fitur-2024\/#breadcrumb"},"inLanguage":"es","potentialAction":[{"@type":"ReadAction","target":["https:\/\/realidadturistica.com\/realtur\/grupo-hotelero-islazul-presentara-novedades-en-fitur-2024\/"]}]},{"@type":"ImageObject","inLanguage":"es","@id":"https:\/\/realidadturistica.com\/realtur\/grupo-hotelero-islazul-presentara-novedades-en-fitur-2024\/#primaryimage","url":"https:\/\/realidadturistica.com\/realtur\/wp-content\/uploads\/2024\/01\/HotelesPinar-del-Rio-lobby.jpg","contentUrl":"https:\/\/realidadturistica.com\/realtur\/wp-content\/uploads\/2024\/01\/HotelesPinar-del-Rio-lobby.jpg","width":840,"height":560},{"@type":"BreadcrumbList","@id":"https:\/\/realidadturistica.com\/realtur\/grupo-hotelero-islazul-presentara-novedades-en-fitur-2024\/#breadcrumb","itemListElement":[{"@type":"ListItem","position":1,"name":"Portada","item":"https:\/\/realidadturistica.com\/realtur\/"},{"@type":"ListItem","position":2,"name":"Grupo Hotelero Islazul presentar\u00e1 novedades en Fitur 2024"}]},{"@type":"WebSite","@id":"https:\/\/realidadturistica.com\/realtur\/#website","url":"https:\/\/realidadturistica.com\/realtur\/","name":"Realidad Tur\u00edstica","description":"","publisher":{"@id":"https:\/\/realidadturistica.com\/realtur\/#organization"},"potentialAction":[{"@type":"SearchAction","target":{"@type":"EntryPoint","urlTemplate":"https:\/\/realidadturistica.com\/realtur\/?s={search_term_string}"},"query-input":{"@type":"PropertyValueSpecification","valueRequired":true,"valueName":"search_term_string"}}],"inLanguage":"es"},{"@type":"Organization","@id":"https:\/\/realidadturistica.com\/realtur\/#organization","name":"Realidad Tur\u00edstica","url":"https:\/\/realidadturistica.com\/realtur\/","logo":{"@type":"ImageObject","inLanguage":"es","@id":"https:\/\/realidadturistica.com\/realtur\/#\/schema\/logo\/image\/","url":"https:\/\/realidadturistica.com\/realtur\/wp-content\/uploads\/2021\/12\/logotipo-realidad-turistica.png","contentUrl":"https:\/\/realidadturistica.com\/realtur\/wp-content\/uploads\/2021\/12\/logotipo-realidad-turistica.png","width":1382,"height":629,"caption":"Realidad Tur\u00edstica"},"image":{"@id":"https:\/\/realidadturistica.com\/realtur\/#\/schema\/logo\/image\/"},"sameAs":["https:\/\/www.facebook.com\/realidadturistica","https:\/\/www.instagram.com\/realidad_turistica\/"]},{"@type":"Person","@id":"https:\/\/realidadturistica.com\/realtur\/#\/schema\/person\/ade671191202490fcf08ab21590de73e","name":"Editor","image":{"@type":"ImageObject","inLanguage":"es","@id":"https:\/\/realidadturistica.com\/realtur\/wp-content\/uploads\/2023\/09\/Editor_avatar_1693668634-96x96.png","url":"https:\/\/realidadturistica.com\/realtur\/wp-content\/uploads\/2023\/09\/Editor_avatar_1693668634-96x96.png","contentUrl":"https:\/\/realidadturistica.com\/realtur\/wp-content\/uploads\/2023\/09\/Editor_avatar_1693668634-96x96.png","caption":"Editor"},"sameAs":["https:\/\/realidadturistica.com\/realtur"],"url":"https:\/\/realidadturistica.com\/realtur\/author\/editor2\/"}]}},"_links":{"self":[{"href":"https:\/\/realidadturistica.com\/realtur\/wp-json\/wp\/v2\/posts\/6151","targetHints":{"allow":["GET"]}}],"collection":[{"href":"https:\/\/realidadturistica.com\/realtur\/wp-json\/wp\/v2\/posts"}],"about":[{"href":"https:\/\/realidadturistica.com\/realtur\/wp-json\/wp\/v2\/types\/post"}],"author":[{"embeddable":true,"href":"https:\/\/realidadturistica.com\/realtur\/wp-json\/wp\/v2\/users\/2"}],"replies":[{"embeddable":true,"href":"https:\/\/realidadturistica.com\/realtur\/wp-json\/wp\/v2\/comments?post=6151"}],"version-history":[{"count":8,"href":"https:\/\/realidadturistica.com\/realtur\/wp-json\/wp\/v2\/posts\/6151\/revisions"}],"predecessor-version":[{"id":6165,"href":"https:\/\/realidadturistica.com\/realtur\/wp-json\/wp\/v2\/posts\/6151\/revisions\/6165"}],"wp:featuredmedia":[{"embeddable":true,"href":"https:\/\/realidadturistica.com\/realtur\/wp-json\/wp\/v2\/media\/6152"}],"wp:attachment":[{"href":"https:\/\/realidadturistica.com\/realtur\/wp-json\/wp\/v2\/media?parent=6151"}],"wp:term":[{"taxonomy":"category","embeddable":true,"href":"https:\/\/realidadturistica.com\/realtur\/wp-json\/wp\/v2\/categories?post=6151"},{"taxonomy":"post_tag","embeddable":true,"href":"https:\/\/realidadturistica.com\/realtur\/wp-json\/wp\/v2\/tags?post=6151"}],"curies":[{"name":"wp","href":"https:\/\/api.w.org\/{rel}","templated":true}]}}