{"id":6187,"date":"2024-01-19T13:20:35","date_gmt":"2024-01-19T13:20:35","guid":{"rendered":"https:\/\/realidadturistica.com\/realtur\/?p=6187"},"modified":"2024-01-19T13:20:39","modified_gmt":"2024-01-19T13:20:39","slug":"durazno-se-convierte-cada-febrero-en-capital-de-los-eventos","status":"publish","type":"post","link":"https:\/\/realidadturistica.com\/realtur\/durazno-se-convierte-cada-febrero-en-capital-de-los-eventos\/","title":{"rendered":"Durazno se convierte cada febrero en capital de los eventos"},"content":{"rendered":"\n<p class=\"yoast-reading-time__wrapper\"><span class=\"yoast-reading-time__icon\"><svg aria-hidden=\"true\" focusable=\"false\" data-icon=\"clock\" width=\"20\" height=\"20\" fill=\"none\" stroke=\"currentColor\" style=\"display:inline-block;vertical-align:-0.1em\" role=\"img\" xmlns=\"http:\/\/www.w3.org\/2000\/svg\" viewbox=\"0 0 24 24\"><path stroke-linecap=\"round\" stroke-linejoin=\"round\" stroke-width=\"2\" d=\"M12 8v4l3 3m6-3a9 9 0 11-18 0 9 9 0 0118 0z\"><\/path><\/svg><\/span><span class=\"yoast-reading-time__spacer\" style=\"display:inline-block;width:1em\"><\/span><span class=\"yoast-reading-time__descriptive-text\">Tiempo de lectura estimado:  <\/span><span class=\"yoast-reading-time__reading-time\">5<\/span><span class=\"yoast-reading-time__time-unit\"> minutos<\/span><\/p>\n\n\n\n<p>Uruguay. En este 2024 no solo que no es la excepci\u00f3n, sino que se potencian los shows y espect\u00e1culos en el coraz\u00f3n del pa\u00eds, con la realizaci\u00f3n de convocatorias multitudinarias: La gran convocatoria del a\u00f1o ser\u00e1 en el Parque de la Hispanidad, con el Quincuag\u00e9simo FESTIVAL NACIONAL E INTERNACIONAL DE FOLCLORE.<\/p>\n\n\n\n<p>Una selecta grilla de artistas nacionales e internacionales, sobre el escenario \u201cSan Pedro del Durazno\u201d, deleitar\u00e1 a miles de personas en las tres jornadas, los d\u00edas viernes 16, s\u00e1bado 17 y domingo 18 de febrero, con entrada totalmente gratuita, una decisi\u00f3n de la Intendencia de Durazno, como forma de retribuir el apoyo de todos los duraznenses al hist\u00f3rico festival.<\/p>\n\n\n\n<p>En forma paralela se realizar\u00e1 en el ruedo del Parque de la Hispanidad, la Vig\u00e9simo tercera edici\u00f3n del encuentro gaucho organizado por la Sociedad Criolla \u201cCarlos Reyles\u201d.<\/p>\n\n\n\n<p>Pero durante todo el mes los grandes Eventos se dan cita en Durazno: el s\u00e1bado 3 de febrero se realiza la 34ta edici\u00f3n de las primeras Llamadas del Interior del pa\u00eds, con la participaci\u00f3n de comparsas de todo el interior, que desfilar\u00e1n por las calles de la ciudad y culminar\u00e1n en el Monumento y Plaza de las Llamadas&#8230;<\/p>\n\n\n\n<p>El s\u00e1bado 10 en el Parque de la Hispanidad, el g\u00e9nero de la m\u00fasica m\u00e1s alegre estar\u00e1 en Durazno, con la Movida Tropical 2024, en un espect\u00e1culo con entrada gratuita y las mejores bandas del pa\u00eds y el exterior.<\/p>\n\n\n\n<p>A finales de mes, el sector rural se une con la ciudad en una de las propuestas m\u00e1s antiguas y de excelencia del departamento de Durazno. Con la realizaci\u00f3n del 22 al 25 de Febrero, de la 110\u00ba edici\u00f3n de la EXPO DURAZNO, organizada por la Sociedad Rural de Durazno (SRD) en su local Santa Bernardina.<\/p>\n\n\n\n<p>En el lanzamiento realizado en el Ministerio de Turismo (MINTUR), el ministro Tabar\u00e9 Viera destac\u00f3 que \u201cFebrero en Durazno\u201d es sin\u00f3nimo de Turismo y por ello MINTUR las declar\u00f3 actividades festivas de Inter\u00e9s Tur\u00edstico Nacional. \u201cEste tipo de turismo de reuni\u00f3n, de eventos son muy interesantes porque mueven miles de personas\u201d, remarc\u00f3 el jerarca.<\/p>\n\n\n\n<p>En este sentido, Viera sostuvo que dichas actividades, adem\u00e1s de ser una expresi\u00f3n cultural, tienen la gran virtud de que atraen a un p\u00fablico de todo el territorio nacional, de las regiones, y tambi\u00e9n m\u00e1s all\u00e1 de las fronteras, que vienen atra\u00eddos por una \u201cgrilla impresionante y muchos llegan por primera vez a Durazno\u201d, remarc\u00f3.<\/p>\n\n\n\n<p>Asimismo, Viera sostuvo que el visitante que llega por primera vez a la regi\u00f3n, no solo disfruta del festival o del evento, sino que adem\u00e1s sale a conocer el destino y \u201cver que otras cosas m\u00e1s hay para hacer\u201d, como realizar un recorrido por sus playas, conocer su gastronom\u00eda, sus artesan\u00edas, todo lo que ofrece el destino y eso es lo que justamente tratamos de promocionar junto a los gobiernos departamentales\u201d, resumi\u00f3 Viera.<\/p>\n\n\n\n<p>Por su parte, el intendente de Durazno, Carmelo Vidal\u00edn, se\u00f1al\u00f3 que \u201cFebrero es un mes muy especial para para Durazno. En esta ocasi\u00f3n, con motivo de los 50 a\u00f1os del Festival Nacional de Folclore, desarrollamos otra serie de actividades que comenzar\u00e1n el 3 de febrero, con las Llamadas del interior y se extender\u00e1n todo el mes\u201d.<\/p>\n\n\n\n<p>En relaci\u00f3n a las Llamadas, Vidal\u00edn comunic\u00f3 los premios econ\u00f3micos que se entregar\u00e1n:<\/p>\n\n\n\n<p>El primer premio ser\u00e1 de $ 400.000, el segundo premio es de $ 330.000, el tercer premio es de $ 300.000 el 4\u00ba premio $ 180.000, 5\u00ba premio $ 150.000 y del 6\u00ba hasta el 10\u00ba premio es de $ 85.000.<\/p>\n\n\n\n<p>Adem\u00e1s, se otorgar\u00e1n premios a a mejor Cuerda de Tambores $ 50.000, mejor Cuerpo de Baile $ 35.000, mejor Mama Vieja y Gramillero $ 20.000, mejor Vedette $ 15.000, mejor Bailar\u00edn $ 15.000, mejores Modelos $ 10.000, entre otros premios.<\/p>\n\n\n\n<p>Sobre la movida tropical que se realizar\u00e1 en el Parque de la Hispanidad, Vidal\u00edn destac\u00f3 la actuaci\u00f3n de Karina La Princesita, Sonido Profesional, Caracol, Nico Conca y Herederos. Adem\u00e1s, el jerarca comunal expres\u00f3 que durante la semana, se realizar\u00e1n otras actividades en el remodelado Centro Cultural Teatro Espa\u00f1ol.<\/p>\n\n\n\n<p>En relaci\u00f3n a la edici\u00f3n 50\u00ba del Festival Nacional de Folclore y 23\u00ba edici\u00f3n del Encuentro Gaucho, Vidal\u00edn se\u00f1al\u00f3 que ser\u00e1 gratuito y destac\u00f3 la presencia en el escenario de los siguientes artistas: Carlos Malo, D\u00fao Cantaclaro, Los del Suqu\u00eda, Anita Valiente, el Chaque\u00f1o Palavecino, Lucas Sugo, Carlos Alberto Rodr\u00edguez, Juan Carlos L\u00f3pez con Emanuel Calero, Cacho Labandera, Copla Alta, Carlos Vives, Catherine Vergnes, el grupo duraznense Meta Fuelle, Rumbo norte de Tacuaremb\u00f3, Wendy Romero, Destino San Javier, Jorge Nasser, Soledad y Los Palmeras.<\/p>\n\n\n\n<p>Y por \u00faltimo, Vidal\u00edn destac\u00f3 que del 22 al 25 de febrero, acompa\u00f1ar\u00e1 a la Sociedad Rural de Durazno, con la Expo Durazno, antesala de la Exposici\u00f3n Rural del Prado, de la cual destac\u00f3 que no solo realiza una actividad agr\u00edcola ganadera, sino que adem\u00e1s realizan una labor social \u201cque para nosotros tiene un valor de trascendencia y de importancia\u201d, concluy\u00f3.<\/p>\n\n\n\n<p>Por su parte, el ex intendente de Durazno, Ra\u00fal Iturria, rememor\u00f3 que en \u00e9pocas de Lavalleja y Rivera, Durazno fue \u201cla capital de la Rep\u00fablica\u201d por encontrarse en el centro del pa\u00eds.<\/p>\n\n\n\n<p>En relaci\u00f3n al Festival de Folclore, el cual el mismo inici\u00f3, record\u00f3: \u201cQuisimos que fuera una manera de promocionar el departamento, de darle oportunidad a los nuevos artistas y darle al pueblo de Durazno un espect\u00e1culo de calidad y a precios populares\u201d.<\/p>\n\n\n\n<p>Iturria dijo que \u201csi bien las tareas de la Intendencia son de tipo material en muchos casos, tambi\u00e9n hay que hacer un gran alimento al alma, que es a trav\u00e9s de la cultura, en este caso el folclore (popular y fundamental) y de las tradiciones\u201d.<\/p>\n\n\n\n<p>El exjerarca tambi\u00e9n dijo que este festival fue el semillero de los festivales del Uruguay, como por ejemplo el del Olimar en Treinta y Tres, concluy\u00f3.<\/p>\n\n\n\n<p>\u00a1Todo un mes para Disfrutar Durazno!<\/p>\n\n\n\n<p>Fuente: www.gub.uy<\/p>\n","protected":false},"excerpt":{"rendered":"<p>Uruguay. En este 2024 no solo que no es la excepci\u00f3n, sino que se potencian los shows y espect\u00e1culos en el coraz\u00f3n del pa\u00eds, con&hellip;<\/p>\n","protected":false},"author":2,"featured_media":6189,"comment_status":"open","ping_status":"closed","sticky":false,"template":"","format":"standard","meta":{"content-type":"","_lmt_disableupdate":"","_lmt_disable":"","footnotes":""},"categories":[5],"tags":[],"class_list":["post-6187","post","type-post","status-publish","format-standard","has-post-thumbnail","hentry","category-mice"],"yoast_head":"<!-- This site is optimized with the Yoast SEO Premium plugin v27.4 (Yoast SEO v27.5) - https:\/\/yoast.com\/product\/yoast-seo-premium-wordpress\/ -->\n<title>Durazno se convierte cada febrero en capital de los eventos - Realidad Tur\u00edstica<\/title>\n<meta name=\"robots\" content=\"index, follow, max-snippet:-1, max-image-preview:large, max-video-preview:-1\" \/>\n<link rel=\"canonical\" href=\"https:\/\/realidadturistica.com\/realtur\/durazno-se-convierte-cada-febrero-en-capital-de-los-eventos\/\" \/>\n<meta property=\"og:locale\" content=\"es_ES\" \/>\n<meta property=\"og:type\" content=\"article\" \/>\n<meta property=\"og:title\" content=\"Durazno se convierte cada febrero en capital de los eventos\" \/>\n<meta property=\"og:description\" content=\"Uruguay. En este 2024 no solo que no es la excepci\u00f3n, sino que se potencian los shows y espect\u00e1culos en el coraz\u00f3n del pa\u00eds, con&hellip;\" \/>\n<meta property=\"og:url\" content=\"https:\/\/realidadturistica.com\/realtur\/durazno-se-convierte-cada-febrero-en-capital-de-los-eventos\/\" \/>\n<meta property=\"og:site_name\" content=\"Realidad Tur\u00edstica\" \/>\n<meta property=\"article:publisher\" content=\"https:\/\/www.facebook.com\/realidadturistica\" \/>\n<meta property=\"article:published_time\" content=\"2024-01-19T13:20:35+00:00\" \/>\n<meta property=\"article:modified_time\" content=\"2024-01-19T13:20:39+00:00\" \/>\n<meta property=\"og:image\" content=\"https:\/\/realidadturistica.com\/realtur\/wp-content\/uploads\/2024\/01\/Febrero-en-Durazno-Portada.jpeg\" \/>\n\t<meta property=\"og:image:width\" content=\"945\" \/>\n\t<meta property=\"og:image:height\" content=\"709\" \/>\n\t<meta property=\"og:image:type\" content=\"image\/jpeg\" \/>\n<meta name=\"author\" content=\"Editor\" \/>\n<meta name=\"twitter:card\" content=\"summary_large_image\" \/>\n<meta name=\"twitter:label1\" content=\"Escrito por\" \/>\n\t<meta name=\"twitter:data1\" content=\"Editor\" \/>\n\t<meta name=\"twitter:label2\" content=\"Tiempo de lectura\" \/>\n\t<meta name=\"twitter:data2\" content=\"5 minutos\" \/>\n<script type=\"application\/ld+json\" class=\"yoast-schema-graph\">{\"@context\":\"https:\\\/\\\/schema.org\",\"@graph\":[{\"@type\":\"Article\",\"@id\":\"https:\\\/\\\/realidadturistica.com\\\/realtur\\\/durazno-se-convierte-cada-febrero-en-capital-de-los-eventos\\\/#article\",\"isPartOf\":{\"@id\":\"https:\\\/\\\/realidadturistica.com\\\/realtur\\\/durazno-se-convierte-cada-febrero-en-capital-de-los-eventos\\\/\"},\"author\":{\"name\":\"Editor\",\"@id\":\"https:\\\/\\\/realidadturistica.com\\\/realtur\\\/#\\\/schema\\\/person\\\/ade671191202490fcf08ab21590de73e\"},\"headline\":\"Durazno se convierte cada febrero en capital de los eventos\",\"datePublished\":\"2024-01-19T13:20:35+00:00\",\"dateModified\":\"2024-01-19T13:20:39+00:00\",\"mainEntityOfPage\":{\"@id\":\"https:\\\/\\\/realidadturistica.com\\\/realtur\\\/durazno-se-convierte-cada-febrero-en-capital-de-los-eventos\\\/\"},\"wordCount\":1025,\"commentCount\":0,\"publisher\":{\"@id\":\"https:\\\/\\\/realidadturistica.com\\\/realtur\\\/#organization\"},\"image\":{\"@id\":\"https:\\\/\\\/realidadturistica.com\\\/realtur\\\/durazno-se-convierte-cada-febrero-en-capital-de-los-eventos\\\/#primaryimage\"},\"thumbnailUrl\":\"https:\\\/\\\/realidadturistica.com\\\/realtur\\\/wp-content\\\/uploads\\\/2024\\\/01\\\/Febrero-en-Durazno-Portada.jpeg\",\"articleSection\":[\"MICE\"],\"inLanguage\":\"es\",\"potentialAction\":[{\"@type\":\"CommentAction\",\"name\":\"Comment\",\"target\":[\"https:\\\/\\\/realidadturistica.com\\\/realtur\\\/durazno-se-convierte-cada-febrero-en-capital-de-los-eventos\\\/#respond\"]}]},{\"@type\":\"WebPage\",\"@id\":\"https:\\\/\\\/realidadturistica.com\\\/realtur\\\/durazno-se-convierte-cada-febrero-en-capital-de-los-eventos\\\/\",\"url\":\"https:\\\/\\\/realidadturistica.com\\\/realtur\\\/durazno-se-convierte-cada-febrero-en-capital-de-los-eventos\\\/\",\"name\":\"Durazno se convierte cada febrero en capital de los eventos - Realidad Tur\u00edstica\",\"isPartOf\":{\"@id\":\"https:\\\/\\\/realidadturistica.com\\\/realtur\\\/#website\"},\"primaryImageOfPage\":{\"@id\":\"https:\\\/\\\/realidadturistica.com\\\/realtur\\\/durazno-se-convierte-cada-febrero-en-capital-de-los-eventos\\\/#primaryimage\"},\"image\":{\"@id\":\"https:\\\/\\\/realidadturistica.com\\\/realtur\\\/durazno-se-convierte-cada-febrero-en-capital-de-los-eventos\\\/#primaryimage\"},\"thumbnailUrl\":\"https:\\\/\\\/realidadturistica.com\\\/realtur\\\/wp-content\\\/uploads\\\/2024\\\/01\\\/Febrero-en-Durazno-Portada.jpeg\",\"datePublished\":\"2024-01-19T13:20:35+00:00\",\"dateModified\":\"2024-01-19T13:20:39+00:00\",\"breadcrumb\":{\"@id\":\"https:\\\/\\\/realidadturistica.com\\\/realtur\\\/durazno-se-convierte-cada-febrero-en-capital-de-los-eventos\\\/#breadcrumb\"},\"inLanguage\":\"es\",\"potentialAction\":[{\"@type\":\"ReadAction\",\"target\":[\"https:\\\/\\\/realidadturistica.com\\\/realtur\\\/durazno-se-convierte-cada-febrero-en-capital-de-los-eventos\\\/\"]}]},{\"@type\":\"ImageObject\",\"inLanguage\":\"es\",\"@id\":\"https:\\\/\\\/realidadturistica.com\\\/realtur\\\/durazno-se-convierte-cada-febrero-en-capital-de-los-eventos\\\/#primaryimage\",\"url\":\"https:\\\/\\\/realidadturistica.com\\\/realtur\\\/wp-content\\\/uploads\\\/2024\\\/01\\\/Febrero-en-Durazno-Portada.jpeg\",\"contentUrl\":\"https:\\\/\\\/realidadturistica.com\\\/realtur\\\/wp-content\\\/uploads\\\/2024\\\/01\\\/Febrero-en-Durazno-Portada.jpeg\",\"width\":945,\"height\":709},{\"@type\":\"BreadcrumbList\",\"@id\":\"https:\\\/\\\/realidadturistica.com\\\/realtur\\\/durazno-se-convierte-cada-febrero-en-capital-de-los-eventos\\\/#breadcrumb\",\"itemListElement\":[{\"@type\":\"ListItem\",\"position\":1,\"name\":\"Portada\",\"item\":\"https:\\\/\\\/realidadturistica.com\\\/realtur\\\/\"},{\"@type\":\"ListItem\",\"position\":2,\"name\":\"Durazno se convierte cada febrero en capital de los eventos\"}]},{\"@type\":\"WebSite\",\"@id\":\"https:\\\/\\\/realidadturistica.com\\\/realtur\\\/#website\",\"url\":\"https:\\\/\\\/realidadturistica.com\\\/realtur\\\/\",\"name\":\"Realidad Tur\u00edstica\",\"description\":\"\",\"publisher\":{\"@id\":\"https:\\\/\\\/realidadturistica.com\\\/realtur\\\/#organization\"},\"potentialAction\":[{\"@type\":\"SearchAction\",\"target\":{\"@type\":\"EntryPoint\",\"urlTemplate\":\"https:\\\/\\\/realidadturistica.com\\\/realtur\\\/?s={search_term_string}\"},\"query-input\":{\"@type\":\"PropertyValueSpecification\",\"valueRequired\":true,\"valueName\":\"search_term_string\"}}],\"inLanguage\":\"es\"},{\"@type\":\"Organization\",\"@id\":\"https:\\\/\\\/realidadturistica.com\\\/realtur\\\/#organization\",\"name\":\"Realidad Tur\u00edstica\",\"url\":\"https:\\\/\\\/realidadturistica.com\\\/realtur\\\/\",\"logo\":{\"@type\":\"ImageObject\",\"inLanguage\":\"es\",\"@id\":\"https:\\\/\\\/realidadturistica.com\\\/realtur\\\/#\\\/schema\\\/logo\\\/image\\\/\",\"url\":\"https:\\\/\\\/realidadturistica.com\\\/realtur\\\/wp-content\\\/uploads\\\/2021\\\/12\\\/logotipo-realidad-turistica.png\",\"contentUrl\":\"https:\\\/\\\/realidadturistica.com\\\/realtur\\\/wp-content\\\/uploads\\\/2021\\\/12\\\/logotipo-realidad-turistica.png\",\"width\":1382,\"height\":629,\"caption\":\"Realidad Tur\u00edstica\"},\"image\":{\"@id\":\"https:\\\/\\\/realidadturistica.com\\\/realtur\\\/#\\\/schema\\\/logo\\\/image\\\/\"},\"sameAs\":[\"https:\\\/\\\/www.facebook.com\\\/realidadturistica\",\"https:\\\/\\\/www.instagram.com\\\/realidad_turistica\\\/\"]},{\"@type\":\"Person\",\"@id\":\"https:\\\/\\\/realidadturistica.com\\\/realtur\\\/#\\\/schema\\\/person\\\/ade671191202490fcf08ab21590de73e\",\"name\":\"Editor\",\"image\":{\"@type\":\"ImageObject\",\"inLanguage\":\"es\",\"@id\":\"https:\\\/\\\/realidadturistica.com\\\/realtur\\\/wp-content\\\/uploads\\\/2023\\\/09\\\/Editor_avatar_1693668634-96x96.png\",\"url\":\"https:\\\/\\\/realidadturistica.com\\\/realtur\\\/wp-content\\\/uploads\\\/2023\\\/09\\\/Editor_avatar_1693668634-96x96.png\",\"contentUrl\":\"https:\\\/\\\/realidadturistica.com\\\/realtur\\\/wp-content\\\/uploads\\\/2023\\\/09\\\/Editor_avatar_1693668634-96x96.png\",\"caption\":\"Editor\"},\"sameAs\":[\"https:\\\/\\\/realidadturistica.com\\\/realtur\"],\"url\":\"https:\\\/\\\/realidadturistica.com\\\/realtur\\\/author\\\/editor2\\\/\"}]}<\/script>\n<!-- \/ Yoast SEO Premium plugin. -->","yoast_head_json":{"title":"Durazno se convierte cada febrero en capital de los eventos - Realidad Tur\u00edstica","robots":{"index":"index","follow":"follow","max-snippet":"max-snippet:-1","max-image-preview":"max-image-preview:large","max-video-preview":"max-video-preview:-1"},"canonical":"https:\/\/realidadturistica.com\/realtur\/durazno-se-convierte-cada-febrero-en-capital-de-los-eventos\/","og_locale":"es_ES","og_type":"article","og_title":"Durazno se convierte cada febrero en capital de los eventos","og_description":"Uruguay. En este 2024 no solo que no es la excepci\u00f3n, sino que se potencian los shows y espect\u00e1culos en el coraz\u00f3n del pa\u00eds, con&hellip;","og_url":"https:\/\/realidadturistica.com\/realtur\/durazno-se-convierte-cada-febrero-en-capital-de-los-eventos\/","og_site_name":"Realidad Tur\u00edstica","article_publisher":"https:\/\/www.facebook.com\/realidadturistica","article_published_time":"2024-01-19T13:20:35+00:00","article_modified_time":"2024-01-19T13:20:39+00:00","og_image":[{"width":945,"height":709,"url":"https:\/\/realidadturistica.com\/realtur\/wp-content\/uploads\/2024\/01\/Febrero-en-Durazno-Portada.jpeg","type":"image\/jpeg"}],"author":"Editor","twitter_card":"summary_large_image","twitter_misc":{"Escrito por":"Editor","Tiempo de lectura":"5 minutos"},"schema":{"@context":"https:\/\/schema.org","@graph":[{"@type":"Article","@id":"https:\/\/realidadturistica.com\/realtur\/durazno-se-convierte-cada-febrero-en-capital-de-los-eventos\/#article","isPartOf":{"@id":"https:\/\/realidadturistica.com\/realtur\/durazno-se-convierte-cada-febrero-en-capital-de-los-eventos\/"},"author":{"name":"Editor","@id":"https:\/\/realidadturistica.com\/realtur\/#\/schema\/person\/ade671191202490fcf08ab21590de73e"},"headline":"Durazno se convierte cada febrero en capital de los eventos","datePublished":"2024-01-19T13:20:35+00:00","dateModified":"2024-01-19T13:20:39+00:00","mainEntityOfPage":{"@id":"https:\/\/realidadturistica.com\/realtur\/durazno-se-convierte-cada-febrero-en-capital-de-los-eventos\/"},"wordCount":1025,"commentCount":0,"publisher":{"@id":"https:\/\/realidadturistica.com\/realtur\/#organization"},"image":{"@id":"https:\/\/realidadturistica.com\/realtur\/durazno-se-convierte-cada-febrero-en-capital-de-los-eventos\/#primaryimage"},"thumbnailUrl":"https:\/\/realidadturistica.com\/realtur\/wp-content\/uploads\/2024\/01\/Febrero-en-Durazno-Portada.jpeg","articleSection":["MICE"],"inLanguage":"es","potentialAction":[{"@type":"CommentAction","name":"Comment","target":["https:\/\/realidadturistica.com\/realtur\/durazno-se-convierte-cada-febrero-en-capital-de-los-eventos\/#respond"]}]},{"@type":"WebPage","@id":"https:\/\/realidadturistica.com\/realtur\/durazno-se-convierte-cada-febrero-en-capital-de-los-eventos\/","url":"https:\/\/realidadturistica.com\/realtur\/durazno-se-convierte-cada-febrero-en-capital-de-los-eventos\/","name":"Durazno se convierte cada febrero en capital de los eventos - Realidad Tur\u00edstica","isPartOf":{"@id":"https:\/\/realidadturistica.com\/realtur\/#website"},"primaryImageOfPage":{"@id":"https:\/\/realidadturistica.com\/realtur\/durazno-se-convierte-cada-febrero-en-capital-de-los-eventos\/#primaryimage"},"image":{"@id":"https:\/\/realidadturistica.com\/realtur\/durazno-se-convierte-cada-febrero-en-capital-de-los-eventos\/#primaryimage"},"thumbnailUrl":"https:\/\/realidadturistica.com\/realtur\/wp-content\/uploads\/2024\/01\/Febrero-en-Durazno-Portada.jpeg","datePublished":"2024-01-19T13:20:35+00:00","dateModified":"2024-01-19T13:20:39+00:00","breadcrumb":{"@id":"https:\/\/realidadturistica.com\/realtur\/durazno-se-convierte-cada-febrero-en-capital-de-los-eventos\/#breadcrumb"},"inLanguage":"es","potentialAction":[{"@type":"ReadAction","target":["https:\/\/realidadturistica.com\/realtur\/durazno-se-convierte-cada-febrero-en-capital-de-los-eventos\/"]}]},{"@type":"ImageObject","inLanguage":"es","@id":"https:\/\/realidadturistica.com\/realtur\/durazno-se-convierte-cada-febrero-en-capital-de-los-eventos\/#primaryimage","url":"https:\/\/realidadturistica.com\/realtur\/wp-content\/uploads\/2024\/01\/Febrero-en-Durazno-Portada.jpeg","contentUrl":"https:\/\/realidadturistica.com\/realtur\/wp-content\/uploads\/2024\/01\/Febrero-en-Durazno-Portada.jpeg","width":945,"height":709},{"@type":"BreadcrumbList","@id":"https:\/\/realidadturistica.com\/realtur\/durazno-se-convierte-cada-febrero-en-capital-de-los-eventos\/#breadcrumb","itemListElement":[{"@type":"ListItem","position":1,"name":"Portada","item":"https:\/\/realidadturistica.com\/realtur\/"},{"@type":"ListItem","position":2,"name":"Durazno se convierte cada febrero en capital de los eventos"}]},{"@type":"WebSite","@id":"https:\/\/realidadturistica.com\/realtur\/#website","url":"https:\/\/realidadturistica.com\/realtur\/","name":"Realidad Tur\u00edstica","description":"","publisher":{"@id":"https:\/\/realidadturistica.com\/realtur\/#organization"},"potentialAction":[{"@type":"SearchAction","target":{"@type":"EntryPoint","urlTemplate":"https:\/\/realidadturistica.com\/realtur\/?s={search_term_string}"},"query-input":{"@type":"PropertyValueSpecification","valueRequired":true,"valueName":"search_term_string"}}],"inLanguage":"es"},{"@type":"Organization","@id":"https:\/\/realidadturistica.com\/realtur\/#organization","name":"Realidad Tur\u00edstica","url":"https:\/\/realidadturistica.com\/realtur\/","logo":{"@type":"ImageObject","inLanguage":"es","@id":"https:\/\/realidadturistica.com\/realtur\/#\/schema\/logo\/image\/","url":"https:\/\/realidadturistica.com\/realtur\/wp-content\/uploads\/2021\/12\/logotipo-realidad-turistica.png","contentUrl":"https:\/\/realidadturistica.com\/realtur\/wp-content\/uploads\/2021\/12\/logotipo-realidad-turistica.png","width":1382,"height":629,"caption":"Realidad Tur\u00edstica"},"image":{"@id":"https:\/\/realidadturistica.com\/realtur\/#\/schema\/logo\/image\/"},"sameAs":["https:\/\/www.facebook.com\/realidadturistica","https:\/\/www.instagram.com\/realidad_turistica\/"]},{"@type":"Person","@id":"https:\/\/realidadturistica.com\/realtur\/#\/schema\/person\/ade671191202490fcf08ab21590de73e","name":"Editor","image":{"@type":"ImageObject","inLanguage":"es","@id":"https:\/\/realidadturistica.com\/realtur\/wp-content\/uploads\/2023\/09\/Editor_avatar_1693668634-96x96.png","url":"https:\/\/realidadturistica.com\/realtur\/wp-content\/uploads\/2023\/09\/Editor_avatar_1693668634-96x96.png","contentUrl":"https:\/\/realidadturistica.com\/realtur\/wp-content\/uploads\/2023\/09\/Editor_avatar_1693668634-96x96.png","caption":"Editor"},"sameAs":["https:\/\/realidadturistica.com\/realtur"],"url":"https:\/\/realidadturistica.com\/realtur\/author\/editor2\/"}]}},"_links":{"self":[{"href":"https:\/\/realidadturistica.com\/realtur\/wp-json\/wp\/v2\/posts\/6187","targetHints":{"allow":["GET"]}}],"collection":[{"href":"https:\/\/realidadturistica.com\/realtur\/wp-json\/wp\/v2\/posts"}],"about":[{"href":"https:\/\/realidadturistica.com\/realtur\/wp-json\/wp\/v2\/types\/post"}],"author":[{"embeddable":true,"href":"https:\/\/realidadturistica.com\/realtur\/wp-json\/wp\/v2\/users\/2"}],"replies":[{"embeddable":true,"href":"https:\/\/realidadturistica.com\/realtur\/wp-json\/wp\/v2\/comments?post=6187"}],"version-history":[{"count":2,"href":"https:\/\/realidadturistica.com\/realtur\/wp-json\/wp\/v2\/posts\/6187\/revisions"}],"predecessor-version":[{"id":6190,"href":"https:\/\/realidadturistica.com\/realtur\/wp-json\/wp\/v2\/posts\/6187\/revisions\/6190"}],"wp:featuredmedia":[{"embeddable":true,"href":"https:\/\/realidadturistica.com\/realtur\/wp-json\/wp\/v2\/media\/6189"}],"wp:attachment":[{"href":"https:\/\/realidadturistica.com\/realtur\/wp-json\/wp\/v2\/media?parent=6187"}],"wp:term":[{"taxonomy":"category","embeddable":true,"href":"https:\/\/realidadturistica.com\/realtur\/wp-json\/wp\/v2\/categories?post=6187"},{"taxonomy":"post_tag","embeddable":true,"href":"https:\/\/realidadturistica.com\/realtur\/wp-json\/wp\/v2\/tags?post=6187"}],"curies":[{"name":"wp","href":"https:\/\/api.w.org\/{rel}","templated":true}]}}