{"id":6346,"date":"2024-01-30T02:50:17","date_gmt":"2024-01-30T02:50:17","guid":{"rendered":"https:\/\/realidadturistica.com\/realtur\/?p=6346"},"modified":"2024-01-30T02:50:20","modified_gmt":"2024-01-30T02:50:20","slug":"uruguay-apuesta-a-nuevos-mercados-en-fitur","status":"publish","type":"post","link":"https:\/\/realidadturistica.com\/realtur\/uruguay-apuesta-a-nuevos-mercados-en-fitur\/","title":{"rendered":"Uruguay apuesta a nuevos mercados en FITUR"},"content":{"rendered":"\n<p class=\"yoast-reading-time__wrapper\"><span class=\"yoast-reading-time__icon\"><svg aria-hidden=\"true\" focusable=\"false\" data-icon=\"clock\" width=\"20\" height=\"20\" fill=\"none\" stroke=\"currentColor\" style=\"display:inline-block;vertical-align:-0.1em\" role=\"img\" xmlns=\"http:\/\/www.w3.org\/2000\/svg\" viewbox=\"0 0 24 24\"><path stroke-linecap=\"round\" stroke-linejoin=\"round\" stroke-width=\"2\" d=\"M12 8v4l3 3m6-3a9 9 0 11-18 0 9 9 0 0118 0z\"><\/path><\/svg><\/span><span class=\"yoast-reading-time__spacer\" style=\"display:inline-block;width:1em\"><\/span><span class=\"yoast-reading-time__descriptive-text\">Tiempo de lectura estimado:  <\/span><span class=\"yoast-reading-time__reading-time\">6<\/span><span class=\"yoast-reading-time__time-unit\"> minutos<\/span><\/p>\n\n\n\n<p>Uruguay. Con el objetivo de continuar diversificando su turismo para tener m\u00e1s visitas de pa\u00edses europeos y Oriente Medio, adem\u00e1s de consolidar la llegada de turistas de sus mercados principales (Argentina y Brasil), el Ministerio de Turismo junto a las Intendencias de Flores, Montevideo y San Jos\u00e9, la C\u00e1mara Uruguaya de Turismo y siete operadores privados, dicen presente en MADRID participando de FITUR.<\/p>\n\n\n\n<p>El mercado europeo de personas que viajan a Uruguay, creci\u00f3 un 145% de 2022 a 2023, seg\u00fan los datos presentados por el Departamento de Investigaci\u00f3n y Estad\u00edsticas Tur\u00edsticas.<\/p>\n\n\n\n<p>FITUR es, a juicio del ministro Tabar\u00e9 Viera, \u00abuna de las ferias de turismo m\u00e1s importantes del mundo\u00bb, donde llevar a cabo la promoci\u00f3n del pa\u00eds, pero tambi\u00e9n \u00abaprender much\u00edsimo\u00bb.<\/p>\n\n\n\n<p>Adem\u00e1s, Viera se\u00f1al\u00f3 que FITUR \u201cnos permite ver qu\u00e9 est\u00e1 pasando en la regi\u00f3n y en el mundo, qu\u00e9 ofertas hay y qu\u00e9 forma de promoverlas\u201d, manifest\u00f3.<\/p>\n\n\n\n<p>Una vez m\u00e1s los pa\u00edses del Mercosur marcaron agenda durante la feria, con la participaci\u00f3n de los cinco ministros de turismo que presentaron la campa\u00f1a promocional \u201cVisita Sudam\u00e9rica\u201d, con el eslogan &#8216;Visita Am\u00e9rica del Sur, un lugar, varios mundos\u201d, una iniciativa que marca un hito en la promoci\u00f3n tur\u00edstica conjunta.<\/p>\n\n\n\n<p>El proyecto involucra a varios pa\u00edses de Sudam\u00e9rica y representa un paso significativo hacia la consolidaci\u00f3n de la identidad y el atractivo tur\u00edstico de los destinos.<\/p>\n\n\n\n<p>A solo dos meses de que se realice la 1\u00b0 Cumbre Global de Enoturismo responsable, la organizaci\u00f3n del evento dijo presente una vez m\u00e1s en FITUR para invitar al p\u00fablico europeo a participar con el objetivo de mostrar que el enoturismo adquiere una importancia capital como dinamizador econ\u00f3mico y social, y como actividad vitalizadora del patrimonio cultural y ambiental de las regiones, en las que se ubica la tradici\u00f3n vin\u00edcola.<\/p>\n\n\n\n<p>Para destacar el resto de las actividades y la agenda de FITUR, est\u00e1 la participaci\u00f3n en la XXVII Conferencia Iberoamericana de Ministros y Empresarios de Turismo (CIMET). El evento tuvo lugar bajo el lema \u201cLa sostenibilidad en la internalizaci\u00f3n de la empresa tur\u00edstica espa\u00f1ola en Iberoam\u00e9rica\u201d.<\/p>\n\n\n\n<p>A su turno, el ministro Tabar\u00e9 Viera expres\u00f3 que la inversi\u00f3n tur\u00edstica es fundamental para el desarrollo del sector: \u201cel Turismo lo hace el sector privado, son los que toman riesgos, quienes generan ideas, oportunidades, innovaci\u00f3n, de la mano de las pol\u00edticas p\u00fablicas, de las que somos responsables los gobiernos nacionales y locales. De la conjunci\u00f3n de responsabilidades podemos desarrollar un sector que genera alt\u00edsima participaci\u00f3n en el PBI de nuestros pa\u00edses y de trabajo\u201d.<\/p>\n\n\n\n<p>Asimismo, el jerarca present\u00f3 los muchos atractivos que tiene Uruguay en todo el territorio, detallando la diversidad de productos. Puso \u00e9nfasis en la oferta de Enoturismo y en la gastronom\u00eda. \u201cEn cuanto a los planes e incentivos a la inversi\u00f3n en Turismo, en Uruguay no existe diferencia en el tratamiento a la promoci\u00f3n de inversi\u00f3n, tanto para los capitales nacionales como para los extranjeros\u201d, se\u00f1al\u00f3.<\/p>\n\n\n\n<p>Adem\u00e1s, Viera inform\u00f3 sobre el sistema impositivo y las facilidades para empresas que se establezcan el pa\u00eds, que ofrece una serie de incentivos seg\u00fan el tipo de actividad. \u201cEl sector tur\u00edstico es considerado como estrat\u00e9gico y cuenta con incentivos espec\u00edficos, con exoneraciones impositivas y otros beneficios\u201d. En este sentido, el jerarca inform\u00f3 a los empresarios presentes, que Espa\u00f1a es el mayor inversor en Uruguay, con el 17% del total, y que est\u00e1n vigentes 32 acuerdos de inversi\u00f3n.<\/p>\n\n\n\n<p>Y en este sentido Viera anunci\u00f3 que el 20 de febrero, en Montevideo, el gobierno presentar\u00e1 la gu\u00eda \u201cInvirtiendo en Uruguay\u201d, conjuntamente con la Organizaci\u00f3n Mundial del Turismo (OMT) y la CAF &#8211; Banco de Desarrollo de Am\u00e9rica Latina y el Caribe.<\/p>\n\n\n\n<p>A lo largo de los tres d\u00edas, tanto el ministro Tabar\u00e9 Viera como el director nacional de Turismo, Roque Baudean, participaron en foros y comit\u00e9s de turismo, -como en encuentros con la OMT- y mantuvieron reuniones bilaterales con autoridades de diversos pa\u00edses e instituciones: operadores tur\u00edsticos, representantes de plataformas y medios de comunicaci\u00f3n.<\/p>\n\n\n\n<p>En este \u00e1mbito, Uruguay particip\u00f3 de la presentaci\u00f3n del proyecto \u201cCamino de los Jesuitas\u201d, que lleva adelante la Federaci\u00f3n Sudamericana de Turismo (FEDESUD). Se trata del principal corredor tur\u00edstico de Am\u00e9rica del Sur, que re\u00fane los productos tur\u00edsticos relacionados a la actividad de la Compa\u00f1\u00eda de Jes\u00fas, en un viaje por Argentina, Bolivia, Brasil, Paraguay y Uruguay, bajo el lema \u201cUna gran historia. Mil aventuras\u201d.<\/p>\n\n\n\n<p>En el stand de Galicia, se present\u00f3 una nueva edici\u00f3n de Termatalia 2024, donde el ministro Viera fue distinguido por el evento realizado en nuestro pa\u00eds el a\u00f1o pasado y acompa\u00f1o los detalles de la nueva edici\u00f3n que tendr\u00e1 lugar en Galicia en el mes de setiembre.<\/p>\n\n\n\n<p>A su vez, se realiz\u00f3 el lanzamiento del Campeonato Mundial de Asadores, a cargo de la Intendencia de Montevideo, un gigantesco encuentro gastron\u00f3mico que se desarrollar\u00e1 del 19 al 22 de setiembre, organizado por la Asociaci\u00f3n Uruguaya de Asadores.<\/p>\n\n\n\n<p>EXPERIMENTE URUGUAY<\/p>\n\n\n\n<p>M\u00e1s de 60 agentes de viajes, operadores, medios especializados y autoridades se congregaron en la noche del jueves 25 para el after organizado por el Ministerio de Turismo y la C\u00e1mara Uruguaya de Turismo en el restaurante GUSTOS, ubicado en la Plaza Mayor de Madrid para la presentaci\u00f3n de Uruguay.<\/p>\n\n\n\n<p>El evento \u00abExperimente Uruguay\u00bb, cont\u00f3 con una delegaci\u00f3n destacada que incluy\u00f3 al ministro de Turismo, Tabar\u00e9 Viera, el director nacional de Turismo, Roque Baudean, la gerenta de Planeamiento del Ministerio de Turismo, Doris Rodr\u00edguez; a la presidenta de CAMTUR, Marina Cantera, a la coordinadora de Promoci\u00f3n de CAMTUR, Mar\u00eda Julia Fern\u00e1ndez, y los operadoras de Buquebus, Rosario Garc\u00eda, Cynsa Uruguay, Luc\u00eda Amestoy; la presidenta de la Asociaci\u00f3n Uruguaya de Agencias de Viaje (AUDAVI) y directora de DCom Travel, Macarena P\u00e9rez; de Personal Operadora, Nicol\u00e1s Vidal, del Hotel The Grand, Luciana Abbate, del Hotel The Grand y Daniel Reyes Operadores.<\/p>\n\n\n\n<p>La presentaci\u00f3n de Uruguay estuvo a cargo de Rodr\u00edguez y Cantera, quienes destacaron las diversas propuestas y experiencias para visitar Uruguay, resaltando los beneficios para el turista, as\u00ed como los incentivos, entre otras propuestas.<\/p>\n\n\n\n<p>\u00abExperimente Uruguay\u00bb ofreci\u00f3 una experiencia gastron\u00f3mica y cultural, donde se sirvieron a todos los invitados achuras, carnes, quesos, brochetas de carne, panes tradicionales, postre Chaj\u00e1 y Flan con dulce de leche, acompa\u00f1ados de vinos uruguayos y aceites uruguayos, gracias al apoyo del Instituto Nacional de Vitivinicultura (INAVI) y la Asociaci\u00f3n Oliv\u00edcola Uruguaya (ASOLUR).<\/p>\n\n\n\n<p>El Ministerio de Turismo agradeci\u00f3 muy especialmente el apoyo brindado por todo el equipo de la Embajada de Uruguay en Espa\u00f1a, encabezado por la embajadora Ana Teresa Ayala.<\/p>\n\n\n\n<p>Fuente: gub.uy<\/p>\n","protected":false},"excerpt":{"rendered":"<p>Uruguay. Con el objetivo de continuar diversificando su turismo para tener m\u00e1s visitas de pa\u00edses europeos y Oriente Medio, adem\u00e1s de consolidar la llegada de&hellip;<\/p>\n","protected":false},"author":2,"featured_media":6347,"comment_status":"open","ping_status":"closed","sticky":false,"template":"","format":"standard","meta":{"content-type":"","_lmt_disableupdate":"","_lmt_disable":"","footnotes":""},"categories":[6],"tags":[],"class_list":["post-6346","post","type-post","status-publish","format-standard","has-post-thumbnail","hentry","category-turismo"],"yoast_head":"<!-- This site is optimized with the Yoast SEO Premium plugin v27.4 (Yoast SEO v27.5) - https:\/\/yoast.com\/product\/yoast-seo-premium-wordpress\/ -->\n<title>Uruguay apuesta a nuevos mercados en FITUR - Realidad Tur\u00edstica<\/title>\n<meta name=\"robots\" content=\"index, follow, max-snippet:-1, max-image-preview:large, max-video-preview:-1\" \/>\n<link rel=\"canonical\" href=\"https:\/\/realidadturistica.com\/realtur\/uruguay-apuesta-a-nuevos-mercados-en-fitur\/\" \/>\n<meta property=\"og:locale\" content=\"es_ES\" \/>\n<meta property=\"og:type\" content=\"article\" \/>\n<meta property=\"og:title\" content=\"Uruguay apuesta a nuevos mercados en FITUR\" \/>\n<meta property=\"og:description\" content=\"Uruguay. Con el objetivo de continuar diversificando su turismo para tener m\u00e1s visitas de pa\u00edses europeos y Oriente Medio, adem\u00e1s de consolidar la llegada de&hellip;\" \/>\n<meta property=\"og:url\" content=\"https:\/\/realidadturistica.com\/realtur\/uruguay-apuesta-a-nuevos-mercados-en-fitur\/\" \/>\n<meta property=\"og:site_name\" content=\"Realidad Tur\u00edstica\" \/>\n<meta property=\"article:publisher\" content=\"https:\/\/www.facebook.com\/realidadturistica\" \/>\n<meta property=\"article:published_time\" content=\"2024-01-30T02:50:17+00:00\" \/>\n<meta property=\"article:modified_time\" content=\"2024-01-30T02:50:20+00:00\" \/>\n<meta property=\"og:image\" content=\"https:\/\/realidadturistica.com\/realtur\/wp-content\/uploads\/2024\/01\/Portada_2.jpeg\" \/>\n\t<meta property=\"og:image:width\" content=\"945\" \/>\n\t<meta property=\"og:image:height\" content=\"839\" \/>\n\t<meta property=\"og:image:type\" content=\"image\/jpeg\" \/>\n<meta name=\"author\" content=\"Editor\" \/>\n<meta name=\"twitter:card\" content=\"summary_large_image\" \/>\n<meta name=\"twitter:label1\" content=\"Escrito por\" \/>\n\t<meta name=\"twitter:data1\" content=\"Editor\" \/>\n\t<meta name=\"twitter:label2\" content=\"Tiempo de lectura\" \/>\n\t<meta name=\"twitter:data2\" content=\"6 minutos\" \/>\n<script type=\"application\/ld+json\" class=\"yoast-schema-graph\">{\"@context\":\"https:\\\/\\\/schema.org\",\"@graph\":[{\"@type\":\"Article\",\"@id\":\"https:\\\/\\\/realidadturistica.com\\\/realtur\\\/uruguay-apuesta-a-nuevos-mercados-en-fitur\\\/#article\",\"isPartOf\":{\"@id\":\"https:\\\/\\\/realidadturistica.com\\\/realtur\\\/uruguay-apuesta-a-nuevos-mercados-en-fitur\\\/\"},\"author\":{\"name\":\"Editor\",\"@id\":\"https:\\\/\\\/realidadturistica.com\\\/realtur\\\/#\\\/schema\\\/person\\\/ade671191202490fcf08ab21590de73e\"},\"headline\":\"Uruguay apuesta a nuevos mercados en FITUR\",\"datePublished\":\"2024-01-30T02:50:17+00:00\",\"dateModified\":\"2024-01-30T02:50:20+00:00\",\"mainEntityOfPage\":{\"@id\":\"https:\\\/\\\/realidadturistica.com\\\/realtur\\\/uruguay-apuesta-a-nuevos-mercados-en-fitur\\\/\"},\"wordCount\":1177,\"commentCount\":0,\"publisher\":{\"@id\":\"https:\\\/\\\/realidadturistica.com\\\/realtur\\\/#organization\"},\"image\":{\"@id\":\"https:\\\/\\\/realidadturistica.com\\\/realtur\\\/uruguay-apuesta-a-nuevos-mercados-en-fitur\\\/#primaryimage\"},\"thumbnailUrl\":\"https:\\\/\\\/realidadturistica.com\\\/realtur\\\/wp-content\\\/uploads\\\/2024\\\/01\\\/Portada_2.jpeg\",\"articleSection\":[\"Turismo\"],\"inLanguage\":\"es\",\"potentialAction\":[{\"@type\":\"CommentAction\",\"name\":\"Comment\",\"target\":[\"https:\\\/\\\/realidadturistica.com\\\/realtur\\\/uruguay-apuesta-a-nuevos-mercados-en-fitur\\\/#respond\"]}]},{\"@type\":\"WebPage\",\"@id\":\"https:\\\/\\\/realidadturistica.com\\\/realtur\\\/uruguay-apuesta-a-nuevos-mercados-en-fitur\\\/\",\"url\":\"https:\\\/\\\/realidadturistica.com\\\/realtur\\\/uruguay-apuesta-a-nuevos-mercados-en-fitur\\\/\",\"name\":\"Uruguay apuesta a nuevos mercados en FITUR - Realidad Tur\u00edstica\",\"isPartOf\":{\"@id\":\"https:\\\/\\\/realidadturistica.com\\\/realtur\\\/#website\"},\"primaryImageOfPage\":{\"@id\":\"https:\\\/\\\/realidadturistica.com\\\/realtur\\\/uruguay-apuesta-a-nuevos-mercados-en-fitur\\\/#primaryimage\"},\"image\":{\"@id\":\"https:\\\/\\\/realidadturistica.com\\\/realtur\\\/uruguay-apuesta-a-nuevos-mercados-en-fitur\\\/#primaryimage\"},\"thumbnailUrl\":\"https:\\\/\\\/realidadturistica.com\\\/realtur\\\/wp-content\\\/uploads\\\/2024\\\/01\\\/Portada_2.jpeg\",\"datePublished\":\"2024-01-30T02:50:17+00:00\",\"dateModified\":\"2024-01-30T02:50:20+00:00\",\"breadcrumb\":{\"@id\":\"https:\\\/\\\/realidadturistica.com\\\/realtur\\\/uruguay-apuesta-a-nuevos-mercados-en-fitur\\\/#breadcrumb\"},\"inLanguage\":\"es\",\"potentialAction\":[{\"@type\":\"ReadAction\",\"target\":[\"https:\\\/\\\/realidadturistica.com\\\/realtur\\\/uruguay-apuesta-a-nuevos-mercados-en-fitur\\\/\"]}]},{\"@type\":\"ImageObject\",\"inLanguage\":\"es\",\"@id\":\"https:\\\/\\\/realidadturistica.com\\\/realtur\\\/uruguay-apuesta-a-nuevos-mercados-en-fitur\\\/#primaryimage\",\"url\":\"https:\\\/\\\/realidadturistica.com\\\/realtur\\\/wp-content\\\/uploads\\\/2024\\\/01\\\/Portada_2.jpeg\",\"contentUrl\":\"https:\\\/\\\/realidadturistica.com\\\/realtur\\\/wp-content\\\/uploads\\\/2024\\\/01\\\/Portada_2.jpeg\",\"width\":945,\"height\":839},{\"@type\":\"BreadcrumbList\",\"@id\":\"https:\\\/\\\/realidadturistica.com\\\/realtur\\\/uruguay-apuesta-a-nuevos-mercados-en-fitur\\\/#breadcrumb\",\"itemListElement\":[{\"@type\":\"ListItem\",\"position\":1,\"name\":\"Portada\",\"item\":\"https:\\\/\\\/realidadturistica.com\\\/realtur\\\/\"},{\"@type\":\"ListItem\",\"position\":2,\"name\":\"Uruguay apuesta a nuevos mercados en FITUR\"}]},{\"@type\":\"WebSite\",\"@id\":\"https:\\\/\\\/realidadturistica.com\\\/realtur\\\/#website\",\"url\":\"https:\\\/\\\/realidadturistica.com\\\/realtur\\\/\",\"name\":\"Realidad Tur\u00edstica\",\"description\":\"\",\"publisher\":{\"@id\":\"https:\\\/\\\/realidadturistica.com\\\/realtur\\\/#organization\"},\"potentialAction\":[{\"@type\":\"SearchAction\",\"target\":{\"@type\":\"EntryPoint\",\"urlTemplate\":\"https:\\\/\\\/realidadturistica.com\\\/realtur\\\/?s={search_term_string}\"},\"query-input\":{\"@type\":\"PropertyValueSpecification\",\"valueRequired\":true,\"valueName\":\"search_term_string\"}}],\"inLanguage\":\"es\"},{\"@type\":\"Organization\",\"@id\":\"https:\\\/\\\/realidadturistica.com\\\/realtur\\\/#organization\",\"name\":\"Realidad Tur\u00edstica\",\"url\":\"https:\\\/\\\/realidadturistica.com\\\/realtur\\\/\",\"logo\":{\"@type\":\"ImageObject\",\"inLanguage\":\"es\",\"@id\":\"https:\\\/\\\/realidadturistica.com\\\/realtur\\\/#\\\/schema\\\/logo\\\/image\\\/\",\"url\":\"https:\\\/\\\/realidadturistica.com\\\/realtur\\\/wp-content\\\/uploads\\\/2021\\\/12\\\/logotipo-realidad-turistica.png\",\"contentUrl\":\"https:\\\/\\\/realidadturistica.com\\\/realtur\\\/wp-content\\\/uploads\\\/2021\\\/12\\\/logotipo-realidad-turistica.png\",\"width\":1382,\"height\":629,\"caption\":\"Realidad Tur\u00edstica\"},\"image\":{\"@id\":\"https:\\\/\\\/realidadturistica.com\\\/realtur\\\/#\\\/schema\\\/logo\\\/image\\\/\"},\"sameAs\":[\"https:\\\/\\\/www.facebook.com\\\/realidadturistica\",\"https:\\\/\\\/www.instagram.com\\\/realidad_turistica\\\/\"]},{\"@type\":\"Person\",\"@id\":\"https:\\\/\\\/realidadturistica.com\\\/realtur\\\/#\\\/schema\\\/person\\\/ade671191202490fcf08ab21590de73e\",\"name\":\"Editor\",\"image\":{\"@type\":\"ImageObject\",\"inLanguage\":\"es\",\"@id\":\"https:\\\/\\\/realidadturistica.com\\\/realtur\\\/wp-content\\\/uploads\\\/2023\\\/09\\\/Editor_avatar_1693668634-96x96.png\",\"url\":\"https:\\\/\\\/realidadturistica.com\\\/realtur\\\/wp-content\\\/uploads\\\/2023\\\/09\\\/Editor_avatar_1693668634-96x96.png\",\"contentUrl\":\"https:\\\/\\\/realidadturistica.com\\\/realtur\\\/wp-content\\\/uploads\\\/2023\\\/09\\\/Editor_avatar_1693668634-96x96.png\",\"caption\":\"Editor\"},\"sameAs\":[\"https:\\\/\\\/realidadturistica.com\\\/realtur\"],\"url\":\"https:\\\/\\\/realidadturistica.com\\\/realtur\\\/author\\\/editor2\\\/\"}]}<\/script>\n<!-- \/ Yoast SEO Premium plugin. -->","yoast_head_json":{"title":"Uruguay apuesta a nuevos mercados en FITUR - Realidad Tur\u00edstica","robots":{"index":"index","follow":"follow","max-snippet":"max-snippet:-1","max-image-preview":"max-image-preview:large","max-video-preview":"max-video-preview:-1"},"canonical":"https:\/\/realidadturistica.com\/realtur\/uruguay-apuesta-a-nuevos-mercados-en-fitur\/","og_locale":"es_ES","og_type":"article","og_title":"Uruguay apuesta a nuevos mercados en FITUR","og_description":"Uruguay. Con el objetivo de continuar diversificando su turismo para tener m\u00e1s visitas de pa\u00edses europeos y Oriente Medio, adem\u00e1s de consolidar la llegada de&hellip;","og_url":"https:\/\/realidadturistica.com\/realtur\/uruguay-apuesta-a-nuevos-mercados-en-fitur\/","og_site_name":"Realidad Tur\u00edstica","article_publisher":"https:\/\/www.facebook.com\/realidadturistica","article_published_time":"2024-01-30T02:50:17+00:00","article_modified_time":"2024-01-30T02:50:20+00:00","og_image":[{"width":945,"height":839,"url":"https:\/\/realidadturistica.com\/realtur\/wp-content\/uploads\/2024\/01\/Portada_2.jpeg","type":"image\/jpeg"}],"author":"Editor","twitter_card":"summary_large_image","twitter_misc":{"Escrito por":"Editor","Tiempo de lectura":"6 minutos"},"schema":{"@context":"https:\/\/schema.org","@graph":[{"@type":"Article","@id":"https:\/\/realidadturistica.com\/realtur\/uruguay-apuesta-a-nuevos-mercados-en-fitur\/#article","isPartOf":{"@id":"https:\/\/realidadturistica.com\/realtur\/uruguay-apuesta-a-nuevos-mercados-en-fitur\/"},"author":{"name":"Editor","@id":"https:\/\/realidadturistica.com\/realtur\/#\/schema\/person\/ade671191202490fcf08ab21590de73e"},"headline":"Uruguay apuesta a nuevos mercados en FITUR","datePublished":"2024-01-30T02:50:17+00:00","dateModified":"2024-01-30T02:50:20+00:00","mainEntityOfPage":{"@id":"https:\/\/realidadturistica.com\/realtur\/uruguay-apuesta-a-nuevos-mercados-en-fitur\/"},"wordCount":1177,"commentCount":0,"publisher":{"@id":"https:\/\/realidadturistica.com\/realtur\/#organization"},"image":{"@id":"https:\/\/realidadturistica.com\/realtur\/uruguay-apuesta-a-nuevos-mercados-en-fitur\/#primaryimage"},"thumbnailUrl":"https:\/\/realidadturistica.com\/realtur\/wp-content\/uploads\/2024\/01\/Portada_2.jpeg","articleSection":["Turismo"],"inLanguage":"es","potentialAction":[{"@type":"CommentAction","name":"Comment","target":["https:\/\/realidadturistica.com\/realtur\/uruguay-apuesta-a-nuevos-mercados-en-fitur\/#respond"]}]},{"@type":"WebPage","@id":"https:\/\/realidadturistica.com\/realtur\/uruguay-apuesta-a-nuevos-mercados-en-fitur\/","url":"https:\/\/realidadturistica.com\/realtur\/uruguay-apuesta-a-nuevos-mercados-en-fitur\/","name":"Uruguay apuesta a nuevos mercados en FITUR - Realidad Tur\u00edstica","isPartOf":{"@id":"https:\/\/realidadturistica.com\/realtur\/#website"},"primaryImageOfPage":{"@id":"https:\/\/realidadturistica.com\/realtur\/uruguay-apuesta-a-nuevos-mercados-en-fitur\/#primaryimage"},"image":{"@id":"https:\/\/realidadturistica.com\/realtur\/uruguay-apuesta-a-nuevos-mercados-en-fitur\/#primaryimage"},"thumbnailUrl":"https:\/\/realidadturistica.com\/realtur\/wp-content\/uploads\/2024\/01\/Portada_2.jpeg","datePublished":"2024-01-30T02:50:17+00:00","dateModified":"2024-01-30T02:50:20+00:00","breadcrumb":{"@id":"https:\/\/realidadturistica.com\/realtur\/uruguay-apuesta-a-nuevos-mercados-en-fitur\/#breadcrumb"},"inLanguage":"es","potentialAction":[{"@type":"ReadAction","target":["https:\/\/realidadturistica.com\/realtur\/uruguay-apuesta-a-nuevos-mercados-en-fitur\/"]}]},{"@type":"ImageObject","inLanguage":"es","@id":"https:\/\/realidadturistica.com\/realtur\/uruguay-apuesta-a-nuevos-mercados-en-fitur\/#primaryimage","url":"https:\/\/realidadturistica.com\/realtur\/wp-content\/uploads\/2024\/01\/Portada_2.jpeg","contentUrl":"https:\/\/realidadturistica.com\/realtur\/wp-content\/uploads\/2024\/01\/Portada_2.jpeg","width":945,"height":839},{"@type":"BreadcrumbList","@id":"https:\/\/realidadturistica.com\/realtur\/uruguay-apuesta-a-nuevos-mercados-en-fitur\/#breadcrumb","itemListElement":[{"@type":"ListItem","position":1,"name":"Portada","item":"https:\/\/realidadturistica.com\/realtur\/"},{"@type":"ListItem","position":2,"name":"Uruguay apuesta a nuevos mercados en FITUR"}]},{"@type":"WebSite","@id":"https:\/\/realidadturistica.com\/realtur\/#website","url":"https:\/\/realidadturistica.com\/realtur\/","name":"Realidad Tur\u00edstica","description":"","publisher":{"@id":"https:\/\/realidadturistica.com\/realtur\/#organization"},"potentialAction":[{"@type":"SearchAction","target":{"@type":"EntryPoint","urlTemplate":"https:\/\/realidadturistica.com\/realtur\/?s={search_term_string}"},"query-input":{"@type":"PropertyValueSpecification","valueRequired":true,"valueName":"search_term_string"}}],"inLanguage":"es"},{"@type":"Organization","@id":"https:\/\/realidadturistica.com\/realtur\/#organization","name":"Realidad Tur\u00edstica","url":"https:\/\/realidadturistica.com\/realtur\/","logo":{"@type":"ImageObject","inLanguage":"es","@id":"https:\/\/realidadturistica.com\/realtur\/#\/schema\/logo\/image\/","url":"https:\/\/realidadturistica.com\/realtur\/wp-content\/uploads\/2021\/12\/logotipo-realidad-turistica.png","contentUrl":"https:\/\/realidadturistica.com\/realtur\/wp-content\/uploads\/2021\/12\/logotipo-realidad-turistica.png","width":1382,"height":629,"caption":"Realidad Tur\u00edstica"},"image":{"@id":"https:\/\/realidadturistica.com\/realtur\/#\/schema\/logo\/image\/"},"sameAs":["https:\/\/www.facebook.com\/realidadturistica","https:\/\/www.instagram.com\/realidad_turistica\/"]},{"@type":"Person","@id":"https:\/\/realidadturistica.com\/realtur\/#\/schema\/person\/ade671191202490fcf08ab21590de73e","name":"Editor","image":{"@type":"ImageObject","inLanguage":"es","@id":"https:\/\/realidadturistica.com\/realtur\/wp-content\/uploads\/2023\/09\/Editor_avatar_1693668634-96x96.png","url":"https:\/\/realidadturistica.com\/realtur\/wp-content\/uploads\/2023\/09\/Editor_avatar_1693668634-96x96.png","contentUrl":"https:\/\/realidadturistica.com\/realtur\/wp-content\/uploads\/2023\/09\/Editor_avatar_1693668634-96x96.png","caption":"Editor"},"sameAs":["https:\/\/realidadturistica.com\/realtur"],"url":"https:\/\/realidadturistica.com\/realtur\/author\/editor2\/"}]}},"_links":{"self":[{"href":"https:\/\/realidadturistica.com\/realtur\/wp-json\/wp\/v2\/posts\/6346","targetHints":{"allow":["GET"]}}],"collection":[{"href":"https:\/\/realidadturistica.com\/realtur\/wp-json\/wp\/v2\/posts"}],"about":[{"href":"https:\/\/realidadturistica.com\/realtur\/wp-json\/wp\/v2\/types\/post"}],"author":[{"embeddable":true,"href":"https:\/\/realidadturistica.com\/realtur\/wp-json\/wp\/v2\/users\/2"}],"replies":[{"embeddable":true,"href":"https:\/\/realidadturistica.com\/realtur\/wp-json\/wp\/v2\/comments?post=6346"}],"version-history":[{"count":1,"href":"https:\/\/realidadturistica.com\/realtur\/wp-json\/wp\/v2\/posts\/6346\/revisions"}],"predecessor-version":[{"id":6348,"href":"https:\/\/realidadturistica.com\/realtur\/wp-json\/wp\/v2\/posts\/6346\/revisions\/6348"}],"wp:featuredmedia":[{"embeddable":true,"href":"https:\/\/realidadturistica.com\/realtur\/wp-json\/wp\/v2\/media\/6347"}],"wp:attachment":[{"href":"https:\/\/realidadturistica.com\/realtur\/wp-json\/wp\/v2\/media?parent=6346"}],"wp:term":[{"taxonomy":"category","embeddable":true,"href":"https:\/\/realidadturistica.com\/realtur\/wp-json\/wp\/v2\/categories?post=6346"},{"taxonomy":"post_tag","embeddable":true,"href":"https:\/\/realidadturistica.com\/realtur\/wp-json\/wp\/v2\/tags?post=6346"}],"curies":[{"name":"wp","href":"https:\/\/api.w.org\/{rel}","templated":true}]}}