{"id":6490,"date":"2024-02-16T13:15:33","date_gmt":"2024-02-16T13:15:33","guid":{"rendered":"https:\/\/realidadturistica.com\/realtur\/?p=6490"},"modified":"2024-02-16T13:15:35","modified_gmt":"2024-02-16T13:15:35","slug":"abre-sus-puertas-la-32-edicion-de-la-feria-internacional-del-libro-2024","status":"publish","type":"post","link":"https:\/\/realidadturistica.com\/realtur\/abre-sus-puertas-la-32-edicion-de-la-feria-internacional-del-libro-2024\/","title":{"rendered":"Abre sus puertas la 32 edici\u00f3n de la Feria Internacional del Libro 2024"},"content":{"rendered":"\n<p class=\"yoast-reading-time__wrapper\"><span class=\"yoast-reading-time__icon\"><svg aria-hidden=\"true\" focusable=\"false\" data-icon=\"clock\" width=\"20\" height=\"20\" fill=\"none\" stroke=\"currentColor\" style=\"display:inline-block;vertical-align:-0.1em\" role=\"img\" xmlns=\"http:\/\/www.w3.org\/2000\/svg\" viewbox=\"0 0 24 24\"><path stroke-linecap=\"round\" stroke-linejoin=\"round\" stroke-width=\"2\" d=\"M12 8v4l3 3m6-3a9 9 0 11-18 0 9 9 0 0118 0z\"><\/path><\/svg><\/span><span class=\"yoast-reading-time__spacer\" style=\"display:inline-block;width:1em\"><\/span><span class=\"yoast-reading-time__descriptive-text\">Tiempo de lectura estimado:  <\/span><span class=\"yoast-reading-time__reading-time\">2<\/span><span class=\"yoast-reading-time__time-unit\"> minutos<\/span><\/p>\n\n\n\n<p>Cuba. Con la presencia del presidente de Cuba, Miguel D\u00edaz-Canel Berm\u00fadez, la ministra de Cultura de Brasil, Margareth Menezes, autoridades cubanas y delegaciones invitadas, se inaugur\u00f3 oficialmente en el complejo Morro Caba\u00f1as, la 32 edici\u00f3n de la Feria Internacional del Libro 2024, que en esta ocasi\u00f3n tiene como pa\u00eds invitado a Brasil, y est\u00e1 dedicada a la fil\u00f3sofa e investigadora Isabel Monal y al profesor de arte Francisco L\u00f3pez Sacha.<\/p>\n\n\n\n<p>La ministra de Cultura de Brasil, Margareth Menezes agradeci\u00f3 a Cuba haber dedicado esta feria a su pa\u00eds, a la vez que resalt\u00f3 los lazos de amistad que existen entre los dos pa\u00edses.<\/p>\n\n\n\n<p>Por su parte el presidente del Instituto Cubano del Libro y del Comit\u00e9 Organizador, Juan Rodr\u00edguez, manifest\u00f3 la importancia de este encuentro literario, y record\u00f3 el papel del ex presidente Fidel Castro, promotor principal de estas ferias.<\/p>\n\n\n\n<p>&nbsp;La delegaci\u00f3n de Brasil est\u00e1 integrada por un importante grupo de escritores y artistas que durante estos d\u00edas compartir\u00e1n con la poblaci\u00f3n cubana, y exhibir\u00e1n lo mejor del arte de su pa\u00eds.<\/p>\n\n\n\n<p>Participan en esta fiesta del libro delegaciones de m\u00e1s de 45 pa\u00edses que expondr\u00e1n al p\u00fablico m\u00e1s de tres millones de textos y mil novedades.<\/p>\n\n\n\n<p>Este evento literario se extender\u00e1 a 16 subsedes y al interior del pa\u00eds, cerrando sus puertas el d\u00eda 25 de febrero.<\/p>\n\n\n\n<p>En pr\u00f3ximas ediciones ampliaremos la informaci\u00f3n.<\/p>\n\n\n\n<p>Fuente: Realidad Tur\u00edstica<\/p>\n","protected":false},"excerpt":{"rendered":"<p>Cuba. Con la presencia del presidente de Cuba, Miguel D\u00edaz-Canel Berm\u00fadez, la ministra de Cultura de Brasil, Margareth Menezes, autoridades cubanas y delegaciones invitadas, se&hellip;<\/p>\n","protected":false},"author":2,"featured_media":6493,"comment_status":"open","ping_status":"closed","sticky":false,"template":"","format":"standard","meta":{"content-type":"","_lmt_disableupdate":"","_lmt_disable":"","footnotes":""},"categories":[58],"tags":[],"class_list":["post-6490","post","type-post","status-publish","format-standard","has-post-thumbnail","hentry","category-culturales"],"yoast_head":"<!-- This site is optimized with the Yoast SEO Premium plugin v27.4 (Yoast SEO v27.5) - https:\/\/yoast.com\/product\/yoast-seo-premium-wordpress\/ -->\n<title>Abre sus puertas la 32 edici\u00f3n de la Feria Internacional del Libro 2024 - Realidad Tur\u00edstica<\/title>\n<meta name=\"robots\" content=\"index, follow, max-snippet:-1, max-image-preview:large, max-video-preview:-1\" \/>\n<link rel=\"canonical\" href=\"https:\/\/realidadturistica.com\/realtur\/abre-sus-puertas-la-32-edicion-de-la-feria-internacional-del-libro-2024\/\" \/>\n<meta property=\"og:locale\" content=\"es_ES\" \/>\n<meta property=\"og:type\" content=\"article\" \/>\n<meta property=\"og:title\" content=\"Abre sus puertas la 32 edici\u00f3n de la Feria Internacional del Libro 2024\" \/>\n<meta property=\"og:description\" content=\"Cuba. Con la presencia del presidente de Cuba, Miguel D\u00edaz-Canel Berm\u00fadez, la ministra de Cultura de Brasil, Margareth Menezes, autoridades cubanas y delegaciones invitadas, se&hellip;\" \/>\n<meta property=\"og:url\" content=\"https:\/\/realidadturistica.com\/realtur\/abre-sus-puertas-la-32-edicion-de-la-feria-internacional-del-libro-2024\/\" \/>\n<meta property=\"og:site_name\" content=\"Realidad Tur\u00edstica\" \/>\n<meta property=\"article:publisher\" content=\"https:\/\/www.facebook.com\/realidadturistica\" \/>\n<meta property=\"article:published_time\" content=\"2024-02-16T13:15:33+00:00\" \/>\n<meta property=\"article:modified_time\" content=\"2024-02-16T13:15:35+00:00\" \/>\n<meta property=\"og:image\" content=\"https:\/\/realidadturistica.com\/realtur\/wp-content\/uploads\/2024\/02\/WhatsApp-Image-2024-02-15-at-7.34.25-PM.jpeg\" \/>\n\t<meta property=\"og:image:width\" content=\"1040\" \/>\n\t<meta property=\"og:image:height\" content=\"480\" \/>\n\t<meta property=\"og:image:type\" content=\"image\/jpeg\" \/>\n<meta name=\"author\" content=\"Editor\" \/>\n<meta name=\"twitter:card\" content=\"summary_large_image\" \/>\n<meta name=\"twitter:label1\" content=\"Escrito por\" \/>\n\t<meta name=\"twitter:data1\" content=\"Editor\" \/>\n\t<meta name=\"twitter:label2\" content=\"Tiempo de lectura\" \/>\n\t<meta name=\"twitter:data2\" content=\"2 minutos\" \/>\n<script type=\"application\/ld+json\" class=\"yoast-schema-graph\">{\"@context\":\"https:\\\/\\\/schema.org\",\"@graph\":[{\"@type\":\"Article\",\"@id\":\"https:\\\/\\\/realidadturistica.com\\\/realtur\\\/abre-sus-puertas-la-32-edicion-de-la-feria-internacional-del-libro-2024\\\/#article\",\"isPartOf\":{\"@id\":\"https:\\\/\\\/realidadturistica.com\\\/realtur\\\/abre-sus-puertas-la-32-edicion-de-la-feria-internacional-del-libro-2024\\\/\"},\"author\":{\"name\":\"Editor\",\"@id\":\"https:\\\/\\\/realidadturistica.com\\\/realtur\\\/#\\\/schema\\\/person\\\/ade671191202490fcf08ab21590de73e\"},\"headline\":\"Abre sus puertas la 32 edici\u00f3n de la Feria Internacional del Libro 2024\",\"datePublished\":\"2024-02-16T13:15:33+00:00\",\"dateModified\":\"2024-02-16T13:15:35+00:00\",\"mainEntityOfPage\":{\"@id\":\"https:\\\/\\\/realidadturistica.com\\\/realtur\\\/abre-sus-puertas-la-32-edicion-de-la-feria-internacional-del-libro-2024\\\/\"},\"wordCount\":267,\"commentCount\":0,\"publisher\":{\"@id\":\"https:\\\/\\\/realidadturistica.com\\\/realtur\\\/#organization\"},\"image\":{\"@id\":\"https:\\\/\\\/realidadturistica.com\\\/realtur\\\/abre-sus-puertas-la-32-edicion-de-la-feria-internacional-del-libro-2024\\\/#primaryimage\"},\"thumbnailUrl\":\"https:\\\/\\\/realidadturistica.com\\\/realtur\\\/wp-content\\\/uploads\\\/2024\\\/02\\\/WhatsApp-Image-2024-02-15-at-7.34.25-PM.jpeg\",\"articleSection\":[\"Culturales\"],\"inLanguage\":\"es\",\"potentialAction\":[{\"@type\":\"CommentAction\",\"name\":\"Comment\",\"target\":[\"https:\\\/\\\/realidadturistica.com\\\/realtur\\\/abre-sus-puertas-la-32-edicion-de-la-feria-internacional-del-libro-2024\\\/#respond\"]}]},{\"@type\":\"WebPage\",\"@id\":\"https:\\\/\\\/realidadturistica.com\\\/realtur\\\/abre-sus-puertas-la-32-edicion-de-la-feria-internacional-del-libro-2024\\\/\",\"url\":\"https:\\\/\\\/realidadturistica.com\\\/realtur\\\/abre-sus-puertas-la-32-edicion-de-la-feria-internacional-del-libro-2024\\\/\",\"name\":\"Abre sus puertas la 32 edici\u00f3n de la Feria Internacional del Libro 2024 - Realidad Tur\u00edstica\",\"isPartOf\":{\"@id\":\"https:\\\/\\\/realidadturistica.com\\\/realtur\\\/#website\"},\"primaryImageOfPage\":{\"@id\":\"https:\\\/\\\/realidadturistica.com\\\/realtur\\\/abre-sus-puertas-la-32-edicion-de-la-feria-internacional-del-libro-2024\\\/#primaryimage\"},\"image\":{\"@id\":\"https:\\\/\\\/realidadturistica.com\\\/realtur\\\/abre-sus-puertas-la-32-edicion-de-la-feria-internacional-del-libro-2024\\\/#primaryimage\"},\"thumbnailUrl\":\"https:\\\/\\\/realidadturistica.com\\\/realtur\\\/wp-content\\\/uploads\\\/2024\\\/02\\\/WhatsApp-Image-2024-02-15-at-7.34.25-PM.jpeg\",\"datePublished\":\"2024-02-16T13:15:33+00:00\",\"dateModified\":\"2024-02-16T13:15:35+00:00\",\"breadcrumb\":{\"@id\":\"https:\\\/\\\/realidadturistica.com\\\/realtur\\\/abre-sus-puertas-la-32-edicion-de-la-feria-internacional-del-libro-2024\\\/#breadcrumb\"},\"inLanguage\":\"es\",\"potentialAction\":[{\"@type\":\"ReadAction\",\"target\":[\"https:\\\/\\\/realidadturistica.com\\\/realtur\\\/abre-sus-puertas-la-32-edicion-de-la-feria-internacional-del-libro-2024\\\/\"]}]},{\"@type\":\"ImageObject\",\"inLanguage\":\"es\",\"@id\":\"https:\\\/\\\/realidadturistica.com\\\/realtur\\\/abre-sus-puertas-la-32-edicion-de-la-feria-internacional-del-libro-2024\\\/#primaryimage\",\"url\":\"https:\\\/\\\/realidadturistica.com\\\/realtur\\\/wp-content\\\/uploads\\\/2024\\\/02\\\/WhatsApp-Image-2024-02-15-at-7.34.25-PM.jpeg\",\"contentUrl\":\"https:\\\/\\\/realidadturistica.com\\\/realtur\\\/wp-content\\\/uploads\\\/2024\\\/02\\\/WhatsApp-Image-2024-02-15-at-7.34.25-PM.jpeg\",\"width\":1040,\"height\":480},{\"@type\":\"BreadcrumbList\",\"@id\":\"https:\\\/\\\/realidadturistica.com\\\/realtur\\\/abre-sus-puertas-la-32-edicion-de-la-feria-internacional-del-libro-2024\\\/#breadcrumb\",\"itemListElement\":[{\"@type\":\"ListItem\",\"position\":1,\"name\":\"Portada\",\"item\":\"https:\\\/\\\/realidadturistica.com\\\/realtur\\\/\"},{\"@type\":\"ListItem\",\"position\":2,\"name\":\"Abre sus puertas la 32 edici\u00f3n de la Feria Internacional del Libro 2024\"}]},{\"@type\":\"WebSite\",\"@id\":\"https:\\\/\\\/realidadturistica.com\\\/realtur\\\/#website\",\"url\":\"https:\\\/\\\/realidadturistica.com\\\/realtur\\\/\",\"name\":\"Realidad Tur\u00edstica\",\"description\":\"\",\"publisher\":{\"@id\":\"https:\\\/\\\/realidadturistica.com\\\/realtur\\\/#organization\"},\"potentialAction\":[{\"@type\":\"SearchAction\",\"target\":{\"@type\":\"EntryPoint\",\"urlTemplate\":\"https:\\\/\\\/realidadturistica.com\\\/realtur\\\/?s={search_term_string}\"},\"query-input\":{\"@type\":\"PropertyValueSpecification\",\"valueRequired\":true,\"valueName\":\"search_term_string\"}}],\"inLanguage\":\"es\"},{\"@type\":\"Organization\",\"@id\":\"https:\\\/\\\/realidadturistica.com\\\/realtur\\\/#organization\",\"name\":\"Realidad Tur\u00edstica\",\"url\":\"https:\\\/\\\/realidadturistica.com\\\/realtur\\\/\",\"logo\":{\"@type\":\"ImageObject\",\"inLanguage\":\"es\",\"@id\":\"https:\\\/\\\/realidadturistica.com\\\/realtur\\\/#\\\/schema\\\/logo\\\/image\\\/\",\"url\":\"https:\\\/\\\/realidadturistica.com\\\/realtur\\\/wp-content\\\/uploads\\\/2021\\\/12\\\/logotipo-realidad-turistica.png\",\"contentUrl\":\"https:\\\/\\\/realidadturistica.com\\\/realtur\\\/wp-content\\\/uploads\\\/2021\\\/12\\\/logotipo-realidad-turistica.png\",\"width\":1382,\"height\":629,\"caption\":\"Realidad Tur\u00edstica\"},\"image\":{\"@id\":\"https:\\\/\\\/realidadturistica.com\\\/realtur\\\/#\\\/schema\\\/logo\\\/image\\\/\"},\"sameAs\":[\"https:\\\/\\\/www.facebook.com\\\/realidadturistica\",\"https:\\\/\\\/www.instagram.com\\\/realidad_turistica\\\/\"]},{\"@type\":\"Person\",\"@id\":\"https:\\\/\\\/realidadturistica.com\\\/realtur\\\/#\\\/schema\\\/person\\\/ade671191202490fcf08ab21590de73e\",\"name\":\"Editor\",\"image\":{\"@type\":\"ImageObject\",\"inLanguage\":\"es\",\"@id\":\"https:\\\/\\\/realidadturistica.com\\\/realtur\\\/wp-content\\\/uploads\\\/2023\\\/09\\\/Editor_avatar_1693668634-96x96.png\",\"url\":\"https:\\\/\\\/realidadturistica.com\\\/realtur\\\/wp-content\\\/uploads\\\/2023\\\/09\\\/Editor_avatar_1693668634-96x96.png\",\"contentUrl\":\"https:\\\/\\\/realidadturistica.com\\\/realtur\\\/wp-content\\\/uploads\\\/2023\\\/09\\\/Editor_avatar_1693668634-96x96.png\",\"caption\":\"Editor\"},\"sameAs\":[\"https:\\\/\\\/realidadturistica.com\\\/realtur\"],\"url\":\"https:\\\/\\\/realidadturistica.com\\\/realtur\\\/author\\\/editor2\\\/\"}]}<\/script>\n<!-- \/ Yoast SEO Premium plugin. -->","yoast_head_json":{"title":"Abre sus puertas la 32 edici\u00f3n de la Feria Internacional del Libro 2024 - Realidad Tur\u00edstica","robots":{"index":"index","follow":"follow","max-snippet":"max-snippet:-1","max-image-preview":"max-image-preview:large","max-video-preview":"max-video-preview:-1"},"canonical":"https:\/\/realidadturistica.com\/realtur\/abre-sus-puertas-la-32-edicion-de-la-feria-internacional-del-libro-2024\/","og_locale":"es_ES","og_type":"article","og_title":"Abre sus puertas la 32 edici\u00f3n de la Feria Internacional del Libro 2024","og_description":"Cuba. Con la presencia del presidente de Cuba, Miguel D\u00edaz-Canel Berm\u00fadez, la ministra de Cultura de Brasil, Margareth Menezes, autoridades cubanas y delegaciones invitadas, se&hellip;","og_url":"https:\/\/realidadturistica.com\/realtur\/abre-sus-puertas-la-32-edicion-de-la-feria-internacional-del-libro-2024\/","og_site_name":"Realidad Tur\u00edstica","article_publisher":"https:\/\/www.facebook.com\/realidadturistica","article_published_time":"2024-02-16T13:15:33+00:00","article_modified_time":"2024-02-16T13:15:35+00:00","og_image":[{"width":1040,"height":480,"url":"https:\/\/realidadturistica.com\/realtur\/wp-content\/uploads\/2024\/02\/WhatsApp-Image-2024-02-15-at-7.34.25-PM.jpeg","type":"image\/jpeg"}],"author":"Editor","twitter_card":"summary_large_image","twitter_misc":{"Escrito por":"Editor","Tiempo de lectura":"2 minutos"},"schema":{"@context":"https:\/\/schema.org","@graph":[{"@type":"Article","@id":"https:\/\/realidadturistica.com\/realtur\/abre-sus-puertas-la-32-edicion-de-la-feria-internacional-del-libro-2024\/#article","isPartOf":{"@id":"https:\/\/realidadturistica.com\/realtur\/abre-sus-puertas-la-32-edicion-de-la-feria-internacional-del-libro-2024\/"},"author":{"name":"Editor","@id":"https:\/\/realidadturistica.com\/realtur\/#\/schema\/person\/ade671191202490fcf08ab21590de73e"},"headline":"Abre sus puertas la 32 edici\u00f3n de la Feria Internacional del Libro 2024","datePublished":"2024-02-16T13:15:33+00:00","dateModified":"2024-02-16T13:15:35+00:00","mainEntityOfPage":{"@id":"https:\/\/realidadturistica.com\/realtur\/abre-sus-puertas-la-32-edicion-de-la-feria-internacional-del-libro-2024\/"},"wordCount":267,"commentCount":0,"publisher":{"@id":"https:\/\/realidadturistica.com\/realtur\/#organization"},"image":{"@id":"https:\/\/realidadturistica.com\/realtur\/abre-sus-puertas-la-32-edicion-de-la-feria-internacional-del-libro-2024\/#primaryimage"},"thumbnailUrl":"https:\/\/realidadturistica.com\/realtur\/wp-content\/uploads\/2024\/02\/WhatsApp-Image-2024-02-15-at-7.34.25-PM.jpeg","articleSection":["Culturales"],"inLanguage":"es","potentialAction":[{"@type":"CommentAction","name":"Comment","target":["https:\/\/realidadturistica.com\/realtur\/abre-sus-puertas-la-32-edicion-de-la-feria-internacional-del-libro-2024\/#respond"]}]},{"@type":"WebPage","@id":"https:\/\/realidadturistica.com\/realtur\/abre-sus-puertas-la-32-edicion-de-la-feria-internacional-del-libro-2024\/","url":"https:\/\/realidadturistica.com\/realtur\/abre-sus-puertas-la-32-edicion-de-la-feria-internacional-del-libro-2024\/","name":"Abre sus puertas la 32 edici\u00f3n de la Feria Internacional del Libro 2024 - Realidad Tur\u00edstica","isPartOf":{"@id":"https:\/\/realidadturistica.com\/realtur\/#website"},"primaryImageOfPage":{"@id":"https:\/\/realidadturistica.com\/realtur\/abre-sus-puertas-la-32-edicion-de-la-feria-internacional-del-libro-2024\/#primaryimage"},"image":{"@id":"https:\/\/realidadturistica.com\/realtur\/abre-sus-puertas-la-32-edicion-de-la-feria-internacional-del-libro-2024\/#primaryimage"},"thumbnailUrl":"https:\/\/realidadturistica.com\/realtur\/wp-content\/uploads\/2024\/02\/WhatsApp-Image-2024-02-15-at-7.34.25-PM.jpeg","datePublished":"2024-02-16T13:15:33+00:00","dateModified":"2024-02-16T13:15:35+00:00","breadcrumb":{"@id":"https:\/\/realidadturistica.com\/realtur\/abre-sus-puertas-la-32-edicion-de-la-feria-internacional-del-libro-2024\/#breadcrumb"},"inLanguage":"es","potentialAction":[{"@type":"ReadAction","target":["https:\/\/realidadturistica.com\/realtur\/abre-sus-puertas-la-32-edicion-de-la-feria-internacional-del-libro-2024\/"]}]},{"@type":"ImageObject","inLanguage":"es","@id":"https:\/\/realidadturistica.com\/realtur\/abre-sus-puertas-la-32-edicion-de-la-feria-internacional-del-libro-2024\/#primaryimage","url":"https:\/\/realidadturistica.com\/realtur\/wp-content\/uploads\/2024\/02\/WhatsApp-Image-2024-02-15-at-7.34.25-PM.jpeg","contentUrl":"https:\/\/realidadturistica.com\/realtur\/wp-content\/uploads\/2024\/02\/WhatsApp-Image-2024-02-15-at-7.34.25-PM.jpeg","width":1040,"height":480},{"@type":"BreadcrumbList","@id":"https:\/\/realidadturistica.com\/realtur\/abre-sus-puertas-la-32-edicion-de-la-feria-internacional-del-libro-2024\/#breadcrumb","itemListElement":[{"@type":"ListItem","position":1,"name":"Portada","item":"https:\/\/realidadturistica.com\/realtur\/"},{"@type":"ListItem","position":2,"name":"Abre sus puertas la 32 edici\u00f3n de la Feria Internacional del Libro 2024"}]},{"@type":"WebSite","@id":"https:\/\/realidadturistica.com\/realtur\/#website","url":"https:\/\/realidadturistica.com\/realtur\/","name":"Realidad Tur\u00edstica","description":"","publisher":{"@id":"https:\/\/realidadturistica.com\/realtur\/#organization"},"potentialAction":[{"@type":"SearchAction","target":{"@type":"EntryPoint","urlTemplate":"https:\/\/realidadturistica.com\/realtur\/?s={search_term_string}"},"query-input":{"@type":"PropertyValueSpecification","valueRequired":true,"valueName":"search_term_string"}}],"inLanguage":"es"},{"@type":"Organization","@id":"https:\/\/realidadturistica.com\/realtur\/#organization","name":"Realidad Tur\u00edstica","url":"https:\/\/realidadturistica.com\/realtur\/","logo":{"@type":"ImageObject","inLanguage":"es","@id":"https:\/\/realidadturistica.com\/realtur\/#\/schema\/logo\/image\/","url":"https:\/\/realidadturistica.com\/realtur\/wp-content\/uploads\/2021\/12\/logotipo-realidad-turistica.png","contentUrl":"https:\/\/realidadturistica.com\/realtur\/wp-content\/uploads\/2021\/12\/logotipo-realidad-turistica.png","width":1382,"height":629,"caption":"Realidad Tur\u00edstica"},"image":{"@id":"https:\/\/realidadturistica.com\/realtur\/#\/schema\/logo\/image\/"},"sameAs":["https:\/\/www.facebook.com\/realidadturistica","https:\/\/www.instagram.com\/realidad_turistica\/"]},{"@type":"Person","@id":"https:\/\/realidadturistica.com\/realtur\/#\/schema\/person\/ade671191202490fcf08ab21590de73e","name":"Editor","image":{"@type":"ImageObject","inLanguage":"es","@id":"https:\/\/realidadturistica.com\/realtur\/wp-content\/uploads\/2023\/09\/Editor_avatar_1693668634-96x96.png","url":"https:\/\/realidadturistica.com\/realtur\/wp-content\/uploads\/2023\/09\/Editor_avatar_1693668634-96x96.png","contentUrl":"https:\/\/realidadturistica.com\/realtur\/wp-content\/uploads\/2023\/09\/Editor_avatar_1693668634-96x96.png","caption":"Editor"},"sameAs":["https:\/\/realidadturistica.com\/realtur"],"url":"https:\/\/realidadturistica.com\/realtur\/author\/editor2\/"}]}},"_links":{"self":[{"href":"https:\/\/realidadturistica.com\/realtur\/wp-json\/wp\/v2\/posts\/6490","targetHints":{"allow":["GET"]}}],"collection":[{"href":"https:\/\/realidadturistica.com\/realtur\/wp-json\/wp\/v2\/posts"}],"about":[{"href":"https:\/\/realidadturistica.com\/realtur\/wp-json\/wp\/v2\/types\/post"}],"author":[{"embeddable":true,"href":"https:\/\/realidadturistica.com\/realtur\/wp-json\/wp\/v2\/users\/2"}],"replies":[{"embeddable":true,"href":"https:\/\/realidadturistica.com\/realtur\/wp-json\/wp\/v2\/comments?post=6490"}],"version-history":[{"count":2,"href":"https:\/\/realidadturistica.com\/realtur\/wp-json\/wp\/v2\/posts\/6490\/revisions"}],"predecessor-version":[{"id":6492,"href":"https:\/\/realidadturistica.com\/realtur\/wp-json\/wp\/v2\/posts\/6490\/revisions\/6492"}],"wp:featuredmedia":[{"embeddable":true,"href":"https:\/\/realidadturistica.com\/realtur\/wp-json\/wp\/v2\/media\/6493"}],"wp:attachment":[{"href":"https:\/\/realidadturistica.com\/realtur\/wp-json\/wp\/v2\/media?parent=6490"}],"wp:term":[{"taxonomy":"category","embeddable":true,"href":"https:\/\/realidadturistica.com\/realtur\/wp-json\/wp\/v2\/categories?post=6490"},{"taxonomy":"post_tag","embeddable":true,"href":"https:\/\/realidadturistica.com\/realtur\/wp-json\/wp\/v2\/tags?post=6490"}],"curies":[{"name":"wp","href":"https:\/\/api.w.org\/{rel}","templated":true}]}}