{"id":6494,"date":"2024-02-16T13:23:01","date_gmt":"2024-02-16T13:23:01","guid":{"rendered":"https:\/\/realidadturistica.com\/realtur\/?p=6494"},"modified":"2024-02-16T13:23:02","modified_gmt":"2024-02-16T13:23:02","slug":"peru-declara-patrimonio-cultural-de-la-nacion-a-tres-momias-repatriadas-del-vaticano","status":"publish","type":"post","link":"https:\/\/realidadturistica.com\/realtur\/peru-declara-patrimonio-cultural-de-la-nacion-a-tres-momias-repatriadas-del-vaticano\/","title":{"rendered":"Per\u00fa declara Patrimonio Cultural de la Naci\u00f3n a tres momias repatriadas del Vaticano"},"content":{"rendered":"\n<p class=\"yoast-reading-time__wrapper\"><span class=\"yoast-reading-time__icon\"><svg aria-hidden=\"true\" focusable=\"false\" data-icon=\"clock\" width=\"20\" height=\"20\" fill=\"none\" stroke=\"currentColor\" style=\"display:inline-block;vertical-align:-0.1em\" role=\"img\" xmlns=\"http:\/\/www.w3.org\/2000\/svg\" viewbox=\"0 0 24 24\"><path stroke-linecap=\"round\" stroke-linejoin=\"round\" stroke-width=\"2\" d=\"M12 8v4l3 3m6-3a9 9 0 11-18 0 9 9 0 0118 0z\"><\/path><\/svg><\/span><span class=\"yoast-reading-time__spacer\" style=\"display:inline-block;width:1em\"><\/span><span class=\"yoast-reading-time__descriptive-text\">Tiempo de lectura estimado:  <\/span><span class=\"yoast-reading-time__reading-time\">2<\/span><span class=\"yoast-reading-time__time-unit\"> minutos<\/span><\/p>\n\n\n\n<p>Per\u00fa. El Ministerio de Cultura de Per\u00fa declar\u00f3 Patrimonio Cultural de la Naci\u00f3n a tres momias de origen prehisp\u00e1nico que fueron repatriadas del Vaticano, informaron este mi\u00e9rcoles medios locales.<\/p>\n\n\n\n<p>A trav\u00e9s de una resoluci\u00f3n viceministerial publicada en el diario oficial El Peruano, el Gobierno indic\u00f3 que los bienes muebles \u00abpresentan valores hist\u00f3rico, cient\u00edfico y social relacionados a su importancia por ser de origen prehisp\u00e1nico\u00bb.<\/p>\n\n\n\n<p>Tambi\u00e9n destac\u00f3 sus \u00abcaracter\u00edsticas, remodelaciones craneales y tratamiento mortuorio de soguillas que son pr\u00e1cticas propias de sociedades prehisp\u00e1nicas de los Andes centrales durante un tiempo determinado y forman parte del pasado hist\u00f3rico de las que actualmente se encuentran desaparecidas\u00bb.<\/p>\n\n\n\n<p>Ya en octubre de 2022 se hab\u00eda informado que, luego de gestiones diplom\u00e1ticas, la Santa Sede tuvo una \u00abiniciativa de devoluci\u00f3n\u00bb de estas momias que formaban parte de su colecci\u00f3n de bienes en el Museo Etnol\u00f3gico Vaticano.<\/p>\n\n\n\n<p>A\u00f1os antes se hab\u00eda determinado que se trata de dos adultos y un infante, de sexo y edad indeterminados, que fueron encontrados a 3.000 metros de altura en los Andes peruanos.<\/p>\n\n\n\n<p>\u00abSe valora el sentimiento compartido con el papa Francisco de que esas momias m\u00e1s que objetos son seres humanos. Restos humanos que deben estar enterrados con dignidad en el lugar de donde provienen, es decir en Per\u00fa\u00bb, declar\u00f3 en 2022 el entonces canciller peruano C\u00e9sar Landa.<\/p>\n\n\n\n<p>Fuente: La P\u00e1gina.<\/p>\n","protected":false},"excerpt":{"rendered":"<p>Per\u00fa. El Ministerio de Cultura de Per\u00fa declar\u00f3 Patrimonio Cultural de la Naci\u00f3n a tres momias de origen prehisp\u00e1nico que fueron repatriadas del Vaticano, informaron&hellip;<\/p>\n","protected":false},"author":2,"featured_media":6495,"comment_status":"open","ping_status":"closed","sticky":false,"template":"","format":"standard","meta":{"content-type":"","_lmt_disableupdate":"","_lmt_disable":"","footnotes":""},"categories":[58],"tags":[],"class_list":["post-6494","post","type-post","status-publish","format-standard","has-post-thumbnail","hentry","category-culturales"],"yoast_head":"<!-- This site is optimized with the Yoast SEO Premium plugin v27.4 (Yoast SEO v27.4) - https:\/\/yoast.com\/product\/yoast-seo-premium-wordpress\/ -->\n<title>Per\u00fa declara Patrimonio Cultural de la Naci\u00f3n a tres momias repatriadas del Vaticano - Realidad Tur\u00edstica<\/title>\n<meta name=\"robots\" content=\"index, follow, max-snippet:-1, max-image-preview:large, max-video-preview:-1\" \/>\n<link rel=\"canonical\" href=\"https:\/\/realidadturistica.com\/realtur\/peru-declara-patrimonio-cultural-de-la-nacion-a-tres-momias-repatriadas-del-vaticano\/\" \/>\n<meta property=\"og:locale\" content=\"es_ES\" \/>\n<meta property=\"og:type\" content=\"article\" \/>\n<meta property=\"og:title\" content=\"Per\u00fa declara Patrimonio Cultural de la Naci\u00f3n a tres momias repatriadas del Vaticano\" \/>\n<meta property=\"og:description\" content=\"Per\u00fa. El Ministerio de Cultura de Per\u00fa declar\u00f3 Patrimonio Cultural de la Naci\u00f3n a tres momias de origen prehisp\u00e1nico que fueron repatriadas del Vaticano, informaron&hellip;\" \/>\n<meta property=\"og:url\" content=\"https:\/\/realidadturistica.com\/realtur\/peru-declara-patrimonio-cultural-de-la-nacion-a-tres-momias-repatriadas-del-vaticano\/\" \/>\n<meta property=\"og:site_name\" content=\"Realidad Tur\u00edstica\" \/>\n<meta property=\"article:publisher\" content=\"https:\/\/www.facebook.com\/realidadturistica\" \/>\n<meta property=\"article:published_time\" content=\"2024-02-16T13:23:01+00:00\" \/>\n<meta property=\"article:modified_time\" content=\"2024-02-16T13:23:02+00:00\" \/>\n<meta property=\"og:image\" content=\"https:\/\/realidadturistica.com\/realtur\/wp-content\/uploads\/2024\/02\/Peru-declara.jpg\" \/>\n\t<meta property=\"og:image:width\" content=\"645\" \/>\n\t<meta property=\"og:image:height\" content=\"363\" \/>\n\t<meta property=\"og:image:type\" content=\"image\/jpeg\" \/>\n<meta name=\"author\" content=\"Editor\" \/>\n<meta name=\"twitter:card\" content=\"summary_large_image\" \/>\n<meta name=\"twitter:label1\" content=\"Escrito por\" \/>\n\t<meta name=\"twitter:data1\" content=\"Editor\" \/>\n\t<meta name=\"twitter:label2\" content=\"Tiempo de lectura\" \/>\n\t<meta name=\"twitter:data2\" content=\"2 minutos\" \/>\n<script type=\"application\/ld+json\" class=\"yoast-schema-graph\">{\"@context\":\"https:\\\/\\\/schema.org\",\"@graph\":[{\"@type\":\"Article\",\"@id\":\"https:\\\/\\\/realidadturistica.com\\\/realtur\\\/peru-declara-patrimonio-cultural-de-la-nacion-a-tres-momias-repatriadas-del-vaticano\\\/#article\",\"isPartOf\":{\"@id\":\"https:\\\/\\\/realidadturistica.com\\\/realtur\\\/peru-declara-patrimonio-cultural-de-la-nacion-a-tres-momias-repatriadas-del-vaticano\\\/\"},\"author\":{\"name\":\"Editor\",\"@id\":\"https:\\\/\\\/realidadturistica.com\\\/realtur\\\/#\\\/schema\\\/person\\\/ade671191202490fcf08ab21590de73e\"},\"headline\":\"Per\u00fa declara Patrimonio Cultural de la Naci\u00f3n a tres momias repatriadas del Vaticano\",\"datePublished\":\"2024-02-16T13:23:01+00:00\",\"dateModified\":\"2024-02-16T13:23:02+00:00\",\"mainEntityOfPage\":{\"@id\":\"https:\\\/\\\/realidadturistica.com\\\/realtur\\\/peru-declara-patrimonio-cultural-de-la-nacion-a-tres-momias-repatriadas-del-vaticano\\\/\"},\"wordCount\":259,\"commentCount\":0,\"publisher\":{\"@id\":\"https:\\\/\\\/realidadturistica.com\\\/realtur\\\/#organization\"},\"image\":{\"@id\":\"https:\\\/\\\/realidadturistica.com\\\/realtur\\\/peru-declara-patrimonio-cultural-de-la-nacion-a-tres-momias-repatriadas-del-vaticano\\\/#primaryimage\"},\"thumbnailUrl\":\"https:\\\/\\\/realidadturistica.com\\\/realtur\\\/wp-content\\\/uploads\\\/2024\\\/02\\\/Peru-declara.jpg\",\"articleSection\":[\"Culturales\"],\"inLanguage\":\"es\",\"potentialAction\":[{\"@type\":\"CommentAction\",\"name\":\"Comment\",\"target\":[\"https:\\\/\\\/realidadturistica.com\\\/realtur\\\/peru-declara-patrimonio-cultural-de-la-nacion-a-tres-momias-repatriadas-del-vaticano\\\/#respond\"]}]},{\"@type\":\"WebPage\",\"@id\":\"https:\\\/\\\/realidadturistica.com\\\/realtur\\\/peru-declara-patrimonio-cultural-de-la-nacion-a-tres-momias-repatriadas-del-vaticano\\\/\",\"url\":\"https:\\\/\\\/realidadturistica.com\\\/realtur\\\/peru-declara-patrimonio-cultural-de-la-nacion-a-tres-momias-repatriadas-del-vaticano\\\/\",\"name\":\"Per\u00fa declara Patrimonio Cultural de la Naci\u00f3n a tres momias repatriadas del Vaticano - Realidad Tur\u00edstica\",\"isPartOf\":{\"@id\":\"https:\\\/\\\/realidadturistica.com\\\/realtur\\\/#website\"},\"primaryImageOfPage\":{\"@id\":\"https:\\\/\\\/realidadturistica.com\\\/realtur\\\/peru-declara-patrimonio-cultural-de-la-nacion-a-tres-momias-repatriadas-del-vaticano\\\/#primaryimage\"},\"image\":{\"@id\":\"https:\\\/\\\/realidadturistica.com\\\/realtur\\\/peru-declara-patrimonio-cultural-de-la-nacion-a-tres-momias-repatriadas-del-vaticano\\\/#primaryimage\"},\"thumbnailUrl\":\"https:\\\/\\\/realidadturistica.com\\\/realtur\\\/wp-content\\\/uploads\\\/2024\\\/02\\\/Peru-declara.jpg\",\"datePublished\":\"2024-02-16T13:23:01+00:00\",\"dateModified\":\"2024-02-16T13:23:02+00:00\",\"breadcrumb\":{\"@id\":\"https:\\\/\\\/realidadturistica.com\\\/realtur\\\/peru-declara-patrimonio-cultural-de-la-nacion-a-tres-momias-repatriadas-del-vaticano\\\/#breadcrumb\"},\"inLanguage\":\"es\",\"potentialAction\":[{\"@type\":\"ReadAction\",\"target\":[\"https:\\\/\\\/realidadturistica.com\\\/realtur\\\/peru-declara-patrimonio-cultural-de-la-nacion-a-tres-momias-repatriadas-del-vaticano\\\/\"]}]},{\"@type\":\"ImageObject\",\"inLanguage\":\"es\",\"@id\":\"https:\\\/\\\/realidadturistica.com\\\/realtur\\\/peru-declara-patrimonio-cultural-de-la-nacion-a-tres-momias-repatriadas-del-vaticano\\\/#primaryimage\",\"url\":\"https:\\\/\\\/realidadturistica.com\\\/realtur\\\/wp-content\\\/uploads\\\/2024\\\/02\\\/Peru-declara.jpg\",\"contentUrl\":\"https:\\\/\\\/realidadturistica.com\\\/realtur\\\/wp-content\\\/uploads\\\/2024\\\/02\\\/Peru-declara.jpg\",\"width\":645,\"height\":363},{\"@type\":\"BreadcrumbList\",\"@id\":\"https:\\\/\\\/realidadturistica.com\\\/realtur\\\/peru-declara-patrimonio-cultural-de-la-nacion-a-tres-momias-repatriadas-del-vaticano\\\/#breadcrumb\",\"itemListElement\":[{\"@type\":\"ListItem\",\"position\":1,\"name\":\"Portada\",\"item\":\"https:\\\/\\\/realidadturistica.com\\\/realtur\\\/\"},{\"@type\":\"ListItem\",\"position\":2,\"name\":\"Per\u00fa declara Patrimonio Cultural de la Naci\u00f3n a tres momias repatriadas del Vaticano\"}]},{\"@type\":\"WebSite\",\"@id\":\"https:\\\/\\\/realidadturistica.com\\\/realtur\\\/#website\",\"url\":\"https:\\\/\\\/realidadturistica.com\\\/realtur\\\/\",\"name\":\"Realidad Tur\u00edstica\",\"description\":\"\",\"publisher\":{\"@id\":\"https:\\\/\\\/realidadturistica.com\\\/realtur\\\/#organization\"},\"potentialAction\":[{\"@type\":\"SearchAction\",\"target\":{\"@type\":\"EntryPoint\",\"urlTemplate\":\"https:\\\/\\\/realidadturistica.com\\\/realtur\\\/?s={search_term_string}\"},\"query-input\":{\"@type\":\"PropertyValueSpecification\",\"valueRequired\":true,\"valueName\":\"search_term_string\"}}],\"inLanguage\":\"es\"},{\"@type\":\"Organization\",\"@id\":\"https:\\\/\\\/realidadturistica.com\\\/realtur\\\/#organization\",\"name\":\"Realidad Tur\u00edstica\",\"url\":\"https:\\\/\\\/realidadturistica.com\\\/realtur\\\/\",\"logo\":{\"@type\":\"ImageObject\",\"inLanguage\":\"es\",\"@id\":\"https:\\\/\\\/realidadturistica.com\\\/realtur\\\/#\\\/schema\\\/logo\\\/image\\\/\",\"url\":\"https:\\\/\\\/realidadturistica.com\\\/realtur\\\/wp-content\\\/uploads\\\/2021\\\/12\\\/logotipo-realidad-turistica.png\",\"contentUrl\":\"https:\\\/\\\/realidadturistica.com\\\/realtur\\\/wp-content\\\/uploads\\\/2021\\\/12\\\/logotipo-realidad-turistica.png\",\"width\":1382,\"height\":629,\"caption\":\"Realidad Tur\u00edstica\"},\"image\":{\"@id\":\"https:\\\/\\\/realidadturistica.com\\\/realtur\\\/#\\\/schema\\\/logo\\\/image\\\/\"},\"sameAs\":[\"https:\\\/\\\/www.facebook.com\\\/realidadturistica\",\"https:\\\/\\\/www.instagram.com\\\/realidad_turistica\\\/\"]},{\"@type\":\"Person\",\"@id\":\"https:\\\/\\\/realidadturistica.com\\\/realtur\\\/#\\\/schema\\\/person\\\/ade671191202490fcf08ab21590de73e\",\"name\":\"Editor\",\"image\":{\"@type\":\"ImageObject\",\"inLanguage\":\"es\",\"@id\":\"https:\\\/\\\/realidadturistica.com\\\/realtur\\\/wp-content\\\/uploads\\\/2023\\\/09\\\/Editor_avatar_1693668634-96x96.png\",\"url\":\"https:\\\/\\\/realidadturistica.com\\\/realtur\\\/wp-content\\\/uploads\\\/2023\\\/09\\\/Editor_avatar_1693668634-96x96.png\",\"contentUrl\":\"https:\\\/\\\/realidadturistica.com\\\/realtur\\\/wp-content\\\/uploads\\\/2023\\\/09\\\/Editor_avatar_1693668634-96x96.png\",\"caption\":\"Editor\"},\"sameAs\":[\"https:\\\/\\\/realidadturistica.com\\\/realtur\"],\"url\":\"https:\\\/\\\/realidadturistica.com\\\/realtur\\\/author\\\/editor2\\\/\"}]}<\/script>\n<!-- \/ Yoast SEO Premium plugin. -->","yoast_head_json":{"title":"Per\u00fa declara Patrimonio Cultural de la Naci\u00f3n a tres momias repatriadas del Vaticano - Realidad Tur\u00edstica","robots":{"index":"index","follow":"follow","max-snippet":"max-snippet:-1","max-image-preview":"max-image-preview:large","max-video-preview":"max-video-preview:-1"},"canonical":"https:\/\/realidadturistica.com\/realtur\/peru-declara-patrimonio-cultural-de-la-nacion-a-tres-momias-repatriadas-del-vaticano\/","og_locale":"es_ES","og_type":"article","og_title":"Per\u00fa declara Patrimonio Cultural de la Naci\u00f3n a tres momias repatriadas del Vaticano","og_description":"Per\u00fa. El Ministerio de Cultura de Per\u00fa declar\u00f3 Patrimonio Cultural de la Naci\u00f3n a tres momias de origen prehisp\u00e1nico que fueron repatriadas del Vaticano, informaron&hellip;","og_url":"https:\/\/realidadturistica.com\/realtur\/peru-declara-patrimonio-cultural-de-la-nacion-a-tres-momias-repatriadas-del-vaticano\/","og_site_name":"Realidad Tur\u00edstica","article_publisher":"https:\/\/www.facebook.com\/realidadturistica","article_published_time":"2024-02-16T13:23:01+00:00","article_modified_time":"2024-02-16T13:23:02+00:00","og_image":[{"width":645,"height":363,"url":"https:\/\/realidadturistica.com\/realtur\/wp-content\/uploads\/2024\/02\/Peru-declara.jpg","type":"image\/jpeg"}],"author":"Editor","twitter_card":"summary_large_image","twitter_misc":{"Escrito por":"Editor","Tiempo de lectura":"2 minutos"},"schema":{"@context":"https:\/\/schema.org","@graph":[{"@type":"Article","@id":"https:\/\/realidadturistica.com\/realtur\/peru-declara-patrimonio-cultural-de-la-nacion-a-tres-momias-repatriadas-del-vaticano\/#article","isPartOf":{"@id":"https:\/\/realidadturistica.com\/realtur\/peru-declara-patrimonio-cultural-de-la-nacion-a-tres-momias-repatriadas-del-vaticano\/"},"author":{"name":"Editor","@id":"https:\/\/realidadturistica.com\/realtur\/#\/schema\/person\/ade671191202490fcf08ab21590de73e"},"headline":"Per\u00fa declara Patrimonio Cultural de la Naci\u00f3n a tres momias repatriadas del Vaticano","datePublished":"2024-02-16T13:23:01+00:00","dateModified":"2024-02-16T13:23:02+00:00","mainEntityOfPage":{"@id":"https:\/\/realidadturistica.com\/realtur\/peru-declara-patrimonio-cultural-de-la-nacion-a-tres-momias-repatriadas-del-vaticano\/"},"wordCount":259,"commentCount":0,"publisher":{"@id":"https:\/\/realidadturistica.com\/realtur\/#organization"},"image":{"@id":"https:\/\/realidadturistica.com\/realtur\/peru-declara-patrimonio-cultural-de-la-nacion-a-tres-momias-repatriadas-del-vaticano\/#primaryimage"},"thumbnailUrl":"https:\/\/realidadturistica.com\/realtur\/wp-content\/uploads\/2024\/02\/Peru-declara.jpg","articleSection":["Culturales"],"inLanguage":"es","potentialAction":[{"@type":"CommentAction","name":"Comment","target":["https:\/\/realidadturistica.com\/realtur\/peru-declara-patrimonio-cultural-de-la-nacion-a-tres-momias-repatriadas-del-vaticano\/#respond"]}]},{"@type":"WebPage","@id":"https:\/\/realidadturistica.com\/realtur\/peru-declara-patrimonio-cultural-de-la-nacion-a-tres-momias-repatriadas-del-vaticano\/","url":"https:\/\/realidadturistica.com\/realtur\/peru-declara-patrimonio-cultural-de-la-nacion-a-tres-momias-repatriadas-del-vaticano\/","name":"Per\u00fa declara Patrimonio Cultural de la Naci\u00f3n a tres momias repatriadas del Vaticano - Realidad Tur\u00edstica","isPartOf":{"@id":"https:\/\/realidadturistica.com\/realtur\/#website"},"primaryImageOfPage":{"@id":"https:\/\/realidadturistica.com\/realtur\/peru-declara-patrimonio-cultural-de-la-nacion-a-tres-momias-repatriadas-del-vaticano\/#primaryimage"},"image":{"@id":"https:\/\/realidadturistica.com\/realtur\/peru-declara-patrimonio-cultural-de-la-nacion-a-tres-momias-repatriadas-del-vaticano\/#primaryimage"},"thumbnailUrl":"https:\/\/realidadturistica.com\/realtur\/wp-content\/uploads\/2024\/02\/Peru-declara.jpg","datePublished":"2024-02-16T13:23:01+00:00","dateModified":"2024-02-16T13:23:02+00:00","breadcrumb":{"@id":"https:\/\/realidadturistica.com\/realtur\/peru-declara-patrimonio-cultural-de-la-nacion-a-tres-momias-repatriadas-del-vaticano\/#breadcrumb"},"inLanguage":"es","potentialAction":[{"@type":"ReadAction","target":["https:\/\/realidadturistica.com\/realtur\/peru-declara-patrimonio-cultural-de-la-nacion-a-tres-momias-repatriadas-del-vaticano\/"]}]},{"@type":"ImageObject","inLanguage":"es","@id":"https:\/\/realidadturistica.com\/realtur\/peru-declara-patrimonio-cultural-de-la-nacion-a-tres-momias-repatriadas-del-vaticano\/#primaryimage","url":"https:\/\/realidadturistica.com\/realtur\/wp-content\/uploads\/2024\/02\/Peru-declara.jpg","contentUrl":"https:\/\/realidadturistica.com\/realtur\/wp-content\/uploads\/2024\/02\/Peru-declara.jpg","width":645,"height":363},{"@type":"BreadcrumbList","@id":"https:\/\/realidadturistica.com\/realtur\/peru-declara-patrimonio-cultural-de-la-nacion-a-tres-momias-repatriadas-del-vaticano\/#breadcrumb","itemListElement":[{"@type":"ListItem","position":1,"name":"Portada","item":"https:\/\/realidadturistica.com\/realtur\/"},{"@type":"ListItem","position":2,"name":"Per\u00fa declara Patrimonio Cultural de la Naci\u00f3n a tres momias repatriadas del Vaticano"}]},{"@type":"WebSite","@id":"https:\/\/realidadturistica.com\/realtur\/#website","url":"https:\/\/realidadturistica.com\/realtur\/","name":"Realidad Tur\u00edstica","description":"","publisher":{"@id":"https:\/\/realidadturistica.com\/realtur\/#organization"},"potentialAction":[{"@type":"SearchAction","target":{"@type":"EntryPoint","urlTemplate":"https:\/\/realidadturistica.com\/realtur\/?s={search_term_string}"},"query-input":{"@type":"PropertyValueSpecification","valueRequired":true,"valueName":"search_term_string"}}],"inLanguage":"es"},{"@type":"Organization","@id":"https:\/\/realidadturistica.com\/realtur\/#organization","name":"Realidad Tur\u00edstica","url":"https:\/\/realidadturistica.com\/realtur\/","logo":{"@type":"ImageObject","inLanguage":"es","@id":"https:\/\/realidadturistica.com\/realtur\/#\/schema\/logo\/image\/","url":"https:\/\/realidadturistica.com\/realtur\/wp-content\/uploads\/2021\/12\/logotipo-realidad-turistica.png","contentUrl":"https:\/\/realidadturistica.com\/realtur\/wp-content\/uploads\/2021\/12\/logotipo-realidad-turistica.png","width":1382,"height":629,"caption":"Realidad Tur\u00edstica"},"image":{"@id":"https:\/\/realidadturistica.com\/realtur\/#\/schema\/logo\/image\/"},"sameAs":["https:\/\/www.facebook.com\/realidadturistica","https:\/\/www.instagram.com\/realidad_turistica\/"]},{"@type":"Person","@id":"https:\/\/realidadturistica.com\/realtur\/#\/schema\/person\/ade671191202490fcf08ab21590de73e","name":"Editor","image":{"@type":"ImageObject","inLanguage":"es","@id":"https:\/\/realidadturistica.com\/realtur\/wp-content\/uploads\/2023\/09\/Editor_avatar_1693668634-96x96.png","url":"https:\/\/realidadturistica.com\/realtur\/wp-content\/uploads\/2023\/09\/Editor_avatar_1693668634-96x96.png","contentUrl":"https:\/\/realidadturistica.com\/realtur\/wp-content\/uploads\/2023\/09\/Editor_avatar_1693668634-96x96.png","caption":"Editor"},"sameAs":["https:\/\/realidadturistica.com\/realtur"],"url":"https:\/\/realidadturistica.com\/realtur\/author\/editor2\/"}]}},"_links":{"self":[{"href":"https:\/\/realidadturistica.com\/realtur\/wp-json\/wp\/v2\/posts\/6494","targetHints":{"allow":["GET"]}}],"collection":[{"href":"https:\/\/realidadturistica.com\/realtur\/wp-json\/wp\/v2\/posts"}],"about":[{"href":"https:\/\/realidadturistica.com\/realtur\/wp-json\/wp\/v2\/types\/post"}],"author":[{"embeddable":true,"href":"https:\/\/realidadturistica.com\/realtur\/wp-json\/wp\/v2\/users\/2"}],"replies":[{"embeddable":true,"href":"https:\/\/realidadturistica.com\/realtur\/wp-json\/wp\/v2\/comments?post=6494"}],"version-history":[{"count":1,"href":"https:\/\/realidadturistica.com\/realtur\/wp-json\/wp\/v2\/posts\/6494\/revisions"}],"predecessor-version":[{"id":6496,"href":"https:\/\/realidadturistica.com\/realtur\/wp-json\/wp\/v2\/posts\/6494\/revisions\/6496"}],"wp:featuredmedia":[{"embeddable":true,"href":"https:\/\/realidadturistica.com\/realtur\/wp-json\/wp\/v2\/media\/6495"}],"wp:attachment":[{"href":"https:\/\/realidadturistica.com\/realtur\/wp-json\/wp\/v2\/media?parent=6494"}],"wp:term":[{"taxonomy":"category","embeddable":true,"href":"https:\/\/realidadturistica.com\/realtur\/wp-json\/wp\/v2\/categories?post=6494"},{"taxonomy":"post_tag","embeddable":true,"href":"https:\/\/realidadturistica.com\/realtur\/wp-json\/wp\/v2\/tags?post=6494"}],"curies":[{"name":"wp","href":"https:\/\/api.w.org\/{rel}","templated":true}]}}