{"id":6618,"date":"2024-03-03T14:46:17","date_gmt":"2024-03-03T14:46:17","guid":{"rendered":"https:\/\/realidadturistica.com\/realtur\/?p=6618"},"modified":"2024-03-03T14:46:21","modified_gmt":"2024-03-03T14:46:21","slug":"andalucia-aprovecha-itb-para-prolongar-la-ola-creciente-del-turismo-aleman","status":"publish","type":"post","link":"https:\/\/realidadturistica.com\/realtur\/andalucia-aprovecha-itb-para-prolongar-la-ola-creciente-del-turismo-aleman\/","title":{"rendered":"Andaluc\u00eda aprovecha ITB para prolongar la ola creciente del turismo alem\u00e1n"},"content":{"rendered":"\n<p class=\"yoast-reading-time__wrapper\"><span class=\"yoast-reading-time__icon\"><svg aria-hidden=\"true\" focusable=\"false\" data-icon=\"clock\" width=\"20\" height=\"20\" fill=\"none\" stroke=\"currentColor\" style=\"display:inline-block;vertical-align:-0.1em\" role=\"img\" xmlns=\"http:\/\/www.w3.org\/2000\/svg\" viewbox=\"0 0 24 24\"><path stroke-linecap=\"round\" stroke-linejoin=\"round\" stroke-width=\"2\" d=\"M12 8v4l3 3m6-3a9 9 0 11-18 0 9 9 0 0118 0z\"><\/path><\/svg><\/span><span class=\"yoast-reading-time__spacer\" style=\"display:inline-block;width:1em\"><\/span><span class=\"yoast-reading-time__descriptive-text\">Tiempo de lectura estimado:  <\/span><span class=\"yoast-reading-time__reading-time\">3<\/span><span class=\"yoast-reading-time__time-unit\"> minutos<\/span><\/p>\n\n\n\n<p>Espa\u00f1a. El consejero de Turismo, Cultura y Deporte, Arturo Bernal, ha marcado como objetivo del destino Andaluc\u00eda prolongar el crecimiento del mercado alem\u00e1n en la comunidad, uno de sus principales emisores internacionales, que ya experiment\u00f3 un incremento del 17% en el n\u00famero de turistas llegados a la regi\u00f3n durante el pasado a\u00f1o 2023.<\/p>\n\n\n\n<p>Bernal ha presentado este jueves en Almer\u00eda la estrategia del destino en la feria ITB Berl\u00edn, que se celebra la pr\u00f3xima semana en la capital germana y a la que la comunidad andaluza acude con una ambiciosa apuesta centrada en la profesionalizaci\u00f3n y en la generaci\u00f3n de negocio, incidiendo en los encuentros con aerol\u00edneas y operadores para captar nuevas conexiones que permitan aumentar la cuota de mercado.<\/p>\n\n\n\n<p>Andaluc\u00eda contar\u00e1 en la feria berlinesa con un expositor propio de 522 metros cuadrados, una superficie mayor que en anteriores ediciones, en el que destacar\u00e1 la zona de trabajo con la presencia de 48 empresas de la regi\u00f3n, un 34% m\u00e1s que el pasado a\u00f1o en este mismo certamen.<\/p>\n\n\n\n<p>Bernal ha asegurado que la regi\u00f3n se presentar\u00e1 en el encuentro tur\u00edstico \u201ccomo una comunidad que no deja de sorprender, que busca la emoci\u00f3n y la diferenciaci\u00f3n\u201d. \u201cUn destino l\u00edder con una oferta compacta e integrada que re\u00fane multitud de atractivos\u201d, ha expresado.<\/p>\n\n\n\n<p>Andaluc\u00eda atrae al turista alem\u00e1n a base de vino y flamenco | Foto: Diego DelsoCopyrightCC BY SA 4.0<\/p>\n\n\n\n<p>Esta oferta \u201cmultiplica el atractivo para el mercado internacional y, especialmente en estas jornadas, para Alemania\u201d, emisor que super\u00f3 el mill\u00f3n de turistas en 2023, un 17% m\u00e1s que en el a\u00f1o anterior; y registr\u00f3 3,2 millones de pernoctaciones hoteleras, lo que supone un aumento cercano al 20%.<\/p>\n\n\n\n<p>El consejero ha valorado el potencial desestacionalizador de este mercado, al distribuir sus estancias durante todo el a\u00f1o, y ha marcado como objetivos \u201ccaptar nuevos turistas y distribuirlos mejor por el territorio\u201d. En 2023, los viajeros alemanes se movieron por 269 municipios andaluces, si bien concentraron sus pernoctaciones en 37 de ellos.<\/p>\n\n\n\n<p>En cuanto a la accesibilidad a\u00e9rea, ha afirmado que con la iniciativa andaluza de conectividad se pretende \u201cponer muy f\u00e1cil venir a Andaluc\u00eda al turista nacional y al internacional\u201d y ha valorado que ya en el primer cuatrimestre se prev\u00e9 un incremento del 26% en los asientos disponibles hacia la regi\u00f3n, con 648.000 plazas y 3.500 vuelos.<\/p>\n\n\n\n<p>Adem\u00e1s, tambi\u00e9n se avanzar\u00e1 en las acciones para generar impacto entre las nuevas generaciones de viajeros, objetivo que se suma a la \u201cpotente propuesta de Andaluc\u00eda\u201d en la feria, acorde a la relevancia de la plataforma l\u00edder del turismo en Europa con m\u00e1s de 90.000 profesionales en su \u00faltima edici\u00f3n.<\/p>\n\n\n\n<p>Entre las novedades para la ITB ha mencionado la presencia de Andaluc\u00eda Lab en el evento tecnol\u00f3gico Travel Tech, junto a cuatro empresas de la comunidad; as\u00ed como la participaci\u00f3n en el International Media Marketplace de Travmedia, cita que conecta a la industria tur\u00edstica con editores, periodistas y medios especializados.<\/p>\n\n\n\n<p>Fuente: Tourinews.<\/p>\n","protected":false},"excerpt":{"rendered":"<p>Espa\u00f1a. El consejero de Turismo, Cultura y Deporte, Arturo Bernal, ha marcado como objetivo del destino Andaluc\u00eda prolongar el crecimiento del mercado alem\u00e1n en la&hellip;<\/p>\n","protected":false},"author":2,"featured_media":6620,"comment_status":"open","ping_status":"closed","sticky":false,"template":"","format":"standard","meta":{"content-type":"","_lmt_disableupdate":"","_lmt_disable":"","footnotes":""},"categories":[6],"tags":[],"class_list":["post-6618","post","type-post","status-publish","format-standard","has-post-thumbnail","hentry","category-turismo"],"yoast_head":"<!-- This site is optimized with the Yoast SEO Premium plugin v27.4 (Yoast SEO v27.4) - https:\/\/yoast.com\/product\/yoast-seo-premium-wordpress\/ -->\n<title>Andaluc\u00eda aprovecha ITB para prolongar la ola creciente del turismo alem\u00e1n - Realidad Tur\u00edstica<\/title>\n<meta name=\"robots\" content=\"index, follow, max-snippet:-1, max-image-preview:large, max-video-preview:-1\" \/>\n<link rel=\"canonical\" href=\"https:\/\/realidadturistica.com\/realtur\/andalucia-aprovecha-itb-para-prolongar-la-ola-creciente-del-turismo-aleman\/\" \/>\n<meta property=\"og:locale\" content=\"es_ES\" \/>\n<meta property=\"og:type\" content=\"article\" \/>\n<meta property=\"og:title\" content=\"Andaluc\u00eda aprovecha ITB para prolongar la ola creciente del turismo alem\u00e1n\" \/>\n<meta property=\"og:description\" content=\"Espa\u00f1a. El consejero de Turismo, Cultura y Deporte, Arturo Bernal, ha marcado como objetivo del destino Andaluc\u00eda prolongar el crecimiento del mercado alem\u00e1n en la&hellip;\" \/>\n<meta property=\"og:url\" content=\"https:\/\/realidadturistica.com\/realtur\/andalucia-aprovecha-itb-para-prolongar-la-ola-creciente-del-turismo-aleman\/\" \/>\n<meta property=\"og:site_name\" content=\"Realidad Tur\u00edstica\" \/>\n<meta property=\"article:publisher\" content=\"https:\/\/www.facebook.com\/realidadturistica\" \/>\n<meta property=\"article:published_time\" content=\"2024-03-03T14:46:17+00:00\" \/>\n<meta property=\"article:modified_time\" content=\"2024-03-03T14:46:21+00:00\" \/>\n<meta property=\"og:image\" content=\"https:\/\/realidadturistica.com\/realtur\/wp-content\/uploads\/2024\/03\/Andalucia-aprovecha.jpg\" \/>\n\t<meta property=\"og:image:width\" content=\"732\" \/>\n\t<meta property=\"og:image:height\" content=\"400\" \/>\n\t<meta property=\"og:image:type\" content=\"image\/jpeg\" \/>\n<meta name=\"author\" content=\"Editor\" \/>\n<meta name=\"twitter:card\" content=\"summary_large_image\" \/>\n<meta name=\"twitter:label1\" content=\"Escrito por\" \/>\n\t<meta name=\"twitter:data1\" content=\"Editor\" \/>\n\t<meta name=\"twitter:label2\" content=\"Tiempo de lectura\" \/>\n\t<meta name=\"twitter:data2\" content=\"3 minutos\" \/>\n<script type=\"application\/ld+json\" class=\"yoast-schema-graph\">{\"@context\":\"https:\\\/\\\/schema.org\",\"@graph\":[{\"@type\":\"Article\",\"@id\":\"https:\\\/\\\/realidadturistica.com\\\/realtur\\\/andalucia-aprovecha-itb-para-prolongar-la-ola-creciente-del-turismo-aleman\\\/#article\",\"isPartOf\":{\"@id\":\"https:\\\/\\\/realidadturistica.com\\\/realtur\\\/andalucia-aprovecha-itb-para-prolongar-la-ola-creciente-del-turismo-aleman\\\/\"},\"author\":{\"name\":\"Editor\",\"@id\":\"https:\\\/\\\/realidadturistica.com\\\/realtur\\\/#\\\/schema\\\/person\\\/ade671191202490fcf08ab21590de73e\"},\"headline\":\"Andaluc\u00eda aprovecha ITB para prolongar la ola creciente del turismo alem\u00e1n\",\"datePublished\":\"2024-03-03T14:46:17+00:00\",\"dateModified\":\"2024-03-03T14:46:21+00:00\",\"mainEntityOfPage\":{\"@id\":\"https:\\\/\\\/realidadturistica.com\\\/realtur\\\/andalucia-aprovecha-itb-para-prolongar-la-ola-creciente-del-turismo-aleman\\\/\"},\"wordCount\":531,\"commentCount\":0,\"publisher\":{\"@id\":\"https:\\\/\\\/realidadturistica.com\\\/realtur\\\/#organization\"},\"image\":{\"@id\":\"https:\\\/\\\/realidadturistica.com\\\/realtur\\\/andalucia-aprovecha-itb-para-prolongar-la-ola-creciente-del-turismo-aleman\\\/#primaryimage\"},\"thumbnailUrl\":\"https:\\\/\\\/realidadturistica.com\\\/realtur\\\/wp-content\\\/uploads\\\/2024\\\/03\\\/Andalucia-aprovecha.jpg\",\"articleSection\":[\"Turismo\"],\"inLanguage\":\"es\",\"potentialAction\":[{\"@type\":\"CommentAction\",\"name\":\"Comment\",\"target\":[\"https:\\\/\\\/realidadturistica.com\\\/realtur\\\/andalucia-aprovecha-itb-para-prolongar-la-ola-creciente-del-turismo-aleman\\\/#respond\"]}]},{\"@type\":\"WebPage\",\"@id\":\"https:\\\/\\\/realidadturistica.com\\\/realtur\\\/andalucia-aprovecha-itb-para-prolongar-la-ola-creciente-del-turismo-aleman\\\/\",\"url\":\"https:\\\/\\\/realidadturistica.com\\\/realtur\\\/andalucia-aprovecha-itb-para-prolongar-la-ola-creciente-del-turismo-aleman\\\/\",\"name\":\"Andaluc\u00eda aprovecha ITB para prolongar la ola creciente del turismo alem\u00e1n - Realidad Tur\u00edstica\",\"isPartOf\":{\"@id\":\"https:\\\/\\\/realidadturistica.com\\\/realtur\\\/#website\"},\"primaryImageOfPage\":{\"@id\":\"https:\\\/\\\/realidadturistica.com\\\/realtur\\\/andalucia-aprovecha-itb-para-prolongar-la-ola-creciente-del-turismo-aleman\\\/#primaryimage\"},\"image\":{\"@id\":\"https:\\\/\\\/realidadturistica.com\\\/realtur\\\/andalucia-aprovecha-itb-para-prolongar-la-ola-creciente-del-turismo-aleman\\\/#primaryimage\"},\"thumbnailUrl\":\"https:\\\/\\\/realidadturistica.com\\\/realtur\\\/wp-content\\\/uploads\\\/2024\\\/03\\\/Andalucia-aprovecha.jpg\",\"datePublished\":\"2024-03-03T14:46:17+00:00\",\"dateModified\":\"2024-03-03T14:46:21+00:00\",\"breadcrumb\":{\"@id\":\"https:\\\/\\\/realidadturistica.com\\\/realtur\\\/andalucia-aprovecha-itb-para-prolongar-la-ola-creciente-del-turismo-aleman\\\/#breadcrumb\"},\"inLanguage\":\"es\",\"potentialAction\":[{\"@type\":\"ReadAction\",\"target\":[\"https:\\\/\\\/realidadturistica.com\\\/realtur\\\/andalucia-aprovecha-itb-para-prolongar-la-ola-creciente-del-turismo-aleman\\\/\"]}]},{\"@type\":\"ImageObject\",\"inLanguage\":\"es\",\"@id\":\"https:\\\/\\\/realidadturistica.com\\\/realtur\\\/andalucia-aprovecha-itb-para-prolongar-la-ola-creciente-del-turismo-aleman\\\/#primaryimage\",\"url\":\"https:\\\/\\\/realidadturistica.com\\\/realtur\\\/wp-content\\\/uploads\\\/2024\\\/03\\\/Andalucia-aprovecha.jpg\",\"contentUrl\":\"https:\\\/\\\/realidadturistica.com\\\/realtur\\\/wp-content\\\/uploads\\\/2024\\\/03\\\/Andalucia-aprovecha.jpg\",\"width\":732,\"height\":400},{\"@type\":\"BreadcrumbList\",\"@id\":\"https:\\\/\\\/realidadturistica.com\\\/realtur\\\/andalucia-aprovecha-itb-para-prolongar-la-ola-creciente-del-turismo-aleman\\\/#breadcrumb\",\"itemListElement\":[{\"@type\":\"ListItem\",\"position\":1,\"name\":\"Portada\",\"item\":\"https:\\\/\\\/realidadturistica.com\\\/realtur\\\/\"},{\"@type\":\"ListItem\",\"position\":2,\"name\":\"Andaluc\u00eda aprovecha ITB para prolongar la ola creciente del turismo alem\u00e1n\"}]},{\"@type\":\"WebSite\",\"@id\":\"https:\\\/\\\/realidadturistica.com\\\/realtur\\\/#website\",\"url\":\"https:\\\/\\\/realidadturistica.com\\\/realtur\\\/\",\"name\":\"Realidad Tur\u00edstica\",\"description\":\"\",\"publisher\":{\"@id\":\"https:\\\/\\\/realidadturistica.com\\\/realtur\\\/#organization\"},\"potentialAction\":[{\"@type\":\"SearchAction\",\"target\":{\"@type\":\"EntryPoint\",\"urlTemplate\":\"https:\\\/\\\/realidadturistica.com\\\/realtur\\\/?s={search_term_string}\"},\"query-input\":{\"@type\":\"PropertyValueSpecification\",\"valueRequired\":true,\"valueName\":\"search_term_string\"}}],\"inLanguage\":\"es\"},{\"@type\":\"Organization\",\"@id\":\"https:\\\/\\\/realidadturistica.com\\\/realtur\\\/#organization\",\"name\":\"Realidad Tur\u00edstica\",\"url\":\"https:\\\/\\\/realidadturistica.com\\\/realtur\\\/\",\"logo\":{\"@type\":\"ImageObject\",\"inLanguage\":\"es\",\"@id\":\"https:\\\/\\\/realidadturistica.com\\\/realtur\\\/#\\\/schema\\\/logo\\\/image\\\/\",\"url\":\"https:\\\/\\\/realidadturistica.com\\\/realtur\\\/wp-content\\\/uploads\\\/2021\\\/12\\\/logotipo-realidad-turistica.png\",\"contentUrl\":\"https:\\\/\\\/realidadturistica.com\\\/realtur\\\/wp-content\\\/uploads\\\/2021\\\/12\\\/logotipo-realidad-turistica.png\",\"width\":1382,\"height\":629,\"caption\":\"Realidad Tur\u00edstica\"},\"image\":{\"@id\":\"https:\\\/\\\/realidadturistica.com\\\/realtur\\\/#\\\/schema\\\/logo\\\/image\\\/\"},\"sameAs\":[\"https:\\\/\\\/www.facebook.com\\\/realidadturistica\",\"https:\\\/\\\/www.instagram.com\\\/realidad_turistica\\\/\"]},{\"@type\":\"Person\",\"@id\":\"https:\\\/\\\/realidadturistica.com\\\/realtur\\\/#\\\/schema\\\/person\\\/ade671191202490fcf08ab21590de73e\",\"name\":\"Editor\",\"image\":{\"@type\":\"ImageObject\",\"inLanguage\":\"es\",\"@id\":\"https:\\\/\\\/realidadturistica.com\\\/realtur\\\/wp-content\\\/uploads\\\/2023\\\/09\\\/Editor_avatar_1693668634-96x96.png\",\"url\":\"https:\\\/\\\/realidadturistica.com\\\/realtur\\\/wp-content\\\/uploads\\\/2023\\\/09\\\/Editor_avatar_1693668634-96x96.png\",\"contentUrl\":\"https:\\\/\\\/realidadturistica.com\\\/realtur\\\/wp-content\\\/uploads\\\/2023\\\/09\\\/Editor_avatar_1693668634-96x96.png\",\"caption\":\"Editor\"},\"sameAs\":[\"https:\\\/\\\/realidadturistica.com\\\/realtur\"],\"url\":\"https:\\\/\\\/realidadturistica.com\\\/realtur\\\/author\\\/editor2\\\/\"}]}<\/script>\n<!-- \/ Yoast SEO Premium plugin. -->","yoast_head_json":{"title":"Andaluc\u00eda aprovecha ITB para prolongar la ola creciente del turismo alem\u00e1n - Realidad Tur\u00edstica","robots":{"index":"index","follow":"follow","max-snippet":"max-snippet:-1","max-image-preview":"max-image-preview:large","max-video-preview":"max-video-preview:-1"},"canonical":"https:\/\/realidadturistica.com\/realtur\/andalucia-aprovecha-itb-para-prolongar-la-ola-creciente-del-turismo-aleman\/","og_locale":"es_ES","og_type":"article","og_title":"Andaluc\u00eda aprovecha ITB para prolongar la ola creciente del turismo alem\u00e1n","og_description":"Espa\u00f1a. El consejero de Turismo, Cultura y Deporte, Arturo Bernal, ha marcado como objetivo del destino Andaluc\u00eda prolongar el crecimiento del mercado alem\u00e1n en la&hellip;","og_url":"https:\/\/realidadturistica.com\/realtur\/andalucia-aprovecha-itb-para-prolongar-la-ola-creciente-del-turismo-aleman\/","og_site_name":"Realidad Tur\u00edstica","article_publisher":"https:\/\/www.facebook.com\/realidadturistica","article_published_time":"2024-03-03T14:46:17+00:00","article_modified_time":"2024-03-03T14:46:21+00:00","og_image":[{"width":732,"height":400,"url":"https:\/\/realidadturistica.com\/realtur\/wp-content\/uploads\/2024\/03\/Andalucia-aprovecha.jpg","type":"image\/jpeg"}],"author":"Editor","twitter_card":"summary_large_image","twitter_misc":{"Escrito por":"Editor","Tiempo de lectura":"3 minutos"},"schema":{"@context":"https:\/\/schema.org","@graph":[{"@type":"Article","@id":"https:\/\/realidadturistica.com\/realtur\/andalucia-aprovecha-itb-para-prolongar-la-ola-creciente-del-turismo-aleman\/#article","isPartOf":{"@id":"https:\/\/realidadturistica.com\/realtur\/andalucia-aprovecha-itb-para-prolongar-la-ola-creciente-del-turismo-aleman\/"},"author":{"name":"Editor","@id":"https:\/\/realidadturistica.com\/realtur\/#\/schema\/person\/ade671191202490fcf08ab21590de73e"},"headline":"Andaluc\u00eda aprovecha ITB para prolongar la ola creciente del turismo alem\u00e1n","datePublished":"2024-03-03T14:46:17+00:00","dateModified":"2024-03-03T14:46:21+00:00","mainEntityOfPage":{"@id":"https:\/\/realidadturistica.com\/realtur\/andalucia-aprovecha-itb-para-prolongar-la-ola-creciente-del-turismo-aleman\/"},"wordCount":531,"commentCount":0,"publisher":{"@id":"https:\/\/realidadturistica.com\/realtur\/#organization"},"image":{"@id":"https:\/\/realidadturistica.com\/realtur\/andalucia-aprovecha-itb-para-prolongar-la-ola-creciente-del-turismo-aleman\/#primaryimage"},"thumbnailUrl":"https:\/\/realidadturistica.com\/realtur\/wp-content\/uploads\/2024\/03\/Andalucia-aprovecha.jpg","articleSection":["Turismo"],"inLanguage":"es","potentialAction":[{"@type":"CommentAction","name":"Comment","target":["https:\/\/realidadturistica.com\/realtur\/andalucia-aprovecha-itb-para-prolongar-la-ola-creciente-del-turismo-aleman\/#respond"]}]},{"@type":"WebPage","@id":"https:\/\/realidadturistica.com\/realtur\/andalucia-aprovecha-itb-para-prolongar-la-ola-creciente-del-turismo-aleman\/","url":"https:\/\/realidadturistica.com\/realtur\/andalucia-aprovecha-itb-para-prolongar-la-ola-creciente-del-turismo-aleman\/","name":"Andaluc\u00eda aprovecha ITB para prolongar la ola creciente del turismo alem\u00e1n - Realidad Tur\u00edstica","isPartOf":{"@id":"https:\/\/realidadturistica.com\/realtur\/#website"},"primaryImageOfPage":{"@id":"https:\/\/realidadturistica.com\/realtur\/andalucia-aprovecha-itb-para-prolongar-la-ola-creciente-del-turismo-aleman\/#primaryimage"},"image":{"@id":"https:\/\/realidadturistica.com\/realtur\/andalucia-aprovecha-itb-para-prolongar-la-ola-creciente-del-turismo-aleman\/#primaryimage"},"thumbnailUrl":"https:\/\/realidadturistica.com\/realtur\/wp-content\/uploads\/2024\/03\/Andalucia-aprovecha.jpg","datePublished":"2024-03-03T14:46:17+00:00","dateModified":"2024-03-03T14:46:21+00:00","breadcrumb":{"@id":"https:\/\/realidadturistica.com\/realtur\/andalucia-aprovecha-itb-para-prolongar-la-ola-creciente-del-turismo-aleman\/#breadcrumb"},"inLanguage":"es","potentialAction":[{"@type":"ReadAction","target":["https:\/\/realidadturistica.com\/realtur\/andalucia-aprovecha-itb-para-prolongar-la-ola-creciente-del-turismo-aleman\/"]}]},{"@type":"ImageObject","inLanguage":"es","@id":"https:\/\/realidadturistica.com\/realtur\/andalucia-aprovecha-itb-para-prolongar-la-ola-creciente-del-turismo-aleman\/#primaryimage","url":"https:\/\/realidadturistica.com\/realtur\/wp-content\/uploads\/2024\/03\/Andalucia-aprovecha.jpg","contentUrl":"https:\/\/realidadturistica.com\/realtur\/wp-content\/uploads\/2024\/03\/Andalucia-aprovecha.jpg","width":732,"height":400},{"@type":"BreadcrumbList","@id":"https:\/\/realidadturistica.com\/realtur\/andalucia-aprovecha-itb-para-prolongar-la-ola-creciente-del-turismo-aleman\/#breadcrumb","itemListElement":[{"@type":"ListItem","position":1,"name":"Portada","item":"https:\/\/realidadturistica.com\/realtur\/"},{"@type":"ListItem","position":2,"name":"Andaluc\u00eda aprovecha ITB para prolongar la ola creciente del turismo alem\u00e1n"}]},{"@type":"WebSite","@id":"https:\/\/realidadturistica.com\/realtur\/#website","url":"https:\/\/realidadturistica.com\/realtur\/","name":"Realidad Tur\u00edstica","description":"","publisher":{"@id":"https:\/\/realidadturistica.com\/realtur\/#organization"},"potentialAction":[{"@type":"SearchAction","target":{"@type":"EntryPoint","urlTemplate":"https:\/\/realidadturistica.com\/realtur\/?s={search_term_string}"},"query-input":{"@type":"PropertyValueSpecification","valueRequired":true,"valueName":"search_term_string"}}],"inLanguage":"es"},{"@type":"Organization","@id":"https:\/\/realidadturistica.com\/realtur\/#organization","name":"Realidad Tur\u00edstica","url":"https:\/\/realidadturistica.com\/realtur\/","logo":{"@type":"ImageObject","inLanguage":"es","@id":"https:\/\/realidadturistica.com\/realtur\/#\/schema\/logo\/image\/","url":"https:\/\/realidadturistica.com\/realtur\/wp-content\/uploads\/2021\/12\/logotipo-realidad-turistica.png","contentUrl":"https:\/\/realidadturistica.com\/realtur\/wp-content\/uploads\/2021\/12\/logotipo-realidad-turistica.png","width":1382,"height":629,"caption":"Realidad Tur\u00edstica"},"image":{"@id":"https:\/\/realidadturistica.com\/realtur\/#\/schema\/logo\/image\/"},"sameAs":["https:\/\/www.facebook.com\/realidadturistica","https:\/\/www.instagram.com\/realidad_turistica\/"]},{"@type":"Person","@id":"https:\/\/realidadturistica.com\/realtur\/#\/schema\/person\/ade671191202490fcf08ab21590de73e","name":"Editor","image":{"@type":"ImageObject","inLanguage":"es","@id":"https:\/\/realidadturistica.com\/realtur\/wp-content\/uploads\/2023\/09\/Editor_avatar_1693668634-96x96.png","url":"https:\/\/realidadturistica.com\/realtur\/wp-content\/uploads\/2023\/09\/Editor_avatar_1693668634-96x96.png","contentUrl":"https:\/\/realidadturistica.com\/realtur\/wp-content\/uploads\/2023\/09\/Editor_avatar_1693668634-96x96.png","caption":"Editor"},"sameAs":["https:\/\/realidadturistica.com\/realtur"],"url":"https:\/\/realidadturistica.com\/realtur\/author\/editor2\/"}]}},"_links":{"self":[{"href":"https:\/\/realidadturistica.com\/realtur\/wp-json\/wp\/v2\/posts\/6618","targetHints":{"allow":["GET"]}}],"collection":[{"href":"https:\/\/realidadturistica.com\/realtur\/wp-json\/wp\/v2\/posts"}],"about":[{"href":"https:\/\/realidadturistica.com\/realtur\/wp-json\/wp\/v2\/types\/post"}],"author":[{"embeddable":true,"href":"https:\/\/realidadturistica.com\/realtur\/wp-json\/wp\/v2\/users\/2"}],"replies":[{"embeddable":true,"href":"https:\/\/realidadturistica.com\/realtur\/wp-json\/wp\/v2\/comments?post=6618"}],"version-history":[{"count":2,"href":"https:\/\/realidadturistica.com\/realtur\/wp-json\/wp\/v2\/posts\/6618\/revisions"}],"predecessor-version":[{"id":6621,"href":"https:\/\/realidadturistica.com\/realtur\/wp-json\/wp\/v2\/posts\/6618\/revisions\/6621"}],"wp:featuredmedia":[{"embeddable":true,"href":"https:\/\/realidadturistica.com\/realtur\/wp-json\/wp\/v2\/media\/6620"}],"wp:attachment":[{"href":"https:\/\/realidadturistica.com\/realtur\/wp-json\/wp\/v2\/media?parent=6618"}],"wp:term":[{"taxonomy":"category","embeddable":true,"href":"https:\/\/realidadturistica.com\/realtur\/wp-json\/wp\/v2\/categories?post=6618"},{"taxonomy":"post_tag","embeddable":true,"href":"https:\/\/realidadturistica.com\/realtur\/wp-json\/wp\/v2\/tags?post=6618"}],"curies":[{"name":"wp","href":"https:\/\/api.w.org\/{rel}","templated":true}]}}