{"id":6740,"date":"2024-03-12T10:45:50","date_gmt":"2024-03-12T10:45:50","guid":{"rendered":"https:\/\/realidadturistica.com\/realtur\/?p=6740"},"modified":"2024-03-12T10:45:52","modified_gmt":"2024-03-12T10:45:52","slug":"se-incumplen-las-expectativas-de-los-hoteleros-de-playa-de-palma-mallorca-para-el-inicio-de-temporada","status":"publish","type":"post","link":"https:\/\/realidadturistica.com\/realtur\/se-incumplen-las-expectativas-de-los-hoteleros-de-playa-de-palma-mallorca-para-el-inicio-de-temporada\/","title":{"rendered":"Se incumplen las expectativas de los hoteleros de Playa de Palma (Mallorca) para el inicio de temporada"},"content":{"rendered":"\n<p class=\"yoast-reading-time__wrapper\"><span class=\"yoast-reading-time__icon\"><svg aria-hidden=\"true\" focusable=\"false\" data-icon=\"clock\" width=\"20\" height=\"20\" fill=\"none\" stroke=\"currentColor\" style=\"display:inline-block;vertical-align:-0.1em\" role=\"img\" xmlns=\"http:\/\/www.w3.org\/2000\/svg\" viewbox=\"0 0 24 24\"><path stroke-linecap=\"round\" stroke-linejoin=\"round\" stroke-width=\"2\" d=\"M12 8v4l3 3m6-3a9 9 0 11-18 0 9 9 0 0118 0z\"><\/path><\/svg><\/span><span class=\"yoast-reading-time__spacer\" style=\"display:inline-block;width:1em\"><\/span><span class=\"yoast-reading-time__descriptive-text\">Tiempo de lectura estimado:  <\/span><span class=\"yoast-reading-time__reading-time\">2<\/span><span class=\"yoast-reading-time__time-unit\"> minutos<\/span><\/p>\n\n\n\n<p>Espa\u00f1a. Los hoteleros de Playa de Palma (Mallorca) rebajan las expectativas para los inicios de la temporada alta de este a\u00f1o. \u201cLa idea de que el 2024 iba a ser espectacular en cuanto a ocupaci\u00f3n tur\u00edstica se refiere no lo veo tan claro, como mucho, se igualar\u00e1n las cifras de 2023\u201d, ha afirmado el presidente de la Asociaci\u00f3n de Hoteleros Playa de Palma (AHPP), Pedro Mar\u00edn.<\/p>\n\n\n\n<p>Las previsiones vaticinaban que por estas fechas las reservas se encontrar\u00edan entre siete u ocho puntos por encima de las del a\u00f1o pasado. No obstante, Mar\u00edn explica que actualmente las reservas se encuentran dos puntos por debajo de lo esperado y que despu\u00e9s de la Semana Santa \u2014es decir, durante la primera quincena de abril\u2014 experimentan un baj\u00f3n. Asimismo, el presidente de la patronal advierte que aquellos hoteles que quieran permanecer abiertos durante ese periodo tendr\u00e1n que hacerlo con \u201cofertas muy agresivas\u201d.<\/p>\n\n\n\n<p>Tampoco se cumplir\u00e1 a rajatabla el n\u00famero de hoteles que estar\u00e1n abiertos ya en marzo. Se esperaba que fuese el 35% del total de la planta hotelera de Playa de Palma. Sin embargo, Mar\u00edn ha adelantado que la cifra no se cumplir\u00e1, ya que hay cinco hoteles que no abrir\u00e1n debido a cancelaciones de \u00faltima hora, por lo que posponen su apertura para el mes de abril.<\/p>\n\n\n\n<p>Entre las posibles causas de esta repentina cautela, Mar\u00edn ha destacado el encarecimiento de los billetes de avi\u00f3n, sobre todo desde Alemania, principal mercado tur\u00edstico de la zona. \u201cEspecialmente desde ciudades como Berl\u00edn, Colonia y D\u00fcsseldorf, que se han vuelto casi un 50% m\u00e1s caros en comparaci\u00f3n con el a\u00f1o anterior\u201d, ha detallado el presidente de la patronal a Mallorcadiario.com.<\/p>\n\n\n\n<p>Fuente: Tourinews.<\/p>\n","protected":false},"excerpt":{"rendered":"<p>Espa\u00f1a. Los hoteleros de Playa de Palma (Mallorca) rebajan las expectativas para los inicios de la temporada alta de este a\u00f1o. \u201cLa idea de que&hellip;<\/p>\n","protected":false},"author":2,"featured_media":6742,"comment_status":"open","ping_status":"closed","sticky":false,"template":"","format":"standard","meta":{"content-type":"","_lmt_disableupdate":"","_lmt_disable":"","footnotes":""},"categories":[6],"tags":[],"class_list":["post-6740","post","type-post","status-publish","format-standard","has-post-thumbnail","hentry","category-turismo"],"yoast_head":"<!-- This site is optimized with the Yoast SEO Premium plugin v27.4 (Yoast SEO v27.5) - https:\/\/yoast.com\/product\/yoast-seo-premium-wordpress\/ -->\n<title>Se incumplen las expectativas de los hoteleros de Playa de Palma (Mallorca) para el inicio de temporada - Realidad Tur\u00edstica<\/title>\n<meta name=\"robots\" content=\"index, follow, max-snippet:-1, max-image-preview:large, max-video-preview:-1\" \/>\n<link rel=\"canonical\" href=\"https:\/\/realidadturistica.com\/realtur\/se-incumplen-las-expectativas-de-los-hoteleros-de-playa-de-palma-mallorca-para-el-inicio-de-temporada\/\" \/>\n<meta property=\"og:locale\" content=\"es_ES\" \/>\n<meta property=\"og:type\" content=\"article\" \/>\n<meta property=\"og:title\" content=\"Se incumplen las expectativas de los hoteleros de Playa de Palma (Mallorca) para el inicio de temporada\" \/>\n<meta property=\"og:description\" content=\"Espa\u00f1a. Los hoteleros de Playa de Palma (Mallorca) rebajan las expectativas para los inicios de la temporada alta de este a\u00f1o. \u201cLa idea de que&hellip;\" \/>\n<meta property=\"og:url\" content=\"https:\/\/realidadturistica.com\/realtur\/se-incumplen-las-expectativas-de-los-hoteleros-de-playa-de-palma-mallorca-para-el-inicio-de-temporada\/\" \/>\n<meta property=\"og:site_name\" content=\"Realidad Tur\u00edstica\" \/>\n<meta property=\"article:publisher\" content=\"https:\/\/www.facebook.com\/realidadturistica\" \/>\n<meta property=\"article:published_time\" content=\"2024-03-12T10:45:50+00:00\" \/>\n<meta property=\"article:modified_time\" content=\"2024-03-12T10:45:52+00:00\" \/>\n<meta property=\"og:image\" content=\"https:\/\/realidadturistica.com\/realtur\/wp-content\/uploads\/2024\/03\/Se-incumplen-las-expectativas.jpg\" \/>\n\t<meta property=\"og:image:width\" content=\"732\" \/>\n\t<meta property=\"og:image:height\" content=\"400\" \/>\n\t<meta property=\"og:image:type\" content=\"image\/jpeg\" \/>\n<meta name=\"author\" content=\"Editor\" \/>\n<meta name=\"twitter:card\" content=\"summary_large_image\" \/>\n<meta name=\"twitter:label1\" content=\"Escrito por\" \/>\n\t<meta name=\"twitter:data1\" content=\"Editor\" \/>\n\t<meta name=\"twitter:label2\" content=\"Tiempo de lectura\" \/>\n\t<meta name=\"twitter:data2\" content=\"2 minutos\" \/>\n<script type=\"application\/ld+json\" class=\"yoast-schema-graph\">{\"@context\":\"https:\\\/\\\/schema.org\",\"@graph\":[{\"@type\":\"Article\",\"@id\":\"https:\\\/\\\/realidadturistica.com\\\/realtur\\\/se-incumplen-las-expectativas-de-los-hoteleros-de-playa-de-palma-mallorca-para-el-inicio-de-temporada\\\/#article\",\"isPartOf\":{\"@id\":\"https:\\\/\\\/realidadturistica.com\\\/realtur\\\/se-incumplen-las-expectativas-de-los-hoteleros-de-playa-de-palma-mallorca-para-el-inicio-de-temporada\\\/\"},\"author\":{\"name\":\"Editor\",\"@id\":\"https:\\\/\\\/realidadturistica.com\\\/realtur\\\/#\\\/schema\\\/person\\\/ade671191202490fcf08ab21590de73e\"},\"headline\":\"Se incumplen las expectativas de los hoteleros de Playa de Palma (Mallorca) para el inicio de temporada\",\"datePublished\":\"2024-03-12T10:45:50+00:00\",\"dateModified\":\"2024-03-12T10:45:52+00:00\",\"mainEntityOfPage\":{\"@id\":\"https:\\\/\\\/realidadturistica.com\\\/realtur\\\/se-incumplen-las-expectativas-de-los-hoteleros-de-playa-de-palma-mallorca-para-el-inicio-de-temporada\\\/\"},\"wordCount\":321,\"commentCount\":0,\"publisher\":{\"@id\":\"https:\\\/\\\/realidadturistica.com\\\/realtur\\\/#organization\"},\"image\":{\"@id\":\"https:\\\/\\\/realidadturistica.com\\\/realtur\\\/se-incumplen-las-expectativas-de-los-hoteleros-de-playa-de-palma-mallorca-para-el-inicio-de-temporada\\\/#primaryimage\"},\"thumbnailUrl\":\"https:\\\/\\\/realidadturistica.com\\\/realtur\\\/wp-content\\\/uploads\\\/2024\\\/03\\\/Se-incumplen-las-expectativas.jpg\",\"articleSection\":[\"Turismo\"],\"inLanguage\":\"es\",\"potentialAction\":[{\"@type\":\"CommentAction\",\"name\":\"Comment\",\"target\":[\"https:\\\/\\\/realidadturistica.com\\\/realtur\\\/se-incumplen-las-expectativas-de-los-hoteleros-de-playa-de-palma-mallorca-para-el-inicio-de-temporada\\\/#respond\"]}]},{\"@type\":\"WebPage\",\"@id\":\"https:\\\/\\\/realidadturistica.com\\\/realtur\\\/se-incumplen-las-expectativas-de-los-hoteleros-de-playa-de-palma-mallorca-para-el-inicio-de-temporada\\\/\",\"url\":\"https:\\\/\\\/realidadturistica.com\\\/realtur\\\/se-incumplen-las-expectativas-de-los-hoteleros-de-playa-de-palma-mallorca-para-el-inicio-de-temporada\\\/\",\"name\":\"Se incumplen las expectativas de los hoteleros de Playa de Palma (Mallorca) para el inicio de temporada - Realidad Tur\u00edstica\",\"isPartOf\":{\"@id\":\"https:\\\/\\\/realidadturistica.com\\\/realtur\\\/#website\"},\"primaryImageOfPage\":{\"@id\":\"https:\\\/\\\/realidadturistica.com\\\/realtur\\\/se-incumplen-las-expectativas-de-los-hoteleros-de-playa-de-palma-mallorca-para-el-inicio-de-temporada\\\/#primaryimage\"},\"image\":{\"@id\":\"https:\\\/\\\/realidadturistica.com\\\/realtur\\\/se-incumplen-las-expectativas-de-los-hoteleros-de-playa-de-palma-mallorca-para-el-inicio-de-temporada\\\/#primaryimage\"},\"thumbnailUrl\":\"https:\\\/\\\/realidadturistica.com\\\/realtur\\\/wp-content\\\/uploads\\\/2024\\\/03\\\/Se-incumplen-las-expectativas.jpg\",\"datePublished\":\"2024-03-12T10:45:50+00:00\",\"dateModified\":\"2024-03-12T10:45:52+00:00\",\"breadcrumb\":{\"@id\":\"https:\\\/\\\/realidadturistica.com\\\/realtur\\\/se-incumplen-las-expectativas-de-los-hoteleros-de-playa-de-palma-mallorca-para-el-inicio-de-temporada\\\/#breadcrumb\"},\"inLanguage\":\"es\",\"potentialAction\":[{\"@type\":\"ReadAction\",\"target\":[\"https:\\\/\\\/realidadturistica.com\\\/realtur\\\/se-incumplen-las-expectativas-de-los-hoteleros-de-playa-de-palma-mallorca-para-el-inicio-de-temporada\\\/\"]}]},{\"@type\":\"ImageObject\",\"inLanguage\":\"es\",\"@id\":\"https:\\\/\\\/realidadturistica.com\\\/realtur\\\/se-incumplen-las-expectativas-de-los-hoteleros-de-playa-de-palma-mallorca-para-el-inicio-de-temporada\\\/#primaryimage\",\"url\":\"https:\\\/\\\/realidadturistica.com\\\/realtur\\\/wp-content\\\/uploads\\\/2024\\\/03\\\/Se-incumplen-las-expectativas.jpg\",\"contentUrl\":\"https:\\\/\\\/realidadturistica.com\\\/realtur\\\/wp-content\\\/uploads\\\/2024\\\/03\\\/Se-incumplen-las-expectativas.jpg\",\"width\":732,\"height\":400},{\"@type\":\"BreadcrumbList\",\"@id\":\"https:\\\/\\\/realidadturistica.com\\\/realtur\\\/se-incumplen-las-expectativas-de-los-hoteleros-de-playa-de-palma-mallorca-para-el-inicio-de-temporada\\\/#breadcrumb\",\"itemListElement\":[{\"@type\":\"ListItem\",\"position\":1,\"name\":\"Portada\",\"item\":\"https:\\\/\\\/realidadturistica.com\\\/realtur\\\/\"},{\"@type\":\"ListItem\",\"position\":2,\"name\":\"Se incumplen las expectativas de los hoteleros de Playa de Palma (Mallorca) para el inicio de temporada\"}]},{\"@type\":\"WebSite\",\"@id\":\"https:\\\/\\\/realidadturistica.com\\\/realtur\\\/#website\",\"url\":\"https:\\\/\\\/realidadturistica.com\\\/realtur\\\/\",\"name\":\"Realidad Tur\u00edstica\",\"description\":\"\",\"publisher\":{\"@id\":\"https:\\\/\\\/realidadturistica.com\\\/realtur\\\/#organization\"},\"potentialAction\":[{\"@type\":\"SearchAction\",\"target\":{\"@type\":\"EntryPoint\",\"urlTemplate\":\"https:\\\/\\\/realidadturistica.com\\\/realtur\\\/?s={search_term_string}\"},\"query-input\":{\"@type\":\"PropertyValueSpecification\",\"valueRequired\":true,\"valueName\":\"search_term_string\"}}],\"inLanguage\":\"es\"},{\"@type\":\"Organization\",\"@id\":\"https:\\\/\\\/realidadturistica.com\\\/realtur\\\/#organization\",\"name\":\"Realidad Tur\u00edstica\",\"url\":\"https:\\\/\\\/realidadturistica.com\\\/realtur\\\/\",\"logo\":{\"@type\":\"ImageObject\",\"inLanguage\":\"es\",\"@id\":\"https:\\\/\\\/realidadturistica.com\\\/realtur\\\/#\\\/schema\\\/logo\\\/image\\\/\",\"url\":\"https:\\\/\\\/realidadturistica.com\\\/realtur\\\/wp-content\\\/uploads\\\/2021\\\/12\\\/logotipo-realidad-turistica.png\",\"contentUrl\":\"https:\\\/\\\/realidadturistica.com\\\/realtur\\\/wp-content\\\/uploads\\\/2021\\\/12\\\/logotipo-realidad-turistica.png\",\"width\":1382,\"height\":629,\"caption\":\"Realidad Tur\u00edstica\"},\"image\":{\"@id\":\"https:\\\/\\\/realidadturistica.com\\\/realtur\\\/#\\\/schema\\\/logo\\\/image\\\/\"},\"sameAs\":[\"https:\\\/\\\/www.facebook.com\\\/realidadturistica\",\"https:\\\/\\\/www.instagram.com\\\/realidad_turistica\\\/\"]},{\"@type\":\"Person\",\"@id\":\"https:\\\/\\\/realidadturistica.com\\\/realtur\\\/#\\\/schema\\\/person\\\/ade671191202490fcf08ab21590de73e\",\"name\":\"Editor\",\"image\":{\"@type\":\"ImageObject\",\"inLanguage\":\"es\",\"@id\":\"https:\\\/\\\/realidadturistica.com\\\/realtur\\\/wp-content\\\/uploads\\\/2023\\\/09\\\/Editor_avatar_1693668634-96x96.png\",\"url\":\"https:\\\/\\\/realidadturistica.com\\\/realtur\\\/wp-content\\\/uploads\\\/2023\\\/09\\\/Editor_avatar_1693668634-96x96.png\",\"contentUrl\":\"https:\\\/\\\/realidadturistica.com\\\/realtur\\\/wp-content\\\/uploads\\\/2023\\\/09\\\/Editor_avatar_1693668634-96x96.png\",\"caption\":\"Editor\"},\"sameAs\":[\"https:\\\/\\\/realidadturistica.com\\\/realtur\"],\"url\":\"https:\\\/\\\/realidadturistica.com\\\/realtur\\\/author\\\/editor2\\\/\"}]}<\/script>\n<!-- \/ Yoast SEO Premium plugin. -->","yoast_head_json":{"title":"Se incumplen las expectativas de los hoteleros de Playa de Palma (Mallorca) para el inicio de temporada - Realidad Tur\u00edstica","robots":{"index":"index","follow":"follow","max-snippet":"max-snippet:-1","max-image-preview":"max-image-preview:large","max-video-preview":"max-video-preview:-1"},"canonical":"https:\/\/realidadturistica.com\/realtur\/se-incumplen-las-expectativas-de-los-hoteleros-de-playa-de-palma-mallorca-para-el-inicio-de-temporada\/","og_locale":"es_ES","og_type":"article","og_title":"Se incumplen las expectativas de los hoteleros de Playa de Palma (Mallorca) para el inicio de temporada","og_description":"Espa\u00f1a. Los hoteleros de Playa de Palma (Mallorca) rebajan las expectativas para los inicios de la temporada alta de este a\u00f1o. \u201cLa idea de que&hellip;","og_url":"https:\/\/realidadturistica.com\/realtur\/se-incumplen-las-expectativas-de-los-hoteleros-de-playa-de-palma-mallorca-para-el-inicio-de-temporada\/","og_site_name":"Realidad Tur\u00edstica","article_publisher":"https:\/\/www.facebook.com\/realidadturistica","article_published_time":"2024-03-12T10:45:50+00:00","article_modified_time":"2024-03-12T10:45:52+00:00","og_image":[{"width":732,"height":400,"url":"https:\/\/realidadturistica.com\/realtur\/wp-content\/uploads\/2024\/03\/Se-incumplen-las-expectativas.jpg","type":"image\/jpeg"}],"author":"Editor","twitter_card":"summary_large_image","twitter_misc":{"Escrito por":"Editor","Tiempo de lectura":"2 minutos"},"schema":{"@context":"https:\/\/schema.org","@graph":[{"@type":"Article","@id":"https:\/\/realidadturistica.com\/realtur\/se-incumplen-las-expectativas-de-los-hoteleros-de-playa-de-palma-mallorca-para-el-inicio-de-temporada\/#article","isPartOf":{"@id":"https:\/\/realidadturistica.com\/realtur\/se-incumplen-las-expectativas-de-los-hoteleros-de-playa-de-palma-mallorca-para-el-inicio-de-temporada\/"},"author":{"name":"Editor","@id":"https:\/\/realidadturistica.com\/realtur\/#\/schema\/person\/ade671191202490fcf08ab21590de73e"},"headline":"Se incumplen las expectativas de los hoteleros de Playa de Palma (Mallorca) para el inicio de temporada","datePublished":"2024-03-12T10:45:50+00:00","dateModified":"2024-03-12T10:45:52+00:00","mainEntityOfPage":{"@id":"https:\/\/realidadturistica.com\/realtur\/se-incumplen-las-expectativas-de-los-hoteleros-de-playa-de-palma-mallorca-para-el-inicio-de-temporada\/"},"wordCount":321,"commentCount":0,"publisher":{"@id":"https:\/\/realidadturistica.com\/realtur\/#organization"},"image":{"@id":"https:\/\/realidadturistica.com\/realtur\/se-incumplen-las-expectativas-de-los-hoteleros-de-playa-de-palma-mallorca-para-el-inicio-de-temporada\/#primaryimage"},"thumbnailUrl":"https:\/\/realidadturistica.com\/realtur\/wp-content\/uploads\/2024\/03\/Se-incumplen-las-expectativas.jpg","articleSection":["Turismo"],"inLanguage":"es","potentialAction":[{"@type":"CommentAction","name":"Comment","target":["https:\/\/realidadturistica.com\/realtur\/se-incumplen-las-expectativas-de-los-hoteleros-de-playa-de-palma-mallorca-para-el-inicio-de-temporada\/#respond"]}]},{"@type":"WebPage","@id":"https:\/\/realidadturistica.com\/realtur\/se-incumplen-las-expectativas-de-los-hoteleros-de-playa-de-palma-mallorca-para-el-inicio-de-temporada\/","url":"https:\/\/realidadturistica.com\/realtur\/se-incumplen-las-expectativas-de-los-hoteleros-de-playa-de-palma-mallorca-para-el-inicio-de-temporada\/","name":"Se incumplen las expectativas de los hoteleros de Playa de Palma (Mallorca) para el inicio de temporada - Realidad Tur\u00edstica","isPartOf":{"@id":"https:\/\/realidadturistica.com\/realtur\/#website"},"primaryImageOfPage":{"@id":"https:\/\/realidadturistica.com\/realtur\/se-incumplen-las-expectativas-de-los-hoteleros-de-playa-de-palma-mallorca-para-el-inicio-de-temporada\/#primaryimage"},"image":{"@id":"https:\/\/realidadturistica.com\/realtur\/se-incumplen-las-expectativas-de-los-hoteleros-de-playa-de-palma-mallorca-para-el-inicio-de-temporada\/#primaryimage"},"thumbnailUrl":"https:\/\/realidadturistica.com\/realtur\/wp-content\/uploads\/2024\/03\/Se-incumplen-las-expectativas.jpg","datePublished":"2024-03-12T10:45:50+00:00","dateModified":"2024-03-12T10:45:52+00:00","breadcrumb":{"@id":"https:\/\/realidadturistica.com\/realtur\/se-incumplen-las-expectativas-de-los-hoteleros-de-playa-de-palma-mallorca-para-el-inicio-de-temporada\/#breadcrumb"},"inLanguage":"es","potentialAction":[{"@type":"ReadAction","target":["https:\/\/realidadturistica.com\/realtur\/se-incumplen-las-expectativas-de-los-hoteleros-de-playa-de-palma-mallorca-para-el-inicio-de-temporada\/"]}]},{"@type":"ImageObject","inLanguage":"es","@id":"https:\/\/realidadturistica.com\/realtur\/se-incumplen-las-expectativas-de-los-hoteleros-de-playa-de-palma-mallorca-para-el-inicio-de-temporada\/#primaryimage","url":"https:\/\/realidadturistica.com\/realtur\/wp-content\/uploads\/2024\/03\/Se-incumplen-las-expectativas.jpg","contentUrl":"https:\/\/realidadturistica.com\/realtur\/wp-content\/uploads\/2024\/03\/Se-incumplen-las-expectativas.jpg","width":732,"height":400},{"@type":"BreadcrumbList","@id":"https:\/\/realidadturistica.com\/realtur\/se-incumplen-las-expectativas-de-los-hoteleros-de-playa-de-palma-mallorca-para-el-inicio-de-temporada\/#breadcrumb","itemListElement":[{"@type":"ListItem","position":1,"name":"Portada","item":"https:\/\/realidadturistica.com\/realtur\/"},{"@type":"ListItem","position":2,"name":"Se incumplen las expectativas de los hoteleros de Playa de Palma (Mallorca) para el inicio de temporada"}]},{"@type":"WebSite","@id":"https:\/\/realidadturistica.com\/realtur\/#website","url":"https:\/\/realidadturistica.com\/realtur\/","name":"Realidad Tur\u00edstica","description":"","publisher":{"@id":"https:\/\/realidadturistica.com\/realtur\/#organization"},"potentialAction":[{"@type":"SearchAction","target":{"@type":"EntryPoint","urlTemplate":"https:\/\/realidadturistica.com\/realtur\/?s={search_term_string}"},"query-input":{"@type":"PropertyValueSpecification","valueRequired":true,"valueName":"search_term_string"}}],"inLanguage":"es"},{"@type":"Organization","@id":"https:\/\/realidadturistica.com\/realtur\/#organization","name":"Realidad Tur\u00edstica","url":"https:\/\/realidadturistica.com\/realtur\/","logo":{"@type":"ImageObject","inLanguage":"es","@id":"https:\/\/realidadturistica.com\/realtur\/#\/schema\/logo\/image\/","url":"https:\/\/realidadturistica.com\/realtur\/wp-content\/uploads\/2021\/12\/logotipo-realidad-turistica.png","contentUrl":"https:\/\/realidadturistica.com\/realtur\/wp-content\/uploads\/2021\/12\/logotipo-realidad-turistica.png","width":1382,"height":629,"caption":"Realidad Tur\u00edstica"},"image":{"@id":"https:\/\/realidadturistica.com\/realtur\/#\/schema\/logo\/image\/"},"sameAs":["https:\/\/www.facebook.com\/realidadturistica","https:\/\/www.instagram.com\/realidad_turistica\/"]},{"@type":"Person","@id":"https:\/\/realidadturistica.com\/realtur\/#\/schema\/person\/ade671191202490fcf08ab21590de73e","name":"Editor","image":{"@type":"ImageObject","inLanguage":"es","@id":"https:\/\/realidadturistica.com\/realtur\/wp-content\/uploads\/2023\/09\/Editor_avatar_1693668634-96x96.png","url":"https:\/\/realidadturistica.com\/realtur\/wp-content\/uploads\/2023\/09\/Editor_avatar_1693668634-96x96.png","contentUrl":"https:\/\/realidadturistica.com\/realtur\/wp-content\/uploads\/2023\/09\/Editor_avatar_1693668634-96x96.png","caption":"Editor"},"sameAs":["https:\/\/realidadturistica.com\/realtur"],"url":"https:\/\/realidadturistica.com\/realtur\/author\/editor2\/"}]}},"_links":{"self":[{"href":"https:\/\/realidadturistica.com\/realtur\/wp-json\/wp\/v2\/posts\/6740","targetHints":{"allow":["GET"]}}],"collection":[{"href":"https:\/\/realidadturistica.com\/realtur\/wp-json\/wp\/v2\/posts"}],"about":[{"href":"https:\/\/realidadturistica.com\/realtur\/wp-json\/wp\/v2\/types\/post"}],"author":[{"embeddable":true,"href":"https:\/\/realidadturistica.com\/realtur\/wp-json\/wp\/v2\/users\/2"}],"replies":[{"embeddable":true,"href":"https:\/\/realidadturistica.com\/realtur\/wp-json\/wp\/v2\/comments?post=6740"}],"version-history":[{"count":2,"href":"https:\/\/realidadturistica.com\/realtur\/wp-json\/wp\/v2\/posts\/6740\/revisions"}],"predecessor-version":[{"id":6743,"href":"https:\/\/realidadturistica.com\/realtur\/wp-json\/wp\/v2\/posts\/6740\/revisions\/6743"}],"wp:featuredmedia":[{"embeddable":true,"href":"https:\/\/realidadturistica.com\/realtur\/wp-json\/wp\/v2\/media\/6742"}],"wp:attachment":[{"href":"https:\/\/realidadturistica.com\/realtur\/wp-json\/wp\/v2\/media?parent=6740"}],"wp:term":[{"taxonomy":"category","embeddable":true,"href":"https:\/\/realidadturistica.com\/realtur\/wp-json\/wp\/v2\/categories?post=6740"},{"taxonomy":"post_tag","embeddable":true,"href":"https:\/\/realidadturistica.com\/realtur\/wp-json\/wp\/v2\/tags?post=6740"}],"curies":[{"name":"wp","href":"https:\/\/api.w.org\/{rel}","templated":true}]}}