{"id":6942,"date":"2024-04-04T12:31:56","date_gmt":"2024-04-04T12:31:56","guid":{"rendered":"https:\/\/realidadturistica.com\/realtur\/?p=6942"},"modified":"2024-04-04T12:31:58","modified_gmt":"2024-04-04T12:31:58","slug":"palacio-de-sancti-petri-una-historia-de-25-anos-de-lujo-gran-melia-en-cadiz","status":"publish","type":"post","link":"https:\/\/realidadturistica.com\/realtur\/palacio-de-sancti-petri-una-historia-de-25-anos-de-lujo-gran-melia-en-cadiz\/","title":{"rendered":"Palacio de Sancti Petri, una historia de 25 a\u00f1os de lujo Gran Meli\u00e1 en C\u00e1diz"},"content":{"rendered":"\n<p class=\"yoast-reading-time__wrapper\"><span class=\"yoast-reading-time__icon\"><svg aria-hidden=\"true\" focusable=\"false\" data-icon=\"clock\" width=\"20\" height=\"20\" fill=\"none\" stroke=\"currentColor\" style=\"display:inline-block;vertical-align:-0.1em\" role=\"img\" xmlns=\"http:\/\/www.w3.org\/2000\/svg\" viewbox=\"0 0 24 24\"><path stroke-linecap=\"round\" stroke-linejoin=\"round\" stroke-width=\"2\" d=\"M12 8v4l3 3m6-3a9 9 0 11-18 0 9 9 0 0118 0z\"><\/path><\/svg><\/span><span class=\"yoast-reading-time__spacer\" style=\"display:inline-block;width:1em\"><\/span><span class=\"yoast-reading-time__descriptive-text\">Tiempo de lectura estimado:  <\/span><span class=\"yoast-reading-time__reading-time\">5<\/span><span class=\"yoast-reading-time__time-unit\"> minutos<\/span><\/p>\n\n\n\n<p>El ic\u00f3nico hotel de la marca Gran Meli\u00e1 en C\u00e1diz celebra su 25 aniversario con un nuevo cap\u00edtulo en su historia y un renovado nombre: Palacio de Sancti Petri<\/p>\n\n\n\n<p>Este palacio de estilo neomud\u00e9jar, al que hace referencia su nuevo nombre, une el encanto de la costa gaditana con nuevas propuestas de lujo<\/p>\n\n\n\n<p>Con espectaculares vistas al mismo mar que alberga la leyenda de Sancti Petri, con su islote al fondo, el hotel inaugura un exclusivo rooftop en el que los c\u00f3cteles y el atardecer ser\u00e1n protagonistas<\/p>\n\n\n\n<p>Gran Meli\u00e1 celebra el 25 aniversario de su ic\u00f3nico hotel en la costa de C\u00e1diz, abriendo un nuevo cap\u00edtulo en la historia del hotel con su renovado nombre, Palacio de Sancti Petri, en referencia su caracter\u00edstico encanto de palacio estilo neomud\u00e9jar.<\/p>\n\n\n\n<p>25 a\u00f1os celebrando C\u00e1diz con rincones en los que se respira la esencia andaluza y la herencia cultural local, siendo la arquitectura una de las caracter\u00edsticas m\u00e1s destacadas del Palacio de Sancti Petri. Su excepcional ubicaci\u00f3n en la Costa de la Luz aporta, adem\u00e1s, un paisaje m\u00e1gico con el mar como protagonista y sensaciones que solo se pueden vivir en el destino.<\/p>\n\n\n\n<figure class=\"wp-block-image size-large\"><img fetchpriority=\"high\" decoding=\"async\" width=\"1024\" height=\"683\" src=\"https:\/\/realidadturistica.com\/realtur\/wp-content\/uploads\/2024\/04\/eyJwYXRoIjoibWVsaWFcL2ZpbGVcL2FmNkpZQmN6NlRqNGJRZndzZ2lVLmpwZyJ9-melia-odp8MX8Oky34Q2Tk52c0t_G1VC1QdVN-6BpgG_PVcO8-1024x683.jpg\" alt=\"\" class=\"wp-image-6946\" srcset=\"https:\/\/realidadturistica.com\/realtur\/wp-content\/uploads\/2024\/04\/eyJwYXRoIjoibWVsaWFcL2ZpbGVcL2FmNkpZQmN6NlRqNGJRZndzZ2lVLmpwZyJ9-melia-odp8MX8Oky34Q2Tk52c0t_G1VC1QdVN-6BpgG_PVcO8-1024x683.jpg 1024w, https:\/\/realidadturistica.com\/realtur\/wp-content\/uploads\/2024\/04\/eyJwYXRoIjoibWVsaWFcL2ZpbGVcL2FmNkpZQmN6NlRqNGJRZndzZ2lVLmpwZyJ9-melia-odp8MX8Oky34Q2Tk52c0t_G1VC1QdVN-6BpgG_PVcO8-300x200.jpg 300w, https:\/\/realidadturistica.com\/realtur\/wp-content\/uploads\/2024\/04\/eyJwYXRoIjoibWVsaWFcL2ZpbGVcL2FmNkpZQmN6NlRqNGJRZndzZ2lVLmpwZyJ9-melia-odp8MX8Oky34Q2Tk52c0t_G1VC1QdVN-6BpgG_PVcO8-768x512.jpg 768w, https:\/\/realidadturistica.com\/realtur\/wp-content\/uploads\/2024\/04\/eyJwYXRoIjoibWVsaWFcL2ZpbGVcL2FmNkpZQmN6NlRqNGJRZndzZ2lVLmpwZyJ9-melia-odp8MX8Oky34Q2Tk52c0t_G1VC1QdVN-6BpgG_PVcO8-1536x1024.jpg 1536w, https:\/\/realidadturistica.com\/realtur\/wp-content\/uploads\/2024\/04\/eyJwYXRoIjoibWVsaWFcL2ZpbGVcL2FmNkpZQmN6NlRqNGJRZndzZ2lVLmpwZyJ9-melia-odp8MX8Oky34Q2Tk52c0t_G1VC1QdVN-6BpgG_PVcO8-2048x1365.jpg 2048w, https:\/\/realidadturistica.com\/realtur\/wp-content\/uploads\/2024\/04\/eyJwYXRoIjoibWVsaWFcL2ZpbGVcL2FmNkpZQmN6NlRqNGJRZndzZ2lVLmpwZyJ9-melia-odp8MX8Oky34Q2Tk52c0t_G1VC1QdVN-6BpgG_PVcO8-1920x1280.jpg 1920w, https:\/\/realidadturistica.com\/realtur\/wp-content\/uploads\/2024\/04\/eyJwYXRoIjoibWVsaWFcL2ZpbGVcL2FmNkpZQmN6NlRqNGJRZndzZ2lVLmpwZyJ9-melia-odp8MX8Oky34Q2Tk52c0t_G1VC1QdVN-6BpgG_PVcO8-1170x780.jpg 1170w, https:\/\/realidadturistica.com\/realtur\/wp-content\/uploads\/2024\/04\/eyJwYXRoIjoibWVsaWFcL2ZpbGVcL2FmNkpZQmN6NlRqNGJRZndzZ2lVLmpwZyJ9-melia-odp8MX8Oky34Q2Tk52c0t_G1VC1QdVN-6BpgG_PVcO8-585x390.jpg 585w, https:\/\/realidadturistica.com\/realtur\/wp-content\/uploads\/2024\/04\/eyJwYXRoIjoibWVsaWFcL2ZpbGVcL2FmNkpZQmN6NlRqNGJRZndzZ2lVLmpwZyJ9-melia-odp8MX8Oky34Q2Tk52c0t_G1VC1QdVN-6BpgG_PVcO8-263x175.jpg 263w\" sizes=\"(max-width: 1024px) 100vw, 1024px\" \/><\/figure>\n\n\n\n<p>Buscando transmitir esas sensaciones y coincidiendo con su 25 aniversario, nace Entrecielos, el nuevo rooftop bar de Palacio de Sancti Petri. Un exclusivo espacio en el que, como hace referencia su nombre, los colores del cielo y el mar se unen en el mejor ambiente para disfrutar de los atardeceres el sur. La magia, con los colores y paisaje como protagonistas, se completa con una propuesta en la que destacan la alta cocteler\u00eda de El Perfumista, que con su local en el centro de Chiclana de la Frontera han puesto la cocteler\u00eda evolutiva de moda en el destino. Para acompa\u00f1ar los c\u00f3cteles, tanto los m\u00e1s cl\u00e1sicos como las creaciones m\u00e1s singulares, Entre Cielos tambi\u00e9n contar\u00e1 con una selecta carta con especialidades estilo raw bar.<\/p>\n\n\n\n<p>Un hotel que refleja la magia de C\u00e1diz<\/p>\n\n\n\n<p>Palacio de Sancti Petri es mucho m\u00e1s que un hotel, es un lugar en el que poder descubrir la belleza gaditana desde un entorno privilegiado. Pr\u00e1cticamente a orillas del mar, en la Playa de la Barrosa, sus habitaciones ofrecen espectaculares vistas al oc\u00e9ano y a los cuidados espacios del hotel, contando algunas con jard\u00edn privado o acceso directo a la piscina. Poniendo a disposici\u00f3n de los hu\u00e9spedes todos los servicios necesarios para una estancia de lujo, con opciones de bienestar de la mano del Spa Clarins o la posibilidad de elevar la estancia con el servicio premium Red Level, por ejemplo, en la experiencia que ofrece Palacio de Sancti Petri se le da protagonismo al destino.<\/p>\n\n\n\n<p>En un entorno en el que el mar es protagonista, la gastronom\u00eda no puede estar m\u00e1s que enfocada en sus productos y sabores. Palacio de Sancti Petri ofrece, entre otras, una experiencia gastron\u00f3mica \u00fanica, con una Estrella Michelin y un Sol Repsol, a trav\u00e9s del restaurante Alevante. Dirigido por el reconocido chef \u00c1ngel Le\u00f3n, este exclusivo espacio gastron\u00f3mico ofrece una traves\u00eda a trav\u00e9s de las aguas atl\u00e1nticas con cuidados platos de autor.<\/p>\n\n\n\n<p>Tanto en el mar como en la tierra, Palacio de Sancti Petri tambi\u00e9n ofrece a sus hu\u00e9spedes experiencias excepcionales con las que pueden conectar con el destino, descubriendo la cultura y las ra\u00edces gaditanas. Desde descubrir en una embarcaci\u00f3n privada la almadraba, o la cata de los m\u00e1s limitados vinos de solera en una tradicional bodega de Sanlucar de Barrameda, hasta una excursi\u00f3n a la Sierra de Grazalema en la que descubrir los secretos de sus pueblos blancos y tambi\u00e9n los de la artesan\u00eda de la guitarra espa\u00f1ola.<\/p>\n\n\n\n<p>Palacio de Sancti Petri: 25 a\u00f1os celebrando C\u00e1diz<\/p>\n\n\n\n<p>Palacio de Sancti Petri es sin\u00f3nimo de un fuerte arraigo al destino, pero con un enfoque exclusivo y el lujo llevado a los detalles que hacen que te pierdas en el destino y te ofrecen una experiencia \u00fanica y memorable. En el marco de este aniversario de hotel Gran Meli\u00e1, se llevar\u00e1n a cabo diferentes acciones y eventos, tanto en el propio hotel como en redes sociales, en los que la m\u00fasica y la gastronom\u00eda estar\u00e1n muy presentes.<\/p>\n\n\n\n<p>Acerca de Meli\u00e1 Hotels International: Fundada en 1956 en Palma de Mallorca (Espa\u00f1a), Meli\u00e1 Hotels International cuenta con m\u00e1s de 400 hoteles abiertos o en proceso de apertura, en m\u00e1s de 40 pa\u00edses, y un portfolio de nueve marcas: Gran Meli\u00e1 Hotels &amp; Resorts, ME by Meli\u00e1, The Meli\u00e1 Collection, Paradisus by Meli\u00e1, Meli\u00e1 Hotels &amp; Resorts, ZEL, INNSiDE by Meli\u00e1, Sol by Meli\u00e1 y Affiliated by Meli\u00e1. La Compa\u00f1\u00eda es una de las hoteleras l\u00edderes mundiales en el segmento de hoteles vacacionales y su experiencia en este \u00e1mbito le ha permitido consolidarse en el creciente mercado de hoteles urbanos inspirados en el ocio. Su compromiso con el turismo responsable le ha hecho ser reconocida como la hotelera de origen europeo m\u00e1s sostenible del mundo de acuerdo al S&amp;P Global Sustainability Yearbook 2024, adem\u00e1s de ser marca Top Employer 2024 en Espa\u00f1a, Rep\u00fablica Dominicana, M\u00e9xico, Italia, Alemania, Francia y Vietnam. <a href=\"https:\/\/www.meliahotelsinternational.com\/es\">Meli\u00e1 Hotels International <\/a>tambi\u00e9n forma parte del IBEX 35.<\/p>\n\n\n\n<p>Para m\u00e1s informaci\u00f3n, visite <a href=\"https:\/\/www.meliahotelsinternational.com\/es\">www.meliahotelsinternational.com<\/a><\/p>\n","protected":false},"excerpt":{"rendered":"<p>El ic\u00f3nico hotel de la marca Gran Meli\u00e1 en C\u00e1diz celebra su 25 aniversario con un nuevo cap\u00edtulo en su historia y un renovado nombre:&hellip;<\/p>\n","protected":false},"author":2,"featured_media":6944,"comment_status":"open","ping_status":"closed","sticky":false,"template":"","format":"standard","meta":{"content-type":"","_lmt_disableupdate":"","_lmt_disable":"","footnotes":""},"categories":[6],"tags":[],"class_list":["post-6942","post","type-post","status-publish","format-standard","has-post-thumbnail","hentry","category-turismo"],"yoast_head":"<!-- This site is optimized with the Yoast SEO Premium plugin v27.4 (Yoast SEO v27.5) - https:\/\/yoast.com\/product\/yoast-seo-premium-wordpress\/ -->\n<title>Palacio de Sancti Petri, una historia de 25 a\u00f1os de lujo Gran Meli\u00e1 en C\u00e1diz - Realidad Tur\u00edstica<\/title>\n<meta name=\"robots\" content=\"index, follow, max-snippet:-1, max-image-preview:large, max-video-preview:-1\" \/>\n<link rel=\"canonical\" href=\"https:\/\/realidadturistica.com\/realtur\/palacio-de-sancti-petri-una-historia-de-25-anos-de-lujo-gran-melia-en-cadiz\/\" \/>\n<meta property=\"og:locale\" content=\"es_ES\" \/>\n<meta property=\"og:type\" content=\"article\" \/>\n<meta property=\"og:title\" content=\"Palacio de Sancti Petri, una historia de 25 a\u00f1os de lujo Gran Meli\u00e1 en C\u00e1diz\" \/>\n<meta property=\"og:description\" content=\"El ic\u00f3nico hotel de la marca Gran Meli\u00e1 en C\u00e1diz celebra su 25 aniversario con un nuevo cap\u00edtulo en su historia y un renovado nombre:&hellip;\" \/>\n<meta property=\"og:url\" content=\"https:\/\/realidadturistica.com\/realtur\/palacio-de-sancti-petri-una-historia-de-25-anos-de-lujo-gran-melia-en-cadiz\/\" \/>\n<meta property=\"og:site_name\" content=\"Realidad Tur\u00edstica\" \/>\n<meta property=\"article:publisher\" content=\"https:\/\/www.facebook.com\/realidadturistica\" \/>\n<meta property=\"article:published_time\" content=\"2024-04-04T12:31:56+00:00\" \/>\n<meta property=\"article:modified_time\" content=\"2024-04-04T12:31:58+00:00\" \/>\n<meta property=\"og:image\" content=\"https:\/\/realidadturistica.com\/realtur\/wp-content\/uploads\/2024\/04\/eyJwYXRoIjoibWVsaWFcL2ZpbGVcL0txRjdCZFhyeEx2ZGhNQWpvRVpmLmpwZyJ9-melia-QYK0IDUBMlEzO2XRdyBPOzY_emJbI2NaFGyFKR_Lg2k.jpg\" \/>\n\t<meta property=\"og:image:width\" content=\"2400\" \/>\n\t<meta property=\"og:image:height\" content=\"1310\" \/>\n\t<meta property=\"og:image:type\" content=\"image\/jpeg\" \/>\n<meta name=\"author\" content=\"Editor\" \/>\n<meta name=\"twitter:card\" content=\"summary_large_image\" \/>\n<meta name=\"twitter:label1\" content=\"Escrito por\" \/>\n\t<meta name=\"twitter:data1\" content=\"Editor\" \/>\n\t<meta name=\"twitter:label2\" content=\"Tiempo de lectura\" \/>\n\t<meta name=\"twitter:data2\" content=\"5 minutos\" \/>\n<script type=\"application\/ld+json\" class=\"yoast-schema-graph\">{\"@context\":\"https:\\\/\\\/schema.org\",\"@graph\":[{\"@type\":\"Article\",\"@id\":\"https:\\\/\\\/realidadturistica.com\\\/realtur\\\/palacio-de-sancti-petri-una-historia-de-25-anos-de-lujo-gran-melia-en-cadiz\\\/#article\",\"isPartOf\":{\"@id\":\"https:\\\/\\\/realidadturistica.com\\\/realtur\\\/palacio-de-sancti-petri-una-historia-de-25-anos-de-lujo-gran-melia-en-cadiz\\\/\"},\"author\":{\"name\":\"Editor\",\"@id\":\"https:\\\/\\\/realidadturistica.com\\\/realtur\\\/#\\\/schema\\\/person\\\/ade671191202490fcf08ab21590de73e\"},\"headline\":\"Palacio de Sancti Petri, una historia de 25 a\u00f1os de lujo Gran Meli\u00e1 en C\u00e1diz\",\"datePublished\":\"2024-04-04T12:31:56+00:00\",\"dateModified\":\"2024-04-04T12:31:58+00:00\",\"mainEntityOfPage\":{\"@id\":\"https:\\\/\\\/realidadturistica.com\\\/realtur\\\/palacio-de-sancti-petri-una-historia-de-25-anos-de-lujo-gran-melia-en-cadiz\\\/\"},\"wordCount\":934,\"commentCount\":0,\"publisher\":{\"@id\":\"https:\\\/\\\/realidadturistica.com\\\/realtur\\\/#organization\"},\"image\":{\"@id\":\"https:\\\/\\\/realidadturistica.com\\\/realtur\\\/palacio-de-sancti-petri-una-historia-de-25-anos-de-lujo-gran-melia-en-cadiz\\\/#primaryimage\"},\"thumbnailUrl\":\"https:\\\/\\\/realidadturistica.com\\\/realtur\\\/wp-content\\\/uploads\\\/2024\\\/04\\\/eyJwYXRoIjoibWVsaWFcL2ZpbGVcL0txRjdCZFhyeEx2ZGhNQWpvRVpmLmpwZyJ9-melia-QYK0IDUBMlEzO2XRdyBPOzY_emJbI2NaFGyFKR_Lg2k.jpg\",\"articleSection\":[\"Turismo\"],\"inLanguage\":\"es\",\"potentialAction\":[{\"@type\":\"CommentAction\",\"name\":\"Comment\",\"target\":[\"https:\\\/\\\/realidadturistica.com\\\/realtur\\\/palacio-de-sancti-petri-una-historia-de-25-anos-de-lujo-gran-melia-en-cadiz\\\/#respond\"]}]},{\"@type\":\"WebPage\",\"@id\":\"https:\\\/\\\/realidadturistica.com\\\/realtur\\\/palacio-de-sancti-petri-una-historia-de-25-anos-de-lujo-gran-melia-en-cadiz\\\/\",\"url\":\"https:\\\/\\\/realidadturistica.com\\\/realtur\\\/palacio-de-sancti-petri-una-historia-de-25-anos-de-lujo-gran-melia-en-cadiz\\\/\",\"name\":\"Palacio de Sancti Petri, una historia de 25 a\u00f1os de lujo Gran Meli\u00e1 en C\u00e1diz - Realidad Tur\u00edstica\",\"isPartOf\":{\"@id\":\"https:\\\/\\\/realidadturistica.com\\\/realtur\\\/#website\"},\"primaryImageOfPage\":{\"@id\":\"https:\\\/\\\/realidadturistica.com\\\/realtur\\\/palacio-de-sancti-petri-una-historia-de-25-anos-de-lujo-gran-melia-en-cadiz\\\/#primaryimage\"},\"image\":{\"@id\":\"https:\\\/\\\/realidadturistica.com\\\/realtur\\\/palacio-de-sancti-petri-una-historia-de-25-anos-de-lujo-gran-melia-en-cadiz\\\/#primaryimage\"},\"thumbnailUrl\":\"https:\\\/\\\/realidadturistica.com\\\/realtur\\\/wp-content\\\/uploads\\\/2024\\\/04\\\/eyJwYXRoIjoibWVsaWFcL2ZpbGVcL0txRjdCZFhyeEx2ZGhNQWpvRVpmLmpwZyJ9-melia-QYK0IDUBMlEzO2XRdyBPOzY_emJbI2NaFGyFKR_Lg2k.jpg\",\"datePublished\":\"2024-04-04T12:31:56+00:00\",\"dateModified\":\"2024-04-04T12:31:58+00:00\",\"breadcrumb\":{\"@id\":\"https:\\\/\\\/realidadturistica.com\\\/realtur\\\/palacio-de-sancti-petri-una-historia-de-25-anos-de-lujo-gran-melia-en-cadiz\\\/#breadcrumb\"},\"inLanguage\":\"es\",\"potentialAction\":[{\"@type\":\"ReadAction\",\"target\":[\"https:\\\/\\\/realidadturistica.com\\\/realtur\\\/palacio-de-sancti-petri-una-historia-de-25-anos-de-lujo-gran-melia-en-cadiz\\\/\"]}]},{\"@type\":\"ImageObject\",\"inLanguage\":\"es\",\"@id\":\"https:\\\/\\\/realidadturistica.com\\\/realtur\\\/palacio-de-sancti-petri-una-historia-de-25-anos-de-lujo-gran-melia-en-cadiz\\\/#primaryimage\",\"url\":\"https:\\\/\\\/realidadturistica.com\\\/realtur\\\/wp-content\\\/uploads\\\/2024\\\/04\\\/eyJwYXRoIjoibWVsaWFcL2ZpbGVcL0txRjdCZFhyeEx2ZGhNQWpvRVpmLmpwZyJ9-melia-QYK0IDUBMlEzO2XRdyBPOzY_emJbI2NaFGyFKR_Lg2k.jpg\",\"contentUrl\":\"https:\\\/\\\/realidadturistica.com\\\/realtur\\\/wp-content\\\/uploads\\\/2024\\\/04\\\/eyJwYXRoIjoibWVsaWFcL2ZpbGVcL0txRjdCZFhyeEx2ZGhNQWpvRVpmLmpwZyJ9-melia-QYK0IDUBMlEzO2XRdyBPOzY_emJbI2NaFGyFKR_Lg2k.jpg\",\"width\":2400,\"height\":1310},{\"@type\":\"BreadcrumbList\",\"@id\":\"https:\\\/\\\/realidadturistica.com\\\/realtur\\\/palacio-de-sancti-petri-una-historia-de-25-anos-de-lujo-gran-melia-en-cadiz\\\/#breadcrumb\",\"itemListElement\":[{\"@type\":\"ListItem\",\"position\":1,\"name\":\"Portada\",\"item\":\"https:\\\/\\\/realidadturistica.com\\\/realtur\\\/\"},{\"@type\":\"ListItem\",\"position\":2,\"name\":\"Palacio de Sancti Petri, una historia de 25 a\u00f1os de lujo Gran Meli\u00e1 en C\u00e1diz\"}]},{\"@type\":\"WebSite\",\"@id\":\"https:\\\/\\\/realidadturistica.com\\\/realtur\\\/#website\",\"url\":\"https:\\\/\\\/realidadturistica.com\\\/realtur\\\/\",\"name\":\"Realidad Tur\u00edstica\",\"description\":\"\",\"publisher\":{\"@id\":\"https:\\\/\\\/realidadturistica.com\\\/realtur\\\/#organization\"},\"potentialAction\":[{\"@type\":\"SearchAction\",\"target\":{\"@type\":\"EntryPoint\",\"urlTemplate\":\"https:\\\/\\\/realidadturistica.com\\\/realtur\\\/?s={search_term_string}\"},\"query-input\":{\"@type\":\"PropertyValueSpecification\",\"valueRequired\":true,\"valueName\":\"search_term_string\"}}],\"inLanguage\":\"es\"},{\"@type\":\"Organization\",\"@id\":\"https:\\\/\\\/realidadturistica.com\\\/realtur\\\/#organization\",\"name\":\"Realidad Tur\u00edstica\",\"url\":\"https:\\\/\\\/realidadturistica.com\\\/realtur\\\/\",\"logo\":{\"@type\":\"ImageObject\",\"inLanguage\":\"es\",\"@id\":\"https:\\\/\\\/realidadturistica.com\\\/realtur\\\/#\\\/schema\\\/logo\\\/image\\\/\",\"url\":\"https:\\\/\\\/realidadturistica.com\\\/realtur\\\/wp-content\\\/uploads\\\/2021\\\/12\\\/logotipo-realidad-turistica.png\",\"contentUrl\":\"https:\\\/\\\/realidadturistica.com\\\/realtur\\\/wp-content\\\/uploads\\\/2021\\\/12\\\/logotipo-realidad-turistica.png\",\"width\":1382,\"height\":629,\"caption\":\"Realidad Tur\u00edstica\"},\"image\":{\"@id\":\"https:\\\/\\\/realidadturistica.com\\\/realtur\\\/#\\\/schema\\\/logo\\\/image\\\/\"},\"sameAs\":[\"https:\\\/\\\/www.facebook.com\\\/realidadturistica\",\"https:\\\/\\\/www.instagram.com\\\/realidad_turistica\\\/\"]},{\"@type\":\"Person\",\"@id\":\"https:\\\/\\\/realidadturistica.com\\\/realtur\\\/#\\\/schema\\\/person\\\/ade671191202490fcf08ab21590de73e\",\"name\":\"Editor\",\"image\":{\"@type\":\"ImageObject\",\"inLanguage\":\"es\",\"@id\":\"https:\\\/\\\/realidadturistica.com\\\/realtur\\\/wp-content\\\/uploads\\\/2023\\\/09\\\/Editor_avatar_1693668634-96x96.png\",\"url\":\"https:\\\/\\\/realidadturistica.com\\\/realtur\\\/wp-content\\\/uploads\\\/2023\\\/09\\\/Editor_avatar_1693668634-96x96.png\",\"contentUrl\":\"https:\\\/\\\/realidadturistica.com\\\/realtur\\\/wp-content\\\/uploads\\\/2023\\\/09\\\/Editor_avatar_1693668634-96x96.png\",\"caption\":\"Editor\"},\"sameAs\":[\"https:\\\/\\\/realidadturistica.com\\\/realtur\"],\"url\":\"https:\\\/\\\/realidadturistica.com\\\/realtur\\\/author\\\/editor2\\\/\"}]}<\/script>\n<!-- \/ Yoast SEO Premium plugin. -->","yoast_head_json":{"title":"Palacio de Sancti Petri, una historia de 25 a\u00f1os de lujo Gran Meli\u00e1 en C\u00e1diz - Realidad Tur\u00edstica","robots":{"index":"index","follow":"follow","max-snippet":"max-snippet:-1","max-image-preview":"max-image-preview:large","max-video-preview":"max-video-preview:-1"},"canonical":"https:\/\/realidadturistica.com\/realtur\/palacio-de-sancti-petri-una-historia-de-25-anos-de-lujo-gran-melia-en-cadiz\/","og_locale":"es_ES","og_type":"article","og_title":"Palacio de Sancti Petri, una historia de 25 a\u00f1os de lujo Gran Meli\u00e1 en C\u00e1diz","og_description":"El ic\u00f3nico hotel de la marca Gran Meli\u00e1 en C\u00e1diz celebra su 25 aniversario con un nuevo cap\u00edtulo en su historia y un renovado nombre:&hellip;","og_url":"https:\/\/realidadturistica.com\/realtur\/palacio-de-sancti-petri-una-historia-de-25-anos-de-lujo-gran-melia-en-cadiz\/","og_site_name":"Realidad Tur\u00edstica","article_publisher":"https:\/\/www.facebook.com\/realidadturistica","article_published_time":"2024-04-04T12:31:56+00:00","article_modified_time":"2024-04-04T12:31:58+00:00","og_image":[{"width":2400,"height":1310,"url":"https:\/\/realidadturistica.com\/realtur\/wp-content\/uploads\/2024\/04\/eyJwYXRoIjoibWVsaWFcL2ZpbGVcL0txRjdCZFhyeEx2ZGhNQWpvRVpmLmpwZyJ9-melia-QYK0IDUBMlEzO2XRdyBPOzY_emJbI2NaFGyFKR_Lg2k.jpg","type":"image\/jpeg"}],"author":"Editor","twitter_card":"summary_large_image","twitter_misc":{"Escrito por":"Editor","Tiempo de lectura":"5 minutos"},"schema":{"@context":"https:\/\/schema.org","@graph":[{"@type":"Article","@id":"https:\/\/realidadturistica.com\/realtur\/palacio-de-sancti-petri-una-historia-de-25-anos-de-lujo-gran-melia-en-cadiz\/#article","isPartOf":{"@id":"https:\/\/realidadturistica.com\/realtur\/palacio-de-sancti-petri-una-historia-de-25-anos-de-lujo-gran-melia-en-cadiz\/"},"author":{"name":"Editor","@id":"https:\/\/realidadturistica.com\/realtur\/#\/schema\/person\/ade671191202490fcf08ab21590de73e"},"headline":"Palacio de Sancti Petri, una historia de 25 a\u00f1os de lujo Gran Meli\u00e1 en C\u00e1diz","datePublished":"2024-04-04T12:31:56+00:00","dateModified":"2024-04-04T12:31:58+00:00","mainEntityOfPage":{"@id":"https:\/\/realidadturistica.com\/realtur\/palacio-de-sancti-petri-una-historia-de-25-anos-de-lujo-gran-melia-en-cadiz\/"},"wordCount":934,"commentCount":0,"publisher":{"@id":"https:\/\/realidadturistica.com\/realtur\/#organization"},"image":{"@id":"https:\/\/realidadturistica.com\/realtur\/palacio-de-sancti-petri-una-historia-de-25-anos-de-lujo-gran-melia-en-cadiz\/#primaryimage"},"thumbnailUrl":"https:\/\/realidadturistica.com\/realtur\/wp-content\/uploads\/2024\/04\/eyJwYXRoIjoibWVsaWFcL2ZpbGVcL0txRjdCZFhyeEx2ZGhNQWpvRVpmLmpwZyJ9-melia-QYK0IDUBMlEzO2XRdyBPOzY_emJbI2NaFGyFKR_Lg2k.jpg","articleSection":["Turismo"],"inLanguage":"es","potentialAction":[{"@type":"CommentAction","name":"Comment","target":["https:\/\/realidadturistica.com\/realtur\/palacio-de-sancti-petri-una-historia-de-25-anos-de-lujo-gran-melia-en-cadiz\/#respond"]}]},{"@type":"WebPage","@id":"https:\/\/realidadturistica.com\/realtur\/palacio-de-sancti-petri-una-historia-de-25-anos-de-lujo-gran-melia-en-cadiz\/","url":"https:\/\/realidadturistica.com\/realtur\/palacio-de-sancti-petri-una-historia-de-25-anos-de-lujo-gran-melia-en-cadiz\/","name":"Palacio de Sancti Petri, una historia de 25 a\u00f1os de lujo Gran Meli\u00e1 en C\u00e1diz - Realidad Tur\u00edstica","isPartOf":{"@id":"https:\/\/realidadturistica.com\/realtur\/#website"},"primaryImageOfPage":{"@id":"https:\/\/realidadturistica.com\/realtur\/palacio-de-sancti-petri-una-historia-de-25-anos-de-lujo-gran-melia-en-cadiz\/#primaryimage"},"image":{"@id":"https:\/\/realidadturistica.com\/realtur\/palacio-de-sancti-petri-una-historia-de-25-anos-de-lujo-gran-melia-en-cadiz\/#primaryimage"},"thumbnailUrl":"https:\/\/realidadturistica.com\/realtur\/wp-content\/uploads\/2024\/04\/eyJwYXRoIjoibWVsaWFcL2ZpbGVcL0txRjdCZFhyeEx2ZGhNQWpvRVpmLmpwZyJ9-melia-QYK0IDUBMlEzO2XRdyBPOzY_emJbI2NaFGyFKR_Lg2k.jpg","datePublished":"2024-04-04T12:31:56+00:00","dateModified":"2024-04-04T12:31:58+00:00","breadcrumb":{"@id":"https:\/\/realidadturistica.com\/realtur\/palacio-de-sancti-petri-una-historia-de-25-anos-de-lujo-gran-melia-en-cadiz\/#breadcrumb"},"inLanguage":"es","potentialAction":[{"@type":"ReadAction","target":["https:\/\/realidadturistica.com\/realtur\/palacio-de-sancti-petri-una-historia-de-25-anos-de-lujo-gran-melia-en-cadiz\/"]}]},{"@type":"ImageObject","inLanguage":"es","@id":"https:\/\/realidadturistica.com\/realtur\/palacio-de-sancti-petri-una-historia-de-25-anos-de-lujo-gran-melia-en-cadiz\/#primaryimage","url":"https:\/\/realidadturistica.com\/realtur\/wp-content\/uploads\/2024\/04\/eyJwYXRoIjoibWVsaWFcL2ZpbGVcL0txRjdCZFhyeEx2ZGhNQWpvRVpmLmpwZyJ9-melia-QYK0IDUBMlEzO2XRdyBPOzY_emJbI2NaFGyFKR_Lg2k.jpg","contentUrl":"https:\/\/realidadturistica.com\/realtur\/wp-content\/uploads\/2024\/04\/eyJwYXRoIjoibWVsaWFcL2ZpbGVcL0txRjdCZFhyeEx2ZGhNQWpvRVpmLmpwZyJ9-melia-QYK0IDUBMlEzO2XRdyBPOzY_emJbI2NaFGyFKR_Lg2k.jpg","width":2400,"height":1310},{"@type":"BreadcrumbList","@id":"https:\/\/realidadturistica.com\/realtur\/palacio-de-sancti-petri-una-historia-de-25-anos-de-lujo-gran-melia-en-cadiz\/#breadcrumb","itemListElement":[{"@type":"ListItem","position":1,"name":"Portada","item":"https:\/\/realidadturistica.com\/realtur\/"},{"@type":"ListItem","position":2,"name":"Palacio de Sancti Petri, una historia de 25 a\u00f1os de lujo Gran Meli\u00e1 en C\u00e1diz"}]},{"@type":"WebSite","@id":"https:\/\/realidadturistica.com\/realtur\/#website","url":"https:\/\/realidadturistica.com\/realtur\/","name":"Realidad Tur\u00edstica","description":"","publisher":{"@id":"https:\/\/realidadturistica.com\/realtur\/#organization"},"potentialAction":[{"@type":"SearchAction","target":{"@type":"EntryPoint","urlTemplate":"https:\/\/realidadturistica.com\/realtur\/?s={search_term_string}"},"query-input":{"@type":"PropertyValueSpecification","valueRequired":true,"valueName":"search_term_string"}}],"inLanguage":"es"},{"@type":"Organization","@id":"https:\/\/realidadturistica.com\/realtur\/#organization","name":"Realidad Tur\u00edstica","url":"https:\/\/realidadturistica.com\/realtur\/","logo":{"@type":"ImageObject","inLanguage":"es","@id":"https:\/\/realidadturistica.com\/realtur\/#\/schema\/logo\/image\/","url":"https:\/\/realidadturistica.com\/realtur\/wp-content\/uploads\/2021\/12\/logotipo-realidad-turistica.png","contentUrl":"https:\/\/realidadturistica.com\/realtur\/wp-content\/uploads\/2021\/12\/logotipo-realidad-turistica.png","width":1382,"height":629,"caption":"Realidad Tur\u00edstica"},"image":{"@id":"https:\/\/realidadturistica.com\/realtur\/#\/schema\/logo\/image\/"},"sameAs":["https:\/\/www.facebook.com\/realidadturistica","https:\/\/www.instagram.com\/realidad_turistica\/"]},{"@type":"Person","@id":"https:\/\/realidadturistica.com\/realtur\/#\/schema\/person\/ade671191202490fcf08ab21590de73e","name":"Editor","image":{"@type":"ImageObject","inLanguage":"es","@id":"https:\/\/realidadturistica.com\/realtur\/wp-content\/uploads\/2023\/09\/Editor_avatar_1693668634-96x96.png","url":"https:\/\/realidadturistica.com\/realtur\/wp-content\/uploads\/2023\/09\/Editor_avatar_1693668634-96x96.png","contentUrl":"https:\/\/realidadturistica.com\/realtur\/wp-content\/uploads\/2023\/09\/Editor_avatar_1693668634-96x96.png","caption":"Editor"},"sameAs":["https:\/\/realidadturistica.com\/realtur"],"url":"https:\/\/realidadturistica.com\/realtur\/author\/editor2\/"}]}},"_links":{"self":[{"href":"https:\/\/realidadturistica.com\/realtur\/wp-json\/wp\/v2\/posts\/6942","targetHints":{"allow":["GET"]}}],"collection":[{"href":"https:\/\/realidadturistica.com\/realtur\/wp-json\/wp\/v2\/posts"}],"about":[{"href":"https:\/\/realidadturistica.com\/realtur\/wp-json\/wp\/v2\/types\/post"}],"author":[{"embeddable":true,"href":"https:\/\/realidadturistica.com\/realtur\/wp-json\/wp\/v2\/users\/2"}],"replies":[{"embeddable":true,"href":"https:\/\/realidadturistica.com\/realtur\/wp-json\/wp\/v2\/comments?post=6942"}],"version-history":[{"count":3,"href":"https:\/\/realidadturistica.com\/realtur\/wp-json\/wp\/v2\/posts\/6942\/revisions"}],"predecessor-version":[{"id":6947,"href":"https:\/\/realidadturistica.com\/realtur\/wp-json\/wp\/v2\/posts\/6942\/revisions\/6947"}],"wp:featuredmedia":[{"embeddable":true,"href":"https:\/\/realidadturistica.com\/realtur\/wp-json\/wp\/v2\/media\/6944"}],"wp:attachment":[{"href":"https:\/\/realidadturistica.com\/realtur\/wp-json\/wp\/v2\/media?parent=6942"}],"wp:term":[{"taxonomy":"category","embeddable":true,"href":"https:\/\/realidadturistica.com\/realtur\/wp-json\/wp\/v2\/categories?post=6942"},{"taxonomy":"post_tag","embeddable":true,"href":"https:\/\/realidadturistica.com\/realtur\/wp-json\/wp\/v2\/tags?post=6942"}],"curies":[{"name":"wp","href":"https:\/\/api.w.org\/{rel}","templated":true}]}}