{"id":7014,"date":"2024-04-09T13:11:23","date_gmt":"2024-04-09T13:11:23","guid":{"rendered":"https:\/\/realidadturistica.com\/realtur\/?p=7014"},"modified":"2024-04-09T13:11:25","modified_gmt":"2024-04-09T13:11:25","slug":"desacuerdo-en-sevilla-el-ayuntamiento-quiere-un-vuelo-desde-miami-y-la-junta-desde-mexico","status":"publish","type":"post","link":"https:\/\/realidadturistica.com\/realtur\/desacuerdo-en-sevilla-el-ayuntamiento-quiere-un-vuelo-desde-miami-y-la-junta-desde-mexico\/","title":{"rendered":"Desacuerdo en Sevilla: el Ayuntamiento quiere un vuelo desde Miami y la Junta, desde M\u00e9xico"},"content":{"rendered":"\n<p class=\"yoast-reading-time__wrapper\"><span class=\"yoast-reading-time__icon\"><svg aria-hidden=\"true\" focusable=\"false\" data-icon=\"clock\" width=\"20\" height=\"20\" fill=\"none\" stroke=\"currentColor\" style=\"display:inline-block;vertical-align:-0.1em\" role=\"img\" xmlns=\"http:\/\/www.w3.org\/2000\/svg\" viewbox=\"0 0 24 24\"><path stroke-linecap=\"round\" stroke-linejoin=\"round\" stroke-width=\"2\" d=\"M12 8v4l3 3m6-3a9 9 0 11-18 0 9 9 0 0118 0z\"><\/path><\/svg><\/span><span class=\"yoast-reading-time__spacer\" style=\"display:inline-block;width:1em\"><\/span><span class=\"yoast-reading-time__descriptive-text\">Tiempo de lectura estimado:  <\/span><span class=\"yoast-reading-time__reading-time\">2<\/span><span class=\"yoast-reading-time__time-unit\"> minutos<\/span><\/p>\n\n\n\n<p>En pleno auge de las conexiones desde Norteam\u00e9rica hacia Espa\u00f1a, el \u00faltimo destino en sumarse a la b\u00fasqueda del turista de alto poder adquisitivo es la ciudad de Sevilla. No obstante, actualmente hay divisi\u00f3n de opiniones en cuanto al punto concreto desde el que establecer una ruta: mientras el Ayuntamiento apuesta por Miami y el mercado estadounidense, la Junta de Andaluc\u00eda prefiere M\u00e9xico.<\/p>\n\n\n\n<p>Recientemente, una delegaci\u00f3n tur\u00edstica del consistorio sevillano ha estado mostrando las bondades de la capital en la ciudad del estado de Florida. Y es que, seg\u00fan las cifras oficiales, el turismo estadounidense representa un 13% de las llegadas a la ciudad y la mayor\u00eda de viajeros procede de Nueva York o Miami. As\u00ed, teniendo ya M\u00e1laga un vuelo desde la capital neoyorkina, en el Ayuntamiento optan por la segunda opci\u00f3n m\u00e1s atractiva.<\/p>\n\n\n\n<p>La Junta, a por M\u00e9xico<\/p>\n\n\n\n<p>Por su parte, desde la Junta tambi\u00e9n trabajan para conseguir una ruta desde Norteam\u00e9rica, aunque sus preferencias se centran m\u00e1s en el mercado mexicano. De hecho, fuentes del Gobierno andaluz han se\u00f1alado a El Espa\u00f1ol de Sevilla que puede ser a Ciudad de M\u00e9xico.<\/p>\n\n\n\n<p>El consejero de Turismo, Arturo Bernal, ya abord\u00f3 la cuesti\u00f3n de la conexi\u00f3n con M\u00e9xico el pasado mes de enero, se\u00f1alando que, aunque todav\u00eda no hay nada cerrado, trabajan en el objetivo de tener una ruta directa la capital del pa\u00eds. Bernal ha destacado que el mercado mexicano \u201cinteresante\u201d por su elevado nivel de gasto y por sus lazos culturales con Espa\u00f1a.<\/p>\n\n\n\n<p>Fuente: Tourinews.<\/p>\n","protected":false},"excerpt":{"rendered":"<p>En pleno auge de las conexiones desde Norteam\u00e9rica hacia Espa\u00f1a, el \u00faltimo destino en sumarse a la b\u00fasqueda del turista de alto poder adquisitivo es&hellip;<\/p>\n","protected":false},"author":2,"featured_media":7015,"comment_status":"open","ping_status":"closed","sticky":false,"template":"","format":"standard","meta":{"content-type":"","_lmt_disableupdate":"","_lmt_disable":"","footnotes":""},"categories":[6],"tags":[],"class_list":["post-7014","post","type-post","status-publish","format-standard","has-post-thumbnail","hentry","category-turismo"],"yoast_head":"<!-- This site is optimized with the Yoast SEO Premium plugin v27.4 (Yoast SEO v27.5) - https:\/\/yoast.com\/product\/yoast-seo-premium-wordpress\/ -->\n<title>Desacuerdo en Sevilla: el Ayuntamiento quiere un vuelo desde Miami y la Junta, desde M\u00e9xico - Realidad Tur\u00edstica<\/title>\n<meta name=\"robots\" content=\"index, follow, max-snippet:-1, max-image-preview:large, max-video-preview:-1\" \/>\n<link rel=\"canonical\" href=\"https:\/\/realidadturistica.com\/realtur\/desacuerdo-en-sevilla-el-ayuntamiento-quiere-un-vuelo-desde-miami-y-la-junta-desde-mexico\/\" \/>\n<meta property=\"og:locale\" content=\"es_ES\" \/>\n<meta property=\"og:type\" content=\"article\" \/>\n<meta property=\"og:title\" content=\"Desacuerdo en Sevilla: el Ayuntamiento quiere un vuelo desde Miami y la Junta, desde M\u00e9xico\" \/>\n<meta property=\"og:description\" content=\"En pleno auge de las conexiones desde Norteam\u00e9rica hacia Espa\u00f1a, el \u00faltimo destino en sumarse a la b\u00fasqueda del turista de alto poder adquisitivo es&hellip;\" \/>\n<meta property=\"og:url\" content=\"https:\/\/realidadturistica.com\/realtur\/desacuerdo-en-sevilla-el-ayuntamiento-quiere-un-vuelo-desde-miami-y-la-junta-desde-mexico\/\" \/>\n<meta property=\"og:site_name\" content=\"Realidad Tur\u00edstica\" \/>\n<meta property=\"article:publisher\" content=\"https:\/\/www.facebook.com\/realidadturistica\" \/>\n<meta property=\"article:published_time\" content=\"2024-04-09T13:11:23+00:00\" \/>\n<meta property=\"article:modified_time\" content=\"2024-04-09T13:11:25+00:00\" \/>\n<meta property=\"og:image\" content=\"https:\/\/realidadturistica.com\/realtur\/wp-content\/uploads\/2024\/04\/Desacuerdo-en-Sevilla.webp\" \/>\n\t<meta property=\"og:image:width\" content=\"732\" \/>\n\t<meta property=\"og:image:height\" content=\"400\" \/>\n\t<meta property=\"og:image:type\" content=\"image\/webp\" \/>\n<meta name=\"author\" content=\"Editor\" \/>\n<meta name=\"twitter:card\" content=\"summary_large_image\" \/>\n<meta name=\"twitter:label1\" content=\"Escrito por\" \/>\n\t<meta name=\"twitter:data1\" content=\"Editor\" \/>\n\t<meta name=\"twitter:label2\" content=\"Tiempo de lectura\" \/>\n\t<meta name=\"twitter:data2\" content=\"2 minutos\" \/>\n<script type=\"application\/ld+json\" class=\"yoast-schema-graph\">{\"@context\":\"https:\\\/\\\/schema.org\",\"@graph\":[{\"@type\":\"Article\",\"@id\":\"https:\\\/\\\/realidadturistica.com\\\/realtur\\\/desacuerdo-en-sevilla-el-ayuntamiento-quiere-un-vuelo-desde-miami-y-la-junta-desde-mexico\\\/#article\",\"isPartOf\":{\"@id\":\"https:\\\/\\\/realidadturistica.com\\\/realtur\\\/desacuerdo-en-sevilla-el-ayuntamiento-quiere-un-vuelo-desde-miami-y-la-junta-desde-mexico\\\/\"},\"author\":{\"name\":\"Editor\",\"@id\":\"https:\\\/\\\/realidadturistica.com\\\/realtur\\\/#\\\/schema\\\/person\\\/ade671191202490fcf08ab21590de73e\"},\"headline\":\"Desacuerdo en Sevilla: el Ayuntamiento quiere un vuelo desde Miami y la Junta, desde M\u00e9xico\",\"datePublished\":\"2024-04-09T13:11:23+00:00\",\"dateModified\":\"2024-04-09T13:11:25+00:00\",\"mainEntityOfPage\":{\"@id\":\"https:\\\/\\\/realidadturistica.com\\\/realtur\\\/desacuerdo-en-sevilla-el-ayuntamiento-quiere-un-vuelo-desde-miami-y-la-junta-desde-mexico\\\/\"},\"wordCount\":295,\"commentCount\":0,\"publisher\":{\"@id\":\"https:\\\/\\\/realidadturistica.com\\\/realtur\\\/#organization\"},\"image\":{\"@id\":\"https:\\\/\\\/realidadturistica.com\\\/realtur\\\/desacuerdo-en-sevilla-el-ayuntamiento-quiere-un-vuelo-desde-miami-y-la-junta-desde-mexico\\\/#primaryimage\"},\"thumbnailUrl\":\"https:\\\/\\\/realidadturistica.com\\\/realtur\\\/wp-content\\\/uploads\\\/2024\\\/04\\\/Desacuerdo-en-Sevilla.webp\",\"articleSection\":[\"Turismo\"],\"inLanguage\":\"es\",\"potentialAction\":[{\"@type\":\"CommentAction\",\"name\":\"Comment\",\"target\":[\"https:\\\/\\\/realidadturistica.com\\\/realtur\\\/desacuerdo-en-sevilla-el-ayuntamiento-quiere-un-vuelo-desde-miami-y-la-junta-desde-mexico\\\/#respond\"]}]},{\"@type\":\"WebPage\",\"@id\":\"https:\\\/\\\/realidadturistica.com\\\/realtur\\\/desacuerdo-en-sevilla-el-ayuntamiento-quiere-un-vuelo-desde-miami-y-la-junta-desde-mexico\\\/\",\"url\":\"https:\\\/\\\/realidadturistica.com\\\/realtur\\\/desacuerdo-en-sevilla-el-ayuntamiento-quiere-un-vuelo-desde-miami-y-la-junta-desde-mexico\\\/\",\"name\":\"Desacuerdo en Sevilla: el Ayuntamiento quiere un vuelo desde Miami y la Junta, desde M\u00e9xico - Realidad Tur\u00edstica\",\"isPartOf\":{\"@id\":\"https:\\\/\\\/realidadturistica.com\\\/realtur\\\/#website\"},\"primaryImageOfPage\":{\"@id\":\"https:\\\/\\\/realidadturistica.com\\\/realtur\\\/desacuerdo-en-sevilla-el-ayuntamiento-quiere-un-vuelo-desde-miami-y-la-junta-desde-mexico\\\/#primaryimage\"},\"image\":{\"@id\":\"https:\\\/\\\/realidadturistica.com\\\/realtur\\\/desacuerdo-en-sevilla-el-ayuntamiento-quiere-un-vuelo-desde-miami-y-la-junta-desde-mexico\\\/#primaryimage\"},\"thumbnailUrl\":\"https:\\\/\\\/realidadturistica.com\\\/realtur\\\/wp-content\\\/uploads\\\/2024\\\/04\\\/Desacuerdo-en-Sevilla.webp\",\"datePublished\":\"2024-04-09T13:11:23+00:00\",\"dateModified\":\"2024-04-09T13:11:25+00:00\",\"breadcrumb\":{\"@id\":\"https:\\\/\\\/realidadturistica.com\\\/realtur\\\/desacuerdo-en-sevilla-el-ayuntamiento-quiere-un-vuelo-desde-miami-y-la-junta-desde-mexico\\\/#breadcrumb\"},\"inLanguage\":\"es\",\"potentialAction\":[{\"@type\":\"ReadAction\",\"target\":[\"https:\\\/\\\/realidadturistica.com\\\/realtur\\\/desacuerdo-en-sevilla-el-ayuntamiento-quiere-un-vuelo-desde-miami-y-la-junta-desde-mexico\\\/\"]}]},{\"@type\":\"ImageObject\",\"inLanguage\":\"es\",\"@id\":\"https:\\\/\\\/realidadturistica.com\\\/realtur\\\/desacuerdo-en-sevilla-el-ayuntamiento-quiere-un-vuelo-desde-miami-y-la-junta-desde-mexico\\\/#primaryimage\",\"url\":\"https:\\\/\\\/realidadturistica.com\\\/realtur\\\/wp-content\\\/uploads\\\/2024\\\/04\\\/Desacuerdo-en-Sevilla.webp\",\"contentUrl\":\"https:\\\/\\\/realidadturistica.com\\\/realtur\\\/wp-content\\\/uploads\\\/2024\\\/04\\\/Desacuerdo-en-Sevilla.webp\",\"width\":732,\"height\":400},{\"@type\":\"BreadcrumbList\",\"@id\":\"https:\\\/\\\/realidadturistica.com\\\/realtur\\\/desacuerdo-en-sevilla-el-ayuntamiento-quiere-un-vuelo-desde-miami-y-la-junta-desde-mexico\\\/#breadcrumb\",\"itemListElement\":[{\"@type\":\"ListItem\",\"position\":1,\"name\":\"Portada\",\"item\":\"https:\\\/\\\/realidadturistica.com\\\/realtur\\\/\"},{\"@type\":\"ListItem\",\"position\":2,\"name\":\"Desacuerdo en Sevilla: el Ayuntamiento quiere un vuelo desde Miami y la Junta, desde M\u00e9xico\"}]},{\"@type\":\"WebSite\",\"@id\":\"https:\\\/\\\/realidadturistica.com\\\/realtur\\\/#website\",\"url\":\"https:\\\/\\\/realidadturistica.com\\\/realtur\\\/\",\"name\":\"Realidad Tur\u00edstica\",\"description\":\"\",\"publisher\":{\"@id\":\"https:\\\/\\\/realidadturistica.com\\\/realtur\\\/#organization\"},\"potentialAction\":[{\"@type\":\"SearchAction\",\"target\":{\"@type\":\"EntryPoint\",\"urlTemplate\":\"https:\\\/\\\/realidadturistica.com\\\/realtur\\\/?s={search_term_string}\"},\"query-input\":{\"@type\":\"PropertyValueSpecification\",\"valueRequired\":true,\"valueName\":\"search_term_string\"}}],\"inLanguage\":\"es\"},{\"@type\":\"Organization\",\"@id\":\"https:\\\/\\\/realidadturistica.com\\\/realtur\\\/#organization\",\"name\":\"Realidad Tur\u00edstica\",\"url\":\"https:\\\/\\\/realidadturistica.com\\\/realtur\\\/\",\"logo\":{\"@type\":\"ImageObject\",\"inLanguage\":\"es\",\"@id\":\"https:\\\/\\\/realidadturistica.com\\\/realtur\\\/#\\\/schema\\\/logo\\\/image\\\/\",\"url\":\"https:\\\/\\\/realidadturistica.com\\\/realtur\\\/wp-content\\\/uploads\\\/2021\\\/12\\\/logotipo-realidad-turistica.png\",\"contentUrl\":\"https:\\\/\\\/realidadturistica.com\\\/realtur\\\/wp-content\\\/uploads\\\/2021\\\/12\\\/logotipo-realidad-turistica.png\",\"width\":1382,\"height\":629,\"caption\":\"Realidad Tur\u00edstica\"},\"image\":{\"@id\":\"https:\\\/\\\/realidadturistica.com\\\/realtur\\\/#\\\/schema\\\/logo\\\/image\\\/\"},\"sameAs\":[\"https:\\\/\\\/www.facebook.com\\\/realidadturistica\",\"https:\\\/\\\/www.instagram.com\\\/realidad_turistica\\\/\"]},{\"@type\":\"Person\",\"@id\":\"https:\\\/\\\/realidadturistica.com\\\/realtur\\\/#\\\/schema\\\/person\\\/ade671191202490fcf08ab21590de73e\",\"name\":\"Editor\",\"image\":{\"@type\":\"ImageObject\",\"inLanguage\":\"es\",\"@id\":\"https:\\\/\\\/realidadturistica.com\\\/realtur\\\/wp-content\\\/uploads\\\/2023\\\/09\\\/Editor_avatar_1693668634-96x96.png\",\"url\":\"https:\\\/\\\/realidadturistica.com\\\/realtur\\\/wp-content\\\/uploads\\\/2023\\\/09\\\/Editor_avatar_1693668634-96x96.png\",\"contentUrl\":\"https:\\\/\\\/realidadturistica.com\\\/realtur\\\/wp-content\\\/uploads\\\/2023\\\/09\\\/Editor_avatar_1693668634-96x96.png\",\"caption\":\"Editor\"},\"sameAs\":[\"https:\\\/\\\/realidadturistica.com\\\/realtur\"],\"url\":\"https:\\\/\\\/realidadturistica.com\\\/realtur\\\/author\\\/editor2\\\/\"}]}<\/script>\n<!-- \/ Yoast SEO Premium plugin. -->","yoast_head_json":{"title":"Desacuerdo en Sevilla: el Ayuntamiento quiere un vuelo desde Miami y la Junta, desde M\u00e9xico - Realidad Tur\u00edstica","robots":{"index":"index","follow":"follow","max-snippet":"max-snippet:-1","max-image-preview":"max-image-preview:large","max-video-preview":"max-video-preview:-1"},"canonical":"https:\/\/realidadturistica.com\/realtur\/desacuerdo-en-sevilla-el-ayuntamiento-quiere-un-vuelo-desde-miami-y-la-junta-desde-mexico\/","og_locale":"es_ES","og_type":"article","og_title":"Desacuerdo en Sevilla: el Ayuntamiento quiere un vuelo desde Miami y la Junta, desde M\u00e9xico","og_description":"En pleno auge de las conexiones desde Norteam\u00e9rica hacia Espa\u00f1a, el \u00faltimo destino en sumarse a la b\u00fasqueda del turista de alto poder adquisitivo es&hellip;","og_url":"https:\/\/realidadturistica.com\/realtur\/desacuerdo-en-sevilla-el-ayuntamiento-quiere-un-vuelo-desde-miami-y-la-junta-desde-mexico\/","og_site_name":"Realidad Tur\u00edstica","article_publisher":"https:\/\/www.facebook.com\/realidadturistica","article_published_time":"2024-04-09T13:11:23+00:00","article_modified_time":"2024-04-09T13:11:25+00:00","og_image":[{"width":732,"height":400,"url":"https:\/\/realidadturistica.com\/realtur\/wp-content\/uploads\/2024\/04\/Desacuerdo-en-Sevilla.webp","type":"image\/webp"}],"author":"Editor","twitter_card":"summary_large_image","twitter_misc":{"Escrito por":"Editor","Tiempo de lectura":"2 minutos"},"schema":{"@context":"https:\/\/schema.org","@graph":[{"@type":"Article","@id":"https:\/\/realidadturistica.com\/realtur\/desacuerdo-en-sevilla-el-ayuntamiento-quiere-un-vuelo-desde-miami-y-la-junta-desde-mexico\/#article","isPartOf":{"@id":"https:\/\/realidadturistica.com\/realtur\/desacuerdo-en-sevilla-el-ayuntamiento-quiere-un-vuelo-desde-miami-y-la-junta-desde-mexico\/"},"author":{"name":"Editor","@id":"https:\/\/realidadturistica.com\/realtur\/#\/schema\/person\/ade671191202490fcf08ab21590de73e"},"headline":"Desacuerdo en Sevilla: el Ayuntamiento quiere un vuelo desde Miami y la Junta, desde M\u00e9xico","datePublished":"2024-04-09T13:11:23+00:00","dateModified":"2024-04-09T13:11:25+00:00","mainEntityOfPage":{"@id":"https:\/\/realidadturistica.com\/realtur\/desacuerdo-en-sevilla-el-ayuntamiento-quiere-un-vuelo-desde-miami-y-la-junta-desde-mexico\/"},"wordCount":295,"commentCount":0,"publisher":{"@id":"https:\/\/realidadturistica.com\/realtur\/#organization"},"image":{"@id":"https:\/\/realidadturistica.com\/realtur\/desacuerdo-en-sevilla-el-ayuntamiento-quiere-un-vuelo-desde-miami-y-la-junta-desde-mexico\/#primaryimage"},"thumbnailUrl":"https:\/\/realidadturistica.com\/realtur\/wp-content\/uploads\/2024\/04\/Desacuerdo-en-Sevilla.webp","articleSection":["Turismo"],"inLanguage":"es","potentialAction":[{"@type":"CommentAction","name":"Comment","target":["https:\/\/realidadturistica.com\/realtur\/desacuerdo-en-sevilla-el-ayuntamiento-quiere-un-vuelo-desde-miami-y-la-junta-desde-mexico\/#respond"]}]},{"@type":"WebPage","@id":"https:\/\/realidadturistica.com\/realtur\/desacuerdo-en-sevilla-el-ayuntamiento-quiere-un-vuelo-desde-miami-y-la-junta-desde-mexico\/","url":"https:\/\/realidadturistica.com\/realtur\/desacuerdo-en-sevilla-el-ayuntamiento-quiere-un-vuelo-desde-miami-y-la-junta-desde-mexico\/","name":"Desacuerdo en Sevilla: el Ayuntamiento quiere un vuelo desde Miami y la Junta, desde M\u00e9xico - Realidad Tur\u00edstica","isPartOf":{"@id":"https:\/\/realidadturistica.com\/realtur\/#website"},"primaryImageOfPage":{"@id":"https:\/\/realidadturistica.com\/realtur\/desacuerdo-en-sevilla-el-ayuntamiento-quiere-un-vuelo-desde-miami-y-la-junta-desde-mexico\/#primaryimage"},"image":{"@id":"https:\/\/realidadturistica.com\/realtur\/desacuerdo-en-sevilla-el-ayuntamiento-quiere-un-vuelo-desde-miami-y-la-junta-desde-mexico\/#primaryimage"},"thumbnailUrl":"https:\/\/realidadturistica.com\/realtur\/wp-content\/uploads\/2024\/04\/Desacuerdo-en-Sevilla.webp","datePublished":"2024-04-09T13:11:23+00:00","dateModified":"2024-04-09T13:11:25+00:00","breadcrumb":{"@id":"https:\/\/realidadturistica.com\/realtur\/desacuerdo-en-sevilla-el-ayuntamiento-quiere-un-vuelo-desde-miami-y-la-junta-desde-mexico\/#breadcrumb"},"inLanguage":"es","potentialAction":[{"@type":"ReadAction","target":["https:\/\/realidadturistica.com\/realtur\/desacuerdo-en-sevilla-el-ayuntamiento-quiere-un-vuelo-desde-miami-y-la-junta-desde-mexico\/"]}]},{"@type":"ImageObject","inLanguage":"es","@id":"https:\/\/realidadturistica.com\/realtur\/desacuerdo-en-sevilla-el-ayuntamiento-quiere-un-vuelo-desde-miami-y-la-junta-desde-mexico\/#primaryimage","url":"https:\/\/realidadturistica.com\/realtur\/wp-content\/uploads\/2024\/04\/Desacuerdo-en-Sevilla.webp","contentUrl":"https:\/\/realidadturistica.com\/realtur\/wp-content\/uploads\/2024\/04\/Desacuerdo-en-Sevilla.webp","width":732,"height":400},{"@type":"BreadcrumbList","@id":"https:\/\/realidadturistica.com\/realtur\/desacuerdo-en-sevilla-el-ayuntamiento-quiere-un-vuelo-desde-miami-y-la-junta-desde-mexico\/#breadcrumb","itemListElement":[{"@type":"ListItem","position":1,"name":"Portada","item":"https:\/\/realidadturistica.com\/realtur\/"},{"@type":"ListItem","position":2,"name":"Desacuerdo en Sevilla: el Ayuntamiento quiere un vuelo desde Miami y la Junta, desde M\u00e9xico"}]},{"@type":"WebSite","@id":"https:\/\/realidadturistica.com\/realtur\/#website","url":"https:\/\/realidadturistica.com\/realtur\/","name":"Realidad Tur\u00edstica","description":"","publisher":{"@id":"https:\/\/realidadturistica.com\/realtur\/#organization"},"potentialAction":[{"@type":"SearchAction","target":{"@type":"EntryPoint","urlTemplate":"https:\/\/realidadturistica.com\/realtur\/?s={search_term_string}"},"query-input":{"@type":"PropertyValueSpecification","valueRequired":true,"valueName":"search_term_string"}}],"inLanguage":"es"},{"@type":"Organization","@id":"https:\/\/realidadturistica.com\/realtur\/#organization","name":"Realidad Tur\u00edstica","url":"https:\/\/realidadturistica.com\/realtur\/","logo":{"@type":"ImageObject","inLanguage":"es","@id":"https:\/\/realidadturistica.com\/realtur\/#\/schema\/logo\/image\/","url":"https:\/\/realidadturistica.com\/realtur\/wp-content\/uploads\/2021\/12\/logotipo-realidad-turistica.png","contentUrl":"https:\/\/realidadturistica.com\/realtur\/wp-content\/uploads\/2021\/12\/logotipo-realidad-turistica.png","width":1382,"height":629,"caption":"Realidad Tur\u00edstica"},"image":{"@id":"https:\/\/realidadturistica.com\/realtur\/#\/schema\/logo\/image\/"},"sameAs":["https:\/\/www.facebook.com\/realidadturistica","https:\/\/www.instagram.com\/realidad_turistica\/"]},{"@type":"Person","@id":"https:\/\/realidadturistica.com\/realtur\/#\/schema\/person\/ade671191202490fcf08ab21590de73e","name":"Editor","image":{"@type":"ImageObject","inLanguage":"es","@id":"https:\/\/realidadturistica.com\/realtur\/wp-content\/uploads\/2023\/09\/Editor_avatar_1693668634-96x96.png","url":"https:\/\/realidadturistica.com\/realtur\/wp-content\/uploads\/2023\/09\/Editor_avatar_1693668634-96x96.png","contentUrl":"https:\/\/realidadturistica.com\/realtur\/wp-content\/uploads\/2023\/09\/Editor_avatar_1693668634-96x96.png","caption":"Editor"},"sameAs":["https:\/\/realidadturistica.com\/realtur"],"url":"https:\/\/realidadturistica.com\/realtur\/author\/editor2\/"}]}},"_links":{"self":[{"href":"https:\/\/realidadturistica.com\/realtur\/wp-json\/wp\/v2\/posts\/7014","targetHints":{"allow":["GET"]}}],"collection":[{"href":"https:\/\/realidadturistica.com\/realtur\/wp-json\/wp\/v2\/posts"}],"about":[{"href":"https:\/\/realidadturistica.com\/realtur\/wp-json\/wp\/v2\/types\/post"}],"author":[{"embeddable":true,"href":"https:\/\/realidadturistica.com\/realtur\/wp-json\/wp\/v2\/users\/2"}],"replies":[{"embeddable":true,"href":"https:\/\/realidadturistica.com\/realtur\/wp-json\/wp\/v2\/comments?post=7014"}],"version-history":[{"count":1,"href":"https:\/\/realidadturistica.com\/realtur\/wp-json\/wp\/v2\/posts\/7014\/revisions"}],"predecessor-version":[{"id":7016,"href":"https:\/\/realidadturistica.com\/realtur\/wp-json\/wp\/v2\/posts\/7014\/revisions\/7016"}],"wp:featuredmedia":[{"embeddable":true,"href":"https:\/\/realidadturistica.com\/realtur\/wp-json\/wp\/v2\/media\/7015"}],"wp:attachment":[{"href":"https:\/\/realidadturistica.com\/realtur\/wp-json\/wp\/v2\/media?parent=7014"}],"wp:term":[{"taxonomy":"category","embeddable":true,"href":"https:\/\/realidadturistica.com\/realtur\/wp-json\/wp\/v2\/categories?post=7014"},{"taxonomy":"post_tag","embeddable":true,"href":"https:\/\/realidadturistica.com\/realtur\/wp-json\/wp\/v2\/tags?post=7014"}],"curies":[{"name":"wp","href":"https:\/\/api.w.org\/{rel}","templated":true}]}}