{"id":7048,"date":"2024-04-15T03:16:29","date_gmt":"2024-04-15T03:16:29","guid":{"rendered":"https:\/\/realidadturistica.com\/realtur\/?p=7048"},"modified":"2024-04-15T03:16:35","modified_gmt":"2024-04-15T03:16:35","slug":"el-aeropuerto-de-punta-cana-celebra-su-40-aniversario-con-la-inauguracion-de-la-nueva-terminal-b","status":"publish","type":"post","link":"https:\/\/realidadturistica.com\/realtur\/el-aeropuerto-de-punta-cana-celebra-su-40-aniversario-con-la-inauguracion-de-la-nueva-terminal-b\/","title":{"rendered":"El Aeropuerto de Punta Cana celebra su 40 aniversario con la inauguraci\u00f3n de la \u201cnueva\u201d Terminal B"},"content":{"rendered":"\n<p class=\"yoast-reading-time__wrapper\"><span class=\"yoast-reading-time__icon\"><svg aria-hidden=\"true\" focusable=\"false\" data-icon=\"clock\" width=\"20\" height=\"20\" fill=\"none\" stroke=\"currentColor\" style=\"display:inline-block;vertical-align:-0.1em\" role=\"img\" xmlns=\"http:\/\/www.w3.org\/2000\/svg\" viewbox=\"0 0 24 24\"><path stroke-linecap=\"round\" stroke-linejoin=\"round\" stroke-width=\"2\" d=\"M12 8v4l3 3m6-3a9 9 0 11-18 0 9 9 0 0118 0z\"><\/path><\/svg><\/span><span class=\"yoast-reading-time__spacer\" style=\"display:inline-block;width:1em\"><\/span><span class=\"yoast-reading-time__descriptive-text\">Tiempo de lectura estimado:  <\/span><span class=\"yoast-reading-time__reading-time\">2<\/span><span class=\"yoast-reading-time__time-unit\"> minutos<\/span><\/p>\n\n\n\n<p>RD. El Aeropuerto Internacional de Punta Cana (Rep\u00fablica Dominicana) ha celebrado su 40 aniversario con la inauguraci\u00f3n de la ampliaci\u00f3n de la Terminal B. Inaugurado en 1983, se trata del primer aer\u00f3dromo privado de uso comercial en el mundo y es el principal punto de entrada por v\u00eda a\u00e9rea del pa\u00eds, llegando a aglutinar el 68% de todo el tr\u00e1fico tur\u00edstico.<\/p>\n\n\n\n<p>\u201cHoy, a 40 a\u00f1os de nuestros inicios, y m\u00e1s de 120 millones de pasajeros despu\u00e9s, el Aeropuerto de Punta Cana se presenta como un modelo de desarrollo sostenible que nos permite asumir nuevas inversiones, manteni\u00e9ndonos a la vanguardia y delante de la curva de crecimiento del sector tur\u00edstico\u201d, ha afirmado Frank El\u00edas Rainieri, presidente y CEO de Grupo Puntacana. Asimismo, ha destacado que las instalaciones se han mantenido con un crecimiento constante.<\/p>\n\n\n\n<p>Terminal B<\/p>\n\n\n\n<p>La ampliaci\u00f3n de la Terminal B del Aeropuerto de Punta Cana ha supuesto una inversi\u00f3n de m\u00e1s de 90 millones de d\u00f3lares estadounidenses, y permitir\u00e1 el movimiento de 5.000 pasajeros por hora y 4 millones pasajeros al a\u00f1o. Este proyecto tendr\u00e1 una extensi\u00f3n de unos 35.000 mil m\u00b2 y cuenta con siete puertas de embarque y siete puentes a\u00e9reos.<\/p>\n\n\n\n<p>Desde el Grupo Puntacana proyectan que, con esta expansi\u00f3n de la Terminal B, el aeropuerto sobrepasar\u00e1 los 11 millones de pasajeros anualmente, permitiendo satisfacer el aumento de demanda previsto en la zona de 14.000 nuevas habitaciones hoteleras en los pr\u00f3ximos a\u00f1os.<\/p>\n\n\n\n<p>La ampliaci\u00f3n fue desarrollada por ingenieros y arquitectos dominicanos, como el arquitecto Antonio II Imbert y Eduardo Dom\u00ednguez, de la constructora Imbert Dom\u00ednguez y Asociados. No obstante, la reconocida dise\u00f1adora Adriana Hoyos fue quien se encarg\u00f3 de la ambientaci\u00f3n de la zona de restauraci\u00f3n y la sala VIP.<\/p>\n\n\n\n<p>Fuente: Tourinews<\/p>\n","protected":false},"excerpt":{"rendered":"<p>RD. El Aeropuerto Internacional de Punta Cana (Rep\u00fablica Dominicana) ha celebrado su 40 aniversario con la inauguraci\u00f3n de la ampliaci\u00f3n de la Terminal B. Inaugurado&hellip;<\/p>\n","protected":false},"author":2,"featured_media":7050,"comment_status":"open","ping_status":"closed","sticky":false,"template":"","format":"standard","meta":{"content-type":"","_lmt_disableupdate":"","_lmt_disable":"","footnotes":""},"categories":[6],"tags":[],"class_list":["post-7048","post","type-post","status-publish","format-standard","has-post-thumbnail","hentry","category-turismo"],"yoast_head":"<!-- This site is optimized with the Yoast SEO Premium plugin v27.4 (Yoast SEO v27.5) - https:\/\/yoast.com\/product\/yoast-seo-premium-wordpress\/ -->\n<title>El Aeropuerto de Punta Cana celebra su 40 aniversario con la inauguraci\u00f3n de la \u201cnueva\u201d Terminal B - Realidad Tur\u00edstica<\/title>\n<meta name=\"robots\" content=\"index, follow, max-snippet:-1, max-image-preview:large, max-video-preview:-1\" \/>\n<link rel=\"canonical\" href=\"https:\/\/realidadturistica.com\/realtur\/el-aeropuerto-de-punta-cana-celebra-su-40-aniversario-con-la-inauguracion-de-la-nueva-terminal-b\/\" \/>\n<meta property=\"og:locale\" content=\"es_ES\" \/>\n<meta property=\"og:type\" content=\"article\" \/>\n<meta property=\"og:title\" content=\"El Aeropuerto de Punta Cana celebra su 40 aniversario con la inauguraci\u00f3n de la \u201cnueva\u201d Terminal B\" \/>\n<meta property=\"og:description\" content=\"RD. El Aeropuerto Internacional de Punta Cana (Rep\u00fablica Dominicana) ha celebrado su 40 aniversario con la inauguraci\u00f3n de la ampliaci\u00f3n de la Terminal B. Inaugurado&hellip;\" \/>\n<meta property=\"og:url\" content=\"https:\/\/realidadturistica.com\/realtur\/el-aeropuerto-de-punta-cana-celebra-su-40-aniversario-con-la-inauguracion-de-la-nueva-terminal-b\/\" \/>\n<meta property=\"og:site_name\" content=\"Realidad Tur\u00edstica\" \/>\n<meta property=\"article:publisher\" content=\"https:\/\/www.facebook.com\/realidadturistica\" \/>\n<meta property=\"article:published_time\" content=\"2024-04-15T03:16:29+00:00\" \/>\n<meta property=\"article:modified_time\" content=\"2024-04-15T03:16:35+00:00\" \/>\n<meta property=\"og:image\" content=\"https:\/\/realidadturistica.com\/realtur\/wp-content\/uploads\/2024\/04\/El-Aeropuerto.jpg\" \/>\n\t<meta property=\"og:image:width\" content=\"732\" \/>\n\t<meta property=\"og:image:height\" content=\"400\" \/>\n\t<meta property=\"og:image:type\" content=\"image\/jpeg\" \/>\n<meta name=\"author\" content=\"Editor\" \/>\n<meta name=\"twitter:card\" content=\"summary_large_image\" \/>\n<meta name=\"twitter:label1\" content=\"Escrito por\" \/>\n\t<meta name=\"twitter:data1\" content=\"Editor\" \/>\n\t<meta name=\"twitter:label2\" content=\"Tiempo de lectura\" \/>\n\t<meta name=\"twitter:data2\" content=\"2 minutos\" \/>\n<script type=\"application\/ld+json\" class=\"yoast-schema-graph\">{\"@context\":\"https:\\\/\\\/schema.org\",\"@graph\":[{\"@type\":\"Article\",\"@id\":\"https:\\\/\\\/realidadturistica.com\\\/realtur\\\/el-aeropuerto-de-punta-cana-celebra-su-40-aniversario-con-la-inauguracion-de-la-nueva-terminal-b\\\/#article\",\"isPartOf\":{\"@id\":\"https:\\\/\\\/realidadturistica.com\\\/realtur\\\/el-aeropuerto-de-punta-cana-celebra-su-40-aniversario-con-la-inauguracion-de-la-nueva-terminal-b\\\/\"},\"author\":{\"name\":\"Editor\",\"@id\":\"https:\\\/\\\/realidadturistica.com\\\/realtur\\\/#\\\/schema\\\/person\\\/ade671191202490fcf08ab21590de73e\"},\"headline\":\"El Aeropuerto de Punta Cana celebra su 40 aniversario con la inauguraci\u00f3n de la \u201cnueva\u201d Terminal B\",\"datePublished\":\"2024-04-15T03:16:29+00:00\",\"dateModified\":\"2024-04-15T03:16:35+00:00\",\"mainEntityOfPage\":{\"@id\":\"https:\\\/\\\/realidadturistica.com\\\/realtur\\\/el-aeropuerto-de-punta-cana-celebra-su-40-aniversario-con-la-inauguracion-de-la-nueva-terminal-b\\\/\"},\"wordCount\":327,\"commentCount\":0,\"publisher\":{\"@id\":\"https:\\\/\\\/realidadturistica.com\\\/realtur\\\/#organization\"},\"image\":{\"@id\":\"https:\\\/\\\/realidadturistica.com\\\/realtur\\\/el-aeropuerto-de-punta-cana-celebra-su-40-aniversario-con-la-inauguracion-de-la-nueva-terminal-b\\\/#primaryimage\"},\"thumbnailUrl\":\"https:\\\/\\\/realidadturistica.com\\\/realtur\\\/wp-content\\\/uploads\\\/2024\\\/04\\\/El-Aeropuerto.jpg\",\"articleSection\":[\"Turismo\"],\"inLanguage\":\"es\",\"potentialAction\":[{\"@type\":\"CommentAction\",\"name\":\"Comment\",\"target\":[\"https:\\\/\\\/realidadturistica.com\\\/realtur\\\/el-aeropuerto-de-punta-cana-celebra-su-40-aniversario-con-la-inauguracion-de-la-nueva-terminal-b\\\/#respond\"]}]},{\"@type\":\"WebPage\",\"@id\":\"https:\\\/\\\/realidadturistica.com\\\/realtur\\\/el-aeropuerto-de-punta-cana-celebra-su-40-aniversario-con-la-inauguracion-de-la-nueva-terminal-b\\\/\",\"url\":\"https:\\\/\\\/realidadturistica.com\\\/realtur\\\/el-aeropuerto-de-punta-cana-celebra-su-40-aniversario-con-la-inauguracion-de-la-nueva-terminal-b\\\/\",\"name\":\"El Aeropuerto de Punta Cana celebra su 40 aniversario con la inauguraci\u00f3n de la \u201cnueva\u201d Terminal B - Realidad Tur\u00edstica\",\"isPartOf\":{\"@id\":\"https:\\\/\\\/realidadturistica.com\\\/realtur\\\/#website\"},\"primaryImageOfPage\":{\"@id\":\"https:\\\/\\\/realidadturistica.com\\\/realtur\\\/el-aeropuerto-de-punta-cana-celebra-su-40-aniversario-con-la-inauguracion-de-la-nueva-terminal-b\\\/#primaryimage\"},\"image\":{\"@id\":\"https:\\\/\\\/realidadturistica.com\\\/realtur\\\/el-aeropuerto-de-punta-cana-celebra-su-40-aniversario-con-la-inauguracion-de-la-nueva-terminal-b\\\/#primaryimage\"},\"thumbnailUrl\":\"https:\\\/\\\/realidadturistica.com\\\/realtur\\\/wp-content\\\/uploads\\\/2024\\\/04\\\/El-Aeropuerto.jpg\",\"datePublished\":\"2024-04-15T03:16:29+00:00\",\"dateModified\":\"2024-04-15T03:16:35+00:00\",\"breadcrumb\":{\"@id\":\"https:\\\/\\\/realidadturistica.com\\\/realtur\\\/el-aeropuerto-de-punta-cana-celebra-su-40-aniversario-con-la-inauguracion-de-la-nueva-terminal-b\\\/#breadcrumb\"},\"inLanguage\":\"es\",\"potentialAction\":[{\"@type\":\"ReadAction\",\"target\":[\"https:\\\/\\\/realidadturistica.com\\\/realtur\\\/el-aeropuerto-de-punta-cana-celebra-su-40-aniversario-con-la-inauguracion-de-la-nueva-terminal-b\\\/\"]}]},{\"@type\":\"ImageObject\",\"inLanguage\":\"es\",\"@id\":\"https:\\\/\\\/realidadturistica.com\\\/realtur\\\/el-aeropuerto-de-punta-cana-celebra-su-40-aniversario-con-la-inauguracion-de-la-nueva-terminal-b\\\/#primaryimage\",\"url\":\"https:\\\/\\\/realidadturistica.com\\\/realtur\\\/wp-content\\\/uploads\\\/2024\\\/04\\\/El-Aeropuerto.jpg\",\"contentUrl\":\"https:\\\/\\\/realidadturistica.com\\\/realtur\\\/wp-content\\\/uploads\\\/2024\\\/04\\\/El-Aeropuerto.jpg\",\"width\":732,\"height\":400},{\"@type\":\"BreadcrumbList\",\"@id\":\"https:\\\/\\\/realidadturistica.com\\\/realtur\\\/el-aeropuerto-de-punta-cana-celebra-su-40-aniversario-con-la-inauguracion-de-la-nueva-terminal-b\\\/#breadcrumb\",\"itemListElement\":[{\"@type\":\"ListItem\",\"position\":1,\"name\":\"Portada\",\"item\":\"https:\\\/\\\/realidadturistica.com\\\/realtur\\\/\"},{\"@type\":\"ListItem\",\"position\":2,\"name\":\"El Aeropuerto de Punta Cana celebra su 40 aniversario con la inauguraci\u00f3n de la \u201cnueva\u201d Terminal B\"}]},{\"@type\":\"WebSite\",\"@id\":\"https:\\\/\\\/realidadturistica.com\\\/realtur\\\/#website\",\"url\":\"https:\\\/\\\/realidadturistica.com\\\/realtur\\\/\",\"name\":\"Realidad Tur\u00edstica\",\"description\":\"\",\"publisher\":{\"@id\":\"https:\\\/\\\/realidadturistica.com\\\/realtur\\\/#organization\"},\"potentialAction\":[{\"@type\":\"SearchAction\",\"target\":{\"@type\":\"EntryPoint\",\"urlTemplate\":\"https:\\\/\\\/realidadturistica.com\\\/realtur\\\/?s={search_term_string}\"},\"query-input\":{\"@type\":\"PropertyValueSpecification\",\"valueRequired\":true,\"valueName\":\"search_term_string\"}}],\"inLanguage\":\"es\"},{\"@type\":\"Organization\",\"@id\":\"https:\\\/\\\/realidadturistica.com\\\/realtur\\\/#organization\",\"name\":\"Realidad Tur\u00edstica\",\"url\":\"https:\\\/\\\/realidadturistica.com\\\/realtur\\\/\",\"logo\":{\"@type\":\"ImageObject\",\"inLanguage\":\"es\",\"@id\":\"https:\\\/\\\/realidadturistica.com\\\/realtur\\\/#\\\/schema\\\/logo\\\/image\\\/\",\"url\":\"https:\\\/\\\/realidadturistica.com\\\/realtur\\\/wp-content\\\/uploads\\\/2021\\\/12\\\/logotipo-realidad-turistica.png\",\"contentUrl\":\"https:\\\/\\\/realidadturistica.com\\\/realtur\\\/wp-content\\\/uploads\\\/2021\\\/12\\\/logotipo-realidad-turistica.png\",\"width\":1382,\"height\":629,\"caption\":\"Realidad Tur\u00edstica\"},\"image\":{\"@id\":\"https:\\\/\\\/realidadturistica.com\\\/realtur\\\/#\\\/schema\\\/logo\\\/image\\\/\"},\"sameAs\":[\"https:\\\/\\\/www.facebook.com\\\/realidadturistica\",\"https:\\\/\\\/www.instagram.com\\\/realidad_turistica\\\/\"]},{\"@type\":\"Person\",\"@id\":\"https:\\\/\\\/realidadturistica.com\\\/realtur\\\/#\\\/schema\\\/person\\\/ade671191202490fcf08ab21590de73e\",\"name\":\"Editor\",\"image\":{\"@type\":\"ImageObject\",\"inLanguage\":\"es\",\"@id\":\"https:\\\/\\\/realidadturistica.com\\\/realtur\\\/wp-content\\\/uploads\\\/2023\\\/09\\\/Editor_avatar_1693668634-96x96.png\",\"url\":\"https:\\\/\\\/realidadturistica.com\\\/realtur\\\/wp-content\\\/uploads\\\/2023\\\/09\\\/Editor_avatar_1693668634-96x96.png\",\"contentUrl\":\"https:\\\/\\\/realidadturistica.com\\\/realtur\\\/wp-content\\\/uploads\\\/2023\\\/09\\\/Editor_avatar_1693668634-96x96.png\",\"caption\":\"Editor\"},\"sameAs\":[\"https:\\\/\\\/realidadturistica.com\\\/realtur\"],\"url\":\"https:\\\/\\\/realidadturistica.com\\\/realtur\\\/author\\\/editor2\\\/\"}]}<\/script>\n<!-- \/ Yoast SEO Premium plugin. -->","yoast_head_json":{"title":"El Aeropuerto de Punta Cana celebra su 40 aniversario con la inauguraci\u00f3n de la \u201cnueva\u201d Terminal B - Realidad Tur\u00edstica","robots":{"index":"index","follow":"follow","max-snippet":"max-snippet:-1","max-image-preview":"max-image-preview:large","max-video-preview":"max-video-preview:-1"},"canonical":"https:\/\/realidadturistica.com\/realtur\/el-aeropuerto-de-punta-cana-celebra-su-40-aniversario-con-la-inauguracion-de-la-nueva-terminal-b\/","og_locale":"es_ES","og_type":"article","og_title":"El Aeropuerto de Punta Cana celebra su 40 aniversario con la inauguraci\u00f3n de la \u201cnueva\u201d Terminal B","og_description":"RD. El Aeropuerto Internacional de Punta Cana (Rep\u00fablica Dominicana) ha celebrado su 40 aniversario con la inauguraci\u00f3n de la ampliaci\u00f3n de la Terminal B. Inaugurado&hellip;","og_url":"https:\/\/realidadturistica.com\/realtur\/el-aeropuerto-de-punta-cana-celebra-su-40-aniversario-con-la-inauguracion-de-la-nueva-terminal-b\/","og_site_name":"Realidad Tur\u00edstica","article_publisher":"https:\/\/www.facebook.com\/realidadturistica","article_published_time":"2024-04-15T03:16:29+00:00","article_modified_time":"2024-04-15T03:16:35+00:00","og_image":[{"width":732,"height":400,"url":"https:\/\/realidadturistica.com\/realtur\/wp-content\/uploads\/2024\/04\/El-Aeropuerto.jpg","type":"image\/jpeg"}],"author":"Editor","twitter_card":"summary_large_image","twitter_misc":{"Escrito por":"Editor","Tiempo de lectura":"2 minutos"},"schema":{"@context":"https:\/\/schema.org","@graph":[{"@type":"Article","@id":"https:\/\/realidadturistica.com\/realtur\/el-aeropuerto-de-punta-cana-celebra-su-40-aniversario-con-la-inauguracion-de-la-nueva-terminal-b\/#article","isPartOf":{"@id":"https:\/\/realidadturistica.com\/realtur\/el-aeropuerto-de-punta-cana-celebra-su-40-aniversario-con-la-inauguracion-de-la-nueva-terminal-b\/"},"author":{"name":"Editor","@id":"https:\/\/realidadturistica.com\/realtur\/#\/schema\/person\/ade671191202490fcf08ab21590de73e"},"headline":"El Aeropuerto de Punta Cana celebra su 40 aniversario con la inauguraci\u00f3n de la \u201cnueva\u201d Terminal B","datePublished":"2024-04-15T03:16:29+00:00","dateModified":"2024-04-15T03:16:35+00:00","mainEntityOfPage":{"@id":"https:\/\/realidadturistica.com\/realtur\/el-aeropuerto-de-punta-cana-celebra-su-40-aniversario-con-la-inauguracion-de-la-nueva-terminal-b\/"},"wordCount":327,"commentCount":0,"publisher":{"@id":"https:\/\/realidadturistica.com\/realtur\/#organization"},"image":{"@id":"https:\/\/realidadturistica.com\/realtur\/el-aeropuerto-de-punta-cana-celebra-su-40-aniversario-con-la-inauguracion-de-la-nueva-terminal-b\/#primaryimage"},"thumbnailUrl":"https:\/\/realidadturistica.com\/realtur\/wp-content\/uploads\/2024\/04\/El-Aeropuerto.jpg","articleSection":["Turismo"],"inLanguage":"es","potentialAction":[{"@type":"CommentAction","name":"Comment","target":["https:\/\/realidadturistica.com\/realtur\/el-aeropuerto-de-punta-cana-celebra-su-40-aniversario-con-la-inauguracion-de-la-nueva-terminal-b\/#respond"]}]},{"@type":"WebPage","@id":"https:\/\/realidadturistica.com\/realtur\/el-aeropuerto-de-punta-cana-celebra-su-40-aniversario-con-la-inauguracion-de-la-nueva-terminal-b\/","url":"https:\/\/realidadturistica.com\/realtur\/el-aeropuerto-de-punta-cana-celebra-su-40-aniversario-con-la-inauguracion-de-la-nueva-terminal-b\/","name":"El Aeropuerto de Punta Cana celebra su 40 aniversario con la inauguraci\u00f3n de la \u201cnueva\u201d Terminal B - Realidad Tur\u00edstica","isPartOf":{"@id":"https:\/\/realidadturistica.com\/realtur\/#website"},"primaryImageOfPage":{"@id":"https:\/\/realidadturistica.com\/realtur\/el-aeropuerto-de-punta-cana-celebra-su-40-aniversario-con-la-inauguracion-de-la-nueva-terminal-b\/#primaryimage"},"image":{"@id":"https:\/\/realidadturistica.com\/realtur\/el-aeropuerto-de-punta-cana-celebra-su-40-aniversario-con-la-inauguracion-de-la-nueva-terminal-b\/#primaryimage"},"thumbnailUrl":"https:\/\/realidadturistica.com\/realtur\/wp-content\/uploads\/2024\/04\/El-Aeropuerto.jpg","datePublished":"2024-04-15T03:16:29+00:00","dateModified":"2024-04-15T03:16:35+00:00","breadcrumb":{"@id":"https:\/\/realidadturistica.com\/realtur\/el-aeropuerto-de-punta-cana-celebra-su-40-aniversario-con-la-inauguracion-de-la-nueva-terminal-b\/#breadcrumb"},"inLanguage":"es","potentialAction":[{"@type":"ReadAction","target":["https:\/\/realidadturistica.com\/realtur\/el-aeropuerto-de-punta-cana-celebra-su-40-aniversario-con-la-inauguracion-de-la-nueva-terminal-b\/"]}]},{"@type":"ImageObject","inLanguage":"es","@id":"https:\/\/realidadturistica.com\/realtur\/el-aeropuerto-de-punta-cana-celebra-su-40-aniversario-con-la-inauguracion-de-la-nueva-terminal-b\/#primaryimage","url":"https:\/\/realidadturistica.com\/realtur\/wp-content\/uploads\/2024\/04\/El-Aeropuerto.jpg","contentUrl":"https:\/\/realidadturistica.com\/realtur\/wp-content\/uploads\/2024\/04\/El-Aeropuerto.jpg","width":732,"height":400},{"@type":"BreadcrumbList","@id":"https:\/\/realidadturistica.com\/realtur\/el-aeropuerto-de-punta-cana-celebra-su-40-aniversario-con-la-inauguracion-de-la-nueva-terminal-b\/#breadcrumb","itemListElement":[{"@type":"ListItem","position":1,"name":"Portada","item":"https:\/\/realidadturistica.com\/realtur\/"},{"@type":"ListItem","position":2,"name":"El Aeropuerto de Punta Cana celebra su 40 aniversario con la inauguraci\u00f3n de la \u201cnueva\u201d Terminal B"}]},{"@type":"WebSite","@id":"https:\/\/realidadturistica.com\/realtur\/#website","url":"https:\/\/realidadturistica.com\/realtur\/","name":"Realidad Tur\u00edstica","description":"","publisher":{"@id":"https:\/\/realidadturistica.com\/realtur\/#organization"},"potentialAction":[{"@type":"SearchAction","target":{"@type":"EntryPoint","urlTemplate":"https:\/\/realidadturistica.com\/realtur\/?s={search_term_string}"},"query-input":{"@type":"PropertyValueSpecification","valueRequired":true,"valueName":"search_term_string"}}],"inLanguage":"es"},{"@type":"Organization","@id":"https:\/\/realidadturistica.com\/realtur\/#organization","name":"Realidad Tur\u00edstica","url":"https:\/\/realidadturistica.com\/realtur\/","logo":{"@type":"ImageObject","inLanguage":"es","@id":"https:\/\/realidadturistica.com\/realtur\/#\/schema\/logo\/image\/","url":"https:\/\/realidadturistica.com\/realtur\/wp-content\/uploads\/2021\/12\/logotipo-realidad-turistica.png","contentUrl":"https:\/\/realidadturistica.com\/realtur\/wp-content\/uploads\/2021\/12\/logotipo-realidad-turistica.png","width":1382,"height":629,"caption":"Realidad Tur\u00edstica"},"image":{"@id":"https:\/\/realidadturistica.com\/realtur\/#\/schema\/logo\/image\/"},"sameAs":["https:\/\/www.facebook.com\/realidadturistica","https:\/\/www.instagram.com\/realidad_turistica\/"]},{"@type":"Person","@id":"https:\/\/realidadturistica.com\/realtur\/#\/schema\/person\/ade671191202490fcf08ab21590de73e","name":"Editor","image":{"@type":"ImageObject","inLanguage":"es","@id":"https:\/\/realidadturistica.com\/realtur\/wp-content\/uploads\/2023\/09\/Editor_avatar_1693668634-96x96.png","url":"https:\/\/realidadturistica.com\/realtur\/wp-content\/uploads\/2023\/09\/Editor_avatar_1693668634-96x96.png","contentUrl":"https:\/\/realidadturistica.com\/realtur\/wp-content\/uploads\/2023\/09\/Editor_avatar_1693668634-96x96.png","caption":"Editor"},"sameAs":["https:\/\/realidadturistica.com\/realtur"],"url":"https:\/\/realidadturistica.com\/realtur\/author\/editor2\/"}]}},"_links":{"self":[{"href":"https:\/\/realidadturistica.com\/realtur\/wp-json\/wp\/v2\/posts\/7048","targetHints":{"allow":["GET"]}}],"collection":[{"href":"https:\/\/realidadturistica.com\/realtur\/wp-json\/wp\/v2\/posts"}],"about":[{"href":"https:\/\/realidadturistica.com\/realtur\/wp-json\/wp\/v2\/types\/post"}],"author":[{"embeddable":true,"href":"https:\/\/realidadturistica.com\/realtur\/wp-json\/wp\/v2\/users\/2"}],"replies":[{"embeddable":true,"href":"https:\/\/realidadturistica.com\/realtur\/wp-json\/wp\/v2\/comments?post=7048"}],"version-history":[{"count":2,"href":"https:\/\/realidadturistica.com\/realtur\/wp-json\/wp\/v2\/posts\/7048\/revisions"}],"predecessor-version":[{"id":7051,"href":"https:\/\/realidadturistica.com\/realtur\/wp-json\/wp\/v2\/posts\/7048\/revisions\/7051"}],"wp:featuredmedia":[{"embeddable":true,"href":"https:\/\/realidadturistica.com\/realtur\/wp-json\/wp\/v2\/media\/7050"}],"wp:attachment":[{"href":"https:\/\/realidadturistica.com\/realtur\/wp-json\/wp\/v2\/media?parent=7048"}],"wp:term":[{"taxonomy":"category","embeddable":true,"href":"https:\/\/realidadturistica.com\/realtur\/wp-json\/wp\/v2\/categories?post=7048"},{"taxonomy":"post_tag","embeddable":true,"href":"https:\/\/realidadturistica.com\/realtur\/wp-json\/wp\/v2\/tags?post=7048"}],"curies":[{"name":"wp","href":"https:\/\/api.w.org\/{rel}","templated":true}]}}