{"id":7080,"date":"2024-04-17T15:04:36","date_gmt":"2024-04-17T15:04:36","guid":{"rendered":"https:\/\/realidadturistica.com\/realtur\/?p=7080"},"modified":"2024-04-17T15:04:41","modified_gmt":"2024-04-17T15:04:41","slug":"gran-interes-internacional-en-la-26a-edicion-de-mitm-americas-queretaro-mexico-26-29-mayo","status":"publish","type":"post","link":"https:\/\/realidadturistica.com\/realtur\/gran-interes-internacional-en-la-26a-edicion-de-mitm-americas-queretaro-mexico-26-29-mayo\/","title":{"rendered":"Gran inter\u00e9s internacional en la 26\u00aa edicion de MITM Americas, Quer\u00e9taro, M\u00e9xico: 26-29 Mayo"},"content":{"rendered":"\n<p class=\"yoast-reading-time__wrapper\"><span class=\"yoast-reading-time__icon\"><svg aria-hidden=\"true\" focusable=\"false\" data-icon=\"clock\" width=\"20\" height=\"20\" fill=\"none\" stroke=\"currentColor\" style=\"display:inline-block;vertical-align:-0.1em\" role=\"img\" xmlns=\"http:\/\/www.w3.org\/2000\/svg\" viewbox=\"0 0 24 24\"><path stroke-linecap=\"round\" stroke-linejoin=\"round\" stroke-width=\"2\" d=\"M12 8v4l3 3m6-3a9 9 0 11-18 0 9 9 0 0118 0z\"><\/path><\/svg><\/span><span class=\"yoast-reading-time__spacer\" style=\"display:inline-block;width:1em\"><\/span><span class=\"yoast-reading-time__descriptive-text\">Tiempo de lectura estimado:  <\/span><span class=\"yoast-reading-time__reading-time\">2<\/span><span class=\"yoast-reading-time__time-unit\"> minutos<\/span><\/p>\n\n\n\n<p>Avanzan los preparativos de la 26\u00aa edici\u00f3n de MITM Americas \u2013 Meetings &amp; Incentive Travel Market \u2013 que tendr\u00e1 lugar por segundo a\u00f1o consecutivo en Santiago de Quer\u00e9taro, M\u00e9xico, del 26 al 29 de mayo.<\/p>\n\n\n\n<p>A d\u00eda de hoy, el evento ha recibido m\u00e1s de 350 registros de compradores provenientes de 53 pa\u00edses: directivos y ejecutivos de empresas corporativas, agencias de incentivo, asociaciones internacionales, event planners, organizadores de congresos, agencias de lujo y tour-operadores con enfoque MICE. El objetivo de MITM Americas es posicionar el turismo MICE y Cultural de alto-standing y para ello seleccionar\u00e1 los 50 mejores compradores para participar en el evento.<\/p>\n\n\n\n<p>MITM Americas es la feria internacional MICE B2B m\u00e1s antigua de las Am\u00e9ricas y del Caribe, habi\u00e9ndose realizado en diecisiete ciudades de diez pa\u00edses. La \u00faltima edici\u00f3n se celebr\u00f3 el a\u00f1o pasado en Santiago de Quer\u00e9taro con un rotundo \u00e9xito, contando con la participaci\u00f3n de m\u00e1s de 80 empresas procedentes de 17 pa\u00edses; realizando m\u00e1s de 1,300 citas de negocios con un impacto econ\u00f3mico estimado a medio y largo plazo de m\u00e1s de 150 millones de euros.<\/p>\n\n\n\n<p>El programa del evento ofrece una agenda de hasta 30 citas preestablecidas con compradores rigurosamente seleccionados. Las jornadas se completar\u00e1n con un programa de networking de alto standing, potenciando el contacto entre todos los participantes para fomentar alianzas empresariales que faciliten el retorno de la inversi\u00f3n.<\/p>\n\n\n\n<p>GSAR Marketing, empresa organizadora, es una empresa de marketing tur\u00edstico global que forma parte del Grupo Convenco: primer \u201cIncentive House\u201d de Espa\u00f1a fundada hace 51 a\u00f1os, en 1973. Desde 1997, GSAR Marketing produce sus propias ferias internacionales especializadas en Turismo Cultural y en el sector MICE. Ferias interactivas pioneras en B2B en Europa, Las Am\u00e9ricas y El Caribe. Hasta la fecha se han realizado 60 exitosas ediciones en 38 ciudades de 18 pa\u00edses.<\/p>\n\n\n\n<p>Para m\u00e1s informaci\u00f3n: sales@mitmevents.com |&nbsp; +34 915 414 307<\/p>\n","protected":false},"excerpt":{"rendered":"<p>Avanzan los preparativos de la 26\u00aa edici\u00f3n de MITM Americas \u2013 Meetings &amp; Incentive Travel Market \u2013 que tendr\u00e1 lugar por segundo a\u00f1o consecutivo en&hellip;<\/p>\n","protected":false},"author":2,"featured_media":7083,"comment_status":"open","ping_status":"closed","sticky":false,"template":"","format":"standard","meta":{"content-type":"","_lmt_disableupdate":"","_lmt_disable":"","footnotes":""},"categories":[5],"tags":[],"class_list":["post-7080","post","type-post","status-publish","format-standard","has-post-thumbnail","hentry","category-mice"],"yoast_head":"<!-- This site is optimized with the Yoast SEO Premium plugin v27.4 (Yoast SEO v27.5) - https:\/\/yoast.com\/product\/yoast-seo-premium-wordpress\/ -->\n<title>Gran inter\u00e9s internacional en la 26\u00aa edicion de MITM Americas, Quer\u00e9taro, M\u00e9xico: 26-29 Mayo - Realidad Tur\u00edstica<\/title>\n<meta name=\"robots\" content=\"index, follow, max-snippet:-1, max-image-preview:large, max-video-preview:-1\" \/>\n<link rel=\"canonical\" href=\"https:\/\/realidadturistica.com\/realtur\/gran-interes-internacional-en-la-26a-edicion-de-mitm-americas-queretaro-mexico-26-29-mayo\/\" \/>\n<meta property=\"og:locale\" content=\"es_ES\" \/>\n<meta property=\"og:type\" content=\"article\" \/>\n<meta property=\"og:title\" content=\"Gran inter\u00e9s internacional en la 26\u00aa edicion de MITM Americas, Quer\u00e9taro, M\u00e9xico: 26-29 Mayo\" \/>\n<meta property=\"og:description\" content=\"Avanzan los preparativos de la 26\u00aa edici\u00f3n de MITM Americas \u2013 Meetings &amp; Incentive Travel Market \u2013 que tendr\u00e1 lugar por segundo a\u00f1o consecutivo en&hellip;\" \/>\n<meta property=\"og:url\" content=\"https:\/\/realidadturistica.com\/realtur\/gran-interes-internacional-en-la-26a-edicion-de-mitm-americas-queretaro-mexico-26-29-mayo\/\" \/>\n<meta property=\"og:site_name\" content=\"Realidad Tur\u00edstica\" \/>\n<meta property=\"article:publisher\" content=\"https:\/\/www.facebook.com\/realidadturistica\" \/>\n<meta property=\"article:published_time\" content=\"2024-04-17T15:04:36+00:00\" \/>\n<meta property=\"article:modified_time\" content=\"2024-04-17T15:04:41+00:00\" \/>\n<meta property=\"og:image\" content=\"https:\/\/realidadturistica.com\/realtur\/wp-content\/uploads\/2024\/04\/Gran-interes.jpg\" \/>\n\t<meta property=\"og:image:width\" content=\"1000\" \/>\n\t<meta property=\"og:image:height\" content=\"667\" \/>\n\t<meta property=\"og:image:type\" content=\"image\/jpeg\" \/>\n<meta name=\"author\" content=\"Editor\" \/>\n<meta name=\"twitter:card\" content=\"summary_large_image\" \/>\n<meta name=\"twitter:label1\" content=\"Escrito por\" \/>\n\t<meta name=\"twitter:data1\" content=\"Editor\" \/>\n\t<meta name=\"twitter:label2\" content=\"Tiempo de lectura\" \/>\n\t<meta name=\"twitter:data2\" content=\"2 minutos\" \/>\n<script type=\"application\/ld+json\" class=\"yoast-schema-graph\">{\"@context\":\"https:\\\/\\\/schema.org\",\"@graph\":[{\"@type\":\"Article\",\"@id\":\"https:\\\/\\\/realidadturistica.com\\\/realtur\\\/gran-interes-internacional-en-la-26a-edicion-de-mitm-americas-queretaro-mexico-26-29-mayo\\\/#article\",\"isPartOf\":{\"@id\":\"https:\\\/\\\/realidadturistica.com\\\/realtur\\\/gran-interes-internacional-en-la-26a-edicion-de-mitm-americas-queretaro-mexico-26-29-mayo\\\/\"},\"author\":{\"name\":\"Editor\",\"@id\":\"https:\\\/\\\/realidadturistica.com\\\/realtur\\\/#\\\/schema\\\/person\\\/ade671191202490fcf08ab21590de73e\"},\"headline\":\"Gran inter\u00e9s internacional en la 26\u00aa edicion de MITM Americas, Quer\u00e9taro, M\u00e9xico: 26-29 Mayo\",\"datePublished\":\"2024-04-17T15:04:36+00:00\",\"dateModified\":\"2024-04-17T15:04:41+00:00\",\"mainEntityOfPage\":{\"@id\":\"https:\\\/\\\/realidadturistica.com\\\/realtur\\\/gran-interes-internacional-en-la-26a-edicion-de-mitm-americas-queretaro-mexico-26-29-mayo\\\/\"},\"wordCount\":340,\"commentCount\":0,\"publisher\":{\"@id\":\"https:\\\/\\\/realidadturistica.com\\\/realtur\\\/#organization\"},\"image\":{\"@id\":\"https:\\\/\\\/realidadturistica.com\\\/realtur\\\/gran-interes-internacional-en-la-26a-edicion-de-mitm-americas-queretaro-mexico-26-29-mayo\\\/#primaryimage\"},\"thumbnailUrl\":\"https:\\\/\\\/realidadturistica.com\\\/realtur\\\/wp-content\\\/uploads\\\/2024\\\/04\\\/Gran-interes.jpg\",\"articleSection\":[\"MICE\"],\"inLanguage\":\"es\",\"potentialAction\":[{\"@type\":\"CommentAction\",\"name\":\"Comment\",\"target\":[\"https:\\\/\\\/realidadturistica.com\\\/realtur\\\/gran-interes-internacional-en-la-26a-edicion-de-mitm-americas-queretaro-mexico-26-29-mayo\\\/#respond\"]}]},{\"@type\":\"WebPage\",\"@id\":\"https:\\\/\\\/realidadturistica.com\\\/realtur\\\/gran-interes-internacional-en-la-26a-edicion-de-mitm-americas-queretaro-mexico-26-29-mayo\\\/\",\"url\":\"https:\\\/\\\/realidadturistica.com\\\/realtur\\\/gran-interes-internacional-en-la-26a-edicion-de-mitm-americas-queretaro-mexico-26-29-mayo\\\/\",\"name\":\"Gran inter\u00e9s internacional en la 26\u00aa edicion de MITM Americas, Quer\u00e9taro, M\u00e9xico: 26-29 Mayo - Realidad Tur\u00edstica\",\"isPartOf\":{\"@id\":\"https:\\\/\\\/realidadturistica.com\\\/realtur\\\/#website\"},\"primaryImageOfPage\":{\"@id\":\"https:\\\/\\\/realidadturistica.com\\\/realtur\\\/gran-interes-internacional-en-la-26a-edicion-de-mitm-americas-queretaro-mexico-26-29-mayo\\\/#primaryimage\"},\"image\":{\"@id\":\"https:\\\/\\\/realidadturistica.com\\\/realtur\\\/gran-interes-internacional-en-la-26a-edicion-de-mitm-americas-queretaro-mexico-26-29-mayo\\\/#primaryimage\"},\"thumbnailUrl\":\"https:\\\/\\\/realidadturistica.com\\\/realtur\\\/wp-content\\\/uploads\\\/2024\\\/04\\\/Gran-interes.jpg\",\"datePublished\":\"2024-04-17T15:04:36+00:00\",\"dateModified\":\"2024-04-17T15:04:41+00:00\",\"breadcrumb\":{\"@id\":\"https:\\\/\\\/realidadturistica.com\\\/realtur\\\/gran-interes-internacional-en-la-26a-edicion-de-mitm-americas-queretaro-mexico-26-29-mayo\\\/#breadcrumb\"},\"inLanguage\":\"es\",\"potentialAction\":[{\"@type\":\"ReadAction\",\"target\":[\"https:\\\/\\\/realidadturistica.com\\\/realtur\\\/gran-interes-internacional-en-la-26a-edicion-de-mitm-americas-queretaro-mexico-26-29-mayo\\\/\"]}]},{\"@type\":\"ImageObject\",\"inLanguage\":\"es\",\"@id\":\"https:\\\/\\\/realidadturistica.com\\\/realtur\\\/gran-interes-internacional-en-la-26a-edicion-de-mitm-americas-queretaro-mexico-26-29-mayo\\\/#primaryimage\",\"url\":\"https:\\\/\\\/realidadturistica.com\\\/realtur\\\/wp-content\\\/uploads\\\/2024\\\/04\\\/Gran-interes.jpg\",\"contentUrl\":\"https:\\\/\\\/realidadturistica.com\\\/realtur\\\/wp-content\\\/uploads\\\/2024\\\/04\\\/Gran-interes.jpg\",\"width\":1000,\"height\":667},{\"@type\":\"BreadcrumbList\",\"@id\":\"https:\\\/\\\/realidadturistica.com\\\/realtur\\\/gran-interes-internacional-en-la-26a-edicion-de-mitm-americas-queretaro-mexico-26-29-mayo\\\/#breadcrumb\",\"itemListElement\":[{\"@type\":\"ListItem\",\"position\":1,\"name\":\"Portada\",\"item\":\"https:\\\/\\\/realidadturistica.com\\\/realtur\\\/\"},{\"@type\":\"ListItem\",\"position\":2,\"name\":\"Gran inter\u00e9s internacional en la 26\u00aa edicion de MITM Americas, Quer\u00e9taro, M\u00e9xico: 26-29 Mayo\"}]},{\"@type\":\"WebSite\",\"@id\":\"https:\\\/\\\/realidadturistica.com\\\/realtur\\\/#website\",\"url\":\"https:\\\/\\\/realidadturistica.com\\\/realtur\\\/\",\"name\":\"Realidad Tur\u00edstica\",\"description\":\"\",\"publisher\":{\"@id\":\"https:\\\/\\\/realidadturistica.com\\\/realtur\\\/#organization\"},\"potentialAction\":[{\"@type\":\"SearchAction\",\"target\":{\"@type\":\"EntryPoint\",\"urlTemplate\":\"https:\\\/\\\/realidadturistica.com\\\/realtur\\\/?s={search_term_string}\"},\"query-input\":{\"@type\":\"PropertyValueSpecification\",\"valueRequired\":true,\"valueName\":\"search_term_string\"}}],\"inLanguage\":\"es\"},{\"@type\":\"Organization\",\"@id\":\"https:\\\/\\\/realidadturistica.com\\\/realtur\\\/#organization\",\"name\":\"Realidad Tur\u00edstica\",\"url\":\"https:\\\/\\\/realidadturistica.com\\\/realtur\\\/\",\"logo\":{\"@type\":\"ImageObject\",\"inLanguage\":\"es\",\"@id\":\"https:\\\/\\\/realidadturistica.com\\\/realtur\\\/#\\\/schema\\\/logo\\\/image\\\/\",\"url\":\"https:\\\/\\\/realidadturistica.com\\\/realtur\\\/wp-content\\\/uploads\\\/2021\\\/12\\\/logotipo-realidad-turistica.png\",\"contentUrl\":\"https:\\\/\\\/realidadturistica.com\\\/realtur\\\/wp-content\\\/uploads\\\/2021\\\/12\\\/logotipo-realidad-turistica.png\",\"width\":1382,\"height\":629,\"caption\":\"Realidad Tur\u00edstica\"},\"image\":{\"@id\":\"https:\\\/\\\/realidadturistica.com\\\/realtur\\\/#\\\/schema\\\/logo\\\/image\\\/\"},\"sameAs\":[\"https:\\\/\\\/www.facebook.com\\\/realidadturistica\",\"https:\\\/\\\/www.instagram.com\\\/realidad_turistica\\\/\"]},{\"@type\":\"Person\",\"@id\":\"https:\\\/\\\/realidadturistica.com\\\/realtur\\\/#\\\/schema\\\/person\\\/ade671191202490fcf08ab21590de73e\",\"name\":\"Editor\",\"image\":{\"@type\":\"ImageObject\",\"inLanguage\":\"es\",\"@id\":\"https:\\\/\\\/realidadturistica.com\\\/realtur\\\/wp-content\\\/uploads\\\/2023\\\/09\\\/Editor_avatar_1693668634-96x96.png\",\"url\":\"https:\\\/\\\/realidadturistica.com\\\/realtur\\\/wp-content\\\/uploads\\\/2023\\\/09\\\/Editor_avatar_1693668634-96x96.png\",\"contentUrl\":\"https:\\\/\\\/realidadturistica.com\\\/realtur\\\/wp-content\\\/uploads\\\/2023\\\/09\\\/Editor_avatar_1693668634-96x96.png\",\"caption\":\"Editor\"},\"sameAs\":[\"https:\\\/\\\/realidadturistica.com\\\/realtur\"],\"url\":\"https:\\\/\\\/realidadturistica.com\\\/realtur\\\/author\\\/editor2\\\/\"}]}<\/script>\n<!-- \/ Yoast SEO Premium plugin. -->","yoast_head_json":{"title":"Gran inter\u00e9s internacional en la 26\u00aa edicion de MITM Americas, Quer\u00e9taro, M\u00e9xico: 26-29 Mayo - Realidad Tur\u00edstica","robots":{"index":"index","follow":"follow","max-snippet":"max-snippet:-1","max-image-preview":"max-image-preview:large","max-video-preview":"max-video-preview:-1"},"canonical":"https:\/\/realidadturistica.com\/realtur\/gran-interes-internacional-en-la-26a-edicion-de-mitm-americas-queretaro-mexico-26-29-mayo\/","og_locale":"es_ES","og_type":"article","og_title":"Gran inter\u00e9s internacional en la 26\u00aa edicion de MITM Americas, Quer\u00e9taro, M\u00e9xico: 26-29 Mayo","og_description":"Avanzan los preparativos de la 26\u00aa edici\u00f3n de MITM Americas \u2013 Meetings &amp; Incentive Travel Market \u2013 que tendr\u00e1 lugar por segundo a\u00f1o consecutivo en&hellip;","og_url":"https:\/\/realidadturistica.com\/realtur\/gran-interes-internacional-en-la-26a-edicion-de-mitm-americas-queretaro-mexico-26-29-mayo\/","og_site_name":"Realidad Tur\u00edstica","article_publisher":"https:\/\/www.facebook.com\/realidadturistica","article_published_time":"2024-04-17T15:04:36+00:00","article_modified_time":"2024-04-17T15:04:41+00:00","og_image":[{"width":1000,"height":667,"url":"https:\/\/realidadturistica.com\/realtur\/wp-content\/uploads\/2024\/04\/Gran-interes.jpg","type":"image\/jpeg"}],"author":"Editor","twitter_card":"summary_large_image","twitter_misc":{"Escrito por":"Editor","Tiempo de lectura":"2 minutos"},"schema":{"@context":"https:\/\/schema.org","@graph":[{"@type":"Article","@id":"https:\/\/realidadturistica.com\/realtur\/gran-interes-internacional-en-la-26a-edicion-de-mitm-americas-queretaro-mexico-26-29-mayo\/#article","isPartOf":{"@id":"https:\/\/realidadturistica.com\/realtur\/gran-interes-internacional-en-la-26a-edicion-de-mitm-americas-queretaro-mexico-26-29-mayo\/"},"author":{"name":"Editor","@id":"https:\/\/realidadturistica.com\/realtur\/#\/schema\/person\/ade671191202490fcf08ab21590de73e"},"headline":"Gran inter\u00e9s internacional en la 26\u00aa edicion de MITM Americas, Quer\u00e9taro, M\u00e9xico: 26-29 Mayo","datePublished":"2024-04-17T15:04:36+00:00","dateModified":"2024-04-17T15:04:41+00:00","mainEntityOfPage":{"@id":"https:\/\/realidadturistica.com\/realtur\/gran-interes-internacional-en-la-26a-edicion-de-mitm-americas-queretaro-mexico-26-29-mayo\/"},"wordCount":340,"commentCount":0,"publisher":{"@id":"https:\/\/realidadturistica.com\/realtur\/#organization"},"image":{"@id":"https:\/\/realidadturistica.com\/realtur\/gran-interes-internacional-en-la-26a-edicion-de-mitm-americas-queretaro-mexico-26-29-mayo\/#primaryimage"},"thumbnailUrl":"https:\/\/realidadturistica.com\/realtur\/wp-content\/uploads\/2024\/04\/Gran-interes.jpg","articleSection":["MICE"],"inLanguage":"es","potentialAction":[{"@type":"CommentAction","name":"Comment","target":["https:\/\/realidadturistica.com\/realtur\/gran-interes-internacional-en-la-26a-edicion-de-mitm-americas-queretaro-mexico-26-29-mayo\/#respond"]}]},{"@type":"WebPage","@id":"https:\/\/realidadturistica.com\/realtur\/gran-interes-internacional-en-la-26a-edicion-de-mitm-americas-queretaro-mexico-26-29-mayo\/","url":"https:\/\/realidadturistica.com\/realtur\/gran-interes-internacional-en-la-26a-edicion-de-mitm-americas-queretaro-mexico-26-29-mayo\/","name":"Gran inter\u00e9s internacional en la 26\u00aa edicion de MITM Americas, Quer\u00e9taro, M\u00e9xico: 26-29 Mayo - Realidad Tur\u00edstica","isPartOf":{"@id":"https:\/\/realidadturistica.com\/realtur\/#website"},"primaryImageOfPage":{"@id":"https:\/\/realidadturistica.com\/realtur\/gran-interes-internacional-en-la-26a-edicion-de-mitm-americas-queretaro-mexico-26-29-mayo\/#primaryimage"},"image":{"@id":"https:\/\/realidadturistica.com\/realtur\/gran-interes-internacional-en-la-26a-edicion-de-mitm-americas-queretaro-mexico-26-29-mayo\/#primaryimage"},"thumbnailUrl":"https:\/\/realidadturistica.com\/realtur\/wp-content\/uploads\/2024\/04\/Gran-interes.jpg","datePublished":"2024-04-17T15:04:36+00:00","dateModified":"2024-04-17T15:04:41+00:00","breadcrumb":{"@id":"https:\/\/realidadturistica.com\/realtur\/gran-interes-internacional-en-la-26a-edicion-de-mitm-americas-queretaro-mexico-26-29-mayo\/#breadcrumb"},"inLanguage":"es","potentialAction":[{"@type":"ReadAction","target":["https:\/\/realidadturistica.com\/realtur\/gran-interes-internacional-en-la-26a-edicion-de-mitm-americas-queretaro-mexico-26-29-mayo\/"]}]},{"@type":"ImageObject","inLanguage":"es","@id":"https:\/\/realidadturistica.com\/realtur\/gran-interes-internacional-en-la-26a-edicion-de-mitm-americas-queretaro-mexico-26-29-mayo\/#primaryimage","url":"https:\/\/realidadturistica.com\/realtur\/wp-content\/uploads\/2024\/04\/Gran-interes.jpg","contentUrl":"https:\/\/realidadturistica.com\/realtur\/wp-content\/uploads\/2024\/04\/Gran-interes.jpg","width":1000,"height":667},{"@type":"BreadcrumbList","@id":"https:\/\/realidadturistica.com\/realtur\/gran-interes-internacional-en-la-26a-edicion-de-mitm-americas-queretaro-mexico-26-29-mayo\/#breadcrumb","itemListElement":[{"@type":"ListItem","position":1,"name":"Portada","item":"https:\/\/realidadturistica.com\/realtur\/"},{"@type":"ListItem","position":2,"name":"Gran inter\u00e9s internacional en la 26\u00aa edicion de MITM Americas, Quer\u00e9taro, M\u00e9xico: 26-29 Mayo"}]},{"@type":"WebSite","@id":"https:\/\/realidadturistica.com\/realtur\/#website","url":"https:\/\/realidadturistica.com\/realtur\/","name":"Realidad Tur\u00edstica","description":"","publisher":{"@id":"https:\/\/realidadturistica.com\/realtur\/#organization"},"potentialAction":[{"@type":"SearchAction","target":{"@type":"EntryPoint","urlTemplate":"https:\/\/realidadturistica.com\/realtur\/?s={search_term_string}"},"query-input":{"@type":"PropertyValueSpecification","valueRequired":true,"valueName":"search_term_string"}}],"inLanguage":"es"},{"@type":"Organization","@id":"https:\/\/realidadturistica.com\/realtur\/#organization","name":"Realidad Tur\u00edstica","url":"https:\/\/realidadturistica.com\/realtur\/","logo":{"@type":"ImageObject","inLanguage":"es","@id":"https:\/\/realidadturistica.com\/realtur\/#\/schema\/logo\/image\/","url":"https:\/\/realidadturistica.com\/realtur\/wp-content\/uploads\/2021\/12\/logotipo-realidad-turistica.png","contentUrl":"https:\/\/realidadturistica.com\/realtur\/wp-content\/uploads\/2021\/12\/logotipo-realidad-turistica.png","width":1382,"height":629,"caption":"Realidad Tur\u00edstica"},"image":{"@id":"https:\/\/realidadturistica.com\/realtur\/#\/schema\/logo\/image\/"},"sameAs":["https:\/\/www.facebook.com\/realidadturistica","https:\/\/www.instagram.com\/realidad_turistica\/"]},{"@type":"Person","@id":"https:\/\/realidadturistica.com\/realtur\/#\/schema\/person\/ade671191202490fcf08ab21590de73e","name":"Editor","image":{"@type":"ImageObject","inLanguage":"es","@id":"https:\/\/realidadturistica.com\/realtur\/wp-content\/uploads\/2023\/09\/Editor_avatar_1693668634-96x96.png","url":"https:\/\/realidadturistica.com\/realtur\/wp-content\/uploads\/2023\/09\/Editor_avatar_1693668634-96x96.png","contentUrl":"https:\/\/realidadturistica.com\/realtur\/wp-content\/uploads\/2023\/09\/Editor_avatar_1693668634-96x96.png","caption":"Editor"},"sameAs":["https:\/\/realidadturistica.com\/realtur"],"url":"https:\/\/realidadturistica.com\/realtur\/author\/editor2\/"}]}},"_links":{"self":[{"href":"https:\/\/realidadturistica.com\/realtur\/wp-json\/wp\/v2\/posts\/7080","targetHints":{"allow":["GET"]}}],"collection":[{"href":"https:\/\/realidadturistica.com\/realtur\/wp-json\/wp\/v2\/posts"}],"about":[{"href":"https:\/\/realidadturistica.com\/realtur\/wp-json\/wp\/v2\/types\/post"}],"author":[{"embeddable":true,"href":"https:\/\/realidadturistica.com\/realtur\/wp-json\/wp\/v2\/users\/2"}],"replies":[{"embeddable":true,"href":"https:\/\/realidadturistica.com\/realtur\/wp-json\/wp\/v2\/comments?post=7080"}],"version-history":[{"count":1,"href":"https:\/\/realidadturistica.com\/realtur\/wp-json\/wp\/v2\/posts\/7080\/revisions"}],"predecessor-version":[{"id":7082,"href":"https:\/\/realidadturistica.com\/realtur\/wp-json\/wp\/v2\/posts\/7080\/revisions\/7082"}],"wp:featuredmedia":[{"embeddable":true,"href":"https:\/\/realidadturistica.com\/realtur\/wp-json\/wp\/v2\/media\/7083"}],"wp:attachment":[{"href":"https:\/\/realidadturistica.com\/realtur\/wp-json\/wp\/v2\/media?parent=7080"}],"wp:term":[{"taxonomy":"category","embeddable":true,"href":"https:\/\/realidadturistica.com\/realtur\/wp-json\/wp\/v2\/categories?post=7080"},{"taxonomy":"post_tag","embeddable":true,"href":"https:\/\/realidadturistica.com\/realtur\/wp-json\/wp\/v2\/tags?post=7080"}],"curies":[{"name":"wp","href":"https:\/\/api.w.org\/{rel}","templated":true}]}}