{"id":7114,"date":"2024-04-22T13:30:10","date_gmt":"2024-04-22T13:30:10","guid":{"rendered":"https:\/\/realidadturistica.com\/realtur\/?p=7114"},"modified":"2024-04-22T13:30:16","modified_gmt":"2024-04-22T13:30:16","slug":"holiday-inn-express-suites-se-estrena-en-espana-con-130-habitaciones-en-sabadell","status":"publish","type":"post","link":"https:\/\/realidadturistica.com\/realtur\/holiday-inn-express-suites-se-estrena-en-espana-con-130-habitaciones-en-sabadell\/","title":{"rendered":"Holiday Inn Express &amp; Suites se estrena en Espa\u00f1a con 130 habitaciones en Sabadell"},"content":{"rendered":"\n<p class=\"yoast-reading-time__wrapper\"><span class=\"yoast-reading-time__icon\"><svg aria-hidden=\"true\" focusable=\"false\" data-icon=\"clock\" width=\"20\" height=\"20\" fill=\"none\" stroke=\"currentColor\" style=\"display:inline-block;vertical-align:-0.1em\" role=\"img\" xmlns=\"http:\/\/www.w3.org\/2000\/svg\" viewbox=\"0 0 24 24\"><path stroke-linecap=\"round\" stroke-linejoin=\"round\" stroke-width=\"2\" d=\"M12 8v4l3 3m6-3a9 9 0 11-18 0 9 9 0 0118 0z\"><\/path><\/svg><\/span><span class=\"yoast-reading-time__spacer\" style=\"display:inline-block;width:1em\"><\/span><span class=\"yoast-reading-time__descriptive-text\">Tiempo de lectura estimado:  <\/span><span class=\"yoast-reading-time__reading-time\">2<\/span><span class=\"yoast-reading-time__time-unit\"> minutos<\/span><\/p>\n\n\n\n<p>Espa\u00f1a. IHG Hotels &amp; Resorts y la gestora Hotel Collection Internacional (HCI) abrir\u00e1n en Sabadell el primer Holiday Inn Express &amp; Suites de Espa\u00f1a que contar\u00e1 con 130 habitaciones, de las cuales 20 incorporan cocina en suite.<\/p>\n\n\n\n<p>El nuevo hotel aspira a convertirse en una referencia en el mercado espa\u00f1ol por su compromiso con la sostenibilidad ambiental. La promotora y arrendadora de inmueble, Europa Center, contempla en el proyecto la conexi\u00f3n a la red de aguas regeneradas municipal del sector de San Pablo de R\u00edo Seco, lo cual supondr\u00e1 una importante reducci\u00f3n en el consumo de agua del establecimiento cuando est\u00e9 operativo, indican desde la cadena.<\/p>\n\n\n\n<figure class=\"wp-block-image size-large\"><img fetchpriority=\"high\" decoding=\"async\" width=\"1024\" height=\"701\" src=\"https:\/\/realidadturistica.com\/realtur\/wp-content\/uploads\/2024\/04\/EC3-007-VIZ-RECEPCION-1536x1052-1-1024x701.jpg\" alt=\"\" class=\"wp-image-7118\" srcset=\"https:\/\/realidadturistica.com\/realtur\/wp-content\/uploads\/2024\/04\/EC3-007-VIZ-RECEPCION-1536x1052-1-1024x701.jpg 1024w, https:\/\/realidadturistica.com\/realtur\/wp-content\/uploads\/2024\/04\/EC3-007-VIZ-RECEPCION-1536x1052-1-300x205.jpg 300w, https:\/\/realidadturistica.com\/realtur\/wp-content\/uploads\/2024\/04\/EC3-007-VIZ-RECEPCION-1536x1052-1-768x526.jpg 768w, https:\/\/realidadturistica.com\/realtur\/wp-content\/uploads\/2024\/04\/EC3-007-VIZ-RECEPCION-1536x1052-1-1170x801.jpg 1170w, https:\/\/realidadturistica.com\/realtur\/wp-content\/uploads\/2024\/04\/EC3-007-VIZ-RECEPCION-1536x1052-1-585x401.jpg 585w, https:\/\/realidadturistica.com\/realtur\/wp-content\/uploads\/2024\/04\/EC3-007-VIZ-RECEPCION-1536x1052-1.jpg 1536w\" sizes=\"(max-width: 1024px) 100vw, 1024px\" \/><\/figure>\n\n\n\n<p>Asimismo, toda la parcela, que incluye el hotel y dos edificaciones menores, ha sido planificada para asegurar una integraci\u00f3n arm\u00f3nica con el entorno. En ese sentido, se a\u00f1adir\u00e1 un carril bici que conectar\u00e1 con la red ciclista existente, fomentando el transporte sostenible y la movilidad urbana.<\/p>\n\n\n\n<p>El proyecto se encuentra en fase inicial de desarrollo por lo que los promotores est\u00e1n llevando a cabo trabajos preventivos de control arqueol\u00f3gico por tratarse de una zona de expectativa arqueol\u00f3gica de especial inter\u00e9s para el municipio de Sabadell.<\/p>\n\n\n\n<p>Fuente: Desarrollo.<\/p>\n","protected":false},"excerpt":{"rendered":"<p>Espa\u00f1a. IHG Hotels &amp; Resorts y la gestora Hotel Collection Internacional (HCI) abrir\u00e1n en Sabadell el primer Holiday Inn Express &amp; Suites de Espa\u00f1a que&hellip;<\/p>\n","protected":false},"author":2,"featured_media":7116,"comment_status":"open","ping_status":"closed","sticky":false,"template":"","format":"standard","meta":{"content-type":"","_lmt_disableupdate":"","_lmt_disable":"","footnotes":""},"categories":[6],"tags":[],"class_list":["post-7114","post","type-post","status-publish","format-standard","has-post-thumbnail","hentry","category-turismo"],"yoast_head":"<!-- This site is optimized with the Yoast SEO Premium plugin v27.4 (Yoast SEO v27.5) - https:\/\/yoast.com\/product\/yoast-seo-premium-wordpress\/ -->\n<title>Holiday Inn Express &amp; Suites se estrena en Espa\u00f1a con 130 habitaciones en Sabadell - Realidad Tur\u00edstica<\/title>\n<meta name=\"robots\" content=\"index, follow, max-snippet:-1, max-image-preview:large, max-video-preview:-1\" \/>\n<link rel=\"canonical\" href=\"https:\/\/realidadturistica.com\/realtur\/holiday-inn-express-suites-se-estrena-en-espana-con-130-habitaciones-en-sabadell\/\" \/>\n<meta property=\"og:locale\" content=\"es_ES\" \/>\n<meta property=\"og:type\" content=\"article\" \/>\n<meta property=\"og:title\" content=\"Holiday Inn Express &amp; Suites se estrena en Espa\u00f1a con 130 habitaciones en Sabadell\" \/>\n<meta property=\"og:description\" content=\"Espa\u00f1a. IHG Hotels &amp; Resorts y la gestora Hotel Collection Internacional (HCI) abrir\u00e1n en Sabadell el primer Holiday Inn Express &amp; Suites de Espa\u00f1a que&hellip;\" \/>\n<meta property=\"og:url\" content=\"https:\/\/realidadturistica.com\/realtur\/holiday-inn-express-suites-se-estrena-en-espana-con-130-habitaciones-en-sabadell\/\" \/>\n<meta property=\"og:site_name\" content=\"Realidad Tur\u00edstica\" \/>\n<meta property=\"article:publisher\" content=\"https:\/\/www.facebook.com\/realidadturistica\" \/>\n<meta property=\"article:published_time\" content=\"2024-04-22T13:30:10+00:00\" \/>\n<meta property=\"article:modified_time\" content=\"2024-04-22T13:30:16+00:00\" \/>\n<meta property=\"og:image\" content=\"https:\/\/realidadturistica.com\/realtur\/wp-content\/uploads\/2024\/04\/EC3-007-230731-VI-CAM2-v1-800x533-1.jpg\" \/>\n\t<meta property=\"og:image:width\" content=\"800\" \/>\n\t<meta property=\"og:image:height\" content=\"533\" \/>\n\t<meta property=\"og:image:type\" content=\"image\/jpeg\" \/>\n<meta name=\"author\" content=\"Editor\" \/>\n<meta name=\"twitter:card\" content=\"summary_large_image\" \/>\n<meta name=\"twitter:label1\" content=\"Escrito por\" \/>\n\t<meta name=\"twitter:data1\" content=\"Editor\" \/>\n\t<meta name=\"twitter:label2\" content=\"Tiempo de lectura\" \/>\n\t<meta name=\"twitter:data2\" content=\"2 minutos\" \/>\n<script type=\"application\/ld+json\" class=\"yoast-schema-graph\">{\"@context\":\"https:\\\/\\\/schema.org\",\"@graph\":[{\"@type\":\"Article\",\"@id\":\"https:\\\/\\\/realidadturistica.com\\\/realtur\\\/holiday-inn-express-suites-se-estrena-en-espana-con-130-habitaciones-en-sabadell\\\/#article\",\"isPartOf\":{\"@id\":\"https:\\\/\\\/realidadturistica.com\\\/realtur\\\/holiday-inn-express-suites-se-estrena-en-espana-con-130-habitaciones-en-sabadell\\\/\"},\"author\":{\"name\":\"Editor\",\"@id\":\"https:\\\/\\\/realidadturistica.com\\\/realtur\\\/#\\\/schema\\\/person\\\/ade671191202490fcf08ab21590de73e\"},\"headline\":\"Holiday Inn Express &amp; Suites se estrena en Espa\u00f1a con 130 habitaciones en Sabadell\",\"datePublished\":\"2024-04-22T13:30:10+00:00\",\"dateModified\":\"2024-04-22T13:30:16+00:00\",\"mainEntityOfPage\":{\"@id\":\"https:\\\/\\\/realidadturistica.com\\\/realtur\\\/holiday-inn-express-suites-se-estrena-en-espana-con-130-habitaciones-en-sabadell\\\/\"},\"wordCount\":224,\"commentCount\":0,\"publisher\":{\"@id\":\"https:\\\/\\\/realidadturistica.com\\\/realtur\\\/#organization\"},\"image\":{\"@id\":\"https:\\\/\\\/realidadturistica.com\\\/realtur\\\/holiday-inn-express-suites-se-estrena-en-espana-con-130-habitaciones-en-sabadell\\\/#primaryimage\"},\"thumbnailUrl\":\"https:\\\/\\\/realidadturistica.com\\\/realtur\\\/wp-content\\\/uploads\\\/2024\\\/04\\\/EC3-007-230731-VI-CAM2-v1-800x533-1.jpg\",\"articleSection\":[\"Turismo\"],\"inLanguage\":\"es\",\"potentialAction\":[{\"@type\":\"CommentAction\",\"name\":\"Comment\",\"target\":[\"https:\\\/\\\/realidadturistica.com\\\/realtur\\\/holiday-inn-express-suites-se-estrena-en-espana-con-130-habitaciones-en-sabadell\\\/#respond\"]}]},{\"@type\":\"WebPage\",\"@id\":\"https:\\\/\\\/realidadturistica.com\\\/realtur\\\/holiday-inn-express-suites-se-estrena-en-espana-con-130-habitaciones-en-sabadell\\\/\",\"url\":\"https:\\\/\\\/realidadturistica.com\\\/realtur\\\/holiday-inn-express-suites-se-estrena-en-espana-con-130-habitaciones-en-sabadell\\\/\",\"name\":\"Holiday Inn Express &amp; Suites se estrena en Espa\u00f1a con 130 habitaciones en Sabadell - Realidad Tur\u00edstica\",\"isPartOf\":{\"@id\":\"https:\\\/\\\/realidadturistica.com\\\/realtur\\\/#website\"},\"primaryImageOfPage\":{\"@id\":\"https:\\\/\\\/realidadturistica.com\\\/realtur\\\/holiday-inn-express-suites-se-estrena-en-espana-con-130-habitaciones-en-sabadell\\\/#primaryimage\"},\"image\":{\"@id\":\"https:\\\/\\\/realidadturistica.com\\\/realtur\\\/holiday-inn-express-suites-se-estrena-en-espana-con-130-habitaciones-en-sabadell\\\/#primaryimage\"},\"thumbnailUrl\":\"https:\\\/\\\/realidadturistica.com\\\/realtur\\\/wp-content\\\/uploads\\\/2024\\\/04\\\/EC3-007-230731-VI-CAM2-v1-800x533-1.jpg\",\"datePublished\":\"2024-04-22T13:30:10+00:00\",\"dateModified\":\"2024-04-22T13:30:16+00:00\",\"breadcrumb\":{\"@id\":\"https:\\\/\\\/realidadturistica.com\\\/realtur\\\/holiday-inn-express-suites-se-estrena-en-espana-con-130-habitaciones-en-sabadell\\\/#breadcrumb\"},\"inLanguage\":\"es\",\"potentialAction\":[{\"@type\":\"ReadAction\",\"target\":[\"https:\\\/\\\/realidadturistica.com\\\/realtur\\\/holiday-inn-express-suites-se-estrena-en-espana-con-130-habitaciones-en-sabadell\\\/\"]}]},{\"@type\":\"ImageObject\",\"inLanguage\":\"es\",\"@id\":\"https:\\\/\\\/realidadturistica.com\\\/realtur\\\/holiday-inn-express-suites-se-estrena-en-espana-con-130-habitaciones-en-sabadell\\\/#primaryimage\",\"url\":\"https:\\\/\\\/realidadturistica.com\\\/realtur\\\/wp-content\\\/uploads\\\/2024\\\/04\\\/EC3-007-230731-VI-CAM2-v1-800x533-1.jpg\",\"contentUrl\":\"https:\\\/\\\/realidadturistica.com\\\/realtur\\\/wp-content\\\/uploads\\\/2024\\\/04\\\/EC3-007-230731-VI-CAM2-v1-800x533-1.jpg\",\"width\":800,\"height\":533},{\"@type\":\"BreadcrumbList\",\"@id\":\"https:\\\/\\\/realidadturistica.com\\\/realtur\\\/holiday-inn-express-suites-se-estrena-en-espana-con-130-habitaciones-en-sabadell\\\/#breadcrumb\",\"itemListElement\":[{\"@type\":\"ListItem\",\"position\":1,\"name\":\"Portada\",\"item\":\"https:\\\/\\\/realidadturistica.com\\\/realtur\\\/\"},{\"@type\":\"ListItem\",\"position\":2,\"name\":\"Holiday Inn Express &amp; Suites se estrena en Espa\u00f1a con 130 habitaciones en Sabadell\"}]},{\"@type\":\"WebSite\",\"@id\":\"https:\\\/\\\/realidadturistica.com\\\/realtur\\\/#website\",\"url\":\"https:\\\/\\\/realidadturistica.com\\\/realtur\\\/\",\"name\":\"Realidad Tur\u00edstica\",\"description\":\"\",\"publisher\":{\"@id\":\"https:\\\/\\\/realidadturistica.com\\\/realtur\\\/#organization\"},\"potentialAction\":[{\"@type\":\"SearchAction\",\"target\":{\"@type\":\"EntryPoint\",\"urlTemplate\":\"https:\\\/\\\/realidadturistica.com\\\/realtur\\\/?s={search_term_string}\"},\"query-input\":{\"@type\":\"PropertyValueSpecification\",\"valueRequired\":true,\"valueName\":\"search_term_string\"}}],\"inLanguage\":\"es\"},{\"@type\":\"Organization\",\"@id\":\"https:\\\/\\\/realidadturistica.com\\\/realtur\\\/#organization\",\"name\":\"Realidad Tur\u00edstica\",\"url\":\"https:\\\/\\\/realidadturistica.com\\\/realtur\\\/\",\"logo\":{\"@type\":\"ImageObject\",\"inLanguage\":\"es\",\"@id\":\"https:\\\/\\\/realidadturistica.com\\\/realtur\\\/#\\\/schema\\\/logo\\\/image\\\/\",\"url\":\"https:\\\/\\\/realidadturistica.com\\\/realtur\\\/wp-content\\\/uploads\\\/2021\\\/12\\\/logotipo-realidad-turistica.png\",\"contentUrl\":\"https:\\\/\\\/realidadturistica.com\\\/realtur\\\/wp-content\\\/uploads\\\/2021\\\/12\\\/logotipo-realidad-turistica.png\",\"width\":1382,\"height\":629,\"caption\":\"Realidad Tur\u00edstica\"},\"image\":{\"@id\":\"https:\\\/\\\/realidadturistica.com\\\/realtur\\\/#\\\/schema\\\/logo\\\/image\\\/\"},\"sameAs\":[\"https:\\\/\\\/www.facebook.com\\\/realidadturistica\",\"https:\\\/\\\/www.instagram.com\\\/realidad_turistica\\\/\"]},{\"@type\":\"Person\",\"@id\":\"https:\\\/\\\/realidadturistica.com\\\/realtur\\\/#\\\/schema\\\/person\\\/ade671191202490fcf08ab21590de73e\",\"name\":\"Editor\",\"image\":{\"@type\":\"ImageObject\",\"inLanguage\":\"es\",\"@id\":\"https:\\\/\\\/realidadturistica.com\\\/realtur\\\/wp-content\\\/uploads\\\/2023\\\/09\\\/Editor_avatar_1693668634-96x96.png\",\"url\":\"https:\\\/\\\/realidadturistica.com\\\/realtur\\\/wp-content\\\/uploads\\\/2023\\\/09\\\/Editor_avatar_1693668634-96x96.png\",\"contentUrl\":\"https:\\\/\\\/realidadturistica.com\\\/realtur\\\/wp-content\\\/uploads\\\/2023\\\/09\\\/Editor_avatar_1693668634-96x96.png\",\"caption\":\"Editor\"},\"sameAs\":[\"https:\\\/\\\/realidadturistica.com\\\/realtur\"],\"url\":\"https:\\\/\\\/realidadturistica.com\\\/realtur\\\/author\\\/editor2\\\/\"}]}<\/script>\n<!-- \/ Yoast SEO Premium plugin. -->","yoast_head_json":{"title":"Holiday Inn Express &amp; Suites se estrena en Espa\u00f1a con 130 habitaciones en Sabadell - Realidad Tur\u00edstica","robots":{"index":"index","follow":"follow","max-snippet":"max-snippet:-1","max-image-preview":"max-image-preview:large","max-video-preview":"max-video-preview:-1"},"canonical":"https:\/\/realidadturistica.com\/realtur\/holiday-inn-express-suites-se-estrena-en-espana-con-130-habitaciones-en-sabadell\/","og_locale":"es_ES","og_type":"article","og_title":"Holiday Inn Express &amp; Suites se estrena en Espa\u00f1a con 130 habitaciones en Sabadell","og_description":"Espa\u00f1a. IHG Hotels &amp; Resorts y la gestora Hotel Collection Internacional (HCI) abrir\u00e1n en Sabadell el primer Holiday Inn Express &amp; Suites de Espa\u00f1a que&hellip;","og_url":"https:\/\/realidadturistica.com\/realtur\/holiday-inn-express-suites-se-estrena-en-espana-con-130-habitaciones-en-sabadell\/","og_site_name":"Realidad Tur\u00edstica","article_publisher":"https:\/\/www.facebook.com\/realidadturistica","article_published_time":"2024-04-22T13:30:10+00:00","article_modified_time":"2024-04-22T13:30:16+00:00","og_image":[{"width":800,"height":533,"url":"https:\/\/realidadturistica.com\/realtur\/wp-content\/uploads\/2024\/04\/EC3-007-230731-VI-CAM2-v1-800x533-1.jpg","type":"image\/jpeg"}],"author":"Editor","twitter_card":"summary_large_image","twitter_misc":{"Escrito por":"Editor","Tiempo de lectura":"2 minutos"},"schema":{"@context":"https:\/\/schema.org","@graph":[{"@type":"Article","@id":"https:\/\/realidadturistica.com\/realtur\/holiday-inn-express-suites-se-estrena-en-espana-con-130-habitaciones-en-sabadell\/#article","isPartOf":{"@id":"https:\/\/realidadturistica.com\/realtur\/holiday-inn-express-suites-se-estrena-en-espana-con-130-habitaciones-en-sabadell\/"},"author":{"name":"Editor","@id":"https:\/\/realidadturistica.com\/realtur\/#\/schema\/person\/ade671191202490fcf08ab21590de73e"},"headline":"Holiday Inn Express &amp; Suites se estrena en Espa\u00f1a con 130 habitaciones en Sabadell","datePublished":"2024-04-22T13:30:10+00:00","dateModified":"2024-04-22T13:30:16+00:00","mainEntityOfPage":{"@id":"https:\/\/realidadturistica.com\/realtur\/holiday-inn-express-suites-se-estrena-en-espana-con-130-habitaciones-en-sabadell\/"},"wordCount":224,"commentCount":0,"publisher":{"@id":"https:\/\/realidadturistica.com\/realtur\/#organization"},"image":{"@id":"https:\/\/realidadturistica.com\/realtur\/holiday-inn-express-suites-se-estrena-en-espana-con-130-habitaciones-en-sabadell\/#primaryimage"},"thumbnailUrl":"https:\/\/realidadturistica.com\/realtur\/wp-content\/uploads\/2024\/04\/EC3-007-230731-VI-CAM2-v1-800x533-1.jpg","articleSection":["Turismo"],"inLanguage":"es","potentialAction":[{"@type":"CommentAction","name":"Comment","target":["https:\/\/realidadturistica.com\/realtur\/holiday-inn-express-suites-se-estrena-en-espana-con-130-habitaciones-en-sabadell\/#respond"]}]},{"@type":"WebPage","@id":"https:\/\/realidadturistica.com\/realtur\/holiday-inn-express-suites-se-estrena-en-espana-con-130-habitaciones-en-sabadell\/","url":"https:\/\/realidadturistica.com\/realtur\/holiday-inn-express-suites-se-estrena-en-espana-con-130-habitaciones-en-sabadell\/","name":"Holiday Inn Express &amp; Suites se estrena en Espa\u00f1a con 130 habitaciones en Sabadell - Realidad Tur\u00edstica","isPartOf":{"@id":"https:\/\/realidadturistica.com\/realtur\/#website"},"primaryImageOfPage":{"@id":"https:\/\/realidadturistica.com\/realtur\/holiday-inn-express-suites-se-estrena-en-espana-con-130-habitaciones-en-sabadell\/#primaryimage"},"image":{"@id":"https:\/\/realidadturistica.com\/realtur\/holiday-inn-express-suites-se-estrena-en-espana-con-130-habitaciones-en-sabadell\/#primaryimage"},"thumbnailUrl":"https:\/\/realidadturistica.com\/realtur\/wp-content\/uploads\/2024\/04\/EC3-007-230731-VI-CAM2-v1-800x533-1.jpg","datePublished":"2024-04-22T13:30:10+00:00","dateModified":"2024-04-22T13:30:16+00:00","breadcrumb":{"@id":"https:\/\/realidadturistica.com\/realtur\/holiday-inn-express-suites-se-estrena-en-espana-con-130-habitaciones-en-sabadell\/#breadcrumb"},"inLanguage":"es","potentialAction":[{"@type":"ReadAction","target":["https:\/\/realidadturistica.com\/realtur\/holiday-inn-express-suites-se-estrena-en-espana-con-130-habitaciones-en-sabadell\/"]}]},{"@type":"ImageObject","inLanguage":"es","@id":"https:\/\/realidadturistica.com\/realtur\/holiday-inn-express-suites-se-estrena-en-espana-con-130-habitaciones-en-sabadell\/#primaryimage","url":"https:\/\/realidadturistica.com\/realtur\/wp-content\/uploads\/2024\/04\/EC3-007-230731-VI-CAM2-v1-800x533-1.jpg","contentUrl":"https:\/\/realidadturistica.com\/realtur\/wp-content\/uploads\/2024\/04\/EC3-007-230731-VI-CAM2-v1-800x533-1.jpg","width":800,"height":533},{"@type":"BreadcrumbList","@id":"https:\/\/realidadturistica.com\/realtur\/holiday-inn-express-suites-se-estrena-en-espana-con-130-habitaciones-en-sabadell\/#breadcrumb","itemListElement":[{"@type":"ListItem","position":1,"name":"Portada","item":"https:\/\/realidadturistica.com\/realtur\/"},{"@type":"ListItem","position":2,"name":"Holiday Inn Express &amp; Suites se estrena en Espa\u00f1a con 130 habitaciones en Sabadell"}]},{"@type":"WebSite","@id":"https:\/\/realidadturistica.com\/realtur\/#website","url":"https:\/\/realidadturistica.com\/realtur\/","name":"Realidad Tur\u00edstica","description":"","publisher":{"@id":"https:\/\/realidadturistica.com\/realtur\/#organization"},"potentialAction":[{"@type":"SearchAction","target":{"@type":"EntryPoint","urlTemplate":"https:\/\/realidadturistica.com\/realtur\/?s={search_term_string}"},"query-input":{"@type":"PropertyValueSpecification","valueRequired":true,"valueName":"search_term_string"}}],"inLanguage":"es"},{"@type":"Organization","@id":"https:\/\/realidadturistica.com\/realtur\/#organization","name":"Realidad Tur\u00edstica","url":"https:\/\/realidadturistica.com\/realtur\/","logo":{"@type":"ImageObject","inLanguage":"es","@id":"https:\/\/realidadturistica.com\/realtur\/#\/schema\/logo\/image\/","url":"https:\/\/realidadturistica.com\/realtur\/wp-content\/uploads\/2021\/12\/logotipo-realidad-turistica.png","contentUrl":"https:\/\/realidadturistica.com\/realtur\/wp-content\/uploads\/2021\/12\/logotipo-realidad-turistica.png","width":1382,"height":629,"caption":"Realidad Tur\u00edstica"},"image":{"@id":"https:\/\/realidadturistica.com\/realtur\/#\/schema\/logo\/image\/"},"sameAs":["https:\/\/www.facebook.com\/realidadturistica","https:\/\/www.instagram.com\/realidad_turistica\/"]},{"@type":"Person","@id":"https:\/\/realidadturistica.com\/realtur\/#\/schema\/person\/ade671191202490fcf08ab21590de73e","name":"Editor","image":{"@type":"ImageObject","inLanguage":"es","@id":"https:\/\/realidadturistica.com\/realtur\/wp-content\/uploads\/2023\/09\/Editor_avatar_1693668634-96x96.png","url":"https:\/\/realidadturistica.com\/realtur\/wp-content\/uploads\/2023\/09\/Editor_avatar_1693668634-96x96.png","contentUrl":"https:\/\/realidadturistica.com\/realtur\/wp-content\/uploads\/2023\/09\/Editor_avatar_1693668634-96x96.png","caption":"Editor"},"sameAs":["https:\/\/realidadturistica.com\/realtur"],"url":"https:\/\/realidadturistica.com\/realtur\/author\/editor2\/"}]}},"_links":{"self":[{"href":"https:\/\/realidadturistica.com\/realtur\/wp-json\/wp\/v2\/posts\/7114","targetHints":{"allow":["GET"]}}],"collection":[{"href":"https:\/\/realidadturistica.com\/realtur\/wp-json\/wp\/v2\/posts"}],"about":[{"href":"https:\/\/realidadturistica.com\/realtur\/wp-json\/wp\/v2\/types\/post"}],"author":[{"embeddable":true,"href":"https:\/\/realidadturistica.com\/realtur\/wp-json\/wp\/v2\/users\/2"}],"replies":[{"embeddable":true,"href":"https:\/\/realidadturistica.com\/realtur\/wp-json\/wp\/v2\/comments?post=7114"}],"version-history":[{"count":3,"href":"https:\/\/realidadturistica.com\/realtur\/wp-json\/wp\/v2\/posts\/7114\/revisions"}],"predecessor-version":[{"id":7119,"href":"https:\/\/realidadturistica.com\/realtur\/wp-json\/wp\/v2\/posts\/7114\/revisions\/7119"}],"wp:featuredmedia":[{"embeddable":true,"href":"https:\/\/realidadturistica.com\/realtur\/wp-json\/wp\/v2\/media\/7116"}],"wp:attachment":[{"href":"https:\/\/realidadturistica.com\/realtur\/wp-json\/wp\/v2\/media?parent=7114"}],"wp:term":[{"taxonomy":"category","embeddable":true,"href":"https:\/\/realidadturistica.com\/realtur\/wp-json\/wp\/v2\/categories?post=7114"},{"taxonomy":"post_tag","embeddable":true,"href":"https:\/\/realidadturistica.com\/realtur\/wp-json\/wp\/v2\/tags?post=7114"}],"curies":[{"name":"wp","href":"https:\/\/api.w.org\/{rel}","templated":true}]}}