{"id":7168,"date":"2024-04-24T11:05:58","date_gmt":"2024-04-24T11:05:58","guid":{"rendered":"https:\/\/realidadturistica.com\/realtur\/?p=7168"},"modified":"2024-04-24T11:06:04","modified_gmt":"2024-04-24T11:06:04","slug":"diez-anos-sin-gabriel-garcia-marquez","status":"publish","type":"post","link":"https:\/\/realidadturistica.com\/realtur\/diez-anos-sin-gabriel-garcia-marquez\/","title":{"rendered":"Diez a\u00f1os sin Gabriel Garc\u00eda M\u00e1rquez"},"content":{"rendered":"\n<p class=\"yoast-reading-time__wrapper\"><span class=\"yoast-reading-time__icon\"><svg aria-hidden=\"true\" focusable=\"false\" data-icon=\"clock\" width=\"20\" height=\"20\" fill=\"none\" stroke=\"currentColor\" style=\"display:inline-block;vertical-align:-0.1em\" role=\"img\" xmlns=\"http:\/\/www.w3.org\/2000\/svg\" viewbox=\"0 0 24 24\"><path stroke-linecap=\"round\" stroke-linejoin=\"round\" stroke-width=\"2\" d=\"M12 8v4l3 3m6-3a9 9 0 11-18 0 9 9 0 0118 0z\"><\/path><\/svg><\/span><span class=\"yoast-reading-time__spacer\" style=\"display:inline-block;width:1em\"><\/span><span class=\"yoast-reading-time__descriptive-text\">Tiempo de lectura estimado:  <\/span><span class=\"yoast-reading-time__reading-time\">4<\/span><span class=\"yoast-reading-time__time-unit\"> minutos<\/span><\/p>\n\n\n\n<p>Se cumplen 10 a\u00f1os del fallecimiento del escritor colombiano Gabriel Garc\u00eda M\u00e1rquez, Nobel en 1982 y \u00abpadre del realismo m\u00e1gico\u00bb, autor de obras emblem\u00e1ticas como \u00abCien a\u00f1os de Soledad\u00bb.<\/p>\n\n\n\n<p>Garc\u00eda M\u00e1rquez fue el creador de un g\u00e9nero llamado \u2018realismo m\u00e1gico\u2019 que impregn\u00f3 la obra de muchos escritores que le siguieron. Y dej\u00f3 como legado ese Macondo po\u00e9tico que sigue hechizando a los lectores.<\/p>\n\n\n\n<p>Porque en estos diez a\u00f1os no ha deca\u00eddo el inter\u00e9s por el escritor colombiano, del que hace poco m\u00e1s de un mes se public\u00f3 una novela in\u00e9dita, \u2018En agosto nos vemos\u2019 (Random House), en la que trabaj\u00f3 hasta que sus fuerzas se lo permitieron.<\/p>\n\n\n\n<p>Tras \u2018Memorias de mis putas tristes\u2019 en 2004, Garc\u00eda M\u00e1rquez (Aracataca, Colombia, 1927-Ciudad de M\u00e9xico, 2014) estuvo casi diez a\u00f1os trabajando en un libro que quer\u00eda que se destruyera pero que sus hijos, Gonzalo y Rodrigo, decidieron publicar porque consideraron que, si su padre lo hubiera querido destruir, lo habr\u00eda hecho.<\/p>\n\n\n\n<p>Es el cierre de la brillante carrera de uno de los autores m\u00e1s relevantes del siglo XX, ganador del Premio Nobel de Literatura en 1982 y de cuya imaginaci\u00f3n nacieron obras imprescindibles como \u2018Cien a\u00f1os de soledad\u2019, \u2018Cr\u00f3nica de una muerte anunciada\u2019, \u2018El coronel no tiene quien le escriba\u2019 o \u2018Los funerales de la Mam\u00e1 Grande\u2019.<\/p>\n\n\n\n<p>Obras que se han seguido vendiendo a buen ritmo desde su fallecimiento, especialmente en las ediciones de bolsillo y en las ilustradas, como explican a EFE desde la editorial Random House, que tiene los derechos de los libros de Gabo en espa\u00f1ol para todo el mundo con la excepci\u00f3n de M\u00e9xico y Centroam\u00e9rica.<\/p>\n\n\n\n<p>La poes\u00eda que rezuman sus obras sigue atrapando a los lectores. Porque Garc\u00eda M\u00e1rquez imprimi\u00f3 un estilo muy particular a todos sus trabajos, ya fueran como novelista, periodista o guionista de cine, algunas de las facetas de este colombiano que naci\u00f3 el 6 de marzo de 1927 en Aracataca, y que pas\u00f3 m\u00e1s de cincuenta a\u00f1os en M\u00e9xico.<\/p>\n\n\n\n<p>Aquel municipio del Caribe colombiano en el que naci\u00f3 le sirvi\u00f3 como inspiraci\u00f3n para ese Macondo en el que se desarrollaron sus historias, que en gran parte proced\u00edan de su propia familia.<\/p>\n\n\n\n<p>Hijo de Gabriel Eligio Garc\u00eda, telegrafista y boticario, y de Luisa Santiaga M\u00e1rquez Iguar\u00f1an, Gabo se inspir\u00f3 en su historia de amor, a la que se opon\u00eda el padre de ella, para escribir \u2018El amor en los tiempos del c\u00f3lera\u2019.<\/p>\n\n\n\n<p>Los nueve hijos extramatrimoniales de su abuelo, la costumbre de su hermana Aida Rosa de comer tierra, la abuela que adivinaba el porvenir o los numerosos parientes de nombres iguales, fueron elementos que aparecieron de una u otra forma en sus novelas.<\/p>\n\n\n\n<p>Sigui\u00f3 con su trabajo de periodista en diversos medios cuando public\u00f3 sus dos primeras novelas, \u2018La hojarasca\u2019 (1955) y \u2018El coronel no tiene quien le escriba\u2019 (1961), esta cuando ya se hab\u00eda instalado en M\u00e9xico, que se convirti\u00f3 en su segunda patria.<\/p>\n\n\n\n<p>Fue entonces cuando se centr\u00f3 en la literatura y dedic\u00f3 dos a\u00f1os a escribir \u2018Cien a\u00f1os de soledad\u2019 (1967), que le consagr\u00f3 inmediatamente como uno de los grandes autores del momento.<\/p>\n\n\n\n<p>Y como precursor del \u2018boom latinoamericano\u2019, junto a autores como Carlos Fuentes, Julio Cort\u00e1zar o Mario Vargas Llosa, uno de sus grandes amigos en su \u00e9poca barcelonesa -de 1967 a 1973- y cuya relaci\u00f3n termin\u00f3 bruscamente en 1976 a causa de un pu\u00f1etazo que le propin\u00f3 el peruano y que, con teor\u00edas m\u00e1s o menos veros\u00edmiles, sigue siendo una inc\u00f3gnita.<\/p>\n\n\n\n<p>Agitador cultural por convencimiento, Garc\u00eda M\u00e1rquez ten\u00eda alma de reportero, como demostr\u00f3 en sus muchos art\u00edculos o en esa joya llamada \u2018Noticia de un secuestro\u2019. Y su importancia qued\u00f3 confirmada cuando en 1982 le concedieron el Premio Nobel de Literatura.<\/p>\n\n\n\n<p>En su fallo, la Academia sueca se\u00f1alaba que el Nobel reca\u00eda en Garc\u00eda M\u00e1rquez \u201cpor sus novelas y relatos cortos en los que lo fant\u00e1stico y lo real se combinan en un universo ricamente compuesto de imaginaci\u00f3n que refleja la vida y los conflictos del continente americano\u201d.<\/p>\n\n\n\n<p>Porque Garc\u00eda M\u00e1rquez volc\u00f3 en sus libros muchas de sus inquietudes sociales y pol\u00edticas, y su ideolog\u00eda de izquierda le provoc\u00f3 problemas y le llev\u00f3 al exilio.<\/p>\n\n\n\n<p>Premiado y galardonado en m\u00faltiples ocasiones, asegur\u00f3 en 1994 no querer recibir el Premio Cervantes de Literatura. Ya hab\u00eda ganado el Nobel y quer\u00eda dejar espacio a otros autores.<\/p>\n\n\n\n<p>Lo que nunca rechaz\u00f3 fue la escritura. Porque, como dijo en sus memorias publicadas en 2002: \u201cla vida no es la que uno vivi\u00f3, sino la que uno recuerda y c\u00f3mo la recuerda para contarla\u201d.<\/p>\n\n\n\n<p>Fuente: La P\u00e1gina.<\/p>\n","protected":false},"excerpt":{"rendered":"<p>Se cumplen 10 a\u00f1os del fallecimiento del escritor colombiano Gabriel Garc\u00eda M\u00e1rquez, Nobel en 1982 y \u00abpadre del realismo m\u00e1gico\u00bb, autor de obras emblem\u00e1ticas como&hellip;<\/p>\n","protected":false},"author":2,"featured_media":7170,"comment_status":"open","ping_status":"closed","sticky":false,"template":"","format":"standard","meta":{"content-type":"","_lmt_disableupdate":"","_lmt_disable":"","footnotes":""},"categories":[58],"tags":[],"class_list":["post-7168","post","type-post","status-publish","format-standard","has-post-thumbnail","hentry","category-culturales"],"yoast_head":"<!-- This site is optimized with the Yoast SEO Premium plugin v27.4 (Yoast SEO v27.5) - https:\/\/yoast.com\/product\/yoast-seo-premium-wordpress\/ -->\n<title>Diez a\u00f1os sin Gabriel Garc\u00eda M\u00e1rquez - Realidad Tur\u00edstica<\/title>\n<meta name=\"robots\" content=\"index, follow, max-snippet:-1, max-image-preview:large, max-video-preview:-1\" \/>\n<link rel=\"canonical\" href=\"https:\/\/realidadturistica.com\/realtur\/diez-anos-sin-gabriel-garcia-marquez\/\" \/>\n<meta property=\"og:locale\" content=\"es_ES\" \/>\n<meta property=\"og:type\" content=\"article\" \/>\n<meta property=\"og:title\" content=\"Diez a\u00f1os sin Gabriel Garc\u00eda M\u00e1rquez\" \/>\n<meta property=\"og:description\" content=\"Se cumplen 10 a\u00f1os del fallecimiento del escritor colombiano Gabriel Garc\u00eda M\u00e1rquez, Nobel en 1982 y \u00abpadre del realismo m\u00e1gico\u00bb, autor de obras emblem\u00e1ticas como&hellip;\" \/>\n<meta property=\"og:url\" content=\"https:\/\/realidadturistica.com\/realtur\/diez-anos-sin-gabriel-garcia-marquez\/\" \/>\n<meta property=\"og:site_name\" content=\"Realidad Tur\u00edstica\" \/>\n<meta property=\"article:publisher\" content=\"https:\/\/www.facebook.com\/realidadturistica\" \/>\n<meta property=\"article:published_time\" content=\"2024-04-24T11:05:58+00:00\" \/>\n<meta property=\"article:modified_time\" content=\"2024-04-24T11:06:04+00:00\" \/>\n<meta property=\"og:image\" content=\"https:\/\/realidadturistica.com\/realtur\/wp-content\/uploads\/2024\/04\/gabriel-garcia-marquez-750x536-1.jpeg\" \/>\n\t<meta property=\"og:image:width\" content=\"750\" \/>\n\t<meta property=\"og:image:height\" content=\"536\" \/>\n\t<meta property=\"og:image:type\" content=\"image\/jpeg\" \/>\n<meta name=\"author\" content=\"Editor\" \/>\n<meta name=\"twitter:card\" content=\"summary_large_image\" \/>\n<meta name=\"twitter:label1\" content=\"Escrito por\" \/>\n\t<meta name=\"twitter:data1\" content=\"Editor\" \/>\n\t<meta name=\"twitter:label2\" content=\"Tiempo de lectura\" \/>\n\t<meta name=\"twitter:data2\" content=\"4 minutos\" \/>\n<script type=\"application\/ld+json\" class=\"yoast-schema-graph\">{\"@context\":\"https:\\\/\\\/schema.org\",\"@graph\":[{\"@type\":\"Article\",\"@id\":\"https:\\\/\\\/realidadturistica.com\\\/realtur\\\/diez-anos-sin-gabriel-garcia-marquez\\\/#article\",\"isPartOf\":{\"@id\":\"https:\\\/\\\/realidadturistica.com\\\/realtur\\\/diez-anos-sin-gabriel-garcia-marquez\\\/\"},\"author\":{\"name\":\"Editor\",\"@id\":\"https:\\\/\\\/realidadturistica.com\\\/realtur\\\/#\\\/schema\\\/person\\\/ade671191202490fcf08ab21590de73e\"},\"headline\":\"Diez a\u00f1os sin Gabriel Garc\u00eda M\u00e1rquez\",\"datePublished\":\"2024-04-24T11:05:58+00:00\",\"dateModified\":\"2024-04-24T11:06:04+00:00\",\"mainEntityOfPage\":{\"@id\":\"https:\\\/\\\/realidadturistica.com\\\/realtur\\\/diez-anos-sin-gabriel-garcia-marquez\\\/\"},\"wordCount\":825,\"commentCount\":0,\"publisher\":{\"@id\":\"https:\\\/\\\/realidadturistica.com\\\/realtur\\\/#organization\"},\"image\":{\"@id\":\"https:\\\/\\\/realidadturistica.com\\\/realtur\\\/diez-anos-sin-gabriel-garcia-marquez\\\/#primaryimage\"},\"thumbnailUrl\":\"https:\\\/\\\/realidadturistica.com\\\/realtur\\\/wp-content\\\/uploads\\\/2024\\\/04\\\/gabriel-garcia-marquez-750x536-1.jpeg\",\"articleSection\":[\"Culturales\"],\"inLanguage\":\"es\",\"potentialAction\":[{\"@type\":\"CommentAction\",\"name\":\"Comment\",\"target\":[\"https:\\\/\\\/realidadturistica.com\\\/realtur\\\/diez-anos-sin-gabriel-garcia-marquez\\\/#respond\"]}]},{\"@type\":\"WebPage\",\"@id\":\"https:\\\/\\\/realidadturistica.com\\\/realtur\\\/diez-anos-sin-gabriel-garcia-marquez\\\/\",\"url\":\"https:\\\/\\\/realidadturistica.com\\\/realtur\\\/diez-anos-sin-gabriel-garcia-marquez\\\/\",\"name\":\"Diez a\u00f1os sin Gabriel Garc\u00eda M\u00e1rquez - Realidad Tur\u00edstica\",\"isPartOf\":{\"@id\":\"https:\\\/\\\/realidadturistica.com\\\/realtur\\\/#website\"},\"primaryImageOfPage\":{\"@id\":\"https:\\\/\\\/realidadturistica.com\\\/realtur\\\/diez-anos-sin-gabriel-garcia-marquez\\\/#primaryimage\"},\"image\":{\"@id\":\"https:\\\/\\\/realidadturistica.com\\\/realtur\\\/diez-anos-sin-gabriel-garcia-marquez\\\/#primaryimage\"},\"thumbnailUrl\":\"https:\\\/\\\/realidadturistica.com\\\/realtur\\\/wp-content\\\/uploads\\\/2024\\\/04\\\/gabriel-garcia-marquez-750x536-1.jpeg\",\"datePublished\":\"2024-04-24T11:05:58+00:00\",\"dateModified\":\"2024-04-24T11:06:04+00:00\",\"breadcrumb\":{\"@id\":\"https:\\\/\\\/realidadturistica.com\\\/realtur\\\/diez-anos-sin-gabriel-garcia-marquez\\\/#breadcrumb\"},\"inLanguage\":\"es\",\"potentialAction\":[{\"@type\":\"ReadAction\",\"target\":[\"https:\\\/\\\/realidadturistica.com\\\/realtur\\\/diez-anos-sin-gabriel-garcia-marquez\\\/\"]}]},{\"@type\":\"ImageObject\",\"inLanguage\":\"es\",\"@id\":\"https:\\\/\\\/realidadturistica.com\\\/realtur\\\/diez-anos-sin-gabriel-garcia-marquez\\\/#primaryimage\",\"url\":\"https:\\\/\\\/realidadturistica.com\\\/realtur\\\/wp-content\\\/uploads\\\/2024\\\/04\\\/gabriel-garcia-marquez-750x536-1.jpeg\",\"contentUrl\":\"https:\\\/\\\/realidadturistica.com\\\/realtur\\\/wp-content\\\/uploads\\\/2024\\\/04\\\/gabriel-garcia-marquez-750x536-1.jpeg\",\"width\":750,\"height\":536},{\"@type\":\"BreadcrumbList\",\"@id\":\"https:\\\/\\\/realidadturistica.com\\\/realtur\\\/diez-anos-sin-gabriel-garcia-marquez\\\/#breadcrumb\",\"itemListElement\":[{\"@type\":\"ListItem\",\"position\":1,\"name\":\"Portada\",\"item\":\"https:\\\/\\\/realidadturistica.com\\\/realtur\\\/\"},{\"@type\":\"ListItem\",\"position\":2,\"name\":\"Diez a\u00f1os sin Gabriel Garc\u00eda M\u00e1rquez\"}]},{\"@type\":\"WebSite\",\"@id\":\"https:\\\/\\\/realidadturistica.com\\\/realtur\\\/#website\",\"url\":\"https:\\\/\\\/realidadturistica.com\\\/realtur\\\/\",\"name\":\"Realidad Tur\u00edstica\",\"description\":\"\",\"publisher\":{\"@id\":\"https:\\\/\\\/realidadturistica.com\\\/realtur\\\/#organization\"},\"potentialAction\":[{\"@type\":\"SearchAction\",\"target\":{\"@type\":\"EntryPoint\",\"urlTemplate\":\"https:\\\/\\\/realidadturistica.com\\\/realtur\\\/?s={search_term_string}\"},\"query-input\":{\"@type\":\"PropertyValueSpecification\",\"valueRequired\":true,\"valueName\":\"search_term_string\"}}],\"inLanguage\":\"es\"},{\"@type\":\"Organization\",\"@id\":\"https:\\\/\\\/realidadturistica.com\\\/realtur\\\/#organization\",\"name\":\"Realidad Tur\u00edstica\",\"url\":\"https:\\\/\\\/realidadturistica.com\\\/realtur\\\/\",\"logo\":{\"@type\":\"ImageObject\",\"inLanguage\":\"es\",\"@id\":\"https:\\\/\\\/realidadturistica.com\\\/realtur\\\/#\\\/schema\\\/logo\\\/image\\\/\",\"url\":\"https:\\\/\\\/realidadturistica.com\\\/realtur\\\/wp-content\\\/uploads\\\/2021\\\/12\\\/logotipo-realidad-turistica.png\",\"contentUrl\":\"https:\\\/\\\/realidadturistica.com\\\/realtur\\\/wp-content\\\/uploads\\\/2021\\\/12\\\/logotipo-realidad-turistica.png\",\"width\":1382,\"height\":629,\"caption\":\"Realidad Tur\u00edstica\"},\"image\":{\"@id\":\"https:\\\/\\\/realidadturistica.com\\\/realtur\\\/#\\\/schema\\\/logo\\\/image\\\/\"},\"sameAs\":[\"https:\\\/\\\/www.facebook.com\\\/realidadturistica\",\"https:\\\/\\\/www.instagram.com\\\/realidad_turistica\\\/\"]},{\"@type\":\"Person\",\"@id\":\"https:\\\/\\\/realidadturistica.com\\\/realtur\\\/#\\\/schema\\\/person\\\/ade671191202490fcf08ab21590de73e\",\"name\":\"Editor\",\"image\":{\"@type\":\"ImageObject\",\"inLanguage\":\"es\",\"@id\":\"https:\\\/\\\/realidadturistica.com\\\/realtur\\\/wp-content\\\/uploads\\\/2023\\\/09\\\/Editor_avatar_1693668634-96x96.png\",\"url\":\"https:\\\/\\\/realidadturistica.com\\\/realtur\\\/wp-content\\\/uploads\\\/2023\\\/09\\\/Editor_avatar_1693668634-96x96.png\",\"contentUrl\":\"https:\\\/\\\/realidadturistica.com\\\/realtur\\\/wp-content\\\/uploads\\\/2023\\\/09\\\/Editor_avatar_1693668634-96x96.png\",\"caption\":\"Editor\"},\"sameAs\":[\"https:\\\/\\\/realidadturistica.com\\\/realtur\"],\"url\":\"https:\\\/\\\/realidadturistica.com\\\/realtur\\\/author\\\/editor2\\\/\"}]}<\/script>\n<!-- \/ Yoast SEO Premium plugin. -->","yoast_head_json":{"title":"Diez a\u00f1os sin Gabriel Garc\u00eda M\u00e1rquez - Realidad Tur\u00edstica","robots":{"index":"index","follow":"follow","max-snippet":"max-snippet:-1","max-image-preview":"max-image-preview:large","max-video-preview":"max-video-preview:-1"},"canonical":"https:\/\/realidadturistica.com\/realtur\/diez-anos-sin-gabriel-garcia-marquez\/","og_locale":"es_ES","og_type":"article","og_title":"Diez a\u00f1os sin Gabriel Garc\u00eda M\u00e1rquez","og_description":"Se cumplen 10 a\u00f1os del fallecimiento del escritor colombiano Gabriel Garc\u00eda M\u00e1rquez, Nobel en 1982 y \u00abpadre del realismo m\u00e1gico\u00bb, autor de obras emblem\u00e1ticas como&hellip;","og_url":"https:\/\/realidadturistica.com\/realtur\/diez-anos-sin-gabriel-garcia-marquez\/","og_site_name":"Realidad Tur\u00edstica","article_publisher":"https:\/\/www.facebook.com\/realidadturistica","article_published_time":"2024-04-24T11:05:58+00:00","article_modified_time":"2024-04-24T11:06:04+00:00","og_image":[{"width":750,"height":536,"url":"https:\/\/realidadturistica.com\/realtur\/wp-content\/uploads\/2024\/04\/gabriel-garcia-marquez-750x536-1.jpeg","type":"image\/jpeg"}],"author":"Editor","twitter_card":"summary_large_image","twitter_misc":{"Escrito por":"Editor","Tiempo de lectura":"4 minutos"},"schema":{"@context":"https:\/\/schema.org","@graph":[{"@type":"Article","@id":"https:\/\/realidadturistica.com\/realtur\/diez-anos-sin-gabriel-garcia-marquez\/#article","isPartOf":{"@id":"https:\/\/realidadturistica.com\/realtur\/diez-anos-sin-gabriel-garcia-marquez\/"},"author":{"name":"Editor","@id":"https:\/\/realidadturistica.com\/realtur\/#\/schema\/person\/ade671191202490fcf08ab21590de73e"},"headline":"Diez a\u00f1os sin Gabriel Garc\u00eda M\u00e1rquez","datePublished":"2024-04-24T11:05:58+00:00","dateModified":"2024-04-24T11:06:04+00:00","mainEntityOfPage":{"@id":"https:\/\/realidadturistica.com\/realtur\/diez-anos-sin-gabriel-garcia-marquez\/"},"wordCount":825,"commentCount":0,"publisher":{"@id":"https:\/\/realidadturistica.com\/realtur\/#organization"},"image":{"@id":"https:\/\/realidadturistica.com\/realtur\/diez-anos-sin-gabriel-garcia-marquez\/#primaryimage"},"thumbnailUrl":"https:\/\/realidadturistica.com\/realtur\/wp-content\/uploads\/2024\/04\/gabriel-garcia-marquez-750x536-1.jpeg","articleSection":["Culturales"],"inLanguage":"es","potentialAction":[{"@type":"CommentAction","name":"Comment","target":["https:\/\/realidadturistica.com\/realtur\/diez-anos-sin-gabriel-garcia-marquez\/#respond"]}]},{"@type":"WebPage","@id":"https:\/\/realidadturistica.com\/realtur\/diez-anos-sin-gabriel-garcia-marquez\/","url":"https:\/\/realidadturistica.com\/realtur\/diez-anos-sin-gabriel-garcia-marquez\/","name":"Diez a\u00f1os sin Gabriel Garc\u00eda M\u00e1rquez - Realidad Tur\u00edstica","isPartOf":{"@id":"https:\/\/realidadturistica.com\/realtur\/#website"},"primaryImageOfPage":{"@id":"https:\/\/realidadturistica.com\/realtur\/diez-anos-sin-gabriel-garcia-marquez\/#primaryimage"},"image":{"@id":"https:\/\/realidadturistica.com\/realtur\/diez-anos-sin-gabriel-garcia-marquez\/#primaryimage"},"thumbnailUrl":"https:\/\/realidadturistica.com\/realtur\/wp-content\/uploads\/2024\/04\/gabriel-garcia-marquez-750x536-1.jpeg","datePublished":"2024-04-24T11:05:58+00:00","dateModified":"2024-04-24T11:06:04+00:00","breadcrumb":{"@id":"https:\/\/realidadturistica.com\/realtur\/diez-anos-sin-gabriel-garcia-marquez\/#breadcrumb"},"inLanguage":"es","potentialAction":[{"@type":"ReadAction","target":["https:\/\/realidadturistica.com\/realtur\/diez-anos-sin-gabriel-garcia-marquez\/"]}]},{"@type":"ImageObject","inLanguage":"es","@id":"https:\/\/realidadturistica.com\/realtur\/diez-anos-sin-gabriel-garcia-marquez\/#primaryimage","url":"https:\/\/realidadturistica.com\/realtur\/wp-content\/uploads\/2024\/04\/gabriel-garcia-marquez-750x536-1.jpeg","contentUrl":"https:\/\/realidadturistica.com\/realtur\/wp-content\/uploads\/2024\/04\/gabriel-garcia-marquez-750x536-1.jpeg","width":750,"height":536},{"@type":"BreadcrumbList","@id":"https:\/\/realidadturistica.com\/realtur\/diez-anos-sin-gabriel-garcia-marquez\/#breadcrumb","itemListElement":[{"@type":"ListItem","position":1,"name":"Portada","item":"https:\/\/realidadturistica.com\/realtur\/"},{"@type":"ListItem","position":2,"name":"Diez a\u00f1os sin Gabriel Garc\u00eda M\u00e1rquez"}]},{"@type":"WebSite","@id":"https:\/\/realidadturistica.com\/realtur\/#website","url":"https:\/\/realidadturistica.com\/realtur\/","name":"Realidad Tur\u00edstica","description":"","publisher":{"@id":"https:\/\/realidadturistica.com\/realtur\/#organization"},"potentialAction":[{"@type":"SearchAction","target":{"@type":"EntryPoint","urlTemplate":"https:\/\/realidadturistica.com\/realtur\/?s={search_term_string}"},"query-input":{"@type":"PropertyValueSpecification","valueRequired":true,"valueName":"search_term_string"}}],"inLanguage":"es"},{"@type":"Organization","@id":"https:\/\/realidadturistica.com\/realtur\/#organization","name":"Realidad Tur\u00edstica","url":"https:\/\/realidadturistica.com\/realtur\/","logo":{"@type":"ImageObject","inLanguage":"es","@id":"https:\/\/realidadturistica.com\/realtur\/#\/schema\/logo\/image\/","url":"https:\/\/realidadturistica.com\/realtur\/wp-content\/uploads\/2021\/12\/logotipo-realidad-turistica.png","contentUrl":"https:\/\/realidadturistica.com\/realtur\/wp-content\/uploads\/2021\/12\/logotipo-realidad-turistica.png","width":1382,"height":629,"caption":"Realidad Tur\u00edstica"},"image":{"@id":"https:\/\/realidadturistica.com\/realtur\/#\/schema\/logo\/image\/"},"sameAs":["https:\/\/www.facebook.com\/realidadturistica","https:\/\/www.instagram.com\/realidad_turistica\/"]},{"@type":"Person","@id":"https:\/\/realidadturistica.com\/realtur\/#\/schema\/person\/ade671191202490fcf08ab21590de73e","name":"Editor","image":{"@type":"ImageObject","inLanguage":"es","@id":"https:\/\/realidadturistica.com\/realtur\/wp-content\/uploads\/2023\/09\/Editor_avatar_1693668634-96x96.png","url":"https:\/\/realidadturistica.com\/realtur\/wp-content\/uploads\/2023\/09\/Editor_avatar_1693668634-96x96.png","contentUrl":"https:\/\/realidadturistica.com\/realtur\/wp-content\/uploads\/2023\/09\/Editor_avatar_1693668634-96x96.png","caption":"Editor"},"sameAs":["https:\/\/realidadturistica.com\/realtur"],"url":"https:\/\/realidadturistica.com\/realtur\/author\/editor2\/"}]}},"_links":{"self":[{"href":"https:\/\/realidadturistica.com\/realtur\/wp-json\/wp\/v2\/posts\/7168","targetHints":{"allow":["GET"]}}],"collection":[{"href":"https:\/\/realidadturistica.com\/realtur\/wp-json\/wp\/v2\/posts"}],"about":[{"href":"https:\/\/realidadturistica.com\/realtur\/wp-json\/wp\/v2\/types\/post"}],"author":[{"embeddable":true,"href":"https:\/\/realidadturistica.com\/realtur\/wp-json\/wp\/v2\/users\/2"}],"replies":[{"embeddable":true,"href":"https:\/\/realidadturistica.com\/realtur\/wp-json\/wp\/v2\/comments?post=7168"}],"version-history":[{"count":2,"href":"https:\/\/realidadturistica.com\/realtur\/wp-json\/wp\/v2\/posts\/7168\/revisions"}],"predecessor-version":[{"id":7171,"href":"https:\/\/realidadturistica.com\/realtur\/wp-json\/wp\/v2\/posts\/7168\/revisions\/7171"}],"wp:featuredmedia":[{"embeddable":true,"href":"https:\/\/realidadturistica.com\/realtur\/wp-json\/wp\/v2\/media\/7170"}],"wp:attachment":[{"href":"https:\/\/realidadturistica.com\/realtur\/wp-json\/wp\/v2\/media?parent=7168"}],"wp:term":[{"taxonomy":"category","embeddable":true,"href":"https:\/\/realidadturistica.com\/realtur\/wp-json\/wp\/v2\/categories?post=7168"},{"taxonomy":"post_tag","embeddable":true,"href":"https:\/\/realidadturistica.com\/realtur\/wp-json\/wp\/v2\/tags?post=7168"}],"curies":[{"name":"wp","href":"https:\/\/api.w.org\/{rel}","templated":true}]}}