{"id":7283,"date":"2024-05-05T13:39:00","date_gmt":"2024-05-05T13:39:00","guid":{"rendered":"https:\/\/realidadturistica.com\/realtur\/?p=7283"},"modified":"2024-05-05T13:39:06","modified_gmt":"2024-05-05T13:39:06","slug":"cierra-fitcuba-2024-con-un-saldo-favorable-para-el-desarrollo-turistico-de-cuba","status":"publish","type":"post","link":"https:\/\/realidadturistica.com\/realtur\/cierra-fitcuba-2024-con-un-saldo-favorable-para-el-desarrollo-turistico-de-cuba\/","title":{"rendered":"Cierra FitCuba 2024 con un saldo favorable para el desarrollo tur\u00edstico de Cuba"},"content":{"rendered":"\n<p class=\"yoast-reading-time__wrapper\"><span class=\"yoast-reading-time__icon\"><svg aria-hidden=\"true\" focusable=\"false\" data-icon=\"clock\" width=\"20\" height=\"20\" fill=\"none\" stroke=\"currentColor\" style=\"display:inline-block;vertical-align:-0.1em\" role=\"img\" xmlns=\"http:\/\/www.w3.org\/2000\/svg\" viewbox=\"0 0 24 24\"><path stroke-linecap=\"round\" stroke-linejoin=\"round\" stroke-width=\"2\" d=\"M12 8v4l3 3m6-3a9 9 0 11-18 0 9 9 0 0118 0z\"><\/path><\/svg><\/span><span class=\"yoast-reading-time__spacer\" style=\"display:inline-block;width:1em\"><\/span><span class=\"yoast-reading-time__descriptive-text\">Tiempo de lectura estimado:  <\/span><span class=\"yoast-reading-time__reading-time\">3<\/span><span class=\"yoast-reading-time__time-unit\"> minutos<\/span><\/p>\n\n\n\n<p>Cuba. Este s\u00e1bado 4 de mayo fue clausurada la Feria Internacional de Turismo, FitCuba 2024, que durante varios d\u00edas reuni\u00f3 a ministros, embajadores y jefes de delegaciones que participaron en la 69 Reuni\u00f3n de la Comisi\u00f3n para las Am\u00e9rica, convocada por ONU Turismo, as\u00ed como a un n\u00famero importante de profesionales del turismo a nivel mundial.<\/p>\n\n\n\n<p>Con la presencia del primer ministro, Manuel Marrero Cruz, el titular de Turismo de Cuba, Juan Carlos Garc\u00eda Granda ofreci\u00f3 las palabras de clausura, donde hizo un balance de los resultados y el \u00e9xito de este encuentro tur\u00edstico.<\/p>\n\n\n\n<p>FitCuba 2024 super\u00f3 las expectativas de las autoridades cubanas, con una presencia de 1 mil 537 profesionales extranjeros, de ellos 437 agentes de viajes en visita de familiarizaci\u00f3n, as\u00ed como 68 periodistas de 12 pa\u00edses. Participaron 68 pa\u00edses, incluidos Am\u00e9rica Latina y el Caribe, siendo los m\u00e1s representativos Brasil, M\u00e9xico, Venezuela y Colombia.<\/p>\n\n\n\n<p>En los momentos actuales la Feria Internacional de Turismo permiti\u00f3 mostrar las fortalezas con que cuenta el turismo cubano, la digitalizaci\u00f3n de procesos para mejorar la experiencia de los clientes, la ampliaci\u00f3n de fuentes renovables de energ\u00eda, productos con m\u00e1s accesibles, respetuosos con el medio ambiente y en l\u00ednea con el compromiso del pa\u00eds de cumplir con los Objetivos de Desarrollo Sostenible.<\/p>\n\n\n\n<p>Grac\u00eda Granda destac\u00f3 la adhesi\u00f3n al C\u00f3digo de Protecci\u00f3n a los Turistas, muestra del compromiso de Cuba con un turismo seguro y de paz, as\u00ed como el Proyecto de Gu\u00eda de Inversi\u00f3n en Cuba, presentado por ONU Turismo, y que sin duda es una gran oportunidad para el desarrollo tur\u00edstico y nuevas oportunidades de negocios.<\/p>\n\n\n\n<figure class=\"wp-block-image size-large\"><img fetchpriority=\"high\" decoding=\"async\" width=\"1024\" height=\"658\" src=\"https:\/\/realidadturistica.com\/realtur\/wp-content\/uploads\/2024\/05\/ministro-de-turismo-1536x987-1-1024x658.jpg\" alt=\"\" class=\"wp-image-7287\" srcset=\"https:\/\/realidadturistica.com\/realtur\/wp-content\/uploads\/2024\/05\/ministro-de-turismo-1536x987-1-1024x658.jpg 1024w, https:\/\/realidadturistica.com\/realtur\/wp-content\/uploads\/2024\/05\/ministro-de-turismo-1536x987-1-300x193.jpg 300w, https:\/\/realidadturistica.com\/realtur\/wp-content\/uploads\/2024\/05\/ministro-de-turismo-1536x987-1-768x494.jpg 768w, https:\/\/realidadturistica.com\/realtur\/wp-content\/uploads\/2024\/05\/ministro-de-turismo-1536x987-1-1170x752.jpg 1170w, https:\/\/realidadturistica.com\/realtur\/wp-content\/uploads\/2024\/05\/ministro-de-turismo-1536x987-1-585x376.jpg 585w, https:\/\/realidadturistica.com\/realtur\/wp-content\/uploads\/2024\/05\/ministro-de-turismo-1536x987-1.jpg 1536w\" sizes=\"(max-width: 1024px) 100vw, 1024px\" \/><\/figure>\n\n\n\n<p>Puntualiz\u00f3 en la implementaci\u00f3n a partir de este mes del nuevo sistema de visado electr\u00f3nico para el turismo, que sustituir\u00e1 al actual, y que busca agilizar el flujo tur\u00edstico internacional hacia el pa\u00eds.<\/p>\n\n\n\n<p>Agradeci\u00f3 a todos los que hicieron posible el desarrollo de este evento, en especial al presidente Miguel D\u00edaz-Canel Berm\u00fadez y al primer ministro, Manuel Marrero Cruz, por su apoyo, muestra de la prioridad que tiene este sector para el desarrollo del pa\u00eds, as\u00ed como al Comit\u00e9 Organizador, a los grupos hoteleros y dem\u00e1s empresas que hicieron posible el \u00e9xito de esta feria.<\/p>\n\n\n\n<p>En los momentos finales anunci\u00f3 que la 43 edici\u00f3n de la Feria Internacional de Turismo, FitCuba 2024, se realizar\u00e1 en La Habana, exhibir\u00e1 como producto las tradiciones de Cuba y estar\u00e1 dedicada a China como pa\u00eds invitado de honor, informando la exenci\u00f3n de visado para ciudadanos chinos portadores de pasaportes ordinarios.<\/p>\n\n\n\n<p>Sin duda FitCuba 2024 mostr\u00f3 el brazo fuerte del turismo en Cuba, sus bondades, potencial y capacidad para ofrecer al visitante una placentera estancia, acompa\u00f1ado de su principal capital, su pueblo.<\/p>\n\n\n\n<p>Fuente: Realidad Tur\u00edstica<\/p>\n","protected":false},"excerpt":{"rendered":"<p>Cuba. Este s\u00e1bado 4 de mayo fue clausurada la Feria Internacional de Turismo, FitCuba 2024, que durante varios d\u00edas reuni\u00f3 a ministros, embajadores y jefes&hellip;<\/p>\n","protected":false},"author":2,"featured_media":7285,"comment_status":"open","ping_status":"closed","sticky":false,"template":"","format":"standard","meta":{"content-type":"","_lmt_disableupdate":"","_lmt_disable":"","footnotes":""},"categories":[6],"tags":[],"class_list":["post-7283","post","type-post","status-publish","format-standard","has-post-thumbnail","hentry","category-turismo"],"yoast_head":"<!-- This site is optimized with the Yoast SEO Premium plugin v27.4 (Yoast SEO v27.5) - https:\/\/yoast.com\/product\/yoast-seo-premium-wordpress\/ -->\n<title>Cierra FitCuba 2024 con un saldo favorable para el desarrollo tur\u00edstico de Cuba - Realidad Tur\u00edstica<\/title>\n<meta name=\"robots\" content=\"index, follow, max-snippet:-1, max-image-preview:large, max-video-preview:-1\" \/>\n<link rel=\"canonical\" href=\"https:\/\/realidadturistica.com\/realtur\/cierra-fitcuba-2024-con-un-saldo-favorable-para-el-desarrollo-turistico-de-cuba\/\" \/>\n<meta property=\"og:locale\" content=\"es_ES\" \/>\n<meta property=\"og:type\" content=\"article\" \/>\n<meta property=\"og:title\" content=\"Cierra FitCuba 2024 con un saldo favorable para el desarrollo tur\u00edstico de Cuba\" \/>\n<meta property=\"og:description\" content=\"Cuba. Este s\u00e1bado 4 de mayo fue clausurada la Feria Internacional de Turismo, FitCuba 2024, que durante varios d\u00edas reuni\u00f3 a ministros, embajadores y jefes&hellip;\" \/>\n<meta property=\"og:url\" content=\"https:\/\/realidadturistica.com\/realtur\/cierra-fitcuba-2024-con-un-saldo-favorable-para-el-desarrollo-turistico-de-cuba\/\" \/>\n<meta property=\"og:site_name\" content=\"Realidad Tur\u00edstica\" \/>\n<meta property=\"article:publisher\" content=\"https:\/\/www.facebook.com\/realidadturistica\" \/>\n<meta property=\"article:published_time\" content=\"2024-05-05T13:39:00+00:00\" \/>\n<meta property=\"article:modified_time\" content=\"2024-05-05T13:39:06+00:00\" \/>\n<meta property=\"og:image\" content=\"https:\/\/realidadturistica.com\/realtur\/wp-content\/uploads\/2024\/05\/embajador-chino-y-ministro-de-turismo-1536x1024-1.jpg\" \/>\n\t<meta property=\"og:image:width\" content=\"1536\" \/>\n\t<meta property=\"og:image:height\" content=\"1024\" \/>\n\t<meta property=\"og:image:type\" content=\"image\/jpeg\" \/>\n<meta name=\"author\" content=\"Editor\" \/>\n<meta name=\"twitter:card\" content=\"summary_large_image\" \/>\n<meta name=\"twitter:label1\" content=\"Escrito por\" \/>\n\t<meta name=\"twitter:data1\" content=\"Editor\" \/>\n\t<meta name=\"twitter:label2\" content=\"Tiempo de lectura\" \/>\n\t<meta name=\"twitter:data2\" content=\"3 minutos\" \/>\n<script type=\"application\/ld+json\" class=\"yoast-schema-graph\">{\"@context\":\"https:\\\/\\\/schema.org\",\"@graph\":[{\"@type\":\"Article\",\"@id\":\"https:\\\/\\\/realidadturistica.com\\\/realtur\\\/cierra-fitcuba-2024-con-un-saldo-favorable-para-el-desarrollo-turistico-de-cuba\\\/#article\",\"isPartOf\":{\"@id\":\"https:\\\/\\\/realidadturistica.com\\\/realtur\\\/cierra-fitcuba-2024-con-un-saldo-favorable-para-el-desarrollo-turistico-de-cuba\\\/\"},\"author\":{\"name\":\"Editor\",\"@id\":\"https:\\\/\\\/realidadturistica.com\\\/realtur\\\/#\\\/schema\\\/person\\\/ade671191202490fcf08ab21590de73e\"},\"headline\":\"Cierra FitCuba 2024 con un saldo favorable para el desarrollo tur\u00edstico de Cuba\",\"datePublished\":\"2024-05-05T13:39:00+00:00\",\"dateModified\":\"2024-05-05T13:39:06+00:00\",\"mainEntityOfPage\":{\"@id\":\"https:\\\/\\\/realidadturistica.com\\\/realtur\\\/cierra-fitcuba-2024-con-un-saldo-favorable-para-el-desarrollo-turistico-de-cuba\\\/\"},\"wordCount\":489,\"commentCount\":0,\"publisher\":{\"@id\":\"https:\\\/\\\/realidadturistica.com\\\/realtur\\\/#organization\"},\"image\":{\"@id\":\"https:\\\/\\\/realidadturistica.com\\\/realtur\\\/cierra-fitcuba-2024-con-un-saldo-favorable-para-el-desarrollo-turistico-de-cuba\\\/#primaryimage\"},\"thumbnailUrl\":\"https:\\\/\\\/realidadturistica.com\\\/realtur\\\/wp-content\\\/uploads\\\/2024\\\/05\\\/embajador-chino-y-ministro-de-turismo-1536x1024-1.jpg\",\"articleSection\":[\"Turismo\"],\"inLanguage\":\"es\",\"potentialAction\":[{\"@type\":\"CommentAction\",\"name\":\"Comment\",\"target\":[\"https:\\\/\\\/realidadturistica.com\\\/realtur\\\/cierra-fitcuba-2024-con-un-saldo-favorable-para-el-desarrollo-turistico-de-cuba\\\/#respond\"]}]},{\"@type\":\"WebPage\",\"@id\":\"https:\\\/\\\/realidadturistica.com\\\/realtur\\\/cierra-fitcuba-2024-con-un-saldo-favorable-para-el-desarrollo-turistico-de-cuba\\\/\",\"url\":\"https:\\\/\\\/realidadturistica.com\\\/realtur\\\/cierra-fitcuba-2024-con-un-saldo-favorable-para-el-desarrollo-turistico-de-cuba\\\/\",\"name\":\"Cierra FitCuba 2024 con un saldo favorable para el desarrollo tur\u00edstico de Cuba - Realidad Tur\u00edstica\",\"isPartOf\":{\"@id\":\"https:\\\/\\\/realidadturistica.com\\\/realtur\\\/#website\"},\"primaryImageOfPage\":{\"@id\":\"https:\\\/\\\/realidadturistica.com\\\/realtur\\\/cierra-fitcuba-2024-con-un-saldo-favorable-para-el-desarrollo-turistico-de-cuba\\\/#primaryimage\"},\"image\":{\"@id\":\"https:\\\/\\\/realidadturistica.com\\\/realtur\\\/cierra-fitcuba-2024-con-un-saldo-favorable-para-el-desarrollo-turistico-de-cuba\\\/#primaryimage\"},\"thumbnailUrl\":\"https:\\\/\\\/realidadturistica.com\\\/realtur\\\/wp-content\\\/uploads\\\/2024\\\/05\\\/embajador-chino-y-ministro-de-turismo-1536x1024-1.jpg\",\"datePublished\":\"2024-05-05T13:39:00+00:00\",\"dateModified\":\"2024-05-05T13:39:06+00:00\",\"breadcrumb\":{\"@id\":\"https:\\\/\\\/realidadturistica.com\\\/realtur\\\/cierra-fitcuba-2024-con-un-saldo-favorable-para-el-desarrollo-turistico-de-cuba\\\/#breadcrumb\"},\"inLanguage\":\"es\",\"potentialAction\":[{\"@type\":\"ReadAction\",\"target\":[\"https:\\\/\\\/realidadturistica.com\\\/realtur\\\/cierra-fitcuba-2024-con-un-saldo-favorable-para-el-desarrollo-turistico-de-cuba\\\/\"]}]},{\"@type\":\"ImageObject\",\"inLanguage\":\"es\",\"@id\":\"https:\\\/\\\/realidadturistica.com\\\/realtur\\\/cierra-fitcuba-2024-con-un-saldo-favorable-para-el-desarrollo-turistico-de-cuba\\\/#primaryimage\",\"url\":\"https:\\\/\\\/realidadturistica.com\\\/realtur\\\/wp-content\\\/uploads\\\/2024\\\/05\\\/embajador-chino-y-ministro-de-turismo-1536x1024-1.jpg\",\"contentUrl\":\"https:\\\/\\\/realidadturistica.com\\\/realtur\\\/wp-content\\\/uploads\\\/2024\\\/05\\\/embajador-chino-y-ministro-de-turismo-1536x1024-1.jpg\",\"width\":1536,\"height\":1024},{\"@type\":\"BreadcrumbList\",\"@id\":\"https:\\\/\\\/realidadturistica.com\\\/realtur\\\/cierra-fitcuba-2024-con-un-saldo-favorable-para-el-desarrollo-turistico-de-cuba\\\/#breadcrumb\",\"itemListElement\":[{\"@type\":\"ListItem\",\"position\":1,\"name\":\"Portada\",\"item\":\"https:\\\/\\\/realidadturistica.com\\\/realtur\\\/\"},{\"@type\":\"ListItem\",\"position\":2,\"name\":\"Cierra FitCuba 2024 con un saldo favorable para el desarrollo tur\u00edstico de Cuba\"}]},{\"@type\":\"WebSite\",\"@id\":\"https:\\\/\\\/realidadturistica.com\\\/realtur\\\/#website\",\"url\":\"https:\\\/\\\/realidadturistica.com\\\/realtur\\\/\",\"name\":\"Realidad Tur\u00edstica\",\"description\":\"\",\"publisher\":{\"@id\":\"https:\\\/\\\/realidadturistica.com\\\/realtur\\\/#organization\"},\"potentialAction\":[{\"@type\":\"SearchAction\",\"target\":{\"@type\":\"EntryPoint\",\"urlTemplate\":\"https:\\\/\\\/realidadturistica.com\\\/realtur\\\/?s={search_term_string}\"},\"query-input\":{\"@type\":\"PropertyValueSpecification\",\"valueRequired\":true,\"valueName\":\"search_term_string\"}}],\"inLanguage\":\"es\"},{\"@type\":\"Organization\",\"@id\":\"https:\\\/\\\/realidadturistica.com\\\/realtur\\\/#organization\",\"name\":\"Realidad Tur\u00edstica\",\"url\":\"https:\\\/\\\/realidadturistica.com\\\/realtur\\\/\",\"logo\":{\"@type\":\"ImageObject\",\"inLanguage\":\"es\",\"@id\":\"https:\\\/\\\/realidadturistica.com\\\/realtur\\\/#\\\/schema\\\/logo\\\/image\\\/\",\"url\":\"https:\\\/\\\/realidadturistica.com\\\/realtur\\\/wp-content\\\/uploads\\\/2021\\\/12\\\/logotipo-realidad-turistica.png\",\"contentUrl\":\"https:\\\/\\\/realidadturistica.com\\\/realtur\\\/wp-content\\\/uploads\\\/2021\\\/12\\\/logotipo-realidad-turistica.png\",\"width\":1382,\"height\":629,\"caption\":\"Realidad Tur\u00edstica\"},\"image\":{\"@id\":\"https:\\\/\\\/realidadturistica.com\\\/realtur\\\/#\\\/schema\\\/logo\\\/image\\\/\"},\"sameAs\":[\"https:\\\/\\\/www.facebook.com\\\/realidadturistica\",\"https:\\\/\\\/www.instagram.com\\\/realidad_turistica\\\/\"]},{\"@type\":\"Person\",\"@id\":\"https:\\\/\\\/realidadturistica.com\\\/realtur\\\/#\\\/schema\\\/person\\\/ade671191202490fcf08ab21590de73e\",\"name\":\"Editor\",\"image\":{\"@type\":\"ImageObject\",\"inLanguage\":\"es\",\"@id\":\"https:\\\/\\\/realidadturistica.com\\\/realtur\\\/wp-content\\\/uploads\\\/2023\\\/09\\\/Editor_avatar_1693668634-96x96.png\",\"url\":\"https:\\\/\\\/realidadturistica.com\\\/realtur\\\/wp-content\\\/uploads\\\/2023\\\/09\\\/Editor_avatar_1693668634-96x96.png\",\"contentUrl\":\"https:\\\/\\\/realidadturistica.com\\\/realtur\\\/wp-content\\\/uploads\\\/2023\\\/09\\\/Editor_avatar_1693668634-96x96.png\",\"caption\":\"Editor\"},\"sameAs\":[\"https:\\\/\\\/realidadturistica.com\\\/realtur\"],\"url\":\"https:\\\/\\\/realidadturistica.com\\\/realtur\\\/author\\\/editor2\\\/\"}]}<\/script>\n<!-- \/ Yoast SEO Premium plugin. -->","yoast_head_json":{"title":"Cierra FitCuba 2024 con un saldo favorable para el desarrollo tur\u00edstico de Cuba - Realidad Tur\u00edstica","robots":{"index":"index","follow":"follow","max-snippet":"max-snippet:-1","max-image-preview":"max-image-preview:large","max-video-preview":"max-video-preview:-1"},"canonical":"https:\/\/realidadturistica.com\/realtur\/cierra-fitcuba-2024-con-un-saldo-favorable-para-el-desarrollo-turistico-de-cuba\/","og_locale":"es_ES","og_type":"article","og_title":"Cierra FitCuba 2024 con un saldo favorable para el desarrollo tur\u00edstico de Cuba","og_description":"Cuba. Este s\u00e1bado 4 de mayo fue clausurada la Feria Internacional de Turismo, FitCuba 2024, que durante varios d\u00edas reuni\u00f3 a ministros, embajadores y jefes&hellip;","og_url":"https:\/\/realidadturistica.com\/realtur\/cierra-fitcuba-2024-con-un-saldo-favorable-para-el-desarrollo-turistico-de-cuba\/","og_site_name":"Realidad Tur\u00edstica","article_publisher":"https:\/\/www.facebook.com\/realidadturistica","article_published_time":"2024-05-05T13:39:00+00:00","article_modified_time":"2024-05-05T13:39:06+00:00","og_image":[{"width":1536,"height":1024,"url":"https:\/\/realidadturistica.com\/realtur\/wp-content\/uploads\/2024\/05\/embajador-chino-y-ministro-de-turismo-1536x1024-1.jpg","type":"image\/jpeg"}],"author":"Editor","twitter_card":"summary_large_image","twitter_misc":{"Escrito por":"Editor","Tiempo de lectura":"3 minutos"},"schema":{"@context":"https:\/\/schema.org","@graph":[{"@type":"Article","@id":"https:\/\/realidadturistica.com\/realtur\/cierra-fitcuba-2024-con-un-saldo-favorable-para-el-desarrollo-turistico-de-cuba\/#article","isPartOf":{"@id":"https:\/\/realidadturistica.com\/realtur\/cierra-fitcuba-2024-con-un-saldo-favorable-para-el-desarrollo-turistico-de-cuba\/"},"author":{"name":"Editor","@id":"https:\/\/realidadturistica.com\/realtur\/#\/schema\/person\/ade671191202490fcf08ab21590de73e"},"headline":"Cierra FitCuba 2024 con un saldo favorable para el desarrollo tur\u00edstico de Cuba","datePublished":"2024-05-05T13:39:00+00:00","dateModified":"2024-05-05T13:39:06+00:00","mainEntityOfPage":{"@id":"https:\/\/realidadturistica.com\/realtur\/cierra-fitcuba-2024-con-un-saldo-favorable-para-el-desarrollo-turistico-de-cuba\/"},"wordCount":489,"commentCount":0,"publisher":{"@id":"https:\/\/realidadturistica.com\/realtur\/#organization"},"image":{"@id":"https:\/\/realidadturistica.com\/realtur\/cierra-fitcuba-2024-con-un-saldo-favorable-para-el-desarrollo-turistico-de-cuba\/#primaryimage"},"thumbnailUrl":"https:\/\/realidadturistica.com\/realtur\/wp-content\/uploads\/2024\/05\/embajador-chino-y-ministro-de-turismo-1536x1024-1.jpg","articleSection":["Turismo"],"inLanguage":"es","potentialAction":[{"@type":"CommentAction","name":"Comment","target":["https:\/\/realidadturistica.com\/realtur\/cierra-fitcuba-2024-con-un-saldo-favorable-para-el-desarrollo-turistico-de-cuba\/#respond"]}]},{"@type":"WebPage","@id":"https:\/\/realidadturistica.com\/realtur\/cierra-fitcuba-2024-con-un-saldo-favorable-para-el-desarrollo-turistico-de-cuba\/","url":"https:\/\/realidadturistica.com\/realtur\/cierra-fitcuba-2024-con-un-saldo-favorable-para-el-desarrollo-turistico-de-cuba\/","name":"Cierra FitCuba 2024 con un saldo favorable para el desarrollo tur\u00edstico de Cuba - Realidad Tur\u00edstica","isPartOf":{"@id":"https:\/\/realidadturistica.com\/realtur\/#website"},"primaryImageOfPage":{"@id":"https:\/\/realidadturistica.com\/realtur\/cierra-fitcuba-2024-con-un-saldo-favorable-para-el-desarrollo-turistico-de-cuba\/#primaryimage"},"image":{"@id":"https:\/\/realidadturistica.com\/realtur\/cierra-fitcuba-2024-con-un-saldo-favorable-para-el-desarrollo-turistico-de-cuba\/#primaryimage"},"thumbnailUrl":"https:\/\/realidadturistica.com\/realtur\/wp-content\/uploads\/2024\/05\/embajador-chino-y-ministro-de-turismo-1536x1024-1.jpg","datePublished":"2024-05-05T13:39:00+00:00","dateModified":"2024-05-05T13:39:06+00:00","breadcrumb":{"@id":"https:\/\/realidadturistica.com\/realtur\/cierra-fitcuba-2024-con-un-saldo-favorable-para-el-desarrollo-turistico-de-cuba\/#breadcrumb"},"inLanguage":"es","potentialAction":[{"@type":"ReadAction","target":["https:\/\/realidadturistica.com\/realtur\/cierra-fitcuba-2024-con-un-saldo-favorable-para-el-desarrollo-turistico-de-cuba\/"]}]},{"@type":"ImageObject","inLanguage":"es","@id":"https:\/\/realidadturistica.com\/realtur\/cierra-fitcuba-2024-con-un-saldo-favorable-para-el-desarrollo-turistico-de-cuba\/#primaryimage","url":"https:\/\/realidadturistica.com\/realtur\/wp-content\/uploads\/2024\/05\/embajador-chino-y-ministro-de-turismo-1536x1024-1.jpg","contentUrl":"https:\/\/realidadturistica.com\/realtur\/wp-content\/uploads\/2024\/05\/embajador-chino-y-ministro-de-turismo-1536x1024-1.jpg","width":1536,"height":1024},{"@type":"BreadcrumbList","@id":"https:\/\/realidadturistica.com\/realtur\/cierra-fitcuba-2024-con-un-saldo-favorable-para-el-desarrollo-turistico-de-cuba\/#breadcrumb","itemListElement":[{"@type":"ListItem","position":1,"name":"Portada","item":"https:\/\/realidadturistica.com\/realtur\/"},{"@type":"ListItem","position":2,"name":"Cierra FitCuba 2024 con un saldo favorable para el desarrollo tur\u00edstico de Cuba"}]},{"@type":"WebSite","@id":"https:\/\/realidadturistica.com\/realtur\/#website","url":"https:\/\/realidadturistica.com\/realtur\/","name":"Realidad Tur\u00edstica","description":"","publisher":{"@id":"https:\/\/realidadturistica.com\/realtur\/#organization"},"potentialAction":[{"@type":"SearchAction","target":{"@type":"EntryPoint","urlTemplate":"https:\/\/realidadturistica.com\/realtur\/?s={search_term_string}"},"query-input":{"@type":"PropertyValueSpecification","valueRequired":true,"valueName":"search_term_string"}}],"inLanguage":"es"},{"@type":"Organization","@id":"https:\/\/realidadturistica.com\/realtur\/#organization","name":"Realidad Tur\u00edstica","url":"https:\/\/realidadturistica.com\/realtur\/","logo":{"@type":"ImageObject","inLanguage":"es","@id":"https:\/\/realidadturistica.com\/realtur\/#\/schema\/logo\/image\/","url":"https:\/\/realidadturistica.com\/realtur\/wp-content\/uploads\/2021\/12\/logotipo-realidad-turistica.png","contentUrl":"https:\/\/realidadturistica.com\/realtur\/wp-content\/uploads\/2021\/12\/logotipo-realidad-turistica.png","width":1382,"height":629,"caption":"Realidad Tur\u00edstica"},"image":{"@id":"https:\/\/realidadturistica.com\/realtur\/#\/schema\/logo\/image\/"},"sameAs":["https:\/\/www.facebook.com\/realidadturistica","https:\/\/www.instagram.com\/realidad_turistica\/"]},{"@type":"Person","@id":"https:\/\/realidadturistica.com\/realtur\/#\/schema\/person\/ade671191202490fcf08ab21590de73e","name":"Editor","image":{"@type":"ImageObject","inLanguage":"es","@id":"https:\/\/realidadturistica.com\/realtur\/wp-content\/uploads\/2023\/09\/Editor_avatar_1693668634-96x96.png","url":"https:\/\/realidadturistica.com\/realtur\/wp-content\/uploads\/2023\/09\/Editor_avatar_1693668634-96x96.png","contentUrl":"https:\/\/realidadturistica.com\/realtur\/wp-content\/uploads\/2023\/09\/Editor_avatar_1693668634-96x96.png","caption":"Editor"},"sameAs":["https:\/\/realidadturistica.com\/realtur"],"url":"https:\/\/realidadturistica.com\/realtur\/author\/editor2\/"}]}},"_links":{"self":[{"href":"https:\/\/realidadturistica.com\/realtur\/wp-json\/wp\/v2\/posts\/7283","targetHints":{"allow":["GET"]}}],"collection":[{"href":"https:\/\/realidadturistica.com\/realtur\/wp-json\/wp\/v2\/posts"}],"about":[{"href":"https:\/\/realidadturistica.com\/realtur\/wp-json\/wp\/v2\/types\/post"}],"author":[{"embeddable":true,"href":"https:\/\/realidadturistica.com\/realtur\/wp-json\/wp\/v2\/users\/2"}],"replies":[{"embeddable":true,"href":"https:\/\/realidadturistica.com\/realtur\/wp-json\/wp\/v2\/comments?post=7283"}],"version-history":[{"count":3,"href":"https:\/\/realidadturistica.com\/realtur\/wp-json\/wp\/v2\/posts\/7283\/revisions"}],"predecessor-version":[{"id":7288,"href":"https:\/\/realidadturistica.com\/realtur\/wp-json\/wp\/v2\/posts\/7283\/revisions\/7288"}],"wp:featuredmedia":[{"embeddable":true,"href":"https:\/\/realidadturistica.com\/realtur\/wp-json\/wp\/v2\/media\/7285"}],"wp:attachment":[{"href":"https:\/\/realidadturistica.com\/realtur\/wp-json\/wp\/v2\/media?parent=7283"}],"wp:term":[{"taxonomy":"category","embeddable":true,"href":"https:\/\/realidadturistica.com\/realtur\/wp-json\/wp\/v2\/categories?post=7283"},{"taxonomy":"post_tag","embeddable":true,"href":"https:\/\/realidadturistica.com\/realtur\/wp-json\/wp\/v2\/tags?post=7283"}],"curies":[{"name":"wp","href":"https:\/\/api.w.org\/{rel}","templated":true}]}}