{"id":7293,"date":"2024-05-07T12:23:01","date_gmt":"2024-05-07T12:23:01","guid":{"rendered":"https:\/\/realidadturistica.com\/realtur\/?p=7293"},"modified":"2024-05-07T12:23:07","modified_gmt":"2024-05-07T12:23:07","slug":"melia-ibiza-abre-sus-puertas-a-un-oasis-de-bienestar-y-desconexion-en-santa-eulalia","status":"publish","type":"post","link":"https:\/\/realidadturistica.com\/realtur\/melia-ibiza-abre-sus-puertas-a-un-oasis-de-bienestar-y-desconexion-en-santa-eulalia\/","title":{"rendered":"Meli\u00e1 Ibiza abre sus puertas a un oasis de bienestar y desconexi\u00f3n en santa Eulalia"},"content":{"rendered":"\n<p class=\"yoast-reading-time__wrapper\"><span class=\"yoast-reading-time__icon\"><svg aria-hidden=\"true\" focusable=\"false\" data-icon=\"clock\" width=\"20\" height=\"20\" fill=\"none\" stroke=\"currentColor\" style=\"display:inline-block;vertical-align:-0.1em\" role=\"img\" xmlns=\"http:\/\/www.w3.org\/2000\/svg\" viewbox=\"0 0 24 24\"><path stroke-linecap=\"round\" stroke-linejoin=\"round\" stroke-width=\"2\" d=\"M12 8v4l3 3m6-3a9 9 0 11-18 0 9 9 0 0118 0z\"><\/path><\/svg><\/span><span class=\"yoast-reading-time__spacer\" style=\"display:inline-block;width:1em\"><\/span><span class=\"yoast-reading-time__descriptive-text\">Tiempo de lectura estimado:  <\/span><span class=\"yoast-reading-time__reading-time\">7<\/span><span class=\"yoast-reading-time__time-unit\"> minutos<\/span><\/p>\n\n\n\n<p>Desde el 1 de mayo, el hotel Meli\u00e1 Ibiza da la bienvenida a su primera temporada con una experiencia \u00fanica en torno al bienestar, la gastronom\u00eda y la naturaleza<\/p>\n\n\n\n<p>Meli\u00e1 Ibiza se supera en sus instalaciones siendo el primer hotel s\u00f3lo para adultos de la marca en la isla, convirti\u00e9ndose tambi\u00e9n en el primero con circuito de aguas exteriores de la zona y ofreciendo una propuesta superior a sus clientes de The Level<\/p>\n\n\n\n<p>Adem\u00e1s, el hotel pone la sostenibilidad al frente con su colaboraci\u00f3n con Gravity Wave, empresa de impacto social y medioambiental con la que se propone limpiar tres toneladas de pl\u00e1stico del mar Mediterr\u00e1neo y sus puertos y fomentar la econom\u00eda circular<\/p>\n\n\n\n<p>El proyecto es parte de la alianza firmada hace un a\u00f1o por Meli\u00e1 Hotels International y Banca March para desarrollar proyectos conjuntos en el sector hotelero<\/p>\n\n\n\n<p>Palma de Mallorca, 7 de mayo de 2024. Las cristalinas y relajadas aguas de la localidad de Santa Eulalia, en la ic\u00f3nica Ibiza, dan la bienvenida al nuevo Meli\u00e1 Ibiza, que abri\u00f3 sus puertas el 1 de mayo tras un exquisito proceso de reposicionamiento que ha transformado el hotel existente (Sol Beach House Ibiza). El proyecto, ubicado en primera l\u00ednea de mar y rodeado de paisajes ibicencos, es parte de la alianza firmada hace un a\u00f1o por Meli\u00e1 Hotels International y Banca March para desarrollar proyectos conjuntos en el sector hotelero que, como Meli\u00e1 Ibiza, puedan crear valor compartido para los inversores y para los destinos de manera responsable.<\/p>\n\n\n\n<p>Marcado por la combinaci\u00f3n de un dise\u00f1o vanguardista junto con la tradici\u00f3n ibicenca, el resultado es un producto excepcional que invita a la desconexi\u00f3n y la calma, ofreciendo una incre\u00edble experiencia de bienestar y gastronom\u00eda s\u00f3lo para adultos.<\/p>\n\n\n\n<p>Su inigualable localizaci\u00f3n recrea un oasis de paz entorno al mismo gracias a la serenidad del Mediterr\u00e1neo, el buen clima y los maravillosos paisajes y atardeceres de la bah\u00eda, permitiendo disfrutar de la Ibiza alternativa, que gira en torno a la calidad y tranquilidad. Al mismo tiempo, esta ubicaci\u00f3n permite conectar al hotel con la en\u00e9rgica y vibrante noche de Ibiza y sus playas m\u00e1s famosas, por lo que el equilibrio entre diversi\u00f3n y relajaci\u00f3n est\u00e1 al alcance de todos.<\/p>\n\n\n\n<p>Este hotel ofrece 285 habitaciones con 12 tipolog\u00edas que van desde las m\u00e1s adecuadas para una pareja con vistas al jard\u00edn o a la playa, hasta la Master Suite Vista Mar The Level, una habitaci\u00f3n con terraza y ba\u00f1era de hidromasaje en el exterior, disponible para los clientes que contraten el servicio superior y exclusivo The Level. Meli\u00e1 Ibiza cuenta adem\u00e1s con cuatro restaurantes, un rooftop con unas vistas \u00fanicas al Mediterr\u00e1neo con un skybar, una piscina exterior, un gimnasio abierto a las 24h y una zona de Spa &amp; Wellness con tratamientos de inspiraci\u00f3n tailandesa, entre otras instalaciones y experiencias.<\/p>\n\n\n\n<p>El acuerdo entre Branca March y Meli\u00e1 Hotels International se enmarca en la estrategia de Coinversi\u00f3n de la entidad bancaria, que convierte a sus clientes en socios d ellos proyectos en que participa. Banca March ratifica as\u00ed su compromiso con un sector con el que mantiene un estrecho v\u00ednculo desde hace d\u00e9cadas, como entidad de referencia en el asesoramiento a empresas hoteleras.<\/p>\n\n\n\n<p>Equilibrio entre cuerpo y mente, inspirado en las t\u00e9cnicas tailandesas<\/p>\n\n\n\n<p>Meli\u00e1 Ibiza potencia en su m\u00e1xima expresi\u00f3n la tranquilidad que Santa Eulalia emana por s\u00ed misma. Desde el dise\u00f1o del hotel hasta sus inmejorables instalaciones, el hotel invita a una inmersi\u00f3n al bienestar y la conexi\u00f3n con uno mismo. Una de las experiencias estrella de este hotel es el circuito de aguas al exterior, \u00fanico en la oferta hostelera de Ibiza.<\/p>\n\n\n\n<p>Esta se combina con las del Spa cuyas ofertas guiar\u00e1n al hu\u00e9sped hacia esa relajaci\u00f3n y bienestar corporal y mental, gestionadas a trav\u00e9s de Thai Room. Por \u00faltimo, tambi\u00e9n se encontrar\u00e1n actividades para activar f\u00edsicamente el cuerpo como yoga y deportes acu\u00e1ticos.<\/p>\n\n\n\n<p>Exquisitez sin fronteras en los sabores \u00fanicos de Meli\u00e1 Ibiza<\/p>\n\n\n\n<p>El alto nivel gastron\u00f3mico que se encuentra entre las experiencias culinarias de Meli\u00e1 Ibiza no dejar\u00e1 a ning\u00fan paladar indiferente. Las recetas tradicionales se someten a las innovadoras t\u00e9cnicas de los chefs para dar como resultado unas propuestas en las que el placer y la calidad se encuentran en cada bocado.<\/p>\n\n\n\n<p>Sus cuatro restaurantes ofrecen diferentes experiencias seg\u00fan el momento y el gusto de cada hu\u00e9sped. Podr\u00e1n comenzar el d\u00eda con el incre\u00edble desayuno de Mosaico, un all day dinning en el que se mezclan cocinas internacionales y nacionales con una amplia variedad de platos y sabores. Para seguir, una comida al estilo Mediterr\u00e1neo en Cape Nao, con unas propuestas frescas y de la mayor calidad. Por \u00faltimo, el d\u00eda no puede acabar sin una cena en Llum, un restaurante grill especializado en carnes y brasas, en el rooftop con vistas \u00fanicas al atardecer ibicenco.<\/p>\n\n\n\n<p>Si, por el contrario, prefieren un momento de relajaci\u00f3n, Boreal Lobby Bar ofrece smoothies y c\u00f3cteles para pasar un buen rato con amigos.<\/p>\n\n\n\n<p>Una experiencia elevada gracias a The Level<\/p>\n\n\n\n<p>Meli\u00e1 Ibiza ha trabajado en una propuesta que supere al resto, mejorando las experiencias de sus hu\u00e9spedes y favoreciendo positivamente el enclave en el que se encuentra situado.<\/p>\n\n\n\n<p>Entre estas novedades se encuentra el exclusivo The Level, el distintivo servicio VIP de la marca Meli\u00e1 Hoteles &amp; Resorts en el que el cliente puede disfrutar de una mayor personalizaci\u00f3n y cuidado al detalle durante su estancia. Los clientes de The Level cuentan con un edificio de entrada y parking separado del resto del hotel, con los que disfrutar\u00e1n de una mayor privacidad y exclusividad. Adem\u00e1s, el imponente rooftop del hotel ser\u00e1 una zona exclusiva para el cliente de The Level durante todo el d\u00eda, donde tendr\u00e1n su propia piscina, hasta que por la noche se abra al p\u00fablico general con el restaurante Llum.<\/p>\n\n\n\n<p>Un cuidado desde y para el Mediterr\u00e1neo<\/p>\n\n\n\n<p>Para celebrar la inauguraci\u00f3n de este hotel tan relacionado con su excepcional ubicaci\u00f3n en el Mar Mediterr\u00e1neo, Meli\u00e1 Ibiza colaborar\u00e1 durante su primera temporada en activo con Gravity Wave, la empresa de impacto social cuya misi\u00f3n es lograr un oc\u00e9ano libre de pl\u00e1stico a la vez que generan nuevas soluciones para dar una segunda utilidad a esos residuos. El objetivo de esta alianza es poder generar un impacto beneficioso tanto para el entorno de Meli\u00e1 Ibiza como para la sociedad a trav\u00e9s del cuidado del mar, la reutilizaci\u00f3n de residuos y la econom\u00eda circular.&nbsp;&nbsp;&nbsp;&nbsp;&nbsp;&nbsp;&nbsp;&nbsp;&nbsp;&nbsp;&nbsp;<\/p>\n\n\n\n<p>Estos objetivos est\u00e1n muy alineados con los de Meli\u00e1 Hotels International, que como compa\u00f1\u00eda est\u00e1 comprometida a capacitar a todos sus hoteles con las herramientas necesarias para avanzar en la descarbonizaci\u00f3n y la consolidaci\u00f3n de un turismo m\u00e1s responsable con el medioambiente. En sus pilares est\u00e1 integrada la creaci\u00f3n de valor sostenible para todos sus stakeholders desde el punto de vista del planeta, las personas, la comunidad y la propia compa\u00f1\u00eda. Una estrategia que ha mantenido a la cadena hotelera en una posici\u00f3n de liderazgo en iniciativas sostenibles a lo largo de los a\u00f1os.<\/p>\n\n\n\n<p>As\u00ed, tienen espacio colaboraciones con asociaciones como Gravity Wave. La empresa de impacto social y la hotelera celebrar\u00e1n la temporada inaugural de Meli\u00e1 Ibiza retirando tres toneladas de pl\u00e1stico del mar Mediterr\u00e1neo y sus puertos, residuos que utilizar\u00e1n para crear nuevos objetos que puedan servir para uso del propio hotel y a los que se les pueda dar una nueva vida.<\/p>\n\n\n\n<p>Acerca de Meli\u00e1 Hotels International: Fundada en 1956 en Palma de Mallorca (Espa\u00f1a), Meli\u00e1 Hotels International cuenta con m\u00e1s de 400 hoteles abiertos o en proceso de apertura, en m\u00e1s de 40 pa\u00edses, y un portfolio de nueve marcas: Gran Meli\u00e1 Hotels &amp; Resorts, ME by Meli\u00e1, The Meli\u00e1 Collection, Paradisus by Meli\u00e1, Meli\u00e1 Hotels &amp; Resorts, ZEL, INNSiDE by Meli\u00e1, Sol by Meli\u00e1 y Affiliated by Meli\u00e1. La Compa\u00f1\u00eda es una de las hoteleras l\u00edderes mundiales en el segmento de hoteles vacacionales y su experiencia en este \u00e1mbito le ha permitido consolidarse en el creciente mercado de hoteles urbanos inspirados en el ocio. Su compromiso con el turismo responsable le ha hecho ser reconocida como la hotelera de origen europeo m\u00e1s sostenible del mundo de acuerdo al S&amp;P Global Sustainability Yearbook 2024, adem\u00e1s de ser marca Top Employer 2024 en Espa\u00f1a, Rep\u00fablica Dominicana, M\u00e9xico, Italia, Alemania, Francia y Vietnam. Meli\u00e1 Hotels International tambi\u00e9n forma parte del IBEX 35. Para m\u00e1s informaci\u00f3n, visite www.meliahotelsinternational.com<\/p>\n\n\n\n<p>Fuente: Meli\u00e1 Hotels International<\/p>\n","protected":false},"excerpt":{"rendered":"<p>Desde el 1 de mayo, el hotel Meli\u00e1 Ibiza da la bienvenida a su primera temporada con una experiencia \u00fanica en torno al bienestar, la&hellip;<\/p>\n","protected":false},"author":2,"featured_media":7295,"comment_status":"open","ping_status":"closed","sticky":false,"template":"","format":"standard","meta":{"content-type":"","_lmt_disableupdate":"","_lmt_disable":"","footnotes":""},"categories":[6],"tags":[],"class_list":["post-7293","post","type-post","status-publish","format-standard","has-post-thumbnail","hentry","category-turismo"],"yoast_head":"<!-- This site is optimized with the Yoast SEO Premium plugin v27.4 (Yoast SEO v27.5) - https:\/\/yoast.com\/product\/yoast-seo-premium-wordpress\/ -->\n<title>Meli\u00e1 Ibiza abre sus puertas a un oasis de bienestar y desconexi\u00f3n en santa Eulalia - Realidad Tur\u00edstica<\/title>\n<meta name=\"robots\" content=\"index, follow, max-snippet:-1, max-image-preview:large, max-video-preview:-1\" \/>\n<link rel=\"canonical\" href=\"https:\/\/realidadturistica.com\/realtur\/melia-ibiza-abre-sus-puertas-a-un-oasis-de-bienestar-y-desconexion-en-santa-eulalia\/\" \/>\n<meta property=\"og:locale\" content=\"es_ES\" \/>\n<meta property=\"og:type\" content=\"article\" \/>\n<meta property=\"og:title\" content=\"Meli\u00e1 Ibiza abre sus puertas a un oasis de bienestar y desconexi\u00f3n en santa Eulalia\" \/>\n<meta property=\"og:description\" content=\"Desde el 1 de mayo, el hotel Meli\u00e1 Ibiza da la bienvenida a su primera temporada con una experiencia \u00fanica en torno al bienestar, la&hellip;\" \/>\n<meta property=\"og:url\" content=\"https:\/\/realidadturistica.com\/realtur\/melia-ibiza-abre-sus-puertas-a-un-oasis-de-bienestar-y-desconexion-en-santa-eulalia\/\" \/>\n<meta property=\"og:site_name\" content=\"Realidad Tur\u00edstica\" \/>\n<meta property=\"article:publisher\" content=\"https:\/\/www.facebook.com\/realidadturistica\" \/>\n<meta property=\"article:published_time\" content=\"2024-05-07T12:23:01+00:00\" \/>\n<meta property=\"article:modified_time\" content=\"2024-05-07T12:23:07+00:00\" \/>\n<meta property=\"og:image\" content=\"https:\/\/realidadturistica.com\/realtur\/wp-content\/uploads\/2024\/05\/Captura-de-pantalla-2024-05-07-a-las-8.18.57\u202fa.m.jpg\" \/>\n\t<meta property=\"og:image:width\" content=\"1258\" \/>\n\t<meta property=\"og:image:height\" content=\"704\" \/>\n\t<meta property=\"og:image:type\" content=\"image\/jpeg\" \/>\n<meta name=\"author\" content=\"Editor\" \/>\n<meta name=\"twitter:card\" content=\"summary_large_image\" \/>\n<meta name=\"twitter:label1\" content=\"Escrito por\" \/>\n\t<meta name=\"twitter:data1\" content=\"Editor\" \/>\n\t<meta name=\"twitter:label2\" content=\"Tiempo de lectura\" \/>\n\t<meta name=\"twitter:data2\" content=\"7 minutos\" \/>\n<script type=\"application\/ld+json\" class=\"yoast-schema-graph\">{\"@context\":\"https:\\\/\\\/schema.org\",\"@graph\":[{\"@type\":\"Article\",\"@id\":\"https:\\\/\\\/realidadturistica.com\\\/realtur\\\/melia-ibiza-abre-sus-puertas-a-un-oasis-de-bienestar-y-desconexion-en-santa-eulalia\\\/#article\",\"isPartOf\":{\"@id\":\"https:\\\/\\\/realidadturistica.com\\\/realtur\\\/melia-ibiza-abre-sus-puertas-a-un-oasis-de-bienestar-y-desconexion-en-santa-eulalia\\\/\"},\"author\":{\"name\":\"Editor\",\"@id\":\"https:\\\/\\\/realidadturistica.com\\\/realtur\\\/#\\\/schema\\\/person\\\/ade671191202490fcf08ab21590de73e\"},\"headline\":\"Meli\u00e1 Ibiza abre sus puertas a un oasis de bienestar y desconexi\u00f3n en santa Eulalia\",\"datePublished\":\"2024-05-07T12:23:01+00:00\",\"dateModified\":\"2024-05-07T12:23:07+00:00\",\"mainEntityOfPage\":{\"@id\":\"https:\\\/\\\/realidadturistica.com\\\/realtur\\\/melia-ibiza-abre-sus-puertas-a-un-oasis-de-bienestar-y-desconexion-en-santa-eulalia\\\/\"},\"wordCount\":1518,\"commentCount\":0,\"publisher\":{\"@id\":\"https:\\\/\\\/realidadturistica.com\\\/realtur\\\/#organization\"},\"image\":{\"@id\":\"https:\\\/\\\/realidadturistica.com\\\/realtur\\\/melia-ibiza-abre-sus-puertas-a-un-oasis-de-bienestar-y-desconexion-en-santa-eulalia\\\/#primaryimage\"},\"thumbnailUrl\":\"https:\\\/\\\/realidadturistica.com\\\/realtur\\\/wp-content\\\/uploads\\\/2024\\\/05\\\/Captura-de-pantalla-2024-05-07-a-las-8.18.57\u202fa.m.jpg\",\"articleSection\":[\"Turismo\"],\"inLanguage\":\"es\",\"potentialAction\":[{\"@type\":\"CommentAction\",\"name\":\"Comment\",\"target\":[\"https:\\\/\\\/realidadturistica.com\\\/realtur\\\/melia-ibiza-abre-sus-puertas-a-un-oasis-de-bienestar-y-desconexion-en-santa-eulalia\\\/#respond\"]}]},{\"@type\":\"WebPage\",\"@id\":\"https:\\\/\\\/realidadturistica.com\\\/realtur\\\/melia-ibiza-abre-sus-puertas-a-un-oasis-de-bienestar-y-desconexion-en-santa-eulalia\\\/\",\"url\":\"https:\\\/\\\/realidadturistica.com\\\/realtur\\\/melia-ibiza-abre-sus-puertas-a-un-oasis-de-bienestar-y-desconexion-en-santa-eulalia\\\/\",\"name\":\"Meli\u00e1 Ibiza abre sus puertas a un oasis de bienestar y desconexi\u00f3n en santa Eulalia - Realidad Tur\u00edstica\",\"isPartOf\":{\"@id\":\"https:\\\/\\\/realidadturistica.com\\\/realtur\\\/#website\"},\"primaryImageOfPage\":{\"@id\":\"https:\\\/\\\/realidadturistica.com\\\/realtur\\\/melia-ibiza-abre-sus-puertas-a-un-oasis-de-bienestar-y-desconexion-en-santa-eulalia\\\/#primaryimage\"},\"image\":{\"@id\":\"https:\\\/\\\/realidadturistica.com\\\/realtur\\\/melia-ibiza-abre-sus-puertas-a-un-oasis-de-bienestar-y-desconexion-en-santa-eulalia\\\/#primaryimage\"},\"thumbnailUrl\":\"https:\\\/\\\/realidadturistica.com\\\/realtur\\\/wp-content\\\/uploads\\\/2024\\\/05\\\/Captura-de-pantalla-2024-05-07-a-las-8.18.57\u202fa.m.jpg\",\"datePublished\":\"2024-05-07T12:23:01+00:00\",\"dateModified\":\"2024-05-07T12:23:07+00:00\",\"breadcrumb\":{\"@id\":\"https:\\\/\\\/realidadturistica.com\\\/realtur\\\/melia-ibiza-abre-sus-puertas-a-un-oasis-de-bienestar-y-desconexion-en-santa-eulalia\\\/#breadcrumb\"},\"inLanguage\":\"es\",\"potentialAction\":[{\"@type\":\"ReadAction\",\"target\":[\"https:\\\/\\\/realidadturistica.com\\\/realtur\\\/melia-ibiza-abre-sus-puertas-a-un-oasis-de-bienestar-y-desconexion-en-santa-eulalia\\\/\"]}]},{\"@type\":\"ImageObject\",\"inLanguage\":\"es\",\"@id\":\"https:\\\/\\\/realidadturistica.com\\\/realtur\\\/melia-ibiza-abre-sus-puertas-a-un-oasis-de-bienestar-y-desconexion-en-santa-eulalia\\\/#primaryimage\",\"url\":\"https:\\\/\\\/realidadturistica.com\\\/realtur\\\/wp-content\\\/uploads\\\/2024\\\/05\\\/Captura-de-pantalla-2024-05-07-a-las-8.18.57\u202fa.m.jpg\",\"contentUrl\":\"https:\\\/\\\/realidadturistica.com\\\/realtur\\\/wp-content\\\/uploads\\\/2024\\\/05\\\/Captura-de-pantalla-2024-05-07-a-las-8.18.57\u202fa.m.jpg\",\"width\":1258,\"height\":704},{\"@type\":\"BreadcrumbList\",\"@id\":\"https:\\\/\\\/realidadturistica.com\\\/realtur\\\/melia-ibiza-abre-sus-puertas-a-un-oasis-de-bienestar-y-desconexion-en-santa-eulalia\\\/#breadcrumb\",\"itemListElement\":[{\"@type\":\"ListItem\",\"position\":1,\"name\":\"Portada\",\"item\":\"https:\\\/\\\/realidadturistica.com\\\/realtur\\\/\"},{\"@type\":\"ListItem\",\"position\":2,\"name\":\"Meli\u00e1 Ibiza abre sus puertas a un oasis de bienestar y desconexi\u00f3n en santa Eulalia\"}]},{\"@type\":\"WebSite\",\"@id\":\"https:\\\/\\\/realidadturistica.com\\\/realtur\\\/#website\",\"url\":\"https:\\\/\\\/realidadturistica.com\\\/realtur\\\/\",\"name\":\"Realidad Tur\u00edstica\",\"description\":\"\",\"publisher\":{\"@id\":\"https:\\\/\\\/realidadturistica.com\\\/realtur\\\/#organization\"},\"potentialAction\":[{\"@type\":\"SearchAction\",\"target\":{\"@type\":\"EntryPoint\",\"urlTemplate\":\"https:\\\/\\\/realidadturistica.com\\\/realtur\\\/?s={search_term_string}\"},\"query-input\":{\"@type\":\"PropertyValueSpecification\",\"valueRequired\":true,\"valueName\":\"search_term_string\"}}],\"inLanguage\":\"es\"},{\"@type\":\"Organization\",\"@id\":\"https:\\\/\\\/realidadturistica.com\\\/realtur\\\/#organization\",\"name\":\"Realidad Tur\u00edstica\",\"url\":\"https:\\\/\\\/realidadturistica.com\\\/realtur\\\/\",\"logo\":{\"@type\":\"ImageObject\",\"inLanguage\":\"es\",\"@id\":\"https:\\\/\\\/realidadturistica.com\\\/realtur\\\/#\\\/schema\\\/logo\\\/image\\\/\",\"url\":\"https:\\\/\\\/realidadturistica.com\\\/realtur\\\/wp-content\\\/uploads\\\/2021\\\/12\\\/logotipo-realidad-turistica.png\",\"contentUrl\":\"https:\\\/\\\/realidadturistica.com\\\/realtur\\\/wp-content\\\/uploads\\\/2021\\\/12\\\/logotipo-realidad-turistica.png\",\"width\":1382,\"height\":629,\"caption\":\"Realidad Tur\u00edstica\"},\"image\":{\"@id\":\"https:\\\/\\\/realidadturistica.com\\\/realtur\\\/#\\\/schema\\\/logo\\\/image\\\/\"},\"sameAs\":[\"https:\\\/\\\/www.facebook.com\\\/realidadturistica\",\"https:\\\/\\\/www.instagram.com\\\/realidad_turistica\\\/\"]},{\"@type\":\"Person\",\"@id\":\"https:\\\/\\\/realidadturistica.com\\\/realtur\\\/#\\\/schema\\\/person\\\/ade671191202490fcf08ab21590de73e\",\"name\":\"Editor\",\"image\":{\"@type\":\"ImageObject\",\"inLanguage\":\"es\",\"@id\":\"https:\\\/\\\/realidadturistica.com\\\/realtur\\\/wp-content\\\/uploads\\\/2023\\\/09\\\/Editor_avatar_1693668634-96x96.png\",\"url\":\"https:\\\/\\\/realidadturistica.com\\\/realtur\\\/wp-content\\\/uploads\\\/2023\\\/09\\\/Editor_avatar_1693668634-96x96.png\",\"contentUrl\":\"https:\\\/\\\/realidadturistica.com\\\/realtur\\\/wp-content\\\/uploads\\\/2023\\\/09\\\/Editor_avatar_1693668634-96x96.png\",\"caption\":\"Editor\"},\"sameAs\":[\"https:\\\/\\\/realidadturistica.com\\\/realtur\"],\"url\":\"https:\\\/\\\/realidadturistica.com\\\/realtur\\\/author\\\/editor2\\\/\"}]}<\/script>\n<!-- \/ Yoast SEO Premium plugin. -->","yoast_head_json":{"title":"Meli\u00e1 Ibiza abre sus puertas a un oasis de bienestar y desconexi\u00f3n en santa Eulalia - Realidad Tur\u00edstica","robots":{"index":"index","follow":"follow","max-snippet":"max-snippet:-1","max-image-preview":"max-image-preview:large","max-video-preview":"max-video-preview:-1"},"canonical":"https:\/\/realidadturistica.com\/realtur\/melia-ibiza-abre-sus-puertas-a-un-oasis-de-bienestar-y-desconexion-en-santa-eulalia\/","og_locale":"es_ES","og_type":"article","og_title":"Meli\u00e1 Ibiza abre sus puertas a un oasis de bienestar y desconexi\u00f3n en santa Eulalia","og_description":"Desde el 1 de mayo, el hotel Meli\u00e1 Ibiza da la bienvenida a su primera temporada con una experiencia \u00fanica en torno al bienestar, la&hellip;","og_url":"https:\/\/realidadturistica.com\/realtur\/melia-ibiza-abre-sus-puertas-a-un-oasis-de-bienestar-y-desconexion-en-santa-eulalia\/","og_site_name":"Realidad Tur\u00edstica","article_publisher":"https:\/\/www.facebook.com\/realidadturistica","article_published_time":"2024-05-07T12:23:01+00:00","article_modified_time":"2024-05-07T12:23:07+00:00","og_image":[{"width":1258,"height":704,"url":"https:\/\/realidadturistica.com\/realtur\/wp-content\/uploads\/2024\/05\/Captura-de-pantalla-2024-05-07-a-las-8.18.57\u202fa.m.jpg","type":"image\/jpeg"}],"author":"Editor","twitter_card":"summary_large_image","twitter_misc":{"Escrito por":"Editor","Tiempo de lectura":"7 minutos"},"schema":{"@context":"https:\/\/schema.org","@graph":[{"@type":"Article","@id":"https:\/\/realidadturistica.com\/realtur\/melia-ibiza-abre-sus-puertas-a-un-oasis-de-bienestar-y-desconexion-en-santa-eulalia\/#article","isPartOf":{"@id":"https:\/\/realidadturistica.com\/realtur\/melia-ibiza-abre-sus-puertas-a-un-oasis-de-bienestar-y-desconexion-en-santa-eulalia\/"},"author":{"name":"Editor","@id":"https:\/\/realidadturistica.com\/realtur\/#\/schema\/person\/ade671191202490fcf08ab21590de73e"},"headline":"Meli\u00e1 Ibiza abre sus puertas a un oasis de bienestar y desconexi\u00f3n en santa Eulalia","datePublished":"2024-05-07T12:23:01+00:00","dateModified":"2024-05-07T12:23:07+00:00","mainEntityOfPage":{"@id":"https:\/\/realidadturistica.com\/realtur\/melia-ibiza-abre-sus-puertas-a-un-oasis-de-bienestar-y-desconexion-en-santa-eulalia\/"},"wordCount":1518,"commentCount":0,"publisher":{"@id":"https:\/\/realidadturistica.com\/realtur\/#organization"},"image":{"@id":"https:\/\/realidadturistica.com\/realtur\/melia-ibiza-abre-sus-puertas-a-un-oasis-de-bienestar-y-desconexion-en-santa-eulalia\/#primaryimage"},"thumbnailUrl":"https:\/\/realidadturistica.com\/realtur\/wp-content\/uploads\/2024\/05\/Captura-de-pantalla-2024-05-07-a-las-8.18.57\u202fa.m.jpg","articleSection":["Turismo"],"inLanguage":"es","potentialAction":[{"@type":"CommentAction","name":"Comment","target":["https:\/\/realidadturistica.com\/realtur\/melia-ibiza-abre-sus-puertas-a-un-oasis-de-bienestar-y-desconexion-en-santa-eulalia\/#respond"]}]},{"@type":"WebPage","@id":"https:\/\/realidadturistica.com\/realtur\/melia-ibiza-abre-sus-puertas-a-un-oasis-de-bienestar-y-desconexion-en-santa-eulalia\/","url":"https:\/\/realidadturistica.com\/realtur\/melia-ibiza-abre-sus-puertas-a-un-oasis-de-bienestar-y-desconexion-en-santa-eulalia\/","name":"Meli\u00e1 Ibiza abre sus puertas a un oasis de bienestar y desconexi\u00f3n en santa Eulalia - Realidad Tur\u00edstica","isPartOf":{"@id":"https:\/\/realidadturistica.com\/realtur\/#website"},"primaryImageOfPage":{"@id":"https:\/\/realidadturistica.com\/realtur\/melia-ibiza-abre-sus-puertas-a-un-oasis-de-bienestar-y-desconexion-en-santa-eulalia\/#primaryimage"},"image":{"@id":"https:\/\/realidadturistica.com\/realtur\/melia-ibiza-abre-sus-puertas-a-un-oasis-de-bienestar-y-desconexion-en-santa-eulalia\/#primaryimage"},"thumbnailUrl":"https:\/\/realidadturistica.com\/realtur\/wp-content\/uploads\/2024\/05\/Captura-de-pantalla-2024-05-07-a-las-8.18.57\u202fa.m.jpg","datePublished":"2024-05-07T12:23:01+00:00","dateModified":"2024-05-07T12:23:07+00:00","breadcrumb":{"@id":"https:\/\/realidadturistica.com\/realtur\/melia-ibiza-abre-sus-puertas-a-un-oasis-de-bienestar-y-desconexion-en-santa-eulalia\/#breadcrumb"},"inLanguage":"es","potentialAction":[{"@type":"ReadAction","target":["https:\/\/realidadturistica.com\/realtur\/melia-ibiza-abre-sus-puertas-a-un-oasis-de-bienestar-y-desconexion-en-santa-eulalia\/"]}]},{"@type":"ImageObject","inLanguage":"es","@id":"https:\/\/realidadturistica.com\/realtur\/melia-ibiza-abre-sus-puertas-a-un-oasis-de-bienestar-y-desconexion-en-santa-eulalia\/#primaryimage","url":"https:\/\/realidadturistica.com\/realtur\/wp-content\/uploads\/2024\/05\/Captura-de-pantalla-2024-05-07-a-las-8.18.57\u202fa.m.jpg","contentUrl":"https:\/\/realidadturistica.com\/realtur\/wp-content\/uploads\/2024\/05\/Captura-de-pantalla-2024-05-07-a-las-8.18.57\u202fa.m.jpg","width":1258,"height":704},{"@type":"BreadcrumbList","@id":"https:\/\/realidadturistica.com\/realtur\/melia-ibiza-abre-sus-puertas-a-un-oasis-de-bienestar-y-desconexion-en-santa-eulalia\/#breadcrumb","itemListElement":[{"@type":"ListItem","position":1,"name":"Portada","item":"https:\/\/realidadturistica.com\/realtur\/"},{"@type":"ListItem","position":2,"name":"Meli\u00e1 Ibiza abre sus puertas a un oasis de bienestar y desconexi\u00f3n en santa Eulalia"}]},{"@type":"WebSite","@id":"https:\/\/realidadturistica.com\/realtur\/#website","url":"https:\/\/realidadturistica.com\/realtur\/","name":"Realidad Tur\u00edstica","description":"","publisher":{"@id":"https:\/\/realidadturistica.com\/realtur\/#organization"},"potentialAction":[{"@type":"SearchAction","target":{"@type":"EntryPoint","urlTemplate":"https:\/\/realidadturistica.com\/realtur\/?s={search_term_string}"},"query-input":{"@type":"PropertyValueSpecification","valueRequired":true,"valueName":"search_term_string"}}],"inLanguage":"es"},{"@type":"Organization","@id":"https:\/\/realidadturistica.com\/realtur\/#organization","name":"Realidad Tur\u00edstica","url":"https:\/\/realidadturistica.com\/realtur\/","logo":{"@type":"ImageObject","inLanguage":"es","@id":"https:\/\/realidadturistica.com\/realtur\/#\/schema\/logo\/image\/","url":"https:\/\/realidadturistica.com\/realtur\/wp-content\/uploads\/2021\/12\/logotipo-realidad-turistica.png","contentUrl":"https:\/\/realidadturistica.com\/realtur\/wp-content\/uploads\/2021\/12\/logotipo-realidad-turistica.png","width":1382,"height":629,"caption":"Realidad Tur\u00edstica"},"image":{"@id":"https:\/\/realidadturistica.com\/realtur\/#\/schema\/logo\/image\/"},"sameAs":["https:\/\/www.facebook.com\/realidadturistica","https:\/\/www.instagram.com\/realidad_turistica\/"]},{"@type":"Person","@id":"https:\/\/realidadturistica.com\/realtur\/#\/schema\/person\/ade671191202490fcf08ab21590de73e","name":"Editor","image":{"@type":"ImageObject","inLanguage":"es","@id":"https:\/\/realidadturistica.com\/realtur\/wp-content\/uploads\/2023\/09\/Editor_avatar_1693668634-96x96.png","url":"https:\/\/realidadturistica.com\/realtur\/wp-content\/uploads\/2023\/09\/Editor_avatar_1693668634-96x96.png","contentUrl":"https:\/\/realidadturistica.com\/realtur\/wp-content\/uploads\/2023\/09\/Editor_avatar_1693668634-96x96.png","caption":"Editor"},"sameAs":["https:\/\/realidadturistica.com\/realtur"],"url":"https:\/\/realidadturistica.com\/realtur\/author\/editor2\/"}]}},"_links":{"self":[{"href":"https:\/\/realidadturistica.com\/realtur\/wp-json\/wp\/v2\/posts\/7293","targetHints":{"allow":["GET"]}}],"collection":[{"href":"https:\/\/realidadturistica.com\/realtur\/wp-json\/wp\/v2\/posts"}],"about":[{"href":"https:\/\/realidadturistica.com\/realtur\/wp-json\/wp\/v2\/types\/post"}],"author":[{"embeddable":true,"href":"https:\/\/realidadturistica.com\/realtur\/wp-json\/wp\/v2\/users\/2"}],"replies":[{"embeddable":true,"href":"https:\/\/realidadturistica.com\/realtur\/wp-json\/wp\/v2\/comments?post=7293"}],"version-history":[{"count":1,"href":"https:\/\/realidadturistica.com\/realtur\/wp-json\/wp\/v2\/posts\/7293\/revisions"}],"predecessor-version":[{"id":7294,"href":"https:\/\/realidadturistica.com\/realtur\/wp-json\/wp\/v2\/posts\/7293\/revisions\/7294"}],"wp:featuredmedia":[{"embeddable":true,"href":"https:\/\/realidadturistica.com\/realtur\/wp-json\/wp\/v2\/media\/7295"}],"wp:attachment":[{"href":"https:\/\/realidadturistica.com\/realtur\/wp-json\/wp\/v2\/media?parent=7293"}],"wp:term":[{"taxonomy":"category","embeddable":true,"href":"https:\/\/realidadturistica.com\/realtur\/wp-json\/wp\/v2\/categories?post=7293"},{"taxonomy":"post_tag","embeddable":true,"href":"https:\/\/realidadturistica.com\/realtur\/wp-json\/wp\/v2\/tags?post=7293"}],"curies":[{"name":"wp","href":"https:\/\/api.w.org\/{rel}","templated":true}]}}