{"id":7510,"date":"2024-06-08T14:09:09","date_gmt":"2024-06-08T14:09:09","guid":{"rendered":"https:\/\/realidadturistica.com\/realtur\/?p=7510"},"modified":"2024-06-08T14:09:16","modified_gmt":"2024-06-08T14:09:16","slug":"fti-anula-los-viajes-hasta-el-5-de-julio-y-desespera-a-los-agentes-de-viajes-alemanes","status":"publish","type":"post","link":"https:\/\/realidadturistica.com\/realtur\/fti-anula-los-viajes-hasta-el-5-de-julio-y-desespera-a-los-agentes-de-viajes-alemanes\/","title":{"rendered":"FTI anula los viajes hasta el 5 de julio y desespera a los agentes de viajes alemanes"},"content":{"rendered":"\n<p class=\"yoast-reading-time__wrapper\"><span class=\"yoast-reading-time__icon\"><svg aria-hidden=\"true\" focusable=\"false\" data-icon=\"clock\" width=\"20\" height=\"20\" fill=\"none\" stroke=\"currentColor\" style=\"display:inline-block;vertical-align:-0.1em\" role=\"img\" xmlns=\"http:\/\/www.w3.org\/2000\/svg\" viewbox=\"0 0 24 24\"><path stroke-linecap=\"round\" stroke-linejoin=\"round\" stroke-width=\"2\" d=\"M12 8v4l3 3m6-3a9 9 0 11-18 0 9 9 0 0118 0z\"><\/path><\/svg><\/span><span class=\"yoast-reading-time__spacer\" style=\"display:inline-block;width:1em\"><\/span><span class=\"yoast-reading-time__descriptive-text\">Tiempo de lectura estimado:  <\/span><span class=\"yoast-reading-time__reading-time\">2<\/span><span class=\"yoast-reading-time__time-unit\"> minutos<\/span><\/p>\n\n\n\n<p>Axel Bierbach, administrador concursal provisional de la insolvencia de FTI, anunci\u00f3 este mi\u00e9rcoles la cancelaci\u00f3n de todos los viajes previstos del 4 al 10 de junio. Ahora, apenas dos d\u00edas despu\u00e9s, ampl\u00eda el plazo hasta el 5 de julio, una decisi\u00f3n que ha causado malestar entre las agencias de viajes alemanas, al cargarles de m\u00e1s trabajo.<\/p>\n\n\n\n<p>\u00abHemos estado examinando todas las posibilidades para la realizaci\u00f3n de los viajes ya reservados en beneficio de nuestros clientes. Parece posible una soluci\u00f3n, pero no en los pr\u00f3ximos d\u00edas\u00bb, ha aseverado en un comunicado.<\/p>\n\n\n\n<p>Fuentes consultadas por Tourinews cuando se comunic\u00f3 la primera fecha se mostraron muy sorprendidas por el margen excesivamente optimista barajado por el administrador, que pretend\u00eda recolocar los viajes en otros touroperadores en apenas cinco d\u00edas.<\/p>\n\n\n\n<p>Un punto de vista que comparten los agentes de viajes germanos citados por el diario especializado FVW. \u00abEsta t\u00e1ctica dilatoria por parte del administrador concursal es absurda\u00bb, critica Anke Mingerzahn, propietaria de la agencia de viajes Merkur Urlaubscenter en Gebesee.<\/p>\n\n\n\n<p>Temor a reservas dobles y la carga adicional<\/p>\n\n\n\n<p>Desde el sector de las ventas exigen al administrador concursal \u201cun margen de acci\u00f3n claro\u201d, ya que los cambios de criterio sobre las fechas de cancelaci\u00f3n entra\u00f1an una incomodidad mayor a la hora de hacer nuevas reservas con otros touroperadores. Cabe recordar que el resto de actores del mercado germano est\u00e1n creando ofertas dirigidas especialmente a los afectados por FTI, como han sido Schauinsland Reisen, Coral Travel, TUI, DERTOUR, Alltours, Corendon, Bentour o Anex Group, entre otras.<\/p>\n\n\n\n<p>En concreto, las agencias temen que, al no tener claros los m\u00e1rgenes, se produzcan reservas dobles, con el sobreesfuerzo de gesti\u00f3n que supone y que se suma a la carga de trabajo que ya sorportan.&nbsp; \u00abHay que lidiar con clientes inseguros y enfadados y con trabajo extra no remunerado\u201d, afirm\u00f3 recientemente Norbert Fiebig, presidente de la Asociaci\u00f3n de Viajes DRV.<\/p>\n\n\n\n<p>Fuente: Tourinews.<\/p>\n","protected":false},"excerpt":{"rendered":"<p>Axel Bierbach, administrador concursal provisional de la insolvencia de FTI, anunci\u00f3 este mi\u00e9rcoles la cancelaci\u00f3n de todos los viajes previstos del 4 al 10 de&hellip;<\/p>\n","protected":false},"author":2,"featured_media":7511,"comment_status":"open","ping_status":"closed","sticky":false,"template":"","format":"standard","meta":{"content-type":"","_lmt_disableupdate":"","_lmt_disable":"","footnotes":""},"categories":[4],"tags":[],"class_list":["post-7510","post","type-post","status-publish","format-standard","has-post-thumbnail","hentry","category-destinos"],"yoast_head":"<!-- This site is optimized with the Yoast SEO Premium plugin v27.4 (Yoast SEO v27.5) - https:\/\/yoast.com\/product\/yoast-seo-premium-wordpress\/ -->\n<title>FTI anula los viajes hasta el 5 de julio y desespera a los agentes de viajes alemanes - Realidad Tur\u00edstica<\/title>\n<meta name=\"robots\" content=\"index, follow, max-snippet:-1, max-image-preview:large, max-video-preview:-1\" \/>\n<link rel=\"canonical\" href=\"https:\/\/realidadturistica.com\/realtur\/fti-anula-los-viajes-hasta-el-5-de-julio-y-desespera-a-los-agentes-de-viajes-alemanes\/\" \/>\n<meta property=\"og:locale\" content=\"es_ES\" \/>\n<meta property=\"og:type\" content=\"article\" \/>\n<meta property=\"og:title\" content=\"FTI anula los viajes hasta el 5 de julio y desespera a los agentes de viajes alemanes\" \/>\n<meta property=\"og:description\" content=\"Axel Bierbach, administrador concursal provisional de la insolvencia de FTI, anunci\u00f3 este mi\u00e9rcoles la cancelaci\u00f3n de todos los viajes previstos del 4 al 10 de&hellip;\" \/>\n<meta property=\"og:url\" content=\"https:\/\/realidadturistica.com\/realtur\/fti-anula-los-viajes-hasta-el-5-de-julio-y-desespera-a-los-agentes-de-viajes-alemanes\/\" \/>\n<meta property=\"og:site_name\" content=\"Realidad Tur\u00edstica\" \/>\n<meta property=\"article:publisher\" content=\"https:\/\/www.facebook.com\/realidadturistica\" \/>\n<meta property=\"article:published_time\" content=\"2024-06-08T14:09:09+00:00\" \/>\n<meta property=\"article:modified_time\" content=\"2024-06-08T14:09:16+00:00\" \/>\n<meta property=\"og:image\" content=\"https:\/\/realidadturistica.com\/realtur\/wp-content\/uploads\/2024\/06\/FTI-anula.jpg\" \/>\n\t<meta property=\"og:image:width\" content=\"732\" \/>\n\t<meta property=\"og:image:height\" content=\"400\" \/>\n\t<meta property=\"og:image:type\" content=\"image\/jpeg\" \/>\n<meta name=\"author\" content=\"Editor\" \/>\n<meta name=\"twitter:card\" content=\"summary_large_image\" \/>\n<meta name=\"twitter:label1\" content=\"Escrito por\" \/>\n\t<meta name=\"twitter:data1\" content=\"Editor\" \/>\n\t<meta name=\"twitter:label2\" content=\"Tiempo de lectura\" \/>\n\t<meta name=\"twitter:data2\" content=\"2 minutos\" \/>\n<script type=\"application\/ld+json\" class=\"yoast-schema-graph\">{\"@context\":\"https:\\\/\\\/schema.org\",\"@graph\":[{\"@type\":\"Article\",\"@id\":\"https:\\\/\\\/realidadturistica.com\\\/realtur\\\/fti-anula-los-viajes-hasta-el-5-de-julio-y-desespera-a-los-agentes-de-viajes-alemanes\\\/#article\",\"isPartOf\":{\"@id\":\"https:\\\/\\\/realidadturistica.com\\\/realtur\\\/fti-anula-los-viajes-hasta-el-5-de-julio-y-desespera-a-los-agentes-de-viajes-alemanes\\\/\"},\"author\":{\"name\":\"Editor\",\"@id\":\"https:\\\/\\\/realidadturistica.com\\\/realtur\\\/#\\\/schema\\\/person\\\/ade671191202490fcf08ab21590de73e\"},\"headline\":\"FTI anula los viajes hasta el 5 de julio y desespera a los agentes de viajes alemanes\",\"datePublished\":\"2024-06-08T14:09:09+00:00\",\"dateModified\":\"2024-06-08T14:09:16+00:00\",\"mainEntityOfPage\":{\"@id\":\"https:\\\/\\\/realidadturistica.com\\\/realtur\\\/fti-anula-los-viajes-hasta-el-5-de-julio-y-desespera-a-los-agentes-de-viajes-alemanes\\\/\"},\"wordCount\":352,\"commentCount\":0,\"publisher\":{\"@id\":\"https:\\\/\\\/realidadturistica.com\\\/realtur\\\/#organization\"},\"image\":{\"@id\":\"https:\\\/\\\/realidadturistica.com\\\/realtur\\\/fti-anula-los-viajes-hasta-el-5-de-julio-y-desespera-a-los-agentes-de-viajes-alemanes\\\/#primaryimage\"},\"thumbnailUrl\":\"https:\\\/\\\/realidadturistica.com\\\/realtur\\\/wp-content\\\/uploads\\\/2024\\\/06\\\/FTI-anula.jpg\",\"articleSection\":[\"Destinos M\u00e1gicos\"],\"inLanguage\":\"es\",\"potentialAction\":[{\"@type\":\"CommentAction\",\"name\":\"Comment\",\"target\":[\"https:\\\/\\\/realidadturistica.com\\\/realtur\\\/fti-anula-los-viajes-hasta-el-5-de-julio-y-desespera-a-los-agentes-de-viajes-alemanes\\\/#respond\"]}]},{\"@type\":\"WebPage\",\"@id\":\"https:\\\/\\\/realidadturistica.com\\\/realtur\\\/fti-anula-los-viajes-hasta-el-5-de-julio-y-desespera-a-los-agentes-de-viajes-alemanes\\\/\",\"url\":\"https:\\\/\\\/realidadturistica.com\\\/realtur\\\/fti-anula-los-viajes-hasta-el-5-de-julio-y-desespera-a-los-agentes-de-viajes-alemanes\\\/\",\"name\":\"FTI anula los viajes hasta el 5 de julio y desespera a los agentes de viajes alemanes - Realidad Tur\u00edstica\",\"isPartOf\":{\"@id\":\"https:\\\/\\\/realidadturistica.com\\\/realtur\\\/#website\"},\"primaryImageOfPage\":{\"@id\":\"https:\\\/\\\/realidadturistica.com\\\/realtur\\\/fti-anula-los-viajes-hasta-el-5-de-julio-y-desespera-a-los-agentes-de-viajes-alemanes\\\/#primaryimage\"},\"image\":{\"@id\":\"https:\\\/\\\/realidadturistica.com\\\/realtur\\\/fti-anula-los-viajes-hasta-el-5-de-julio-y-desespera-a-los-agentes-de-viajes-alemanes\\\/#primaryimage\"},\"thumbnailUrl\":\"https:\\\/\\\/realidadturistica.com\\\/realtur\\\/wp-content\\\/uploads\\\/2024\\\/06\\\/FTI-anula.jpg\",\"datePublished\":\"2024-06-08T14:09:09+00:00\",\"dateModified\":\"2024-06-08T14:09:16+00:00\",\"breadcrumb\":{\"@id\":\"https:\\\/\\\/realidadturistica.com\\\/realtur\\\/fti-anula-los-viajes-hasta-el-5-de-julio-y-desespera-a-los-agentes-de-viajes-alemanes\\\/#breadcrumb\"},\"inLanguage\":\"es\",\"potentialAction\":[{\"@type\":\"ReadAction\",\"target\":[\"https:\\\/\\\/realidadturistica.com\\\/realtur\\\/fti-anula-los-viajes-hasta-el-5-de-julio-y-desespera-a-los-agentes-de-viajes-alemanes\\\/\"]}]},{\"@type\":\"ImageObject\",\"inLanguage\":\"es\",\"@id\":\"https:\\\/\\\/realidadturistica.com\\\/realtur\\\/fti-anula-los-viajes-hasta-el-5-de-julio-y-desespera-a-los-agentes-de-viajes-alemanes\\\/#primaryimage\",\"url\":\"https:\\\/\\\/realidadturistica.com\\\/realtur\\\/wp-content\\\/uploads\\\/2024\\\/06\\\/FTI-anula.jpg\",\"contentUrl\":\"https:\\\/\\\/realidadturistica.com\\\/realtur\\\/wp-content\\\/uploads\\\/2024\\\/06\\\/FTI-anula.jpg\",\"width\":732,\"height\":400},{\"@type\":\"BreadcrumbList\",\"@id\":\"https:\\\/\\\/realidadturistica.com\\\/realtur\\\/fti-anula-los-viajes-hasta-el-5-de-julio-y-desespera-a-los-agentes-de-viajes-alemanes\\\/#breadcrumb\",\"itemListElement\":[{\"@type\":\"ListItem\",\"position\":1,\"name\":\"Portada\",\"item\":\"https:\\\/\\\/realidadturistica.com\\\/realtur\\\/\"},{\"@type\":\"ListItem\",\"position\":2,\"name\":\"FTI anula los viajes hasta el 5 de julio y desespera a los agentes de viajes alemanes\"}]},{\"@type\":\"WebSite\",\"@id\":\"https:\\\/\\\/realidadturistica.com\\\/realtur\\\/#website\",\"url\":\"https:\\\/\\\/realidadturistica.com\\\/realtur\\\/\",\"name\":\"Realidad Tur\u00edstica\",\"description\":\"\",\"publisher\":{\"@id\":\"https:\\\/\\\/realidadturistica.com\\\/realtur\\\/#organization\"},\"potentialAction\":[{\"@type\":\"SearchAction\",\"target\":{\"@type\":\"EntryPoint\",\"urlTemplate\":\"https:\\\/\\\/realidadturistica.com\\\/realtur\\\/?s={search_term_string}\"},\"query-input\":{\"@type\":\"PropertyValueSpecification\",\"valueRequired\":true,\"valueName\":\"search_term_string\"}}],\"inLanguage\":\"es\"},{\"@type\":\"Organization\",\"@id\":\"https:\\\/\\\/realidadturistica.com\\\/realtur\\\/#organization\",\"name\":\"Realidad Tur\u00edstica\",\"url\":\"https:\\\/\\\/realidadturistica.com\\\/realtur\\\/\",\"logo\":{\"@type\":\"ImageObject\",\"inLanguage\":\"es\",\"@id\":\"https:\\\/\\\/realidadturistica.com\\\/realtur\\\/#\\\/schema\\\/logo\\\/image\\\/\",\"url\":\"https:\\\/\\\/realidadturistica.com\\\/realtur\\\/wp-content\\\/uploads\\\/2021\\\/12\\\/logotipo-realidad-turistica.png\",\"contentUrl\":\"https:\\\/\\\/realidadturistica.com\\\/realtur\\\/wp-content\\\/uploads\\\/2021\\\/12\\\/logotipo-realidad-turistica.png\",\"width\":1382,\"height\":629,\"caption\":\"Realidad Tur\u00edstica\"},\"image\":{\"@id\":\"https:\\\/\\\/realidadturistica.com\\\/realtur\\\/#\\\/schema\\\/logo\\\/image\\\/\"},\"sameAs\":[\"https:\\\/\\\/www.facebook.com\\\/realidadturistica\",\"https:\\\/\\\/www.instagram.com\\\/realidad_turistica\\\/\"]},{\"@type\":\"Person\",\"@id\":\"https:\\\/\\\/realidadturistica.com\\\/realtur\\\/#\\\/schema\\\/person\\\/ade671191202490fcf08ab21590de73e\",\"name\":\"Editor\",\"image\":{\"@type\":\"ImageObject\",\"inLanguage\":\"es\",\"@id\":\"https:\\\/\\\/realidadturistica.com\\\/realtur\\\/wp-content\\\/uploads\\\/2023\\\/09\\\/Editor_avatar_1693668634-96x96.png\",\"url\":\"https:\\\/\\\/realidadturistica.com\\\/realtur\\\/wp-content\\\/uploads\\\/2023\\\/09\\\/Editor_avatar_1693668634-96x96.png\",\"contentUrl\":\"https:\\\/\\\/realidadturistica.com\\\/realtur\\\/wp-content\\\/uploads\\\/2023\\\/09\\\/Editor_avatar_1693668634-96x96.png\",\"caption\":\"Editor\"},\"sameAs\":[\"https:\\\/\\\/realidadturistica.com\\\/realtur\"],\"url\":\"https:\\\/\\\/realidadturistica.com\\\/realtur\\\/author\\\/editor2\\\/\"}]}<\/script>\n<!-- \/ Yoast SEO Premium plugin. -->","yoast_head_json":{"title":"FTI anula los viajes hasta el 5 de julio y desespera a los agentes de viajes alemanes - Realidad Tur\u00edstica","robots":{"index":"index","follow":"follow","max-snippet":"max-snippet:-1","max-image-preview":"max-image-preview:large","max-video-preview":"max-video-preview:-1"},"canonical":"https:\/\/realidadturistica.com\/realtur\/fti-anula-los-viajes-hasta-el-5-de-julio-y-desespera-a-los-agentes-de-viajes-alemanes\/","og_locale":"es_ES","og_type":"article","og_title":"FTI anula los viajes hasta el 5 de julio y desespera a los agentes de viajes alemanes","og_description":"Axel Bierbach, administrador concursal provisional de la insolvencia de FTI, anunci\u00f3 este mi\u00e9rcoles la cancelaci\u00f3n de todos los viajes previstos del 4 al 10 de&hellip;","og_url":"https:\/\/realidadturistica.com\/realtur\/fti-anula-los-viajes-hasta-el-5-de-julio-y-desespera-a-los-agentes-de-viajes-alemanes\/","og_site_name":"Realidad Tur\u00edstica","article_publisher":"https:\/\/www.facebook.com\/realidadturistica","article_published_time":"2024-06-08T14:09:09+00:00","article_modified_time":"2024-06-08T14:09:16+00:00","og_image":[{"width":732,"height":400,"url":"https:\/\/realidadturistica.com\/realtur\/wp-content\/uploads\/2024\/06\/FTI-anula.jpg","type":"image\/jpeg"}],"author":"Editor","twitter_card":"summary_large_image","twitter_misc":{"Escrito por":"Editor","Tiempo de lectura":"2 minutos"},"schema":{"@context":"https:\/\/schema.org","@graph":[{"@type":"Article","@id":"https:\/\/realidadturistica.com\/realtur\/fti-anula-los-viajes-hasta-el-5-de-julio-y-desespera-a-los-agentes-de-viajes-alemanes\/#article","isPartOf":{"@id":"https:\/\/realidadturistica.com\/realtur\/fti-anula-los-viajes-hasta-el-5-de-julio-y-desespera-a-los-agentes-de-viajes-alemanes\/"},"author":{"name":"Editor","@id":"https:\/\/realidadturistica.com\/realtur\/#\/schema\/person\/ade671191202490fcf08ab21590de73e"},"headline":"FTI anula los viajes hasta el 5 de julio y desespera a los agentes de viajes alemanes","datePublished":"2024-06-08T14:09:09+00:00","dateModified":"2024-06-08T14:09:16+00:00","mainEntityOfPage":{"@id":"https:\/\/realidadturistica.com\/realtur\/fti-anula-los-viajes-hasta-el-5-de-julio-y-desespera-a-los-agentes-de-viajes-alemanes\/"},"wordCount":352,"commentCount":0,"publisher":{"@id":"https:\/\/realidadturistica.com\/realtur\/#organization"},"image":{"@id":"https:\/\/realidadturistica.com\/realtur\/fti-anula-los-viajes-hasta-el-5-de-julio-y-desespera-a-los-agentes-de-viajes-alemanes\/#primaryimage"},"thumbnailUrl":"https:\/\/realidadturistica.com\/realtur\/wp-content\/uploads\/2024\/06\/FTI-anula.jpg","articleSection":["Destinos M\u00e1gicos"],"inLanguage":"es","potentialAction":[{"@type":"CommentAction","name":"Comment","target":["https:\/\/realidadturistica.com\/realtur\/fti-anula-los-viajes-hasta-el-5-de-julio-y-desespera-a-los-agentes-de-viajes-alemanes\/#respond"]}]},{"@type":"WebPage","@id":"https:\/\/realidadturistica.com\/realtur\/fti-anula-los-viajes-hasta-el-5-de-julio-y-desespera-a-los-agentes-de-viajes-alemanes\/","url":"https:\/\/realidadturistica.com\/realtur\/fti-anula-los-viajes-hasta-el-5-de-julio-y-desespera-a-los-agentes-de-viajes-alemanes\/","name":"FTI anula los viajes hasta el 5 de julio y desespera a los agentes de viajes alemanes - Realidad Tur\u00edstica","isPartOf":{"@id":"https:\/\/realidadturistica.com\/realtur\/#website"},"primaryImageOfPage":{"@id":"https:\/\/realidadturistica.com\/realtur\/fti-anula-los-viajes-hasta-el-5-de-julio-y-desespera-a-los-agentes-de-viajes-alemanes\/#primaryimage"},"image":{"@id":"https:\/\/realidadturistica.com\/realtur\/fti-anula-los-viajes-hasta-el-5-de-julio-y-desespera-a-los-agentes-de-viajes-alemanes\/#primaryimage"},"thumbnailUrl":"https:\/\/realidadturistica.com\/realtur\/wp-content\/uploads\/2024\/06\/FTI-anula.jpg","datePublished":"2024-06-08T14:09:09+00:00","dateModified":"2024-06-08T14:09:16+00:00","breadcrumb":{"@id":"https:\/\/realidadturistica.com\/realtur\/fti-anula-los-viajes-hasta-el-5-de-julio-y-desespera-a-los-agentes-de-viajes-alemanes\/#breadcrumb"},"inLanguage":"es","potentialAction":[{"@type":"ReadAction","target":["https:\/\/realidadturistica.com\/realtur\/fti-anula-los-viajes-hasta-el-5-de-julio-y-desespera-a-los-agentes-de-viajes-alemanes\/"]}]},{"@type":"ImageObject","inLanguage":"es","@id":"https:\/\/realidadturistica.com\/realtur\/fti-anula-los-viajes-hasta-el-5-de-julio-y-desespera-a-los-agentes-de-viajes-alemanes\/#primaryimage","url":"https:\/\/realidadturistica.com\/realtur\/wp-content\/uploads\/2024\/06\/FTI-anula.jpg","contentUrl":"https:\/\/realidadturistica.com\/realtur\/wp-content\/uploads\/2024\/06\/FTI-anula.jpg","width":732,"height":400},{"@type":"BreadcrumbList","@id":"https:\/\/realidadturistica.com\/realtur\/fti-anula-los-viajes-hasta-el-5-de-julio-y-desespera-a-los-agentes-de-viajes-alemanes\/#breadcrumb","itemListElement":[{"@type":"ListItem","position":1,"name":"Portada","item":"https:\/\/realidadturistica.com\/realtur\/"},{"@type":"ListItem","position":2,"name":"FTI anula los viajes hasta el 5 de julio y desespera a los agentes de viajes alemanes"}]},{"@type":"WebSite","@id":"https:\/\/realidadturistica.com\/realtur\/#website","url":"https:\/\/realidadturistica.com\/realtur\/","name":"Realidad Tur\u00edstica","description":"","publisher":{"@id":"https:\/\/realidadturistica.com\/realtur\/#organization"},"potentialAction":[{"@type":"SearchAction","target":{"@type":"EntryPoint","urlTemplate":"https:\/\/realidadturistica.com\/realtur\/?s={search_term_string}"},"query-input":{"@type":"PropertyValueSpecification","valueRequired":true,"valueName":"search_term_string"}}],"inLanguage":"es"},{"@type":"Organization","@id":"https:\/\/realidadturistica.com\/realtur\/#organization","name":"Realidad Tur\u00edstica","url":"https:\/\/realidadturistica.com\/realtur\/","logo":{"@type":"ImageObject","inLanguage":"es","@id":"https:\/\/realidadturistica.com\/realtur\/#\/schema\/logo\/image\/","url":"https:\/\/realidadturistica.com\/realtur\/wp-content\/uploads\/2021\/12\/logotipo-realidad-turistica.png","contentUrl":"https:\/\/realidadturistica.com\/realtur\/wp-content\/uploads\/2021\/12\/logotipo-realidad-turistica.png","width":1382,"height":629,"caption":"Realidad Tur\u00edstica"},"image":{"@id":"https:\/\/realidadturistica.com\/realtur\/#\/schema\/logo\/image\/"},"sameAs":["https:\/\/www.facebook.com\/realidadturistica","https:\/\/www.instagram.com\/realidad_turistica\/"]},{"@type":"Person","@id":"https:\/\/realidadturistica.com\/realtur\/#\/schema\/person\/ade671191202490fcf08ab21590de73e","name":"Editor","image":{"@type":"ImageObject","inLanguage":"es","@id":"https:\/\/realidadturistica.com\/realtur\/wp-content\/uploads\/2023\/09\/Editor_avatar_1693668634-96x96.png","url":"https:\/\/realidadturistica.com\/realtur\/wp-content\/uploads\/2023\/09\/Editor_avatar_1693668634-96x96.png","contentUrl":"https:\/\/realidadturistica.com\/realtur\/wp-content\/uploads\/2023\/09\/Editor_avatar_1693668634-96x96.png","caption":"Editor"},"sameAs":["https:\/\/realidadturistica.com\/realtur"],"url":"https:\/\/realidadturistica.com\/realtur\/author\/editor2\/"}]}},"_links":{"self":[{"href":"https:\/\/realidadturistica.com\/realtur\/wp-json\/wp\/v2\/posts\/7510","targetHints":{"allow":["GET"]}}],"collection":[{"href":"https:\/\/realidadturistica.com\/realtur\/wp-json\/wp\/v2\/posts"}],"about":[{"href":"https:\/\/realidadturistica.com\/realtur\/wp-json\/wp\/v2\/types\/post"}],"author":[{"embeddable":true,"href":"https:\/\/realidadturistica.com\/realtur\/wp-json\/wp\/v2\/users\/2"}],"replies":[{"embeddable":true,"href":"https:\/\/realidadturistica.com\/realtur\/wp-json\/wp\/v2\/comments?post=7510"}],"version-history":[{"count":2,"href":"https:\/\/realidadturistica.com\/realtur\/wp-json\/wp\/v2\/posts\/7510\/revisions"}],"predecessor-version":[{"id":7513,"href":"https:\/\/realidadturistica.com\/realtur\/wp-json\/wp\/v2\/posts\/7510\/revisions\/7513"}],"wp:featuredmedia":[{"embeddable":true,"href":"https:\/\/realidadturistica.com\/realtur\/wp-json\/wp\/v2\/media\/7511"}],"wp:attachment":[{"href":"https:\/\/realidadturistica.com\/realtur\/wp-json\/wp\/v2\/media?parent=7510"}],"wp:term":[{"taxonomy":"category","embeddable":true,"href":"https:\/\/realidadturistica.com\/realtur\/wp-json\/wp\/v2\/categories?post=7510"},{"taxonomy":"post_tag","embeddable":true,"href":"https:\/\/realidadturistica.com\/realtur\/wp-json\/wp\/v2\/tags?post=7510"}],"curies":[{"name":"wp","href":"https:\/\/api.w.org\/{rel}","templated":true}]}}