{"id":7553,"date":"2024-06-17T03:15:12","date_gmt":"2024-06-17T03:15:12","guid":{"rendered":"https:\/\/realidadturistica.com\/realtur\/?p=7553"},"modified":"2024-06-17T03:19:06","modified_gmt":"2024-06-17T03:19:06","slug":"euforia-en-tulum-aeropuerto-movilizara-el-doble-de-pasajeros-proyectados","status":"publish","type":"post","link":"https:\/\/realidadturistica.com\/realtur\/euforia-en-tulum-aeropuerto-movilizara-el-doble-de-pasajeros-proyectados\/","title":{"rendered":"Euforia en Tulum: aeropuerto movilizar\u00e1 el doble de pasajeros proyectados"},"content":{"rendered":"\n<p class=\"yoast-reading-time__wrapper\"><span class=\"yoast-reading-time__icon\"><svg aria-hidden=\"true\" focusable=\"false\" data-icon=\"clock\" width=\"20\" height=\"20\" fill=\"none\" stroke=\"currentColor\" style=\"display:inline-block;vertical-align:-0.1em\" role=\"img\" xmlns=\"http:\/\/www.w3.org\/2000\/svg\" viewbox=\"0 0 24 24\"><path stroke-linecap=\"round\" stroke-linejoin=\"round\" stroke-width=\"2\" d=\"M12 8v4l3 3m6-3a9 9 0 11-18 0 9 9 0 0118 0z\"><\/path><\/svg><\/span><span class=\"yoast-reading-time__spacer\" style=\"display:inline-block;width:1em\"><\/span><span class=\"yoast-reading-time__descriptive-text\">Tiempo de lectura estimado:  <\/span><span class=\"yoast-reading-time__reading-time\">2<\/span><span class=\"yoast-reading-time__time-unit\"> minutos<\/span><\/p>\n\n\n\n<p>Para el cierre de este 2024 se pretende llegar al mill\u00f3n 300 mil pasajeros en el Aeropuerto Internacional de Tulum, dio a conocer el general Javier Diego Campillo, administrador de esta terminal aeroportuaria.<\/p>\n\n\n\n<p>El entrevistado inform\u00f3 que la meta para este primer a\u00f1o de operaciones era registrar alrededor de 700 mil viajeros para el aeropuerto de la selva maya, pero derivado del incremento de vuelos se tendr\u00e1n entre un 1.2 y 1.3 millones de pasajeros.<\/p>\n\n\n\n<p>Precis\u00f3 que est\u00e1n enfocados en incrementar la operatividad del aeropuerto, y luego de seis meses de la apertura ya cuentan con tres aerol\u00edneas nacionales volando hacia la terminal a\u00e9rea y cuatro internacionales dando servicio.<\/p>\n\n\n\n<p>A\u00f1adi\u00f3 que en este mes en curso se suman dos aerol\u00edneas m\u00e1s, Jetblue y Copa Airlines. Asimismo, derivado de lo anterior, inform\u00f3 que iniciar\u00e1n el siguiente semestre con la movilidad de cinco mil pasajeros diariamente.<\/p>\n\n\n\n<p>\u201cEstamos ahorita en promedio con 4 mil 200 pasajeros al d\u00eda, con 16 vuelos diarios, y para este mes, posterior a la llegada de Copa Airlines, vamos a tener un promedio de cinco mil pasajeros diarios y alrededor de 18 y 19 operaciones al d\u00eda\u201d, detall\u00f3 el administrador del aeropuerto.<\/p>\n\n\n\n<p>Y agreg\u00f3: \u201cEstamos creciendo de manera importante, seguramente vamos a rebasar la proyecci\u00f3n que ten\u00edamos en el estudio de demanda, que era 700 mil pasajeros al final de este primer a\u00f1o\u201d.<\/p>\n\n\n\n<p>Reafirm\u00f3 que las aerol\u00edneas extranjeras son las que m\u00e1s vuelos generan, luego de que el 28 de marzo del presente a\u00f1o se tuvo el primer vuelo internacional hacia este nuevo aeropuerto ubicado en la Riviera Maya.<\/p>\n\n\n\n<p>Como lo inform\u00f3 <em>REPORTUR.mx<\/em>, el aeropuerto de Tulum recibi\u00f3 su primer vuelo directo desde Nueva York este jueves con la aerol\u00ednea Jetblue, la cual ofrecer\u00e1 una frecuencia diaria desde el aeropuerto JFK.<\/p>\n\n\n\n<p>Fuente: Reportur.mx<\/p>\n","protected":false},"excerpt":{"rendered":"<p>Para el cierre de este 2024 se pretende llegar al mill\u00f3n 300 mil pasajeros en el Aeropuerto Internacional de Tulum, dio a conocer el general&hellip;<\/p>\n","protected":false},"author":2,"featured_media":7554,"comment_status":"open","ping_status":"closed","sticky":false,"template":"","format":"standard","meta":{"content-type":"","_lmt_disableupdate":"","_lmt_disable":"","footnotes":""},"categories":[6],"tags":[],"class_list":["post-7553","post","type-post","status-publish","format-standard","has-post-thumbnail","hentry","category-turismo"],"yoast_head":"<!-- This site is optimized with the Yoast SEO Premium plugin v27.4 (Yoast SEO v27.5) - https:\/\/yoast.com\/product\/yoast-seo-premium-wordpress\/ -->\n<title>Euforia en Tulum: aeropuerto movilizar\u00e1 el doble de pasajeros proyectados - Realidad Tur\u00edstica<\/title>\n<meta name=\"robots\" content=\"index, follow, max-snippet:-1, max-image-preview:large, max-video-preview:-1\" \/>\n<link rel=\"canonical\" href=\"https:\/\/realidadturistica.com\/realtur\/euforia-en-tulum-aeropuerto-movilizara-el-doble-de-pasajeros-proyectados\/\" \/>\n<meta property=\"og:locale\" content=\"es_ES\" \/>\n<meta property=\"og:type\" content=\"article\" \/>\n<meta property=\"og:title\" content=\"Euforia en Tulum: aeropuerto movilizar\u00e1 el doble de pasajeros proyectados\" \/>\n<meta property=\"og:description\" content=\"Para el cierre de este 2024 se pretende llegar al mill\u00f3n 300 mil pasajeros en el Aeropuerto Internacional de Tulum, dio a conocer el general&hellip;\" \/>\n<meta property=\"og:url\" content=\"https:\/\/realidadturistica.com\/realtur\/euforia-en-tulum-aeropuerto-movilizara-el-doble-de-pasajeros-proyectados\/\" \/>\n<meta property=\"og:site_name\" content=\"Realidad Tur\u00edstica\" \/>\n<meta property=\"article:publisher\" content=\"https:\/\/www.facebook.com\/realidadturistica\" \/>\n<meta property=\"article:published_time\" content=\"2024-06-17T03:15:12+00:00\" \/>\n<meta property=\"article:modified_time\" content=\"2024-06-17T03:19:06+00:00\" \/>\n<meta property=\"og:image\" content=\"https:\/\/realidadturistica.com\/realtur\/wp-content\/uploads\/2024\/06\/aeropuerto-de-tulum-e1701549245839.jpg\" \/>\n\t<meta property=\"og:image:width\" content=\"640\" \/>\n\t<meta property=\"og:image:height\" content=\"384\" \/>\n\t<meta property=\"og:image:type\" content=\"image\/jpeg\" \/>\n<meta name=\"author\" content=\"Editor\" \/>\n<meta name=\"twitter:card\" content=\"summary_large_image\" \/>\n<meta name=\"twitter:label1\" content=\"Escrito por\" \/>\n\t<meta name=\"twitter:data1\" content=\"Editor\" \/>\n\t<meta name=\"twitter:label2\" content=\"Tiempo de lectura\" \/>\n\t<meta name=\"twitter:data2\" content=\"2 minutos\" \/>\n<script type=\"application\/ld+json\" class=\"yoast-schema-graph\">{\"@context\":\"https:\\\/\\\/schema.org\",\"@graph\":[{\"@type\":\"Article\",\"@id\":\"https:\\\/\\\/realidadturistica.com\\\/realtur\\\/euforia-en-tulum-aeropuerto-movilizara-el-doble-de-pasajeros-proyectados\\\/#article\",\"isPartOf\":{\"@id\":\"https:\\\/\\\/realidadturistica.com\\\/realtur\\\/euforia-en-tulum-aeropuerto-movilizara-el-doble-de-pasajeros-proyectados\\\/\"},\"author\":{\"name\":\"Editor\",\"@id\":\"https:\\\/\\\/realidadturistica.com\\\/realtur\\\/#\\\/schema\\\/person\\\/ade671191202490fcf08ab21590de73e\"},\"headline\":\"Euforia en Tulum: aeropuerto movilizar\u00e1 el doble de pasajeros proyectados\",\"datePublished\":\"2024-06-17T03:15:12+00:00\",\"dateModified\":\"2024-06-17T03:19:06+00:00\",\"mainEntityOfPage\":{\"@id\":\"https:\\\/\\\/realidadturistica.com\\\/realtur\\\/euforia-en-tulum-aeropuerto-movilizara-el-doble-de-pasajeros-proyectados\\\/\"},\"wordCount\":319,\"commentCount\":0,\"publisher\":{\"@id\":\"https:\\\/\\\/realidadturistica.com\\\/realtur\\\/#organization\"},\"image\":{\"@id\":\"https:\\\/\\\/realidadturistica.com\\\/realtur\\\/euforia-en-tulum-aeropuerto-movilizara-el-doble-de-pasajeros-proyectados\\\/#primaryimage\"},\"thumbnailUrl\":\"https:\\\/\\\/realidadturistica.com\\\/realtur\\\/wp-content\\\/uploads\\\/2024\\\/06\\\/aeropuerto-de-tulum-e1701549245839.jpg\",\"articleSection\":[\"Turismo\"],\"inLanguage\":\"es\",\"potentialAction\":[{\"@type\":\"CommentAction\",\"name\":\"Comment\",\"target\":[\"https:\\\/\\\/realidadturistica.com\\\/realtur\\\/euforia-en-tulum-aeropuerto-movilizara-el-doble-de-pasajeros-proyectados\\\/#respond\"]}]},{\"@type\":\"WebPage\",\"@id\":\"https:\\\/\\\/realidadturistica.com\\\/realtur\\\/euforia-en-tulum-aeropuerto-movilizara-el-doble-de-pasajeros-proyectados\\\/\",\"url\":\"https:\\\/\\\/realidadturistica.com\\\/realtur\\\/euforia-en-tulum-aeropuerto-movilizara-el-doble-de-pasajeros-proyectados\\\/\",\"name\":\"Euforia en Tulum: aeropuerto movilizar\u00e1 el doble de pasajeros proyectados - Realidad Tur\u00edstica\",\"isPartOf\":{\"@id\":\"https:\\\/\\\/realidadturistica.com\\\/realtur\\\/#website\"},\"primaryImageOfPage\":{\"@id\":\"https:\\\/\\\/realidadturistica.com\\\/realtur\\\/euforia-en-tulum-aeropuerto-movilizara-el-doble-de-pasajeros-proyectados\\\/#primaryimage\"},\"image\":{\"@id\":\"https:\\\/\\\/realidadturistica.com\\\/realtur\\\/euforia-en-tulum-aeropuerto-movilizara-el-doble-de-pasajeros-proyectados\\\/#primaryimage\"},\"thumbnailUrl\":\"https:\\\/\\\/realidadturistica.com\\\/realtur\\\/wp-content\\\/uploads\\\/2024\\\/06\\\/aeropuerto-de-tulum-e1701549245839.jpg\",\"datePublished\":\"2024-06-17T03:15:12+00:00\",\"dateModified\":\"2024-06-17T03:19:06+00:00\",\"breadcrumb\":{\"@id\":\"https:\\\/\\\/realidadturistica.com\\\/realtur\\\/euforia-en-tulum-aeropuerto-movilizara-el-doble-de-pasajeros-proyectados\\\/#breadcrumb\"},\"inLanguage\":\"es\",\"potentialAction\":[{\"@type\":\"ReadAction\",\"target\":[\"https:\\\/\\\/realidadturistica.com\\\/realtur\\\/euforia-en-tulum-aeropuerto-movilizara-el-doble-de-pasajeros-proyectados\\\/\"]}]},{\"@type\":\"ImageObject\",\"inLanguage\":\"es\",\"@id\":\"https:\\\/\\\/realidadturistica.com\\\/realtur\\\/euforia-en-tulum-aeropuerto-movilizara-el-doble-de-pasajeros-proyectados\\\/#primaryimage\",\"url\":\"https:\\\/\\\/realidadturistica.com\\\/realtur\\\/wp-content\\\/uploads\\\/2024\\\/06\\\/aeropuerto-de-tulum-e1701549245839.jpg\",\"contentUrl\":\"https:\\\/\\\/realidadturistica.com\\\/realtur\\\/wp-content\\\/uploads\\\/2024\\\/06\\\/aeropuerto-de-tulum-e1701549245839.jpg\",\"width\":640,\"height\":384},{\"@type\":\"BreadcrumbList\",\"@id\":\"https:\\\/\\\/realidadturistica.com\\\/realtur\\\/euforia-en-tulum-aeropuerto-movilizara-el-doble-de-pasajeros-proyectados\\\/#breadcrumb\",\"itemListElement\":[{\"@type\":\"ListItem\",\"position\":1,\"name\":\"Portada\",\"item\":\"https:\\\/\\\/realidadturistica.com\\\/realtur\\\/\"},{\"@type\":\"ListItem\",\"position\":2,\"name\":\"Euforia en Tulum: aeropuerto movilizar\u00e1 el doble de pasajeros proyectados\"}]},{\"@type\":\"WebSite\",\"@id\":\"https:\\\/\\\/realidadturistica.com\\\/realtur\\\/#website\",\"url\":\"https:\\\/\\\/realidadturistica.com\\\/realtur\\\/\",\"name\":\"Realidad Tur\u00edstica\",\"description\":\"\",\"publisher\":{\"@id\":\"https:\\\/\\\/realidadturistica.com\\\/realtur\\\/#organization\"},\"potentialAction\":[{\"@type\":\"SearchAction\",\"target\":{\"@type\":\"EntryPoint\",\"urlTemplate\":\"https:\\\/\\\/realidadturistica.com\\\/realtur\\\/?s={search_term_string}\"},\"query-input\":{\"@type\":\"PropertyValueSpecification\",\"valueRequired\":true,\"valueName\":\"search_term_string\"}}],\"inLanguage\":\"es\"},{\"@type\":\"Organization\",\"@id\":\"https:\\\/\\\/realidadturistica.com\\\/realtur\\\/#organization\",\"name\":\"Realidad Tur\u00edstica\",\"url\":\"https:\\\/\\\/realidadturistica.com\\\/realtur\\\/\",\"logo\":{\"@type\":\"ImageObject\",\"inLanguage\":\"es\",\"@id\":\"https:\\\/\\\/realidadturistica.com\\\/realtur\\\/#\\\/schema\\\/logo\\\/image\\\/\",\"url\":\"https:\\\/\\\/realidadturistica.com\\\/realtur\\\/wp-content\\\/uploads\\\/2021\\\/12\\\/logotipo-realidad-turistica.png\",\"contentUrl\":\"https:\\\/\\\/realidadturistica.com\\\/realtur\\\/wp-content\\\/uploads\\\/2021\\\/12\\\/logotipo-realidad-turistica.png\",\"width\":1382,\"height\":629,\"caption\":\"Realidad Tur\u00edstica\"},\"image\":{\"@id\":\"https:\\\/\\\/realidadturistica.com\\\/realtur\\\/#\\\/schema\\\/logo\\\/image\\\/\"},\"sameAs\":[\"https:\\\/\\\/www.facebook.com\\\/realidadturistica\",\"https:\\\/\\\/www.instagram.com\\\/realidad_turistica\\\/\"]},{\"@type\":\"Person\",\"@id\":\"https:\\\/\\\/realidadturistica.com\\\/realtur\\\/#\\\/schema\\\/person\\\/ade671191202490fcf08ab21590de73e\",\"name\":\"Editor\",\"image\":{\"@type\":\"ImageObject\",\"inLanguage\":\"es\",\"@id\":\"https:\\\/\\\/realidadturistica.com\\\/realtur\\\/wp-content\\\/uploads\\\/2023\\\/09\\\/Editor_avatar_1693668634-96x96.png\",\"url\":\"https:\\\/\\\/realidadturistica.com\\\/realtur\\\/wp-content\\\/uploads\\\/2023\\\/09\\\/Editor_avatar_1693668634-96x96.png\",\"contentUrl\":\"https:\\\/\\\/realidadturistica.com\\\/realtur\\\/wp-content\\\/uploads\\\/2023\\\/09\\\/Editor_avatar_1693668634-96x96.png\",\"caption\":\"Editor\"},\"sameAs\":[\"https:\\\/\\\/realidadturistica.com\\\/realtur\"],\"url\":\"https:\\\/\\\/realidadturistica.com\\\/realtur\\\/author\\\/editor2\\\/\"}]}<\/script>\n<!-- \/ Yoast SEO Premium plugin. -->","yoast_head_json":{"title":"Euforia en Tulum: aeropuerto movilizar\u00e1 el doble de pasajeros proyectados - Realidad Tur\u00edstica","robots":{"index":"index","follow":"follow","max-snippet":"max-snippet:-1","max-image-preview":"max-image-preview:large","max-video-preview":"max-video-preview:-1"},"canonical":"https:\/\/realidadturistica.com\/realtur\/euforia-en-tulum-aeropuerto-movilizara-el-doble-de-pasajeros-proyectados\/","og_locale":"es_ES","og_type":"article","og_title":"Euforia en Tulum: aeropuerto movilizar\u00e1 el doble de pasajeros proyectados","og_description":"Para el cierre de este 2024 se pretende llegar al mill\u00f3n 300 mil pasajeros en el Aeropuerto Internacional de Tulum, dio a conocer el general&hellip;","og_url":"https:\/\/realidadturistica.com\/realtur\/euforia-en-tulum-aeropuerto-movilizara-el-doble-de-pasajeros-proyectados\/","og_site_name":"Realidad Tur\u00edstica","article_publisher":"https:\/\/www.facebook.com\/realidadturistica","article_published_time":"2024-06-17T03:15:12+00:00","article_modified_time":"2024-06-17T03:19:06+00:00","og_image":[{"width":640,"height":384,"url":"https:\/\/realidadturistica.com\/realtur\/wp-content\/uploads\/2024\/06\/aeropuerto-de-tulum-e1701549245839.jpg","type":"image\/jpeg"}],"author":"Editor","twitter_card":"summary_large_image","twitter_misc":{"Escrito por":"Editor","Tiempo de lectura":"2 minutos"},"schema":{"@context":"https:\/\/schema.org","@graph":[{"@type":"Article","@id":"https:\/\/realidadturistica.com\/realtur\/euforia-en-tulum-aeropuerto-movilizara-el-doble-de-pasajeros-proyectados\/#article","isPartOf":{"@id":"https:\/\/realidadturistica.com\/realtur\/euforia-en-tulum-aeropuerto-movilizara-el-doble-de-pasajeros-proyectados\/"},"author":{"name":"Editor","@id":"https:\/\/realidadturistica.com\/realtur\/#\/schema\/person\/ade671191202490fcf08ab21590de73e"},"headline":"Euforia en Tulum: aeropuerto movilizar\u00e1 el doble de pasajeros proyectados","datePublished":"2024-06-17T03:15:12+00:00","dateModified":"2024-06-17T03:19:06+00:00","mainEntityOfPage":{"@id":"https:\/\/realidadturistica.com\/realtur\/euforia-en-tulum-aeropuerto-movilizara-el-doble-de-pasajeros-proyectados\/"},"wordCount":319,"commentCount":0,"publisher":{"@id":"https:\/\/realidadturistica.com\/realtur\/#organization"},"image":{"@id":"https:\/\/realidadturistica.com\/realtur\/euforia-en-tulum-aeropuerto-movilizara-el-doble-de-pasajeros-proyectados\/#primaryimage"},"thumbnailUrl":"https:\/\/realidadturistica.com\/realtur\/wp-content\/uploads\/2024\/06\/aeropuerto-de-tulum-e1701549245839.jpg","articleSection":["Turismo"],"inLanguage":"es","potentialAction":[{"@type":"CommentAction","name":"Comment","target":["https:\/\/realidadturistica.com\/realtur\/euforia-en-tulum-aeropuerto-movilizara-el-doble-de-pasajeros-proyectados\/#respond"]}]},{"@type":"WebPage","@id":"https:\/\/realidadturistica.com\/realtur\/euforia-en-tulum-aeropuerto-movilizara-el-doble-de-pasajeros-proyectados\/","url":"https:\/\/realidadturistica.com\/realtur\/euforia-en-tulum-aeropuerto-movilizara-el-doble-de-pasajeros-proyectados\/","name":"Euforia en Tulum: aeropuerto movilizar\u00e1 el doble de pasajeros proyectados - Realidad Tur\u00edstica","isPartOf":{"@id":"https:\/\/realidadturistica.com\/realtur\/#website"},"primaryImageOfPage":{"@id":"https:\/\/realidadturistica.com\/realtur\/euforia-en-tulum-aeropuerto-movilizara-el-doble-de-pasajeros-proyectados\/#primaryimage"},"image":{"@id":"https:\/\/realidadturistica.com\/realtur\/euforia-en-tulum-aeropuerto-movilizara-el-doble-de-pasajeros-proyectados\/#primaryimage"},"thumbnailUrl":"https:\/\/realidadturistica.com\/realtur\/wp-content\/uploads\/2024\/06\/aeropuerto-de-tulum-e1701549245839.jpg","datePublished":"2024-06-17T03:15:12+00:00","dateModified":"2024-06-17T03:19:06+00:00","breadcrumb":{"@id":"https:\/\/realidadturistica.com\/realtur\/euforia-en-tulum-aeropuerto-movilizara-el-doble-de-pasajeros-proyectados\/#breadcrumb"},"inLanguage":"es","potentialAction":[{"@type":"ReadAction","target":["https:\/\/realidadturistica.com\/realtur\/euforia-en-tulum-aeropuerto-movilizara-el-doble-de-pasajeros-proyectados\/"]}]},{"@type":"ImageObject","inLanguage":"es","@id":"https:\/\/realidadturistica.com\/realtur\/euforia-en-tulum-aeropuerto-movilizara-el-doble-de-pasajeros-proyectados\/#primaryimage","url":"https:\/\/realidadturistica.com\/realtur\/wp-content\/uploads\/2024\/06\/aeropuerto-de-tulum-e1701549245839.jpg","contentUrl":"https:\/\/realidadturistica.com\/realtur\/wp-content\/uploads\/2024\/06\/aeropuerto-de-tulum-e1701549245839.jpg","width":640,"height":384},{"@type":"BreadcrumbList","@id":"https:\/\/realidadturistica.com\/realtur\/euforia-en-tulum-aeropuerto-movilizara-el-doble-de-pasajeros-proyectados\/#breadcrumb","itemListElement":[{"@type":"ListItem","position":1,"name":"Portada","item":"https:\/\/realidadturistica.com\/realtur\/"},{"@type":"ListItem","position":2,"name":"Euforia en Tulum: aeropuerto movilizar\u00e1 el doble de pasajeros proyectados"}]},{"@type":"WebSite","@id":"https:\/\/realidadturistica.com\/realtur\/#website","url":"https:\/\/realidadturistica.com\/realtur\/","name":"Realidad Tur\u00edstica","description":"","publisher":{"@id":"https:\/\/realidadturistica.com\/realtur\/#organization"},"potentialAction":[{"@type":"SearchAction","target":{"@type":"EntryPoint","urlTemplate":"https:\/\/realidadturistica.com\/realtur\/?s={search_term_string}"},"query-input":{"@type":"PropertyValueSpecification","valueRequired":true,"valueName":"search_term_string"}}],"inLanguage":"es"},{"@type":"Organization","@id":"https:\/\/realidadturistica.com\/realtur\/#organization","name":"Realidad Tur\u00edstica","url":"https:\/\/realidadturistica.com\/realtur\/","logo":{"@type":"ImageObject","inLanguage":"es","@id":"https:\/\/realidadturistica.com\/realtur\/#\/schema\/logo\/image\/","url":"https:\/\/realidadturistica.com\/realtur\/wp-content\/uploads\/2021\/12\/logotipo-realidad-turistica.png","contentUrl":"https:\/\/realidadturistica.com\/realtur\/wp-content\/uploads\/2021\/12\/logotipo-realidad-turistica.png","width":1382,"height":629,"caption":"Realidad Tur\u00edstica"},"image":{"@id":"https:\/\/realidadturistica.com\/realtur\/#\/schema\/logo\/image\/"},"sameAs":["https:\/\/www.facebook.com\/realidadturistica","https:\/\/www.instagram.com\/realidad_turistica\/"]},{"@type":"Person","@id":"https:\/\/realidadturistica.com\/realtur\/#\/schema\/person\/ade671191202490fcf08ab21590de73e","name":"Editor","image":{"@type":"ImageObject","inLanguage":"es","@id":"https:\/\/realidadturistica.com\/realtur\/wp-content\/uploads\/2023\/09\/Editor_avatar_1693668634-96x96.png","url":"https:\/\/realidadturistica.com\/realtur\/wp-content\/uploads\/2023\/09\/Editor_avatar_1693668634-96x96.png","contentUrl":"https:\/\/realidadturistica.com\/realtur\/wp-content\/uploads\/2023\/09\/Editor_avatar_1693668634-96x96.png","caption":"Editor"},"sameAs":["https:\/\/realidadturistica.com\/realtur"],"url":"https:\/\/realidadturistica.com\/realtur\/author\/editor2\/"}]}},"_links":{"self":[{"href":"https:\/\/realidadturistica.com\/realtur\/wp-json\/wp\/v2\/posts\/7553","targetHints":{"allow":["GET"]}}],"collection":[{"href":"https:\/\/realidadturistica.com\/realtur\/wp-json\/wp\/v2\/posts"}],"about":[{"href":"https:\/\/realidadturistica.com\/realtur\/wp-json\/wp\/v2\/types\/post"}],"author":[{"embeddable":true,"href":"https:\/\/realidadturistica.com\/realtur\/wp-json\/wp\/v2\/users\/2"}],"replies":[{"embeddable":true,"href":"https:\/\/realidadturistica.com\/realtur\/wp-json\/wp\/v2\/comments?post=7553"}],"version-history":[{"count":1,"href":"https:\/\/realidadturistica.com\/realtur\/wp-json\/wp\/v2\/posts\/7553\/revisions"}],"predecessor-version":[{"id":7555,"href":"https:\/\/realidadturistica.com\/realtur\/wp-json\/wp\/v2\/posts\/7553\/revisions\/7555"}],"wp:featuredmedia":[{"embeddable":true,"href":"https:\/\/realidadturistica.com\/realtur\/wp-json\/wp\/v2\/media\/7554"}],"wp:attachment":[{"href":"https:\/\/realidadturistica.com\/realtur\/wp-json\/wp\/v2\/media?parent=7553"}],"wp:term":[{"taxonomy":"category","embeddable":true,"href":"https:\/\/realidadturistica.com\/realtur\/wp-json\/wp\/v2\/categories?post=7553"},{"taxonomy":"post_tag","embeddable":true,"href":"https:\/\/realidadturistica.com\/realtur\/wp-json\/wp\/v2\/tags?post=7553"}],"curies":[{"name":"wp","href":"https:\/\/api.w.org\/{rel}","templated":true}]}}