{"id":7562,"date":"2024-06-18T04:45:41","date_gmt":"2024-06-18T04:45:41","guid":{"rendered":"https:\/\/realidadturistica.com\/realtur\/?p=7562"},"modified":"2024-06-18T04:45:46","modified_gmt":"2024-06-18T04:45:46","slug":"uruguay-nuevamente-reconocido-en-panama-durante-la-fiexpo-2024","status":"publish","type":"post","link":"https:\/\/realidadturistica.com\/realtur\/uruguay-nuevamente-reconocido-en-panama-durante-la-fiexpo-2024\/","title":{"rendered":"Uruguay nuevamente reconocido en Panam\u00e1 durante la FIEXPO 2024"},"content":{"rendered":"\n<p class=\"yoast-reading-time__wrapper\"><span class=\"yoast-reading-time__icon\"><svg aria-hidden=\"true\" focusable=\"false\" data-icon=\"clock\" width=\"20\" height=\"20\" fill=\"none\" stroke=\"currentColor\" style=\"display:inline-block;vertical-align:-0.1em\" role=\"img\" xmlns=\"http:\/\/www.w3.org\/2000\/svg\" viewbox=\"0 0 24 24\"><path stroke-linecap=\"round\" stroke-linejoin=\"round\" stroke-width=\"2\" d=\"M12 8v4l3 3m6-3a9 9 0 11-18 0 9 9 0 0118 0z\"><\/path><\/svg><\/span><span class=\"yoast-reading-time__spacer\" style=\"display:inline-block;width:1em\"><\/span><span class=\"yoast-reading-time__descriptive-text\">Tiempo de lectura estimado:  <\/span><span class=\"yoast-reading-time__reading-time\">4<\/span><span class=\"yoast-reading-time__time-unit\"> minutos<\/span><\/p>\n\n\n\n<p>Uruguay. Del lunes 10 al jueves 13 de junio se desarrollo FIEXPO Latin Am\u00e9rica en Panama Convention Center, la feria que recibe a asociaciones internacionales, compradores corporativos, y operadores profesionales de congresos, representantes de m\u00e1s de 80 destinos de todo el mundo. Uruguay por segundo a\u00f1o consecutivo fue premiado durante la cena de gala, este a\u00f1o por su aporte a la sostenibilidad con el premio #MEET4IMPACT junto a Costa Rica, Colombia y Panam\u00e1.<\/p>\n\n\n\n<p>Con el compromiso focalizado en el impacto de la Industria de reuniones en los ecosistemas de los destinos se re\u00fanen en Fiexpo Latin America a Ministros, Secretarios de Turismo, Gobernadores, Intendentes, Parlamentarios integrantes de Comisiones de Turismo, Directores de Turismo a nivel nacional, provincial o departamental, directores o presidentes de Bur\u00f3s de Convenciones y autoridades de las m\u00e1s importantes asociaciones internacionales del sector que muestran el poder de la industria MICE y el papel de las mismas como actores claves.<\/p>\n\n\n\n<p><br>Uruguay dijo presente con una importante delegaci\u00f3n tanto de p\u00fablicos como privados, encabezada por el Director Nacional de Turismo, Roque Baudean, la responsable del producto MICE, Lic. Karina Larroque, el Director de Turismo de la Intendencia de Colonia, Mart\u00edn De Freitas, el representante de la Direcci\u00f3n de Turismo de Montevideo, Pablo Celintano as\u00ed como la asesora del departamento de turismo de Maldonado, Ana Laura Acosta as\u00ed como la Asociaci\u00f3n Tur\u00edstica de Colonia con su presidente, Andr\u00e9s Castellanos y Andrea Schunk.<\/p>\n\n\n\n<p><br>En tanto a nivel privados los operadores que se hicieron presentes fueron Raddison Hotel, Grupo Elis, Centro de Convenciones de Punta del Este, Solanas, Buemes, Congresos &amp; Reuniones, Sheraton Colonia y Plaza de Toros.<\/p>\n\n\n\n<p><br>La primera actividad fue el 11\u00aa Foro Pol\u00edtico Latinoam\u00e9ricano sobre Turismo de Reuniones, all\u00ed se explican las acciones que se est\u00e1n llevando a cabo para desarrollar esta Industria y comparte cada uno sus propias experiencias con la finalidad de debatir e influir en la direcci\u00f3n futura de los eventos del segmento MICE relacionados con la formulaci\u00f3n de pol\u00edticas y gesti\u00f3n estrat\u00e9gica de destinos.<\/p>\n\n\n\n<p><br>La finalidad es interactuar junto a los l\u00edderes pol\u00edticos de todo el continente latinoamericano y las entidades globales de la industria para garantizar el liderazgo de los profesionales que trabajan en la industria de reuniones, estimular, potenciar, dinamizar a los actores del sector.<\/p>\n\n\n\n<p><br>En ese sentido el Director Nacional, Roque Baudean destac\u00f3 \u201cla importancia para Uruguay de la inteligencia artificial para el turismo de reuniones y la capacitaci\u00f3n para unir sectores en la industria de la reuni\u00f3n, nombr\u00e1ndose como ejemplos Termatalia y Neoturismo\u201d.<br>\u00a0<br><em><strong>Reconocimiento a URUGUAY:<\/strong><\/em><br>Durante la cena de gala, FIEXPO Latin Am\u00e9rica con el apoyo estrat\u00e9gico de socios como PROMTUR, ProColombia, el Ministerio de Turismo del Uruguay y el Instituto Costarricense de Turismo, y la colaboraci\u00f3n de reconocidos expertos internacionales en sostenibilidad y legado, como GDS-Movement y #Meet4Impact, realizaron su primer evento enfocado en el \u201cPoder Transformador de los Reuniones\u201d.<br><\/p>\n\n\n\n<p>Este proyecto se centr\u00f3 en los conceptos de sostenibilidad, innovaci\u00f3n y legado, reafirmando el compromiso y responsabilidad de FIEXPO como referente en la regi\u00f3n.<br>El proyecto de Sostenibilidad &amp; Legado tuvo como objetivos ser pioneros en tener una estrategia de alto nivel especializada en eventos sostenibles, legado e Impacto a nivel Latinoam\u00e9rica, mostrar el gran compromiso de FIEXPO Latin America y Panam\u00e1 como destino anfitri\u00f3n por la sostenibilidad y la innovaci\u00f3n, generar impactos positivos, elevar la experiencia del evento, involucrar y activar a proveedores y participantes para propagar la acci\u00f3n, e impulsar una cadena de valor que tenga un alto desempe\u00f1o sostenible.<\/p>\n\n\n\n<p>Por esta raz\u00f3n URUGUAY recibi\u00f3 una distinci\u00f3n por su aporte y compromiso con el proyecto de sostenibilidad &amp; legado 2024 en el objetivo de CIRCULARIDAD.<\/p>\n\n\n\n<p>Por otro lado el pa\u00eds realiz\u00f3 un almuerzo con 75 hosted buyers donde se presentaron los beneficios generales del turismo y el sector de reuniones, adem\u00e1s los destinos Colonia, Montevideo y Maldonado.<br><\/p>\n\n\n\n<p>Finalizando esta feria desde el sector privado se destacaron las reuniones que superaron las 150 con pa\u00edses como Argentina, Brasil, Colombia, Panam\u00e1, Guatemala, Ecuador, M\u00e9xico, Costa Rica, Sud\u00e1frica entre otros.<\/p>\n\n\n\n<p><br>Por su parte el Director Nacional de Turismo, Roque Baudean dijo que la feria dej\u00f3 un balance positivos para los tres destinos que trabajan el producto mices, que los operadores se llevan negocios concretos y en materia del gobierno nacional anotaciones para articular con otros ministerios buscando lograr un congreso mundial para el pr\u00f3ximo a\u00f1o.<\/p>\n\n\n\n<p>Fuente: gub.uy<\/p>\n","protected":false},"excerpt":{"rendered":"<p>Uruguay. Del lunes 10 al jueves 13 de junio se desarrollo FIEXPO Latin Am\u00e9rica en Panama Convention Center, la feria que recibe a asociaciones internacionales,&hellip;<\/p>\n","protected":false},"author":2,"featured_media":7563,"comment_status":"open","ping_status":"closed","sticky":false,"template":"","format":"standard","meta":{"content-type":"","_lmt_disableupdate":"","_lmt_disable":"","footnotes":""},"categories":[6],"tags":[],"class_list":["post-7562","post","type-post","status-publish","format-standard","has-post-thumbnail","hentry","category-turismo"],"yoast_head":"<!-- This site is optimized with the Yoast SEO Premium plugin v27.4 (Yoast SEO v27.5) - https:\/\/yoast.com\/product\/yoast-seo-premium-wordpress\/ -->\n<title>Uruguay nuevamente reconocido en Panam\u00e1 durante la FIEXPO 2024 - Realidad Tur\u00edstica<\/title>\n<meta name=\"robots\" content=\"index, follow, max-snippet:-1, max-image-preview:large, max-video-preview:-1\" \/>\n<link rel=\"canonical\" href=\"https:\/\/realidadturistica.com\/realtur\/uruguay-nuevamente-reconocido-en-panama-durante-la-fiexpo-2024\/\" \/>\n<meta property=\"og:locale\" content=\"es_ES\" \/>\n<meta property=\"og:type\" content=\"article\" \/>\n<meta property=\"og:title\" content=\"Uruguay nuevamente reconocido en Panam\u00e1 durante la FIEXPO 2024\" \/>\n<meta property=\"og:description\" content=\"Uruguay. Del lunes 10 al jueves 13 de junio se desarrollo FIEXPO Latin Am\u00e9rica en Panama Convention Center, la feria que recibe a asociaciones internacionales,&hellip;\" \/>\n<meta property=\"og:url\" content=\"https:\/\/realidadturistica.com\/realtur\/uruguay-nuevamente-reconocido-en-panama-durante-la-fiexpo-2024\/\" \/>\n<meta property=\"og:site_name\" content=\"Realidad Tur\u00edstica\" \/>\n<meta property=\"article:publisher\" content=\"https:\/\/www.facebook.com\/realidadturistica\" \/>\n<meta property=\"article:published_time\" content=\"2024-06-18T04:45:41+00:00\" \/>\n<meta property=\"article:modified_time\" content=\"2024-06-18T04:45:46+00:00\" \/>\n<meta property=\"og:image\" content=\"https:\/\/realidadturistica.com\/realtur\/wp-content\/uploads\/2024\/06\/Uruguay-nuevamente.jpg\" \/>\n\t<meta property=\"og:image:width\" content=\"945\" \/>\n\t<meta property=\"og:image:height\" content=\"711\" \/>\n\t<meta property=\"og:image:type\" content=\"image\/jpeg\" \/>\n<meta name=\"author\" content=\"Editor\" \/>\n<meta name=\"twitter:card\" content=\"summary_large_image\" \/>\n<meta name=\"twitter:label1\" content=\"Escrito por\" \/>\n\t<meta name=\"twitter:data1\" content=\"Editor\" \/>\n\t<meta name=\"twitter:label2\" content=\"Tiempo de lectura\" \/>\n\t<meta name=\"twitter:data2\" content=\"4 minutos\" \/>\n<script type=\"application\/ld+json\" class=\"yoast-schema-graph\">{\"@context\":\"https:\\\/\\\/schema.org\",\"@graph\":[{\"@type\":\"Article\",\"@id\":\"https:\\\/\\\/realidadturistica.com\\\/realtur\\\/uruguay-nuevamente-reconocido-en-panama-durante-la-fiexpo-2024\\\/#article\",\"isPartOf\":{\"@id\":\"https:\\\/\\\/realidadturistica.com\\\/realtur\\\/uruguay-nuevamente-reconocido-en-panama-durante-la-fiexpo-2024\\\/\"},\"author\":{\"name\":\"Editor\",\"@id\":\"https:\\\/\\\/realidadturistica.com\\\/realtur\\\/#\\\/schema\\\/person\\\/ade671191202490fcf08ab21590de73e\"},\"headline\":\"Uruguay nuevamente reconocido en Panam\u00e1 durante la FIEXPO 2024\",\"datePublished\":\"2024-06-18T04:45:41+00:00\",\"dateModified\":\"2024-06-18T04:45:46+00:00\",\"mainEntityOfPage\":{\"@id\":\"https:\\\/\\\/realidadturistica.com\\\/realtur\\\/uruguay-nuevamente-reconocido-en-panama-durante-la-fiexpo-2024\\\/\"},\"wordCount\":773,\"commentCount\":0,\"publisher\":{\"@id\":\"https:\\\/\\\/realidadturistica.com\\\/realtur\\\/#organization\"},\"image\":{\"@id\":\"https:\\\/\\\/realidadturistica.com\\\/realtur\\\/uruguay-nuevamente-reconocido-en-panama-durante-la-fiexpo-2024\\\/#primaryimage\"},\"thumbnailUrl\":\"https:\\\/\\\/realidadturistica.com\\\/realtur\\\/wp-content\\\/uploads\\\/2024\\\/06\\\/Uruguay-nuevamente.jpg\",\"articleSection\":[\"Turismo\"],\"inLanguage\":\"es\",\"potentialAction\":[{\"@type\":\"CommentAction\",\"name\":\"Comment\",\"target\":[\"https:\\\/\\\/realidadturistica.com\\\/realtur\\\/uruguay-nuevamente-reconocido-en-panama-durante-la-fiexpo-2024\\\/#respond\"]}]},{\"@type\":\"WebPage\",\"@id\":\"https:\\\/\\\/realidadturistica.com\\\/realtur\\\/uruguay-nuevamente-reconocido-en-panama-durante-la-fiexpo-2024\\\/\",\"url\":\"https:\\\/\\\/realidadturistica.com\\\/realtur\\\/uruguay-nuevamente-reconocido-en-panama-durante-la-fiexpo-2024\\\/\",\"name\":\"Uruguay nuevamente reconocido en Panam\u00e1 durante la FIEXPO 2024 - Realidad Tur\u00edstica\",\"isPartOf\":{\"@id\":\"https:\\\/\\\/realidadturistica.com\\\/realtur\\\/#website\"},\"primaryImageOfPage\":{\"@id\":\"https:\\\/\\\/realidadturistica.com\\\/realtur\\\/uruguay-nuevamente-reconocido-en-panama-durante-la-fiexpo-2024\\\/#primaryimage\"},\"image\":{\"@id\":\"https:\\\/\\\/realidadturistica.com\\\/realtur\\\/uruguay-nuevamente-reconocido-en-panama-durante-la-fiexpo-2024\\\/#primaryimage\"},\"thumbnailUrl\":\"https:\\\/\\\/realidadturistica.com\\\/realtur\\\/wp-content\\\/uploads\\\/2024\\\/06\\\/Uruguay-nuevamente.jpg\",\"datePublished\":\"2024-06-18T04:45:41+00:00\",\"dateModified\":\"2024-06-18T04:45:46+00:00\",\"breadcrumb\":{\"@id\":\"https:\\\/\\\/realidadturistica.com\\\/realtur\\\/uruguay-nuevamente-reconocido-en-panama-durante-la-fiexpo-2024\\\/#breadcrumb\"},\"inLanguage\":\"es\",\"potentialAction\":[{\"@type\":\"ReadAction\",\"target\":[\"https:\\\/\\\/realidadturistica.com\\\/realtur\\\/uruguay-nuevamente-reconocido-en-panama-durante-la-fiexpo-2024\\\/\"]}]},{\"@type\":\"ImageObject\",\"inLanguage\":\"es\",\"@id\":\"https:\\\/\\\/realidadturistica.com\\\/realtur\\\/uruguay-nuevamente-reconocido-en-panama-durante-la-fiexpo-2024\\\/#primaryimage\",\"url\":\"https:\\\/\\\/realidadturistica.com\\\/realtur\\\/wp-content\\\/uploads\\\/2024\\\/06\\\/Uruguay-nuevamente.jpg\",\"contentUrl\":\"https:\\\/\\\/realidadturistica.com\\\/realtur\\\/wp-content\\\/uploads\\\/2024\\\/06\\\/Uruguay-nuevamente.jpg\",\"width\":945,\"height\":711},{\"@type\":\"BreadcrumbList\",\"@id\":\"https:\\\/\\\/realidadturistica.com\\\/realtur\\\/uruguay-nuevamente-reconocido-en-panama-durante-la-fiexpo-2024\\\/#breadcrumb\",\"itemListElement\":[{\"@type\":\"ListItem\",\"position\":1,\"name\":\"Portada\",\"item\":\"https:\\\/\\\/realidadturistica.com\\\/realtur\\\/\"},{\"@type\":\"ListItem\",\"position\":2,\"name\":\"Uruguay nuevamente reconocido en Panam\u00e1 durante la FIEXPO 2024\"}]},{\"@type\":\"WebSite\",\"@id\":\"https:\\\/\\\/realidadturistica.com\\\/realtur\\\/#website\",\"url\":\"https:\\\/\\\/realidadturistica.com\\\/realtur\\\/\",\"name\":\"Realidad Tur\u00edstica\",\"description\":\"\",\"publisher\":{\"@id\":\"https:\\\/\\\/realidadturistica.com\\\/realtur\\\/#organization\"},\"potentialAction\":[{\"@type\":\"SearchAction\",\"target\":{\"@type\":\"EntryPoint\",\"urlTemplate\":\"https:\\\/\\\/realidadturistica.com\\\/realtur\\\/?s={search_term_string}\"},\"query-input\":{\"@type\":\"PropertyValueSpecification\",\"valueRequired\":true,\"valueName\":\"search_term_string\"}}],\"inLanguage\":\"es\"},{\"@type\":\"Organization\",\"@id\":\"https:\\\/\\\/realidadturistica.com\\\/realtur\\\/#organization\",\"name\":\"Realidad Tur\u00edstica\",\"url\":\"https:\\\/\\\/realidadturistica.com\\\/realtur\\\/\",\"logo\":{\"@type\":\"ImageObject\",\"inLanguage\":\"es\",\"@id\":\"https:\\\/\\\/realidadturistica.com\\\/realtur\\\/#\\\/schema\\\/logo\\\/image\\\/\",\"url\":\"https:\\\/\\\/realidadturistica.com\\\/realtur\\\/wp-content\\\/uploads\\\/2021\\\/12\\\/logotipo-realidad-turistica.png\",\"contentUrl\":\"https:\\\/\\\/realidadturistica.com\\\/realtur\\\/wp-content\\\/uploads\\\/2021\\\/12\\\/logotipo-realidad-turistica.png\",\"width\":1382,\"height\":629,\"caption\":\"Realidad Tur\u00edstica\"},\"image\":{\"@id\":\"https:\\\/\\\/realidadturistica.com\\\/realtur\\\/#\\\/schema\\\/logo\\\/image\\\/\"},\"sameAs\":[\"https:\\\/\\\/www.facebook.com\\\/realidadturistica\",\"https:\\\/\\\/www.instagram.com\\\/realidad_turistica\\\/\"]},{\"@type\":\"Person\",\"@id\":\"https:\\\/\\\/realidadturistica.com\\\/realtur\\\/#\\\/schema\\\/person\\\/ade671191202490fcf08ab21590de73e\",\"name\":\"Editor\",\"image\":{\"@type\":\"ImageObject\",\"inLanguage\":\"es\",\"@id\":\"https:\\\/\\\/realidadturistica.com\\\/realtur\\\/wp-content\\\/uploads\\\/2023\\\/09\\\/Editor_avatar_1693668634-96x96.png\",\"url\":\"https:\\\/\\\/realidadturistica.com\\\/realtur\\\/wp-content\\\/uploads\\\/2023\\\/09\\\/Editor_avatar_1693668634-96x96.png\",\"contentUrl\":\"https:\\\/\\\/realidadturistica.com\\\/realtur\\\/wp-content\\\/uploads\\\/2023\\\/09\\\/Editor_avatar_1693668634-96x96.png\",\"caption\":\"Editor\"},\"sameAs\":[\"https:\\\/\\\/realidadturistica.com\\\/realtur\"],\"url\":\"https:\\\/\\\/realidadturistica.com\\\/realtur\\\/author\\\/editor2\\\/\"}]}<\/script>\n<!-- \/ Yoast SEO Premium plugin. -->","yoast_head_json":{"title":"Uruguay nuevamente reconocido en Panam\u00e1 durante la FIEXPO 2024 - Realidad Tur\u00edstica","robots":{"index":"index","follow":"follow","max-snippet":"max-snippet:-1","max-image-preview":"max-image-preview:large","max-video-preview":"max-video-preview:-1"},"canonical":"https:\/\/realidadturistica.com\/realtur\/uruguay-nuevamente-reconocido-en-panama-durante-la-fiexpo-2024\/","og_locale":"es_ES","og_type":"article","og_title":"Uruguay nuevamente reconocido en Panam\u00e1 durante la FIEXPO 2024","og_description":"Uruguay. Del lunes 10 al jueves 13 de junio se desarrollo FIEXPO Latin Am\u00e9rica en Panama Convention Center, la feria que recibe a asociaciones internacionales,&hellip;","og_url":"https:\/\/realidadturistica.com\/realtur\/uruguay-nuevamente-reconocido-en-panama-durante-la-fiexpo-2024\/","og_site_name":"Realidad Tur\u00edstica","article_publisher":"https:\/\/www.facebook.com\/realidadturistica","article_published_time":"2024-06-18T04:45:41+00:00","article_modified_time":"2024-06-18T04:45:46+00:00","og_image":[{"width":945,"height":711,"url":"https:\/\/realidadturistica.com\/realtur\/wp-content\/uploads\/2024\/06\/Uruguay-nuevamente.jpg","type":"image\/jpeg"}],"author":"Editor","twitter_card":"summary_large_image","twitter_misc":{"Escrito por":"Editor","Tiempo de lectura":"4 minutos"},"schema":{"@context":"https:\/\/schema.org","@graph":[{"@type":"Article","@id":"https:\/\/realidadturistica.com\/realtur\/uruguay-nuevamente-reconocido-en-panama-durante-la-fiexpo-2024\/#article","isPartOf":{"@id":"https:\/\/realidadturistica.com\/realtur\/uruguay-nuevamente-reconocido-en-panama-durante-la-fiexpo-2024\/"},"author":{"name":"Editor","@id":"https:\/\/realidadturistica.com\/realtur\/#\/schema\/person\/ade671191202490fcf08ab21590de73e"},"headline":"Uruguay nuevamente reconocido en Panam\u00e1 durante la FIEXPO 2024","datePublished":"2024-06-18T04:45:41+00:00","dateModified":"2024-06-18T04:45:46+00:00","mainEntityOfPage":{"@id":"https:\/\/realidadturistica.com\/realtur\/uruguay-nuevamente-reconocido-en-panama-durante-la-fiexpo-2024\/"},"wordCount":773,"commentCount":0,"publisher":{"@id":"https:\/\/realidadturistica.com\/realtur\/#organization"},"image":{"@id":"https:\/\/realidadturistica.com\/realtur\/uruguay-nuevamente-reconocido-en-panama-durante-la-fiexpo-2024\/#primaryimage"},"thumbnailUrl":"https:\/\/realidadturistica.com\/realtur\/wp-content\/uploads\/2024\/06\/Uruguay-nuevamente.jpg","articleSection":["Turismo"],"inLanguage":"es","potentialAction":[{"@type":"CommentAction","name":"Comment","target":["https:\/\/realidadturistica.com\/realtur\/uruguay-nuevamente-reconocido-en-panama-durante-la-fiexpo-2024\/#respond"]}]},{"@type":"WebPage","@id":"https:\/\/realidadturistica.com\/realtur\/uruguay-nuevamente-reconocido-en-panama-durante-la-fiexpo-2024\/","url":"https:\/\/realidadturistica.com\/realtur\/uruguay-nuevamente-reconocido-en-panama-durante-la-fiexpo-2024\/","name":"Uruguay nuevamente reconocido en Panam\u00e1 durante la FIEXPO 2024 - Realidad Tur\u00edstica","isPartOf":{"@id":"https:\/\/realidadturistica.com\/realtur\/#website"},"primaryImageOfPage":{"@id":"https:\/\/realidadturistica.com\/realtur\/uruguay-nuevamente-reconocido-en-panama-durante-la-fiexpo-2024\/#primaryimage"},"image":{"@id":"https:\/\/realidadturistica.com\/realtur\/uruguay-nuevamente-reconocido-en-panama-durante-la-fiexpo-2024\/#primaryimage"},"thumbnailUrl":"https:\/\/realidadturistica.com\/realtur\/wp-content\/uploads\/2024\/06\/Uruguay-nuevamente.jpg","datePublished":"2024-06-18T04:45:41+00:00","dateModified":"2024-06-18T04:45:46+00:00","breadcrumb":{"@id":"https:\/\/realidadturistica.com\/realtur\/uruguay-nuevamente-reconocido-en-panama-durante-la-fiexpo-2024\/#breadcrumb"},"inLanguage":"es","potentialAction":[{"@type":"ReadAction","target":["https:\/\/realidadturistica.com\/realtur\/uruguay-nuevamente-reconocido-en-panama-durante-la-fiexpo-2024\/"]}]},{"@type":"ImageObject","inLanguage":"es","@id":"https:\/\/realidadturistica.com\/realtur\/uruguay-nuevamente-reconocido-en-panama-durante-la-fiexpo-2024\/#primaryimage","url":"https:\/\/realidadturistica.com\/realtur\/wp-content\/uploads\/2024\/06\/Uruguay-nuevamente.jpg","contentUrl":"https:\/\/realidadturistica.com\/realtur\/wp-content\/uploads\/2024\/06\/Uruguay-nuevamente.jpg","width":945,"height":711},{"@type":"BreadcrumbList","@id":"https:\/\/realidadturistica.com\/realtur\/uruguay-nuevamente-reconocido-en-panama-durante-la-fiexpo-2024\/#breadcrumb","itemListElement":[{"@type":"ListItem","position":1,"name":"Portada","item":"https:\/\/realidadturistica.com\/realtur\/"},{"@type":"ListItem","position":2,"name":"Uruguay nuevamente reconocido en Panam\u00e1 durante la FIEXPO 2024"}]},{"@type":"WebSite","@id":"https:\/\/realidadturistica.com\/realtur\/#website","url":"https:\/\/realidadturistica.com\/realtur\/","name":"Realidad Tur\u00edstica","description":"","publisher":{"@id":"https:\/\/realidadturistica.com\/realtur\/#organization"},"potentialAction":[{"@type":"SearchAction","target":{"@type":"EntryPoint","urlTemplate":"https:\/\/realidadturistica.com\/realtur\/?s={search_term_string}"},"query-input":{"@type":"PropertyValueSpecification","valueRequired":true,"valueName":"search_term_string"}}],"inLanguage":"es"},{"@type":"Organization","@id":"https:\/\/realidadturistica.com\/realtur\/#organization","name":"Realidad Tur\u00edstica","url":"https:\/\/realidadturistica.com\/realtur\/","logo":{"@type":"ImageObject","inLanguage":"es","@id":"https:\/\/realidadturistica.com\/realtur\/#\/schema\/logo\/image\/","url":"https:\/\/realidadturistica.com\/realtur\/wp-content\/uploads\/2021\/12\/logotipo-realidad-turistica.png","contentUrl":"https:\/\/realidadturistica.com\/realtur\/wp-content\/uploads\/2021\/12\/logotipo-realidad-turistica.png","width":1382,"height":629,"caption":"Realidad Tur\u00edstica"},"image":{"@id":"https:\/\/realidadturistica.com\/realtur\/#\/schema\/logo\/image\/"},"sameAs":["https:\/\/www.facebook.com\/realidadturistica","https:\/\/www.instagram.com\/realidad_turistica\/"]},{"@type":"Person","@id":"https:\/\/realidadturistica.com\/realtur\/#\/schema\/person\/ade671191202490fcf08ab21590de73e","name":"Editor","image":{"@type":"ImageObject","inLanguage":"es","@id":"https:\/\/realidadturistica.com\/realtur\/wp-content\/uploads\/2023\/09\/Editor_avatar_1693668634-96x96.png","url":"https:\/\/realidadturistica.com\/realtur\/wp-content\/uploads\/2023\/09\/Editor_avatar_1693668634-96x96.png","contentUrl":"https:\/\/realidadturistica.com\/realtur\/wp-content\/uploads\/2023\/09\/Editor_avatar_1693668634-96x96.png","caption":"Editor"},"sameAs":["https:\/\/realidadturistica.com\/realtur"],"url":"https:\/\/realidadturistica.com\/realtur\/author\/editor2\/"}]}},"_links":{"self":[{"href":"https:\/\/realidadturistica.com\/realtur\/wp-json\/wp\/v2\/posts\/7562","targetHints":{"allow":["GET"]}}],"collection":[{"href":"https:\/\/realidadturistica.com\/realtur\/wp-json\/wp\/v2\/posts"}],"about":[{"href":"https:\/\/realidadturistica.com\/realtur\/wp-json\/wp\/v2\/types\/post"}],"author":[{"embeddable":true,"href":"https:\/\/realidadturistica.com\/realtur\/wp-json\/wp\/v2\/users\/2"}],"replies":[{"embeddable":true,"href":"https:\/\/realidadturistica.com\/realtur\/wp-json\/wp\/v2\/comments?post=7562"}],"version-history":[{"count":1,"href":"https:\/\/realidadturistica.com\/realtur\/wp-json\/wp\/v2\/posts\/7562\/revisions"}],"predecessor-version":[{"id":7564,"href":"https:\/\/realidadturistica.com\/realtur\/wp-json\/wp\/v2\/posts\/7562\/revisions\/7564"}],"wp:featuredmedia":[{"embeddable":true,"href":"https:\/\/realidadturistica.com\/realtur\/wp-json\/wp\/v2\/media\/7563"}],"wp:attachment":[{"href":"https:\/\/realidadturistica.com\/realtur\/wp-json\/wp\/v2\/media?parent=7562"}],"wp:term":[{"taxonomy":"category","embeddable":true,"href":"https:\/\/realidadturistica.com\/realtur\/wp-json\/wp\/v2\/categories?post=7562"},{"taxonomy":"post_tag","embeddable":true,"href":"https:\/\/realidadturistica.com\/realtur\/wp-json\/wp\/v2\/tags?post=7562"}],"curies":[{"name":"wp","href":"https:\/\/api.w.org\/{rel}","templated":true}]}}