{"id":7641,"date":"2024-07-03T13:19:36","date_gmt":"2024-07-03T13:19:36","guid":{"rendered":"https:\/\/realidadturistica.com\/realtur\/?p=7641"},"modified":"2024-07-03T13:19:42","modified_gmt":"2024-07-03T13:19:42","slug":"iberojet-se-lanza-de-lleno-a-la-competencia-con-world2fly-en-la-ruta-madrid-cali","status":"publish","type":"post","link":"https:\/\/realidadturistica.com\/realtur\/iberojet-se-lanza-de-lleno-a-la-competencia-con-world2fly-en-la-ruta-madrid-cali\/","title":{"rendered":"Iberojet se lanza de lleno a la competencia con World2fly en la ruta Madrid \u2013 Cali"},"content":{"rendered":"\n<p class=\"yoast-reading-time__wrapper\"><span class=\"yoast-reading-time__icon\"><svg aria-hidden=\"true\" focusable=\"false\" data-icon=\"clock\" width=\"20\" height=\"20\" fill=\"none\" stroke=\"currentColor\" style=\"display:inline-block;vertical-align:-0.1em\" role=\"img\" xmlns=\"http:\/\/www.w3.org\/2000\/svg\" viewbox=\"0 0 24 24\"><path stroke-linecap=\"round\" stroke-linejoin=\"round\" stroke-width=\"2\" d=\"M12 8v4l3 3m6-3a9 9 0 11-18 0 9 9 0 0118 0z\"><\/path><\/svg><\/span><span class=\"yoast-reading-time__spacer\" style=\"display:inline-block;width:1em\"><\/span><span class=\"yoast-reading-time__descriptive-text\">Tiempo de lectura estimado:  <\/span><span class=\"yoast-reading-time__reading-time\">2<\/span><span class=\"yoast-reading-time__time-unit\"> minutos<\/span><\/p>\n\n\n\n<p>La aerol\u00ednea de \u00c1voris Corporaci\u00f3n Empresarial, Iberojet, se lanza de lleno a la competencia directa con World2fly, compa\u00f1\u00eda a\u00e9rea de World2Meet (Grupo Iberostar). Poco m\u00e1s de una semana despu\u00e9s de que esta \u00faltima anunciara una nueva ruta entre Madrid y Cali (Colombia), Iberojet ha hecho lo propio.<\/p>\n\n\n\n<p>Seg\u00fan han anunciado desde \u00c1voris Corporaci\u00f3n Empresarial, Iberojet tiene previsto el lanzamiento de esta nueva conexi\u00f3n antes de que finalice el a\u00f1o. En este contexto, para concretar los \u00faltimos detalles, Juan Carlos Gonz\u00e1lez, director general de \u00c1voris, ha mantenido una reuni\u00f3n clave para el cierre del acuerdo con Sergio Paris, director general de Aeron\u00e1utica Civil de Colombia.<\/p>\n\n\n\n<p>Seg\u00fan explican desde la compa\u00f1\u00eda, esta iniciativa forma parte de la estrategia de Iberojet para ampliar su presencia en Latinoam\u00e9rica, una regi\u00f3n donde la aerol\u00ednea ha tenido una significativa y exitosa trayectoria. Este nuevo destino no solo fortalecer\u00e1 la posici\u00f3n de Iberojet en el mercado latinoamericano, sino que tambi\u00e9n servir\u00e1 para desarrollar de manera gradual el destino Colombia por parte de los touroperadores de \u00c1voris.<\/p>\n\n\n\n<p>La intenci\u00f3n de Iberojet es tener una fuerte presencia en este nuevo destino. Desde la compa\u00f1\u00eda quieren fomentar una conexi\u00f3n que ofrecer\u00e1, inicialmente, una opci\u00f3n de viaje conveniente tanto para la comunidad colombiana en Espa\u00f1a como para los viajeros de negocios de ambos pa\u00edses. La aerol\u00ednea pretende despu\u00e9s dar paso al desarrollo de Colombia como destino vacacional para los touroperadores de \u00c1voris, como Travelplan y CATAI, as\u00ed como a las actividades de incentivos y congresos, de la mano de BCD Meetings &amp; Events y Bco Congresos.<\/p>\n\n\n\n<p>Desde Iberojet destacan que quieren reafirmar su compromiso con el desarrollo de conexiones que faciliten el flujo de turistas y fortalezcan los lazos entre Espa\u00f1a y Latinoam\u00e9rica. La nueva ruta se suma a otras ya existentes, consolidando a Iberojet como una aerol\u00ednea clave en la conexi\u00f3n de Latinoam\u00e9rica con Espa\u00f1a.<\/p>\n\n\n\n<p>Fuente: Tourinews<\/p>\n","protected":false},"excerpt":{"rendered":"<p>La aerol\u00ednea de \u00c1voris Corporaci\u00f3n Empresarial, Iberojet, se lanza de lleno a la competencia directa con World2fly, compa\u00f1\u00eda a\u00e9rea de World2Meet (Grupo Iberostar). Poco m\u00e1s&hellip;<\/p>\n","protected":false},"author":2,"featured_media":7642,"comment_status":"open","ping_status":"closed","sticky":false,"template":"","format":"standard","meta":{"content-type":"","_lmt_disableupdate":"","_lmt_disable":"","footnotes":""},"categories":[2],"tags":[],"class_list":["post-7641","post","type-post","status-publish","format-standard","has-post-thumbnail","hentry","category-aerolineas"],"yoast_head":"<!-- This site is optimized with the Yoast SEO Premium plugin v27.4 (Yoast SEO v27.5) - https:\/\/yoast.com\/product\/yoast-seo-premium-wordpress\/ -->\n<title>Iberojet se lanza de lleno a la competencia con World2fly en la ruta Madrid \u2013 Cali - Realidad Tur\u00edstica<\/title>\n<meta name=\"robots\" content=\"index, follow, max-snippet:-1, max-image-preview:large, max-video-preview:-1\" \/>\n<link rel=\"canonical\" href=\"https:\/\/realidadturistica.com\/realtur\/iberojet-se-lanza-de-lleno-a-la-competencia-con-world2fly-en-la-ruta-madrid-cali\/\" \/>\n<meta property=\"og:locale\" content=\"es_ES\" \/>\n<meta property=\"og:type\" content=\"article\" \/>\n<meta property=\"og:title\" content=\"Iberojet se lanza de lleno a la competencia con World2fly en la ruta Madrid \u2013 Cali\" \/>\n<meta property=\"og:description\" content=\"La aerol\u00ednea de \u00c1voris Corporaci\u00f3n Empresarial, Iberojet, se lanza de lleno a la competencia directa con World2fly, compa\u00f1\u00eda a\u00e9rea de World2Meet (Grupo Iberostar). Poco m\u00e1s&hellip;\" \/>\n<meta property=\"og:url\" content=\"https:\/\/realidadturistica.com\/realtur\/iberojet-se-lanza-de-lleno-a-la-competencia-con-world2fly-en-la-ruta-madrid-cali\/\" \/>\n<meta property=\"og:site_name\" content=\"Realidad Tur\u00edstica\" \/>\n<meta property=\"article:publisher\" content=\"https:\/\/www.facebook.com\/realidadturistica\" \/>\n<meta property=\"article:published_time\" content=\"2024-07-03T13:19:36+00:00\" \/>\n<meta property=\"article:modified_time\" content=\"2024-07-03T13:19:42+00:00\" \/>\n<meta property=\"og:image\" content=\"https:\/\/realidadturistica.com\/realtur\/wp-content\/uploads\/2024\/07\/Iberojet-se-lanza.jpg\" \/>\n\t<meta property=\"og:image:width\" content=\"732\" \/>\n\t<meta property=\"og:image:height\" content=\"400\" \/>\n\t<meta property=\"og:image:type\" content=\"image\/jpeg\" \/>\n<meta name=\"author\" content=\"Editor\" \/>\n<meta name=\"twitter:card\" content=\"summary_large_image\" \/>\n<meta name=\"twitter:label1\" content=\"Escrito por\" \/>\n\t<meta name=\"twitter:data1\" content=\"Editor\" \/>\n\t<meta name=\"twitter:label2\" content=\"Tiempo de lectura\" \/>\n\t<meta name=\"twitter:data2\" content=\"2 minutos\" \/>\n<script type=\"application\/ld+json\" class=\"yoast-schema-graph\">{\"@context\":\"https:\\\/\\\/schema.org\",\"@graph\":[{\"@type\":\"Article\",\"@id\":\"https:\\\/\\\/realidadturistica.com\\\/realtur\\\/iberojet-se-lanza-de-lleno-a-la-competencia-con-world2fly-en-la-ruta-madrid-cali\\\/#article\",\"isPartOf\":{\"@id\":\"https:\\\/\\\/realidadturistica.com\\\/realtur\\\/iberojet-se-lanza-de-lleno-a-la-competencia-con-world2fly-en-la-ruta-madrid-cali\\\/\"},\"author\":{\"name\":\"Editor\",\"@id\":\"https:\\\/\\\/realidadturistica.com\\\/realtur\\\/#\\\/schema\\\/person\\\/ade671191202490fcf08ab21590de73e\"},\"headline\":\"Iberojet se lanza de lleno a la competencia con World2fly en la ruta Madrid \u2013 Cali\",\"datePublished\":\"2024-07-03T13:19:36+00:00\",\"dateModified\":\"2024-07-03T13:19:42+00:00\",\"mainEntityOfPage\":{\"@id\":\"https:\\\/\\\/realidadturistica.com\\\/realtur\\\/iberojet-se-lanza-de-lleno-a-la-competencia-con-world2fly-en-la-ruta-madrid-cali\\\/\"},\"wordCount\":364,\"commentCount\":0,\"publisher\":{\"@id\":\"https:\\\/\\\/realidadturistica.com\\\/realtur\\\/#organization\"},\"image\":{\"@id\":\"https:\\\/\\\/realidadturistica.com\\\/realtur\\\/iberojet-se-lanza-de-lleno-a-la-competencia-con-world2fly-en-la-ruta-madrid-cali\\\/#primaryimage\"},\"thumbnailUrl\":\"https:\\\/\\\/realidadturistica.com\\\/realtur\\\/wp-content\\\/uploads\\\/2024\\\/07\\\/Iberojet-se-lanza.jpg\",\"articleSection\":[\"Volar con pasi\u00f3n\"],\"inLanguage\":\"es\",\"potentialAction\":[{\"@type\":\"CommentAction\",\"name\":\"Comment\",\"target\":[\"https:\\\/\\\/realidadturistica.com\\\/realtur\\\/iberojet-se-lanza-de-lleno-a-la-competencia-con-world2fly-en-la-ruta-madrid-cali\\\/#respond\"]}]},{\"@type\":\"WebPage\",\"@id\":\"https:\\\/\\\/realidadturistica.com\\\/realtur\\\/iberojet-se-lanza-de-lleno-a-la-competencia-con-world2fly-en-la-ruta-madrid-cali\\\/\",\"url\":\"https:\\\/\\\/realidadturistica.com\\\/realtur\\\/iberojet-se-lanza-de-lleno-a-la-competencia-con-world2fly-en-la-ruta-madrid-cali\\\/\",\"name\":\"Iberojet se lanza de lleno a la competencia con World2fly en la ruta Madrid \u2013 Cali - Realidad Tur\u00edstica\",\"isPartOf\":{\"@id\":\"https:\\\/\\\/realidadturistica.com\\\/realtur\\\/#website\"},\"primaryImageOfPage\":{\"@id\":\"https:\\\/\\\/realidadturistica.com\\\/realtur\\\/iberojet-se-lanza-de-lleno-a-la-competencia-con-world2fly-en-la-ruta-madrid-cali\\\/#primaryimage\"},\"image\":{\"@id\":\"https:\\\/\\\/realidadturistica.com\\\/realtur\\\/iberojet-se-lanza-de-lleno-a-la-competencia-con-world2fly-en-la-ruta-madrid-cali\\\/#primaryimage\"},\"thumbnailUrl\":\"https:\\\/\\\/realidadturistica.com\\\/realtur\\\/wp-content\\\/uploads\\\/2024\\\/07\\\/Iberojet-se-lanza.jpg\",\"datePublished\":\"2024-07-03T13:19:36+00:00\",\"dateModified\":\"2024-07-03T13:19:42+00:00\",\"breadcrumb\":{\"@id\":\"https:\\\/\\\/realidadturistica.com\\\/realtur\\\/iberojet-se-lanza-de-lleno-a-la-competencia-con-world2fly-en-la-ruta-madrid-cali\\\/#breadcrumb\"},\"inLanguage\":\"es\",\"potentialAction\":[{\"@type\":\"ReadAction\",\"target\":[\"https:\\\/\\\/realidadturistica.com\\\/realtur\\\/iberojet-se-lanza-de-lleno-a-la-competencia-con-world2fly-en-la-ruta-madrid-cali\\\/\"]}]},{\"@type\":\"ImageObject\",\"inLanguage\":\"es\",\"@id\":\"https:\\\/\\\/realidadturistica.com\\\/realtur\\\/iberojet-se-lanza-de-lleno-a-la-competencia-con-world2fly-en-la-ruta-madrid-cali\\\/#primaryimage\",\"url\":\"https:\\\/\\\/realidadturistica.com\\\/realtur\\\/wp-content\\\/uploads\\\/2024\\\/07\\\/Iberojet-se-lanza.jpg\",\"contentUrl\":\"https:\\\/\\\/realidadturistica.com\\\/realtur\\\/wp-content\\\/uploads\\\/2024\\\/07\\\/Iberojet-se-lanza.jpg\",\"width\":732,\"height\":400},{\"@type\":\"BreadcrumbList\",\"@id\":\"https:\\\/\\\/realidadturistica.com\\\/realtur\\\/iberojet-se-lanza-de-lleno-a-la-competencia-con-world2fly-en-la-ruta-madrid-cali\\\/#breadcrumb\",\"itemListElement\":[{\"@type\":\"ListItem\",\"position\":1,\"name\":\"Portada\",\"item\":\"https:\\\/\\\/realidadturistica.com\\\/realtur\\\/\"},{\"@type\":\"ListItem\",\"position\":2,\"name\":\"Iberojet se lanza de lleno a la competencia con World2fly en la ruta Madrid \u2013 Cali\"}]},{\"@type\":\"WebSite\",\"@id\":\"https:\\\/\\\/realidadturistica.com\\\/realtur\\\/#website\",\"url\":\"https:\\\/\\\/realidadturistica.com\\\/realtur\\\/\",\"name\":\"Realidad Tur\u00edstica\",\"description\":\"\",\"publisher\":{\"@id\":\"https:\\\/\\\/realidadturistica.com\\\/realtur\\\/#organization\"},\"potentialAction\":[{\"@type\":\"SearchAction\",\"target\":{\"@type\":\"EntryPoint\",\"urlTemplate\":\"https:\\\/\\\/realidadturistica.com\\\/realtur\\\/?s={search_term_string}\"},\"query-input\":{\"@type\":\"PropertyValueSpecification\",\"valueRequired\":true,\"valueName\":\"search_term_string\"}}],\"inLanguage\":\"es\"},{\"@type\":\"Organization\",\"@id\":\"https:\\\/\\\/realidadturistica.com\\\/realtur\\\/#organization\",\"name\":\"Realidad Tur\u00edstica\",\"url\":\"https:\\\/\\\/realidadturistica.com\\\/realtur\\\/\",\"logo\":{\"@type\":\"ImageObject\",\"inLanguage\":\"es\",\"@id\":\"https:\\\/\\\/realidadturistica.com\\\/realtur\\\/#\\\/schema\\\/logo\\\/image\\\/\",\"url\":\"https:\\\/\\\/realidadturistica.com\\\/realtur\\\/wp-content\\\/uploads\\\/2021\\\/12\\\/logotipo-realidad-turistica.png\",\"contentUrl\":\"https:\\\/\\\/realidadturistica.com\\\/realtur\\\/wp-content\\\/uploads\\\/2021\\\/12\\\/logotipo-realidad-turistica.png\",\"width\":1382,\"height\":629,\"caption\":\"Realidad Tur\u00edstica\"},\"image\":{\"@id\":\"https:\\\/\\\/realidadturistica.com\\\/realtur\\\/#\\\/schema\\\/logo\\\/image\\\/\"},\"sameAs\":[\"https:\\\/\\\/www.facebook.com\\\/realidadturistica\",\"https:\\\/\\\/www.instagram.com\\\/realidad_turistica\\\/\"]},{\"@type\":\"Person\",\"@id\":\"https:\\\/\\\/realidadturistica.com\\\/realtur\\\/#\\\/schema\\\/person\\\/ade671191202490fcf08ab21590de73e\",\"name\":\"Editor\",\"image\":{\"@type\":\"ImageObject\",\"inLanguage\":\"es\",\"@id\":\"https:\\\/\\\/realidadturistica.com\\\/realtur\\\/wp-content\\\/uploads\\\/2023\\\/09\\\/Editor_avatar_1693668634-96x96.png\",\"url\":\"https:\\\/\\\/realidadturistica.com\\\/realtur\\\/wp-content\\\/uploads\\\/2023\\\/09\\\/Editor_avatar_1693668634-96x96.png\",\"contentUrl\":\"https:\\\/\\\/realidadturistica.com\\\/realtur\\\/wp-content\\\/uploads\\\/2023\\\/09\\\/Editor_avatar_1693668634-96x96.png\",\"caption\":\"Editor\"},\"sameAs\":[\"https:\\\/\\\/realidadturistica.com\\\/realtur\"],\"url\":\"https:\\\/\\\/realidadturistica.com\\\/realtur\\\/author\\\/editor2\\\/\"}]}<\/script>\n<!-- \/ Yoast SEO Premium plugin. -->","yoast_head_json":{"title":"Iberojet se lanza de lleno a la competencia con World2fly en la ruta Madrid \u2013 Cali - Realidad Tur\u00edstica","robots":{"index":"index","follow":"follow","max-snippet":"max-snippet:-1","max-image-preview":"max-image-preview:large","max-video-preview":"max-video-preview:-1"},"canonical":"https:\/\/realidadturistica.com\/realtur\/iberojet-se-lanza-de-lleno-a-la-competencia-con-world2fly-en-la-ruta-madrid-cali\/","og_locale":"es_ES","og_type":"article","og_title":"Iberojet se lanza de lleno a la competencia con World2fly en la ruta Madrid \u2013 Cali","og_description":"La aerol\u00ednea de \u00c1voris Corporaci\u00f3n Empresarial, Iberojet, se lanza de lleno a la competencia directa con World2fly, compa\u00f1\u00eda a\u00e9rea de World2Meet (Grupo Iberostar). Poco m\u00e1s&hellip;","og_url":"https:\/\/realidadturistica.com\/realtur\/iberojet-se-lanza-de-lleno-a-la-competencia-con-world2fly-en-la-ruta-madrid-cali\/","og_site_name":"Realidad Tur\u00edstica","article_publisher":"https:\/\/www.facebook.com\/realidadturistica","article_published_time":"2024-07-03T13:19:36+00:00","article_modified_time":"2024-07-03T13:19:42+00:00","og_image":[{"width":732,"height":400,"url":"https:\/\/realidadturistica.com\/realtur\/wp-content\/uploads\/2024\/07\/Iberojet-se-lanza.jpg","type":"image\/jpeg"}],"author":"Editor","twitter_card":"summary_large_image","twitter_misc":{"Escrito por":"Editor","Tiempo de lectura":"2 minutos"},"schema":{"@context":"https:\/\/schema.org","@graph":[{"@type":"Article","@id":"https:\/\/realidadturistica.com\/realtur\/iberojet-se-lanza-de-lleno-a-la-competencia-con-world2fly-en-la-ruta-madrid-cali\/#article","isPartOf":{"@id":"https:\/\/realidadturistica.com\/realtur\/iberojet-se-lanza-de-lleno-a-la-competencia-con-world2fly-en-la-ruta-madrid-cali\/"},"author":{"name":"Editor","@id":"https:\/\/realidadturistica.com\/realtur\/#\/schema\/person\/ade671191202490fcf08ab21590de73e"},"headline":"Iberojet se lanza de lleno a la competencia con World2fly en la ruta Madrid \u2013 Cali","datePublished":"2024-07-03T13:19:36+00:00","dateModified":"2024-07-03T13:19:42+00:00","mainEntityOfPage":{"@id":"https:\/\/realidadturistica.com\/realtur\/iberojet-se-lanza-de-lleno-a-la-competencia-con-world2fly-en-la-ruta-madrid-cali\/"},"wordCount":364,"commentCount":0,"publisher":{"@id":"https:\/\/realidadturistica.com\/realtur\/#organization"},"image":{"@id":"https:\/\/realidadturistica.com\/realtur\/iberojet-se-lanza-de-lleno-a-la-competencia-con-world2fly-en-la-ruta-madrid-cali\/#primaryimage"},"thumbnailUrl":"https:\/\/realidadturistica.com\/realtur\/wp-content\/uploads\/2024\/07\/Iberojet-se-lanza.jpg","articleSection":["Volar con pasi\u00f3n"],"inLanguage":"es","potentialAction":[{"@type":"CommentAction","name":"Comment","target":["https:\/\/realidadturistica.com\/realtur\/iberojet-se-lanza-de-lleno-a-la-competencia-con-world2fly-en-la-ruta-madrid-cali\/#respond"]}]},{"@type":"WebPage","@id":"https:\/\/realidadturistica.com\/realtur\/iberojet-se-lanza-de-lleno-a-la-competencia-con-world2fly-en-la-ruta-madrid-cali\/","url":"https:\/\/realidadturistica.com\/realtur\/iberojet-se-lanza-de-lleno-a-la-competencia-con-world2fly-en-la-ruta-madrid-cali\/","name":"Iberojet se lanza de lleno a la competencia con World2fly en la ruta Madrid \u2013 Cali - Realidad Tur\u00edstica","isPartOf":{"@id":"https:\/\/realidadturistica.com\/realtur\/#website"},"primaryImageOfPage":{"@id":"https:\/\/realidadturistica.com\/realtur\/iberojet-se-lanza-de-lleno-a-la-competencia-con-world2fly-en-la-ruta-madrid-cali\/#primaryimage"},"image":{"@id":"https:\/\/realidadturistica.com\/realtur\/iberojet-se-lanza-de-lleno-a-la-competencia-con-world2fly-en-la-ruta-madrid-cali\/#primaryimage"},"thumbnailUrl":"https:\/\/realidadturistica.com\/realtur\/wp-content\/uploads\/2024\/07\/Iberojet-se-lanza.jpg","datePublished":"2024-07-03T13:19:36+00:00","dateModified":"2024-07-03T13:19:42+00:00","breadcrumb":{"@id":"https:\/\/realidadturistica.com\/realtur\/iberojet-se-lanza-de-lleno-a-la-competencia-con-world2fly-en-la-ruta-madrid-cali\/#breadcrumb"},"inLanguage":"es","potentialAction":[{"@type":"ReadAction","target":["https:\/\/realidadturistica.com\/realtur\/iberojet-se-lanza-de-lleno-a-la-competencia-con-world2fly-en-la-ruta-madrid-cali\/"]}]},{"@type":"ImageObject","inLanguage":"es","@id":"https:\/\/realidadturistica.com\/realtur\/iberojet-se-lanza-de-lleno-a-la-competencia-con-world2fly-en-la-ruta-madrid-cali\/#primaryimage","url":"https:\/\/realidadturistica.com\/realtur\/wp-content\/uploads\/2024\/07\/Iberojet-se-lanza.jpg","contentUrl":"https:\/\/realidadturistica.com\/realtur\/wp-content\/uploads\/2024\/07\/Iberojet-se-lanza.jpg","width":732,"height":400},{"@type":"BreadcrumbList","@id":"https:\/\/realidadturistica.com\/realtur\/iberojet-se-lanza-de-lleno-a-la-competencia-con-world2fly-en-la-ruta-madrid-cali\/#breadcrumb","itemListElement":[{"@type":"ListItem","position":1,"name":"Portada","item":"https:\/\/realidadturistica.com\/realtur\/"},{"@type":"ListItem","position":2,"name":"Iberojet se lanza de lleno a la competencia con World2fly en la ruta Madrid \u2013 Cali"}]},{"@type":"WebSite","@id":"https:\/\/realidadturistica.com\/realtur\/#website","url":"https:\/\/realidadturistica.com\/realtur\/","name":"Realidad Tur\u00edstica","description":"","publisher":{"@id":"https:\/\/realidadturistica.com\/realtur\/#organization"},"potentialAction":[{"@type":"SearchAction","target":{"@type":"EntryPoint","urlTemplate":"https:\/\/realidadturistica.com\/realtur\/?s={search_term_string}"},"query-input":{"@type":"PropertyValueSpecification","valueRequired":true,"valueName":"search_term_string"}}],"inLanguage":"es"},{"@type":"Organization","@id":"https:\/\/realidadturistica.com\/realtur\/#organization","name":"Realidad Tur\u00edstica","url":"https:\/\/realidadturistica.com\/realtur\/","logo":{"@type":"ImageObject","inLanguage":"es","@id":"https:\/\/realidadturistica.com\/realtur\/#\/schema\/logo\/image\/","url":"https:\/\/realidadturistica.com\/realtur\/wp-content\/uploads\/2021\/12\/logotipo-realidad-turistica.png","contentUrl":"https:\/\/realidadturistica.com\/realtur\/wp-content\/uploads\/2021\/12\/logotipo-realidad-turistica.png","width":1382,"height":629,"caption":"Realidad Tur\u00edstica"},"image":{"@id":"https:\/\/realidadturistica.com\/realtur\/#\/schema\/logo\/image\/"},"sameAs":["https:\/\/www.facebook.com\/realidadturistica","https:\/\/www.instagram.com\/realidad_turistica\/"]},{"@type":"Person","@id":"https:\/\/realidadturistica.com\/realtur\/#\/schema\/person\/ade671191202490fcf08ab21590de73e","name":"Editor","image":{"@type":"ImageObject","inLanguage":"es","@id":"https:\/\/realidadturistica.com\/realtur\/wp-content\/uploads\/2023\/09\/Editor_avatar_1693668634-96x96.png","url":"https:\/\/realidadturistica.com\/realtur\/wp-content\/uploads\/2023\/09\/Editor_avatar_1693668634-96x96.png","contentUrl":"https:\/\/realidadturistica.com\/realtur\/wp-content\/uploads\/2023\/09\/Editor_avatar_1693668634-96x96.png","caption":"Editor"},"sameAs":["https:\/\/realidadturistica.com\/realtur"],"url":"https:\/\/realidadturistica.com\/realtur\/author\/editor2\/"}]}},"_links":{"self":[{"href":"https:\/\/realidadturistica.com\/realtur\/wp-json\/wp\/v2\/posts\/7641","targetHints":{"allow":["GET"]}}],"collection":[{"href":"https:\/\/realidadturistica.com\/realtur\/wp-json\/wp\/v2\/posts"}],"about":[{"href":"https:\/\/realidadturistica.com\/realtur\/wp-json\/wp\/v2\/types\/post"}],"author":[{"embeddable":true,"href":"https:\/\/realidadturistica.com\/realtur\/wp-json\/wp\/v2\/users\/2"}],"replies":[{"embeddable":true,"href":"https:\/\/realidadturistica.com\/realtur\/wp-json\/wp\/v2\/comments?post=7641"}],"version-history":[{"count":1,"href":"https:\/\/realidadturistica.com\/realtur\/wp-json\/wp\/v2\/posts\/7641\/revisions"}],"predecessor-version":[{"id":7643,"href":"https:\/\/realidadturistica.com\/realtur\/wp-json\/wp\/v2\/posts\/7641\/revisions\/7643"}],"wp:featuredmedia":[{"embeddable":true,"href":"https:\/\/realidadturistica.com\/realtur\/wp-json\/wp\/v2\/media\/7642"}],"wp:attachment":[{"href":"https:\/\/realidadturistica.com\/realtur\/wp-json\/wp\/v2\/media?parent=7641"}],"wp:term":[{"taxonomy":"category","embeddable":true,"href":"https:\/\/realidadturistica.com\/realtur\/wp-json\/wp\/v2\/categories?post=7641"},{"taxonomy":"post_tag","embeddable":true,"href":"https:\/\/realidadturistica.com\/realtur\/wp-json\/wp\/v2\/tags?post=7641"}],"curies":[{"name":"wp","href":"https:\/\/api.w.org\/{rel}","templated":true}]}}