{"id":7668,"date":"2024-07-11T04:13:02","date_gmt":"2024-07-11T04:13:02","guid":{"rendered":"https:\/\/realidadturistica.com\/realtur\/?p=7668"},"modified":"2024-07-11T04:13:05","modified_gmt":"2024-07-11T04:13:05","slug":"viajes-el-corte-ingles-y-liverpool-celebran-20-anos-de-alianza","status":"publish","type":"post","link":"https:\/\/realidadturistica.com\/realtur\/viajes-el-corte-ingles-y-liverpool-celebran-20-anos-de-alianza\/","title":{"rendered":"Viajes El Corte Ingl\u00e9s y Liverpool celebran 20 a\u00f1os de alianza"},"content":{"rendered":"\n<p class=\"wp-block-yoast-seo-estimated-reading-time yoast-reading-time__wrapper\"><span class=\"yoast-reading-time__icon\"><svg aria-hidden=\"true\" focusable=\"false\" data-icon=\"clock\" width=\"20\" height=\"20\" fill=\"none\" stroke=\"currentColor\" style=\"display:inline-block;vertical-align:-0.1em\" role=\"img\" xmlns=\"http:\/\/www.w3.org\/2000\/svg\" viewBox=\"0 0 24 24\"><path stroke-linecap=\"round\" stroke-linejoin=\"round\" stroke-width=\"2\" d=\"M12 8v4l3 3m6-3a9 9 0 11-18 0 9 9 0 0118 0z\"><\/path><\/svg><\/span><span class=\"yoast-reading-time__spacer\" style=\"display:inline-block;width:1em\"><\/span><span class=\"yoast-reading-time__descriptive-text\">Estimated reading time: <\/span><span class=\"yoast-reading-time__reading-time\">2<\/span><span class=\"yoast-reading-time__time-unit\"> minutos<\/span><\/p>\n\n\n\n<p>M\u00e9xico. Viajes El Corte Ingl\u00e9s, la empresa espa\u00f1ola l\u00edder en servicios tur\u00edsticos y Liverpool, la cadena de almacenes m\u00e1s grande de M\u00e9xico, celebraron el 20 aniversario de su exitosa alianza. A lo largo de estos a\u00f1os, su colaboraci\u00f3n les ha permitido ofrecer a sus clientes una amplia gama de opciones de viaje con la calidad y el respaldo de ambas marcas Para conmemorar este hito, ambas empresas organizaron un evento especial en la terraza de Liverpool Insurgentes, al que asistieron directivos de ambas empresas, as\u00ed como personalidades del \u00e1mbito diplom\u00e1tico, cultural, empresarial, autoridades mexicanas y espa\u00f1olas, as\u00ed como medios de comunicaci\u00f3n.<\/p>\n\n\n\n<p>Durante el c\u00f3ctel, Carlos Mar\u00edn, Director General de Liverpool ratific\u00f3 la alianza entre ambas compa\u00f1\u00edas y destac\u00f3 la importancia de tener en su portafolio un servicio tan relevante como el de viajes, lo que permite a sus clientes encontrar todo lo que buscan en un solo lugar. Asimismo, subray\u00f3 la importancia de contar con un aliado que comparte los mismos valores y compromisos de servicio, excelencia y calidad.<\/p>\n\n\n\n<p>\u201cDurante estos 20 a\u00f1os juntos, El Corte Ingl\u00e9s ha sido un gran aliado para Liverpool. Nuestro compromiso en conjunto siempre va a ser ofrecer la m\u00e1s alta calidad en experiencias tur\u00edsticas a las personas, en lugares donde puedan crear grandes experiencias y as\u00ed, podamos ser parte de sus vidas\u201d, coment\u00f3.<\/p>\n\n\n\n<p>Por su parte, Jenny Zapata, vicepresidenta de Am\u00e9ricas para Grupo Viajes El Corte Ingl\u00e9s, tambi\u00e9n ofreci\u00f3 unas palabras en las que reforz\u00f3 la importancia del mercado mexicano dentro de la estrategia de expansi\u00f3n e internacionalizaci\u00f3n del Grupo. Mencion\u00f3 que M\u00e9xico es el mercado m\u00e1s importante para Viajes El Corte Ingl\u00e9s en Am\u00e9rica y que se sienten honrados de llegar a los mexicanos de la mano de un aliado como Liverpool.<\/p>\n\n\n\n<p>Resalt\u00f3 que son expertos en viajes, ofreciendo productos nacionales como playas y cruceros, siendo adem\u00e1s distribuidores selectos de Disney. Invit\u00f3 a los clientes a conocer su amplia oferta de productos y servicios, haciendo hincapi\u00e9 en destinos europeos, cruceros, grandes viajes y playas.<\/p>\n\n\n\n<p>Con esta celebraci\u00f3n, Viajes El Corte Ingl\u00e9s y Liverpool buscan reforzar su posicionamiento en el mercado mexicano, as\u00ed como fidelizar y captar nuevos clientes, destacando los beneficios, la experiencia y la confianza que ofrecen al p\u00fablico. Finalmente, esta ocasi\u00f3n fue una oportunidad para celebrar los lazos culturales y comerciales entre M\u00e9xico y Espa\u00f1a.<\/p>\n\n\n\n<p>Fuente: Inversi\u00f3n Tur\u00edstica.<\/p>\n","protected":false},"excerpt":{"rendered":"<p>M\u00e9xico. Viajes El Corte Ingl\u00e9s, la empresa espa\u00f1ola l\u00edder en servicios tur\u00edsticos y Liverpool, la cadena de almacenes m\u00e1s grande de M\u00e9xico, celebraron el 20&hellip;<\/p>\n","protected":false},"author":2,"featured_media":7669,"comment_status":"open","ping_status":"closed","sticky":false,"template":"","format":"standard","meta":{"content-type":"","_lmt_disableupdate":"","_lmt_disable":"","footnotes":""},"categories":[6],"tags":[],"class_list":["post-7668","post","type-post","status-publish","format-standard","has-post-thumbnail","hentry","category-turismo"],"yoast_head":"<!-- This site is optimized with the Yoast SEO Premium plugin v27.4 (Yoast SEO v27.5) - https:\/\/yoast.com\/product\/yoast-seo-premium-wordpress\/ -->\n<title>Viajes El Corte Ingl\u00e9s y Liverpool celebran 20 a\u00f1os de alianza - Realidad Tur\u00edstica<\/title>\n<meta name=\"robots\" content=\"index, follow, max-snippet:-1, max-image-preview:large, max-video-preview:-1\" \/>\n<link rel=\"canonical\" href=\"https:\/\/realidadturistica.com\/realtur\/viajes-el-corte-ingles-y-liverpool-celebran-20-anos-de-alianza\/\" \/>\n<meta property=\"og:locale\" content=\"es_ES\" \/>\n<meta property=\"og:type\" content=\"article\" \/>\n<meta property=\"og:title\" content=\"Viajes El Corte Ingl\u00e9s y Liverpool celebran 20 a\u00f1os de alianza\" \/>\n<meta property=\"og:description\" content=\"M\u00e9xico. Viajes El Corte Ingl\u00e9s, la empresa espa\u00f1ola l\u00edder en servicios tur\u00edsticos y Liverpool, la cadena de almacenes m\u00e1s grande de M\u00e9xico, celebraron el 20&hellip;\" \/>\n<meta property=\"og:url\" content=\"https:\/\/realidadturistica.com\/realtur\/viajes-el-corte-ingles-y-liverpool-celebran-20-anos-de-alianza\/\" \/>\n<meta property=\"og:site_name\" content=\"Realidad Tur\u00edstica\" \/>\n<meta property=\"article:publisher\" content=\"https:\/\/www.facebook.com\/realidadturistica\" \/>\n<meta property=\"article:published_time\" content=\"2024-07-11T04:13:02+00:00\" \/>\n<meta property=\"article:modified_time\" content=\"2024-07-11T04:13:05+00:00\" \/>\n<meta property=\"og:image\" content=\"https:\/\/realidadturistica.com\/realtur\/wp-content\/uploads\/2024\/07\/Viajes-El-Corte.webp\" \/>\n\t<meta property=\"og:image:width\" content=\"800\" \/>\n\t<meta property=\"og:image:height\" content=\"533\" \/>\n\t<meta property=\"og:image:type\" content=\"image\/webp\" \/>\n<meta name=\"author\" content=\"Editor\" \/>\n<meta name=\"twitter:card\" content=\"summary_large_image\" \/>\n<meta name=\"twitter:label1\" content=\"Escrito por\" \/>\n\t<meta name=\"twitter:data1\" content=\"Editor\" \/>\n\t<meta name=\"twitter:label2\" content=\"Tiempo de lectura\" \/>\n\t<meta name=\"twitter:data2\" content=\"2 minutos\" \/>\n<script type=\"application\/ld+json\" class=\"yoast-schema-graph\">{\"@context\":\"https:\\\/\\\/schema.org\",\"@graph\":[{\"@type\":\"Article\",\"@id\":\"https:\\\/\\\/realidadturistica.com\\\/realtur\\\/viajes-el-corte-ingles-y-liverpool-celebran-20-anos-de-alianza\\\/#article\",\"isPartOf\":{\"@id\":\"https:\\\/\\\/realidadturistica.com\\\/realtur\\\/viajes-el-corte-ingles-y-liverpool-celebran-20-anos-de-alianza\\\/\"},\"author\":{\"name\":\"Editor\",\"@id\":\"https:\\\/\\\/realidadturistica.com\\\/realtur\\\/#\\\/schema\\\/person\\\/ade671191202490fcf08ab21590de73e\"},\"headline\":\"Viajes El Corte Ingl\u00e9s y Liverpool celebran 20 a\u00f1os de alianza\",\"datePublished\":\"2024-07-11T04:13:02+00:00\",\"dateModified\":\"2024-07-11T04:13:05+00:00\",\"mainEntityOfPage\":{\"@id\":\"https:\\\/\\\/realidadturistica.com\\\/realtur\\\/viajes-el-corte-ingles-y-liverpool-celebran-20-anos-de-alianza\\\/\"},\"wordCount\":438,\"commentCount\":0,\"publisher\":{\"@id\":\"https:\\\/\\\/realidadturistica.com\\\/realtur\\\/#organization\"},\"image\":{\"@id\":\"https:\\\/\\\/realidadturistica.com\\\/realtur\\\/viajes-el-corte-ingles-y-liverpool-celebran-20-anos-de-alianza\\\/#primaryimage\"},\"thumbnailUrl\":\"https:\\\/\\\/realidadturistica.com\\\/realtur\\\/wp-content\\\/uploads\\\/2024\\\/07\\\/Viajes-El-Corte.webp\",\"articleSection\":[\"Turismo\"],\"inLanguage\":\"es\",\"potentialAction\":[{\"@type\":\"CommentAction\",\"name\":\"Comment\",\"target\":[\"https:\\\/\\\/realidadturistica.com\\\/realtur\\\/viajes-el-corte-ingles-y-liverpool-celebran-20-anos-de-alianza\\\/#respond\"]}]},{\"@type\":\"WebPage\",\"@id\":\"https:\\\/\\\/realidadturistica.com\\\/realtur\\\/viajes-el-corte-ingles-y-liverpool-celebran-20-anos-de-alianza\\\/\",\"url\":\"https:\\\/\\\/realidadturistica.com\\\/realtur\\\/viajes-el-corte-ingles-y-liverpool-celebran-20-anos-de-alianza\\\/\",\"name\":\"Viajes El Corte Ingl\u00e9s y Liverpool celebran 20 a\u00f1os de alianza - Realidad Tur\u00edstica\",\"isPartOf\":{\"@id\":\"https:\\\/\\\/realidadturistica.com\\\/realtur\\\/#website\"},\"primaryImageOfPage\":{\"@id\":\"https:\\\/\\\/realidadturistica.com\\\/realtur\\\/viajes-el-corte-ingles-y-liverpool-celebran-20-anos-de-alianza\\\/#primaryimage\"},\"image\":{\"@id\":\"https:\\\/\\\/realidadturistica.com\\\/realtur\\\/viajes-el-corte-ingles-y-liverpool-celebran-20-anos-de-alianza\\\/#primaryimage\"},\"thumbnailUrl\":\"https:\\\/\\\/realidadturistica.com\\\/realtur\\\/wp-content\\\/uploads\\\/2024\\\/07\\\/Viajes-El-Corte.webp\",\"datePublished\":\"2024-07-11T04:13:02+00:00\",\"dateModified\":\"2024-07-11T04:13:05+00:00\",\"breadcrumb\":{\"@id\":\"https:\\\/\\\/realidadturistica.com\\\/realtur\\\/viajes-el-corte-ingles-y-liverpool-celebran-20-anos-de-alianza\\\/#breadcrumb\"},\"inLanguage\":\"es\",\"potentialAction\":[{\"@type\":\"ReadAction\",\"target\":[\"https:\\\/\\\/realidadturistica.com\\\/realtur\\\/viajes-el-corte-ingles-y-liverpool-celebran-20-anos-de-alianza\\\/\"]}]},{\"@type\":\"ImageObject\",\"inLanguage\":\"es\",\"@id\":\"https:\\\/\\\/realidadturistica.com\\\/realtur\\\/viajes-el-corte-ingles-y-liverpool-celebran-20-anos-de-alianza\\\/#primaryimage\",\"url\":\"https:\\\/\\\/realidadturistica.com\\\/realtur\\\/wp-content\\\/uploads\\\/2024\\\/07\\\/Viajes-El-Corte.webp\",\"contentUrl\":\"https:\\\/\\\/realidadturistica.com\\\/realtur\\\/wp-content\\\/uploads\\\/2024\\\/07\\\/Viajes-El-Corte.webp\",\"width\":800,\"height\":533},{\"@type\":\"BreadcrumbList\",\"@id\":\"https:\\\/\\\/realidadturistica.com\\\/realtur\\\/viajes-el-corte-ingles-y-liverpool-celebran-20-anos-de-alianza\\\/#breadcrumb\",\"itemListElement\":[{\"@type\":\"ListItem\",\"position\":1,\"name\":\"Portada\",\"item\":\"https:\\\/\\\/realidadturistica.com\\\/realtur\\\/\"},{\"@type\":\"ListItem\",\"position\":2,\"name\":\"Viajes El Corte Ingl\u00e9s y Liverpool celebran 20 a\u00f1os de alianza\"}]},{\"@type\":\"WebSite\",\"@id\":\"https:\\\/\\\/realidadturistica.com\\\/realtur\\\/#website\",\"url\":\"https:\\\/\\\/realidadturistica.com\\\/realtur\\\/\",\"name\":\"Realidad Tur\u00edstica\",\"description\":\"\",\"publisher\":{\"@id\":\"https:\\\/\\\/realidadturistica.com\\\/realtur\\\/#organization\"},\"potentialAction\":[{\"@type\":\"SearchAction\",\"target\":{\"@type\":\"EntryPoint\",\"urlTemplate\":\"https:\\\/\\\/realidadturistica.com\\\/realtur\\\/?s={search_term_string}\"},\"query-input\":{\"@type\":\"PropertyValueSpecification\",\"valueRequired\":true,\"valueName\":\"search_term_string\"}}],\"inLanguage\":\"es\"},{\"@type\":\"Organization\",\"@id\":\"https:\\\/\\\/realidadturistica.com\\\/realtur\\\/#organization\",\"name\":\"Realidad Tur\u00edstica\",\"url\":\"https:\\\/\\\/realidadturistica.com\\\/realtur\\\/\",\"logo\":{\"@type\":\"ImageObject\",\"inLanguage\":\"es\",\"@id\":\"https:\\\/\\\/realidadturistica.com\\\/realtur\\\/#\\\/schema\\\/logo\\\/image\\\/\",\"url\":\"https:\\\/\\\/realidadturistica.com\\\/realtur\\\/wp-content\\\/uploads\\\/2021\\\/12\\\/logotipo-realidad-turistica.png\",\"contentUrl\":\"https:\\\/\\\/realidadturistica.com\\\/realtur\\\/wp-content\\\/uploads\\\/2021\\\/12\\\/logotipo-realidad-turistica.png\",\"width\":1382,\"height\":629,\"caption\":\"Realidad Tur\u00edstica\"},\"image\":{\"@id\":\"https:\\\/\\\/realidadturistica.com\\\/realtur\\\/#\\\/schema\\\/logo\\\/image\\\/\"},\"sameAs\":[\"https:\\\/\\\/www.facebook.com\\\/realidadturistica\",\"https:\\\/\\\/www.instagram.com\\\/realidad_turistica\\\/\"]},{\"@type\":\"Person\",\"@id\":\"https:\\\/\\\/realidadturistica.com\\\/realtur\\\/#\\\/schema\\\/person\\\/ade671191202490fcf08ab21590de73e\",\"name\":\"Editor\",\"image\":{\"@type\":\"ImageObject\",\"inLanguage\":\"es\",\"@id\":\"https:\\\/\\\/realidadturistica.com\\\/realtur\\\/wp-content\\\/uploads\\\/2023\\\/09\\\/Editor_avatar_1693668634-96x96.png\",\"url\":\"https:\\\/\\\/realidadturistica.com\\\/realtur\\\/wp-content\\\/uploads\\\/2023\\\/09\\\/Editor_avatar_1693668634-96x96.png\",\"contentUrl\":\"https:\\\/\\\/realidadturistica.com\\\/realtur\\\/wp-content\\\/uploads\\\/2023\\\/09\\\/Editor_avatar_1693668634-96x96.png\",\"caption\":\"Editor\"},\"sameAs\":[\"https:\\\/\\\/realidadturistica.com\\\/realtur\"],\"url\":\"https:\\\/\\\/realidadturistica.com\\\/realtur\\\/author\\\/editor2\\\/\"}]}<\/script>\n<!-- \/ Yoast SEO Premium plugin. -->","yoast_head_json":{"title":"Viajes El Corte Ingl\u00e9s y Liverpool celebran 20 a\u00f1os de alianza - Realidad Tur\u00edstica","robots":{"index":"index","follow":"follow","max-snippet":"max-snippet:-1","max-image-preview":"max-image-preview:large","max-video-preview":"max-video-preview:-1"},"canonical":"https:\/\/realidadturistica.com\/realtur\/viajes-el-corte-ingles-y-liverpool-celebran-20-anos-de-alianza\/","og_locale":"es_ES","og_type":"article","og_title":"Viajes El Corte Ingl\u00e9s y Liverpool celebran 20 a\u00f1os de alianza","og_description":"M\u00e9xico. Viajes El Corte Ingl\u00e9s, la empresa espa\u00f1ola l\u00edder en servicios tur\u00edsticos y Liverpool, la cadena de almacenes m\u00e1s grande de M\u00e9xico, celebraron el 20&hellip;","og_url":"https:\/\/realidadturistica.com\/realtur\/viajes-el-corte-ingles-y-liverpool-celebran-20-anos-de-alianza\/","og_site_name":"Realidad Tur\u00edstica","article_publisher":"https:\/\/www.facebook.com\/realidadturistica","article_published_time":"2024-07-11T04:13:02+00:00","article_modified_time":"2024-07-11T04:13:05+00:00","og_image":[{"width":800,"height":533,"url":"https:\/\/realidadturistica.com\/realtur\/wp-content\/uploads\/2024\/07\/Viajes-El-Corte.webp","type":"image\/webp"}],"author":"Editor","twitter_card":"summary_large_image","twitter_misc":{"Escrito por":"Editor","Tiempo de lectura":"2 minutos"},"schema":{"@context":"https:\/\/schema.org","@graph":[{"@type":"Article","@id":"https:\/\/realidadturistica.com\/realtur\/viajes-el-corte-ingles-y-liverpool-celebran-20-anos-de-alianza\/#article","isPartOf":{"@id":"https:\/\/realidadturistica.com\/realtur\/viajes-el-corte-ingles-y-liverpool-celebran-20-anos-de-alianza\/"},"author":{"name":"Editor","@id":"https:\/\/realidadturistica.com\/realtur\/#\/schema\/person\/ade671191202490fcf08ab21590de73e"},"headline":"Viajes El Corte Ingl\u00e9s y Liverpool celebran 20 a\u00f1os de alianza","datePublished":"2024-07-11T04:13:02+00:00","dateModified":"2024-07-11T04:13:05+00:00","mainEntityOfPage":{"@id":"https:\/\/realidadturistica.com\/realtur\/viajes-el-corte-ingles-y-liverpool-celebran-20-anos-de-alianza\/"},"wordCount":438,"commentCount":0,"publisher":{"@id":"https:\/\/realidadturistica.com\/realtur\/#organization"},"image":{"@id":"https:\/\/realidadturistica.com\/realtur\/viajes-el-corte-ingles-y-liverpool-celebran-20-anos-de-alianza\/#primaryimage"},"thumbnailUrl":"https:\/\/realidadturistica.com\/realtur\/wp-content\/uploads\/2024\/07\/Viajes-El-Corte.webp","articleSection":["Turismo"],"inLanguage":"es","potentialAction":[{"@type":"CommentAction","name":"Comment","target":["https:\/\/realidadturistica.com\/realtur\/viajes-el-corte-ingles-y-liverpool-celebran-20-anos-de-alianza\/#respond"]}]},{"@type":"WebPage","@id":"https:\/\/realidadturistica.com\/realtur\/viajes-el-corte-ingles-y-liverpool-celebran-20-anos-de-alianza\/","url":"https:\/\/realidadturistica.com\/realtur\/viajes-el-corte-ingles-y-liverpool-celebran-20-anos-de-alianza\/","name":"Viajes El Corte Ingl\u00e9s y Liverpool celebran 20 a\u00f1os de alianza - Realidad Tur\u00edstica","isPartOf":{"@id":"https:\/\/realidadturistica.com\/realtur\/#website"},"primaryImageOfPage":{"@id":"https:\/\/realidadturistica.com\/realtur\/viajes-el-corte-ingles-y-liverpool-celebran-20-anos-de-alianza\/#primaryimage"},"image":{"@id":"https:\/\/realidadturistica.com\/realtur\/viajes-el-corte-ingles-y-liverpool-celebran-20-anos-de-alianza\/#primaryimage"},"thumbnailUrl":"https:\/\/realidadturistica.com\/realtur\/wp-content\/uploads\/2024\/07\/Viajes-El-Corte.webp","datePublished":"2024-07-11T04:13:02+00:00","dateModified":"2024-07-11T04:13:05+00:00","breadcrumb":{"@id":"https:\/\/realidadturistica.com\/realtur\/viajes-el-corte-ingles-y-liverpool-celebran-20-anos-de-alianza\/#breadcrumb"},"inLanguage":"es","potentialAction":[{"@type":"ReadAction","target":["https:\/\/realidadturistica.com\/realtur\/viajes-el-corte-ingles-y-liverpool-celebran-20-anos-de-alianza\/"]}]},{"@type":"ImageObject","inLanguage":"es","@id":"https:\/\/realidadturistica.com\/realtur\/viajes-el-corte-ingles-y-liverpool-celebran-20-anos-de-alianza\/#primaryimage","url":"https:\/\/realidadturistica.com\/realtur\/wp-content\/uploads\/2024\/07\/Viajes-El-Corte.webp","contentUrl":"https:\/\/realidadturistica.com\/realtur\/wp-content\/uploads\/2024\/07\/Viajes-El-Corte.webp","width":800,"height":533},{"@type":"BreadcrumbList","@id":"https:\/\/realidadturistica.com\/realtur\/viajes-el-corte-ingles-y-liverpool-celebran-20-anos-de-alianza\/#breadcrumb","itemListElement":[{"@type":"ListItem","position":1,"name":"Portada","item":"https:\/\/realidadturistica.com\/realtur\/"},{"@type":"ListItem","position":2,"name":"Viajes El Corte Ingl\u00e9s y Liverpool celebran 20 a\u00f1os de alianza"}]},{"@type":"WebSite","@id":"https:\/\/realidadturistica.com\/realtur\/#website","url":"https:\/\/realidadturistica.com\/realtur\/","name":"Realidad Tur\u00edstica","description":"","publisher":{"@id":"https:\/\/realidadturistica.com\/realtur\/#organization"},"potentialAction":[{"@type":"SearchAction","target":{"@type":"EntryPoint","urlTemplate":"https:\/\/realidadturistica.com\/realtur\/?s={search_term_string}"},"query-input":{"@type":"PropertyValueSpecification","valueRequired":true,"valueName":"search_term_string"}}],"inLanguage":"es"},{"@type":"Organization","@id":"https:\/\/realidadturistica.com\/realtur\/#organization","name":"Realidad Tur\u00edstica","url":"https:\/\/realidadturistica.com\/realtur\/","logo":{"@type":"ImageObject","inLanguage":"es","@id":"https:\/\/realidadturistica.com\/realtur\/#\/schema\/logo\/image\/","url":"https:\/\/realidadturistica.com\/realtur\/wp-content\/uploads\/2021\/12\/logotipo-realidad-turistica.png","contentUrl":"https:\/\/realidadturistica.com\/realtur\/wp-content\/uploads\/2021\/12\/logotipo-realidad-turistica.png","width":1382,"height":629,"caption":"Realidad Tur\u00edstica"},"image":{"@id":"https:\/\/realidadturistica.com\/realtur\/#\/schema\/logo\/image\/"},"sameAs":["https:\/\/www.facebook.com\/realidadturistica","https:\/\/www.instagram.com\/realidad_turistica\/"]},{"@type":"Person","@id":"https:\/\/realidadturistica.com\/realtur\/#\/schema\/person\/ade671191202490fcf08ab21590de73e","name":"Editor","image":{"@type":"ImageObject","inLanguage":"es","@id":"https:\/\/realidadturistica.com\/realtur\/wp-content\/uploads\/2023\/09\/Editor_avatar_1693668634-96x96.png","url":"https:\/\/realidadturistica.com\/realtur\/wp-content\/uploads\/2023\/09\/Editor_avatar_1693668634-96x96.png","contentUrl":"https:\/\/realidadturistica.com\/realtur\/wp-content\/uploads\/2023\/09\/Editor_avatar_1693668634-96x96.png","caption":"Editor"},"sameAs":["https:\/\/realidadturistica.com\/realtur"],"url":"https:\/\/realidadturistica.com\/realtur\/author\/editor2\/"}]}},"_links":{"self":[{"href":"https:\/\/realidadturistica.com\/realtur\/wp-json\/wp\/v2\/posts\/7668","targetHints":{"allow":["GET"]}}],"collection":[{"href":"https:\/\/realidadturistica.com\/realtur\/wp-json\/wp\/v2\/posts"}],"about":[{"href":"https:\/\/realidadturistica.com\/realtur\/wp-json\/wp\/v2\/types\/post"}],"author":[{"embeddable":true,"href":"https:\/\/realidadturistica.com\/realtur\/wp-json\/wp\/v2\/users\/2"}],"replies":[{"embeddable":true,"href":"https:\/\/realidadturistica.com\/realtur\/wp-json\/wp\/v2\/comments?post=7668"}],"version-history":[{"count":1,"href":"https:\/\/realidadturistica.com\/realtur\/wp-json\/wp\/v2\/posts\/7668\/revisions"}],"predecessor-version":[{"id":7670,"href":"https:\/\/realidadturistica.com\/realtur\/wp-json\/wp\/v2\/posts\/7668\/revisions\/7670"}],"wp:featuredmedia":[{"embeddable":true,"href":"https:\/\/realidadturistica.com\/realtur\/wp-json\/wp\/v2\/media\/7669"}],"wp:attachment":[{"href":"https:\/\/realidadturistica.com\/realtur\/wp-json\/wp\/v2\/media?parent=7668"}],"wp:term":[{"taxonomy":"category","embeddable":true,"href":"https:\/\/realidadturistica.com\/realtur\/wp-json\/wp\/v2\/categories?post=7668"},{"taxonomy":"post_tag","embeddable":true,"href":"https:\/\/realidadturistica.com\/realtur\/wp-json\/wp\/v2\/tags?post=7668"}],"curies":[{"name":"wp","href":"https:\/\/api.w.org\/{rel}","templated":true}]}}