{"id":7724,"date":"2024-07-25T06:00:21","date_gmt":"2024-07-25T06:00:21","guid":{"rendered":"https:\/\/realidadturistica.com\/realtur\/?p=7724"},"modified":"2024-07-25T06:03:39","modified_gmt":"2024-07-25T06:03:39","slug":"emocionante-encuentro-en-madrid-celebridades-participantes-en-el-reality-show-mi-primera-vez-se-reunen-con-sus-seguidores","status":"publish","type":"post","link":"https:\/\/realidadturistica.com\/realtur\/emocionante-encuentro-en-madrid-celebridades-participantes-en-el-reality-show-mi-primera-vez-se-reunen-con-sus-seguidores\/","title":{"rendered":"Emocionante encuentro en Madrid: Celebridades participantes en el Reality Show \u201c Mi Primera Vez\u201d se re\u00fanen con sus seguidores"},"content":{"rendered":"\n<p class=\"wp-block-yoast-seo-estimated-reading-time yoast-reading-time__wrapper\"><span class=\"yoast-reading-time__icon\"><svg aria-hidden=\"true\" focusable=\"false\" data-icon=\"clock\" width=\"20\" height=\"20\" fill=\"none\" stroke=\"currentColor\" style=\"display:inline-block;vertical-align:-0.1em\" role=\"img\" xmlns=\"http:\/\/www.w3.org\/2000\/svg\" viewBox=\"0 0 24 24\"><path stroke-linecap=\"round\" stroke-linejoin=\"round\" stroke-width=\"2\" d=\"M12 8v4l3 3m6-3a9 9 0 11-18 0 9 9 0 0118 0z\"><\/path><\/svg><\/span><span class=\"yoast-reading-time__spacer\" style=\"display:inline-block;width:1em\"><\/span><span class=\"yoast-reading-time__descriptive-text\">Estimated reading time: <\/span><span class=\"yoast-reading-time__reading-time\">3<\/span><span class=\"yoast-reading-time__time-unit\"> minutos<\/span><\/p>\n\n\n\n<p>Madrid,&nbsp; 24\/72024. Ayer, algunas de las celebridades&nbsp; participantes en el&nbsp; esperado reality show se reunieron en Madrid en v\u00edsperas de la salida del primer grupo de viaje.<\/p>\n\n\n\n<p>Este emocionante encuentro fue una oportunidad \u00fanica para que los seguidores del programa compartieran tiempo con los concursantes antes de embarcarse en la aventura.<\/p>\n\n\n\n<p>\u00a0El reality show, una innovadora iniciativa de <a href=\"https:\/\/www.enjoytravelgroup.com\/\u00e7\">Enjoy Travel Group<\/a> y Jazz Vil\u00e1, tiene como objetivo descubrir Cuba desde una perspectiva completamente nueva.<\/p>\n\n\n\n<p>Las celebridades participantes y seguidores tendr\u00e1n la oportunidad de sumergirse en la rica cultura y tradiciones de la isla, explorando sus rincones menos conocidos y viviendo experiencias aut\u00e9nticas.<\/p>\n\n\n\n<figure class=\"wp-block-gallery has-nested-images columns-default is-cropped wp-block-gallery-1 is-layout-flex wp-block-gallery-is-layout-flex\">\n<figure class=\"wp-block-image size-large\"><img fetchpriority=\"high\" decoding=\"async\" width=\"1024\" height=\"571\" data-id=\"7726\" src=\"https:\/\/realidadturistica.com\/realtur\/wp-content\/uploads\/2024\/07\/IMG-20240724-WA0006-1024x571.jpg\" alt=\"\" class=\"wp-image-7726\" srcset=\"https:\/\/realidadturistica.com\/realtur\/wp-content\/uploads\/2024\/07\/IMG-20240724-WA0006-1024x571.jpg 1024w, https:\/\/realidadturistica.com\/realtur\/wp-content\/uploads\/2024\/07\/IMG-20240724-WA0006-300x167.jpg 300w, https:\/\/realidadturistica.com\/realtur\/wp-content\/uploads\/2024\/07\/IMG-20240724-WA0006-768x428.jpg 768w, https:\/\/realidadturistica.com\/realtur\/wp-content\/uploads\/2024\/07\/IMG-20240724-WA0006-585x326.jpg 585w, https:\/\/realidadturistica.com\/realtur\/wp-content\/uploads\/2024\/07\/IMG-20240724-WA0006.jpg 1170w\" sizes=\"(max-width: 1024px) 100vw, 1024px\" \/><\/figure>\n\n\n\n<figure class=\"wp-block-image size-large\"><img decoding=\"async\" width=\"1024\" height=\"569\" data-id=\"7727\" src=\"https:\/\/realidadturistica.com\/realtur\/wp-content\/uploads\/2024\/07\/IMG-20240724-WA0007-1024x569.jpg\" alt=\"\" class=\"wp-image-7727\" srcset=\"https:\/\/realidadturistica.com\/realtur\/wp-content\/uploads\/2024\/07\/IMG-20240724-WA0007-1024x569.jpg 1024w, https:\/\/realidadturistica.com\/realtur\/wp-content\/uploads\/2024\/07\/IMG-20240724-WA0007-300x167.jpg 300w, https:\/\/realidadturistica.com\/realtur\/wp-content\/uploads\/2024\/07\/IMG-20240724-WA0007-768x427.jpg 768w, https:\/\/realidadturistica.com\/realtur\/wp-content\/uploads\/2024\/07\/IMG-20240724-WA0007-585x325.jpg 585w, https:\/\/realidadturistica.com\/realtur\/wp-content\/uploads\/2024\/07\/IMG-20240724-WA0007.jpg 1170w\" sizes=\"(max-width: 1024px) 100vw, 1024px\" \/><\/figure>\n\n\n\n<figure class=\"wp-block-image size-large\"><img decoding=\"async\" width=\"1024\" height=\"688\" data-id=\"7728\" src=\"https:\/\/realidadturistica.com\/realtur\/wp-content\/uploads\/2024\/07\/IMG-20240724-WA0008-1024x688.jpg\" alt=\"\" class=\"wp-image-7728\" srcset=\"https:\/\/realidadturistica.com\/realtur\/wp-content\/uploads\/2024\/07\/IMG-20240724-WA0008-1024x688.jpg 1024w, https:\/\/realidadturistica.com\/realtur\/wp-content\/uploads\/2024\/07\/IMG-20240724-WA0008-300x202.jpg 300w, https:\/\/realidadturistica.com\/realtur\/wp-content\/uploads\/2024\/07\/IMG-20240724-WA0008-768x516.jpg 768w, https:\/\/realidadturistica.com\/realtur\/wp-content\/uploads\/2024\/07\/IMG-20240724-WA0008-1170x787.jpg 1170w, https:\/\/realidadturistica.com\/realtur\/wp-content\/uploads\/2024\/07\/IMG-20240724-WA0008-585x393.jpg 585w, https:\/\/realidadturistica.com\/realtur\/wp-content\/uploads\/2024\/07\/IMG-20240724-WA0008.jpg 1172w\" sizes=\"(max-width: 1024px) 100vw, 1024px\" \/><\/figure>\n<\/figure>\n\n\n\n<p>&nbsp;Este encuentro en Madrid no solo marc\u00f3 el inicio de la aventura, sino que tambi\u00e9n permiti\u00f3 a los seguidores conocer de cerca a los concursantes, intercambiar historias y expectativas, y formar parte activa de esta emocionante experiencia.&nbsp;<\/p>\n\n\n\n<p><a href=\"https:\/\/www.enjoytravelgroup.com\/\">Enjoy Travel Group <\/a>y Jazz Vil\u00e1 han puesto un gran esfuerzo en la organizaci\u00f3n de este reality show, asegurando que cada detalle est\u00e9 pensado para ofrecer una experiencia inolvidable.<\/p>\n\n\n\n<p>Con esta iniciativa, buscan destacar la autenticidad y el encanto de Cuba, promoviendo un turismo m\u00e1s consciente y respetuoso con la cultura local.<\/p>\n\n\n\n<p>La aventura ser\u00e1 protagonizada por invitados estelares del imaginario espa\u00f1ol como Naomi Asensi (La isla de las tentaciones, Gran Hermano) Eduardo Navarrete (Maestros de la costura \/ Master Chef Celebrity) Sensillo (Got Talent \/ Idol Kids), Carmen Alcayde (Aqu\u00ed hay tomate \/ Gran Hermano VIP \/ S\u00e1lvame), entre otras estrellas que se ir\u00e1n desvelando en el sitio web: https:\/\/www.enjoytravelgroup.com\/offers\/mi-primera-vez donde se podr\u00e1 seguir esta experiencia.<\/p>\n\n\n\n<p>Disfruta de beneficios exclusivos y acompa\u00f1a a tus \u00eddolos<\/p>\n\n\n\n<p>La gran novedad de este formato es que todos los interesados podr\u00e1n acompa\u00f1ar a sus \u00eddolos en el viaje uni\u00e9ndose a la aventura a trav\u00e9s de <a href=\"https:\/\/www.enjoytravelgroup.com\/offers\/mi-primera-vez,\">https:\/\/www.enjoytravelgroup.com\/offers\/mi-primera-vez,<\/a> donde obtendr\u00e1n descuentos en boletos de avi\u00f3n, hospedajes y m\u00e1s sorpresas.<\/p>\n\n\n\n<figure class=\"wp-block-image size-large\"><img loading=\"lazy\" decoding=\"async\" width=\"1024\" height=\"546\" src=\"https:\/\/realidadturistica.com\/realtur\/wp-content\/uploads\/2024\/07\/Captura-de-pantalla-2024-07-03-a-las-2.55.16\u202fp.m-1024x546.png\" alt=\"\" class=\"wp-image-7729\" srcset=\"https:\/\/realidadturistica.com\/realtur\/wp-content\/uploads\/2024\/07\/Captura-de-pantalla-2024-07-03-a-las-2.55.16\u202fp.m-1024x546.png 1024w, https:\/\/realidadturistica.com\/realtur\/wp-content\/uploads\/2024\/07\/Captura-de-pantalla-2024-07-03-a-las-2.55.16\u202fp.m-300x160.png 300w, https:\/\/realidadturistica.com\/realtur\/wp-content\/uploads\/2024\/07\/Captura-de-pantalla-2024-07-03-a-las-2.55.16\u202fp.m-768x410.png 768w, https:\/\/realidadturistica.com\/realtur\/wp-content\/uploads\/2024\/07\/Captura-de-pantalla-2024-07-03-a-las-2.55.16\u202fp.m-1536x820.png 1536w, https:\/\/realidadturistica.com\/realtur\/wp-content\/uploads\/2024\/07\/Captura-de-pantalla-2024-07-03-a-las-2.55.16\u202fp.m-1170x624.png 1170w, https:\/\/realidadturistica.com\/realtur\/wp-content\/uploads\/2024\/07\/Captura-de-pantalla-2024-07-03-a-las-2.55.16\u202fp.m-585x312.png 585w, https:\/\/realidadturistica.com\/realtur\/wp-content\/uploads\/2024\/07\/Captura-de-pantalla-2024-07-03-a-las-2.55.16\u202fp.m.png 1578w\" sizes=\"(max-width: 1024px) 100vw, 1024px\" \/><\/figure>\n\n\n\n<p>Fuente: Enjoy Travel Group<\/p>\n","protected":false},"excerpt":{"rendered":"<p>Madrid,&nbsp; 24\/72024. Ayer, algunas de las celebridades&nbsp; participantes en el&nbsp; esperado reality show se reunieron en Madrid en v\u00edsperas de la salida del primer grupo&hellip;<\/p>\n","protected":false},"author":2,"featured_media":7725,"comment_status":"open","ping_status":"closed","sticky":false,"template":"","format":"standard","meta":{"content-type":"","_lmt_disableupdate":"","_lmt_disable":"","footnotes":""},"categories":[6],"tags":[],"class_list":["post-7724","post","type-post","status-publish","format-standard","has-post-thumbnail","hentry","category-turismo"],"yoast_head":"<!-- This site is optimized with the Yoast SEO Premium plugin v27.4 (Yoast SEO v27.5) - https:\/\/yoast.com\/product\/yoast-seo-premium-wordpress\/ -->\n<title>Emocionante encuentro en Madrid: Celebridades participantes en el Reality Show \u201c Mi Primera Vez\u201d se re\u00fanen con sus seguidores - Realidad Tur\u00edstica<\/title>\n<meta name=\"robots\" content=\"index, follow, max-snippet:-1, max-image-preview:large, max-video-preview:-1\" \/>\n<link rel=\"canonical\" href=\"https:\/\/realidadturistica.com\/realtur\/emocionante-encuentro-en-madrid-celebridades-participantes-en-el-reality-show-mi-primera-vez-se-reunen-con-sus-seguidores\/\" \/>\n<meta property=\"og:locale\" content=\"es_ES\" \/>\n<meta property=\"og:type\" content=\"article\" \/>\n<meta property=\"og:title\" content=\"Emocionante encuentro en Madrid: Celebridades participantes en el Reality Show \u201c Mi Primera Vez\u201d se re\u00fanen con sus seguidores\" \/>\n<meta property=\"og:description\" content=\"Madrid,&nbsp; 24\/72024. Ayer, algunas de las celebridades&nbsp; participantes en el&nbsp; esperado reality show se reunieron en Madrid en v\u00edsperas de la salida del primer grupo&hellip;\" \/>\n<meta property=\"og:url\" content=\"https:\/\/realidadturistica.com\/realtur\/emocionante-encuentro-en-madrid-celebridades-participantes-en-el-reality-show-mi-primera-vez-se-reunen-con-sus-seguidores\/\" \/>\n<meta property=\"og:site_name\" content=\"Realidad Tur\u00edstica\" \/>\n<meta property=\"article:publisher\" content=\"https:\/\/www.facebook.com\/realidadturistica\" \/>\n<meta property=\"article:published_time\" content=\"2024-07-25T06:00:21+00:00\" \/>\n<meta property=\"article:modified_time\" content=\"2024-07-25T06:03:39+00:00\" \/>\n<meta property=\"og:image\" content=\"https:\/\/realidadturistica.com\/realtur\/wp-content\/uploads\/2024\/07\/IMG-20240724-WA0005.jpg\" \/>\n\t<meta property=\"og:image:width\" content=\"1170\" \/>\n\t<meta property=\"og:image:height\" content=\"653\" \/>\n\t<meta property=\"og:image:type\" content=\"image\/jpeg\" \/>\n<meta name=\"author\" content=\"Editor\" \/>\n<meta name=\"twitter:card\" content=\"summary_large_image\" \/>\n<meta name=\"twitter:label1\" content=\"Escrito por\" \/>\n\t<meta name=\"twitter:data1\" content=\"Editor\" \/>\n\t<meta name=\"twitter:label2\" content=\"Tiempo de lectura\" \/>\n\t<meta name=\"twitter:data2\" content=\"3 minutos\" \/>\n<script type=\"application\/ld+json\" class=\"yoast-schema-graph\">{\"@context\":\"https:\\\/\\\/schema.org\",\"@graph\":[{\"@type\":\"Article\",\"@id\":\"https:\\\/\\\/realidadturistica.com\\\/realtur\\\/emocionante-encuentro-en-madrid-celebridades-participantes-en-el-reality-show-mi-primera-vez-se-reunen-con-sus-seguidores\\\/#article\",\"isPartOf\":{\"@id\":\"https:\\\/\\\/realidadturistica.com\\\/realtur\\\/emocionante-encuentro-en-madrid-celebridades-participantes-en-el-reality-show-mi-primera-vez-se-reunen-con-sus-seguidores\\\/\"},\"author\":{\"name\":\"Editor\",\"@id\":\"https:\\\/\\\/realidadturistica.com\\\/realtur\\\/#\\\/schema\\\/person\\\/ade671191202490fcf08ab21590de73e\"},\"headline\":\"Emocionante encuentro en Madrid: Celebridades participantes en el Reality Show \u201c Mi Primera Vez\u201d se re\u00fanen con sus seguidores\",\"datePublished\":\"2024-07-25T06:00:21+00:00\",\"dateModified\":\"2024-07-25T06:03:39+00:00\",\"mainEntityOfPage\":{\"@id\":\"https:\\\/\\\/realidadturistica.com\\\/realtur\\\/emocionante-encuentro-en-madrid-celebridades-participantes-en-el-reality-show-mi-primera-vez-se-reunen-con-sus-seguidores\\\/\"},\"wordCount\":357,\"commentCount\":0,\"publisher\":{\"@id\":\"https:\\\/\\\/realidadturistica.com\\\/realtur\\\/#organization\"},\"image\":{\"@id\":\"https:\\\/\\\/realidadturistica.com\\\/realtur\\\/emocionante-encuentro-en-madrid-celebridades-participantes-en-el-reality-show-mi-primera-vez-se-reunen-con-sus-seguidores\\\/#primaryimage\"},\"thumbnailUrl\":\"https:\\\/\\\/realidadturistica.com\\\/realtur\\\/wp-content\\\/uploads\\\/2024\\\/07\\\/IMG-20240724-WA0005.jpg\",\"articleSection\":[\"Turismo\"],\"inLanguage\":\"es\",\"potentialAction\":[{\"@type\":\"CommentAction\",\"name\":\"Comment\",\"target\":[\"https:\\\/\\\/realidadturistica.com\\\/realtur\\\/emocionante-encuentro-en-madrid-celebridades-participantes-en-el-reality-show-mi-primera-vez-se-reunen-con-sus-seguidores\\\/#respond\"]}]},{\"@type\":\"WebPage\",\"@id\":\"https:\\\/\\\/realidadturistica.com\\\/realtur\\\/emocionante-encuentro-en-madrid-celebridades-participantes-en-el-reality-show-mi-primera-vez-se-reunen-con-sus-seguidores\\\/\",\"url\":\"https:\\\/\\\/realidadturistica.com\\\/realtur\\\/emocionante-encuentro-en-madrid-celebridades-participantes-en-el-reality-show-mi-primera-vez-se-reunen-con-sus-seguidores\\\/\",\"name\":\"Emocionante encuentro en Madrid: Celebridades participantes en el Reality Show \u201c Mi Primera Vez\u201d se re\u00fanen con sus seguidores - Realidad Tur\u00edstica\",\"isPartOf\":{\"@id\":\"https:\\\/\\\/realidadturistica.com\\\/realtur\\\/#website\"},\"primaryImageOfPage\":{\"@id\":\"https:\\\/\\\/realidadturistica.com\\\/realtur\\\/emocionante-encuentro-en-madrid-celebridades-participantes-en-el-reality-show-mi-primera-vez-se-reunen-con-sus-seguidores\\\/#primaryimage\"},\"image\":{\"@id\":\"https:\\\/\\\/realidadturistica.com\\\/realtur\\\/emocionante-encuentro-en-madrid-celebridades-participantes-en-el-reality-show-mi-primera-vez-se-reunen-con-sus-seguidores\\\/#primaryimage\"},\"thumbnailUrl\":\"https:\\\/\\\/realidadturistica.com\\\/realtur\\\/wp-content\\\/uploads\\\/2024\\\/07\\\/IMG-20240724-WA0005.jpg\",\"datePublished\":\"2024-07-25T06:00:21+00:00\",\"dateModified\":\"2024-07-25T06:03:39+00:00\",\"breadcrumb\":{\"@id\":\"https:\\\/\\\/realidadturistica.com\\\/realtur\\\/emocionante-encuentro-en-madrid-celebridades-participantes-en-el-reality-show-mi-primera-vez-se-reunen-con-sus-seguidores\\\/#breadcrumb\"},\"inLanguage\":\"es\",\"potentialAction\":[{\"@type\":\"ReadAction\",\"target\":[\"https:\\\/\\\/realidadturistica.com\\\/realtur\\\/emocionante-encuentro-en-madrid-celebridades-participantes-en-el-reality-show-mi-primera-vez-se-reunen-con-sus-seguidores\\\/\"]}]},{\"@type\":\"ImageObject\",\"inLanguage\":\"es\",\"@id\":\"https:\\\/\\\/realidadturistica.com\\\/realtur\\\/emocionante-encuentro-en-madrid-celebridades-participantes-en-el-reality-show-mi-primera-vez-se-reunen-con-sus-seguidores\\\/#primaryimage\",\"url\":\"https:\\\/\\\/realidadturistica.com\\\/realtur\\\/wp-content\\\/uploads\\\/2024\\\/07\\\/IMG-20240724-WA0005.jpg\",\"contentUrl\":\"https:\\\/\\\/realidadturistica.com\\\/realtur\\\/wp-content\\\/uploads\\\/2024\\\/07\\\/IMG-20240724-WA0005.jpg\",\"width\":1170,\"height\":653},{\"@type\":\"BreadcrumbList\",\"@id\":\"https:\\\/\\\/realidadturistica.com\\\/realtur\\\/emocionante-encuentro-en-madrid-celebridades-participantes-en-el-reality-show-mi-primera-vez-se-reunen-con-sus-seguidores\\\/#breadcrumb\",\"itemListElement\":[{\"@type\":\"ListItem\",\"position\":1,\"name\":\"Portada\",\"item\":\"https:\\\/\\\/realidadturistica.com\\\/realtur\\\/\"},{\"@type\":\"ListItem\",\"position\":2,\"name\":\"Emocionante encuentro en Madrid: Celebridades participantes en el Reality Show \u201c Mi Primera Vez\u201d se re\u00fanen con sus seguidores\"}]},{\"@type\":\"WebSite\",\"@id\":\"https:\\\/\\\/realidadturistica.com\\\/realtur\\\/#website\",\"url\":\"https:\\\/\\\/realidadturistica.com\\\/realtur\\\/\",\"name\":\"Realidad Tur\u00edstica\",\"description\":\"\",\"publisher\":{\"@id\":\"https:\\\/\\\/realidadturistica.com\\\/realtur\\\/#organization\"},\"potentialAction\":[{\"@type\":\"SearchAction\",\"target\":{\"@type\":\"EntryPoint\",\"urlTemplate\":\"https:\\\/\\\/realidadturistica.com\\\/realtur\\\/?s={search_term_string}\"},\"query-input\":{\"@type\":\"PropertyValueSpecification\",\"valueRequired\":true,\"valueName\":\"search_term_string\"}}],\"inLanguage\":\"es\"},{\"@type\":\"Organization\",\"@id\":\"https:\\\/\\\/realidadturistica.com\\\/realtur\\\/#organization\",\"name\":\"Realidad Tur\u00edstica\",\"url\":\"https:\\\/\\\/realidadturistica.com\\\/realtur\\\/\",\"logo\":{\"@type\":\"ImageObject\",\"inLanguage\":\"es\",\"@id\":\"https:\\\/\\\/realidadturistica.com\\\/realtur\\\/#\\\/schema\\\/logo\\\/image\\\/\",\"url\":\"https:\\\/\\\/realidadturistica.com\\\/realtur\\\/wp-content\\\/uploads\\\/2021\\\/12\\\/logotipo-realidad-turistica.png\",\"contentUrl\":\"https:\\\/\\\/realidadturistica.com\\\/realtur\\\/wp-content\\\/uploads\\\/2021\\\/12\\\/logotipo-realidad-turistica.png\",\"width\":1382,\"height\":629,\"caption\":\"Realidad Tur\u00edstica\"},\"image\":{\"@id\":\"https:\\\/\\\/realidadturistica.com\\\/realtur\\\/#\\\/schema\\\/logo\\\/image\\\/\"},\"sameAs\":[\"https:\\\/\\\/www.facebook.com\\\/realidadturistica\",\"https:\\\/\\\/www.instagram.com\\\/realidad_turistica\\\/\"]},{\"@type\":\"Person\",\"@id\":\"https:\\\/\\\/realidadturistica.com\\\/realtur\\\/#\\\/schema\\\/person\\\/ade671191202490fcf08ab21590de73e\",\"name\":\"Editor\",\"image\":{\"@type\":\"ImageObject\",\"inLanguage\":\"es\",\"@id\":\"https:\\\/\\\/realidadturistica.com\\\/realtur\\\/wp-content\\\/uploads\\\/2023\\\/09\\\/Editor_avatar_1693668634-96x96.png\",\"url\":\"https:\\\/\\\/realidadturistica.com\\\/realtur\\\/wp-content\\\/uploads\\\/2023\\\/09\\\/Editor_avatar_1693668634-96x96.png\",\"contentUrl\":\"https:\\\/\\\/realidadturistica.com\\\/realtur\\\/wp-content\\\/uploads\\\/2023\\\/09\\\/Editor_avatar_1693668634-96x96.png\",\"caption\":\"Editor\"},\"sameAs\":[\"https:\\\/\\\/realidadturistica.com\\\/realtur\"],\"url\":\"https:\\\/\\\/realidadturistica.com\\\/realtur\\\/author\\\/editor2\\\/\"}]}<\/script>\n<!-- \/ Yoast SEO Premium plugin. -->","yoast_head_json":{"title":"Emocionante encuentro en Madrid: Celebridades participantes en el Reality Show \u201c Mi Primera Vez\u201d se re\u00fanen con sus seguidores - Realidad Tur\u00edstica","robots":{"index":"index","follow":"follow","max-snippet":"max-snippet:-1","max-image-preview":"max-image-preview:large","max-video-preview":"max-video-preview:-1"},"canonical":"https:\/\/realidadturistica.com\/realtur\/emocionante-encuentro-en-madrid-celebridades-participantes-en-el-reality-show-mi-primera-vez-se-reunen-con-sus-seguidores\/","og_locale":"es_ES","og_type":"article","og_title":"Emocionante encuentro en Madrid: Celebridades participantes en el Reality Show \u201c Mi Primera Vez\u201d se re\u00fanen con sus seguidores","og_description":"Madrid,&nbsp; 24\/72024. Ayer, algunas de las celebridades&nbsp; participantes en el&nbsp; esperado reality show se reunieron en Madrid en v\u00edsperas de la salida del primer grupo&hellip;","og_url":"https:\/\/realidadturistica.com\/realtur\/emocionante-encuentro-en-madrid-celebridades-participantes-en-el-reality-show-mi-primera-vez-se-reunen-con-sus-seguidores\/","og_site_name":"Realidad Tur\u00edstica","article_publisher":"https:\/\/www.facebook.com\/realidadturistica","article_published_time":"2024-07-25T06:00:21+00:00","article_modified_time":"2024-07-25T06:03:39+00:00","og_image":[{"width":1170,"height":653,"url":"https:\/\/realidadturistica.com\/realtur\/wp-content\/uploads\/2024\/07\/IMG-20240724-WA0005.jpg","type":"image\/jpeg"}],"author":"Editor","twitter_card":"summary_large_image","twitter_misc":{"Escrito por":"Editor","Tiempo de lectura":"3 minutos"},"schema":{"@context":"https:\/\/schema.org","@graph":[{"@type":"Article","@id":"https:\/\/realidadturistica.com\/realtur\/emocionante-encuentro-en-madrid-celebridades-participantes-en-el-reality-show-mi-primera-vez-se-reunen-con-sus-seguidores\/#article","isPartOf":{"@id":"https:\/\/realidadturistica.com\/realtur\/emocionante-encuentro-en-madrid-celebridades-participantes-en-el-reality-show-mi-primera-vez-se-reunen-con-sus-seguidores\/"},"author":{"name":"Editor","@id":"https:\/\/realidadturistica.com\/realtur\/#\/schema\/person\/ade671191202490fcf08ab21590de73e"},"headline":"Emocionante encuentro en Madrid: Celebridades participantes en el Reality Show \u201c Mi Primera Vez\u201d se re\u00fanen con sus seguidores","datePublished":"2024-07-25T06:00:21+00:00","dateModified":"2024-07-25T06:03:39+00:00","mainEntityOfPage":{"@id":"https:\/\/realidadturistica.com\/realtur\/emocionante-encuentro-en-madrid-celebridades-participantes-en-el-reality-show-mi-primera-vez-se-reunen-con-sus-seguidores\/"},"wordCount":357,"commentCount":0,"publisher":{"@id":"https:\/\/realidadturistica.com\/realtur\/#organization"},"image":{"@id":"https:\/\/realidadturistica.com\/realtur\/emocionante-encuentro-en-madrid-celebridades-participantes-en-el-reality-show-mi-primera-vez-se-reunen-con-sus-seguidores\/#primaryimage"},"thumbnailUrl":"https:\/\/realidadturistica.com\/realtur\/wp-content\/uploads\/2024\/07\/IMG-20240724-WA0005.jpg","articleSection":["Turismo"],"inLanguage":"es","potentialAction":[{"@type":"CommentAction","name":"Comment","target":["https:\/\/realidadturistica.com\/realtur\/emocionante-encuentro-en-madrid-celebridades-participantes-en-el-reality-show-mi-primera-vez-se-reunen-con-sus-seguidores\/#respond"]}]},{"@type":"WebPage","@id":"https:\/\/realidadturistica.com\/realtur\/emocionante-encuentro-en-madrid-celebridades-participantes-en-el-reality-show-mi-primera-vez-se-reunen-con-sus-seguidores\/","url":"https:\/\/realidadturistica.com\/realtur\/emocionante-encuentro-en-madrid-celebridades-participantes-en-el-reality-show-mi-primera-vez-se-reunen-con-sus-seguidores\/","name":"Emocionante encuentro en Madrid: Celebridades participantes en el Reality Show \u201c Mi Primera Vez\u201d se re\u00fanen con sus seguidores - Realidad Tur\u00edstica","isPartOf":{"@id":"https:\/\/realidadturistica.com\/realtur\/#website"},"primaryImageOfPage":{"@id":"https:\/\/realidadturistica.com\/realtur\/emocionante-encuentro-en-madrid-celebridades-participantes-en-el-reality-show-mi-primera-vez-se-reunen-con-sus-seguidores\/#primaryimage"},"image":{"@id":"https:\/\/realidadturistica.com\/realtur\/emocionante-encuentro-en-madrid-celebridades-participantes-en-el-reality-show-mi-primera-vez-se-reunen-con-sus-seguidores\/#primaryimage"},"thumbnailUrl":"https:\/\/realidadturistica.com\/realtur\/wp-content\/uploads\/2024\/07\/IMG-20240724-WA0005.jpg","datePublished":"2024-07-25T06:00:21+00:00","dateModified":"2024-07-25T06:03:39+00:00","breadcrumb":{"@id":"https:\/\/realidadturistica.com\/realtur\/emocionante-encuentro-en-madrid-celebridades-participantes-en-el-reality-show-mi-primera-vez-se-reunen-con-sus-seguidores\/#breadcrumb"},"inLanguage":"es","potentialAction":[{"@type":"ReadAction","target":["https:\/\/realidadturistica.com\/realtur\/emocionante-encuentro-en-madrid-celebridades-participantes-en-el-reality-show-mi-primera-vez-se-reunen-con-sus-seguidores\/"]}]},{"@type":"ImageObject","inLanguage":"es","@id":"https:\/\/realidadturistica.com\/realtur\/emocionante-encuentro-en-madrid-celebridades-participantes-en-el-reality-show-mi-primera-vez-se-reunen-con-sus-seguidores\/#primaryimage","url":"https:\/\/realidadturistica.com\/realtur\/wp-content\/uploads\/2024\/07\/IMG-20240724-WA0005.jpg","contentUrl":"https:\/\/realidadturistica.com\/realtur\/wp-content\/uploads\/2024\/07\/IMG-20240724-WA0005.jpg","width":1170,"height":653},{"@type":"BreadcrumbList","@id":"https:\/\/realidadturistica.com\/realtur\/emocionante-encuentro-en-madrid-celebridades-participantes-en-el-reality-show-mi-primera-vez-se-reunen-con-sus-seguidores\/#breadcrumb","itemListElement":[{"@type":"ListItem","position":1,"name":"Portada","item":"https:\/\/realidadturistica.com\/realtur\/"},{"@type":"ListItem","position":2,"name":"Emocionante encuentro en Madrid: Celebridades participantes en el Reality Show \u201c Mi Primera Vez\u201d se re\u00fanen con sus seguidores"}]},{"@type":"WebSite","@id":"https:\/\/realidadturistica.com\/realtur\/#website","url":"https:\/\/realidadturistica.com\/realtur\/","name":"Realidad Tur\u00edstica","description":"","publisher":{"@id":"https:\/\/realidadturistica.com\/realtur\/#organization"},"potentialAction":[{"@type":"SearchAction","target":{"@type":"EntryPoint","urlTemplate":"https:\/\/realidadturistica.com\/realtur\/?s={search_term_string}"},"query-input":{"@type":"PropertyValueSpecification","valueRequired":true,"valueName":"search_term_string"}}],"inLanguage":"es"},{"@type":"Organization","@id":"https:\/\/realidadturistica.com\/realtur\/#organization","name":"Realidad Tur\u00edstica","url":"https:\/\/realidadturistica.com\/realtur\/","logo":{"@type":"ImageObject","inLanguage":"es","@id":"https:\/\/realidadturistica.com\/realtur\/#\/schema\/logo\/image\/","url":"https:\/\/realidadturistica.com\/realtur\/wp-content\/uploads\/2021\/12\/logotipo-realidad-turistica.png","contentUrl":"https:\/\/realidadturistica.com\/realtur\/wp-content\/uploads\/2021\/12\/logotipo-realidad-turistica.png","width":1382,"height":629,"caption":"Realidad Tur\u00edstica"},"image":{"@id":"https:\/\/realidadturistica.com\/realtur\/#\/schema\/logo\/image\/"},"sameAs":["https:\/\/www.facebook.com\/realidadturistica","https:\/\/www.instagram.com\/realidad_turistica\/"]},{"@type":"Person","@id":"https:\/\/realidadturistica.com\/realtur\/#\/schema\/person\/ade671191202490fcf08ab21590de73e","name":"Editor","image":{"@type":"ImageObject","inLanguage":"es","@id":"https:\/\/realidadturistica.com\/realtur\/wp-content\/uploads\/2023\/09\/Editor_avatar_1693668634-96x96.png","url":"https:\/\/realidadturistica.com\/realtur\/wp-content\/uploads\/2023\/09\/Editor_avatar_1693668634-96x96.png","contentUrl":"https:\/\/realidadturistica.com\/realtur\/wp-content\/uploads\/2023\/09\/Editor_avatar_1693668634-96x96.png","caption":"Editor"},"sameAs":["https:\/\/realidadturistica.com\/realtur"],"url":"https:\/\/realidadturistica.com\/realtur\/author\/editor2\/"}]}},"_links":{"self":[{"href":"https:\/\/realidadturistica.com\/realtur\/wp-json\/wp\/v2\/posts\/7724","targetHints":{"allow":["GET"]}}],"collection":[{"href":"https:\/\/realidadturistica.com\/realtur\/wp-json\/wp\/v2\/posts"}],"about":[{"href":"https:\/\/realidadturistica.com\/realtur\/wp-json\/wp\/v2\/types\/post"}],"author":[{"embeddable":true,"href":"https:\/\/realidadturistica.com\/realtur\/wp-json\/wp\/v2\/users\/2"}],"replies":[{"embeddable":true,"href":"https:\/\/realidadturistica.com\/realtur\/wp-json\/wp\/v2\/comments?post=7724"}],"version-history":[{"count":2,"href":"https:\/\/realidadturistica.com\/realtur\/wp-json\/wp\/v2\/posts\/7724\/revisions"}],"predecessor-version":[{"id":7732,"href":"https:\/\/realidadturistica.com\/realtur\/wp-json\/wp\/v2\/posts\/7724\/revisions\/7732"}],"wp:featuredmedia":[{"embeddable":true,"href":"https:\/\/realidadturistica.com\/realtur\/wp-json\/wp\/v2\/media\/7725"}],"wp:attachment":[{"href":"https:\/\/realidadturistica.com\/realtur\/wp-json\/wp\/v2\/media?parent=7724"}],"wp:term":[{"taxonomy":"category","embeddable":true,"href":"https:\/\/realidadturistica.com\/realtur\/wp-json\/wp\/v2\/categories?post=7724"},{"taxonomy":"post_tag","embeddable":true,"href":"https:\/\/realidadturistica.com\/realtur\/wp-json\/wp\/v2\/tags?post=7724"}],"curies":[{"name":"wp","href":"https:\/\/api.w.org\/{rel}","templated":true}]}}