{"id":7758,"date":"2024-07-28T14:02:33","date_gmt":"2024-07-28T14:02:33","guid":{"rendered":"https:\/\/realidadturistica.com\/realtur\/?p=7758"},"modified":"2024-07-28T14:02:36","modified_gmt":"2024-07-28T14:02:36","slug":"aldiana-dertour-sigue-los-pasos-de-riu-y-melia-en-africa","status":"publish","type":"post","link":"https:\/\/realidadturistica.com\/realtur\/aldiana-dertour-sigue-los-pasos-de-riu-y-melia-en-africa\/","title":{"rendered":"Aldiana (Dertour) sigue los pasos de RIU y Meli\u00e1 en \u00c1frica"},"content":{"rendered":"\n<p class=\"wp-block-yoast-seo-estimated-reading-time yoast-reading-time__wrapper\"><span class=\"yoast-reading-time__icon\"><svg aria-hidden=\"true\" focusable=\"false\" data-icon=\"clock\" width=\"20\" height=\"20\" fill=\"none\" stroke=\"currentColor\" style=\"display:inline-block;vertical-align:-0.1em\" role=\"img\" xmlns=\"http:\/\/www.w3.org\/2000\/svg\" viewBox=\"0 0 24 24\"><path stroke-linecap=\"round\" stroke-linejoin=\"round\" stroke-width=\"2\" d=\"M12 8v4l3 3m6-3a9 9 0 11-18 0 9 9 0 0118 0z\"><\/path><\/svg><\/span><span class=\"yoast-reading-time__spacer\" style=\"display:inline-block;width:1em\"><\/span><span class=\"yoast-reading-time__descriptive-text\">Estimated reading time: <\/span><span class=\"yoast-reading-time__reading-time\">2<\/span><span class=\"yoast-reading-time__time-unit\"> minutos<\/span><\/p>\n\n\n\n<p>El touroperador alem\u00e1n Dertour sigue los pasos del gigante del turismo europeo TUI Group y lleva a su hotelera principal, Aldiana, a uno de los destinos de moda en \u00c1frica: Zanz\u00edbar (Tanzania). Asimismo, la cadena tambi\u00e9n competir\u00e1 en dicho destino con compa\u00f1\u00edas espa\u00f1olas, como RIU Hotels \u2014que cuenta con dos establecimientos\u2014 o con Meli\u00e1 Hotels International.<\/p>\n\n\n\n<p>No obstante, s\u00ed es cierto que la apertura del nuevo Aldiana Club Zanzibar se adelanta al recientemente anunciado por la marca Robinson (TUI), ya que la cadena de Dertour tiene previsto abrir su nuevo hotel el pr\u00f3ximo 1 de noviembre, mientras que TUI esperar\u00e1 la temporada de invierno 2026\/2027.<\/p>\n\n\n\n<p>Seg\u00fan publica FVW, el hotel de Aldiana contar\u00e1 con 151 habitaciones y suites, dos piscinas, un restaurante buffet, otro a la carta y tres bares. Tambi\u00e9n dispondr\u00e1 de gimnasio y otras instalaciones para actividades deportivas, como tenis, p\u00e1del o voleibol playa.<\/p>\n\n\n\n<p>\u201cCon el nuevo Club Zanzibar abrimos la puerta a un destino extraordinario que ofrece a nuestros hu\u00e9spedes experiencias \u00fanicas y unas vacaciones inolvidables. Estamos orgullosos de a\u00f1adir este hermoso lugar a nuestra familia Aldiana\u201d, ha afirmado el director general de Aldiana, Andreas Pospiech.<\/p>\n\n\n\n<p>Por su parte, Karl J. Pojer, director general de la divisi\u00f3n hotelera del grupo Dertour, ha manifestado: \u201cAmpliar nuestra oferta para incluir rutas de larga distancia era el siguiente paso l\u00f3gico para la estrategia de expansi\u00f3n de nuestra exitosa marca de establecimientos premium\u201d.<\/p>\n\n\n\n<p>Tourinews<\/p>\n","protected":false},"excerpt":{"rendered":"<p>El touroperador alem\u00e1n Dertour sigue los pasos del gigante del turismo europeo TUI Group y lleva a su hotelera principal, Aldiana, a uno de los&hellip;<\/p>\n","protected":false},"author":2,"featured_media":7759,"comment_status":"open","ping_status":"closed","sticky":false,"template":"","format":"standard","meta":{"content-type":"","_lmt_disableupdate":"","_lmt_disable":"","footnotes":""},"categories":[6],"tags":[],"class_list":["post-7758","post","type-post","status-publish","format-standard","has-post-thumbnail","hentry","category-turismo"],"yoast_head":"<!-- This site is optimized with the Yoast SEO Premium plugin v27.4 (Yoast SEO v27.5) - https:\/\/yoast.com\/product\/yoast-seo-premium-wordpress\/ -->\n<title>Aldiana (Dertour) sigue los pasos de RIU y Meli\u00e1 en \u00c1frica - Realidad Tur\u00edstica<\/title>\n<meta name=\"robots\" content=\"index, follow, max-snippet:-1, max-image-preview:large, max-video-preview:-1\" \/>\n<link rel=\"canonical\" href=\"https:\/\/realidadturistica.com\/realtur\/aldiana-dertour-sigue-los-pasos-de-riu-y-melia-en-africa\/\" \/>\n<meta property=\"og:locale\" content=\"es_ES\" \/>\n<meta property=\"og:type\" content=\"article\" \/>\n<meta property=\"og:title\" content=\"Aldiana (Dertour) sigue los pasos de RIU y Meli\u00e1 en \u00c1frica\" \/>\n<meta property=\"og:description\" content=\"El touroperador alem\u00e1n Dertour sigue los pasos del gigante del turismo europeo TUI Group y lleva a su hotelera principal, Aldiana, a uno de los&hellip;\" \/>\n<meta property=\"og:url\" content=\"https:\/\/realidadturistica.com\/realtur\/aldiana-dertour-sigue-los-pasos-de-riu-y-melia-en-africa\/\" \/>\n<meta property=\"og:site_name\" content=\"Realidad Tur\u00edstica\" \/>\n<meta property=\"article:publisher\" content=\"https:\/\/www.facebook.com\/realidadturistica\" \/>\n<meta property=\"article:published_time\" content=\"2024-07-28T14:02:33+00:00\" \/>\n<meta property=\"article:modified_time\" content=\"2024-07-28T14:02:36+00:00\" \/>\n<meta property=\"og:image\" content=\"https:\/\/realidadturistica.com\/realtur\/wp-content\/uploads\/2024\/07\/Aldiana.jpeg\" \/>\n\t<meta property=\"og:image:width\" content=\"732\" \/>\n\t<meta property=\"og:image:height\" content=\"400\" \/>\n\t<meta property=\"og:image:type\" content=\"image\/jpeg\" \/>\n<meta name=\"author\" content=\"Editor\" \/>\n<meta name=\"twitter:card\" content=\"summary_large_image\" \/>\n<meta name=\"twitter:label1\" content=\"Escrito por\" \/>\n\t<meta name=\"twitter:data1\" content=\"Editor\" \/>\n\t<meta name=\"twitter:label2\" content=\"Tiempo de lectura\" \/>\n\t<meta name=\"twitter:data2\" content=\"2 minutos\" \/>\n<script type=\"application\/ld+json\" class=\"yoast-schema-graph\">{\"@context\":\"https:\\\/\\\/schema.org\",\"@graph\":[{\"@type\":\"Article\",\"@id\":\"https:\\\/\\\/realidadturistica.com\\\/realtur\\\/aldiana-dertour-sigue-los-pasos-de-riu-y-melia-en-africa\\\/#article\",\"isPartOf\":{\"@id\":\"https:\\\/\\\/realidadturistica.com\\\/realtur\\\/aldiana-dertour-sigue-los-pasos-de-riu-y-melia-en-africa\\\/\"},\"author\":{\"name\":\"Editor\",\"@id\":\"https:\\\/\\\/realidadturistica.com\\\/realtur\\\/#\\\/schema\\\/person\\\/ade671191202490fcf08ab21590de73e\"},\"headline\":\"Aldiana (Dertour) sigue los pasos de RIU y Meli\u00e1 en \u00c1frica\",\"datePublished\":\"2024-07-28T14:02:33+00:00\",\"dateModified\":\"2024-07-28T14:02:36+00:00\",\"mainEntityOfPage\":{\"@id\":\"https:\\\/\\\/realidadturistica.com\\\/realtur\\\/aldiana-dertour-sigue-los-pasos-de-riu-y-melia-en-africa\\\/\"},\"wordCount\":259,\"commentCount\":0,\"publisher\":{\"@id\":\"https:\\\/\\\/realidadturistica.com\\\/realtur\\\/#organization\"},\"image\":{\"@id\":\"https:\\\/\\\/realidadturistica.com\\\/realtur\\\/aldiana-dertour-sigue-los-pasos-de-riu-y-melia-en-africa\\\/#primaryimage\"},\"thumbnailUrl\":\"https:\\\/\\\/realidadturistica.com\\\/realtur\\\/wp-content\\\/uploads\\\/2024\\\/07\\\/Aldiana.jpeg\",\"articleSection\":[\"Turismo\"],\"inLanguage\":\"es\",\"potentialAction\":[{\"@type\":\"CommentAction\",\"name\":\"Comment\",\"target\":[\"https:\\\/\\\/realidadturistica.com\\\/realtur\\\/aldiana-dertour-sigue-los-pasos-de-riu-y-melia-en-africa\\\/#respond\"]}]},{\"@type\":\"WebPage\",\"@id\":\"https:\\\/\\\/realidadturistica.com\\\/realtur\\\/aldiana-dertour-sigue-los-pasos-de-riu-y-melia-en-africa\\\/\",\"url\":\"https:\\\/\\\/realidadturistica.com\\\/realtur\\\/aldiana-dertour-sigue-los-pasos-de-riu-y-melia-en-africa\\\/\",\"name\":\"Aldiana (Dertour) sigue los pasos de RIU y Meli\u00e1 en \u00c1frica - Realidad Tur\u00edstica\",\"isPartOf\":{\"@id\":\"https:\\\/\\\/realidadturistica.com\\\/realtur\\\/#website\"},\"primaryImageOfPage\":{\"@id\":\"https:\\\/\\\/realidadturistica.com\\\/realtur\\\/aldiana-dertour-sigue-los-pasos-de-riu-y-melia-en-africa\\\/#primaryimage\"},\"image\":{\"@id\":\"https:\\\/\\\/realidadturistica.com\\\/realtur\\\/aldiana-dertour-sigue-los-pasos-de-riu-y-melia-en-africa\\\/#primaryimage\"},\"thumbnailUrl\":\"https:\\\/\\\/realidadturistica.com\\\/realtur\\\/wp-content\\\/uploads\\\/2024\\\/07\\\/Aldiana.jpeg\",\"datePublished\":\"2024-07-28T14:02:33+00:00\",\"dateModified\":\"2024-07-28T14:02:36+00:00\",\"breadcrumb\":{\"@id\":\"https:\\\/\\\/realidadturistica.com\\\/realtur\\\/aldiana-dertour-sigue-los-pasos-de-riu-y-melia-en-africa\\\/#breadcrumb\"},\"inLanguage\":\"es\",\"potentialAction\":[{\"@type\":\"ReadAction\",\"target\":[\"https:\\\/\\\/realidadturistica.com\\\/realtur\\\/aldiana-dertour-sigue-los-pasos-de-riu-y-melia-en-africa\\\/\"]}]},{\"@type\":\"ImageObject\",\"inLanguage\":\"es\",\"@id\":\"https:\\\/\\\/realidadturistica.com\\\/realtur\\\/aldiana-dertour-sigue-los-pasos-de-riu-y-melia-en-africa\\\/#primaryimage\",\"url\":\"https:\\\/\\\/realidadturistica.com\\\/realtur\\\/wp-content\\\/uploads\\\/2024\\\/07\\\/Aldiana.jpeg\",\"contentUrl\":\"https:\\\/\\\/realidadturistica.com\\\/realtur\\\/wp-content\\\/uploads\\\/2024\\\/07\\\/Aldiana.jpeg\",\"width\":732,\"height\":400},{\"@type\":\"BreadcrumbList\",\"@id\":\"https:\\\/\\\/realidadturistica.com\\\/realtur\\\/aldiana-dertour-sigue-los-pasos-de-riu-y-melia-en-africa\\\/#breadcrumb\",\"itemListElement\":[{\"@type\":\"ListItem\",\"position\":1,\"name\":\"Portada\",\"item\":\"https:\\\/\\\/realidadturistica.com\\\/realtur\\\/\"},{\"@type\":\"ListItem\",\"position\":2,\"name\":\"Aldiana (Dertour) sigue los pasos de RIU y Meli\u00e1 en \u00c1frica\"}]},{\"@type\":\"WebSite\",\"@id\":\"https:\\\/\\\/realidadturistica.com\\\/realtur\\\/#website\",\"url\":\"https:\\\/\\\/realidadturistica.com\\\/realtur\\\/\",\"name\":\"Realidad Tur\u00edstica\",\"description\":\"\",\"publisher\":{\"@id\":\"https:\\\/\\\/realidadturistica.com\\\/realtur\\\/#organization\"},\"potentialAction\":[{\"@type\":\"SearchAction\",\"target\":{\"@type\":\"EntryPoint\",\"urlTemplate\":\"https:\\\/\\\/realidadturistica.com\\\/realtur\\\/?s={search_term_string}\"},\"query-input\":{\"@type\":\"PropertyValueSpecification\",\"valueRequired\":true,\"valueName\":\"search_term_string\"}}],\"inLanguage\":\"es\"},{\"@type\":\"Organization\",\"@id\":\"https:\\\/\\\/realidadturistica.com\\\/realtur\\\/#organization\",\"name\":\"Realidad Tur\u00edstica\",\"url\":\"https:\\\/\\\/realidadturistica.com\\\/realtur\\\/\",\"logo\":{\"@type\":\"ImageObject\",\"inLanguage\":\"es\",\"@id\":\"https:\\\/\\\/realidadturistica.com\\\/realtur\\\/#\\\/schema\\\/logo\\\/image\\\/\",\"url\":\"https:\\\/\\\/realidadturistica.com\\\/realtur\\\/wp-content\\\/uploads\\\/2021\\\/12\\\/logotipo-realidad-turistica.png\",\"contentUrl\":\"https:\\\/\\\/realidadturistica.com\\\/realtur\\\/wp-content\\\/uploads\\\/2021\\\/12\\\/logotipo-realidad-turistica.png\",\"width\":1382,\"height\":629,\"caption\":\"Realidad Tur\u00edstica\"},\"image\":{\"@id\":\"https:\\\/\\\/realidadturistica.com\\\/realtur\\\/#\\\/schema\\\/logo\\\/image\\\/\"},\"sameAs\":[\"https:\\\/\\\/www.facebook.com\\\/realidadturistica\",\"https:\\\/\\\/www.instagram.com\\\/realidad_turistica\\\/\"]},{\"@type\":\"Person\",\"@id\":\"https:\\\/\\\/realidadturistica.com\\\/realtur\\\/#\\\/schema\\\/person\\\/ade671191202490fcf08ab21590de73e\",\"name\":\"Editor\",\"image\":{\"@type\":\"ImageObject\",\"inLanguage\":\"es\",\"@id\":\"https:\\\/\\\/realidadturistica.com\\\/realtur\\\/wp-content\\\/uploads\\\/2023\\\/09\\\/Editor_avatar_1693668634-96x96.png\",\"url\":\"https:\\\/\\\/realidadturistica.com\\\/realtur\\\/wp-content\\\/uploads\\\/2023\\\/09\\\/Editor_avatar_1693668634-96x96.png\",\"contentUrl\":\"https:\\\/\\\/realidadturistica.com\\\/realtur\\\/wp-content\\\/uploads\\\/2023\\\/09\\\/Editor_avatar_1693668634-96x96.png\",\"caption\":\"Editor\"},\"sameAs\":[\"https:\\\/\\\/realidadturistica.com\\\/realtur\"],\"url\":\"https:\\\/\\\/realidadturistica.com\\\/realtur\\\/author\\\/editor2\\\/\"}]}<\/script>\n<!-- \/ Yoast SEO Premium plugin. -->","yoast_head_json":{"title":"Aldiana (Dertour) sigue los pasos de RIU y Meli\u00e1 en \u00c1frica - Realidad Tur\u00edstica","robots":{"index":"index","follow":"follow","max-snippet":"max-snippet:-1","max-image-preview":"max-image-preview:large","max-video-preview":"max-video-preview:-1"},"canonical":"https:\/\/realidadturistica.com\/realtur\/aldiana-dertour-sigue-los-pasos-de-riu-y-melia-en-africa\/","og_locale":"es_ES","og_type":"article","og_title":"Aldiana (Dertour) sigue los pasos de RIU y Meli\u00e1 en \u00c1frica","og_description":"El touroperador alem\u00e1n Dertour sigue los pasos del gigante del turismo europeo TUI Group y lleva a su hotelera principal, Aldiana, a uno de los&hellip;","og_url":"https:\/\/realidadturistica.com\/realtur\/aldiana-dertour-sigue-los-pasos-de-riu-y-melia-en-africa\/","og_site_name":"Realidad Tur\u00edstica","article_publisher":"https:\/\/www.facebook.com\/realidadturistica","article_published_time":"2024-07-28T14:02:33+00:00","article_modified_time":"2024-07-28T14:02:36+00:00","og_image":[{"width":732,"height":400,"url":"https:\/\/realidadturistica.com\/realtur\/wp-content\/uploads\/2024\/07\/Aldiana.jpeg","type":"image\/jpeg"}],"author":"Editor","twitter_card":"summary_large_image","twitter_misc":{"Escrito por":"Editor","Tiempo de lectura":"2 minutos"},"schema":{"@context":"https:\/\/schema.org","@graph":[{"@type":"Article","@id":"https:\/\/realidadturistica.com\/realtur\/aldiana-dertour-sigue-los-pasos-de-riu-y-melia-en-africa\/#article","isPartOf":{"@id":"https:\/\/realidadturistica.com\/realtur\/aldiana-dertour-sigue-los-pasos-de-riu-y-melia-en-africa\/"},"author":{"name":"Editor","@id":"https:\/\/realidadturistica.com\/realtur\/#\/schema\/person\/ade671191202490fcf08ab21590de73e"},"headline":"Aldiana (Dertour) sigue los pasos de RIU y Meli\u00e1 en \u00c1frica","datePublished":"2024-07-28T14:02:33+00:00","dateModified":"2024-07-28T14:02:36+00:00","mainEntityOfPage":{"@id":"https:\/\/realidadturistica.com\/realtur\/aldiana-dertour-sigue-los-pasos-de-riu-y-melia-en-africa\/"},"wordCount":259,"commentCount":0,"publisher":{"@id":"https:\/\/realidadturistica.com\/realtur\/#organization"},"image":{"@id":"https:\/\/realidadturistica.com\/realtur\/aldiana-dertour-sigue-los-pasos-de-riu-y-melia-en-africa\/#primaryimage"},"thumbnailUrl":"https:\/\/realidadturistica.com\/realtur\/wp-content\/uploads\/2024\/07\/Aldiana.jpeg","articleSection":["Turismo"],"inLanguage":"es","potentialAction":[{"@type":"CommentAction","name":"Comment","target":["https:\/\/realidadturistica.com\/realtur\/aldiana-dertour-sigue-los-pasos-de-riu-y-melia-en-africa\/#respond"]}]},{"@type":"WebPage","@id":"https:\/\/realidadturistica.com\/realtur\/aldiana-dertour-sigue-los-pasos-de-riu-y-melia-en-africa\/","url":"https:\/\/realidadturistica.com\/realtur\/aldiana-dertour-sigue-los-pasos-de-riu-y-melia-en-africa\/","name":"Aldiana (Dertour) sigue los pasos de RIU y Meli\u00e1 en \u00c1frica - Realidad Tur\u00edstica","isPartOf":{"@id":"https:\/\/realidadturistica.com\/realtur\/#website"},"primaryImageOfPage":{"@id":"https:\/\/realidadturistica.com\/realtur\/aldiana-dertour-sigue-los-pasos-de-riu-y-melia-en-africa\/#primaryimage"},"image":{"@id":"https:\/\/realidadturistica.com\/realtur\/aldiana-dertour-sigue-los-pasos-de-riu-y-melia-en-africa\/#primaryimage"},"thumbnailUrl":"https:\/\/realidadturistica.com\/realtur\/wp-content\/uploads\/2024\/07\/Aldiana.jpeg","datePublished":"2024-07-28T14:02:33+00:00","dateModified":"2024-07-28T14:02:36+00:00","breadcrumb":{"@id":"https:\/\/realidadturistica.com\/realtur\/aldiana-dertour-sigue-los-pasos-de-riu-y-melia-en-africa\/#breadcrumb"},"inLanguage":"es","potentialAction":[{"@type":"ReadAction","target":["https:\/\/realidadturistica.com\/realtur\/aldiana-dertour-sigue-los-pasos-de-riu-y-melia-en-africa\/"]}]},{"@type":"ImageObject","inLanguage":"es","@id":"https:\/\/realidadturistica.com\/realtur\/aldiana-dertour-sigue-los-pasos-de-riu-y-melia-en-africa\/#primaryimage","url":"https:\/\/realidadturistica.com\/realtur\/wp-content\/uploads\/2024\/07\/Aldiana.jpeg","contentUrl":"https:\/\/realidadturistica.com\/realtur\/wp-content\/uploads\/2024\/07\/Aldiana.jpeg","width":732,"height":400},{"@type":"BreadcrumbList","@id":"https:\/\/realidadturistica.com\/realtur\/aldiana-dertour-sigue-los-pasos-de-riu-y-melia-en-africa\/#breadcrumb","itemListElement":[{"@type":"ListItem","position":1,"name":"Portada","item":"https:\/\/realidadturistica.com\/realtur\/"},{"@type":"ListItem","position":2,"name":"Aldiana (Dertour) sigue los pasos de RIU y Meli\u00e1 en \u00c1frica"}]},{"@type":"WebSite","@id":"https:\/\/realidadturistica.com\/realtur\/#website","url":"https:\/\/realidadturistica.com\/realtur\/","name":"Realidad Tur\u00edstica","description":"","publisher":{"@id":"https:\/\/realidadturistica.com\/realtur\/#organization"},"potentialAction":[{"@type":"SearchAction","target":{"@type":"EntryPoint","urlTemplate":"https:\/\/realidadturistica.com\/realtur\/?s={search_term_string}"},"query-input":{"@type":"PropertyValueSpecification","valueRequired":true,"valueName":"search_term_string"}}],"inLanguage":"es"},{"@type":"Organization","@id":"https:\/\/realidadturistica.com\/realtur\/#organization","name":"Realidad Tur\u00edstica","url":"https:\/\/realidadturistica.com\/realtur\/","logo":{"@type":"ImageObject","inLanguage":"es","@id":"https:\/\/realidadturistica.com\/realtur\/#\/schema\/logo\/image\/","url":"https:\/\/realidadturistica.com\/realtur\/wp-content\/uploads\/2021\/12\/logotipo-realidad-turistica.png","contentUrl":"https:\/\/realidadturistica.com\/realtur\/wp-content\/uploads\/2021\/12\/logotipo-realidad-turistica.png","width":1382,"height":629,"caption":"Realidad Tur\u00edstica"},"image":{"@id":"https:\/\/realidadturistica.com\/realtur\/#\/schema\/logo\/image\/"},"sameAs":["https:\/\/www.facebook.com\/realidadturistica","https:\/\/www.instagram.com\/realidad_turistica\/"]},{"@type":"Person","@id":"https:\/\/realidadturistica.com\/realtur\/#\/schema\/person\/ade671191202490fcf08ab21590de73e","name":"Editor","image":{"@type":"ImageObject","inLanguage":"es","@id":"https:\/\/realidadturistica.com\/realtur\/wp-content\/uploads\/2023\/09\/Editor_avatar_1693668634-96x96.png","url":"https:\/\/realidadturistica.com\/realtur\/wp-content\/uploads\/2023\/09\/Editor_avatar_1693668634-96x96.png","contentUrl":"https:\/\/realidadturistica.com\/realtur\/wp-content\/uploads\/2023\/09\/Editor_avatar_1693668634-96x96.png","caption":"Editor"},"sameAs":["https:\/\/realidadturistica.com\/realtur"],"url":"https:\/\/realidadturistica.com\/realtur\/author\/editor2\/"}]}},"_links":{"self":[{"href":"https:\/\/realidadturistica.com\/realtur\/wp-json\/wp\/v2\/posts\/7758","targetHints":{"allow":["GET"]}}],"collection":[{"href":"https:\/\/realidadturistica.com\/realtur\/wp-json\/wp\/v2\/posts"}],"about":[{"href":"https:\/\/realidadturistica.com\/realtur\/wp-json\/wp\/v2\/types\/post"}],"author":[{"embeddable":true,"href":"https:\/\/realidadturistica.com\/realtur\/wp-json\/wp\/v2\/users\/2"}],"replies":[{"embeddable":true,"href":"https:\/\/realidadturistica.com\/realtur\/wp-json\/wp\/v2\/comments?post=7758"}],"version-history":[{"count":1,"href":"https:\/\/realidadturistica.com\/realtur\/wp-json\/wp\/v2\/posts\/7758\/revisions"}],"predecessor-version":[{"id":7760,"href":"https:\/\/realidadturistica.com\/realtur\/wp-json\/wp\/v2\/posts\/7758\/revisions\/7760"}],"wp:featuredmedia":[{"embeddable":true,"href":"https:\/\/realidadturistica.com\/realtur\/wp-json\/wp\/v2\/media\/7759"}],"wp:attachment":[{"href":"https:\/\/realidadturistica.com\/realtur\/wp-json\/wp\/v2\/media?parent=7758"}],"wp:term":[{"taxonomy":"category","embeddable":true,"href":"https:\/\/realidadturistica.com\/realtur\/wp-json\/wp\/v2\/categories?post=7758"},{"taxonomy":"post_tag","embeddable":true,"href":"https:\/\/realidadturistica.com\/realtur\/wp-json\/wp\/v2\/tags?post=7758"}],"curies":[{"name":"wp","href":"https:\/\/api.w.org\/{rel}","templated":true}]}}