{"id":7773,"date":"2024-08-01T16:19:31","date_gmt":"2024-08-01T16:19:31","guid":{"rendered":"https:\/\/realidadturistica.com\/realtur\/?p=7773"},"modified":"2024-08-01T16:20:34","modified_gmt":"2024-08-01T16:20:34","slug":"ropa-vieja-de-cerdo-junto-al-chef-gordom-ramsay-en-cuba","status":"publish","type":"post","link":"https:\/\/realidadturistica.com\/realtur\/ropa-vieja-de-cerdo-junto-al-chef-gordom-ramsay-en-cuba\/","title":{"rendered":"Ropa vieja de Cerdo, junto al Chef Gordom Ramsay en Cuba"},"content":{"rendered":"\n<p>Este exquisito plato solo lo podr\u00e1 degustar en el restaurante La Ruta de Hemingway en Cojimar.<\/p>\n\n\n\n<p><strong>Ingredientes.<\/strong><\/p>\n\n\n\n<p>Cerdo asado al carb\u00f3n.200 g<\/p>\n\n\n\n<p>Pimientos rojos 70g<\/p>\n\n\n\n<p>Cebolla blanca 60g<\/p>\n\n\n\n<p>Ajo fresco 30 g<\/p>\n\n\n\n<p>Aj\u00ed cachucha 45g<\/p>\n\n\n\n<p>Albahaca fresca.<\/p>\n\n\n\n<p>Sal pimienta negra<\/p>\n\n\n\n<p>Comino molido 30g<\/p>\n\n\n\n<p>Zumo de Naranja agria (media naranja)<\/p>\n\n\n\n<p>Vino seco cubano 15 ml<\/p>\n\n\n\n<p>Salsa criolla con tamarindo (idea del Chef Gordom Ramsay)<\/p>\n\n\n\n<p>Pl\u00e1tano macho maduro para freir y acompa\u00f1ar el plato.<\/p>\n\n\n\n<p><strong>Elaboraci\u00f3n.<\/strong><\/p>\n\n\n\n<p>Deshilachar el cerdo ya listo y asado al carb\u00f3n.<\/p>\n\n\n\n<p>Cortar las especias y en una sart\u00e9n al carb\u00f3n coloca aceite o manteca de cerdo sofre\u00edmos el ajo la cebolla el ah\u00ed rojo y el aj\u00ed cachucha, colocamos la carne de cerdo ya deshilachada y mezclamos hasta lograr unir todos los ingredientes colocamos la salsa criolla con un toque de tamarindo fresco y dejamos cocinar removiendo continente para mezclar todos los ingredientes.<\/p>\n\n\n\n<p>Perfumar con el vino seco cubano salpimentar al gusto y a\u00f1adimos el zumo de naranja agria y las hojas de albahaca y servimos acompa\u00f1ado de pl\u00e1tano macho maduro frito.<\/p>\n\n\n\n<p>Para la elaboraci\u00f3n del cerdo asado al carb\u00f3n le a\u00f1adimos hojas de tabaco seca para aromatizar la elaboraci\u00f3n y darle un sabor exquisito y bien cubano.<\/p>\n\n\n\n<p>Gracias al Chef Gordom Ramsay por aportar sabor a la Elaboraci\u00f3n de \u00e9ste exquisito plato.<\/p>\n\n\n\n<figure class=\"wp-block-image size-full\"><img fetchpriority=\"high\" decoding=\"async\" width=\"913\" height=\"913\" src=\"https:\/\/realidadturistica.com\/realtur\/wp-content\/uploads\/2024\/08\/WhatsApp-Image-2024-07-30-at-8.08.30-PM-1-copia.jpeg\" alt=\"\" class=\"wp-image-7775\" srcset=\"https:\/\/realidadturistica.com\/realtur\/wp-content\/uploads\/2024\/08\/WhatsApp-Image-2024-07-30-at-8.08.30-PM-1-copia.jpeg 913w, https:\/\/realidadturistica.com\/realtur\/wp-content\/uploads\/2024\/08\/WhatsApp-Image-2024-07-30-at-8.08.30-PM-1-copia-300x300.jpeg 300w, https:\/\/realidadturistica.com\/realtur\/wp-content\/uploads\/2024\/08\/WhatsApp-Image-2024-07-30-at-8.08.30-PM-1-copia-150x150.jpeg 150w, https:\/\/realidadturistica.com\/realtur\/wp-content\/uploads\/2024\/08\/WhatsApp-Image-2024-07-30-at-8.08.30-PM-1-copia-768x768.jpeg 768w, https:\/\/realidadturistica.com\/realtur\/wp-content\/uploads\/2024\/08\/WhatsApp-Image-2024-07-30-at-8.08.30-PM-1-copia-585x585.jpeg 585w\" sizes=\"(max-width: 913px) 100vw, 913px\" \/><\/figure>\n\n\n\n<p>Fuente: Chef Luis Ram\u00f3n Batlle Hern\u00e1ndez y Chef Gordom Ramsay (La Ruta de Hemingway)<\/p>\n","protected":false},"excerpt":{"rendered":"<p>Este exquisito plato solo lo podr\u00e1 degustar en el restaurante La Ruta de Hemingway en Cojimar. Ingredientes. Cerdo asado al carb\u00f3n.200 g Pimientos rojos 70g&hellip;<\/p>\n","protected":false},"author":2,"featured_media":7774,"comment_status":"open","ping_status":"closed","sticky":false,"template":"","format":"standard","meta":{"content-type":"","_lmt_disableupdate":"","_lmt_disable":"","footnotes":""},"categories":[3],"tags":[],"class_list":["post-7773","post","type-post","status-publish","format-standard","has-post-thumbnail","hentry","category-cocina"],"yoast_head":"<!-- This site is optimized with the Yoast SEO Premium plugin v27.4 (Yoast SEO v27.5) - https:\/\/yoast.com\/product\/yoast-seo-premium-wordpress\/ -->\n<title>Ropa vieja de Cerdo, junto al Chef Gordom Ramsay en Cuba - Realidad Tur\u00edstica<\/title>\n<meta name=\"robots\" content=\"index, follow, max-snippet:-1, max-image-preview:large, max-video-preview:-1\" \/>\n<link rel=\"canonical\" href=\"https:\/\/realidadturistica.com\/realtur\/ropa-vieja-de-cerdo-junto-al-chef-gordom-ramsay-en-cuba\/\" \/>\n<meta property=\"og:locale\" content=\"es_ES\" \/>\n<meta property=\"og:type\" content=\"article\" \/>\n<meta property=\"og:title\" content=\"Ropa vieja de Cerdo, junto al Chef Gordom Ramsay en Cuba\" \/>\n<meta property=\"og:description\" content=\"Este exquisito plato solo lo podr\u00e1 degustar en el restaurante La Ruta de Hemingway en Cojimar. Ingredientes. Cerdo asado al carb\u00f3n.200 g Pimientos rojos 70g&hellip;\" \/>\n<meta property=\"og:url\" content=\"https:\/\/realidadturistica.com\/realtur\/ropa-vieja-de-cerdo-junto-al-chef-gordom-ramsay-en-cuba\/\" \/>\n<meta property=\"og:site_name\" content=\"Realidad Tur\u00edstica\" \/>\n<meta property=\"article:publisher\" content=\"https:\/\/www.facebook.com\/realidadturistica\" \/>\n<meta property=\"article:published_time\" content=\"2024-08-01T16:19:31+00:00\" \/>\n<meta property=\"article:modified_time\" content=\"2024-08-01T16:20:34+00:00\" \/>\n<meta property=\"og:image\" content=\"https:\/\/realidadturistica.com\/realtur\/wp-content\/uploads\/2024\/08\/WhatsApp-Image-2024-07-30-at-8.08.30-PM-1.jpeg\" \/>\n\t<meta property=\"og:image:width\" content=\"1080\" \/>\n\t<meta property=\"og:image:height\" content=\"1080\" \/>\n\t<meta property=\"og:image:type\" content=\"image\/jpeg\" \/>\n<meta name=\"author\" content=\"Editor\" \/>\n<meta name=\"twitter:card\" content=\"summary_large_image\" \/>\n<meta name=\"twitter:label1\" content=\"Escrito por\" \/>\n\t<meta name=\"twitter:data1\" content=\"Editor\" \/>\n\t<meta name=\"twitter:label2\" content=\"Tiempo de lectura\" \/>\n\t<meta name=\"twitter:data2\" content=\"2 minutos\" \/>\n<script type=\"application\/ld+json\" class=\"yoast-schema-graph\">{\"@context\":\"https:\\\/\\\/schema.org\",\"@graph\":[{\"@type\":\"Article\",\"@id\":\"https:\\\/\\\/realidadturistica.com\\\/realtur\\\/ropa-vieja-de-cerdo-junto-al-chef-gordom-ramsay-en-cuba\\\/#article\",\"isPartOf\":{\"@id\":\"https:\\\/\\\/realidadturistica.com\\\/realtur\\\/ropa-vieja-de-cerdo-junto-al-chef-gordom-ramsay-en-cuba\\\/\"},\"author\":{\"name\":\"Editor\",\"@id\":\"https:\\\/\\\/realidadturistica.com\\\/realtur\\\/#\\\/schema\\\/person\\\/ade671191202490fcf08ab21590de73e\"},\"headline\":\"Ropa vieja de Cerdo, junto al Chef Gordom Ramsay en Cuba\",\"datePublished\":\"2024-08-01T16:19:31+00:00\",\"dateModified\":\"2024-08-01T16:20:34+00:00\",\"mainEntityOfPage\":{\"@id\":\"https:\\\/\\\/realidadturistica.com\\\/realtur\\\/ropa-vieja-de-cerdo-junto-al-chef-gordom-ramsay-en-cuba\\\/\"},\"wordCount\":255,\"commentCount\":0,\"publisher\":{\"@id\":\"https:\\\/\\\/realidadturistica.com\\\/realtur\\\/#organization\"},\"image\":{\"@id\":\"https:\\\/\\\/realidadturistica.com\\\/realtur\\\/ropa-vieja-de-cerdo-junto-al-chef-gordom-ramsay-en-cuba\\\/#primaryimage\"},\"thumbnailUrl\":\"https:\\\/\\\/realidadturistica.com\\\/realtur\\\/wp-content\\\/uploads\\\/2024\\\/08\\\/WhatsApp-Image-2024-07-30-at-8.08.30-PM-1.jpeg\",\"articleSection\":[\"Rinc\u00f3n de Cocina\"],\"inLanguage\":\"es\",\"potentialAction\":[{\"@type\":\"CommentAction\",\"name\":\"Comment\",\"target\":[\"https:\\\/\\\/realidadturistica.com\\\/realtur\\\/ropa-vieja-de-cerdo-junto-al-chef-gordom-ramsay-en-cuba\\\/#respond\"]}]},{\"@type\":\"WebPage\",\"@id\":\"https:\\\/\\\/realidadturistica.com\\\/realtur\\\/ropa-vieja-de-cerdo-junto-al-chef-gordom-ramsay-en-cuba\\\/\",\"url\":\"https:\\\/\\\/realidadturistica.com\\\/realtur\\\/ropa-vieja-de-cerdo-junto-al-chef-gordom-ramsay-en-cuba\\\/\",\"name\":\"Ropa vieja de Cerdo, junto al Chef Gordom Ramsay en Cuba - Realidad Tur\u00edstica\",\"isPartOf\":{\"@id\":\"https:\\\/\\\/realidadturistica.com\\\/realtur\\\/#website\"},\"primaryImageOfPage\":{\"@id\":\"https:\\\/\\\/realidadturistica.com\\\/realtur\\\/ropa-vieja-de-cerdo-junto-al-chef-gordom-ramsay-en-cuba\\\/#primaryimage\"},\"image\":{\"@id\":\"https:\\\/\\\/realidadturistica.com\\\/realtur\\\/ropa-vieja-de-cerdo-junto-al-chef-gordom-ramsay-en-cuba\\\/#primaryimage\"},\"thumbnailUrl\":\"https:\\\/\\\/realidadturistica.com\\\/realtur\\\/wp-content\\\/uploads\\\/2024\\\/08\\\/WhatsApp-Image-2024-07-30-at-8.08.30-PM-1.jpeg\",\"datePublished\":\"2024-08-01T16:19:31+00:00\",\"dateModified\":\"2024-08-01T16:20:34+00:00\",\"breadcrumb\":{\"@id\":\"https:\\\/\\\/realidadturistica.com\\\/realtur\\\/ropa-vieja-de-cerdo-junto-al-chef-gordom-ramsay-en-cuba\\\/#breadcrumb\"},\"inLanguage\":\"es\",\"potentialAction\":[{\"@type\":\"ReadAction\",\"target\":[\"https:\\\/\\\/realidadturistica.com\\\/realtur\\\/ropa-vieja-de-cerdo-junto-al-chef-gordom-ramsay-en-cuba\\\/\"]}]},{\"@type\":\"ImageObject\",\"inLanguage\":\"es\",\"@id\":\"https:\\\/\\\/realidadturistica.com\\\/realtur\\\/ropa-vieja-de-cerdo-junto-al-chef-gordom-ramsay-en-cuba\\\/#primaryimage\",\"url\":\"https:\\\/\\\/realidadturistica.com\\\/realtur\\\/wp-content\\\/uploads\\\/2024\\\/08\\\/WhatsApp-Image-2024-07-30-at-8.08.30-PM-1.jpeg\",\"contentUrl\":\"https:\\\/\\\/realidadturistica.com\\\/realtur\\\/wp-content\\\/uploads\\\/2024\\\/08\\\/WhatsApp-Image-2024-07-30-at-8.08.30-PM-1.jpeg\",\"width\":1080,\"height\":1080},{\"@type\":\"BreadcrumbList\",\"@id\":\"https:\\\/\\\/realidadturistica.com\\\/realtur\\\/ropa-vieja-de-cerdo-junto-al-chef-gordom-ramsay-en-cuba\\\/#breadcrumb\",\"itemListElement\":[{\"@type\":\"ListItem\",\"position\":1,\"name\":\"Portada\",\"item\":\"https:\\\/\\\/realidadturistica.com\\\/realtur\\\/\"},{\"@type\":\"ListItem\",\"position\":2,\"name\":\"Ropa vieja de Cerdo, junto al Chef Gordom Ramsay en Cuba\"}]},{\"@type\":\"WebSite\",\"@id\":\"https:\\\/\\\/realidadturistica.com\\\/realtur\\\/#website\",\"url\":\"https:\\\/\\\/realidadturistica.com\\\/realtur\\\/\",\"name\":\"Realidad Tur\u00edstica\",\"description\":\"\",\"publisher\":{\"@id\":\"https:\\\/\\\/realidadturistica.com\\\/realtur\\\/#organization\"},\"potentialAction\":[{\"@type\":\"SearchAction\",\"target\":{\"@type\":\"EntryPoint\",\"urlTemplate\":\"https:\\\/\\\/realidadturistica.com\\\/realtur\\\/?s={search_term_string}\"},\"query-input\":{\"@type\":\"PropertyValueSpecification\",\"valueRequired\":true,\"valueName\":\"search_term_string\"}}],\"inLanguage\":\"es\"},{\"@type\":\"Organization\",\"@id\":\"https:\\\/\\\/realidadturistica.com\\\/realtur\\\/#organization\",\"name\":\"Realidad Tur\u00edstica\",\"url\":\"https:\\\/\\\/realidadturistica.com\\\/realtur\\\/\",\"logo\":{\"@type\":\"ImageObject\",\"inLanguage\":\"es\",\"@id\":\"https:\\\/\\\/realidadturistica.com\\\/realtur\\\/#\\\/schema\\\/logo\\\/image\\\/\",\"url\":\"https:\\\/\\\/realidadturistica.com\\\/realtur\\\/wp-content\\\/uploads\\\/2021\\\/12\\\/logotipo-realidad-turistica.png\",\"contentUrl\":\"https:\\\/\\\/realidadturistica.com\\\/realtur\\\/wp-content\\\/uploads\\\/2021\\\/12\\\/logotipo-realidad-turistica.png\",\"width\":1382,\"height\":629,\"caption\":\"Realidad Tur\u00edstica\"},\"image\":{\"@id\":\"https:\\\/\\\/realidadturistica.com\\\/realtur\\\/#\\\/schema\\\/logo\\\/image\\\/\"},\"sameAs\":[\"https:\\\/\\\/www.facebook.com\\\/realidadturistica\",\"https:\\\/\\\/www.instagram.com\\\/realidad_turistica\\\/\"]},{\"@type\":\"Person\",\"@id\":\"https:\\\/\\\/realidadturistica.com\\\/realtur\\\/#\\\/schema\\\/person\\\/ade671191202490fcf08ab21590de73e\",\"name\":\"Editor\",\"image\":{\"@type\":\"ImageObject\",\"inLanguage\":\"es\",\"@id\":\"https:\\\/\\\/realidadturistica.com\\\/realtur\\\/wp-content\\\/uploads\\\/2023\\\/09\\\/Editor_avatar_1693668634-96x96.png\",\"url\":\"https:\\\/\\\/realidadturistica.com\\\/realtur\\\/wp-content\\\/uploads\\\/2023\\\/09\\\/Editor_avatar_1693668634-96x96.png\",\"contentUrl\":\"https:\\\/\\\/realidadturistica.com\\\/realtur\\\/wp-content\\\/uploads\\\/2023\\\/09\\\/Editor_avatar_1693668634-96x96.png\",\"caption\":\"Editor\"},\"sameAs\":[\"https:\\\/\\\/realidadturistica.com\\\/realtur\"],\"url\":\"https:\\\/\\\/realidadturistica.com\\\/realtur\\\/author\\\/editor2\\\/\"}]}<\/script>\n<!-- \/ Yoast SEO Premium plugin. -->","yoast_head_json":{"title":"Ropa vieja de Cerdo, junto al Chef Gordom Ramsay en Cuba - Realidad Tur\u00edstica","robots":{"index":"index","follow":"follow","max-snippet":"max-snippet:-1","max-image-preview":"max-image-preview:large","max-video-preview":"max-video-preview:-1"},"canonical":"https:\/\/realidadturistica.com\/realtur\/ropa-vieja-de-cerdo-junto-al-chef-gordom-ramsay-en-cuba\/","og_locale":"es_ES","og_type":"article","og_title":"Ropa vieja de Cerdo, junto al Chef Gordom Ramsay en Cuba","og_description":"Este exquisito plato solo lo podr\u00e1 degustar en el restaurante La Ruta de Hemingway en Cojimar. Ingredientes. Cerdo asado al carb\u00f3n.200 g Pimientos rojos 70g&hellip;","og_url":"https:\/\/realidadturistica.com\/realtur\/ropa-vieja-de-cerdo-junto-al-chef-gordom-ramsay-en-cuba\/","og_site_name":"Realidad Tur\u00edstica","article_publisher":"https:\/\/www.facebook.com\/realidadturistica","article_published_time":"2024-08-01T16:19:31+00:00","article_modified_time":"2024-08-01T16:20:34+00:00","og_image":[{"width":1080,"height":1080,"url":"https:\/\/realidadturistica.com\/realtur\/wp-content\/uploads\/2024\/08\/WhatsApp-Image-2024-07-30-at-8.08.30-PM-1.jpeg","type":"image\/jpeg"}],"author":"Editor","twitter_card":"summary_large_image","twitter_misc":{"Escrito por":"Editor","Tiempo de lectura":"2 minutos"},"schema":{"@context":"https:\/\/schema.org","@graph":[{"@type":"Article","@id":"https:\/\/realidadturistica.com\/realtur\/ropa-vieja-de-cerdo-junto-al-chef-gordom-ramsay-en-cuba\/#article","isPartOf":{"@id":"https:\/\/realidadturistica.com\/realtur\/ropa-vieja-de-cerdo-junto-al-chef-gordom-ramsay-en-cuba\/"},"author":{"name":"Editor","@id":"https:\/\/realidadturistica.com\/realtur\/#\/schema\/person\/ade671191202490fcf08ab21590de73e"},"headline":"Ropa vieja de Cerdo, junto al Chef Gordom Ramsay en Cuba","datePublished":"2024-08-01T16:19:31+00:00","dateModified":"2024-08-01T16:20:34+00:00","mainEntityOfPage":{"@id":"https:\/\/realidadturistica.com\/realtur\/ropa-vieja-de-cerdo-junto-al-chef-gordom-ramsay-en-cuba\/"},"wordCount":255,"commentCount":0,"publisher":{"@id":"https:\/\/realidadturistica.com\/realtur\/#organization"},"image":{"@id":"https:\/\/realidadturistica.com\/realtur\/ropa-vieja-de-cerdo-junto-al-chef-gordom-ramsay-en-cuba\/#primaryimage"},"thumbnailUrl":"https:\/\/realidadturistica.com\/realtur\/wp-content\/uploads\/2024\/08\/WhatsApp-Image-2024-07-30-at-8.08.30-PM-1.jpeg","articleSection":["Rinc\u00f3n de Cocina"],"inLanguage":"es","potentialAction":[{"@type":"CommentAction","name":"Comment","target":["https:\/\/realidadturistica.com\/realtur\/ropa-vieja-de-cerdo-junto-al-chef-gordom-ramsay-en-cuba\/#respond"]}]},{"@type":"WebPage","@id":"https:\/\/realidadturistica.com\/realtur\/ropa-vieja-de-cerdo-junto-al-chef-gordom-ramsay-en-cuba\/","url":"https:\/\/realidadturistica.com\/realtur\/ropa-vieja-de-cerdo-junto-al-chef-gordom-ramsay-en-cuba\/","name":"Ropa vieja de Cerdo, junto al Chef Gordom Ramsay en Cuba - Realidad Tur\u00edstica","isPartOf":{"@id":"https:\/\/realidadturistica.com\/realtur\/#website"},"primaryImageOfPage":{"@id":"https:\/\/realidadturistica.com\/realtur\/ropa-vieja-de-cerdo-junto-al-chef-gordom-ramsay-en-cuba\/#primaryimage"},"image":{"@id":"https:\/\/realidadturistica.com\/realtur\/ropa-vieja-de-cerdo-junto-al-chef-gordom-ramsay-en-cuba\/#primaryimage"},"thumbnailUrl":"https:\/\/realidadturistica.com\/realtur\/wp-content\/uploads\/2024\/08\/WhatsApp-Image-2024-07-30-at-8.08.30-PM-1.jpeg","datePublished":"2024-08-01T16:19:31+00:00","dateModified":"2024-08-01T16:20:34+00:00","breadcrumb":{"@id":"https:\/\/realidadturistica.com\/realtur\/ropa-vieja-de-cerdo-junto-al-chef-gordom-ramsay-en-cuba\/#breadcrumb"},"inLanguage":"es","potentialAction":[{"@type":"ReadAction","target":["https:\/\/realidadturistica.com\/realtur\/ropa-vieja-de-cerdo-junto-al-chef-gordom-ramsay-en-cuba\/"]}]},{"@type":"ImageObject","inLanguage":"es","@id":"https:\/\/realidadturistica.com\/realtur\/ropa-vieja-de-cerdo-junto-al-chef-gordom-ramsay-en-cuba\/#primaryimage","url":"https:\/\/realidadturistica.com\/realtur\/wp-content\/uploads\/2024\/08\/WhatsApp-Image-2024-07-30-at-8.08.30-PM-1.jpeg","contentUrl":"https:\/\/realidadturistica.com\/realtur\/wp-content\/uploads\/2024\/08\/WhatsApp-Image-2024-07-30-at-8.08.30-PM-1.jpeg","width":1080,"height":1080},{"@type":"BreadcrumbList","@id":"https:\/\/realidadturistica.com\/realtur\/ropa-vieja-de-cerdo-junto-al-chef-gordom-ramsay-en-cuba\/#breadcrumb","itemListElement":[{"@type":"ListItem","position":1,"name":"Portada","item":"https:\/\/realidadturistica.com\/realtur\/"},{"@type":"ListItem","position":2,"name":"Ropa vieja de Cerdo, junto al Chef Gordom Ramsay en Cuba"}]},{"@type":"WebSite","@id":"https:\/\/realidadturistica.com\/realtur\/#website","url":"https:\/\/realidadturistica.com\/realtur\/","name":"Realidad Tur\u00edstica","description":"","publisher":{"@id":"https:\/\/realidadturistica.com\/realtur\/#organization"},"potentialAction":[{"@type":"SearchAction","target":{"@type":"EntryPoint","urlTemplate":"https:\/\/realidadturistica.com\/realtur\/?s={search_term_string}"},"query-input":{"@type":"PropertyValueSpecification","valueRequired":true,"valueName":"search_term_string"}}],"inLanguage":"es"},{"@type":"Organization","@id":"https:\/\/realidadturistica.com\/realtur\/#organization","name":"Realidad Tur\u00edstica","url":"https:\/\/realidadturistica.com\/realtur\/","logo":{"@type":"ImageObject","inLanguage":"es","@id":"https:\/\/realidadturistica.com\/realtur\/#\/schema\/logo\/image\/","url":"https:\/\/realidadturistica.com\/realtur\/wp-content\/uploads\/2021\/12\/logotipo-realidad-turistica.png","contentUrl":"https:\/\/realidadturistica.com\/realtur\/wp-content\/uploads\/2021\/12\/logotipo-realidad-turistica.png","width":1382,"height":629,"caption":"Realidad Tur\u00edstica"},"image":{"@id":"https:\/\/realidadturistica.com\/realtur\/#\/schema\/logo\/image\/"},"sameAs":["https:\/\/www.facebook.com\/realidadturistica","https:\/\/www.instagram.com\/realidad_turistica\/"]},{"@type":"Person","@id":"https:\/\/realidadturistica.com\/realtur\/#\/schema\/person\/ade671191202490fcf08ab21590de73e","name":"Editor","image":{"@type":"ImageObject","inLanguage":"es","@id":"https:\/\/realidadturistica.com\/realtur\/wp-content\/uploads\/2023\/09\/Editor_avatar_1693668634-96x96.png","url":"https:\/\/realidadturistica.com\/realtur\/wp-content\/uploads\/2023\/09\/Editor_avatar_1693668634-96x96.png","contentUrl":"https:\/\/realidadturistica.com\/realtur\/wp-content\/uploads\/2023\/09\/Editor_avatar_1693668634-96x96.png","caption":"Editor"},"sameAs":["https:\/\/realidadturistica.com\/realtur"],"url":"https:\/\/realidadturistica.com\/realtur\/author\/editor2\/"}]}},"_links":{"self":[{"href":"https:\/\/realidadturistica.com\/realtur\/wp-json\/wp\/v2\/posts\/7773","targetHints":{"allow":["GET"]}}],"collection":[{"href":"https:\/\/realidadturistica.com\/realtur\/wp-json\/wp\/v2\/posts"}],"about":[{"href":"https:\/\/realidadturistica.com\/realtur\/wp-json\/wp\/v2\/types\/post"}],"author":[{"embeddable":true,"href":"https:\/\/realidadturistica.com\/realtur\/wp-json\/wp\/v2\/users\/2"}],"replies":[{"embeddable":true,"href":"https:\/\/realidadturistica.com\/realtur\/wp-json\/wp\/v2\/comments?post=7773"}],"version-history":[{"count":1,"href":"https:\/\/realidadturistica.com\/realtur\/wp-json\/wp\/v2\/posts\/7773\/revisions"}],"predecessor-version":[{"id":7776,"href":"https:\/\/realidadturistica.com\/realtur\/wp-json\/wp\/v2\/posts\/7773\/revisions\/7776"}],"wp:featuredmedia":[{"embeddable":true,"href":"https:\/\/realidadturistica.com\/realtur\/wp-json\/wp\/v2\/media\/7774"}],"wp:attachment":[{"href":"https:\/\/realidadturistica.com\/realtur\/wp-json\/wp\/v2\/media?parent=7773"}],"wp:term":[{"taxonomy":"category","embeddable":true,"href":"https:\/\/realidadturistica.com\/realtur\/wp-json\/wp\/v2\/categories?post=7773"},{"taxonomy":"post_tag","embeddable":true,"href":"https:\/\/realidadturistica.com\/realtur\/wp-json\/wp\/v2\/tags?post=7773"}],"curies":[{"name":"wp","href":"https:\/\/api.w.org\/{rel}","templated":true}]}}