{"id":7794,"date":"2024-08-02T02:42:09","date_gmt":"2024-08-02T02:42:09","guid":{"rendered":"https:\/\/realidadturistica.com\/realtur\/?p=7794"},"modified":"2024-08-02T02:42:12","modified_gmt":"2024-08-02T02:42:12","slug":"grupo-hotelero-gran-caribe-arriba-a-su-30-aniversario","status":"publish","type":"post","link":"https:\/\/realidadturistica.com\/realtur\/grupo-hotelero-gran-caribe-arriba-a-su-30-aniversario\/","title":{"rendered":"Grupo Hotelero Gran Caribe arriba a su 30 aniversario"},"content":{"rendered":"\n<p class=\"wp-block-yoast-seo-estimated-reading-time yoast-reading-time__wrapper\"><span class=\"yoast-reading-time__icon\"><svg aria-hidden=\"true\" focusable=\"false\" data-icon=\"clock\" width=\"20\" height=\"20\" fill=\"none\" stroke=\"currentColor\" style=\"display:inline-block;vertical-align:-0.1em\" role=\"img\" xmlns=\"http:\/\/www.w3.org\/2000\/svg\" viewBox=\"0 0 24 24\"><path stroke-linecap=\"round\" stroke-linejoin=\"round\" stroke-width=\"2\" d=\"M12 8v4l3 3m6-3a9 9 0 11-18 0 9 9 0 0118 0z\"><\/path><\/svg><\/span><span class=\"yoast-reading-time__spacer\" style=\"display:inline-block;width:1em\"><\/span><span class=\"yoast-reading-time__descriptive-text\">Estimated reading time: <\/span><span class=\"yoast-reading-time__reading-time\">3<\/span><span class=\"yoast-reading-time__time-unit\"> minutos<\/span><\/p>\n\n\n\n<p>El Grupo Hotelero Gran Caribe, uno de los m\u00e1s importantes en Cuba, arrib\u00f3 este 1 de agosto a su 30 aniversario, recibiendo una felicitaci\u00f3n del titular de Turismo de la isla, Juan Carlos Garc\u00eda Granda, quien en su cuenta de X manifest\u00f3 que se trataba de una fecha que representa un legado \u00fanico en el sistema de la industria de los viajes del pa\u00eds.<\/p>\n\n\n\n<p>Este d\u00eda se llev\u00f3 a cabo en el Hotel Nacional de Cuba la actividad central en saludo a esta importante fecha, que cont\u00f3 con la presencia del ministro de Turismo, Juan Carlos Garc\u00eda Granda, el escritor Miguel Barnet, directivos y trabajadores de Gran Caribe. Durante el encuentro se resalt\u00f3 el esfuerzo que durante todo este a\u00f1o ha venido realizando la cadena hotelera con vistas a mejorar los servicios y la excelencia en la atenci\u00f3n tur\u00edstica.<\/p>\n\n\n\n<p>Despu\u00e9s de una paulatina recuperaci\u00f3n post pandemia, Gran Caribe ha logrado una importante reactivaci\u00f3n, encaminada a situar a Cuba en los niveles tradicionales de turismo.<\/p>\n\n\n\n<figure class=\"wp-block-gallery has-nested-images columns-default is-cropped wp-block-gallery-1 is-layout-flex wp-block-gallery-is-layout-flex\">\n<figure class=\"wp-block-image size-large\"><img fetchpriority=\"high\" decoding=\"async\" width=\"1024\" height=\"461\" data-id=\"7796\" src=\"https:\/\/realidadturistica.com\/realtur\/wp-content\/uploads\/2024\/08\/Hotel-Nacional-1024x461.jpg\" alt=\"\" class=\"wp-image-7796\" srcset=\"https:\/\/realidadturistica.com\/realtur\/wp-content\/uploads\/2024\/08\/Hotel-Nacional-1024x461.jpg 1024w, https:\/\/realidadturistica.com\/realtur\/wp-content\/uploads\/2024\/08\/Hotel-Nacional-300x135.jpg 300w, https:\/\/realidadturistica.com\/realtur\/wp-content\/uploads\/2024\/08\/Hotel-Nacional-768x346.jpg 768w, https:\/\/realidadturistica.com\/realtur\/wp-content\/uploads\/2024\/08\/Hotel-Nacional-1536x691.jpg 1536w, https:\/\/realidadturistica.com\/realtur\/wp-content\/uploads\/2024\/08\/Hotel-Nacional-2048x922.jpg 2048w, https:\/\/realidadturistica.com\/realtur\/wp-content\/uploads\/2024\/08\/Hotel-Nacional-1920x864.jpg 1920w, https:\/\/realidadturistica.com\/realtur\/wp-content\/uploads\/2024\/08\/Hotel-Nacional-1170x527.jpg 1170w, https:\/\/realidadturistica.com\/realtur\/wp-content\/uploads\/2024\/08\/Hotel-Nacional-585x263.jpg 585w\" sizes=\"(max-width: 1024px) 100vw, 1024px\" \/><figcaption class=\"wp-element-caption\">Hotel Nacional de Cuba<\/figcaption><\/figure>\n\n\n\n<figure class=\"wp-block-image size-large\"><img decoding=\"async\" width=\"800\" height=\"533\" data-id=\"7797\" src=\"https:\/\/realidadturistica.com\/realtur\/wp-content\/uploads\/2024\/08\/playa-varadero2-baja.jpg\" alt=\"\" class=\"wp-image-7797\" srcset=\"https:\/\/realidadturistica.com\/realtur\/wp-content\/uploads\/2024\/08\/playa-varadero2-baja.jpg 800w, https:\/\/realidadturistica.com\/realtur\/wp-content\/uploads\/2024\/08\/playa-varadero2-baja-300x200.jpg 300w, https:\/\/realidadturistica.com\/realtur\/wp-content\/uploads\/2024\/08\/playa-varadero2-baja-768x512.jpg 768w, https:\/\/realidadturistica.com\/realtur\/wp-content\/uploads\/2024\/08\/playa-varadero2-baja-585x390.jpg 585w, https:\/\/realidadturistica.com\/realtur\/wp-content\/uploads\/2024\/08\/playa-varadero2-baja-263x175.jpg 263w\" sizes=\"(max-width: 800px) 100vw, 800px\" \/><figcaption class=\"wp-element-caption\">Playa de Varadero<\/figcaption><\/figure>\n<\/figure>\n\n\n\n<p>En la actualidad este importante grupo hotelero cuenta con 12 mil 123 habitaciones, distribuidas en 45 instalaciones, en los principales polos tur\u00edsticos del pa\u00eds. Se diferencia por la amplia gama de hoteles que posee donde resaltan su singular riqueza arquitect\u00f3nica, y con una rica historia cultural. Sus hoteles Todo Incluido se sit\u00faan en la primera l\u00ednea de playa, con bellos parajes v\u00edrgenes de los cayos m\u00e1s conocidos de Cuba, y con opciones de centros nocturnos y restaurantes de alta cocina cubana e internacional.<\/p>\n\n\n\n<p>Gran Caribe mantiene contratos de asociaci\u00f3n con importantes grupos hoteleros extranjeros, entre los que est\u00e1n Sol Meli\u00e1, Iberostar, Accor, Hoteles C, Globalia y Blue Bay, entre otros.<\/p>\n\n\n\n<p>El Grupo Hotelero Gran Caribe se funda el 1 de agosto de 1994, opera hoteles de 4 y 5 estrellas en los principales polos tur\u00edsticos del pa\u00eds, entre los hoteles destacados que administra la cadena est\u00e1n el Hotel Nacional de Cuba y el hist\u00f3rico Hotel Inglaterra en La Habana.<\/p>\n\n\n\n<p>Fuente: Realidad Tur\u00edstica.<\/p>\n","protected":false},"excerpt":{"rendered":"<p>El Grupo Hotelero Gran Caribe, uno de los m\u00e1s importantes en Cuba, arrib\u00f3 este 1 de agosto a su 30 aniversario, recibiendo una felicitaci\u00f3n del&hellip;<\/p>\n","protected":false},"author":2,"featured_media":7795,"comment_status":"open","ping_status":"closed","sticky":false,"template":"","format":"standard","meta":{"content-type":"","_lmt_disableupdate":"","_lmt_disable":"","footnotes":""},"categories":[4],"tags":[],"class_list":["post-7794","post","type-post","status-publish","format-standard","has-post-thumbnail","hentry","category-destinos"],"yoast_head":"<!-- This site is optimized with the Yoast SEO Premium plugin v27.4 (Yoast SEO v27.4) - https:\/\/yoast.com\/product\/yoast-seo-premium-wordpress\/ -->\n<title>Grupo Hotelero Gran Caribe arriba a su 30 aniversario - Realidad Tur\u00edstica<\/title>\n<meta name=\"robots\" content=\"index, follow, max-snippet:-1, max-image-preview:large, max-video-preview:-1\" \/>\n<link rel=\"canonical\" href=\"https:\/\/realidadturistica.com\/realtur\/grupo-hotelero-gran-caribe-arriba-a-su-30-aniversario\/\" \/>\n<meta property=\"og:locale\" content=\"es_ES\" \/>\n<meta property=\"og:type\" content=\"article\" \/>\n<meta property=\"og:title\" content=\"Grupo Hotelero Gran Caribe arriba a su 30 aniversario\" \/>\n<meta property=\"og:description\" content=\"El Grupo Hotelero Gran Caribe, uno de los m\u00e1s importantes en Cuba, arrib\u00f3 este 1 de agosto a su 30 aniversario, recibiendo una felicitaci\u00f3n del&hellip;\" \/>\n<meta property=\"og:url\" content=\"https:\/\/realidadturistica.com\/realtur\/grupo-hotelero-gran-caribe-arriba-a-su-30-aniversario\/\" \/>\n<meta property=\"og:site_name\" content=\"Realidad Tur\u00edstica\" \/>\n<meta property=\"article:publisher\" content=\"https:\/\/www.facebook.com\/realidadturistica\" \/>\n<meta property=\"article:published_time\" content=\"2024-08-02T02:42:09+00:00\" \/>\n<meta property=\"article:modified_time\" content=\"2024-08-02T02:42:12+00:00\" \/>\n<meta property=\"og:image\" content=\"https:\/\/realidadturistica.com\/realtur\/wp-content\/uploads\/2024\/08\/sGrupo-Hotelero-Gran-Caribe1.jpg\" \/>\n\t<meta property=\"og:image:width\" content=\"2048\" \/>\n\t<meta property=\"og:image:height\" content=\"1536\" \/>\n\t<meta property=\"og:image:type\" content=\"image\/jpeg\" \/>\n<meta name=\"author\" content=\"Editor\" \/>\n<meta name=\"twitter:card\" content=\"summary_large_image\" \/>\n<meta name=\"twitter:label1\" content=\"Escrito por\" \/>\n\t<meta name=\"twitter:data1\" content=\"Editor\" \/>\n\t<meta name=\"twitter:label2\" content=\"Tiempo de lectura\" \/>\n\t<meta name=\"twitter:data2\" content=\"3 minutos\" \/>\n<script type=\"application\/ld+json\" class=\"yoast-schema-graph\">{\"@context\":\"https:\\\/\\\/schema.org\",\"@graph\":[{\"@type\":\"Article\",\"@id\":\"https:\\\/\\\/realidadturistica.com\\\/realtur\\\/grupo-hotelero-gran-caribe-arriba-a-su-30-aniversario\\\/#article\",\"isPartOf\":{\"@id\":\"https:\\\/\\\/realidadturistica.com\\\/realtur\\\/grupo-hotelero-gran-caribe-arriba-a-su-30-aniversario\\\/\"},\"author\":{\"name\":\"Editor\",\"@id\":\"https:\\\/\\\/realidadturistica.com\\\/realtur\\\/#\\\/schema\\\/person\\\/ade671191202490fcf08ab21590de73e\"},\"headline\":\"Grupo Hotelero Gran Caribe arriba a su 30 aniversario\",\"datePublished\":\"2024-08-02T02:42:09+00:00\",\"dateModified\":\"2024-08-02T02:42:12+00:00\",\"mainEntityOfPage\":{\"@id\":\"https:\\\/\\\/realidadturistica.com\\\/realtur\\\/grupo-hotelero-gran-caribe-arriba-a-su-30-aniversario\\\/\"},\"wordCount\":362,\"commentCount\":0,\"publisher\":{\"@id\":\"https:\\\/\\\/realidadturistica.com\\\/realtur\\\/#organization\"},\"image\":{\"@id\":\"https:\\\/\\\/realidadturistica.com\\\/realtur\\\/grupo-hotelero-gran-caribe-arriba-a-su-30-aniversario\\\/#primaryimage\"},\"thumbnailUrl\":\"https:\\\/\\\/realidadturistica.com\\\/realtur\\\/wp-content\\\/uploads\\\/2024\\\/08\\\/sGrupo-Hotelero-Gran-Caribe1.jpg\",\"articleSection\":[\"Destinos M\u00e1gicos\"],\"inLanguage\":\"es\",\"potentialAction\":[{\"@type\":\"CommentAction\",\"name\":\"Comment\",\"target\":[\"https:\\\/\\\/realidadturistica.com\\\/realtur\\\/grupo-hotelero-gran-caribe-arriba-a-su-30-aniversario\\\/#respond\"]}]},{\"@type\":\"WebPage\",\"@id\":\"https:\\\/\\\/realidadturistica.com\\\/realtur\\\/grupo-hotelero-gran-caribe-arriba-a-su-30-aniversario\\\/\",\"url\":\"https:\\\/\\\/realidadturistica.com\\\/realtur\\\/grupo-hotelero-gran-caribe-arriba-a-su-30-aniversario\\\/\",\"name\":\"Grupo Hotelero Gran Caribe arriba a su 30 aniversario - Realidad Tur\u00edstica\",\"isPartOf\":{\"@id\":\"https:\\\/\\\/realidadturistica.com\\\/realtur\\\/#website\"},\"primaryImageOfPage\":{\"@id\":\"https:\\\/\\\/realidadturistica.com\\\/realtur\\\/grupo-hotelero-gran-caribe-arriba-a-su-30-aniversario\\\/#primaryimage\"},\"image\":{\"@id\":\"https:\\\/\\\/realidadturistica.com\\\/realtur\\\/grupo-hotelero-gran-caribe-arriba-a-su-30-aniversario\\\/#primaryimage\"},\"thumbnailUrl\":\"https:\\\/\\\/realidadturistica.com\\\/realtur\\\/wp-content\\\/uploads\\\/2024\\\/08\\\/sGrupo-Hotelero-Gran-Caribe1.jpg\",\"datePublished\":\"2024-08-02T02:42:09+00:00\",\"dateModified\":\"2024-08-02T02:42:12+00:00\",\"breadcrumb\":{\"@id\":\"https:\\\/\\\/realidadturistica.com\\\/realtur\\\/grupo-hotelero-gran-caribe-arriba-a-su-30-aniversario\\\/#breadcrumb\"},\"inLanguage\":\"es\",\"potentialAction\":[{\"@type\":\"ReadAction\",\"target\":[\"https:\\\/\\\/realidadturistica.com\\\/realtur\\\/grupo-hotelero-gran-caribe-arriba-a-su-30-aniversario\\\/\"]}]},{\"@type\":\"ImageObject\",\"inLanguage\":\"es\",\"@id\":\"https:\\\/\\\/realidadturistica.com\\\/realtur\\\/grupo-hotelero-gran-caribe-arriba-a-su-30-aniversario\\\/#primaryimage\",\"url\":\"https:\\\/\\\/realidadturistica.com\\\/realtur\\\/wp-content\\\/uploads\\\/2024\\\/08\\\/sGrupo-Hotelero-Gran-Caribe1.jpg\",\"contentUrl\":\"https:\\\/\\\/realidadturistica.com\\\/realtur\\\/wp-content\\\/uploads\\\/2024\\\/08\\\/sGrupo-Hotelero-Gran-Caribe1.jpg\",\"width\":2048,\"height\":1536},{\"@type\":\"BreadcrumbList\",\"@id\":\"https:\\\/\\\/realidadturistica.com\\\/realtur\\\/grupo-hotelero-gran-caribe-arriba-a-su-30-aniversario\\\/#breadcrumb\",\"itemListElement\":[{\"@type\":\"ListItem\",\"position\":1,\"name\":\"Portada\",\"item\":\"https:\\\/\\\/realidadturistica.com\\\/realtur\\\/\"},{\"@type\":\"ListItem\",\"position\":2,\"name\":\"Grupo Hotelero Gran Caribe arriba a su 30 aniversario\"}]},{\"@type\":\"WebSite\",\"@id\":\"https:\\\/\\\/realidadturistica.com\\\/realtur\\\/#website\",\"url\":\"https:\\\/\\\/realidadturistica.com\\\/realtur\\\/\",\"name\":\"Realidad Tur\u00edstica\",\"description\":\"\",\"publisher\":{\"@id\":\"https:\\\/\\\/realidadturistica.com\\\/realtur\\\/#organization\"},\"potentialAction\":[{\"@type\":\"SearchAction\",\"target\":{\"@type\":\"EntryPoint\",\"urlTemplate\":\"https:\\\/\\\/realidadturistica.com\\\/realtur\\\/?s={search_term_string}\"},\"query-input\":{\"@type\":\"PropertyValueSpecification\",\"valueRequired\":true,\"valueName\":\"search_term_string\"}}],\"inLanguage\":\"es\"},{\"@type\":\"Organization\",\"@id\":\"https:\\\/\\\/realidadturistica.com\\\/realtur\\\/#organization\",\"name\":\"Realidad Tur\u00edstica\",\"url\":\"https:\\\/\\\/realidadturistica.com\\\/realtur\\\/\",\"logo\":{\"@type\":\"ImageObject\",\"inLanguage\":\"es\",\"@id\":\"https:\\\/\\\/realidadturistica.com\\\/realtur\\\/#\\\/schema\\\/logo\\\/image\\\/\",\"url\":\"https:\\\/\\\/realidadturistica.com\\\/realtur\\\/wp-content\\\/uploads\\\/2021\\\/12\\\/logotipo-realidad-turistica.png\",\"contentUrl\":\"https:\\\/\\\/realidadturistica.com\\\/realtur\\\/wp-content\\\/uploads\\\/2021\\\/12\\\/logotipo-realidad-turistica.png\",\"width\":1382,\"height\":629,\"caption\":\"Realidad Tur\u00edstica\"},\"image\":{\"@id\":\"https:\\\/\\\/realidadturistica.com\\\/realtur\\\/#\\\/schema\\\/logo\\\/image\\\/\"},\"sameAs\":[\"https:\\\/\\\/www.facebook.com\\\/realidadturistica\",\"https:\\\/\\\/www.instagram.com\\\/realidad_turistica\\\/\"]},{\"@type\":\"Person\",\"@id\":\"https:\\\/\\\/realidadturistica.com\\\/realtur\\\/#\\\/schema\\\/person\\\/ade671191202490fcf08ab21590de73e\",\"name\":\"Editor\",\"image\":{\"@type\":\"ImageObject\",\"inLanguage\":\"es\",\"@id\":\"https:\\\/\\\/realidadturistica.com\\\/realtur\\\/wp-content\\\/uploads\\\/2023\\\/09\\\/Editor_avatar_1693668634-96x96.png\",\"url\":\"https:\\\/\\\/realidadturistica.com\\\/realtur\\\/wp-content\\\/uploads\\\/2023\\\/09\\\/Editor_avatar_1693668634-96x96.png\",\"contentUrl\":\"https:\\\/\\\/realidadturistica.com\\\/realtur\\\/wp-content\\\/uploads\\\/2023\\\/09\\\/Editor_avatar_1693668634-96x96.png\",\"caption\":\"Editor\"},\"sameAs\":[\"https:\\\/\\\/realidadturistica.com\\\/realtur\"],\"url\":\"https:\\\/\\\/realidadturistica.com\\\/realtur\\\/author\\\/editor2\\\/\"}]}<\/script>\n<!-- \/ Yoast SEO Premium plugin. -->","yoast_head_json":{"title":"Grupo Hotelero Gran Caribe arriba a su 30 aniversario - Realidad Tur\u00edstica","robots":{"index":"index","follow":"follow","max-snippet":"max-snippet:-1","max-image-preview":"max-image-preview:large","max-video-preview":"max-video-preview:-1"},"canonical":"https:\/\/realidadturistica.com\/realtur\/grupo-hotelero-gran-caribe-arriba-a-su-30-aniversario\/","og_locale":"es_ES","og_type":"article","og_title":"Grupo Hotelero Gran Caribe arriba a su 30 aniversario","og_description":"El Grupo Hotelero Gran Caribe, uno de los m\u00e1s importantes en Cuba, arrib\u00f3 este 1 de agosto a su 30 aniversario, recibiendo una felicitaci\u00f3n del&hellip;","og_url":"https:\/\/realidadturistica.com\/realtur\/grupo-hotelero-gran-caribe-arriba-a-su-30-aniversario\/","og_site_name":"Realidad Tur\u00edstica","article_publisher":"https:\/\/www.facebook.com\/realidadturistica","article_published_time":"2024-08-02T02:42:09+00:00","article_modified_time":"2024-08-02T02:42:12+00:00","og_image":[{"width":2048,"height":1536,"url":"https:\/\/realidadturistica.com\/realtur\/wp-content\/uploads\/2024\/08\/sGrupo-Hotelero-Gran-Caribe1.jpg","type":"image\/jpeg"}],"author":"Editor","twitter_card":"summary_large_image","twitter_misc":{"Escrito por":"Editor","Tiempo de lectura":"3 minutos"},"schema":{"@context":"https:\/\/schema.org","@graph":[{"@type":"Article","@id":"https:\/\/realidadturistica.com\/realtur\/grupo-hotelero-gran-caribe-arriba-a-su-30-aniversario\/#article","isPartOf":{"@id":"https:\/\/realidadturistica.com\/realtur\/grupo-hotelero-gran-caribe-arriba-a-su-30-aniversario\/"},"author":{"name":"Editor","@id":"https:\/\/realidadturistica.com\/realtur\/#\/schema\/person\/ade671191202490fcf08ab21590de73e"},"headline":"Grupo Hotelero Gran Caribe arriba a su 30 aniversario","datePublished":"2024-08-02T02:42:09+00:00","dateModified":"2024-08-02T02:42:12+00:00","mainEntityOfPage":{"@id":"https:\/\/realidadturistica.com\/realtur\/grupo-hotelero-gran-caribe-arriba-a-su-30-aniversario\/"},"wordCount":362,"commentCount":0,"publisher":{"@id":"https:\/\/realidadturistica.com\/realtur\/#organization"},"image":{"@id":"https:\/\/realidadturistica.com\/realtur\/grupo-hotelero-gran-caribe-arriba-a-su-30-aniversario\/#primaryimage"},"thumbnailUrl":"https:\/\/realidadturistica.com\/realtur\/wp-content\/uploads\/2024\/08\/sGrupo-Hotelero-Gran-Caribe1.jpg","articleSection":["Destinos M\u00e1gicos"],"inLanguage":"es","potentialAction":[{"@type":"CommentAction","name":"Comment","target":["https:\/\/realidadturistica.com\/realtur\/grupo-hotelero-gran-caribe-arriba-a-su-30-aniversario\/#respond"]}]},{"@type":"WebPage","@id":"https:\/\/realidadturistica.com\/realtur\/grupo-hotelero-gran-caribe-arriba-a-su-30-aniversario\/","url":"https:\/\/realidadturistica.com\/realtur\/grupo-hotelero-gran-caribe-arriba-a-su-30-aniversario\/","name":"Grupo Hotelero Gran Caribe arriba a su 30 aniversario - Realidad Tur\u00edstica","isPartOf":{"@id":"https:\/\/realidadturistica.com\/realtur\/#website"},"primaryImageOfPage":{"@id":"https:\/\/realidadturistica.com\/realtur\/grupo-hotelero-gran-caribe-arriba-a-su-30-aniversario\/#primaryimage"},"image":{"@id":"https:\/\/realidadturistica.com\/realtur\/grupo-hotelero-gran-caribe-arriba-a-su-30-aniversario\/#primaryimage"},"thumbnailUrl":"https:\/\/realidadturistica.com\/realtur\/wp-content\/uploads\/2024\/08\/sGrupo-Hotelero-Gran-Caribe1.jpg","datePublished":"2024-08-02T02:42:09+00:00","dateModified":"2024-08-02T02:42:12+00:00","breadcrumb":{"@id":"https:\/\/realidadturistica.com\/realtur\/grupo-hotelero-gran-caribe-arriba-a-su-30-aniversario\/#breadcrumb"},"inLanguage":"es","potentialAction":[{"@type":"ReadAction","target":["https:\/\/realidadturistica.com\/realtur\/grupo-hotelero-gran-caribe-arriba-a-su-30-aniversario\/"]}]},{"@type":"ImageObject","inLanguage":"es","@id":"https:\/\/realidadturistica.com\/realtur\/grupo-hotelero-gran-caribe-arriba-a-su-30-aniversario\/#primaryimage","url":"https:\/\/realidadturistica.com\/realtur\/wp-content\/uploads\/2024\/08\/sGrupo-Hotelero-Gran-Caribe1.jpg","contentUrl":"https:\/\/realidadturistica.com\/realtur\/wp-content\/uploads\/2024\/08\/sGrupo-Hotelero-Gran-Caribe1.jpg","width":2048,"height":1536},{"@type":"BreadcrumbList","@id":"https:\/\/realidadturistica.com\/realtur\/grupo-hotelero-gran-caribe-arriba-a-su-30-aniversario\/#breadcrumb","itemListElement":[{"@type":"ListItem","position":1,"name":"Portada","item":"https:\/\/realidadturistica.com\/realtur\/"},{"@type":"ListItem","position":2,"name":"Grupo Hotelero Gran Caribe arriba a su 30 aniversario"}]},{"@type":"WebSite","@id":"https:\/\/realidadturistica.com\/realtur\/#website","url":"https:\/\/realidadturistica.com\/realtur\/","name":"Realidad Tur\u00edstica","description":"","publisher":{"@id":"https:\/\/realidadturistica.com\/realtur\/#organization"},"potentialAction":[{"@type":"SearchAction","target":{"@type":"EntryPoint","urlTemplate":"https:\/\/realidadturistica.com\/realtur\/?s={search_term_string}"},"query-input":{"@type":"PropertyValueSpecification","valueRequired":true,"valueName":"search_term_string"}}],"inLanguage":"es"},{"@type":"Organization","@id":"https:\/\/realidadturistica.com\/realtur\/#organization","name":"Realidad Tur\u00edstica","url":"https:\/\/realidadturistica.com\/realtur\/","logo":{"@type":"ImageObject","inLanguage":"es","@id":"https:\/\/realidadturistica.com\/realtur\/#\/schema\/logo\/image\/","url":"https:\/\/realidadturistica.com\/realtur\/wp-content\/uploads\/2021\/12\/logotipo-realidad-turistica.png","contentUrl":"https:\/\/realidadturistica.com\/realtur\/wp-content\/uploads\/2021\/12\/logotipo-realidad-turistica.png","width":1382,"height":629,"caption":"Realidad Tur\u00edstica"},"image":{"@id":"https:\/\/realidadturistica.com\/realtur\/#\/schema\/logo\/image\/"},"sameAs":["https:\/\/www.facebook.com\/realidadturistica","https:\/\/www.instagram.com\/realidad_turistica\/"]},{"@type":"Person","@id":"https:\/\/realidadturistica.com\/realtur\/#\/schema\/person\/ade671191202490fcf08ab21590de73e","name":"Editor","image":{"@type":"ImageObject","inLanguage":"es","@id":"https:\/\/realidadturistica.com\/realtur\/wp-content\/uploads\/2023\/09\/Editor_avatar_1693668634-96x96.png","url":"https:\/\/realidadturistica.com\/realtur\/wp-content\/uploads\/2023\/09\/Editor_avatar_1693668634-96x96.png","contentUrl":"https:\/\/realidadturistica.com\/realtur\/wp-content\/uploads\/2023\/09\/Editor_avatar_1693668634-96x96.png","caption":"Editor"},"sameAs":["https:\/\/realidadturistica.com\/realtur"],"url":"https:\/\/realidadturistica.com\/realtur\/author\/editor2\/"}]}},"_links":{"self":[{"href":"https:\/\/realidadturistica.com\/realtur\/wp-json\/wp\/v2\/posts\/7794","targetHints":{"allow":["GET"]}}],"collection":[{"href":"https:\/\/realidadturistica.com\/realtur\/wp-json\/wp\/v2\/posts"}],"about":[{"href":"https:\/\/realidadturistica.com\/realtur\/wp-json\/wp\/v2\/types\/post"}],"author":[{"embeddable":true,"href":"https:\/\/realidadturistica.com\/realtur\/wp-json\/wp\/v2\/users\/2"}],"replies":[{"embeddable":true,"href":"https:\/\/realidadturistica.com\/realtur\/wp-json\/wp\/v2\/comments?post=7794"}],"version-history":[{"count":1,"href":"https:\/\/realidadturistica.com\/realtur\/wp-json\/wp\/v2\/posts\/7794\/revisions"}],"predecessor-version":[{"id":7798,"href":"https:\/\/realidadturistica.com\/realtur\/wp-json\/wp\/v2\/posts\/7794\/revisions\/7798"}],"wp:featuredmedia":[{"embeddable":true,"href":"https:\/\/realidadturistica.com\/realtur\/wp-json\/wp\/v2\/media\/7795"}],"wp:attachment":[{"href":"https:\/\/realidadturistica.com\/realtur\/wp-json\/wp\/v2\/media?parent=7794"}],"wp:term":[{"taxonomy":"category","embeddable":true,"href":"https:\/\/realidadturistica.com\/realtur\/wp-json\/wp\/v2\/categories?post=7794"},{"taxonomy":"post_tag","embeddable":true,"href":"https:\/\/realidadturistica.com\/realtur\/wp-json\/wp\/v2\/tags?post=7794"}],"curies":[{"name":"wp","href":"https:\/\/api.w.org\/{rel}","templated":true}]}}