{"id":7845,"date":"2024-08-15T01:23:06","date_gmt":"2024-08-15T01:23:06","guid":{"rendered":"https:\/\/realidadturistica.com\/realtur\/?p=7845"},"modified":"2024-08-15T01:27:38","modified_gmt":"2024-08-15T01:27:38","slug":"air-europa-incorpora-un-nuevo-boeing-787-9-a-su-flota-de-largo-radio","status":"publish","type":"post","link":"https:\/\/realidadturistica.com\/realtur\/air-europa-incorpora-un-nuevo-boeing-787-9-a-su-flota-de-largo-radio\/","title":{"rendered":"Air Europa incorpora un nuevo Boeing 787-9 a su flota de largo radio"},"content":{"rendered":"\n<p class=\"wp-block-yoast-seo-estimated-reading-time yoast-reading-time__wrapper\"><span class=\"yoast-reading-time__icon\"><svg aria-hidden=\"true\" focusable=\"false\" data-icon=\"clock\" width=\"20\" height=\"20\" fill=\"none\" stroke=\"currentColor\" style=\"display:inline-block;vertical-align:-0.1em\" role=\"img\" xmlns=\"http:\/\/www.w3.org\/2000\/svg\" viewBox=\"0 0 24 24\"><path stroke-linecap=\"round\" stroke-linejoin=\"round\" stroke-width=\"2\" d=\"M12 8v4l3 3m6-3a9 9 0 11-18 0 9 9 0 0118 0z\"><\/path><\/svg><\/span><span class=\"yoast-reading-time__spacer\" style=\"display:inline-block;width:1em\"><\/span><span class=\"yoast-reading-time__descriptive-text\">Estimated reading time: <\/span><span class=\"yoast-reading-time__reading-time\">0<\/span><span class=\"yoast-reading-time__time-unit\"> minutos<\/span><\/p>\n\n\n\n<p>\u2022&nbsp;&nbsp;&nbsp;&nbsp;&nbsp;&nbsp;&nbsp;&nbsp;&nbsp; La aeronave permite responder al alto nivel de demanda en los meses de verano, as\u00ed como en la conectividad entre Europa y Am\u00e9rica.<\/p>\n\n\n\n<p>Madrid, 12 de agosto de 2024.- <a href=\"https:\/\/www.aireuropa.com\/\">Air Europa<\/a> acaba de incorporar a su flota un nuevo Boeing 787-9 Dreamliner con el que ya ha comenzado a prestar servicio, principalmente, en rutas de largo radio. El aparato permite responder al incremento de la demanda registrada en los meses de verano, as\u00ed como a las necesidades en otras rutas con alto volumen de ocupaci\u00f3n.<\/p>\n\n\n\n<p>En esta temporada estival, la compa\u00f1\u00eda ha aumentado frecuencias en algunas de sus principales rutas entre Europa y Am\u00e9rica, activando asimismo nuevos destinos, como Santiago de los Caballeros, en Rep\u00fablica Dominicana.<\/p>\n\n\n\n<p>Con esta aeronave se elevan a 26 el n\u00famero total de Dreamliners con los que ya cuenta la aerol\u00ednea. A pesar de los retrasos que, a escala global, registra el mercado en la entrega de aviones comerciales, <a href=\"https:\/\/www.aireuropa.com\/\">Air Europa<\/a> sigue cumpliendo con las previsiones establecidas en su Plan Estrat\u00e9gico. La compa\u00f1\u00eda, que cuenta con un acuerdo de exclusividad con Boeing, ha unificado su flota en torno a modelos de este fabricante. A los Boeing 787 hay que sumar tambi\u00e9n los 27 Boeing 737-800 de pasillo \u00fanico de los que dispone la aerol\u00ednea, a los que pr\u00f3ximamente se unir\u00e1n sus primeros Boeing 737 MAX.<\/p>\n\n\n\n<figure class=\"wp-block-image size-large\"><img fetchpriority=\"high\" decoding=\"async\" width=\"1024\" height=\"683\" src=\"https:\/\/realidadturistica.com\/realtur\/wp-content\/uploads\/2024\/08\/Cabina-1024x683.jpg\" alt=\"\" class=\"wp-image-7847\" srcset=\"https:\/\/realidadturistica.com\/realtur\/wp-content\/uploads\/2024\/08\/Cabina-1024x683.jpg 1024w, https:\/\/realidadturistica.com\/realtur\/wp-content\/uploads\/2024\/08\/Cabina-300x200.jpg 300w, https:\/\/realidadturistica.com\/realtur\/wp-content\/uploads\/2024\/08\/Cabina-768x512.jpg 768w, https:\/\/realidadturistica.com\/realtur\/wp-content\/uploads\/2024\/08\/Cabina-1536x1024.jpg 1536w, https:\/\/realidadturistica.com\/realtur\/wp-content\/uploads\/2024\/08\/Cabina-2048x1365.jpg 2048w, https:\/\/realidadturistica.com\/realtur\/wp-content\/uploads\/2024\/08\/Cabina-1920x1280.jpg 1920w, https:\/\/realidadturistica.com\/realtur\/wp-content\/uploads\/2024\/08\/Cabina-1170x780.jpg 1170w, https:\/\/realidadturistica.com\/realtur\/wp-content\/uploads\/2024\/08\/Cabina-585x390.jpg 585w, https:\/\/realidadturistica.com\/realtur\/wp-content\/uploads\/2024\/08\/Cabina-263x175.jpg 263w\" sizes=\"(max-width: 1024px) 100vw, 1024px\" \/><\/figure>\n\n\n\n<p>El Boeing 787 Dreamliner es el modelo m\u00e1s moderno y eficiente de su categor\u00eda. Gracias a su configuraci\u00f3n y a los elementos con los que est\u00e1 fabricado, es capaz de disminuir el consumo de carburante y las emisiones en hasta un 25%. Asimismo, sus motores reducen el impacto ac\u00fastico en hasta un 60%, acortando en hasta 40 minutos la duraci\u00f3n de algunos vuelos de largo radio. Por otra parte, est\u00e1 dise\u00f1ado para proporcionar un entorno mucho m\u00e1s c\u00f3modo al pasajero. Dispone de ventanas un 30% m\u00e1s grandes de lo habitual, as\u00ed como de m\u00e1s espacio en cabina y un sistema de ventilaci\u00f3n que contribuye a reducir la fatiga en viajes transoce\u00e1nicos, mejorando el descanso del usuario.<\/p>\n\n\n\n<p><strong>Acerca de Air Europa<\/strong><\/p>\n\n\n\n<p>En el aire desde 1986, <a href=\"https:\/\/www.aireuropa.com\/\">Air Europa<\/a> es una aerol\u00ednea espa\u00f1ola miembro de la alianza SkyTeam. La flota de la compa\u00f1\u00eda, constituida por 53 aeronaves, es una de las m\u00e1s modernas y sostenibles del sector, integrada por modelos Boeing 787 Dreamliner y Boeing 737 que garantizan la m\u00e1xima eficiencia y comodidad para sus pasajeros. <a href=\"https:\/\/www.aireuropa.com\/\">Air Europa<\/a> vuela a m\u00e1s de 55 destinos en todo el mundo y cuenta con una posici\u00f3n estrat\u00e9gica en el hub del aeropuerto Adolfo Su\u00e1rez Madrid-Barajas, conectando Europa y Am\u00e9rica. La compa\u00f1\u00eda destaca por su firme compromiso con la sostenibilidad y la descarbonizaci\u00f3n, as\u00ed como por su apuesta por la innovaci\u00f3n a trav\u00e9s de la incorporaci\u00f3n de las tecnolog\u00edas m\u00e1s avanzadas para la digitalizaci\u00f3n y optimizaci\u00f3n de sus procesos. Adem\u00e1s, <a href=\"https:\/\/www.aireuropa.com\/\">Air Europa<\/a> brinda un elevado nivel de excelencia a sus pasajeros y figura habitualmente entre las aerol\u00edneas m\u00e1s puntuales del continente europeo.<\/p>\n\n\n\n<p>Fuente: Departamento de Comunicaci\u00f3n \/ comunicacion@globalia.com<\/p>\n\n\n\n<p>Para m\u00e1s informaci\u00f3n: <a href=\"https:\/\/www.aireuropa.com\/\">https:\/\/www.aireuropa.com\/<\/a><\/p>\n","protected":false},"excerpt":{"rendered":"<p>\u2022&nbsp;&nbsp;&nbsp;&nbsp;&nbsp;&nbsp;&nbsp;&nbsp;&nbsp; La aeronave permite responder al alto nivel de demanda en los meses de verano, as\u00ed como en la conectividad entre Europa y Am\u00e9rica. Madrid,&hellip;<\/p>\n","protected":false},"author":2,"featured_media":7846,"comment_status":"open","ping_status":"closed","sticky":false,"template":"","format":"standard","meta":{"content-type":"","_lmt_disableupdate":"","_lmt_disable":"","footnotes":""},"categories":[2],"tags":[],"class_list":["post-7845","post","type-post","status-publish","format-standard","has-post-thumbnail","hentry","category-aerolineas"],"yoast_head":"<!-- This site is optimized with the Yoast SEO Premium plugin v27.4 (Yoast SEO v27.5) - https:\/\/yoast.com\/product\/yoast-seo-premium-wordpress\/ -->\n<title>Air Europa incorpora un nuevo Boeing 787-9 a su flota de largo radio - Realidad Tur\u00edstica<\/title>\n<meta name=\"robots\" content=\"index, follow, max-snippet:-1, max-image-preview:large, max-video-preview:-1\" \/>\n<link rel=\"canonical\" href=\"https:\/\/realidadturistica.com\/realtur\/air-europa-incorpora-un-nuevo-boeing-787-9-a-su-flota-de-largo-radio\/\" \/>\n<meta property=\"og:locale\" content=\"es_ES\" \/>\n<meta property=\"og:type\" content=\"article\" \/>\n<meta property=\"og:title\" content=\"Air Europa incorpora un nuevo Boeing 787-9 a su flota de largo radio\" \/>\n<meta property=\"og:description\" content=\"\u2022&nbsp;&nbsp;&nbsp;&nbsp;&nbsp;&nbsp;&nbsp;&nbsp;&nbsp; La aeronave permite responder al alto nivel de demanda en los meses de verano, as\u00ed como en la conectividad entre Europa y Am\u00e9rica. Madrid,&hellip;\" \/>\n<meta property=\"og:url\" content=\"https:\/\/realidadturistica.com\/realtur\/air-europa-incorpora-un-nuevo-boeing-787-9-a-su-flota-de-largo-radio\/\" \/>\n<meta property=\"og:site_name\" content=\"Realidad Tur\u00edstica\" \/>\n<meta property=\"article:publisher\" content=\"https:\/\/www.facebook.com\/realidadturistica\" \/>\n<meta property=\"article:published_time\" content=\"2024-08-15T01:23:06+00:00\" \/>\n<meta property=\"article:modified_time\" content=\"2024-08-15T01:27:38+00:00\" \/>\n<meta property=\"og:image\" content=\"https:\/\/realidadturistica.com\/realtur\/wp-content\/uploads\/2024\/08\/El-avion-tras-su-aterrizaje-scaled.jpg\" \/>\n\t<meta property=\"og:image:width\" content=\"2560\" \/>\n\t<meta property=\"og:image:height\" content=\"1707\" \/>\n\t<meta property=\"og:image:type\" content=\"image\/jpeg\" \/>\n<meta name=\"author\" content=\"Editor\" \/>\n<meta name=\"twitter:card\" content=\"summary_large_image\" \/>\n<meta name=\"twitter:label1\" content=\"Escrito por\" \/>\n\t<meta name=\"twitter:data1\" content=\"Editor\" \/>\n\t<meta name=\"twitter:label2\" content=\"Tiempo de lectura\" \/>\n\t<meta name=\"twitter:data2\" content=\"3 minutos\" \/>\n<script type=\"application\/ld+json\" class=\"yoast-schema-graph\">{\"@context\":\"https:\\\/\\\/schema.org\",\"@graph\":[{\"@type\":\"Article\",\"@id\":\"https:\\\/\\\/realidadturistica.com\\\/realtur\\\/air-europa-incorpora-un-nuevo-boeing-787-9-a-su-flota-de-largo-radio\\\/#article\",\"isPartOf\":{\"@id\":\"https:\\\/\\\/realidadturistica.com\\\/realtur\\\/air-europa-incorpora-un-nuevo-boeing-787-9-a-su-flota-de-largo-radio\\\/\"},\"author\":{\"name\":\"Editor\",\"@id\":\"https:\\\/\\\/realidadturistica.com\\\/realtur\\\/#\\\/schema\\\/person\\\/ade671191202490fcf08ab21590de73e\"},\"headline\":\"Air Europa incorpora un nuevo Boeing 787-9 a su flota de largo radio\",\"datePublished\":\"2024-08-15T01:23:06+00:00\",\"dateModified\":\"2024-08-15T01:27:38+00:00\",\"mainEntityOfPage\":{\"@id\":\"https:\\\/\\\/realidadturistica.com\\\/realtur\\\/air-europa-incorpora-un-nuevo-boeing-787-9-a-su-flota-de-largo-radio\\\/\"},\"wordCount\":560,\"commentCount\":0,\"publisher\":{\"@id\":\"https:\\\/\\\/realidadturistica.com\\\/realtur\\\/#organization\"},\"image\":{\"@id\":\"https:\\\/\\\/realidadturistica.com\\\/realtur\\\/air-europa-incorpora-un-nuevo-boeing-787-9-a-su-flota-de-largo-radio\\\/#primaryimage\"},\"thumbnailUrl\":\"https:\\\/\\\/realidadturistica.com\\\/realtur\\\/wp-content\\\/uploads\\\/2024\\\/08\\\/El-avion-tras-su-aterrizaje-scaled.jpg\",\"articleSection\":[\"Volar con pasi\u00f3n\"],\"inLanguage\":\"es\",\"potentialAction\":[{\"@type\":\"CommentAction\",\"name\":\"Comment\",\"target\":[\"https:\\\/\\\/realidadturistica.com\\\/realtur\\\/air-europa-incorpora-un-nuevo-boeing-787-9-a-su-flota-de-largo-radio\\\/#respond\"]}]},{\"@type\":\"WebPage\",\"@id\":\"https:\\\/\\\/realidadturistica.com\\\/realtur\\\/air-europa-incorpora-un-nuevo-boeing-787-9-a-su-flota-de-largo-radio\\\/\",\"url\":\"https:\\\/\\\/realidadturistica.com\\\/realtur\\\/air-europa-incorpora-un-nuevo-boeing-787-9-a-su-flota-de-largo-radio\\\/\",\"name\":\"Air Europa incorpora un nuevo Boeing 787-9 a su flota de largo radio - Realidad Tur\u00edstica\",\"isPartOf\":{\"@id\":\"https:\\\/\\\/realidadturistica.com\\\/realtur\\\/#website\"},\"primaryImageOfPage\":{\"@id\":\"https:\\\/\\\/realidadturistica.com\\\/realtur\\\/air-europa-incorpora-un-nuevo-boeing-787-9-a-su-flota-de-largo-radio\\\/#primaryimage\"},\"image\":{\"@id\":\"https:\\\/\\\/realidadturistica.com\\\/realtur\\\/air-europa-incorpora-un-nuevo-boeing-787-9-a-su-flota-de-largo-radio\\\/#primaryimage\"},\"thumbnailUrl\":\"https:\\\/\\\/realidadturistica.com\\\/realtur\\\/wp-content\\\/uploads\\\/2024\\\/08\\\/El-avion-tras-su-aterrizaje-scaled.jpg\",\"datePublished\":\"2024-08-15T01:23:06+00:00\",\"dateModified\":\"2024-08-15T01:27:38+00:00\",\"breadcrumb\":{\"@id\":\"https:\\\/\\\/realidadturistica.com\\\/realtur\\\/air-europa-incorpora-un-nuevo-boeing-787-9-a-su-flota-de-largo-radio\\\/#breadcrumb\"},\"inLanguage\":\"es\",\"potentialAction\":[{\"@type\":\"ReadAction\",\"target\":[\"https:\\\/\\\/realidadturistica.com\\\/realtur\\\/air-europa-incorpora-un-nuevo-boeing-787-9-a-su-flota-de-largo-radio\\\/\"]}]},{\"@type\":\"ImageObject\",\"inLanguage\":\"es\",\"@id\":\"https:\\\/\\\/realidadturistica.com\\\/realtur\\\/air-europa-incorpora-un-nuevo-boeing-787-9-a-su-flota-de-largo-radio\\\/#primaryimage\",\"url\":\"https:\\\/\\\/realidadturistica.com\\\/realtur\\\/wp-content\\\/uploads\\\/2024\\\/08\\\/El-avion-tras-su-aterrizaje-scaled.jpg\",\"contentUrl\":\"https:\\\/\\\/realidadturistica.com\\\/realtur\\\/wp-content\\\/uploads\\\/2024\\\/08\\\/El-avion-tras-su-aterrizaje-scaled.jpg\",\"width\":2560,\"height\":1707},{\"@type\":\"BreadcrumbList\",\"@id\":\"https:\\\/\\\/realidadturistica.com\\\/realtur\\\/air-europa-incorpora-un-nuevo-boeing-787-9-a-su-flota-de-largo-radio\\\/#breadcrumb\",\"itemListElement\":[{\"@type\":\"ListItem\",\"position\":1,\"name\":\"Portada\",\"item\":\"https:\\\/\\\/realidadturistica.com\\\/realtur\\\/\"},{\"@type\":\"ListItem\",\"position\":2,\"name\":\"Air Europa incorpora un nuevo Boeing 787-9 a su flota de largo radio\"}]},{\"@type\":\"WebSite\",\"@id\":\"https:\\\/\\\/realidadturistica.com\\\/realtur\\\/#website\",\"url\":\"https:\\\/\\\/realidadturistica.com\\\/realtur\\\/\",\"name\":\"Realidad Tur\u00edstica\",\"description\":\"\",\"publisher\":{\"@id\":\"https:\\\/\\\/realidadturistica.com\\\/realtur\\\/#organization\"},\"potentialAction\":[{\"@type\":\"SearchAction\",\"target\":{\"@type\":\"EntryPoint\",\"urlTemplate\":\"https:\\\/\\\/realidadturistica.com\\\/realtur\\\/?s={search_term_string}\"},\"query-input\":{\"@type\":\"PropertyValueSpecification\",\"valueRequired\":true,\"valueName\":\"search_term_string\"}}],\"inLanguage\":\"es\"},{\"@type\":\"Organization\",\"@id\":\"https:\\\/\\\/realidadturistica.com\\\/realtur\\\/#organization\",\"name\":\"Realidad Tur\u00edstica\",\"url\":\"https:\\\/\\\/realidadturistica.com\\\/realtur\\\/\",\"logo\":{\"@type\":\"ImageObject\",\"inLanguage\":\"es\",\"@id\":\"https:\\\/\\\/realidadturistica.com\\\/realtur\\\/#\\\/schema\\\/logo\\\/image\\\/\",\"url\":\"https:\\\/\\\/realidadturistica.com\\\/realtur\\\/wp-content\\\/uploads\\\/2021\\\/12\\\/logotipo-realidad-turistica.png\",\"contentUrl\":\"https:\\\/\\\/realidadturistica.com\\\/realtur\\\/wp-content\\\/uploads\\\/2021\\\/12\\\/logotipo-realidad-turistica.png\",\"width\":1382,\"height\":629,\"caption\":\"Realidad Tur\u00edstica\"},\"image\":{\"@id\":\"https:\\\/\\\/realidadturistica.com\\\/realtur\\\/#\\\/schema\\\/logo\\\/image\\\/\"},\"sameAs\":[\"https:\\\/\\\/www.facebook.com\\\/realidadturistica\",\"https:\\\/\\\/www.instagram.com\\\/realidad_turistica\\\/\"]},{\"@type\":\"Person\",\"@id\":\"https:\\\/\\\/realidadturistica.com\\\/realtur\\\/#\\\/schema\\\/person\\\/ade671191202490fcf08ab21590de73e\",\"name\":\"Editor\",\"image\":{\"@type\":\"ImageObject\",\"inLanguage\":\"es\",\"@id\":\"https:\\\/\\\/realidadturistica.com\\\/realtur\\\/wp-content\\\/uploads\\\/2023\\\/09\\\/Editor_avatar_1693668634-96x96.png\",\"url\":\"https:\\\/\\\/realidadturistica.com\\\/realtur\\\/wp-content\\\/uploads\\\/2023\\\/09\\\/Editor_avatar_1693668634-96x96.png\",\"contentUrl\":\"https:\\\/\\\/realidadturistica.com\\\/realtur\\\/wp-content\\\/uploads\\\/2023\\\/09\\\/Editor_avatar_1693668634-96x96.png\",\"caption\":\"Editor\"},\"sameAs\":[\"https:\\\/\\\/realidadturistica.com\\\/realtur\"],\"url\":\"https:\\\/\\\/realidadturistica.com\\\/realtur\\\/author\\\/editor2\\\/\"}]}<\/script>\n<!-- \/ Yoast SEO Premium plugin. -->","yoast_head_json":{"title":"Air Europa incorpora un nuevo Boeing 787-9 a su flota de largo radio - Realidad Tur\u00edstica","robots":{"index":"index","follow":"follow","max-snippet":"max-snippet:-1","max-image-preview":"max-image-preview:large","max-video-preview":"max-video-preview:-1"},"canonical":"https:\/\/realidadturistica.com\/realtur\/air-europa-incorpora-un-nuevo-boeing-787-9-a-su-flota-de-largo-radio\/","og_locale":"es_ES","og_type":"article","og_title":"Air Europa incorpora un nuevo Boeing 787-9 a su flota de largo radio","og_description":"\u2022&nbsp;&nbsp;&nbsp;&nbsp;&nbsp;&nbsp;&nbsp;&nbsp;&nbsp; La aeronave permite responder al alto nivel de demanda en los meses de verano, as\u00ed como en la conectividad entre Europa y Am\u00e9rica. Madrid,&hellip;","og_url":"https:\/\/realidadturistica.com\/realtur\/air-europa-incorpora-un-nuevo-boeing-787-9-a-su-flota-de-largo-radio\/","og_site_name":"Realidad Tur\u00edstica","article_publisher":"https:\/\/www.facebook.com\/realidadturistica","article_published_time":"2024-08-15T01:23:06+00:00","article_modified_time":"2024-08-15T01:27:38+00:00","og_image":[{"width":2560,"height":1707,"url":"https:\/\/realidadturistica.com\/realtur\/wp-content\/uploads\/2024\/08\/El-avion-tras-su-aterrizaje-scaled.jpg","type":"image\/jpeg"}],"author":"Editor","twitter_card":"summary_large_image","twitter_misc":{"Escrito por":"Editor","Tiempo de lectura":"3 minutos"},"schema":{"@context":"https:\/\/schema.org","@graph":[{"@type":"Article","@id":"https:\/\/realidadturistica.com\/realtur\/air-europa-incorpora-un-nuevo-boeing-787-9-a-su-flota-de-largo-radio\/#article","isPartOf":{"@id":"https:\/\/realidadturistica.com\/realtur\/air-europa-incorpora-un-nuevo-boeing-787-9-a-su-flota-de-largo-radio\/"},"author":{"name":"Editor","@id":"https:\/\/realidadturistica.com\/realtur\/#\/schema\/person\/ade671191202490fcf08ab21590de73e"},"headline":"Air Europa incorpora un nuevo Boeing 787-9 a su flota de largo radio","datePublished":"2024-08-15T01:23:06+00:00","dateModified":"2024-08-15T01:27:38+00:00","mainEntityOfPage":{"@id":"https:\/\/realidadturistica.com\/realtur\/air-europa-incorpora-un-nuevo-boeing-787-9-a-su-flota-de-largo-radio\/"},"wordCount":560,"commentCount":0,"publisher":{"@id":"https:\/\/realidadturistica.com\/realtur\/#organization"},"image":{"@id":"https:\/\/realidadturistica.com\/realtur\/air-europa-incorpora-un-nuevo-boeing-787-9-a-su-flota-de-largo-radio\/#primaryimage"},"thumbnailUrl":"https:\/\/realidadturistica.com\/realtur\/wp-content\/uploads\/2024\/08\/El-avion-tras-su-aterrizaje-scaled.jpg","articleSection":["Volar con pasi\u00f3n"],"inLanguage":"es","potentialAction":[{"@type":"CommentAction","name":"Comment","target":["https:\/\/realidadturistica.com\/realtur\/air-europa-incorpora-un-nuevo-boeing-787-9-a-su-flota-de-largo-radio\/#respond"]}]},{"@type":"WebPage","@id":"https:\/\/realidadturistica.com\/realtur\/air-europa-incorpora-un-nuevo-boeing-787-9-a-su-flota-de-largo-radio\/","url":"https:\/\/realidadturistica.com\/realtur\/air-europa-incorpora-un-nuevo-boeing-787-9-a-su-flota-de-largo-radio\/","name":"Air Europa incorpora un nuevo Boeing 787-9 a su flota de largo radio - Realidad Tur\u00edstica","isPartOf":{"@id":"https:\/\/realidadturistica.com\/realtur\/#website"},"primaryImageOfPage":{"@id":"https:\/\/realidadturistica.com\/realtur\/air-europa-incorpora-un-nuevo-boeing-787-9-a-su-flota-de-largo-radio\/#primaryimage"},"image":{"@id":"https:\/\/realidadturistica.com\/realtur\/air-europa-incorpora-un-nuevo-boeing-787-9-a-su-flota-de-largo-radio\/#primaryimage"},"thumbnailUrl":"https:\/\/realidadturistica.com\/realtur\/wp-content\/uploads\/2024\/08\/El-avion-tras-su-aterrizaje-scaled.jpg","datePublished":"2024-08-15T01:23:06+00:00","dateModified":"2024-08-15T01:27:38+00:00","breadcrumb":{"@id":"https:\/\/realidadturistica.com\/realtur\/air-europa-incorpora-un-nuevo-boeing-787-9-a-su-flota-de-largo-radio\/#breadcrumb"},"inLanguage":"es","potentialAction":[{"@type":"ReadAction","target":["https:\/\/realidadturistica.com\/realtur\/air-europa-incorpora-un-nuevo-boeing-787-9-a-su-flota-de-largo-radio\/"]}]},{"@type":"ImageObject","inLanguage":"es","@id":"https:\/\/realidadturistica.com\/realtur\/air-europa-incorpora-un-nuevo-boeing-787-9-a-su-flota-de-largo-radio\/#primaryimage","url":"https:\/\/realidadturistica.com\/realtur\/wp-content\/uploads\/2024\/08\/El-avion-tras-su-aterrizaje-scaled.jpg","contentUrl":"https:\/\/realidadturistica.com\/realtur\/wp-content\/uploads\/2024\/08\/El-avion-tras-su-aterrizaje-scaled.jpg","width":2560,"height":1707},{"@type":"BreadcrumbList","@id":"https:\/\/realidadturistica.com\/realtur\/air-europa-incorpora-un-nuevo-boeing-787-9-a-su-flota-de-largo-radio\/#breadcrumb","itemListElement":[{"@type":"ListItem","position":1,"name":"Portada","item":"https:\/\/realidadturistica.com\/realtur\/"},{"@type":"ListItem","position":2,"name":"Air Europa incorpora un nuevo Boeing 787-9 a su flota de largo radio"}]},{"@type":"WebSite","@id":"https:\/\/realidadturistica.com\/realtur\/#website","url":"https:\/\/realidadturistica.com\/realtur\/","name":"Realidad Tur\u00edstica","description":"","publisher":{"@id":"https:\/\/realidadturistica.com\/realtur\/#organization"},"potentialAction":[{"@type":"SearchAction","target":{"@type":"EntryPoint","urlTemplate":"https:\/\/realidadturistica.com\/realtur\/?s={search_term_string}"},"query-input":{"@type":"PropertyValueSpecification","valueRequired":true,"valueName":"search_term_string"}}],"inLanguage":"es"},{"@type":"Organization","@id":"https:\/\/realidadturistica.com\/realtur\/#organization","name":"Realidad Tur\u00edstica","url":"https:\/\/realidadturistica.com\/realtur\/","logo":{"@type":"ImageObject","inLanguage":"es","@id":"https:\/\/realidadturistica.com\/realtur\/#\/schema\/logo\/image\/","url":"https:\/\/realidadturistica.com\/realtur\/wp-content\/uploads\/2021\/12\/logotipo-realidad-turistica.png","contentUrl":"https:\/\/realidadturistica.com\/realtur\/wp-content\/uploads\/2021\/12\/logotipo-realidad-turistica.png","width":1382,"height":629,"caption":"Realidad Tur\u00edstica"},"image":{"@id":"https:\/\/realidadturistica.com\/realtur\/#\/schema\/logo\/image\/"},"sameAs":["https:\/\/www.facebook.com\/realidadturistica","https:\/\/www.instagram.com\/realidad_turistica\/"]},{"@type":"Person","@id":"https:\/\/realidadturistica.com\/realtur\/#\/schema\/person\/ade671191202490fcf08ab21590de73e","name":"Editor","image":{"@type":"ImageObject","inLanguage":"es","@id":"https:\/\/realidadturistica.com\/realtur\/wp-content\/uploads\/2023\/09\/Editor_avatar_1693668634-96x96.png","url":"https:\/\/realidadturistica.com\/realtur\/wp-content\/uploads\/2023\/09\/Editor_avatar_1693668634-96x96.png","contentUrl":"https:\/\/realidadturistica.com\/realtur\/wp-content\/uploads\/2023\/09\/Editor_avatar_1693668634-96x96.png","caption":"Editor"},"sameAs":["https:\/\/realidadturistica.com\/realtur"],"url":"https:\/\/realidadturistica.com\/realtur\/author\/editor2\/"}]}},"_links":{"self":[{"href":"https:\/\/realidadturistica.com\/realtur\/wp-json\/wp\/v2\/posts\/7845","targetHints":{"allow":["GET"]}}],"collection":[{"href":"https:\/\/realidadturistica.com\/realtur\/wp-json\/wp\/v2\/posts"}],"about":[{"href":"https:\/\/realidadturistica.com\/realtur\/wp-json\/wp\/v2\/types\/post"}],"author":[{"embeddable":true,"href":"https:\/\/realidadturistica.com\/realtur\/wp-json\/wp\/v2\/users\/2"}],"replies":[{"embeddable":true,"href":"https:\/\/realidadturistica.com\/realtur\/wp-json\/wp\/v2\/comments?post=7845"}],"version-history":[{"count":2,"href":"https:\/\/realidadturistica.com\/realtur\/wp-json\/wp\/v2\/posts\/7845\/revisions"}],"predecessor-version":[{"id":7849,"href":"https:\/\/realidadturistica.com\/realtur\/wp-json\/wp\/v2\/posts\/7845\/revisions\/7849"}],"wp:featuredmedia":[{"embeddable":true,"href":"https:\/\/realidadturistica.com\/realtur\/wp-json\/wp\/v2\/media\/7846"}],"wp:attachment":[{"href":"https:\/\/realidadturistica.com\/realtur\/wp-json\/wp\/v2\/media?parent=7845"}],"wp:term":[{"taxonomy":"category","embeddable":true,"href":"https:\/\/realidadturistica.com\/realtur\/wp-json\/wp\/v2\/categories?post=7845"},{"taxonomy":"post_tag","embeddable":true,"href":"https:\/\/realidadturistica.com\/realtur\/wp-json\/wp\/v2\/tags?post=7845"}],"curies":[{"name":"wp","href":"https:\/\/api.w.org\/{rel}","templated":true}]}}