{"id":7865,"date":"2024-08-18T13:02:23","date_gmt":"2024-08-18T13:02:23","guid":{"rendered":"https:\/\/realidadturistica.com\/realtur\/?p=7865"},"modified":"2024-08-18T13:02:26","modified_gmt":"2024-08-18T13:02:26","slug":"guerra-vecinal-en-portofino-italia-contra-los-aires-acondicionados-ilegales","status":"publish","type":"post","link":"https:\/\/realidadturistica.com\/realtur\/guerra-vecinal-en-portofino-italia-contra-los-aires-acondicionados-ilegales\/","title":{"rendered":"Guerra vecinal en Portofino, Italia, contra los aires acondicionados ilegales"},"content":{"rendered":"\n<p class=\"wp-block-yoast-seo-estimated-reading-time yoast-reading-time__wrapper\"><span class=\"yoast-reading-time__icon\"><svg aria-hidden=\"true\" focusable=\"false\" data-icon=\"clock\" width=\"20\" height=\"20\" fill=\"none\" stroke=\"currentColor\" style=\"display:inline-block;vertical-align:-0.1em\" role=\"img\" xmlns=\"http:\/\/www.w3.org\/2000\/svg\" viewBox=\"0 0 24 24\"><path stroke-linecap=\"round\" stroke-linejoin=\"round\" stroke-width=\"2\" d=\"M12 8v4l3 3m6-3a9 9 0 11-18 0 9 9 0 0118 0z\"><\/path><\/svg><\/span><span class=\"yoast-reading-time__spacer\" style=\"display:inline-block;width:1em\"><\/span><span class=\"yoast-reading-time__descriptive-text\">Estimated reading time: <\/span><span class=\"yoast-reading-time__reading-time\">4<\/span><span class=\"yoast-reading-time__time-unit\"> minutos<\/span><\/p>\n\n\n\n<p>Italia. Hay noticias de que se est\u00e1n utilizando drones para encontrar aparatos de aire acondicionado ocultos en el municipio m\u00e1s rico de Italia.<\/p>\n\n\n\n<p>En un pintoresco pueblo pesquero de la Riviera italiana se ha desatado una batalla por el aire acondicionado. Esta semana, el emblem\u00e1tico Portofino ha soportado temperaturas de 33\u00b0C, lo que ha obligado a a sus 400 vecinos a buscar refugio.<\/p>\n\n\n\n<p>Pero su condici\u00f3n de Parque Nacional Regional conlleva limitaciones: los residentes deben obtener permiso para instalar aparatos de aire acondicionado en sus casas, y \u00e9stos deben colocarse discretamente para no perturbar la imagen de la ciudad en tonos pastel.<\/p>\n\n\n\n<p>Winston Churchill, la Diana de Gales o Madonna<\/p>\n\n\n\n<p>En abril, el Ministerio de Econom\u00eda y Hacienda nombr\u00f3 a Portofino el municipio m\u00e1s rico de Italia. Su bello paseo mar\u00edtimo ha atra\u00eddo a celebridades de todas las \u00e9pocas, desde Winston Churchill a Diana de Gales y, m\u00e1s recientemente, Madonna, que se encuentra de visita para celebrar su 66 cumplea\u00f1os con Dolce y Gabbana.<\/p>\n\n\n\n<p>Pero ha llegado a una ciudad en pie de guerra: al parecer, los vecinos se delatan unos a otros por tener aparatos de aire acondicionado ilegales y la Polic\u00eda patrulla las calles para interrogarlos.<\/p>\n\n\n\n<p>Los aparatos de aire acondicionado ilegales proliferan<\/p>\n\n\n\n<p>Entre principios de a\u00f1o y el mes de mayo se denunciaron 22 casos de aparatos de aire acondicionado ilegales en Portofino, seg\u00fan el diario italiano &#8216;La Stampa&#8217;.<\/p>\n\n\n\n<p>Cuando se realizaron nuevas inspecciones en julio, se descubrieron otras 11 infracciones, principalmente en tres calles cercanas a la plaza principal, La Piazzetta. Casi la mitad de estos aparatos parec\u00edan reci\u00e9n instalados ante la ola de calor de este verano.<\/p>\n\n\n\n<p>Denuncias vecinales<\/p>\n\n\n\n<p>Vecinos molestos por el sonido o el aspecto de estos aparatos de aire acondicionado externos -o incluso en represalia por las denuncias presentadas contra ellos- han enviado supuestamente correos electr\u00f3nicos an\u00f3nimos a la Polic\u00eda con fotos adjuntas, seg\u00fan informa el diario italiano &#8216;Corriere della Sera&#8217;.<\/p>\n\n\n\n<p>La Polic\u00eda ha hecho un seguimiento de estos correos y ha pedido a los infractores que retiren los aparatos ilegales -algunos de los cuales han sido pintados en un intento de mimetizarse con los edificios- o se enfrentar\u00e1n a cuantiosas multas de hasta 50.000 euros.<\/p>\n\n\n\n<p>\u00bfUtiliza la Polic\u00eda drones para buscar aparatos de aire acondicionado ilegales?<\/p>\n\n\n\n<p>Los aparatos situados en los tejados son m\u00e1s dif\u00edciles de localizar, pero en algunos casos se han identificado por el sonido. Las noticias locales afirman que tambi\u00e9n se han utilizado drones para buscarlos, aunque el alcalde de Portofino, Matteo Viacava, lo neg\u00f3 en una entrevista con el diario brit\u00e1nico &#8216;The Guardian&#8217;.<\/p>\n\n\n\n<p>\u00abS\u00f3lo queremos garantizar que se respetan las limitaciones y se mantenga belleza de Portofino\u00bb, declar\u00f3. \u00abHay que ponerlas en lugares que no sean visibles. Poco a poco, lo estamos poniendo todo en orden\u00bb.<\/p>\n\n\n\n<p>Un puerto de lujo<\/p>\n\n\n\n<p>Con tiendas y restaurantes de lujo y un puerto repleto de superyates, Portofino es un lugar de recreo para la jet set mundial. En junio, el acceso a la bonita bah\u00eda del pueblo se vio bloqueado por las fastuosas celebraciones previas a la boda de Anant Ambani, hijo mayor del hombre m\u00e1s rico de la India.<\/p>\n\n\n\n<p>La ofensiva contra el aire acondicionado se ha visto espoleada por el abrasador verano italiano: el pa\u00eds acaba de vivir el fin de semana m\u00e1s caluroso del a\u00f1o, con temperaturas superiores a 40\u00b0C en algunas regiones y alertas meteorol\u00f3gicas rojas.<\/p>\n\n\n\n<p>Italia, como muchas otras partes de Europa, se est\u00e1 calentando a una velocidad alarmante debido al cambio clim\u00e1tico provocado por el hombre.<\/p>\n\n\n\n<p>Pero las unidades de alto consumo energ\u00e9tico no son el \u00fanico objetivo de las medidas de embellecimiento de la ciudad. Al parecer, Viacava tambi\u00e9n est\u00e1 tomando medidas contra las antenas parab\u00f3licas, y ha declarado al &#8216;Corriere&#8217; que \u00abno es sostenible tener tantas\u00bb.<\/p>\n\n\n\n<p>Fuente: Euronews<\/p>\n","protected":false},"excerpt":{"rendered":"<p>Italia. Hay noticias de que se est\u00e1n utilizando drones para encontrar aparatos de aire acondicionado ocultos en el municipio m\u00e1s rico de Italia. En un&hellip;<\/p>\n","protected":false},"author":2,"featured_media":7866,"comment_status":"open","ping_status":"closed","sticky":false,"template":"","format":"standard","meta":{"content-type":"","_lmt_disableupdate":"","_lmt_disable":"","footnotes":""},"categories":[4],"tags":[],"class_list":["post-7865","post","type-post","status-publish","format-standard","has-post-thumbnail","hentry","category-destinos"],"yoast_head":"<!-- This site is optimized with the Yoast SEO Premium plugin v27.4 (Yoast SEO v27.5) - https:\/\/yoast.com\/product\/yoast-seo-premium-wordpress\/ -->\n<title>Guerra vecinal en Portofino, Italia, contra los aires acondicionados ilegales - Realidad Tur\u00edstica<\/title>\n<meta name=\"robots\" content=\"index, follow, max-snippet:-1, max-image-preview:large, max-video-preview:-1\" \/>\n<link rel=\"canonical\" href=\"https:\/\/realidadturistica.com\/realtur\/guerra-vecinal-en-portofino-italia-contra-los-aires-acondicionados-ilegales\/\" \/>\n<meta property=\"og:locale\" content=\"es_ES\" \/>\n<meta property=\"og:type\" content=\"article\" \/>\n<meta property=\"og:title\" content=\"Guerra vecinal en Portofino, Italia, contra los aires acondicionados ilegales\" \/>\n<meta property=\"og:description\" content=\"Italia. Hay noticias de que se est\u00e1n utilizando drones para encontrar aparatos de aire acondicionado ocultos en el municipio m\u00e1s rico de Italia. En un&hellip;\" \/>\n<meta property=\"og:url\" content=\"https:\/\/realidadturistica.com\/realtur\/guerra-vecinal-en-portofino-italia-contra-los-aires-acondicionados-ilegales\/\" \/>\n<meta property=\"og:site_name\" content=\"Realidad Tur\u00edstica\" \/>\n<meta property=\"article:publisher\" content=\"https:\/\/www.facebook.com\/realidadturistica\" \/>\n<meta property=\"article:published_time\" content=\"2024-08-18T13:02:23+00:00\" \/>\n<meta property=\"article:modified_time\" content=\"2024-08-18T13:02:26+00:00\" \/>\n<meta property=\"og:image\" content=\"https:\/\/realidadturistica.com\/realtur\/wp-content\/uploads\/2024\/08\/Guerra-vecinal.webp\" \/>\n\t<meta property=\"og:image:width\" content=\"1920\" \/>\n\t<meta property=\"og:image:height\" content=\"1080\" \/>\n\t<meta property=\"og:image:type\" content=\"image\/webp\" \/>\n<meta name=\"author\" content=\"Editor\" \/>\n<meta name=\"twitter:card\" content=\"summary_large_image\" \/>\n<meta name=\"twitter:label1\" content=\"Escrito por\" \/>\n\t<meta name=\"twitter:data1\" content=\"Editor\" \/>\n\t<meta name=\"twitter:label2\" content=\"Tiempo de lectura\" \/>\n\t<meta name=\"twitter:data2\" content=\"4 minutos\" \/>\n<script type=\"application\/ld+json\" class=\"yoast-schema-graph\">{\"@context\":\"https:\\\/\\\/schema.org\",\"@graph\":[{\"@type\":\"Article\",\"@id\":\"https:\\\/\\\/realidadturistica.com\\\/realtur\\\/guerra-vecinal-en-portofino-italia-contra-los-aires-acondicionados-ilegales\\\/#article\",\"isPartOf\":{\"@id\":\"https:\\\/\\\/realidadturistica.com\\\/realtur\\\/guerra-vecinal-en-portofino-italia-contra-los-aires-acondicionados-ilegales\\\/\"},\"author\":{\"name\":\"Editor\",\"@id\":\"https:\\\/\\\/realidadturistica.com\\\/realtur\\\/#\\\/schema\\\/person\\\/ade671191202490fcf08ab21590de73e\"},\"headline\":\"Guerra vecinal en Portofino, Italia, contra los aires acondicionados ilegales\",\"datePublished\":\"2024-08-18T13:02:23+00:00\",\"dateModified\":\"2024-08-18T13:02:26+00:00\",\"mainEntityOfPage\":{\"@id\":\"https:\\\/\\\/realidadturistica.com\\\/realtur\\\/guerra-vecinal-en-portofino-italia-contra-los-aires-acondicionados-ilegales\\\/\"},\"wordCount\":671,\"commentCount\":0,\"publisher\":{\"@id\":\"https:\\\/\\\/realidadturistica.com\\\/realtur\\\/#organization\"},\"image\":{\"@id\":\"https:\\\/\\\/realidadturistica.com\\\/realtur\\\/guerra-vecinal-en-portofino-italia-contra-los-aires-acondicionados-ilegales\\\/#primaryimage\"},\"thumbnailUrl\":\"https:\\\/\\\/realidadturistica.com\\\/realtur\\\/wp-content\\\/uploads\\\/2024\\\/08\\\/Guerra-vecinal.webp\",\"articleSection\":[\"Destinos M\u00e1gicos\"],\"inLanguage\":\"es\",\"potentialAction\":[{\"@type\":\"CommentAction\",\"name\":\"Comment\",\"target\":[\"https:\\\/\\\/realidadturistica.com\\\/realtur\\\/guerra-vecinal-en-portofino-italia-contra-los-aires-acondicionados-ilegales\\\/#respond\"]}]},{\"@type\":\"WebPage\",\"@id\":\"https:\\\/\\\/realidadturistica.com\\\/realtur\\\/guerra-vecinal-en-portofino-italia-contra-los-aires-acondicionados-ilegales\\\/\",\"url\":\"https:\\\/\\\/realidadturistica.com\\\/realtur\\\/guerra-vecinal-en-portofino-italia-contra-los-aires-acondicionados-ilegales\\\/\",\"name\":\"Guerra vecinal en Portofino, Italia, contra los aires acondicionados ilegales - Realidad Tur\u00edstica\",\"isPartOf\":{\"@id\":\"https:\\\/\\\/realidadturistica.com\\\/realtur\\\/#website\"},\"primaryImageOfPage\":{\"@id\":\"https:\\\/\\\/realidadturistica.com\\\/realtur\\\/guerra-vecinal-en-portofino-italia-contra-los-aires-acondicionados-ilegales\\\/#primaryimage\"},\"image\":{\"@id\":\"https:\\\/\\\/realidadturistica.com\\\/realtur\\\/guerra-vecinal-en-portofino-italia-contra-los-aires-acondicionados-ilegales\\\/#primaryimage\"},\"thumbnailUrl\":\"https:\\\/\\\/realidadturistica.com\\\/realtur\\\/wp-content\\\/uploads\\\/2024\\\/08\\\/Guerra-vecinal.webp\",\"datePublished\":\"2024-08-18T13:02:23+00:00\",\"dateModified\":\"2024-08-18T13:02:26+00:00\",\"breadcrumb\":{\"@id\":\"https:\\\/\\\/realidadturistica.com\\\/realtur\\\/guerra-vecinal-en-portofino-italia-contra-los-aires-acondicionados-ilegales\\\/#breadcrumb\"},\"inLanguage\":\"es\",\"potentialAction\":[{\"@type\":\"ReadAction\",\"target\":[\"https:\\\/\\\/realidadturistica.com\\\/realtur\\\/guerra-vecinal-en-portofino-italia-contra-los-aires-acondicionados-ilegales\\\/\"]}]},{\"@type\":\"ImageObject\",\"inLanguage\":\"es\",\"@id\":\"https:\\\/\\\/realidadturistica.com\\\/realtur\\\/guerra-vecinal-en-portofino-italia-contra-los-aires-acondicionados-ilegales\\\/#primaryimage\",\"url\":\"https:\\\/\\\/realidadturistica.com\\\/realtur\\\/wp-content\\\/uploads\\\/2024\\\/08\\\/Guerra-vecinal.webp\",\"contentUrl\":\"https:\\\/\\\/realidadturistica.com\\\/realtur\\\/wp-content\\\/uploads\\\/2024\\\/08\\\/Guerra-vecinal.webp\",\"width\":1920,\"height\":1080},{\"@type\":\"BreadcrumbList\",\"@id\":\"https:\\\/\\\/realidadturistica.com\\\/realtur\\\/guerra-vecinal-en-portofino-italia-contra-los-aires-acondicionados-ilegales\\\/#breadcrumb\",\"itemListElement\":[{\"@type\":\"ListItem\",\"position\":1,\"name\":\"Portada\",\"item\":\"https:\\\/\\\/realidadturistica.com\\\/realtur\\\/\"},{\"@type\":\"ListItem\",\"position\":2,\"name\":\"Guerra vecinal en Portofino, Italia, contra los aires acondicionados ilegales\"}]},{\"@type\":\"WebSite\",\"@id\":\"https:\\\/\\\/realidadturistica.com\\\/realtur\\\/#website\",\"url\":\"https:\\\/\\\/realidadturistica.com\\\/realtur\\\/\",\"name\":\"Realidad Tur\u00edstica\",\"description\":\"\",\"publisher\":{\"@id\":\"https:\\\/\\\/realidadturistica.com\\\/realtur\\\/#organization\"},\"potentialAction\":[{\"@type\":\"SearchAction\",\"target\":{\"@type\":\"EntryPoint\",\"urlTemplate\":\"https:\\\/\\\/realidadturistica.com\\\/realtur\\\/?s={search_term_string}\"},\"query-input\":{\"@type\":\"PropertyValueSpecification\",\"valueRequired\":true,\"valueName\":\"search_term_string\"}}],\"inLanguage\":\"es\"},{\"@type\":\"Organization\",\"@id\":\"https:\\\/\\\/realidadturistica.com\\\/realtur\\\/#organization\",\"name\":\"Realidad Tur\u00edstica\",\"url\":\"https:\\\/\\\/realidadturistica.com\\\/realtur\\\/\",\"logo\":{\"@type\":\"ImageObject\",\"inLanguage\":\"es\",\"@id\":\"https:\\\/\\\/realidadturistica.com\\\/realtur\\\/#\\\/schema\\\/logo\\\/image\\\/\",\"url\":\"https:\\\/\\\/realidadturistica.com\\\/realtur\\\/wp-content\\\/uploads\\\/2021\\\/12\\\/logotipo-realidad-turistica.png\",\"contentUrl\":\"https:\\\/\\\/realidadturistica.com\\\/realtur\\\/wp-content\\\/uploads\\\/2021\\\/12\\\/logotipo-realidad-turistica.png\",\"width\":1382,\"height\":629,\"caption\":\"Realidad Tur\u00edstica\"},\"image\":{\"@id\":\"https:\\\/\\\/realidadturistica.com\\\/realtur\\\/#\\\/schema\\\/logo\\\/image\\\/\"},\"sameAs\":[\"https:\\\/\\\/www.facebook.com\\\/realidadturistica\",\"https:\\\/\\\/www.instagram.com\\\/realidad_turistica\\\/\"]},{\"@type\":\"Person\",\"@id\":\"https:\\\/\\\/realidadturistica.com\\\/realtur\\\/#\\\/schema\\\/person\\\/ade671191202490fcf08ab21590de73e\",\"name\":\"Editor\",\"image\":{\"@type\":\"ImageObject\",\"inLanguage\":\"es\",\"@id\":\"https:\\\/\\\/realidadturistica.com\\\/realtur\\\/wp-content\\\/uploads\\\/2023\\\/09\\\/Editor_avatar_1693668634-96x96.png\",\"url\":\"https:\\\/\\\/realidadturistica.com\\\/realtur\\\/wp-content\\\/uploads\\\/2023\\\/09\\\/Editor_avatar_1693668634-96x96.png\",\"contentUrl\":\"https:\\\/\\\/realidadturistica.com\\\/realtur\\\/wp-content\\\/uploads\\\/2023\\\/09\\\/Editor_avatar_1693668634-96x96.png\",\"caption\":\"Editor\"},\"sameAs\":[\"https:\\\/\\\/realidadturistica.com\\\/realtur\"],\"url\":\"https:\\\/\\\/realidadturistica.com\\\/realtur\\\/author\\\/editor2\\\/\"}]}<\/script>\n<!-- \/ Yoast SEO Premium plugin. -->","yoast_head_json":{"title":"Guerra vecinal en Portofino, Italia, contra los aires acondicionados ilegales - Realidad Tur\u00edstica","robots":{"index":"index","follow":"follow","max-snippet":"max-snippet:-1","max-image-preview":"max-image-preview:large","max-video-preview":"max-video-preview:-1"},"canonical":"https:\/\/realidadturistica.com\/realtur\/guerra-vecinal-en-portofino-italia-contra-los-aires-acondicionados-ilegales\/","og_locale":"es_ES","og_type":"article","og_title":"Guerra vecinal en Portofino, Italia, contra los aires acondicionados ilegales","og_description":"Italia. Hay noticias de que se est\u00e1n utilizando drones para encontrar aparatos de aire acondicionado ocultos en el municipio m\u00e1s rico de Italia. En un&hellip;","og_url":"https:\/\/realidadturistica.com\/realtur\/guerra-vecinal-en-portofino-italia-contra-los-aires-acondicionados-ilegales\/","og_site_name":"Realidad Tur\u00edstica","article_publisher":"https:\/\/www.facebook.com\/realidadturistica","article_published_time":"2024-08-18T13:02:23+00:00","article_modified_time":"2024-08-18T13:02:26+00:00","og_image":[{"width":1920,"height":1080,"url":"https:\/\/realidadturistica.com\/realtur\/wp-content\/uploads\/2024\/08\/Guerra-vecinal.webp","type":"image\/webp"}],"author":"Editor","twitter_card":"summary_large_image","twitter_misc":{"Escrito por":"Editor","Tiempo de lectura":"4 minutos"},"schema":{"@context":"https:\/\/schema.org","@graph":[{"@type":"Article","@id":"https:\/\/realidadturistica.com\/realtur\/guerra-vecinal-en-portofino-italia-contra-los-aires-acondicionados-ilegales\/#article","isPartOf":{"@id":"https:\/\/realidadturistica.com\/realtur\/guerra-vecinal-en-portofino-italia-contra-los-aires-acondicionados-ilegales\/"},"author":{"name":"Editor","@id":"https:\/\/realidadturistica.com\/realtur\/#\/schema\/person\/ade671191202490fcf08ab21590de73e"},"headline":"Guerra vecinal en Portofino, Italia, contra los aires acondicionados ilegales","datePublished":"2024-08-18T13:02:23+00:00","dateModified":"2024-08-18T13:02:26+00:00","mainEntityOfPage":{"@id":"https:\/\/realidadturistica.com\/realtur\/guerra-vecinal-en-portofino-italia-contra-los-aires-acondicionados-ilegales\/"},"wordCount":671,"commentCount":0,"publisher":{"@id":"https:\/\/realidadturistica.com\/realtur\/#organization"},"image":{"@id":"https:\/\/realidadturistica.com\/realtur\/guerra-vecinal-en-portofino-italia-contra-los-aires-acondicionados-ilegales\/#primaryimage"},"thumbnailUrl":"https:\/\/realidadturistica.com\/realtur\/wp-content\/uploads\/2024\/08\/Guerra-vecinal.webp","articleSection":["Destinos M\u00e1gicos"],"inLanguage":"es","potentialAction":[{"@type":"CommentAction","name":"Comment","target":["https:\/\/realidadturistica.com\/realtur\/guerra-vecinal-en-portofino-italia-contra-los-aires-acondicionados-ilegales\/#respond"]}]},{"@type":"WebPage","@id":"https:\/\/realidadturistica.com\/realtur\/guerra-vecinal-en-portofino-italia-contra-los-aires-acondicionados-ilegales\/","url":"https:\/\/realidadturistica.com\/realtur\/guerra-vecinal-en-portofino-italia-contra-los-aires-acondicionados-ilegales\/","name":"Guerra vecinal en Portofino, Italia, contra los aires acondicionados ilegales - Realidad Tur\u00edstica","isPartOf":{"@id":"https:\/\/realidadturistica.com\/realtur\/#website"},"primaryImageOfPage":{"@id":"https:\/\/realidadturistica.com\/realtur\/guerra-vecinal-en-portofino-italia-contra-los-aires-acondicionados-ilegales\/#primaryimage"},"image":{"@id":"https:\/\/realidadturistica.com\/realtur\/guerra-vecinal-en-portofino-italia-contra-los-aires-acondicionados-ilegales\/#primaryimage"},"thumbnailUrl":"https:\/\/realidadturistica.com\/realtur\/wp-content\/uploads\/2024\/08\/Guerra-vecinal.webp","datePublished":"2024-08-18T13:02:23+00:00","dateModified":"2024-08-18T13:02:26+00:00","breadcrumb":{"@id":"https:\/\/realidadturistica.com\/realtur\/guerra-vecinal-en-portofino-italia-contra-los-aires-acondicionados-ilegales\/#breadcrumb"},"inLanguage":"es","potentialAction":[{"@type":"ReadAction","target":["https:\/\/realidadturistica.com\/realtur\/guerra-vecinal-en-portofino-italia-contra-los-aires-acondicionados-ilegales\/"]}]},{"@type":"ImageObject","inLanguage":"es","@id":"https:\/\/realidadturistica.com\/realtur\/guerra-vecinal-en-portofino-italia-contra-los-aires-acondicionados-ilegales\/#primaryimage","url":"https:\/\/realidadturistica.com\/realtur\/wp-content\/uploads\/2024\/08\/Guerra-vecinal.webp","contentUrl":"https:\/\/realidadturistica.com\/realtur\/wp-content\/uploads\/2024\/08\/Guerra-vecinal.webp","width":1920,"height":1080},{"@type":"BreadcrumbList","@id":"https:\/\/realidadturistica.com\/realtur\/guerra-vecinal-en-portofino-italia-contra-los-aires-acondicionados-ilegales\/#breadcrumb","itemListElement":[{"@type":"ListItem","position":1,"name":"Portada","item":"https:\/\/realidadturistica.com\/realtur\/"},{"@type":"ListItem","position":2,"name":"Guerra vecinal en Portofino, Italia, contra los aires acondicionados ilegales"}]},{"@type":"WebSite","@id":"https:\/\/realidadturistica.com\/realtur\/#website","url":"https:\/\/realidadturistica.com\/realtur\/","name":"Realidad Tur\u00edstica","description":"","publisher":{"@id":"https:\/\/realidadturistica.com\/realtur\/#organization"},"potentialAction":[{"@type":"SearchAction","target":{"@type":"EntryPoint","urlTemplate":"https:\/\/realidadturistica.com\/realtur\/?s={search_term_string}"},"query-input":{"@type":"PropertyValueSpecification","valueRequired":true,"valueName":"search_term_string"}}],"inLanguage":"es"},{"@type":"Organization","@id":"https:\/\/realidadturistica.com\/realtur\/#organization","name":"Realidad Tur\u00edstica","url":"https:\/\/realidadturistica.com\/realtur\/","logo":{"@type":"ImageObject","inLanguage":"es","@id":"https:\/\/realidadturistica.com\/realtur\/#\/schema\/logo\/image\/","url":"https:\/\/realidadturistica.com\/realtur\/wp-content\/uploads\/2021\/12\/logotipo-realidad-turistica.png","contentUrl":"https:\/\/realidadturistica.com\/realtur\/wp-content\/uploads\/2021\/12\/logotipo-realidad-turistica.png","width":1382,"height":629,"caption":"Realidad Tur\u00edstica"},"image":{"@id":"https:\/\/realidadturistica.com\/realtur\/#\/schema\/logo\/image\/"},"sameAs":["https:\/\/www.facebook.com\/realidadturistica","https:\/\/www.instagram.com\/realidad_turistica\/"]},{"@type":"Person","@id":"https:\/\/realidadturistica.com\/realtur\/#\/schema\/person\/ade671191202490fcf08ab21590de73e","name":"Editor","image":{"@type":"ImageObject","inLanguage":"es","@id":"https:\/\/realidadturistica.com\/realtur\/wp-content\/uploads\/2023\/09\/Editor_avatar_1693668634-96x96.png","url":"https:\/\/realidadturistica.com\/realtur\/wp-content\/uploads\/2023\/09\/Editor_avatar_1693668634-96x96.png","contentUrl":"https:\/\/realidadturistica.com\/realtur\/wp-content\/uploads\/2023\/09\/Editor_avatar_1693668634-96x96.png","caption":"Editor"},"sameAs":["https:\/\/realidadturistica.com\/realtur"],"url":"https:\/\/realidadturistica.com\/realtur\/author\/editor2\/"}]}},"_links":{"self":[{"href":"https:\/\/realidadturistica.com\/realtur\/wp-json\/wp\/v2\/posts\/7865","targetHints":{"allow":["GET"]}}],"collection":[{"href":"https:\/\/realidadturistica.com\/realtur\/wp-json\/wp\/v2\/posts"}],"about":[{"href":"https:\/\/realidadturistica.com\/realtur\/wp-json\/wp\/v2\/types\/post"}],"author":[{"embeddable":true,"href":"https:\/\/realidadturistica.com\/realtur\/wp-json\/wp\/v2\/users\/2"}],"replies":[{"embeddable":true,"href":"https:\/\/realidadturistica.com\/realtur\/wp-json\/wp\/v2\/comments?post=7865"}],"version-history":[{"count":1,"href":"https:\/\/realidadturistica.com\/realtur\/wp-json\/wp\/v2\/posts\/7865\/revisions"}],"predecessor-version":[{"id":7867,"href":"https:\/\/realidadturistica.com\/realtur\/wp-json\/wp\/v2\/posts\/7865\/revisions\/7867"}],"wp:featuredmedia":[{"embeddable":true,"href":"https:\/\/realidadturistica.com\/realtur\/wp-json\/wp\/v2\/media\/7866"}],"wp:attachment":[{"href":"https:\/\/realidadturistica.com\/realtur\/wp-json\/wp\/v2\/media?parent=7865"}],"wp:term":[{"taxonomy":"category","embeddable":true,"href":"https:\/\/realidadturistica.com\/realtur\/wp-json\/wp\/v2\/categories?post=7865"},{"taxonomy":"post_tag","embeddable":true,"href":"https:\/\/realidadturistica.com\/realtur\/wp-json\/wp\/v2\/tags?post=7865"}],"curies":[{"name":"wp","href":"https:\/\/api.w.org\/{rel}","templated":true}]}}