{"id":7874,"date":"2024-08-18T13:10:44","date_gmt":"2024-08-18T13:10:44","guid":{"rendered":"https:\/\/realidadturistica.com\/realtur\/?p=7874"},"modified":"2024-08-18T13:10:46","modified_gmt":"2024-08-18T13:10:46","slug":"tulum-inauguran-el-museo-frida-kahlo-by-women-experiences","status":"publish","type":"post","link":"https:\/\/realidadturistica.com\/realtur\/tulum-inauguran-el-museo-frida-kahlo-by-women-experiences\/","title":{"rendered":"Tulum: inauguran el Museo Frida Kahlo by Women Experiences"},"content":{"rendered":"\n<p class=\"wp-block-yoast-seo-estimated-reading-time yoast-reading-time__wrapper\"><span class=\"yoast-reading-time__icon\"><svg aria-hidden=\"true\" focusable=\"false\" data-icon=\"clock\" width=\"20\" height=\"20\" fill=\"none\" stroke=\"currentColor\" style=\"display:inline-block;vertical-align:-0.1em\" role=\"img\" xmlns=\"http:\/\/www.w3.org\/2000\/svg\" viewBox=\"0 0 24 24\"><path stroke-linecap=\"round\" stroke-linejoin=\"round\" stroke-width=\"2\" d=\"M12 8v4l3 3m6-3a9 9 0 11-18 0 9 9 0 0118 0z\"><\/path><\/svg><\/span><span class=\"yoast-reading-time__spacer\" style=\"display:inline-block;width:1em\"><\/span><span class=\"yoast-reading-time__descriptive-text\">Estimated reading time: <\/span><span class=\"yoast-reading-time__reading-time\">2<\/span><span class=\"yoast-reading-time__time-unit\"> minutos<\/span><\/p>\n\n\n\n<p>M\u00e9xico. Este viernes 16 de agosto se llev\u00f3 a cabo la inauguraci\u00f3n oficial del Museo Frida Kahlo by Women Experiences, inmueble ubicado en el coraz\u00f3n comercial de la zona arqueol\u00f3gica de Tulum y que tuvo una inversi\u00f3n superior a los 1.5 millones de d\u00f3lares. El proyecto se desarroll\u00f3 en alianza estrat\u00e9gica con ONU Mujeres de las Naciones Unidas para erradicar la violencia de g\u00e9nero y promover la igualdad, en alineaci\u00f3n con la Agenda 2030 para el Desarrollo Sostenible.<\/p>\n\n\n\n<p>Alfonso Dur\u00e1n, presidente de DMG Foundation y CEO de este museo, dijo que este recinto ofrece a sus visitantes una experiencia inmersiva que activa todos los sentidos, permiti\u00e9ndoles adentrarse en el universo personal y art\u00edstico de la pintora mexicana Frida Kahlo. A trav\u00e9s de instalaciones cuidadosamente dise\u00f1adas, los asistentes experimentar\u00e1n sensaciones olfativas, visuales y ac\u00fasticas que revelan aspectos in\u00e9ditos de la vida de la artista mexicana.<\/p>\n\n\n\n<p>Indic\u00f3 que cada detalle ha sido meticulosamente planificado para garantizar que los visitantes no solo observen, sino que vivan la historia de Frida, sintiendo su lucha, su pasi\u00f3n y su incansable defensa de los derechos humanos.<\/p>\n\n\n\n<p>Resalt\u00f3 que estiman atraer alrededor de 200 mil visitantes anualmente y parte de lo recaudado ser\u00e1 destinado a apoyar causas sociales, especialmente aquellas que luchan por la igualdad de g\u00e9nero y el bienestar de las mujeres.<\/p>\n\n\n\n<p>En la inauguraci\u00f3n se cont\u00f3 la presencia de la gobernadora de Quintana Roo, Mara Lezama, quien resalt\u00f3 que este tipo de actos reconocen el legado de una mujer que representa la lucha femenina y social, quien a pesar de las adversidades logr\u00f3 trascender.<\/p>\n\n\n\n<p>Como lo inform\u00f3 REPORTUR.mx, el m\u00e1ximo funcionario encargado del Tren Maya, general \u00d3scar Lozano, asegur\u00f3 que los viajes hacia Tulum desde Playa del Carmen comenzar\u00edan a partir del mes de septiembre del presente a\u00f1o.<\/p>\n\n\n\n<p>Fuente: Reportur.mx<\/p>\n","protected":false},"excerpt":{"rendered":"<p>M\u00e9xico. Este viernes 16 de agosto se llev\u00f3 a cabo la inauguraci\u00f3n oficial del Museo Frida Kahlo by Women Experiences, inmueble ubicado en el coraz\u00f3n&hellip;<\/p>\n","protected":false},"author":2,"featured_media":7875,"comment_status":"open","ping_status":"closed","sticky":false,"template":"","format":"standard","meta":{"content-type":"","_lmt_disableupdate":"","_lmt_disable":"","footnotes":""},"categories":[6],"tags":[],"class_list":["post-7874","post","type-post","status-publish","format-standard","has-post-thumbnail","hentry","category-turismo"],"yoast_head":"<!-- This site is optimized with the Yoast SEO Premium plugin v27.4 (Yoast SEO v27.4) - https:\/\/yoast.com\/product\/yoast-seo-premium-wordpress\/ -->\n<title>Tulum: inauguran el Museo Frida Kahlo by Women Experiences - Realidad Tur\u00edstica<\/title>\n<meta name=\"robots\" content=\"index, follow, max-snippet:-1, max-image-preview:large, max-video-preview:-1\" \/>\n<link rel=\"canonical\" href=\"https:\/\/realidadturistica.com\/realtur\/tulum-inauguran-el-museo-frida-kahlo-by-women-experiences\/\" \/>\n<meta property=\"og:locale\" content=\"es_ES\" \/>\n<meta property=\"og:type\" content=\"article\" \/>\n<meta property=\"og:title\" content=\"Tulum: inauguran el Museo Frida Kahlo by Women Experiences\" \/>\n<meta property=\"og:description\" content=\"M\u00e9xico. Este viernes 16 de agosto se llev\u00f3 a cabo la inauguraci\u00f3n oficial del Museo Frida Kahlo by Women Experiences, inmueble ubicado en el coraz\u00f3n&hellip;\" \/>\n<meta property=\"og:url\" content=\"https:\/\/realidadturistica.com\/realtur\/tulum-inauguran-el-museo-frida-kahlo-by-women-experiences\/\" \/>\n<meta property=\"og:site_name\" content=\"Realidad Tur\u00edstica\" \/>\n<meta property=\"article:publisher\" content=\"https:\/\/www.facebook.com\/realidadturistica\" \/>\n<meta property=\"article:published_time\" content=\"2024-08-18T13:10:44+00:00\" \/>\n<meta property=\"article:modified_time\" content=\"2024-08-18T13:10:46+00:00\" \/>\n<meta property=\"og:image\" content=\"https:\/\/realidadturistica.com\/realtur\/wp-content\/uploads\/2024\/08\/Tulum.jpg\" \/>\n\t<meta property=\"og:image:width\" content=\"456\" \/>\n\t<meta property=\"og:image:height\" content=\"298\" \/>\n\t<meta property=\"og:image:type\" content=\"image\/jpeg\" \/>\n<meta name=\"author\" content=\"Editor\" \/>\n<meta name=\"twitter:card\" content=\"summary_large_image\" \/>\n<meta name=\"twitter:label1\" content=\"Escrito por\" \/>\n\t<meta name=\"twitter:data1\" content=\"Editor\" \/>\n\t<meta name=\"twitter:label2\" content=\"Tiempo de lectura\" \/>\n\t<meta name=\"twitter:data2\" content=\"2 minutos\" \/>\n<script type=\"application\/ld+json\" class=\"yoast-schema-graph\">{\"@context\":\"https:\\\/\\\/schema.org\",\"@graph\":[{\"@type\":\"Article\",\"@id\":\"https:\\\/\\\/realidadturistica.com\\\/realtur\\\/tulum-inauguran-el-museo-frida-kahlo-by-women-experiences\\\/#article\",\"isPartOf\":{\"@id\":\"https:\\\/\\\/realidadturistica.com\\\/realtur\\\/tulum-inauguran-el-museo-frida-kahlo-by-women-experiences\\\/\"},\"author\":{\"name\":\"Editor\",\"@id\":\"https:\\\/\\\/realidadturistica.com\\\/realtur\\\/#\\\/schema\\\/person\\\/ade671191202490fcf08ab21590de73e\"},\"headline\":\"Tulum: inauguran el Museo Frida Kahlo by Women Experiences\",\"datePublished\":\"2024-08-18T13:10:44+00:00\",\"dateModified\":\"2024-08-18T13:10:46+00:00\",\"mainEntityOfPage\":{\"@id\":\"https:\\\/\\\/realidadturistica.com\\\/realtur\\\/tulum-inauguran-el-museo-frida-kahlo-by-women-experiences\\\/\"},\"wordCount\":329,\"commentCount\":0,\"publisher\":{\"@id\":\"https:\\\/\\\/realidadturistica.com\\\/realtur\\\/#organization\"},\"image\":{\"@id\":\"https:\\\/\\\/realidadturistica.com\\\/realtur\\\/tulum-inauguran-el-museo-frida-kahlo-by-women-experiences\\\/#primaryimage\"},\"thumbnailUrl\":\"https:\\\/\\\/realidadturistica.com\\\/realtur\\\/wp-content\\\/uploads\\\/2024\\\/08\\\/Tulum.jpg\",\"articleSection\":[\"Turismo\"],\"inLanguage\":\"es\",\"potentialAction\":[{\"@type\":\"CommentAction\",\"name\":\"Comment\",\"target\":[\"https:\\\/\\\/realidadturistica.com\\\/realtur\\\/tulum-inauguran-el-museo-frida-kahlo-by-women-experiences\\\/#respond\"]}]},{\"@type\":\"WebPage\",\"@id\":\"https:\\\/\\\/realidadturistica.com\\\/realtur\\\/tulum-inauguran-el-museo-frida-kahlo-by-women-experiences\\\/\",\"url\":\"https:\\\/\\\/realidadturistica.com\\\/realtur\\\/tulum-inauguran-el-museo-frida-kahlo-by-women-experiences\\\/\",\"name\":\"Tulum: inauguran el Museo Frida Kahlo by Women Experiences - Realidad Tur\u00edstica\",\"isPartOf\":{\"@id\":\"https:\\\/\\\/realidadturistica.com\\\/realtur\\\/#website\"},\"primaryImageOfPage\":{\"@id\":\"https:\\\/\\\/realidadturistica.com\\\/realtur\\\/tulum-inauguran-el-museo-frida-kahlo-by-women-experiences\\\/#primaryimage\"},\"image\":{\"@id\":\"https:\\\/\\\/realidadturistica.com\\\/realtur\\\/tulum-inauguran-el-museo-frida-kahlo-by-women-experiences\\\/#primaryimage\"},\"thumbnailUrl\":\"https:\\\/\\\/realidadturistica.com\\\/realtur\\\/wp-content\\\/uploads\\\/2024\\\/08\\\/Tulum.jpg\",\"datePublished\":\"2024-08-18T13:10:44+00:00\",\"dateModified\":\"2024-08-18T13:10:46+00:00\",\"breadcrumb\":{\"@id\":\"https:\\\/\\\/realidadturistica.com\\\/realtur\\\/tulum-inauguran-el-museo-frida-kahlo-by-women-experiences\\\/#breadcrumb\"},\"inLanguage\":\"es\",\"potentialAction\":[{\"@type\":\"ReadAction\",\"target\":[\"https:\\\/\\\/realidadturistica.com\\\/realtur\\\/tulum-inauguran-el-museo-frida-kahlo-by-women-experiences\\\/\"]}]},{\"@type\":\"ImageObject\",\"inLanguage\":\"es\",\"@id\":\"https:\\\/\\\/realidadturistica.com\\\/realtur\\\/tulum-inauguran-el-museo-frida-kahlo-by-women-experiences\\\/#primaryimage\",\"url\":\"https:\\\/\\\/realidadturistica.com\\\/realtur\\\/wp-content\\\/uploads\\\/2024\\\/08\\\/Tulum.jpg\",\"contentUrl\":\"https:\\\/\\\/realidadturistica.com\\\/realtur\\\/wp-content\\\/uploads\\\/2024\\\/08\\\/Tulum.jpg\",\"width\":456,\"height\":298},{\"@type\":\"BreadcrumbList\",\"@id\":\"https:\\\/\\\/realidadturistica.com\\\/realtur\\\/tulum-inauguran-el-museo-frida-kahlo-by-women-experiences\\\/#breadcrumb\",\"itemListElement\":[{\"@type\":\"ListItem\",\"position\":1,\"name\":\"Portada\",\"item\":\"https:\\\/\\\/realidadturistica.com\\\/realtur\\\/\"},{\"@type\":\"ListItem\",\"position\":2,\"name\":\"Tulum: inauguran el Museo Frida Kahlo by Women Experiences\"}]},{\"@type\":\"WebSite\",\"@id\":\"https:\\\/\\\/realidadturistica.com\\\/realtur\\\/#website\",\"url\":\"https:\\\/\\\/realidadturistica.com\\\/realtur\\\/\",\"name\":\"Realidad Tur\u00edstica\",\"description\":\"\",\"publisher\":{\"@id\":\"https:\\\/\\\/realidadturistica.com\\\/realtur\\\/#organization\"},\"potentialAction\":[{\"@type\":\"SearchAction\",\"target\":{\"@type\":\"EntryPoint\",\"urlTemplate\":\"https:\\\/\\\/realidadturistica.com\\\/realtur\\\/?s={search_term_string}\"},\"query-input\":{\"@type\":\"PropertyValueSpecification\",\"valueRequired\":true,\"valueName\":\"search_term_string\"}}],\"inLanguage\":\"es\"},{\"@type\":\"Organization\",\"@id\":\"https:\\\/\\\/realidadturistica.com\\\/realtur\\\/#organization\",\"name\":\"Realidad Tur\u00edstica\",\"url\":\"https:\\\/\\\/realidadturistica.com\\\/realtur\\\/\",\"logo\":{\"@type\":\"ImageObject\",\"inLanguage\":\"es\",\"@id\":\"https:\\\/\\\/realidadturistica.com\\\/realtur\\\/#\\\/schema\\\/logo\\\/image\\\/\",\"url\":\"https:\\\/\\\/realidadturistica.com\\\/realtur\\\/wp-content\\\/uploads\\\/2021\\\/12\\\/logotipo-realidad-turistica.png\",\"contentUrl\":\"https:\\\/\\\/realidadturistica.com\\\/realtur\\\/wp-content\\\/uploads\\\/2021\\\/12\\\/logotipo-realidad-turistica.png\",\"width\":1382,\"height\":629,\"caption\":\"Realidad Tur\u00edstica\"},\"image\":{\"@id\":\"https:\\\/\\\/realidadturistica.com\\\/realtur\\\/#\\\/schema\\\/logo\\\/image\\\/\"},\"sameAs\":[\"https:\\\/\\\/www.facebook.com\\\/realidadturistica\",\"https:\\\/\\\/www.instagram.com\\\/realidad_turistica\\\/\"]},{\"@type\":\"Person\",\"@id\":\"https:\\\/\\\/realidadturistica.com\\\/realtur\\\/#\\\/schema\\\/person\\\/ade671191202490fcf08ab21590de73e\",\"name\":\"Editor\",\"image\":{\"@type\":\"ImageObject\",\"inLanguage\":\"es\",\"@id\":\"https:\\\/\\\/realidadturistica.com\\\/realtur\\\/wp-content\\\/uploads\\\/2023\\\/09\\\/Editor_avatar_1693668634-96x96.png\",\"url\":\"https:\\\/\\\/realidadturistica.com\\\/realtur\\\/wp-content\\\/uploads\\\/2023\\\/09\\\/Editor_avatar_1693668634-96x96.png\",\"contentUrl\":\"https:\\\/\\\/realidadturistica.com\\\/realtur\\\/wp-content\\\/uploads\\\/2023\\\/09\\\/Editor_avatar_1693668634-96x96.png\",\"caption\":\"Editor\"},\"sameAs\":[\"https:\\\/\\\/realidadturistica.com\\\/realtur\"],\"url\":\"https:\\\/\\\/realidadturistica.com\\\/realtur\\\/author\\\/editor2\\\/\"}]}<\/script>\n<!-- \/ Yoast SEO Premium plugin. -->","yoast_head_json":{"title":"Tulum: inauguran el Museo Frida Kahlo by Women Experiences - Realidad Tur\u00edstica","robots":{"index":"index","follow":"follow","max-snippet":"max-snippet:-1","max-image-preview":"max-image-preview:large","max-video-preview":"max-video-preview:-1"},"canonical":"https:\/\/realidadturistica.com\/realtur\/tulum-inauguran-el-museo-frida-kahlo-by-women-experiences\/","og_locale":"es_ES","og_type":"article","og_title":"Tulum: inauguran el Museo Frida Kahlo by Women Experiences","og_description":"M\u00e9xico. Este viernes 16 de agosto se llev\u00f3 a cabo la inauguraci\u00f3n oficial del Museo Frida Kahlo by Women Experiences, inmueble ubicado en el coraz\u00f3n&hellip;","og_url":"https:\/\/realidadturistica.com\/realtur\/tulum-inauguran-el-museo-frida-kahlo-by-women-experiences\/","og_site_name":"Realidad Tur\u00edstica","article_publisher":"https:\/\/www.facebook.com\/realidadturistica","article_published_time":"2024-08-18T13:10:44+00:00","article_modified_time":"2024-08-18T13:10:46+00:00","og_image":[{"width":456,"height":298,"url":"https:\/\/realidadturistica.com\/realtur\/wp-content\/uploads\/2024\/08\/Tulum.jpg","type":"image\/jpeg"}],"author":"Editor","twitter_card":"summary_large_image","twitter_misc":{"Escrito por":"Editor","Tiempo de lectura":"2 minutos"},"schema":{"@context":"https:\/\/schema.org","@graph":[{"@type":"Article","@id":"https:\/\/realidadturistica.com\/realtur\/tulum-inauguran-el-museo-frida-kahlo-by-women-experiences\/#article","isPartOf":{"@id":"https:\/\/realidadturistica.com\/realtur\/tulum-inauguran-el-museo-frida-kahlo-by-women-experiences\/"},"author":{"name":"Editor","@id":"https:\/\/realidadturistica.com\/realtur\/#\/schema\/person\/ade671191202490fcf08ab21590de73e"},"headline":"Tulum: inauguran el Museo Frida Kahlo by Women Experiences","datePublished":"2024-08-18T13:10:44+00:00","dateModified":"2024-08-18T13:10:46+00:00","mainEntityOfPage":{"@id":"https:\/\/realidadturistica.com\/realtur\/tulum-inauguran-el-museo-frida-kahlo-by-women-experiences\/"},"wordCount":329,"commentCount":0,"publisher":{"@id":"https:\/\/realidadturistica.com\/realtur\/#organization"},"image":{"@id":"https:\/\/realidadturistica.com\/realtur\/tulum-inauguran-el-museo-frida-kahlo-by-women-experiences\/#primaryimage"},"thumbnailUrl":"https:\/\/realidadturistica.com\/realtur\/wp-content\/uploads\/2024\/08\/Tulum.jpg","articleSection":["Turismo"],"inLanguage":"es","potentialAction":[{"@type":"CommentAction","name":"Comment","target":["https:\/\/realidadturistica.com\/realtur\/tulum-inauguran-el-museo-frida-kahlo-by-women-experiences\/#respond"]}]},{"@type":"WebPage","@id":"https:\/\/realidadturistica.com\/realtur\/tulum-inauguran-el-museo-frida-kahlo-by-women-experiences\/","url":"https:\/\/realidadturistica.com\/realtur\/tulum-inauguran-el-museo-frida-kahlo-by-women-experiences\/","name":"Tulum: inauguran el Museo Frida Kahlo by Women Experiences - Realidad Tur\u00edstica","isPartOf":{"@id":"https:\/\/realidadturistica.com\/realtur\/#website"},"primaryImageOfPage":{"@id":"https:\/\/realidadturistica.com\/realtur\/tulum-inauguran-el-museo-frida-kahlo-by-women-experiences\/#primaryimage"},"image":{"@id":"https:\/\/realidadturistica.com\/realtur\/tulum-inauguran-el-museo-frida-kahlo-by-women-experiences\/#primaryimage"},"thumbnailUrl":"https:\/\/realidadturistica.com\/realtur\/wp-content\/uploads\/2024\/08\/Tulum.jpg","datePublished":"2024-08-18T13:10:44+00:00","dateModified":"2024-08-18T13:10:46+00:00","breadcrumb":{"@id":"https:\/\/realidadturistica.com\/realtur\/tulum-inauguran-el-museo-frida-kahlo-by-women-experiences\/#breadcrumb"},"inLanguage":"es","potentialAction":[{"@type":"ReadAction","target":["https:\/\/realidadturistica.com\/realtur\/tulum-inauguran-el-museo-frida-kahlo-by-women-experiences\/"]}]},{"@type":"ImageObject","inLanguage":"es","@id":"https:\/\/realidadturistica.com\/realtur\/tulum-inauguran-el-museo-frida-kahlo-by-women-experiences\/#primaryimage","url":"https:\/\/realidadturistica.com\/realtur\/wp-content\/uploads\/2024\/08\/Tulum.jpg","contentUrl":"https:\/\/realidadturistica.com\/realtur\/wp-content\/uploads\/2024\/08\/Tulum.jpg","width":456,"height":298},{"@type":"BreadcrumbList","@id":"https:\/\/realidadturistica.com\/realtur\/tulum-inauguran-el-museo-frida-kahlo-by-women-experiences\/#breadcrumb","itemListElement":[{"@type":"ListItem","position":1,"name":"Portada","item":"https:\/\/realidadturistica.com\/realtur\/"},{"@type":"ListItem","position":2,"name":"Tulum: inauguran el Museo Frida Kahlo by Women Experiences"}]},{"@type":"WebSite","@id":"https:\/\/realidadturistica.com\/realtur\/#website","url":"https:\/\/realidadturistica.com\/realtur\/","name":"Realidad Tur\u00edstica","description":"","publisher":{"@id":"https:\/\/realidadturistica.com\/realtur\/#organization"},"potentialAction":[{"@type":"SearchAction","target":{"@type":"EntryPoint","urlTemplate":"https:\/\/realidadturistica.com\/realtur\/?s={search_term_string}"},"query-input":{"@type":"PropertyValueSpecification","valueRequired":true,"valueName":"search_term_string"}}],"inLanguage":"es"},{"@type":"Organization","@id":"https:\/\/realidadturistica.com\/realtur\/#organization","name":"Realidad Tur\u00edstica","url":"https:\/\/realidadturistica.com\/realtur\/","logo":{"@type":"ImageObject","inLanguage":"es","@id":"https:\/\/realidadturistica.com\/realtur\/#\/schema\/logo\/image\/","url":"https:\/\/realidadturistica.com\/realtur\/wp-content\/uploads\/2021\/12\/logotipo-realidad-turistica.png","contentUrl":"https:\/\/realidadturistica.com\/realtur\/wp-content\/uploads\/2021\/12\/logotipo-realidad-turistica.png","width":1382,"height":629,"caption":"Realidad Tur\u00edstica"},"image":{"@id":"https:\/\/realidadturistica.com\/realtur\/#\/schema\/logo\/image\/"},"sameAs":["https:\/\/www.facebook.com\/realidadturistica","https:\/\/www.instagram.com\/realidad_turistica\/"]},{"@type":"Person","@id":"https:\/\/realidadturistica.com\/realtur\/#\/schema\/person\/ade671191202490fcf08ab21590de73e","name":"Editor","image":{"@type":"ImageObject","inLanguage":"es","@id":"https:\/\/realidadturistica.com\/realtur\/wp-content\/uploads\/2023\/09\/Editor_avatar_1693668634-96x96.png","url":"https:\/\/realidadturistica.com\/realtur\/wp-content\/uploads\/2023\/09\/Editor_avatar_1693668634-96x96.png","contentUrl":"https:\/\/realidadturistica.com\/realtur\/wp-content\/uploads\/2023\/09\/Editor_avatar_1693668634-96x96.png","caption":"Editor"},"sameAs":["https:\/\/realidadturistica.com\/realtur"],"url":"https:\/\/realidadturistica.com\/realtur\/author\/editor2\/"}]}},"_links":{"self":[{"href":"https:\/\/realidadturistica.com\/realtur\/wp-json\/wp\/v2\/posts\/7874","targetHints":{"allow":["GET"]}}],"collection":[{"href":"https:\/\/realidadturistica.com\/realtur\/wp-json\/wp\/v2\/posts"}],"about":[{"href":"https:\/\/realidadturistica.com\/realtur\/wp-json\/wp\/v2\/types\/post"}],"author":[{"embeddable":true,"href":"https:\/\/realidadturistica.com\/realtur\/wp-json\/wp\/v2\/users\/2"}],"replies":[{"embeddable":true,"href":"https:\/\/realidadturistica.com\/realtur\/wp-json\/wp\/v2\/comments?post=7874"}],"version-history":[{"count":1,"href":"https:\/\/realidadturistica.com\/realtur\/wp-json\/wp\/v2\/posts\/7874\/revisions"}],"predecessor-version":[{"id":7876,"href":"https:\/\/realidadturistica.com\/realtur\/wp-json\/wp\/v2\/posts\/7874\/revisions\/7876"}],"wp:featuredmedia":[{"embeddable":true,"href":"https:\/\/realidadturistica.com\/realtur\/wp-json\/wp\/v2\/media\/7875"}],"wp:attachment":[{"href":"https:\/\/realidadturistica.com\/realtur\/wp-json\/wp\/v2\/media?parent=7874"}],"wp:term":[{"taxonomy":"category","embeddable":true,"href":"https:\/\/realidadturistica.com\/realtur\/wp-json\/wp\/v2\/categories?post=7874"},{"taxonomy":"post_tag","embeddable":true,"href":"https:\/\/realidadturistica.com\/realtur\/wp-json\/wp\/v2\/tags?post=7874"}],"curies":[{"name":"wp","href":"https:\/\/api.w.org\/{rel}","templated":true}]}}